{"id":4550,"date":"2015-07-09T12:31:05","date_gmt":"2015-07-09T12:31:05","guid":{"rendered":""},"modified":"2015-07-09T12:31:05","modified_gmt":"2015-07-09T12:31:05","slug":"la-playa-cristal-y-la-playa-de-la-pixerota-revalidan-las-banderas-azules","status":"publish","type":"post","link":"https:\/\/mont-roig.cat\/es\/actualitat\/noticies\/la-playa-cristal-y-la-playa-de-la-pixerota-revalidan-las-banderas-azules\/","title":{"rendered":"La playa Cristal y la playa de la Pixerota revalidan las Banderas Azules"},"content":{"rendered":"<div class=\"body\">\n<div>\n<p><strong><img decoding=\"async\" alt=\"Bandera Azul 2015 en la playa Cristall\" class=\"requadre\" src=\"http:\/\/mont-roig.cat\/wp-content\/uploads\/dscn6940.jpg\" style=\"width: 300px; height: 225px; margin: 10px; float: right;\" title=\"Bandera Azul 2015 en la playa Cristall\" \/><\/strong><\/p>\n<p><strong>El distintivo certifica la calidad, la accesibilidad y los servicios de estos espacios<\/strong><\/p>\n<p>La Bandera Azul ya ondea en la playa Cristal y en la playa de la Pixerota de Mont-roig y Miami Platja. El acto oficial de izado de este distintivo tuvo lugar ayer al mediod\u00eda en la Playa Cristal y cont\u00f3 con la presencia del alcalde Fran Morancho, concejales del Ayuntamiento, socorristas, Polic\u00eda Local, Mossos de Escuadra y miembros de las empresas municipales.<\/p>\n<p>Las dos playas repiten esta certificaci\u00f3n, reconocida a nivel internacional, que otorga anualmente la Asociaci\u00f3n de Educaci\u00f3n Ambiental y del Consumidor (ADEAC) y la Fundaci\u00f3n de Educaci\u00f3n Ambiental. Se trata de un distintivo que valora y premia las condiciones higi\u00e9nicas, de seguridad, de acceso libre, de atenci\u00f3n a personas con discapacidad y la oferta complementaria de estos espacios.<\/p>\n<p>La obtenci\u00f3n de las Banderas Azules es el resultado del esfuerzo y el trabajo llevado a cabo para mejorar la accesibilidad, la calidad y dotarlas de servicios. De hecho, ya hace semanas que el municipio ha puesto en marcha el dispositivo especial de playas para que todos puedan disfrutar de estos espacios durante la temporada veraniega.<\/p>\n<p>La Playa Cristal cuenta, por ejemplo, con varias duchas, papeleras de recogida selectiva, sanitarios para minusv\u00e1lidos, rampas de acceso para personas con movilidad reducida, torres de vigilancia, carteles informativos, parque infantil, guarder\u00eda de playa, espacio de deportes, oficina de turismo, un canal de entrada y salida de embarcaciones en la Estaci\u00f3n N\u00e1utica, adem\u00e1s de chiringuitos, hamacas, tumbonas, sombrillas, etc. Servicios similares se pueden encontrar en la playa de la Pixerota y en menor medida en el resto de playas del municipio.<\/p>\n<p>Por otra parte, aunque el servicio de limpieza se realiza todo el a\u00f1o, durante los meses de junio, julio, agosto y septiembre, coincidiendo con el buen tiempo y la mayor afluencia de usuarios, estas tareas se intensifican y se llevan a cabo cada d\u00eda de lunes a domingo.<\/p>\n<p>El tractor que se encarga de eliminar las piedras, algas y los desechos de la l\u00ednea de la costa comienza a las 5 de la madrugada. Hora en que comienza tambi\u00e9n otro tractor que se ocupa de nivelar la playa. Seguidamente se incorporan al servicio otro tractor y dos peones encargados de vaciar a mano todas las papeleras y recoger los desechos voluminosos que haya llevado el mar o hayan dejado los usuarios. Todo ello para dejar las playas preparadas para la llegada de los ba\u00f1istas.<\/p>\n<p>El dispositivo especial de playas, sin embargo, comienza semanas antes. Por un lado con la regeneraci\u00f3n de arena en los puntos m\u00e1s castigados por el temporal, (este verano la cala de los Vienesos o cala Casa Lladres, entre otros) y por otro con la reparaci\u00f3n de duchas, la instalaci\u00f3n del balizamiento de la zona de ba\u00f1o, los canales n\u00e1uticos o la adecuaci\u00f3n de las casetas de playa. Unos trabajos de acondicionamiento, sin embargo, que son constantes y se van repitiendo a lo largo del verano.<\/p>\n<\/div>\n<\/div>\n<div class=\"field_noticia_img_portada\">\n<div>Imatge portada<\/div>\n<p><img decoding=\"async\" src=\"http:\/\/mont-roig.cat\/wp-content\/uploads\/dscn6940_0.jpg\" title=\"dscn6940.jpg\" alt=\"dscn6940.jpg\" \/><\/div>\n<div class=\"field_noticia_imatge\">\n<div>Imatges<\/div>\n<p><img decoding=\"async\" src=\"http:\/\/mont-roig.cat\/wp-content\/uploads\/dscn6937.jpg\" title=\"dscn6937.jpg\" alt=\"dscn6937.jpg\" \/><\/div>\n<div class=\"field_noticia_imatge\">\n<div>Imatges<\/div>\n<p><img decoding=\"async\" src=\"http:\/\/mont-roig.cat\/wp-content\/uploads\/dscn6945.jpg\" title=\"dscn6945.jpg\" alt=\"dscn6945.jpg\" \/><\/div>\n<div class=\"field_noticia_imatge\">\n<div>Imatges<\/div>\n<p><img decoding=\"async\" src=\"http:\/\/mont-roig.cat\/wp-content\/uploads\/dscn6956.jpg\" title=\"dscn6956.jpg\" alt=\"dscn6956.jpg\" \/><\/div>\n<div class=\"field_noticia_imatge\">\n<div>Imatges<\/div>\n<p><img decoding=\"async\" src=\"http:\/\/mont-roig.cat\/wp-content\/uploads\/2015-07-01_09.13.50.jpg\" title=\"2015-07-01_09.13.50.jpg\" alt=\"2015-07-01_09.13.50.jpg\" \/><\/div>\n","protected":false},"excerpt":{"rendered":"<p>El distintivo certifica la calidad, la accesibilidad y los servicios de estos espacios La Bandera Azul ya ondea en la playa Cristal y en la playa de la Pixerota de Mont-roig y Miami Platja. El acto oficial de izado de este distintivo tuvo lugar ayer al mediod\u00eda en la Playa Cristal y cont\u00f3 con la [&hellip;]<\/p>\n","protected":false},"author":4,"featured_media":6874,"comment_status":"open","ping_status":"open","sticky":false,"template":"","format":"standard","meta":{"inline_featured_image":false,"_monsterinsights_skip_tracking":false,"_monsterinsights_sitenote_active":false,"_monsterinsights_sitenote_note":"","_monsterinsights_sitenote_category":0,"footnotes":""},"categories":[99],"tags":[],"class_list":["post-4550","post","type-post","status-publish","format-standard","has-post-thumbnail","hentry","category-otros"],"yoast_head":"<!-- This site is optimized with the Yoast SEO plugin v27.4 - https:\/\/yoast.com\/product\/yoast-seo-wordpress\/ -->\n<title>La playa Cristal y la playa de la Pixerota revalidan las Banderas Azules - Ajuntament de Mont-roig del Camp<\/title>\n<meta name=\"robots\" content=\"index, follow, max-snippet:-1, max-image-preview:large, max-video-preview:-1\" \/>\n<link rel=\"canonical\" href=\"https:\/\/mont-roig.cat\/es\/actualitat\/noticies\/la-playa-cristal-y-la-playa-de-la-pixerota-revalidan-las-banderas-azules\/\" \/>\n<meta property=\"og:locale\" content=\"es_ES\" \/>\n<meta property=\"og:type\" content=\"article\" \/>\n<meta property=\"og:title\" content=\"La playa Cristal y la playa de la Pixerota revalidan las Banderas Azules - Ajuntament de Mont-roig del Camp\" \/>\n<meta property=\"og:description\" content=\"El distintivo certifica la calidad, la accesibilidad y los servicios de estos espacios La Bandera Azul ya ondea en la playa Cristal y en la playa de la Pixerota de Mont-roig y Miami Platja. El acto oficial de izado de este distintivo tuvo lugar ayer al mediod\u00eda en la Playa Cristal y cont\u00f3 con la [&hellip;]\" \/>\n<meta property=\"og:url\" content=\"https:\/\/mont-roig.cat\/es\/actualitat\/noticies\/la-playa-cristal-y-la-playa-de-la-pixerota-revalidan-las-banderas-azules\/\" \/>\n<meta property=\"og:site_name\" content=\"Ajuntament de Mont-roig del Camp\" \/>\n<meta property=\"article:published_time\" content=\"2015-07-09T12:31:05+00:00\" \/>\n<meta property=\"og:image\" content=\"https:\/\/mont-roig.cat\/wp-content\/uploads\/dscn6940.jpg\" \/>\n\t<meta property=\"og:image:width\" content=\"3264\" \/>\n\t<meta property=\"og:image:height\" content=\"2448\" \/>\n\t<meta property=\"og:image:type\" content=\"image\/jpeg\" \/>\n<meta name=\"author\" content=\"administrador\" \/>\n<meta name=\"twitter:card\" content=\"summary_large_image\" \/>\n<meta name=\"twitter:label1\" content=\"Escrito por\" \/>\n\t<meta name=\"twitter:data1\" content=\"administrador\" \/>\n\t<meta name=\"twitter:label2\" content=\"Tiempo de lectura\" \/>\n\t<meta name=\"twitter:data2\" content=\"3 minutos\" \/>\n<script type=\"application\/ld+json\" class=\"yoast-schema-graph\">{\"@context\":\"https:\\\/\\\/schema.org\",\"@graph\":[{\"@type\":\"Article\",\"@id\":\"https:\\\/\\\/mont-roig.cat\\\/es\\\/actualitat\\\/noticies\\\/la-playa-cristal-y-la-playa-de-la-pixerota-revalidan-las-banderas-azules\\\/#article\",\"isPartOf\":{\"@id\":\"https:\\\/\\\/mont-roig.cat\\\/es\\\/actualitat\\\/noticies\\\/la-playa-cristal-y-la-playa-de-la-pixerota-revalidan-las-banderas-azules\\\/\"},\"author\":{\"name\":\"administrador\",\"@id\":\"https:\\\/\\\/mont-roig.cat\\\/es\\\/#\\\/schema\\\/person\\\/f2b111789f22b7d0c3bd6786c9128cba\"},\"headline\":\"La playa Cristal y la playa de la Pixerota revalidan las Banderas Azules\",\"datePublished\":\"2015-07-09T12:31:05+00:00\",\"mainEntityOfPage\":{\"@id\":\"https:\\\/\\\/mont-roig.cat\\\/es\\\/actualitat\\\/noticies\\\/la-playa-cristal-y-la-playa-de-la-pixerota-revalidan-las-banderas-azules\\\/\"},\"wordCount\":534,\"commentCount\":0,\"image\":{\"@id\":\"https:\\\/\\\/mont-roig.cat\\\/es\\\/actualitat\\\/noticies\\\/la-playa-cristal-y-la-playa-de-la-pixerota-revalidan-las-banderas-azules\\\/#primaryimage\"},\"thumbnailUrl\":\"https:\\\/\\\/mont-roig.cat\\\/wp-content\\\/uploads\\\/dscn6940.jpg\",\"articleSection\":[\"Otros\"],\"inLanguage\":\"es\"},{\"@type\":\"WebPage\",\"@id\":\"https:\\\/\\\/mont-roig.cat\\\/es\\\/actualitat\\\/noticies\\\/la-playa-cristal-y-la-playa-de-la-pixerota-revalidan-las-banderas-azules\\\/\",\"url\":\"https:\\\/\\\/mont-roig.cat\\\/es\\\/actualitat\\\/noticies\\\/la-playa-cristal-y-la-playa-de-la-pixerota-revalidan-las-banderas-azules\\\/\",\"name\":\"La playa Cristal y la playa de la Pixerota revalidan las Banderas Azules - Ajuntament de Mont-roig del Camp\",\"isPartOf\":{\"@id\":\"https:\\\/\\\/mont-roig.cat\\\/es\\\/#website\"},\"primaryImageOfPage\":{\"@id\":\"https:\\\/\\\/mont-roig.cat\\\/es\\\/actualitat\\\/noticies\\\/la-playa-cristal-y-la-playa-de-la-pixerota-revalidan-las-banderas-azules\\\/#primaryimage\"},\"image\":{\"@id\":\"https:\\\/\\\/mont-roig.cat\\\/es\\\/actualitat\\\/noticies\\\/la-playa-cristal-y-la-playa-de-la-pixerota-revalidan-las-banderas-azules\\\/#primaryimage\"},\"thumbnailUrl\":\"https:\\\/\\\/mont-roig.cat\\\/wp-content\\\/uploads\\\/dscn6940.jpg\",\"datePublished\":\"2015-07-09T12:31:05+00:00\",\"author\":{\"@id\":\"https:\\\/\\\/mont-roig.cat\\\/es\\\/#\\\/schema\\\/person\\\/f2b111789f22b7d0c3bd6786c9128cba\"},\"breadcrumb\":{\"@id\":\"https:\\\/\\\/mont-roig.cat\\\/es\\\/actualitat\\\/noticies\\\/la-playa-cristal-y-la-playa-de-la-pixerota-revalidan-las-banderas-azules\\\/#breadcrumb\"},\"inLanguage\":\"es\",\"potentialAction\":[{\"@type\":\"ReadAction\",\"target\":[\"https:\\\/\\\/mont-roig.cat\\\/es\\\/actualitat\\\/noticies\\\/la-playa-cristal-y-la-playa-de-la-pixerota-revalidan-las-banderas-azules\\\/\"]}]},{\"@type\":\"ImageObject\",\"inLanguage\":\"es\",\"@id\":\"https:\\\/\\\/mont-roig.cat\\\/es\\\/actualitat\\\/noticies\\\/la-playa-cristal-y-la-playa-de-la-pixerota-revalidan-las-banderas-azules\\\/#primaryimage\",\"url\":\"https:\\\/\\\/mont-roig.cat\\\/wp-content\\\/uploads\\\/dscn6940.jpg\",\"contentUrl\":\"https:\\\/\\\/mont-roig.cat\\\/wp-content\\\/uploads\\\/dscn6940.jpg\",\"width\":3264,\"height\":2448},{\"@type\":\"BreadcrumbList\",\"@id\":\"https:\\\/\\\/mont-roig.cat\\\/es\\\/actualitat\\\/noticies\\\/la-playa-cristal-y-la-playa-de-la-pixerota-revalidan-las-banderas-azules\\\/#breadcrumb\",\"itemListElement\":[{\"@type\":\"ListItem\",\"position\":1,\"name\":\"Inici\",\"item\":\"https:\\\/\\\/mont-roig.cat\\\/es\\\/pagina-de-inicio\\\/\"},{\"@type\":\"ListItem\",\"position\":2,\"name\":\"La playa Cristal y la playa de la Pixerota revalidan las Banderas Azules\"}]},{\"@type\":\"WebSite\",\"@id\":\"https:\\\/\\\/mont-roig.cat\\\/es\\\/#website\",\"url\":\"https:\\\/\\\/mont-roig.cat\\\/es\\\/\",\"name\":\"Ajuntament de Mont-roig del Camp\",\"description\":\"Tota la informaci\u00f3 sobre la instituci\u00f3, els seus \u00f2rgans de govern, actualitat, serveis i molt m\u00e9s.\",\"potentialAction\":[{\"@type\":\"SearchAction\",\"target\":{\"@type\":\"EntryPoint\",\"urlTemplate\":\"https:\\\/\\\/mont-roig.cat\\\/es\\\/?s={search_term_string}\"},\"query-input\":{\"@type\":\"PropertyValueSpecification\",\"valueRequired\":true,\"valueName\":\"search_term_string\"}}],\"inLanguage\":\"es\"},{\"@type\":\"Person\",\"@id\":\"https:\\\/\\\/mont-roig.cat\\\/es\\\/#\\\/schema\\\/person\\\/f2b111789f22b7d0c3bd6786c9128cba\",\"name\":\"administrador\",\"image\":{\"@type\":\"ImageObject\",\"inLanguage\":\"es\",\"@id\":\"https:\\\/\\\/secure.gravatar.com\\\/avatar\\\/9137aac6891e2595c9d3036fd83bcb653b4db3c946db4c7d9b9be193c3c944bb?s=96&d=mm&r=g\",\"url\":\"https:\\\/\\\/secure.gravatar.com\\\/avatar\\\/9137aac6891e2595c9d3036fd83bcb653b4db3c946db4c7d9b9be193c3c944bb?s=96&d=mm&r=g\",\"contentUrl\":\"https:\\\/\\\/secure.gravatar.com\\\/avatar\\\/9137aac6891e2595c9d3036fd83bcb653b4db3c946db4c7d9b9be193c3c944bb?s=96&d=mm&r=g\",\"caption\":\"administrador\"},\"url\":\"https:\\\/\\\/mont-roig.cat\\\/es\\\/actualitat\\\/noticies\\\/author\\\/administrador\\\/\"}]}<\/script>\n<!-- \/ Yoast SEO plugin. -->","yoast_head_json":{"title":"La playa Cristal y la playa de la Pixerota revalidan las Banderas Azules - Ajuntament de Mont-roig del Camp","robots":{"index":"index","follow":"follow","max-snippet":"max-snippet:-1","max-image-preview":"max-image-preview:large","max-video-preview":"max-video-preview:-1"},"canonical":"https:\/\/mont-roig.cat\/es\/actualitat\/noticies\/la-playa-cristal-y-la-playa-de-la-pixerota-revalidan-las-banderas-azules\/","og_locale":"es_ES","og_type":"article","og_title":"La playa Cristal y la playa de la Pixerota revalidan las Banderas Azules - Ajuntament de Mont-roig del Camp","og_description":"El distintivo certifica la calidad, la accesibilidad y los servicios de estos espacios La Bandera Azul ya ondea en la playa Cristal y en la playa de la Pixerota de Mont-roig y Miami Platja. El acto oficial de izado de este distintivo tuvo lugar ayer al mediod\u00eda en la Playa Cristal y cont\u00f3 con la [&hellip;]","og_url":"https:\/\/mont-roig.cat\/es\/actualitat\/noticies\/la-playa-cristal-y-la-playa-de-la-pixerota-revalidan-las-banderas-azules\/","og_site_name":"Ajuntament de Mont-roig del Camp","article_published_time":"2015-07-09T12:31:05+00:00","og_image":[{"width":3264,"height":2448,"url":"https:\/\/mont-roig.cat\/wp-content\/uploads\/dscn6940.jpg","type":"image\/jpeg"}],"author":"administrador","twitter_card":"summary_large_image","twitter_misc":{"Escrito por":"administrador","Tiempo de lectura":"3 minutos"},"schema":{"@context":"https:\/\/schema.org","@graph":[{"@type":"Article","@id":"https:\/\/mont-roig.cat\/es\/actualitat\/noticies\/la-playa-cristal-y-la-playa-de-la-pixerota-revalidan-las-banderas-azules\/#article","isPartOf":{"@id":"https:\/\/mont-roig.cat\/es\/actualitat\/noticies\/la-playa-cristal-y-la-playa-de-la-pixerota-revalidan-las-banderas-azules\/"},"author":{"name":"administrador","@id":"https:\/\/mont-roig.cat\/es\/#\/schema\/person\/f2b111789f22b7d0c3bd6786c9128cba"},"headline":"La playa Cristal y la playa de la Pixerota revalidan las Banderas Azules","datePublished":"2015-07-09T12:31:05+00:00","mainEntityOfPage":{"@id":"https:\/\/mont-roig.cat\/es\/actualitat\/noticies\/la-playa-cristal-y-la-playa-de-la-pixerota-revalidan-las-banderas-azules\/"},"wordCount":534,"commentCount":0,"image":{"@id":"https:\/\/mont-roig.cat\/es\/actualitat\/noticies\/la-playa-cristal-y-la-playa-de-la-pixerota-revalidan-las-banderas-azules\/#primaryimage"},"thumbnailUrl":"https:\/\/mont-roig.cat\/wp-content\/uploads\/dscn6940.jpg","articleSection":["Otros"],"inLanguage":"es"},{"@type":"WebPage","@id":"https:\/\/mont-roig.cat\/es\/actualitat\/noticies\/la-playa-cristal-y-la-playa-de-la-pixerota-revalidan-las-banderas-azules\/","url":"https:\/\/mont-roig.cat\/es\/actualitat\/noticies\/la-playa-cristal-y-la-playa-de-la-pixerota-revalidan-las-banderas-azules\/","name":"La playa Cristal y la playa de la Pixerota revalidan las Banderas Azules - Ajuntament de Mont-roig del Camp","isPartOf":{"@id":"https:\/\/mont-roig.cat\/es\/#website"},"primaryImageOfPage":{"@id":"https:\/\/mont-roig.cat\/es\/actualitat\/noticies\/la-playa-cristal-y-la-playa-de-la-pixerota-revalidan-las-banderas-azules\/#primaryimage"},"image":{"@id":"https:\/\/mont-roig.cat\/es\/actualitat\/noticies\/la-playa-cristal-y-la-playa-de-la-pixerota-revalidan-las-banderas-azules\/#primaryimage"},"thumbnailUrl":"https:\/\/mont-roig.cat\/wp-content\/uploads\/dscn6940.jpg","datePublished":"2015-07-09T12:31:05+00:00","author":{"@id":"https:\/\/mont-roig.cat\/es\/#\/schema\/person\/f2b111789f22b7d0c3bd6786c9128cba"},"breadcrumb":{"@id":"https:\/\/mont-roig.cat\/es\/actualitat\/noticies\/la-playa-cristal-y-la-playa-de-la-pixerota-revalidan-las-banderas-azules\/#breadcrumb"},"inLanguage":"es","potentialAction":[{"@type":"ReadAction","target":["https:\/\/mont-roig.cat\/es\/actualitat\/noticies\/la-playa-cristal-y-la-playa-de-la-pixerota-revalidan-las-banderas-azules\/"]}]},{"@type":"ImageObject","inLanguage":"es","@id":"https:\/\/mont-roig.cat\/es\/actualitat\/noticies\/la-playa-cristal-y-la-playa-de-la-pixerota-revalidan-las-banderas-azules\/#primaryimage","url":"https:\/\/mont-roig.cat\/wp-content\/uploads\/dscn6940.jpg","contentUrl":"https:\/\/mont-roig.cat\/wp-content\/uploads\/dscn6940.jpg","width":3264,"height":2448},{"@type":"BreadcrumbList","@id":"https:\/\/mont-roig.cat\/es\/actualitat\/noticies\/la-playa-cristal-y-la-playa-de-la-pixerota-revalidan-las-banderas-azules\/#breadcrumb","itemListElement":[{"@type":"ListItem","position":1,"name":"Inici","item":"https:\/\/mont-roig.cat\/es\/pagina-de-inicio\/"},{"@type":"ListItem","position":2,"name":"La playa Cristal y la playa de la Pixerota revalidan las Banderas Azules"}]},{"@type":"WebSite","@id":"https:\/\/mont-roig.cat\/es\/#website","url":"https:\/\/mont-roig.cat\/es\/","name":"Ajuntament de Mont-roig del Camp","description":"Tota la informaci\u00f3 sobre la instituci\u00f3, els seus \u00f2rgans de govern, actualitat, serveis i molt m\u00e9s.","potentialAction":[{"@type":"SearchAction","target":{"@type":"EntryPoint","urlTemplate":"https:\/\/mont-roig.cat\/es\/?s={search_term_string}"},"query-input":{"@type":"PropertyValueSpecification","valueRequired":true,"valueName":"search_term_string"}}],"inLanguage":"es"},{"@type":"Person","@id":"https:\/\/mont-roig.cat\/es\/#\/schema\/person\/f2b111789f22b7d0c3bd6786c9128cba","name":"administrador","image":{"@type":"ImageObject","inLanguage":"es","@id":"https:\/\/secure.gravatar.com\/avatar\/9137aac6891e2595c9d3036fd83bcb653b4db3c946db4c7d9b9be193c3c944bb?s=96&d=mm&r=g","url":"https:\/\/secure.gravatar.com\/avatar\/9137aac6891e2595c9d3036fd83bcb653b4db3c946db4c7d9b9be193c3c944bb?s=96&d=mm&r=g","contentUrl":"https:\/\/secure.gravatar.com\/avatar\/9137aac6891e2595c9d3036fd83bcb653b4db3c946db4c7d9b9be193c3c944bb?s=96&d=mm&r=g","caption":"administrador"},"url":"https:\/\/mont-roig.cat\/es\/actualitat\/noticies\/author\/administrador\/"}]}},"_links":{"self":[{"href":"https:\/\/mont-roig.cat\/es\/wp-json\/wp\/v2\/posts\/4550","targetHints":{"allow":["GET"]}}],"collection":[{"href":"https:\/\/mont-roig.cat\/es\/wp-json\/wp\/v2\/posts"}],"about":[{"href":"https:\/\/mont-roig.cat\/es\/wp-json\/wp\/v2\/types\/post"}],"author":[{"embeddable":true,"href":"https:\/\/mont-roig.cat\/es\/wp-json\/wp\/v2\/users\/4"}],"replies":[{"embeddable":true,"href":"https:\/\/mont-roig.cat\/es\/wp-json\/wp\/v2\/comments?post=4550"}],"version-history":[{"count":0,"href":"https:\/\/mont-roig.cat\/es\/wp-json\/wp\/v2\/posts\/4550\/revisions"}],"wp:featuredmedia":[{"embeddable":true,"href":"https:\/\/mont-roig.cat\/es\/wp-json\/wp\/v2\/media\/6874"}],"wp:attachment":[{"href":"https:\/\/mont-roig.cat\/es\/wp-json\/wp\/v2\/media?parent=4550"}],"wp:term":[{"taxonomy":"category","embeddable":true,"href":"https:\/\/mont-roig.cat\/es\/wp-json\/wp\/v2\/categories?post=4550"},{"taxonomy":"post_tag","embeddable":true,"href":"https:\/\/mont-roig.cat\/es\/wp-json\/wp\/v2\/tags?post=4550"}],"curies":[{"name":"wp","href":"https:\/\/api.w.org\/{rel}","templated":true}]}}