{"id":45595,"date":"2020-04-17T13:13:45","date_gmt":"2020-04-17T11:13:45","guid":{"rendered":"https:\/\/mont-roig.cat\/?p=45595"},"modified":"2020-04-17T13:14:31","modified_gmt":"2020-04-17T11:14:31","slug":"la-momi-envia-un-mensaje-de-animo-y-agradecimiento-a-los-ninos-y-ninas","status":"publish","type":"post","link":"https:\/\/mont-roig.cat\/es\/actualitat\/noticies\/la-momi-envia-un-mensaje-de-animo-y-agradecimiento-a-los-ninos-y-ninas\/","title":{"rendered":"La Momi env\u00eda un mensaje de \u00e1nimo y agradecimiento a los ni\u00f1os y ni\u00f1as"},"content":{"rendered":"<div class=\"wpb-content-wrapper\">[vc_row][vc_column][vc_column_text]\n<ul>\n<li><strong>El Ayuntamiento de Mont-roig del Camp ha preparado un v\u00eddeo simp\u00e1tico para dar las gracias a los ni\u00f1os y ni\u00f1as del municipio por su comportamiento ejemplar<\/strong><\/li>\n<li><strong>La mascota infantil del municipio es la encargada de explicar a los m\u00e1s peque\u00f1os la importancia de quedarse en casa y les da ideas para hacer m\u00e1s agradable el confinamiento<\/strong><\/li>\n<\/ul>\n<p><a href=\"https:\/\/mont-roig.cat\/wp-content\/uploads\/momi-2.png\"><img loading=\"lazy\" decoding=\"async\" class=\"alignright wp-image-45593\" src=\"https:\/\/mont-roig.cat\/wp-content\/uploads\/momi-2-500x338.png\" alt=\"\" width=\"315\" height=\"213\" srcset=\"https:\/\/mont-roig.cat\/wp-content\/uploads\/momi-2-500x338.png 500w, https:\/\/mont-roig.cat\/wp-content\/uploads\/momi-2-768x519.png 768w, https:\/\/mont-roig.cat\/wp-content\/uploads\/momi-2.png 893w\" sizes=\"auto, (max-width: 315px) 100vw, 315px\" \/><\/a>El Ayuntamiento de Mont-roig del Camp ha preparado un v\u00eddeo simp\u00e1tico para hacer llegar un mensaje de agradecimiento a los ni\u00f1os y ni\u00f1as del municipio. La encargada de darles las gracias es la Momi, la mascota infantil de Mont-roig y Miami Playa que, con sus palabras, los anima y los felicita por su comportamiento ejemplar.<\/p>\n<p>En el v\u00eddeo, la Momi explica su d\u00eda a d\u00eda y da ideas a los ni\u00f1os y ni\u00f1as sobre qu\u00e9 pueden hacer para pasar mejor los d\u00edas de confinamiento; como leer, escribir cuentos e historias, bailar y cantar, ver pel\u00edculas y dibujos animados, jugar con el ordenador, la consola o a juegos de mesa, hacer deberes y estudiar, practicar alg\u00fan deporte, jugar con la mascota e incluso descansar.<\/p>\n<p>Adem\u00e1s, tambi\u00e9n pretende inculcarles una serie de h\u00e1bitos y valores, recalcando la importancia de mantener una buena higiene personal, anim\u00e1ndolos a ayudar a los padres y madres con las tareas de casa y a salir cada d\u00eda a las 20 h a aplaudir para reconocer la tarea que hacen los sanitarios, polic\u00edas, bomberos, personal de supermercado y de limpieza, transportistas, y en general, todas aquellas personas que trabajan para que todo est\u00e9 bien y pronto todos puedan salir a la calle.<\/p>\n<p>El objetivo no es otro, pues, que animar a los m\u00e1s peque\u00f1os de casa a seguir haci\u00e9ndolo tan bien, hacerles saber que la Momi est\u00e1 a su lado en estos momentos tan complicados y que los ni\u00f1os y ni\u00f1as tambi\u00e9n pueden ayudar a detener este virus.[\/vc_column_text][\/vc_column][\/vc_row][vc_row][vc_column][vc_video link=&#8221;https:\/\/youtu.be\/jOSDBux_yiY&#8221; el_width=&#8221;70&#8243; title=&#8221;Mensaje de la Momi&#8221;][\/vc_column][\/vc_row]\n<\/div>","protected":false},"excerpt":{"rendered":"<p>[vc_row][vc_column][vc_column_text] El Ayuntamiento de Mont-roig del Camp ha preparado un v\u00eddeo simp\u00e1tico para dar las gracias a los ni\u00f1os y ni\u00f1as del municipio por su comportamiento ejemplar La mascota infantil del municipio es la encargada de explicar a los m\u00e1s peque\u00f1os la importancia de quedarse en casa y les da ideas para hacer m\u00e1s agradable [&hellip;]<\/p>\n","protected":false},"author":4,"featured_media":45593,"comment_status":"closed","ping_status":"closed","sticky":false,"template":"","format":"standard","meta":{"inline_featured_image":false,"_monsterinsights_skip_tracking":false,"_monsterinsights_sitenote_active":false,"_monsterinsights_sitenote_note":"","_monsterinsights_sitenote_category":0,"footnotes":""},"categories":[98,178,188],"tags":[],"class_list":["post-45595","post","type-post","status-publish","format-standard","has-post-thumbnail","hentry","category-ayuntamiento","category-coronavirus","category-coronavirus-sociales"],"yoast_head":"<!-- This site is optimized with the Yoast SEO plugin v27.4 - https:\/\/yoast.com\/product\/yoast-seo-wordpress\/ -->\n<title>La Momi env\u00eda un mensaje de \u00e1nimo y agradecimiento a los ni\u00f1os y ni\u00f1as - Ajuntament de Mont-roig del Camp<\/title>\n<meta name=\"robots\" content=\"index, follow, max-snippet:-1, max-image-preview:large, max-video-preview:-1\" \/>\n<link rel=\"canonical\" href=\"https:\/\/mont-roig.cat\/es\/actualitat\/noticies\/la-momi-envia-un-mensaje-de-animo-y-agradecimiento-a-los-ninos-y-ninas\/\" \/>\n<meta property=\"og:locale\" content=\"es_ES\" \/>\n<meta property=\"og:type\" content=\"article\" \/>\n<meta property=\"og:title\" content=\"La Momi env\u00eda un mensaje de \u00e1nimo y agradecimiento a los ni\u00f1os y ni\u00f1as - Ajuntament de Mont-roig del Camp\" \/>\n<meta property=\"og:description\" content=\"[vc_row][vc_column][vc_column_text] El Ayuntamiento de Mont-roig del Camp ha preparado un v\u00eddeo simp\u00e1tico para dar las gracias a los ni\u00f1os y ni\u00f1as del municipio por su comportamiento ejemplar La mascota infantil del municipio es la encargada de explicar a los m\u00e1s peque\u00f1os la importancia de quedarse en casa y les da ideas para hacer m\u00e1s agradable [&hellip;]\" \/>\n<meta property=\"og:url\" content=\"https:\/\/mont-roig.cat\/es\/actualitat\/noticies\/la-momi-envia-un-mensaje-de-animo-y-agradecimiento-a-los-ninos-y-ninas\/\" \/>\n<meta property=\"og:site_name\" content=\"Ajuntament de Mont-roig del Camp\" \/>\n<meta property=\"article:published_time\" content=\"2020-04-17T11:13:45+00:00\" \/>\n<meta property=\"article:modified_time\" content=\"2020-04-17T11:14:31+00:00\" \/>\n<meta property=\"og:image\" content=\"https:\/\/mont-roig.cat\/wp-content\/uploads\/momi-2.png\" \/>\n\t<meta property=\"og:image:width\" content=\"893\" \/>\n\t<meta property=\"og:image:height\" content=\"603\" \/>\n\t<meta property=\"og:image:type\" content=\"image\/png\" \/>\n<meta name=\"author\" content=\"administrador\" \/>\n<meta name=\"twitter:card\" content=\"summary_large_image\" \/>\n<meta name=\"twitter:label1\" content=\"Escrito por\" \/>\n\t<meta name=\"twitter:data1\" content=\"administrador\" \/>\n\t<meta name=\"twitter:label2\" content=\"Tiempo de lectura\" \/>\n\t<meta name=\"twitter:data2\" content=\"2 minutos\" \/>\n<script type=\"application\/ld+json\" class=\"yoast-schema-graph\">{\"@context\":\"https:\\\/\\\/schema.org\",\"@graph\":[{\"@type\":\"Article\",\"@id\":\"https:\\\/\\\/mont-roig.cat\\\/es\\\/actualitat\\\/noticies\\\/la-momi-envia-un-mensaje-de-animo-y-agradecimiento-a-los-ninos-y-ninas\\\/#article\",\"isPartOf\":{\"@id\":\"https:\\\/\\\/mont-roig.cat\\\/es\\\/actualitat\\\/noticies\\\/la-momi-envia-un-mensaje-de-animo-y-agradecimiento-a-los-ninos-y-ninas\\\/\"},\"author\":{\"name\":\"administrador\",\"@id\":\"https:\\\/\\\/mont-roig.cat\\\/es\\\/#\\\/schema\\\/person\\\/f2b111789f22b7d0c3bd6786c9128cba\"},\"headline\":\"La Momi env\u00eda un mensaje de \u00e1nimo y agradecimiento a los ni\u00f1os y ni\u00f1as\",\"datePublished\":\"2020-04-17T11:13:45+00:00\",\"dateModified\":\"2020-04-17T11:14:31+00:00\",\"mainEntityOfPage\":{\"@id\":\"https:\\\/\\\/mont-roig.cat\\\/es\\\/actualitat\\\/noticies\\\/la-momi-envia-un-mensaje-de-animo-y-agradecimiento-a-los-ninos-y-ninas\\\/\"},\"wordCount\":390,\"image\":{\"@id\":\"https:\\\/\\\/mont-roig.cat\\\/es\\\/actualitat\\\/noticies\\\/la-momi-envia-un-mensaje-de-animo-y-agradecimiento-a-los-ninos-y-ninas\\\/#primaryimage\"},\"thumbnailUrl\":\"https:\\\/\\\/mont-roig.cat\\\/wp-content\\\/uploads\\\/momi-2.png\",\"articleSection\":[\"Ayuntamiento\",\"Coronavirus\",\"Coronavirus - medidas sociales\"],\"inLanguage\":\"es\"},{\"@type\":\"WebPage\",\"@id\":\"https:\\\/\\\/mont-roig.cat\\\/es\\\/actualitat\\\/noticies\\\/la-momi-envia-un-mensaje-de-animo-y-agradecimiento-a-los-ninos-y-ninas\\\/\",\"url\":\"https:\\\/\\\/mont-roig.cat\\\/es\\\/actualitat\\\/noticies\\\/la-momi-envia-un-mensaje-de-animo-y-agradecimiento-a-los-ninos-y-ninas\\\/\",\"name\":\"La Momi env\u00eda un mensaje de \u00e1nimo y agradecimiento a los ni\u00f1os y ni\u00f1as - Ajuntament de Mont-roig del Camp\",\"isPartOf\":{\"@id\":\"https:\\\/\\\/mont-roig.cat\\\/es\\\/#website\"},\"primaryImageOfPage\":{\"@id\":\"https:\\\/\\\/mont-roig.cat\\\/es\\\/actualitat\\\/noticies\\\/la-momi-envia-un-mensaje-de-animo-y-agradecimiento-a-los-ninos-y-ninas\\\/#primaryimage\"},\"image\":{\"@id\":\"https:\\\/\\\/mont-roig.cat\\\/es\\\/actualitat\\\/noticies\\\/la-momi-envia-un-mensaje-de-animo-y-agradecimiento-a-los-ninos-y-ninas\\\/#primaryimage\"},\"thumbnailUrl\":\"https:\\\/\\\/mont-roig.cat\\\/wp-content\\\/uploads\\\/momi-2.png\",\"datePublished\":\"2020-04-17T11:13:45+00:00\",\"dateModified\":\"2020-04-17T11:14:31+00:00\",\"author\":{\"@id\":\"https:\\\/\\\/mont-roig.cat\\\/es\\\/#\\\/schema\\\/person\\\/f2b111789f22b7d0c3bd6786c9128cba\"},\"breadcrumb\":{\"@id\":\"https:\\\/\\\/mont-roig.cat\\\/es\\\/actualitat\\\/noticies\\\/la-momi-envia-un-mensaje-de-animo-y-agradecimiento-a-los-ninos-y-ninas\\\/#breadcrumb\"},\"inLanguage\":\"es\",\"potentialAction\":[{\"@type\":\"ReadAction\",\"target\":[\"https:\\\/\\\/mont-roig.cat\\\/es\\\/actualitat\\\/noticies\\\/la-momi-envia-un-mensaje-de-animo-y-agradecimiento-a-los-ninos-y-ninas\\\/\"]}]},{\"@type\":\"ImageObject\",\"inLanguage\":\"es\",\"@id\":\"https:\\\/\\\/mont-roig.cat\\\/es\\\/actualitat\\\/noticies\\\/la-momi-envia-un-mensaje-de-animo-y-agradecimiento-a-los-ninos-y-ninas\\\/#primaryimage\",\"url\":\"https:\\\/\\\/mont-roig.cat\\\/wp-content\\\/uploads\\\/momi-2.png\",\"contentUrl\":\"https:\\\/\\\/mont-roig.cat\\\/wp-content\\\/uploads\\\/momi-2.png\",\"width\":893,\"height\":603},{\"@type\":\"BreadcrumbList\",\"@id\":\"https:\\\/\\\/mont-roig.cat\\\/es\\\/actualitat\\\/noticies\\\/la-momi-envia-un-mensaje-de-animo-y-agradecimiento-a-los-ninos-y-ninas\\\/#breadcrumb\",\"itemListElement\":[{\"@type\":\"ListItem\",\"position\":1,\"name\":\"Inici\",\"item\":\"https:\\\/\\\/mont-roig.cat\\\/es\\\/pagina-de-inicio\\\/\"},{\"@type\":\"ListItem\",\"position\":2,\"name\":\"La Momi env\u00eda un mensaje de \u00e1nimo y agradecimiento a los ni\u00f1os y ni\u00f1as\"}]},{\"@type\":\"WebSite\",\"@id\":\"https:\\\/\\\/mont-roig.cat\\\/es\\\/#website\",\"url\":\"https:\\\/\\\/mont-roig.cat\\\/es\\\/\",\"name\":\"Ajuntament de Mont-roig del Camp\",\"description\":\"Tota la informaci\u00f3 sobre la instituci\u00f3, els seus \u00f2rgans de govern, actualitat, serveis i molt m\u00e9s.\",\"potentialAction\":[{\"@type\":\"SearchAction\",\"target\":{\"@type\":\"EntryPoint\",\"urlTemplate\":\"https:\\\/\\\/mont-roig.cat\\\/es\\\/?s={search_term_string}\"},\"query-input\":{\"@type\":\"PropertyValueSpecification\",\"valueRequired\":true,\"valueName\":\"search_term_string\"}}],\"inLanguage\":\"es\"},{\"@type\":\"Person\",\"@id\":\"https:\\\/\\\/mont-roig.cat\\\/es\\\/#\\\/schema\\\/person\\\/f2b111789f22b7d0c3bd6786c9128cba\",\"name\":\"administrador\",\"image\":{\"@type\":\"ImageObject\",\"inLanguage\":\"es\",\"@id\":\"https:\\\/\\\/secure.gravatar.com\\\/avatar\\\/9137aac6891e2595c9d3036fd83bcb653b4db3c946db4c7d9b9be193c3c944bb?s=96&d=mm&r=g\",\"url\":\"https:\\\/\\\/secure.gravatar.com\\\/avatar\\\/9137aac6891e2595c9d3036fd83bcb653b4db3c946db4c7d9b9be193c3c944bb?s=96&d=mm&r=g\",\"contentUrl\":\"https:\\\/\\\/secure.gravatar.com\\\/avatar\\\/9137aac6891e2595c9d3036fd83bcb653b4db3c946db4c7d9b9be193c3c944bb?s=96&d=mm&r=g\",\"caption\":\"administrador\"},\"url\":\"https:\\\/\\\/mont-roig.cat\\\/es\\\/actualitat\\\/noticies\\\/author\\\/administrador\\\/\"}]}<\/script>\n<!-- \/ Yoast SEO plugin. -->","yoast_head_json":{"title":"La Momi env\u00eda un mensaje de \u00e1nimo y agradecimiento a los ni\u00f1os y ni\u00f1as - Ajuntament de Mont-roig del Camp","robots":{"index":"index","follow":"follow","max-snippet":"max-snippet:-1","max-image-preview":"max-image-preview:large","max-video-preview":"max-video-preview:-1"},"canonical":"https:\/\/mont-roig.cat\/es\/actualitat\/noticies\/la-momi-envia-un-mensaje-de-animo-y-agradecimiento-a-los-ninos-y-ninas\/","og_locale":"es_ES","og_type":"article","og_title":"La Momi env\u00eda un mensaje de \u00e1nimo y agradecimiento a los ni\u00f1os y ni\u00f1as - Ajuntament de Mont-roig del Camp","og_description":"[vc_row][vc_column][vc_column_text] El Ayuntamiento de Mont-roig del Camp ha preparado un v\u00eddeo simp\u00e1tico para dar las gracias a los ni\u00f1os y ni\u00f1as del municipio por su comportamiento ejemplar La mascota infantil del municipio es la encargada de explicar a los m\u00e1s peque\u00f1os la importancia de quedarse en casa y les da ideas para hacer m\u00e1s agradable [&hellip;]","og_url":"https:\/\/mont-roig.cat\/es\/actualitat\/noticies\/la-momi-envia-un-mensaje-de-animo-y-agradecimiento-a-los-ninos-y-ninas\/","og_site_name":"Ajuntament de Mont-roig del Camp","article_published_time":"2020-04-17T11:13:45+00:00","article_modified_time":"2020-04-17T11:14:31+00:00","og_image":[{"width":893,"height":603,"url":"https:\/\/mont-roig.cat\/wp-content\/uploads\/momi-2.png","type":"image\/png"}],"author":"administrador","twitter_card":"summary_large_image","twitter_misc":{"Escrito por":"administrador","Tiempo de lectura":"2 minutos"},"schema":{"@context":"https:\/\/schema.org","@graph":[{"@type":"Article","@id":"https:\/\/mont-roig.cat\/es\/actualitat\/noticies\/la-momi-envia-un-mensaje-de-animo-y-agradecimiento-a-los-ninos-y-ninas\/#article","isPartOf":{"@id":"https:\/\/mont-roig.cat\/es\/actualitat\/noticies\/la-momi-envia-un-mensaje-de-animo-y-agradecimiento-a-los-ninos-y-ninas\/"},"author":{"name":"administrador","@id":"https:\/\/mont-roig.cat\/es\/#\/schema\/person\/f2b111789f22b7d0c3bd6786c9128cba"},"headline":"La Momi env\u00eda un mensaje de \u00e1nimo y agradecimiento a los ni\u00f1os y ni\u00f1as","datePublished":"2020-04-17T11:13:45+00:00","dateModified":"2020-04-17T11:14:31+00:00","mainEntityOfPage":{"@id":"https:\/\/mont-roig.cat\/es\/actualitat\/noticies\/la-momi-envia-un-mensaje-de-animo-y-agradecimiento-a-los-ninos-y-ninas\/"},"wordCount":390,"image":{"@id":"https:\/\/mont-roig.cat\/es\/actualitat\/noticies\/la-momi-envia-un-mensaje-de-animo-y-agradecimiento-a-los-ninos-y-ninas\/#primaryimage"},"thumbnailUrl":"https:\/\/mont-roig.cat\/wp-content\/uploads\/momi-2.png","articleSection":["Ayuntamiento","Coronavirus","Coronavirus - medidas sociales"],"inLanguage":"es"},{"@type":"WebPage","@id":"https:\/\/mont-roig.cat\/es\/actualitat\/noticies\/la-momi-envia-un-mensaje-de-animo-y-agradecimiento-a-los-ninos-y-ninas\/","url":"https:\/\/mont-roig.cat\/es\/actualitat\/noticies\/la-momi-envia-un-mensaje-de-animo-y-agradecimiento-a-los-ninos-y-ninas\/","name":"La Momi env\u00eda un mensaje de \u00e1nimo y agradecimiento a los ni\u00f1os y ni\u00f1as - Ajuntament de Mont-roig del Camp","isPartOf":{"@id":"https:\/\/mont-roig.cat\/es\/#website"},"primaryImageOfPage":{"@id":"https:\/\/mont-roig.cat\/es\/actualitat\/noticies\/la-momi-envia-un-mensaje-de-animo-y-agradecimiento-a-los-ninos-y-ninas\/#primaryimage"},"image":{"@id":"https:\/\/mont-roig.cat\/es\/actualitat\/noticies\/la-momi-envia-un-mensaje-de-animo-y-agradecimiento-a-los-ninos-y-ninas\/#primaryimage"},"thumbnailUrl":"https:\/\/mont-roig.cat\/wp-content\/uploads\/momi-2.png","datePublished":"2020-04-17T11:13:45+00:00","dateModified":"2020-04-17T11:14:31+00:00","author":{"@id":"https:\/\/mont-roig.cat\/es\/#\/schema\/person\/f2b111789f22b7d0c3bd6786c9128cba"},"breadcrumb":{"@id":"https:\/\/mont-roig.cat\/es\/actualitat\/noticies\/la-momi-envia-un-mensaje-de-animo-y-agradecimiento-a-los-ninos-y-ninas\/#breadcrumb"},"inLanguage":"es","potentialAction":[{"@type":"ReadAction","target":["https:\/\/mont-roig.cat\/es\/actualitat\/noticies\/la-momi-envia-un-mensaje-de-animo-y-agradecimiento-a-los-ninos-y-ninas\/"]}]},{"@type":"ImageObject","inLanguage":"es","@id":"https:\/\/mont-roig.cat\/es\/actualitat\/noticies\/la-momi-envia-un-mensaje-de-animo-y-agradecimiento-a-los-ninos-y-ninas\/#primaryimage","url":"https:\/\/mont-roig.cat\/wp-content\/uploads\/momi-2.png","contentUrl":"https:\/\/mont-roig.cat\/wp-content\/uploads\/momi-2.png","width":893,"height":603},{"@type":"BreadcrumbList","@id":"https:\/\/mont-roig.cat\/es\/actualitat\/noticies\/la-momi-envia-un-mensaje-de-animo-y-agradecimiento-a-los-ninos-y-ninas\/#breadcrumb","itemListElement":[{"@type":"ListItem","position":1,"name":"Inici","item":"https:\/\/mont-roig.cat\/es\/pagina-de-inicio\/"},{"@type":"ListItem","position":2,"name":"La Momi env\u00eda un mensaje de \u00e1nimo y agradecimiento a los ni\u00f1os y ni\u00f1as"}]},{"@type":"WebSite","@id":"https:\/\/mont-roig.cat\/es\/#website","url":"https:\/\/mont-roig.cat\/es\/","name":"Ajuntament de Mont-roig del Camp","description":"Tota la informaci\u00f3 sobre la instituci\u00f3, els seus \u00f2rgans de govern, actualitat, serveis i molt m\u00e9s.","potentialAction":[{"@type":"SearchAction","target":{"@type":"EntryPoint","urlTemplate":"https:\/\/mont-roig.cat\/es\/?s={search_term_string}"},"query-input":{"@type":"PropertyValueSpecification","valueRequired":true,"valueName":"search_term_string"}}],"inLanguage":"es"},{"@type":"Person","@id":"https:\/\/mont-roig.cat\/es\/#\/schema\/person\/f2b111789f22b7d0c3bd6786c9128cba","name":"administrador","image":{"@type":"ImageObject","inLanguage":"es","@id":"https:\/\/secure.gravatar.com\/avatar\/9137aac6891e2595c9d3036fd83bcb653b4db3c946db4c7d9b9be193c3c944bb?s=96&d=mm&r=g","url":"https:\/\/secure.gravatar.com\/avatar\/9137aac6891e2595c9d3036fd83bcb653b4db3c946db4c7d9b9be193c3c944bb?s=96&d=mm&r=g","contentUrl":"https:\/\/secure.gravatar.com\/avatar\/9137aac6891e2595c9d3036fd83bcb653b4db3c946db4c7d9b9be193c3c944bb?s=96&d=mm&r=g","caption":"administrador"},"url":"https:\/\/mont-roig.cat\/es\/actualitat\/noticies\/author\/administrador\/"}]}},"_links":{"self":[{"href":"https:\/\/mont-roig.cat\/es\/wp-json\/wp\/v2\/posts\/45595","targetHints":{"allow":["GET"]}}],"collection":[{"href":"https:\/\/mont-roig.cat\/es\/wp-json\/wp\/v2\/posts"}],"about":[{"href":"https:\/\/mont-roig.cat\/es\/wp-json\/wp\/v2\/types\/post"}],"author":[{"embeddable":true,"href":"https:\/\/mont-roig.cat\/es\/wp-json\/wp\/v2\/users\/4"}],"replies":[{"embeddable":true,"href":"https:\/\/mont-roig.cat\/es\/wp-json\/wp\/v2\/comments?post=45595"}],"version-history":[{"count":2,"href":"https:\/\/mont-roig.cat\/es\/wp-json\/wp\/v2\/posts\/45595\/revisions"}],"predecessor-version":[{"id":45597,"href":"https:\/\/mont-roig.cat\/es\/wp-json\/wp\/v2\/posts\/45595\/revisions\/45597"}],"wp:featuredmedia":[{"embeddable":true,"href":"https:\/\/mont-roig.cat\/es\/wp-json\/wp\/v2\/media\/45593"}],"wp:attachment":[{"href":"https:\/\/mont-roig.cat\/es\/wp-json\/wp\/v2\/media?parent=45595"}],"wp:term":[{"taxonomy":"category","embeddable":true,"href":"https:\/\/mont-roig.cat\/es\/wp-json\/wp\/v2\/categories?post=45595"},{"taxonomy":"post_tag","embeddable":true,"href":"https:\/\/mont-roig.cat\/es\/wp-json\/wp\/v2\/tags?post=45595"}],"curies":[{"name":"wp","href":"https:\/\/api.w.org\/{rel}","templated":true}]}}