{"id":4563,"date":"2015-07-23T07:57:50","date_gmt":"2015-07-23T07:57:50","guid":{"rendered":""},"modified":"2015-07-23T07:57:50","modified_gmt":"2015-07-23T07:57:50","slug":"empieza-la-fiesta-mayor-de-sant-jaume","status":"publish","type":"post","link":"https:\/\/mont-roig.cat\/es\/actualitat\/noticies\/empieza-la-fiesta-mayor-de-sant-jaume\/","title":{"rendered":"Empieza la Fiesta Mayor de Sant Jaume"},"content":{"rendered":"<div class=\"body\">\n<div>\n<p><strong><img decoding=\"async\" alt=\"Festa Major Sant Jaume 2015\" class=\"requadre\" src=\"http:\/\/mont-roig.cat\/wp-content\/uploads\/cartell_santjaume2015_ok2.jpg\" style=\"width: 300px; height: 423px; margin: 10px; float: right;\" title=\"Festa Major Sant Jaume 2015\" \/><\/strong><\/p>\n<p><strong>Ser\u00e1n 4 d\u00edas con actividades para todos los p\u00fablicos como las ma\u00f1anas infantiles o el Festival Mar M\u00fasic<\/strong><\/p>\n<p>El preg\u00f3n dar\u00e1 inicio, hoy por la noche, a la Fiesta Mayor de Sant Jaume. Los 5 j\u00f3venes del Instituto Antoni Ballester de Miami Platja, premiados con un viaje a Silicon Valley, ser\u00e1n los encargados de abrir 4 d\u00edas de fiestas con actividades para todos los p\u00fablicos. El acto contar\u00e1 con la presencia del alcalde Fran Morancho y el nuevo concejal de fiestas \u00c1ngel Redondo, adem\u00e1s de otras autoridades municipales. Durante la velada no faltar\u00e1 la giganta Lluna Roja y sus <em>Timbalers.<\/em><\/p>\n<p>El Festival de m\u00fasica electr\u00f3nica Mar Music ser\u00e1 uno de los platos fuertes que, este a\u00f1o como novedad, ofrecer\u00e1 dos ambientes, el escenario Beach Zone y el escenario Terraza Club. Djs de renombre como Sergi Domene de Flaix FM ser\u00e1n los encargados de hacer salir el sol la noche del viernes y la noche del s\u00e1bado. Los asistentes tambi\u00e9n podr\u00e1n disfrutar de l\u00e1ser show performance, ciborg robots, fl\u00faor party, barra de mojitos y photo call. El acto cuenta con la colaboraci\u00f3n de la <em>Asociaci\u00f3 Cultural Mitjanit<\/em>.<\/p>\n<p>Los ni\u00f1os y ni\u00f1as tambi\u00e9n tienen un espacio destacado en la Fiesta Mayor con las ma\u00f1anas infantiles. Juegos en formato xxl, hinchables acu\u00e1ticos y la esperada fiesta de la espuma son algunas de las actividades l\u00fadicas que se realizar\u00e1n el s\u00e1bado en la plaza Ja\u00e9n y el domingo en la<em> Pista d&#8217;estiu.<\/em><\/p>\n<p>El programa se completa con la misa en honor a San Jaime y la participaci\u00f3n del Coro rociero &#8220;Arena del Mar&#8221;, actividades deportivas como el<em> buball<\/em> y una master class de <em>ciclo indoor<\/em>, bailes, espect\u00e1culo de revista, tiro al plato, castillos, sardanas o las tradicionales vaquillas.<\/p>\n<p>Los castillo de fuegos artificiales en la playa Cristall, el <em>rom cremat<\/em> y la actuaci\u00f3n de la <em>Asociaci\u00f3 Cultural i Musical Miami Sona<\/em>, el pr\u00f3ximo domingo, a partir de las 22:30h, pondr\u00e1n el punto y final a la Fiesta Mayor Sant Jaume 2015.<\/p>\n<\/div>\n<\/div>\n<div class=\"field_noticia_img_portada\">\n<div>Imatge portada<\/div>\n<p><img decoding=\"async\" src=\"http:\/\/mont-roig.cat\/wp-content\/uploads\/cartell_santjaume2015_ok2_0.jpg\" title=\"cartell_santjaume2015_ok2.jpg\" alt=\"cartell_santjaume2015_ok2.jpg\" \/><\/div>\n","protected":false},"excerpt":{"rendered":"<p>Ser\u00e1n 4 d\u00edas con actividades para todos los p\u00fablicos como las ma\u00f1anas infantiles o el Festival Mar M\u00fasic El preg\u00f3n dar\u00e1 inicio, hoy por la noche, a la Fiesta Mayor de Sant Jaume. Los 5 j\u00f3venes del Instituto Antoni Ballester de Miami Platja, premiados con un viaje a Silicon Valley, ser\u00e1n los encargados de abrir [&hellip;]<\/p>\n","protected":false},"author":4,"featured_media":5658,"comment_status":"open","ping_status":"open","sticky":false,"template":"","format":"standard","meta":{"inline_featured_image":false,"_monsterinsights_skip_tracking":false,"_monsterinsights_sitenote_active":false,"_monsterinsights_sitenote_note":"","_monsterinsights_sitenote_category":0,"footnotes":""},"categories":[105],"tags":[],"class_list":["post-4563","post","type-post","status-publish","format-standard","has-post-thumbnail","hentry","category-fiestas"],"yoast_head":"<!-- This site is optimized with the Yoast SEO plugin v27.4 - https:\/\/yoast.com\/product\/yoast-seo-wordpress\/ -->\n<title>Empieza la Fiesta Mayor de Sant Jaume - Ajuntament de Mont-roig del Camp<\/title>\n<meta name=\"robots\" content=\"index, follow, max-snippet:-1, max-image-preview:large, max-video-preview:-1\" \/>\n<link rel=\"canonical\" href=\"https:\/\/mont-roig.cat\/es\/actualitat\/noticies\/empieza-la-fiesta-mayor-de-sant-jaume\/\" \/>\n<meta property=\"og:locale\" content=\"es_ES\" \/>\n<meta property=\"og:type\" content=\"article\" \/>\n<meta property=\"og:title\" content=\"Empieza la Fiesta Mayor de Sant Jaume - Ajuntament de Mont-roig del Camp\" \/>\n<meta property=\"og:description\" content=\"Ser\u00e1n 4 d\u00edas con actividades para todos los p\u00fablicos como las ma\u00f1anas infantiles o el Festival Mar M\u00fasic El preg\u00f3n dar\u00e1 inicio, hoy por la noche, a la Fiesta Mayor de Sant Jaume. Los 5 j\u00f3venes del Instituto Antoni Ballester de Miami Platja, premiados con un viaje a Silicon Valley, ser\u00e1n los encargados de abrir [&hellip;]\" \/>\n<meta property=\"og:url\" content=\"https:\/\/mont-roig.cat\/es\/actualitat\/noticies\/empieza-la-fiesta-mayor-de-sant-jaume\/\" \/>\n<meta property=\"og:site_name\" content=\"Ajuntament de Mont-roig del Camp\" \/>\n<meta property=\"article:published_time\" content=\"2015-07-23T07:57:50+00:00\" \/>\n<meta property=\"og:image\" content=\"https:\/\/mont-roig.cat\/wp-content\/uploads\/cartell_santjaume2015_ok2.jpg\" \/>\n\t<meta property=\"og:image:width\" content=\"3531\" \/>\n\t<meta property=\"og:image:height\" content=\"4984\" \/>\n\t<meta property=\"og:image:type\" content=\"image\/jpeg\" \/>\n<meta name=\"author\" content=\"administrador\" \/>\n<meta name=\"twitter:card\" content=\"summary_large_image\" \/>\n<meta name=\"twitter:label1\" content=\"Escrito por\" \/>\n\t<meta name=\"twitter:data1\" content=\"administrador\" \/>\n\t<meta name=\"twitter:label2\" content=\"Tiempo de lectura\" \/>\n\t<meta name=\"twitter:data2\" content=\"2 minutos\" \/>\n<script type=\"application\/ld+json\" class=\"yoast-schema-graph\">{\"@context\":\"https:\\\/\\\/schema.org\",\"@graph\":[{\"@type\":\"Article\",\"@id\":\"https:\\\/\\\/mont-roig.cat\\\/es\\\/actualitat\\\/noticies\\\/empieza-la-fiesta-mayor-de-sant-jaume\\\/#article\",\"isPartOf\":{\"@id\":\"https:\\\/\\\/mont-roig.cat\\\/es\\\/actualitat\\\/noticies\\\/empieza-la-fiesta-mayor-de-sant-jaume\\\/\"},\"author\":{\"name\":\"administrador\",\"@id\":\"https:\\\/\\\/mont-roig.cat\\\/es\\\/#\\\/schema\\\/person\\\/f2b111789f22b7d0c3bd6786c9128cba\"},\"headline\":\"Empieza la Fiesta Mayor de Sant Jaume\",\"datePublished\":\"2015-07-23T07:57:50+00:00\",\"mainEntityOfPage\":{\"@id\":\"https:\\\/\\\/mont-roig.cat\\\/es\\\/actualitat\\\/noticies\\\/empieza-la-fiesta-mayor-de-sant-jaume\\\/\"},\"wordCount\":367,\"commentCount\":0,\"image\":{\"@id\":\"https:\\\/\\\/mont-roig.cat\\\/es\\\/actualitat\\\/noticies\\\/empieza-la-fiesta-mayor-de-sant-jaume\\\/#primaryimage\"},\"thumbnailUrl\":\"https:\\\/\\\/mont-roig.cat\\\/wp-content\\\/uploads\\\/cartell_santjaume2015_ok2.jpg\",\"articleSection\":[\"Festes\"],\"inLanguage\":\"es\"},{\"@type\":\"WebPage\",\"@id\":\"https:\\\/\\\/mont-roig.cat\\\/es\\\/actualitat\\\/noticies\\\/empieza-la-fiesta-mayor-de-sant-jaume\\\/\",\"url\":\"https:\\\/\\\/mont-roig.cat\\\/es\\\/actualitat\\\/noticies\\\/empieza-la-fiesta-mayor-de-sant-jaume\\\/\",\"name\":\"Empieza la Fiesta Mayor de Sant Jaume - Ajuntament de Mont-roig del Camp\",\"isPartOf\":{\"@id\":\"https:\\\/\\\/mont-roig.cat\\\/es\\\/#website\"},\"primaryImageOfPage\":{\"@id\":\"https:\\\/\\\/mont-roig.cat\\\/es\\\/actualitat\\\/noticies\\\/empieza-la-fiesta-mayor-de-sant-jaume\\\/#primaryimage\"},\"image\":{\"@id\":\"https:\\\/\\\/mont-roig.cat\\\/es\\\/actualitat\\\/noticies\\\/empieza-la-fiesta-mayor-de-sant-jaume\\\/#primaryimage\"},\"thumbnailUrl\":\"https:\\\/\\\/mont-roig.cat\\\/wp-content\\\/uploads\\\/cartell_santjaume2015_ok2.jpg\",\"datePublished\":\"2015-07-23T07:57:50+00:00\",\"author\":{\"@id\":\"https:\\\/\\\/mont-roig.cat\\\/es\\\/#\\\/schema\\\/person\\\/f2b111789f22b7d0c3bd6786c9128cba\"},\"breadcrumb\":{\"@id\":\"https:\\\/\\\/mont-roig.cat\\\/es\\\/actualitat\\\/noticies\\\/empieza-la-fiesta-mayor-de-sant-jaume\\\/#breadcrumb\"},\"inLanguage\":\"es\",\"potentialAction\":[{\"@type\":\"ReadAction\",\"target\":[\"https:\\\/\\\/mont-roig.cat\\\/es\\\/actualitat\\\/noticies\\\/empieza-la-fiesta-mayor-de-sant-jaume\\\/\"]}]},{\"@type\":\"ImageObject\",\"inLanguage\":\"es\",\"@id\":\"https:\\\/\\\/mont-roig.cat\\\/es\\\/actualitat\\\/noticies\\\/empieza-la-fiesta-mayor-de-sant-jaume\\\/#primaryimage\",\"url\":\"https:\\\/\\\/mont-roig.cat\\\/wp-content\\\/uploads\\\/cartell_santjaume2015_ok2.jpg\",\"contentUrl\":\"https:\\\/\\\/mont-roig.cat\\\/wp-content\\\/uploads\\\/cartell_santjaume2015_ok2.jpg\",\"width\":3531,\"height\":4984},{\"@type\":\"BreadcrumbList\",\"@id\":\"https:\\\/\\\/mont-roig.cat\\\/es\\\/actualitat\\\/noticies\\\/empieza-la-fiesta-mayor-de-sant-jaume\\\/#breadcrumb\",\"itemListElement\":[{\"@type\":\"ListItem\",\"position\":1,\"name\":\"Inici\",\"item\":\"https:\\\/\\\/mont-roig.cat\\\/es\\\/pagina-de-inicio\\\/\"},{\"@type\":\"ListItem\",\"position\":2,\"name\":\"Empieza la Fiesta Mayor de Sant Jaume\"}]},{\"@type\":\"WebSite\",\"@id\":\"https:\\\/\\\/mont-roig.cat\\\/es\\\/#website\",\"url\":\"https:\\\/\\\/mont-roig.cat\\\/es\\\/\",\"name\":\"Ajuntament de Mont-roig del Camp\",\"description\":\"Tota la informaci\u00f3 sobre la instituci\u00f3, els seus \u00f2rgans de govern, actualitat, serveis i molt m\u00e9s.\",\"potentialAction\":[{\"@type\":\"SearchAction\",\"target\":{\"@type\":\"EntryPoint\",\"urlTemplate\":\"https:\\\/\\\/mont-roig.cat\\\/es\\\/?s={search_term_string}\"},\"query-input\":{\"@type\":\"PropertyValueSpecification\",\"valueRequired\":true,\"valueName\":\"search_term_string\"}}],\"inLanguage\":\"es\"},{\"@type\":\"Person\",\"@id\":\"https:\\\/\\\/mont-roig.cat\\\/es\\\/#\\\/schema\\\/person\\\/f2b111789f22b7d0c3bd6786c9128cba\",\"name\":\"administrador\",\"image\":{\"@type\":\"ImageObject\",\"inLanguage\":\"es\",\"@id\":\"https:\\\/\\\/secure.gravatar.com\\\/avatar\\\/9137aac6891e2595c9d3036fd83bcb653b4db3c946db4c7d9b9be193c3c944bb?s=96&d=mm&r=g\",\"url\":\"https:\\\/\\\/secure.gravatar.com\\\/avatar\\\/9137aac6891e2595c9d3036fd83bcb653b4db3c946db4c7d9b9be193c3c944bb?s=96&d=mm&r=g\",\"contentUrl\":\"https:\\\/\\\/secure.gravatar.com\\\/avatar\\\/9137aac6891e2595c9d3036fd83bcb653b4db3c946db4c7d9b9be193c3c944bb?s=96&d=mm&r=g\",\"caption\":\"administrador\"},\"url\":\"https:\\\/\\\/mont-roig.cat\\\/es\\\/actualitat\\\/noticies\\\/author\\\/administrador\\\/\"}]}<\/script>\n<!-- \/ Yoast SEO plugin. -->","yoast_head_json":{"title":"Empieza la Fiesta Mayor de Sant Jaume - Ajuntament de Mont-roig del Camp","robots":{"index":"index","follow":"follow","max-snippet":"max-snippet:-1","max-image-preview":"max-image-preview:large","max-video-preview":"max-video-preview:-1"},"canonical":"https:\/\/mont-roig.cat\/es\/actualitat\/noticies\/empieza-la-fiesta-mayor-de-sant-jaume\/","og_locale":"es_ES","og_type":"article","og_title":"Empieza la Fiesta Mayor de Sant Jaume - Ajuntament de Mont-roig del Camp","og_description":"Ser\u00e1n 4 d\u00edas con actividades para todos los p\u00fablicos como las ma\u00f1anas infantiles o el Festival Mar M\u00fasic El preg\u00f3n dar\u00e1 inicio, hoy por la noche, a la Fiesta Mayor de Sant Jaume. Los 5 j\u00f3venes del Instituto Antoni Ballester de Miami Platja, premiados con un viaje a Silicon Valley, ser\u00e1n los encargados de abrir [&hellip;]","og_url":"https:\/\/mont-roig.cat\/es\/actualitat\/noticies\/empieza-la-fiesta-mayor-de-sant-jaume\/","og_site_name":"Ajuntament de Mont-roig del Camp","article_published_time":"2015-07-23T07:57:50+00:00","og_image":[{"width":3531,"height":4984,"url":"https:\/\/mont-roig.cat\/wp-content\/uploads\/cartell_santjaume2015_ok2.jpg","type":"image\/jpeg"}],"author":"administrador","twitter_card":"summary_large_image","twitter_misc":{"Escrito por":"administrador","Tiempo de lectura":"2 minutos"},"schema":{"@context":"https:\/\/schema.org","@graph":[{"@type":"Article","@id":"https:\/\/mont-roig.cat\/es\/actualitat\/noticies\/empieza-la-fiesta-mayor-de-sant-jaume\/#article","isPartOf":{"@id":"https:\/\/mont-roig.cat\/es\/actualitat\/noticies\/empieza-la-fiesta-mayor-de-sant-jaume\/"},"author":{"name":"administrador","@id":"https:\/\/mont-roig.cat\/es\/#\/schema\/person\/f2b111789f22b7d0c3bd6786c9128cba"},"headline":"Empieza la Fiesta Mayor de Sant Jaume","datePublished":"2015-07-23T07:57:50+00:00","mainEntityOfPage":{"@id":"https:\/\/mont-roig.cat\/es\/actualitat\/noticies\/empieza-la-fiesta-mayor-de-sant-jaume\/"},"wordCount":367,"commentCount":0,"image":{"@id":"https:\/\/mont-roig.cat\/es\/actualitat\/noticies\/empieza-la-fiesta-mayor-de-sant-jaume\/#primaryimage"},"thumbnailUrl":"https:\/\/mont-roig.cat\/wp-content\/uploads\/cartell_santjaume2015_ok2.jpg","articleSection":["Festes"],"inLanguage":"es"},{"@type":"WebPage","@id":"https:\/\/mont-roig.cat\/es\/actualitat\/noticies\/empieza-la-fiesta-mayor-de-sant-jaume\/","url":"https:\/\/mont-roig.cat\/es\/actualitat\/noticies\/empieza-la-fiesta-mayor-de-sant-jaume\/","name":"Empieza la Fiesta Mayor de Sant Jaume - Ajuntament de Mont-roig del Camp","isPartOf":{"@id":"https:\/\/mont-roig.cat\/es\/#website"},"primaryImageOfPage":{"@id":"https:\/\/mont-roig.cat\/es\/actualitat\/noticies\/empieza-la-fiesta-mayor-de-sant-jaume\/#primaryimage"},"image":{"@id":"https:\/\/mont-roig.cat\/es\/actualitat\/noticies\/empieza-la-fiesta-mayor-de-sant-jaume\/#primaryimage"},"thumbnailUrl":"https:\/\/mont-roig.cat\/wp-content\/uploads\/cartell_santjaume2015_ok2.jpg","datePublished":"2015-07-23T07:57:50+00:00","author":{"@id":"https:\/\/mont-roig.cat\/es\/#\/schema\/person\/f2b111789f22b7d0c3bd6786c9128cba"},"breadcrumb":{"@id":"https:\/\/mont-roig.cat\/es\/actualitat\/noticies\/empieza-la-fiesta-mayor-de-sant-jaume\/#breadcrumb"},"inLanguage":"es","potentialAction":[{"@type":"ReadAction","target":["https:\/\/mont-roig.cat\/es\/actualitat\/noticies\/empieza-la-fiesta-mayor-de-sant-jaume\/"]}]},{"@type":"ImageObject","inLanguage":"es","@id":"https:\/\/mont-roig.cat\/es\/actualitat\/noticies\/empieza-la-fiesta-mayor-de-sant-jaume\/#primaryimage","url":"https:\/\/mont-roig.cat\/wp-content\/uploads\/cartell_santjaume2015_ok2.jpg","contentUrl":"https:\/\/mont-roig.cat\/wp-content\/uploads\/cartell_santjaume2015_ok2.jpg","width":3531,"height":4984},{"@type":"BreadcrumbList","@id":"https:\/\/mont-roig.cat\/es\/actualitat\/noticies\/empieza-la-fiesta-mayor-de-sant-jaume\/#breadcrumb","itemListElement":[{"@type":"ListItem","position":1,"name":"Inici","item":"https:\/\/mont-roig.cat\/es\/pagina-de-inicio\/"},{"@type":"ListItem","position":2,"name":"Empieza la Fiesta Mayor de Sant Jaume"}]},{"@type":"WebSite","@id":"https:\/\/mont-roig.cat\/es\/#website","url":"https:\/\/mont-roig.cat\/es\/","name":"Ajuntament de Mont-roig del Camp","description":"Tota la informaci\u00f3 sobre la instituci\u00f3, els seus \u00f2rgans de govern, actualitat, serveis i molt m\u00e9s.","potentialAction":[{"@type":"SearchAction","target":{"@type":"EntryPoint","urlTemplate":"https:\/\/mont-roig.cat\/es\/?s={search_term_string}"},"query-input":{"@type":"PropertyValueSpecification","valueRequired":true,"valueName":"search_term_string"}}],"inLanguage":"es"},{"@type":"Person","@id":"https:\/\/mont-roig.cat\/es\/#\/schema\/person\/f2b111789f22b7d0c3bd6786c9128cba","name":"administrador","image":{"@type":"ImageObject","inLanguage":"es","@id":"https:\/\/secure.gravatar.com\/avatar\/9137aac6891e2595c9d3036fd83bcb653b4db3c946db4c7d9b9be193c3c944bb?s=96&d=mm&r=g","url":"https:\/\/secure.gravatar.com\/avatar\/9137aac6891e2595c9d3036fd83bcb653b4db3c946db4c7d9b9be193c3c944bb?s=96&d=mm&r=g","contentUrl":"https:\/\/secure.gravatar.com\/avatar\/9137aac6891e2595c9d3036fd83bcb653b4db3c946db4c7d9b9be193c3c944bb?s=96&d=mm&r=g","caption":"administrador"},"url":"https:\/\/mont-roig.cat\/es\/actualitat\/noticies\/author\/administrador\/"}]}},"_links":{"self":[{"href":"https:\/\/mont-roig.cat\/es\/wp-json\/wp\/v2\/posts\/4563","targetHints":{"allow":["GET"]}}],"collection":[{"href":"https:\/\/mont-roig.cat\/es\/wp-json\/wp\/v2\/posts"}],"about":[{"href":"https:\/\/mont-roig.cat\/es\/wp-json\/wp\/v2\/types\/post"}],"author":[{"embeddable":true,"href":"https:\/\/mont-roig.cat\/es\/wp-json\/wp\/v2\/users\/4"}],"replies":[{"embeddable":true,"href":"https:\/\/mont-roig.cat\/es\/wp-json\/wp\/v2\/comments?post=4563"}],"version-history":[{"count":0,"href":"https:\/\/mont-roig.cat\/es\/wp-json\/wp\/v2\/posts\/4563\/revisions"}],"wp:featuredmedia":[{"embeddable":true,"href":"https:\/\/mont-roig.cat\/es\/wp-json\/wp\/v2\/media\/5658"}],"wp:attachment":[{"href":"https:\/\/mont-roig.cat\/es\/wp-json\/wp\/v2\/media?parent=4563"}],"wp:term":[{"taxonomy":"category","embeddable":true,"href":"https:\/\/mont-roig.cat\/es\/wp-json\/wp\/v2\/categories?post=4563"},{"taxonomy":"post_tag","embeddable":true,"href":"https:\/\/mont-roig.cat\/es\/wp-json\/wp\/v2\/tags?post=4563"}],"curies":[{"name":"wp","href":"https:\/\/api.w.org\/{rel}","templated":true}]}}