{"id":4590,"date":"2015-09-10T09:39:50","date_gmt":"2015-09-10T09:39:50","guid":{"rendered":""},"modified":"2015-09-10T09:39:50","modified_gmt":"2015-09-10T09:39:50","slug":"se-aprueba-un-reglamento-sobre-el-uso-social-de-los-centros-publicos-de-educacion-infantil-y","status":"publish","type":"post","link":"https:\/\/mont-roig.cat\/es\/actualitat\/noticies\/se-aprueba-un-reglamento-sobre-el-uso-social-de-los-centros-publicos-de-educacion-infantil-y\/","title":{"rendered":"Se aprueba un reglamento sobre el uso social de los centros p\u00fablicos de educaci\u00f3n infantil y primaria del municipio"},"content":{"rendered":"<div class=\"body\">\n<div>\n<p><strong>El objetivo es regular la realizaci\u00f3n de actividades educativas, c\u00edvicas, culturales, deportivas o art\u00edsticas por parte de personas f\u00edsicas o jur\u00eddicas sin \u00e1nimo de lucro, fuera del horario lectivo y durante las vacaciones escolares<img decoding=\"async\" alt=\"Escuela Joan Mir\u00f3 de Miami Platja \" class=\"requadre\" src=\"http:\/\/mont-roig.cat\/wp-content\/uploads\/p1050427.jpg\" style=\"width: 300px; height: 225px; margin: 10px; float: right;\" title=\"Escuela Joan Mir\u00f3 de Miami Platja \" \/><\/strong><\/p>\n<p>Las instalaciones de las escuelas Mare de D\u00e9u de la Roca, Joan Mir\u00f3 y Marcel\u00b7l\u00ed Esquius podr\u00e1n ser utilizadas para realizar actividades, fuera del horario lectivo, de acuerdo con un nuevo reglamento, aprobado inicialmente en el transcurso del Pleno ordinario celebrado este mi\u00e9rcoles.<\/p>\n<p>El nuevo reglamento es una iniciativa de la Concejal\u00eda de Educaci\u00f3n y Formaci\u00f3n del Ayuntamiento de Mont-roig del Camp para regular la utilizaci\u00f3n de los centros p\u00fablicos de educaci\u00f3n infantil y primaria del municipio en horario no lectivo y durante las vacaciones escolares. El reglamento promueve, a su vez, el uso social de estos edificios e instalaciones, pertenecientes al patrimonio p\u00fablico al servicio de la ciudadan\u00eda.<\/p>\n<p>Se trata de unos equipamientos que, por su polivalencia, son aptos para la realizaci\u00f3n de actividades de diversa \u00edndole. Seg\u00fan el concejal de Educaci\u00f3n y Formaci\u00f3n, Enrique L\u00f3pez, la iniciativa pretende tambi\u00e9n favorecer la cohesi\u00f3n social y fortalecer el tejido social del entorno del centro.<\/p>\n<p>De acuerdo con el reglamento, las pistas polideportivas, el patio y el comedor podr\u00e1n ser utilizados con la autorizaci\u00f3n del Ayuntamiento. Por otra parte y debido a sus caracter\u00edsticas, ser\u00e1 necesaria la autorizaci\u00f3n del centro para poder hacer uso del gimnasio, biblioteca, aulas especializadas y otras dependencias.<\/p>\n<p>Las actividades no podr\u00e1n interferir, impedir o dificultar las actividades ordinarias de los centros dentro del horario escolar, incluido el horario lectivo, el interlectivo del mediod\u00eda y el per\u00edodo en que se realicen actividades extraescolares y complementarias aprobadas por el consejo escolar y previstas en la programaci\u00f3n anual del centro. Fuera de estos horarios, el Ayuntamiento podr\u00e1 autorizar actividades en d\u00edas laborables hasta las 22h y en fines de semana, festivos y vacaciones de 9 a 14h y de 16 a 22h.<\/p>\n<p>Por orden de prioridad, podr\u00e1n hacer uso de los centros, las asociaciones de padres y madres, el Ayuntamiento y sus entes dependientes y las personas f\u00edsicas o jur\u00eddicas sin \u00e1nimo de lucro.<\/p>\n<p>Los usuarios, que tendr\u00e1n derecho a hacer uso de las instalaciones de acuerdo con la autorizaci\u00f3n, estar\u00e1n obligados a respetar las normas generales de uso de los centros, abonar la tasa y fianza correspondiente seg\u00fan lo dispongan las ordenanzas fiscales vigentes, respetar y cuidar las instalaciones y los bienes adscritos, responder ante da\u00f1os a terceros, limitarse al espacio autorizado y utilizarlos con la finalidad expresada, entre otros. Adem\u00e1s se deber\u00e1n respetar una serie de normas de uso como la prohibici\u00f3n de fumar o el respeto al descanso de los vecinos.<\/p>\n<p>Las solicitudes para la utilizaci\u00f3n de estos espacios se podr\u00e1n presentar en las Oficinas Municipales de Atenci\u00f3n al Ciudadano y deber\u00e1n incluir fotocopia DNI, documentaci\u00f3n relativa a la entidad y sus fines, seguro de responsabilidad civil, de accidentes, memoria explicativa de la actividad y conformidad de la direcci\u00f3n del centro educativo.<\/p>\n<p>El reglamento estar\u00e1 a exposici\u00f3n p\u00fablica durante 30 d\u00edas mediante anuncio en el Bolet\u00edn Oficial de la Provincia de Tarragona y en el tabl\u00f3n de anuncios de la Corporaci\u00f3n, periodo en el que se podr\u00e1n presentar alegaciones.<\/p>\n<\/div>\n<\/div>\n<div class=\"field_noticia_img_portada\">\n<div>Imatge portada<\/div>\n<p><img decoding=\"async\" src=\"http:\/\/mont-roig.cat\/wp-content\/uploads\/p1050427.jpg\" title=\"p1050427.jpg\" alt=\"p1050427.jpg\" \/><\/div>\n","protected":false},"excerpt":{"rendered":"<p>El objetivo es regular la realizaci\u00f3n de actividades educativas, c\u00edvicas, culturales, deportivas o art\u00edsticas por parte de personas f\u00edsicas o jur\u00eddicas sin \u00e1nimo de lucro, fuera del horario lectivo y durante las vacaciones escolares Las instalaciones de las escuelas Mare de D\u00e9u de la Roca, Joan Mir\u00f3 y Marcel\u00b7l\u00ed Esquius podr\u00e1n ser utilizadas para realizar [&hellip;]<\/p>\n","protected":false},"author":4,"featured_media":7019,"comment_status":"open","ping_status":"open","sticky":false,"template":"","format":"standard","meta":{"inline_featured_image":false,"_monsterinsights_skip_tracking":false,"_monsterinsights_sitenote_active":false,"_monsterinsights_sitenote_note":"","_monsterinsights_sitenote_category":0,"footnotes":""},"categories":[103],"tags":[],"class_list":["post-4590","post","type-post","status-publish","format-standard","has-post-thumbnail","hentry","category-educacion"],"yoast_head":"<!-- This site is optimized with the Yoast SEO plugin v27.4 - https:\/\/yoast.com\/product\/yoast-seo-wordpress\/ -->\n<title>Se aprueba un reglamento sobre el uso social de los centros p\u00fablicos de educaci\u00f3n infantil y primaria del municipio - Ajuntament de Mont-roig del Camp<\/title>\n<meta name=\"robots\" content=\"index, follow, max-snippet:-1, max-image-preview:large, max-video-preview:-1\" \/>\n<link rel=\"canonical\" href=\"https:\/\/mont-roig.cat\/es\/actualitat\/noticies\/se-aprueba-un-reglamento-sobre-el-uso-social-de-los-centros-publicos-de-educacion-infantil-y\/\" \/>\n<meta property=\"og:locale\" content=\"es_ES\" \/>\n<meta property=\"og:type\" content=\"article\" \/>\n<meta property=\"og:title\" content=\"Se aprueba un reglamento sobre el uso social de los centros p\u00fablicos de educaci\u00f3n infantil y primaria del municipio - Ajuntament de Mont-roig del Camp\" \/>\n<meta property=\"og:description\" content=\"El objetivo es regular la realizaci\u00f3n de actividades educativas, c\u00edvicas, culturales, deportivas o art\u00edsticas por parte de personas f\u00edsicas o jur\u00eddicas sin \u00e1nimo de lucro, fuera del horario lectivo y durante las vacaciones escolares Las instalaciones de las escuelas Mare de D\u00e9u de la Roca, Joan Mir\u00f3 y Marcel\u00b7l\u00ed Esquius podr\u00e1n ser utilizadas para realizar [&hellip;]\" \/>\n<meta property=\"og:url\" content=\"https:\/\/mont-roig.cat\/es\/actualitat\/noticies\/se-aprueba-un-reglamento-sobre-el-uso-social-de-los-centros-publicos-de-educacion-infantil-y\/\" \/>\n<meta property=\"og:site_name\" content=\"Ajuntament de Mont-roig del Camp\" \/>\n<meta property=\"article:published_time\" content=\"2015-09-10T09:39:50+00:00\" \/>\n<meta property=\"og:image\" content=\"https:\/\/mont-roig.cat\/wp-content\/uploads\/p1050427.jpg\" \/>\n\t<meta property=\"og:image:width\" content=\"3648\" \/>\n\t<meta property=\"og:image:height\" content=\"2736\" \/>\n\t<meta property=\"og:image:type\" content=\"image\/jpeg\" \/>\n<meta name=\"author\" content=\"administrador\" \/>\n<meta name=\"twitter:card\" content=\"summary_large_image\" \/>\n<meta name=\"twitter:label1\" content=\"Escrito por\" \/>\n\t<meta name=\"twitter:data1\" content=\"administrador\" \/>\n\t<meta name=\"twitter:label2\" content=\"Tiempo de lectura\" \/>\n\t<meta name=\"twitter:data2\" content=\"3 minutos\" \/>\n<script type=\"application\/ld+json\" class=\"yoast-schema-graph\">{\"@context\":\"https:\\\/\\\/schema.org\",\"@graph\":[{\"@type\":\"Article\",\"@id\":\"https:\\\/\\\/mont-roig.cat\\\/es\\\/actualitat\\\/noticies\\\/se-aprueba-un-reglamento-sobre-el-uso-social-de-los-centros-publicos-de-educacion-infantil-y\\\/#article\",\"isPartOf\":{\"@id\":\"https:\\\/\\\/mont-roig.cat\\\/es\\\/actualitat\\\/noticies\\\/se-aprueba-un-reglamento-sobre-el-uso-social-de-los-centros-publicos-de-educacion-infantil-y\\\/\"},\"author\":{\"name\":\"administrador\",\"@id\":\"https:\\\/\\\/mont-roig.cat\\\/es\\\/#\\\/schema\\\/person\\\/f2b111789f22b7d0c3bd6786c9128cba\"},\"headline\":\"Se aprueba un reglamento sobre el uso social de los centros p\u00fablicos de educaci\u00f3n infantil y primaria del municipio\",\"datePublished\":\"2015-09-10T09:39:50+00:00\",\"mainEntityOfPage\":{\"@id\":\"https:\\\/\\\/mont-roig.cat\\\/es\\\/actualitat\\\/noticies\\\/se-aprueba-un-reglamento-sobre-el-uso-social-de-los-centros-publicos-de-educacion-infantil-y\\\/\"},\"wordCount\":604,\"commentCount\":0,\"image\":{\"@id\":\"https:\\\/\\\/mont-roig.cat\\\/es\\\/actualitat\\\/noticies\\\/se-aprueba-un-reglamento-sobre-el-uso-social-de-los-centros-publicos-de-educacion-infantil-y\\\/#primaryimage\"},\"thumbnailUrl\":\"https:\\\/\\\/mont-roig.cat\\\/wp-content\\\/uploads\\\/p1050427.jpg\",\"articleSection\":[\"Educaci\u00f3n\"],\"inLanguage\":\"es\"},{\"@type\":\"WebPage\",\"@id\":\"https:\\\/\\\/mont-roig.cat\\\/es\\\/actualitat\\\/noticies\\\/se-aprueba-un-reglamento-sobre-el-uso-social-de-los-centros-publicos-de-educacion-infantil-y\\\/\",\"url\":\"https:\\\/\\\/mont-roig.cat\\\/es\\\/actualitat\\\/noticies\\\/se-aprueba-un-reglamento-sobre-el-uso-social-de-los-centros-publicos-de-educacion-infantil-y\\\/\",\"name\":\"Se aprueba un reglamento sobre el uso social de los centros p\u00fablicos de educaci\u00f3n infantil y primaria del municipio - Ajuntament de Mont-roig del Camp\",\"isPartOf\":{\"@id\":\"https:\\\/\\\/mont-roig.cat\\\/es\\\/#website\"},\"primaryImageOfPage\":{\"@id\":\"https:\\\/\\\/mont-roig.cat\\\/es\\\/actualitat\\\/noticies\\\/se-aprueba-un-reglamento-sobre-el-uso-social-de-los-centros-publicos-de-educacion-infantil-y\\\/#primaryimage\"},\"image\":{\"@id\":\"https:\\\/\\\/mont-roig.cat\\\/es\\\/actualitat\\\/noticies\\\/se-aprueba-un-reglamento-sobre-el-uso-social-de-los-centros-publicos-de-educacion-infantil-y\\\/#primaryimage\"},\"thumbnailUrl\":\"https:\\\/\\\/mont-roig.cat\\\/wp-content\\\/uploads\\\/p1050427.jpg\",\"datePublished\":\"2015-09-10T09:39:50+00:00\",\"author\":{\"@id\":\"https:\\\/\\\/mont-roig.cat\\\/es\\\/#\\\/schema\\\/person\\\/f2b111789f22b7d0c3bd6786c9128cba\"},\"breadcrumb\":{\"@id\":\"https:\\\/\\\/mont-roig.cat\\\/es\\\/actualitat\\\/noticies\\\/se-aprueba-un-reglamento-sobre-el-uso-social-de-los-centros-publicos-de-educacion-infantil-y\\\/#breadcrumb\"},\"inLanguage\":\"es\",\"potentialAction\":[{\"@type\":\"ReadAction\",\"target\":[\"https:\\\/\\\/mont-roig.cat\\\/es\\\/actualitat\\\/noticies\\\/se-aprueba-un-reglamento-sobre-el-uso-social-de-los-centros-publicos-de-educacion-infantil-y\\\/\"]}]},{\"@type\":\"ImageObject\",\"inLanguage\":\"es\",\"@id\":\"https:\\\/\\\/mont-roig.cat\\\/es\\\/actualitat\\\/noticies\\\/se-aprueba-un-reglamento-sobre-el-uso-social-de-los-centros-publicos-de-educacion-infantil-y\\\/#primaryimage\",\"url\":\"https:\\\/\\\/mont-roig.cat\\\/wp-content\\\/uploads\\\/p1050427.jpg\",\"contentUrl\":\"https:\\\/\\\/mont-roig.cat\\\/wp-content\\\/uploads\\\/p1050427.jpg\",\"width\":3648,\"height\":2736},{\"@type\":\"BreadcrumbList\",\"@id\":\"https:\\\/\\\/mont-roig.cat\\\/es\\\/actualitat\\\/noticies\\\/se-aprueba-un-reglamento-sobre-el-uso-social-de-los-centros-publicos-de-educacion-infantil-y\\\/#breadcrumb\",\"itemListElement\":[{\"@type\":\"ListItem\",\"position\":1,\"name\":\"Inici\",\"item\":\"https:\\\/\\\/mont-roig.cat\\\/es\\\/pagina-de-inicio\\\/\"},{\"@type\":\"ListItem\",\"position\":2,\"name\":\"Se aprueba un reglamento sobre el uso social de los centros p\u00fablicos de educaci\u00f3n infantil y primaria del municipio\"}]},{\"@type\":\"WebSite\",\"@id\":\"https:\\\/\\\/mont-roig.cat\\\/es\\\/#website\",\"url\":\"https:\\\/\\\/mont-roig.cat\\\/es\\\/\",\"name\":\"Ajuntament de Mont-roig del Camp\",\"description\":\"Tota la informaci\u00f3 sobre la instituci\u00f3, els seus \u00f2rgans de govern, actualitat, serveis i molt m\u00e9s.\",\"potentialAction\":[{\"@type\":\"SearchAction\",\"target\":{\"@type\":\"EntryPoint\",\"urlTemplate\":\"https:\\\/\\\/mont-roig.cat\\\/es\\\/?s={search_term_string}\"},\"query-input\":{\"@type\":\"PropertyValueSpecification\",\"valueRequired\":true,\"valueName\":\"search_term_string\"}}],\"inLanguage\":\"es\"},{\"@type\":\"Person\",\"@id\":\"https:\\\/\\\/mont-roig.cat\\\/es\\\/#\\\/schema\\\/person\\\/f2b111789f22b7d0c3bd6786c9128cba\",\"name\":\"administrador\",\"image\":{\"@type\":\"ImageObject\",\"inLanguage\":\"es\",\"@id\":\"https:\\\/\\\/secure.gravatar.com\\\/avatar\\\/9137aac6891e2595c9d3036fd83bcb653b4db3c946db4c7d9b9be193c3c944bb?s=96&d=mm&r=g\",\"url\":\"https:\\\/\\\/secure.gravatar.com\\\/avatar\\\/9137aac6891e2595c9d3036fd83bcb653b4db3c946db4c7d9b9be193c3c944bb?s=96&d=mm&r=g\",\"contentUrl\":\"https:\\\/\\\/secure.gravatar.com\\\/avatar\\\/9137aac6891e2595c9d3036fd83bcb653b4db3c946db4c7d9b9be193c3c944bb?s=96&d=mm&r=g\",\"caption\":\"administrador\"},\"url\":\"https:\\\/\\\/mont-roig.cat\\\/es\\\/actualitat\\\/noticies\\\/author\\\/administrador\\\/\"}]}<\/script>\n<!-- \/ Yoast SEO plugin. -->","yoast_head_json":{"title":"Se aprueba un reglamento sobre el uso social de los centros p\u00fablicos de educaci\u00f3n infantil y primaria del municipio - Ajuntament de Mont-roig del Camp","robots":{"index":"index","follow":"follow","max-snippet":"max-snippet:-1","max-image-preview":"max-image-preview:large","max-video-preview":"max-video-preview:-1"},"canonical":"https:\/\/mont-roig.cat\/es\/actualitat\/noticies\/se-aprueba-un-reglamento-sobre-el-uso-social-de-los-centros-publicos-de-educacion-infantil-y\/","og_locale":"es_ES","og_type":"article","og_title":"Se aprueba un reglamento sobre el uso social de los centros p\u00fablicos de educaci\u00f3n infantil y primaria del municipio - Ajuntament de Mont-roig del Camp","og_description":"El objetivo es regular la realizaci\u00f3n de actividades educativas, c\u00edvicas, culturales, deportivas o art\u00edsticas por parte de personas f\u00edsicas o jur\u00eddicas sin \u00e1nimo de lucro, fuera del horario lectivo y durante las vacaciones escolares Las instalaciones de las escuelas Mare de D\u00e9u de la Roca, Joan Mir\u00f3 y Marcel\u00b7l\u00ed Esquius podr\u00e1n ser utilizadas para realizar [&hellip;]","og_url":"https:\/\/mont-roig.cat\/es\/actualitat\/noticies\/se-aprueba-un-reglamento-sobre-el-uso-social-de-los-centros-publicos-de-educacion-infantil-y\/","og_site_name":"Ajuntament de Mont-roig del Camp","article_published_time":"2015-09-10T09:39:50+00:00","og_image":[{"width":3648,"height":2736,"url":"https:\/\/mont-roig.cat\/wp-content\/uploads\/p1050427.jpg","type":"image\/jpeg"}],"author":"administrador","twitter_card":"summary_large_image","twitter_misc":{"Escrito por":"administrador","Tiempo de lectura":"3 minutos"},"schema":{"@context":"https:\/\/schema.org","@graph":[{"@type":"Article","@id":"https:\/\/mont-roig.cat\/es\/actualitat\/noticies\/se-aprueba-un-reglamento-sobre-el-uso-social-de-los-centros-publicos-de-educacion-infantil-y\/#article","isPartOf":{"@id":"https:\/\/mont-roig.cat\/es\/actualitat\/noticies\/se-aprueba-un-reglamento-sobre-el-uso-social-de-los-centros-publicos-de-educacion-infantil-y\/"},"author":{"name":"administrador","@id":"https:\/\/mont-roig.cat\/es\/#\/schema\/person\/f2b111789f22b7d0c3bd6786c9128cba"},"headline":"Se aprueba un reglamento sobre el uso social de los centros p\u00fablicos de educaci\u00f3n infantil y primaria del municipio","datePublished":"2015-09-10T09:39:50+00:00","mainEntityOfPage":{"@id":"https:\/\/mont-roig.cat\/es\/actualitat\/noticies\/se-aprueba-un-reglamento-sobre-el-uso-social-de-los-centros-publicos-de-educacion-infantil-y\/"},"wordCount":604,"commentCount":0,"image":{"@id":"https:\/\/mont-roig.cat\/es\/actualitat\/noticies\/se-aprueba-un-reglamento-sobre-el-uso-social-de-los-centros-publicos-de-educacion-infantil-y\/#primaryimage"},"thumbnailUrl":"https:\/\/mont-roig.cat\/wp-content\/uploads\/p1050427.jpg","articleSection":["Educaci\u00f3n"],"inLanguage":"es"},{"@type":"WebPage","@id":"https:\/\/mont-roig.cat\/es\/actualitat\/noticies\/se-aprueba-un-reglamento-sobre-el-uso-social-de-los-centros-publicos-de-educacion-infantil-y\/","url":"https:\/\/mont-roig.cat\/es\/actualitat\/noticies\/se-aprueba-un-reglamento-sobre-el-uso-social-de-los-centros-publicos-de-educacion-infantil-y\/","name":"Se aprueba un reglamento sobre el uso social de los centros p\u00fablicos de educaci\u00f3n infantil y primaria del municipio - Ajuntament de Mont-roig del Camp","isPartOf":{"@id":"https:\/\/mont-roig.cat\/es\/#website"},"primaryImageOfPage":{"@id":"https:\/\/mont-roig.cat\/es\/actualitat\/noticies\/se-aprueba-un-reglamento-sobre-el-uso-social-de-los-centros-publicos-de-educacion-infantil-y\/#primaryimage"},"image":{"@id":"https:\/\/mont-roig.cat\/es\/actualitat\/noticies\/se-aprueba-un-reglamento-sobre-el-uso-social-de-los-centros-publicos-de-educacion-infantil-y\/#primaryimage"},"thumbnailUrl":"https:\/\/mont-roig.cat\/wp-content\/uploads\/p1050427.jpg","datePublished":"2015-09-10T09:39:50+00:00","author":{"@id":"https:\/\/mont-roig.cat\/es\/#\/schema\/person\/f2b111789f22b7d0c3bd6786c9128cba"},"breadcrumb":{"@id":"https:\/\/mont-roig.cat\/es\/actualitat\/noticies\/se-aprueba-un-reglamento-sobre-el-uso-social-de-los-centros-publicos-de-educacion-infantil-y\/#breadcrumb"},"inLanguage":"es","potentialAction":[{"@type":"ReadAction","target":["https:\/\/mont-roig.cat\/es\/actualitat\/noticies\/se-aprueba-un-reglamento-sobre-el-uso-social-de-los-centros-publicos-de-educacion-infantil-y\/"]}]},{"@type":"ImageObject","inLanguage":"es","@id":"https:\/\/mont-roig.cat\/es\/actualitat\/noticies\/se-aprueba-un-reglamento-sobre-el-uso-social-de-los-centros-publicos-de-educacion-infantil-y\/#primaryimage","url":"https:\/\/mont-roig.cat\/wp-content\/uploads\/p1050427.jpg","contentUrl":"https:\/\/mont-roig.cat\/wp-content\/uploads\/p1050427.jpg","width":3648,"height":2736},{"@type":"BreadcrumbList","@id":"https:\/\/mont-roig.cat\/es\/actualitat\/noticies\/se-aprueba-un-reglamento-sobre-el-uso-social-de-los-centros-publicos-de-educacion-infantil-y\/#breadcrumb","itemListElement":[{"@type":"ListItem","position":1,"name":"Inici","item":"https:\/\/mont-roig.cat\/es\/pagina-de-inicio\/"},{"@type":"ListItem","position":2,"name":"Se aprueba un reglamento sobre el uso social de los centros p\u00fablicos de educaci\u00f3n infantil y primaria del municipio"}]},{"@type":"WebSite","@id":"https:\/\/mont-roig.cat\/es\/#website","url":"https:\/\/mont-roig.cat\/es\/","name":"Ajuntament de Mont-roig del Camp","description":"Tota la informaci\u00f3 sobre la instituci\u00f3, els seus \u00f2rgans de govern, actualitat, serveis i molt m\u00e9s.","potentialAction":[{"@type":"SearchAction","target":{"@type":"EntryPoint","urlTemplate":"https:\/\/mont-roig.cat\/es\/?s={search_term_string}"},"query-input":{"@type":"PropertyValueSpecification","valueRequired":true,"valueName":"search_term_string"}}],"inLanguage":"es"},{"@type":"Person","@id":"https:\/\/mont-roig.cat\/es\/#\/schema\/person\/f2b111789f22b7d0c3bd6786c9128cba","name":"administrador","image":{"@type":"ImageObject","inLanguage":"es","@id":"https:\/\/secure.gravatar.com\/avatar\/9137aac6891e2595c9d3036fd83bcb653b4db3c946db4c7d9b9be193c3c944bb?s=96&d=mm&r=g","url":"https:\/\/secure.gravatar.com\/avatar\/9137aac6891e2595c9d3036fd83bcb653b4db3c946db4c7d9b9be193c3c944bb?s=96&d=mm&r=g","contentUrl":"https:\/\/secure.gravatar.com\/avatar\/9137aac6891e2595c9d3036fd83bcb653b4db3c946db4c7d9b9be193c3c944bb?s=96&d=mm&r=g","caption":"administrador"},"url":"https:\/\/mont-roig.cat\/es\/actualitat\/noticies\/author\/administrador\/"}]}},"_links":{"self":[{"href":"https:\/\/mont-roig.cat\/es\/wp-json\/wp\/v2\/posts\/4590","targetHints":{"allow":["GET"]}}],"collection":[{"href":"https:\/\/mont-roig.cat\/es\/wp-json\/wp\/v2\/posts"}],"about":[{"href":"https:\/\/mont-roig.cat\/es\/wp-json\/wp\/v2\/types\/post"}],"author":[{"embeddable":true,"href":"https:\/\/mont-roig.cat\/es\/wp-json\/wp\/v2\/users\/4"}],"replies":[{"embeddable":true,"href":"https:\/\/mont-roig.cat\/es\/wp-json\/wp\/v2\/comments?post=4590"}],"version-history":[{"count":0,"href":"https:\/\/mont-roig.cat\/es\/wp-json\/wp\/v2\/posts\/4590\/revisions"}],"wp:featuredmedia":[{"embeddable":true,"href":"https:\/\/mont-roig.cat\/es\/wp-json\/wp\/v2\/media\/7019"}],"wp:attachment":[{"href":"https:\/\/mont-roig.cat\/es\/wp-json\/wp\/v2\/media?parent=4590"}],"wp:term":[{"taxonomy":"category","embeddable":true,"href":"https:\/\/mont-roig.cat\/es\/wp-json\/wp\/v2\/categories?post=4590"},{"taxonomy":"post_tag","embeddable":true,"href":"https:\/\/mont-roig.cat\/es\/wp-json\/wp\/v2\/tags?post=4590"}],"curies":[{"name":"wp","href":"https:\/\/api.w.org\/{rel}","templated":true}]}}