{"id":4598,"date":"2015-09-16T13:13:55","date_gmt":"2015-09-16T13:13:55","guid":{"rendered":""},"modified":"2015-09-16T13:13:55","modified_gmt":"2015-09-16T13:13:55","slug":"el-ayuntamiento-apuesta-por-la-creacion-de-una-via-verde-una-vez-desmantelada-la-via-del","status":"publish","type":"post","link":"https:\/\/mont-roig.cat\/es\/actualitat\/noticies\/el-ayuntamiento-apuesta-por-la-creacion-de-una-via-verde-una-vez-desmantelada-la-via-del\/","title":{"rendered":"El Ayuntamiento apuesta por la creaci\u00f3n de una v\u00eda verde una vez desmantelada la v\u00eda del tren"},"content":{"rendered":"<div class=\"body\">\n<div>\n<p><strong>\u2022 La reuni\u00f3n con el Subdelegado del Gobierno ha permitido confirmar que la infraestructura ferroviaria a su paso por Miami Platja quedar\u00e1 en desuso dentro de unos meses<br \/>\n\u2022 El encuentro, que el Alcalde ha calificado de muy positivo, ha servido tambi\u00e9n para hablar del futuro de la Nacional 340<\/strong><\/p>\n<p><img decoding=\"async\" alt=\"Reuni\u00f3n entre el Subdelegado del Gobierno en Tarragona y el Ayuntamiento de Mont-roig del Camp\" class=\"requadre\" src=\"http:\/\/mont-roig.cat\/wp-content\/uploads\/img_4572.jpg\" style=\"line-height: 1.42857; height: 224px; width: 300px; margin: 10px; float: right;\" title=\"Reuni\u00f3n entre el Subdelegado del Gobierno en Tarragona y el Ayuntamiento de Mont-roig del Camp\" \/><\/p>\n<p>Una representaci\u00f3n del gobierno municipal de Mont-roig del Camp, encabezada por el alcalde Fran Morancho, se ha reunido esta ma\u00f1ana con Jordi Sierra, subdelegado del Gobierno en Tarragona. La reuni\u00f3n, en la que tambi\u00e9n ha asistido el primer y segundo teniente de alcalde, Ferran Pellicer y Juan Gallardo, ha servido para tratar diversas cuestiones relacionadas con las infraestructuras que afectan al municipio y que son de competencia estatal. El Alcalde ha calificado el encuentro de muy positivo y ha destacado el tono cordial y colaborador del Subdelegado.<\/p>\n<p>Uno de los temas que se han puesto sobre la mesa ha sido la v\u00eda del tren a su paso por Miami Platja. En este sentido, el Subdelegado del Gobierno ha confirmado que en los pr\u00f3ximos meses se trasladar\u00e1 definitivamente el tr\u00e1fico ferroviario hacia el Corredor del Mediterr\u00e1neo y la actual v\u00eda del tren que atraviesa el municipio quedar\u00e1 inutilizada. Los tres representantes del Ayuntamiento le han trasladado su voluntad de que la actual v\u00eda quede desmantelada para poder integrarse a la trama urbana y darle as\u00ed un uso de ocio. Una de las posibles soluciones que se han apuntado para la zona desafectada ser\u00eda el uso como v\u00eda verde. Desde la Subdelegaci\u00f3n se ha manifestado la voluntad de hacerlo posible si \u00e9sta es la determinaci\u00f3n del Ayuntamiento.<\/p>\n<p>Por otra parte, el Alcalde y los concejales tambi\u00e9n le han trasladado su preocupaci\u00f3n por el estado de la Nacional 340. La cesi\u00f3n como estaba prevista hace unos a\u00f1os, donde el Ayuntamiento asum\u00eda los 10 kil\u00f3metros a cambio de una dotaci\u00f3n econ\u00f3mica, ya no es posible. Actualmente las condiciones de Fomento han cambiado y las cesiones ya no van acompa\u00f1adas de prestaciones econ\u00f3micas. Ante esta situaci\u00f3n, Sierra se ha ofrecido a mediar con la delegaci\u00f3n en Tarragona de Carreteras del Estado para que el Ayuntamiento pueda negociar alg\u00fan tipo de mejora concreta para dentro y fuera de la trama urbana. Otra opci\u00f3n se\u00f1alada ser\u00eda estudiar la cesi\u00f3n del tramo de carretera que pasa por la zona urbana de Miami Platja. En este sentido, el equipo de gobierno se ha emplazado a seguir trabajando al respecto con los responsables directos de Carreteras del Estado.<\/p>\n<\/div>\n<\/div>\n<div class=\"field_noticia_img_portada\">\n<div>Imatge portada<\/div>\n<p><img decoding=\"async\" src=\"http:\/\/mont-roig.cat\/wp-content\/uploads\/img_4572.jpg\" title=\"img_4572.jpg\" alt=\"img_4572.jpg\" \/><\/div>\n","protected":false},"excerpt":{"rendered":"<p>\u2022 La reuni\u00f3n con el Subdelegado del Gobierno ha permitido confirmar que la infraestructura ferroviaria a su paso por Miami Platja quedar\u00e1 en desuso dentro de unos meses \u2022 El encuentro, que el Alcalde ha calificado de muy positivo, ha servido tambi\u00e9n para hablar del futuro de la Nacional 340 Una representaci\u00f3n del gobierno municipal [&hellip;]<\/p>\n","protected":false},"author":4,"featured_media":7034,"comment_status":"open","ping_status":"open","sticky":false,"template":"","format":"standard","meta":{"inline_featured_image":false,"_monsterinsights_skip_tracking":false,"_monsterinsights_sitenote_active":false,"_monsterinsights_sitenote_note":"","_monsterinsights_sitenote_category":0,"footnotes":""},"categories":[98],"tags":[],"class_list":["post-4598","post","type-post","status-publish","format-standard","has-post-thumbnail","hentry","category-ayuntamiento"],"yoast_head":"<!-- This site is optimized with the Yoast SEO plugin v27.4 - https:\/\/yoast.com\/product\/yoast-seo-wordpress\/ -->\n<title>El Ayuntamiento apuesta por la creaci\u00f3n de una v\u00eda verde una vez desmantelada la v\u00eda del tren - Ajuntament de Mont-roig del Camp<\/title>\n<meta name=\"robots\" content=\"index, follow, max-snippet:-1, max-image-preview:large, max-video-preview:-1\" \/>\n<link rel=\"canonical\" href=\"https:\/\/mont-roig.cat\/es\/actualitat\/noticies\/el-ayuntamiento-apuesta-por-la-creacion-de-una-via-verde-una-vez-desmantelada-la-via-del\/\" \/>\n<meta property=\"og:locale\" content=\"es_ES\" \/>\n<meta property=\"og:type\" content=\"article\" \/>\n<meta property=\"og:title\" content=\"El Ayuntamiento apuesta por la creaci\u00f3n de una v\u00eda verde una vez desmantelada la v\u00eda del tren - Ajuntament de Mont-roig del Camp\" \/>\n<meta property=\"og:description\" content=\"\u2022 La reuni\u00f3n con el Subdelegado del Gobierno ha permitido confirmar que la infraestructura ferroviaria a su paso por Miami Platja quedar\u00e1 en desuso dentro de unos meses \u2022 El encuentro, que el Alcalde ha calificado de muy positivo, ha servido tambi\u00e9n para hablar del futuro de la Nacional 340 Una representaci\u00f3n del gobierno municipal [&hellip;]\" \/>\n<meta property=\"og:url\" content=\"https:\/\/mont-roig.cat\/es\/actualitat\/noticies\/el-ayuntamiento-apuesta-por-la-creacion-de-una-via-verde-una-vez-desmantelada-la-via-del\/\" \/>\n<meta property=\"og:site_name\" content=\"Ajuntament de Mont-roig del Camp\" \/>\n<meta property=\"article:published_time\" content=\"2015-09-16T13:13:55+00:00\" \/>\n<meta property=\"og:image\" content=\"https:\/\/mont-roig.cat\/wp-content\/uploads\/img_4572.jpg\" \/>\n\t<meta property=\"og:image:width\" content=\"2592\" \/>\n\t<meta property=\"og:image:height\" content=\"1936\" \/>\n\t<meta property=\"og:image:type\" content=\"image\/jpeg\" \/>\n<meta name=\"author\" content=\"administrador\" \/>\n<meta name=\"twitter:card\" content=\"summary_large_image\" \/>\n<meta name=\"twitter:label1\" content=\"Escrito por\" \/>\n\t<meta name=\"twitter:data1\" content=\"administrador\" \/>\n\t<meta name=\"twitter:label2\" content=\"Tiempo de lectura\" \/>\n\t<meta name=\"twitter:data2\" content=\"2 minutos\" \/>\n<script type=\"application\/ld+json\" class=\"yoast-schema-graph\">{\"@context\":\"https:\\\/\\\/schema.org\",\"@graph\":[{\"@type\":\"Article\",\"@id\":\"https:\\\/\\\/mont-roig.cat\\\/es\\\/actualitat\\\/noticies\\\/el-ayuntamiento-apuesta-por-la-creacion-de-una-via-verde-una-vez-desmantelada-la-via-del\\\/#article\",\"isPartOf\":{\"@id\":\"https:\\\/\\\/mont-roig.cat\\\/es\\\/actualitat\\\/noticies\\\/el-ayuntamiento-apuesta-por-la-creacion-de-una-via-verde-una-vez-desmantelada-la-via-del\\\/\"},\"author\":{\"name\":\"administrador\",\"@id\":\"https:\\\/\\\/mont-roig.cat\\\/es\\\/#\\\/schema\\\/person\\\/f2b111789f22b7d0c3bd6786c9128cba\"},\"headline\":\"El Ayuntamiento apuesta por la creaci\u00f3n de una v\u00eda verde una vez desmantelada la v\u00eda del tren\",\"datePublished\":\"2015-09-16T13:13:55+00:00\",\"mainEntityOfPage\":{\"@id\":\"https:\\\/\\\/mont-roig.cat\\\/es\\\/actualitat\\\/noticies\\\/el-ayuntamiento-apuesta-por-la-creacion-de-una-via-verde-una-vez-desmantelada-la-via-del\\\/\"},\"wordCount\":458,\"commentCount\":0,\"image\":{\"@id\":\"https:\\\/\\\/mont-roig.cat\\\/es\\\/actualitat\\\/noticies\\\/el-ayuntamiento-apuesta-por-la-creacion-de-una-via-verde-una-vez-desmantelada-la-via-del\\\/#primaryimage\"},\"thumbnailUrl\":\"https:\\\/\\\/mont-roig.cat\\\/wp-content\\\/uploads\\\/img_4572.jpg\",\"articleSection\":[\"Ayuntamiento\"],\"inLanguage\":\"es\"},{\"@type\":\"WebPage\",\"@id\":\"https:\\\/\\\/mont-roig.cat\\\/es\\\/actualitat\\\/noticies\\\/el-ayuntamiento-apuesta-por-la-creacion-de-una-via-verde-una-vez-desmantelada-la-via-del\\\/\",\"url\":\"https:\\\/\\\/mont-roig.cat\\\/es\\\/actualitat\\\/noticies\\\/el-ayuntamiento-apuesta-por-la-creacion-de-una-via-verde-una-vez-desmantelada-la-via-del\\\/\",\"name\":\"El Ayuntamiento apuesta por la creaci\u00f3n de una v\u00eda verde una vez desmantelada la v\u00eda del tren - Ajuntament de Mont-roig del Camp\",\"isPartOf\":{\"@id\":\"https:\\\/\\\/mont-roig.cat\\\/es\\\/#website\"},\"primaryImageOfPage\":{\"@id\":\"https:\\\/\\\/mont-roig.cat\\\/es\\\/actualitat\\\/noticies\\\/el-ayuntamiento-apuesta-por-la-creacion-de-una-via-verde-una-vez-desmantelada-la-via-del\\\/#primaryimage\"},\"image\":{\"@id\":\"https:\\\/\\\/mont-roig.cat\\\/es\\\/actualitat\\\/noticies\\\/el-ayuntamiento-apuesta-por-la-creacion-de-una-via-verde-una-vez-desmantelada-la-via-del\\\/#primaryimage\"},\"thumbnailUrl\":\"https:\\\/\\\/mont-roig.cat\\\/wp-content\\\/uploads\\\/img_4572.jpg\",\"datePublished\":\"2015-09-16T13:13:55+00:00\",\"author\":{\"@id\":\"https:\\\/\\\/mont-roig.cat\\\/es\\\/#\\\/schema\\\/person\\\/f2b111789f22b7d0c3bd6786c9128cba\"},\"breadcrumb\":{\"@id\":\"https:\\\/\\\/mont-roig.cat\\\/es\\\/actualitat\\\/noticies\\\/el-ayuntamiento-apuesta-por-la-creacion-de-una-via-verde-una-vez-desmantelada-la-via-del\\\/#breadcrumb\"},\"inLanguage\":\"es\",\"potentialAction\":[{\"@type\":\"ReadAction\",\"target\":[\"https:\\\/\\\/mont-roig.cat\\\/es\\\/actualitat\\\/noticies\\\/el-ayuntamiento-apuesta-por-la-creacion-de-una-via-verde-una-vez-desmantelada-la-via-del\\\/\"]}]},{\"@type\":\"ImageObject\",\"inLanguage\":\"es\",\"@id\":\"https:\\\/\\\/mont-roig.cat\\\/es\\\/actualitat\\\/noticies\\\/el-ayuntamiento-apuesta-por-la-creacion-de-una-via-verde-una-vez-desmantelada-la-via-del\\\/#primaryimage\",\"url\":\"https:\\\/\\\/mont-roig.cat\\\/wp-content\\\/uploads\\\/img_4572.jpg\",\"contentUrl\":\"https:\\\/\\\/mont-roig.cat\\\/wp-content\\\/uploads\\\/img_4572.jpg\",\"width\":2592,\"height\":1936},{\"@type\":\"BreadcrumbList\",\"@id\":\"https:\\\/\\\/mont-roig.cat\\\/es\\\/actualitat\\\/noticies\\\/el-ayuntamiento-apuesta-por-la-creacion-de-una-via-verde-una-vez-desmantelada-la-via-del\\\/#breadcrumb\",\"itemListElement\":[{\"@type\":\"ListItem\",\"position\":1,\"name\":\"Inici\",\"item\":\"https:\\\/\\\/mont-roig.cat\\\/es\\\/pagina-de-inicio\\\/\"},{\"@type\":\"ListItem\",\"position\":2,\"name\":\"El Ayuntamiento apuesta por la creaci\u00f3n de una v\u00eda verde una vez desmantelada la v\u00eda del tren\"}]},{\"@type\":\"WebSite\",\"@id\":\"https:\\\/\\\/mont-roig.cat\\\/es\\\/#website\",\"url\":\"https:\\\/\\\/mont-roig.cat\\\/es\\\/\",\"name\":\"Ajuntament de Mont-roig del Camp\",\"description\":\"Tota la informaci\u00f3 sobre la instituci\u00f3, els seus \u00f2rgans de govern, actualitat, serveis i molt m\u00e9s.\",\"potentialAction\":[{\"@type\":\"SearchAction\",\"target\":{\"@type\":\"EntryPoint\",\"urlTemplate\":\"https:\\\/\\\/mont-roig.cat\\\/es\\\/?s={search_term_string}\"},\"query-input\":{\"@type\":\"PropertyValueSpecification\",\"valueRequired\":true,\"valueName\":\"search_term_string\"}}],\"inLanguage\":\"es\"},{\"@type\":\"Person\",\"@id\":\"https:\\\/\\\/mont-roig.cat\\\/es\\\/#\\\/schema\\\/person\\\/f2b111789f22b7d0c3bd6786c9128cba\",\"name\":\"administrador\",\"image\":{\"@type\":\"ImageObject\",\"inLanguage\":\"es\",\"@id\":\"https:\\\/\\\/secure.gravatar.com\\\/avatar\\\/9137aac6891e2595c9d3036fd83bcb653b4db3c946db4c7d9b9be193c3c944bb?s=96&d=mm&r=g\",\"url\":\"https:\\\/\\\/secure.gravatar.com\\\/avatar\\\/9137aac6891e2595c9d3036fd83bcb653b4db3c946db4c7d9b9be193c3c944bb?s=96&d=mm&r=g\",\"contentUrl\":\"https:\\\/\\\/secure.gravatar.com\\\/avatar\\\/9137aac6891e2595c9d3036fd83bcb653b4db3c946db4c7d9b9be193c3c944bb?s=96&d=mm&r=g\",\"caption\":\"administrador\"},\"url\":\"https:\\\/\\\/mont-roig.cat\\\/es\\\/actualitat\\\/noticies\\\/author\\\/administrador\\\/\"}]}<\/script>\n<!-- \/ Yoast SEO plugin. -->","yoast_head_json":{"title":"El Ayuntamiento apuesta por la creaci\u00f3n de una v\u00eda verde una vez desmantelada la v\u00eda del tren - Ajuntament de Mont-roig del Camp","robots":{"index":"index","follow":"follow","max-snippet":"max-snippet:-1","max-image-preview":"max-image-preview:large","max-video-preview":"max-video-preview:-1"},"canonical":"https:\/\/mont-roig.cat\/es\/actualitat\/noticies\/el-ayuntamiento-apuesta-por-la-creacion-de-una-via-verde-una-vez-desmantelada-la-via-del\/","og_locale":"es_ES","og_type":"article","og_title":"El Ayuntamiento apuesta por la creaci\u00f3n de una v\u00eda verde una vez desmantelada la v\u00eda del tren - Ajuntament de Mont-roig del Camp","og_description":"\u2022 La reuni\u00f3n con el Subdelegado del Gobierno ha permitido confirmar que la infraestructura ferroviaria a su paso por Miami Platja quedar\u00e1 en desuso dentro de unos meses \u2022 El encuentro, que el Alcalde ha calificado de muy positivo, ha servido tambi\u00e9n para hablar del futuro de la Nacional 340 Una representaci\u00f3n del gobierno municipal [&hellip;]","og_url":"https:\/\/mont-roig.cat\/es\/actualitat\/noticies\/el-ayuntamiento-apuesta-por-la-creacion-de-una-via-verde-una-vez-desmantelada-la-via-del\/","og_site_name":"Ajuntament de Mont-roig del Camp","article_published_time":"2015-09-16T13:13:55+00:00","og_image":[{"width":2592,"height":1936,"url":"https:\/\/mont-roig.cat\/wp-content\/uploads\/img_4572.jpg","type":"image\/jpeg"}],"author":"administrador","twitter_card":"summary_large_image","twitter_misc":{"Escrito por":"administrador","Tiempo de lectura":"2 minutos"},"schema":{"@context":"https:\/\/schema.org","@graph":[{"@type":"Article","@id":"https:\/\/mont-roig.cat\/es\/actualitat\/noticies\/el-ayuntamiento-apuesta-por-la-creacion-de-una-via-verde-una-vez-desmantelada-la-via-del\/#article","isPartOf":{"@id":"https:\/\/mont-roig.cat\/es\/actualitat\/noticies\/el-ayuntamiento-apuesta-por-la-creacion-de-una-via-verde-una-vez-desmantelada-la-via-del\/"},"author":{"name":"administrador","@id":"https:\/\/mont-roig.cat\/es\/#\/schema\/person\/f2b111789f22b7d0c3bd6786c9128cba"},"headline":"El Ayuntamiento apuesta por la creaci\u00f3n de una v\u00eda verde una vez desmantelada la v\u00eda del tren","datePublished":"2015-09-16T13:13:55+00:00","mainEntityOfPage":{"@id":"https:\/\/mont-roig.cat\/es\/actualitat\/noticies\/el-ayuntamiento-apuesta-por-la-creacion-de-una-via-verde-una-vez-desmantelada-la-via-del\/"},"wordCount":458,"commentCount":0,"image":{"@id":"https:\/\/mont-roig.cat\/es\/actualitat\/noticies\/el-ayuntamiento-apuesta-por-la-creacion-de-una-via-verde-una-vez-desmantelada-la-via-del\/#primaryimage"},"thumbnailUrl":"https:\/\/mont-roig.cat\/wp-content\/uploads\/img_4572.jpg","articleSection":["Ayuntamiento"],"inLanguage":"es"},{"@type":"WebPage","@id":"https:\/\/mont-roig.cat\/es\/actualitat\/noticies\/el-ayuntamiento-apuesta-por-la-creacion-de-una-via-verde-una-vez-desmantelada-la-via-del\/","url":"https:\/\/mont-roig.cat\/es\/actualitat\/noticies\/el-ayuntamiento-apuesta-por-la-creacion-de-una-via-verde-una-vez-desmantelada-la-via-del\/","name":"El Ayuntamiento apuesta por la creaci\u00f3n de una v\u00eda verde una vez desmantelada la v\u00eda del tren - Ajuntament de Mont-roig del Camp","isPartOf":{"@id":"https:\/\/mont-roig.cat\/es\/#website"},"primaryImageOfPage":{"@id":"https:\/\/mont-roig.cat\/es\/actualitat\/noticies\/el-ayuntamiento-apuesta-por-la-creacion-de-una-via-verde-una-vez-desmantelada-la-via-del\/#primaryimage"},"image":{"@id":"https:\/\/mont-roig.cat\/es\/actualitat\/noticies\/el-ayuntamiento-apuesta-por-la-creacion-de-una-via-verde-una-vez-desmantelada-la-via-del\/#primaryimage"},"thumbnailUrl":"https:\/\/mont-roig.cat\/wp-content\/uploads\/img_4572.jpg","datePublished":"2015-09-16T13:13:55+00:00","author":{"@id":"https:\/\/mont-roig.cat\/es\/#\/schema\/person\/f2b111789f22b7d0c3bd6786c9128cba"},"breadcrumb":{"@id":"https:\/\/mont-roig.cat\/es\/actualitat\/noticies\/el-ayuntamiento-apuesta-por-la-creacion-de-una-via-verde-una-vez-desmantelada-la-via-del\/#breadcrumb"},"inLanguage":"es","potentialAction":[{"@type":"ReadAction","target":["https:\/\/mont-roig.cat\/es\/actualitat\/noticies\/el-ayuntamiento-apuesta-por-la-creacion-de-una-via-verde-una-vez-desmantelada-la-via-del\/"]}]},{"@type":"ImageObject","inLanguage":"es","@id":"https:\/\/mont-roig.cat\/es\/actualitat\/noticies\/el-ayuntamiento-apuesta-por-la-creacion-de-una-via-verde-una-vez-desmantelada-la-via-del\/#primaryimage","url":"https:\/\/mont-roig.cat\/wp-content\/uploads\/img_4572.jpg","contentUrl":"https:\/\/mont-roig.cat\/wp-content\/uploads\/img_4572.jpg","width":2592,"height":1936},{"@type":"BreadcrumbList","@id":"https:\/\/mont-roig.cat\/es\/actualitat\/noticies\/el-ayuntamiento-apuesta-por-la-creacion-de-una-via-verde-una-vez-desmantelada-la-via-del\/#breadcrumb","itemListElement":[{"@type":"ListItem","position":1,"name":"Inici","item":"https:\/\/mont-roig.cat\/es\/pagina-de-inicio\/"},{"@type":"ListItem","position":2,"name":"El Ayuntamiento apuesta por la creaci\u00f3n de una v\u00eda verde una vez desmantelada la v\u00eda del tren"}]},{"@type":"WebSite","@id":"https:\/\/mont-roig.cat\/es\/#website","url":"https:\/\/mont-roig.cat\/es\/","name":"Ajuntament de Mont-roig del Camp","description":"Tota la informaci\u00f3 sobre la instituci\u00f3, els seus \u00f2rgans de govern, actualitat, serveis i molt m\u00e9s.","potentialAction":[{"@type":"SearchAction","target":{"@type":"EntryPoint","urlTemplate":"https:\/\/mont-roig.cat\/es\/?s={search_term_string}"},"query-input":{"@type":"PropertyValueSpecification","valueRequired":true,"valueName":"search_term_string"}}],"inLanguage":"es"},{"@type":"Person","@id":"https:\/\/mont-roig.cat\/es\/#\/schema\/person\/f2b111789f22b7d0c3bd6786c9128cba","name":"administrador","image":{"@type":"ImageObject","inLanguage":"es","@id":"https:\/\/secure.gravatar.com\/avatar\/9137aac6891e2595c9d3036fd83bcb653b4db3c946db4c7d9b9be193c3c944bb?s=96&d=mm&r=g","url":"https:\/\/secure.gravatar.com\/avatar\/9137aac6891e2595c9d3036fd83bcb653b4db3c946db4c7d9b9be193c3c944bb?s=96&d=mm&r=g","contentUrl":"https:\/\/secure.gravatar.com\/avatar\/9137aac6891e2595c9d3036fd83bcb653b4db3c946db4c7d9b9be193c3c944bb?s=96&d=mm&r=g","caption":"administrador"},"url":"https:\/\/mont-roig.cat\/es\/actualitat\/noticies\/author\/administrador\/"}]}},"_links":{"self":[{"href":"https:\/\/mont-roig.cat\/es\/wp-json\/wp\/v2\/posts\/4598","targetHints":{"allow":["GET"]}}],"collection":[{"href":"https:\/\/mont-roig.cat\/es\/wp-json\/wp\/v2\/posts"}],"about":[{"href":"https:\/\/mont-roig.cat\/es\/wp-json\/wp\/v2\/types\/post"}],"author":[{"embeddable":true,"href":"https:\/\/mont-roig.cat\/es\/wp-json\/wp\/v2\/users\/4"}],"replies":[{"embeddable":true,"href":"https:\/\/mont-roig.cat\/es\/wp-json\/wp\/v2\/comments?post=4598"}],"version-history":[{"count":0,"href":"https:\/\/mont-roig.cat\/es\/wp-json\/wp\/v2\/posts\/4598\/revisions"}],"wp:featuredmedia":[{"embeddable":true,"href":"https:\/\/mont-roig.cat\/es\/wp-json\/wp\/v2\/media\/7034"}],"wp:attachment":[{"href":"https:\/\/mont-roig.cat\/es\/wp-json\/wp\/v2\/media?parent=4598"}],"wp:term":[{"taxonomy":"category","embeddable":true,"href":"https:\/\/mont-roig.cat\/es\/wp-json\/wp\/v2\/categories?post=4598"},{"taxonomy":"post_tag","embeddable":true,"href":"https:\/\/mont-roig.cat\/es\/wp-json\/wp\/v2\/tags?post=4598"}],"curies":[{"name":"wp","href":"https:\/\/api.w.org\/{rel}","templated":true}]}}