{"id":4603,"date":"2015-09-18T10:27:02","date_gmt":"2015-09-18T10:27:02","guid":{"rendered":""},"modified":"2015-09-18T10:27:02","modified_gmt":"2015-09-18T10:27:02","slug":"una-comision-velara-para-que-la-contratacion-de-nuevo-personal-en-el-ayuntamiento-y-las","status":"publish","type":"post","link":"https:\/\/mont-roig.cat\/es\/actualitat\/noticies\/una-comision-velara-para-que-la-contratacion-de-nuevo-personal-en-el-ayuntamiento-y-las\/","title":{"rendered":"Una comisi\u00f3n velar\u00e1 para que la contrataci\u00f3n de nuevo personal en el Ayuntamiento y las empresas municipales sea transparente"},"content":{"rendered":"<div class=\"body\">\n<div>\n<ul>\n<li><strong>Mont-roig del Camp pone en marcha una iniciativa pionera que abre a la participaci\u00f3n los procesos de selecci\u00f3n de personal municipal<\/strong><\/li>\n<li><strong>La nueva&nbsp;comisi\u00f3n de trabajo est\u00e1 formada por el Alcalde, un representante de todos los grupos municipales, representantes de los trabajadores municipales y ciudadanos escogidos al azar<\/strong><\/li>\n<\/ul>\n<p><strong><img decoding=\"async\" alt=\"Ayuntamiento de Mont-roig del Camp\" class=\"requadre\" src=\"http:\/\/mont-roig.cat\/wp-content\/uploads\/img_2084.jpg\" style=\"line-height: 1.42857; height: 200px; font-weight: normal; width: 300px; margin: 10px; float: right;\" title=\"Ayuntamiento de Mont-roig del Camp\" \/><\/strong><\/p>\n<p>El Ayuntamiento de Mont-roig del Camp ha puesto en marcha esta semana la Comisi\u00f3n de Recursos Humanos municipal. Se trata de una iniciativa pionera que aportar\u00e1 transparencia en los procesos de selecci\u00f3n de personal del consistorio y las 3 empresas municipales.<\/p>\n<p>La Comisi\u00f3n est\u00e1 formada por el Alcalde, un representante de todos los grupos municipales con representaci\u00f3n en el consistorio, cuatro representantes de los trabajadores municipales (uno del Ayuntamiento, uno de EMOMSA, uno de EMSA y uno Nostraigua), cuatro ciudadanos escogidos al azar, el secretario municipal y la responsable de Recursos Humanos del Ayuntamiento. Los ciudadanos han sido escogidos mediante sorteo, buscando una representaci\u00f3n equilibrada entre las diversas zonas del municipio, Mont-roig, Miami Platja y las urbanizaciones.<\/p>\n<p>El objetivo de la Comisi\u00f3n es incrementar la participaci\u00f3n ciudadana y la transparencia, como medidas destinadas a una mejora global de la gesti\u00f3n p\u00fablica municipal. Se trata pues, de un mecanismo de prevenci\u00f3n saludable, di\u00e1fano y de fomento del gobierno abierto.<\/p>\n<p>Sus funciones ser\u00e1n las de valorar las propuestas relativas a recursos humanos del Ayuntamiento, de las empresas p\u00fablicas municipales EMOMSA y EMSA y del ente p\u00fablico empresarial Nostraigua. En este sentido, la Comisi\u00f3n conocer\u00e1 de primera mano las necesidades de personal, podr\u00e1 valorar las bases de los procesos de selecci\u00f3n y participar en su elaboraci\u00f3n, adem\u00e1s de realizar sus aportaciones o sugerencias en los asuntos tratados.<\/p>\n<p>La Comisi\u00f3n no ser\u00e1 la encargada de seleccionar las personas, pues esto est\u00e1 regulado por la Ley 7\/2007 del Estatuto B\u00e1sico del Empleado P\u00fablico, pero s\u00ed podr\u00e1 velar por el proceso de selecci\u00f3n. Por lo tanto, estar\u00e1 presente y podr\u00e1 hacer un control desde que se decida que hay unas necesidades de personal hasta que el tribunal haga p\u00fablica la resoluci\u00f3n de la persona que ha obtenido el puesto de trabajo.<\/p>\n<\/div>\n<\/div>\n<div class=\"field_noticia_img_portada\">\n<div>Imatge portada<\/div>\n<p><img decoding=\"async\" src=\"http:\/\/mont-roig.cat\/wp-content\/uploads\/img_2084.jpg\" title=\"img_2084.jpg\" alt=\"img_2084.jpg\" \/><\/div>\n","protected":false},"excerpt":{"rendered":"<p>Mont-roig del Camp pone en marcha una iniciativa pionera que abre a la participaci\u00f3n los procesos de selecci\u00f3n de personal municipal La nueva&nbsp;comisi\u00f3n de trabajo est\u00e1 formada por el Alcalde, un representante de todos los grupos municipales, representantes de los trabajadores municipales y ciudadanos escogidos al azar El Ayuntamiento de Mont-roig del Camp ha puesto [&hellip;]<\/p>\n","protected":false},"author":4,"featured_media":7041,"comment_status":"open","ping_status":"open","sticky":false,"template":"","format":"standard","meta":{"inline_featured_image":false,"_monsterinsights_skip_tracking":false,"_monsterinsights_sitenote_active":false,"_monsterinsights_sitenote_note":"","_monsterinsights_sitenote_category":0,"footnotes":""},"categories":[98],"tags":[],"class_list":["post-4603","post","type-post","status-publish","format-standard","has-post-thumbnail","hentry","category-ayuntamiento"],"yoast_head":"<!-- This site is optimized with the Yoast SEO plugin v27.4 - https:\/\/yoast.com\/product\/yoast-seo-wordpress\/ -->\n<title>Una comisi\u00f3n velar\u00e1 para que la contrataci\u00f3n de nuevo personal en el Ayuntamiento y las empresas municipales sea transparente - Ajuntament de Mont-roig del Camp<\/title>\n<meta name=\"robots\" content=\"index, follow, max-snippet:-1, max-image-preview:large, max-video-preview:-1\" \/>\n<link rel=\"canonical\" href=\"https:\/\/mont-roig.cat\/es\/actualitat\/noticies\/una-comision-velara-para-que-la-contratacion-de-nuevo-personal-en-el-ayuntamiento-y-las\/\" \/>\n<meta property=\"og:locale\" content=\"es_ES\" \/>\n<meta property=\"og:type\" content=\"article\" \/>\n<meta property=\"og:title\" content=\"Una comisi\u00f3n velar\u00e1 para que la contrataci\u00f3n de nuevo personal en el Ayuntamiento y las empresas municipales sea transparente - Ajuntament de Mont-roig del Camp\" \/>\n<meta property=\"og:description\" content=\"Mont-roig del Camp pone en marcha una iniciativa pionera que abre a la participaci\u00f3n los procesos de selecci\u00f3n de personal municipal La nueva&nbsp;comisi\u00f3n de trabajo est\u00e1 formada por el Alcalde, un representante de todos los grupos municipales, representantes de los trabajadores municipales y ciudadanos escogidos al azar El Ayuntamiento de Mont-roig del Camp ha puesto [&hellip;]\" \/>\n<meta property=\"og:url\" content=\"https:\/\/mont-roig.cat\/es\/actualitat\/noticies\/una-comision-velara-para-que-la-contratacion-de-nuevo-personal-en-el-ayuntamiento-y-las\/\" \/>\n<meta property=\"og:site_name\" content=\"Ajuntament de Mont-roig del Camp\" \/>\n<meta property=\"article:published_time\" content=\"2015-09-18T10:27:02+00:00\" \/>\n<meta property=\"og:image\" content=\"https:\/\/mont-roig.cat\/wp-content\/uploads\/img_2084.jpg\" \/>\n\t<meta property=\"og:image:width\" content=\"3072\" \/>\n\t<meta property=\"og:image:height\" content=\"2048\" \/>\n\t<meta property=\"og:image:type\" content=\"image\/jpeg\" \/>\n<meta name=\"author\" content=\"administrador\" \/>\n<meta name=\"twitter:card\" content=\"summary_large_image\" \/>\n<meta name=\"twitter:label1\" content=\"Escrito por\" \/>\n\t<meta name=\"twitter:data1\" content=\"administrador\" \/>\n\t<meta name=\"twitter:label2\" content=\"Tiempo de lectura\" \/>\n\t<meta name=\"twitter:data2\" content=\"2 minutos\" \/>\n<script type=\"application\/ld+json\" class=\"yoast-schema-graph\">{\"@context\":\"https:\\\/\\\/schema.org\",\"@graph\":[{\"@type\":\"Article\",\"@id\":\"https:\\\/\\\/mont-roig.cat\\\/es\\\/actualitat\\\/noticies\\\/una-comision-velara-para-que-la-contratacion-de-nuevo-personal-en-el-ayuntamiento-y-las\\\/#article\",\"isPartOf\":{\"@id\":\"https:\\\/\\\/mont-roig.cat\\\/es\\\/actualitat\\\/noticies\\\/una-comision-velara-para-que-la-contratacion-de-nuevo-personal-en-el-ayuntamiento-y-las\\\/\"},\"author\":{\"name\":\"administrador\",\"@id\":\"https:\\\/\\\/mont-roig.cat\\\/es\\\/#\\\/schema\\\/person\\\/f2b111789f22b7d0c3bd6786c9128cba\"},\"headline\":\"Una comisi\u00f3n velar\u00e1 para que la contrataci\u00f3n de nuevo personal en el Ayuntamiento y las empresas municipales sea transparente\",\"datePublished\":\"2015-09-18T10:27:02+00:00\",\"mainEntityOfPage\":{\"@id\":\"https:\\\/\\\/mont-roig.cat\\\/es\\\/actualitat\\\/noticies\\\/una-comision-velara-para-que-la-contratacion-de-nuevo-personal-en-el-ayuntamiento-y-las\\\/\"},\"wordCount\":392,\"commentCount\":0,\"image\":{\"@id\":\"https:\\\/\\\/mont-roig.cat\\\/es\\\/actualitat\\\/noticies\\\/una-comision-velara-para-que-la-contratacion-de-nuevo-personal-en-el-ayuntamiento-y-las\\\/#primaryimage\"},\"thumbnailUrl\":\"https:\\\/\\\/mont-roig.cat\\\/wp-content\\\/uploads\\\/img_2084.jpg\",\"articleSection\":[\"Ayuntamiento\"],\"inLanguage\":\"es\"},{\"@type\":\"WebPage\",\"@id\":\"https:\\\/\\\/mont-roig.cat\\\/es\\\/actualitat\\\/noticies\\\/una-comision-velara-para-que-la-contratacion-de-nuevo-personal-en-el-ayuntamiento-y-las\\\/\",\"url\":\"https:\\\/\\\/mont-roig.cat\\\/es\\\/actualitat\\\/noticies\\\/una-comision-velara-para-que-la-contratacion-de-nuevo-personal-en-el-ayuntamiento-y-las\\\/\",\"name\":\"Una comisi\u00f3n velar\u00e1 para que la contrataci\u00f3n de nuevo personal en el Ayuntamiento y las empresas municipales sea transparente - Ajuntament de Mont-roig del Camp\",\"isPartOf\":{\"@id\":\"https:\\\/\\\/mont-roig.cat\\\/es\\\/#website\"},\"primaryImageOfPage\":{\"@id\":\"https:\\\/\\\/mont-roig.cat\\\/es\\\/actualitat\\\/noticies\\\/una-comision-velara-para-que-la-contratacion-de-nuevo-personal-en-el-ayuntamiento-y-las\\\/#primaryimage\"},\"image\":{\"@id\":\"https:\\\/\\\/mont-roig.cat\\\/es\\\/actualitat\\\/noticies\\\/una-comision-velara-para-que-la-contratacion-de-nuevo-personal-en-el-ayuntamiento-y-las\\\/#primaryimage\"},\"thumbnailUrl\":\"https:\\\/\\\/mont-roig.cat\\\/wp-content\\\/uploads\\\/img_2084.jpg\",\"datePublished\":\"2015-09-18T10:27:02+00:00\",\"author\":{\"@id\":\"https:\\\/\\\/mont-roig.cat\\\/es\\\/#\\\/schema\\\/person\\\/f2b111789f22b7d0c3bd6786c9128cba\"},\"breadcrumb\":{\"@id\":\"https:\\\/\\\/mont-roig.cat\\\/es\\\/actualitat\\\/noticies\\\/una-comision-velara-para-que-la-contratacion-de-nuevo-personal-en-el-ayuntamiento-y-las\\\/#breadcrumb\"},\"inLanguage\":\"es\",\"potentialAction\":[{\"@type\":\"ReadAction\",\"target\":[\"https:\\\/\\\/mont-roig.cat\\\/es\\\/actualitat\\\/noticies\\\/una-comision-velara-para-que-la-contratacion-de-nuevo-personal-en-el-ayuntamiento-y-las\\\/\"]}]},{\"@type\":\"ImageObject\",\"inLanguage\":\"es\",\"@id\":\"https:\\\/\\\/mont-roig.cat\\\/es\\\/actualitat\\\/noticies\\\/una-comision-velara-para-que-la-contratacion-de-nuevo-personal-en-el-ayuntamiento-y-las\\\/#primaryimage\",\"url\":\"https:\\\/\\\/mont-roig.cat\\\/wp-content\\\/uploads\\\/img_2084.jpg\",\"contentUrl\":\"https:\\\/\\\/mont-roig.cat\\\/wp-content\\\/uploads\\\/img_2084.jpg\",\"width\":3072,\"height\":2048},{\"@type\":\"BreadcrumbList\",\"@id\":\"https:\\\/\\\/mont-roig.cat\\\/es\\\/actualitat\\\/noticies\\\/una-comision-velara-para-que-la-contratacion-de-nuevo-personal-en-el-ayuntamiento-y-las\\\/#breadcrumb\",\"itemListElement\":[{\"@type\":\"ListItem\",\"position\":1,\"name\":\"Inici\",\"item\":\"https:\\\/\\\/mont-roig.cat\\\/es\\\/pagina-de-inicio\\\/\"},{\"@type\":\"ListItem\",\"position\":2,\"name\":\"Una comisi\u00f3n velar\u00e1 para que la contrataci\u00f3n de nuevo personal en el Ayuntamiento y las empresas municipales sea transparente\"}]},{\"@type\":\"WebSite\",\"@id\":\"https:\\\/\\\/mont-roig.cat\\\/es\\\/#website\",\"url\":\"https:\\\/\\\/mont-roig.cat\\\/es\\\/\",\"name\":\"Ajuntament de Mont-roig del Camp\",\"description\":\"Tota la informaci\u00f3 sobre la instituci\u00f3, els seus \u00f2rgans de govern, actualitat, serveis i molt m\u00e9s.\",\"potentialAction\":[{\"@type\":\"SearchAction\",\"target\":{\"@type\":\"EntryPoint\",\"urlTemplate\":\"https:\\\/\\\/mont-roig.cat\\\/es\\\/?s={search_term_string}\"},\"query-input\":{\"@type\":\"PropertyValueSpecification\",\"valueRequired\":true,\"valueName\":\"search_term_string\"}}],\"inLanguage\":\"es\"},{\"@type\":\"Person\",\"@id\":\"https:\\\/\\\/mont-roig.cat\\\/es\\\/#\\\/schema\\\/person\\\/f2b111789f22b7d0c3bd6786c9128cba\",\"name\":\"administrador\",\"image\":{\"@type\":\"ImageObject\",\"inLanguage\":\"es\",\"@id\":\"https:\\\/\\\/secure.gravatar.com\\\/avatar\\\/9137aac6891e2595c9d3036fd83bcb653b4db3c946db4c7d9b9be193c3c944bb?s=96&d=mm&r=g\",\"url\":\"https:\\\/\\\/secure.gravatar.com\\\/avatar\\\/9137aac6891e2595c9d3036fd83bcb653b4db3c946db4c7d9b9be193c3c944bb?s=96&d=mm&r=g\",\"contentUrl\":\"https:\\\/\\\/secure.gravatar.com\\\/avatar\\\/9137aac6891e2595c9d3036fd83bcb653b4db3c946db4c7d9b9be193c3c944bb?s=96&d=mm&r=g\",\"caption\":\"administrador\"},\"url\":\"https:\\\/\\\/mont-roig.cat\\\/es\\\/actualitat\\\/noticies\\\/author\\\/administrador\\\/\"}]}<\/script>\n<!-- \/ Yoast SEO plugin. -->","yoast_head_json":{"title":"Una comisi\u00f3n velar\u00e1 para que la contrataci\u00f3n de nuevo personal en el Ayuntamiento y las empresas municipales sea transparente - Ajuntament de Mont-roig del Camp","robots":{"index":"index","follow":"follow","max-snippet":"max-snippet:-1","max-image-preview":"max-image-preview:large","max-video-preview":"max-video-preview:-1"},"canonical":"https:\/\/mont-roig.cat\/es\/actualitat\/noticies\/una-comision-velara-para-que-la-contratacion-de-nuevo-personal-en-el-ayuntamiento-y-las\/","og_locale":"es_ES","og_type":"article","og_title":"Una comisi\u00f3n velar\u00e1 para que la contrataci\u00f3n de nuevo personal en el Ayuntamiento y las empresas municipales sea transparente - Ajuntament de Mont-roig del Camp","og_description":"Mont-roig del Camp pone en marcha una iniciativa pionera que abre a la participaci\u00f3n los procesos de selecci\u00f3n de personal municipal La nueva&nbsp;comisi\u00f3n de trabajo est\u00e1 formada por el Alcalde, un representante de todos los grupos municipales, representantes de los trabajadores municipales y ciudadanos escogidos al azar El Ayuntamiento de Mont-roig del Camp ha puesto [&hellip;]","og_url":"https:\/\/mont-roig.cat\/es\/actualitat\/noticies\/una-comision-velara-para-que-la-contratacion-de-nuevo-personal-en-el-ayuntamiento-y-las\/","og_site_name":"Ajuntament de Mont-roig del Camp","article_published_time":"2015-09-18T10:27:02+00:00","og_image":[{"width":3072,"height":2048,"url":"https:\/\/mont-roig.cat\/wp-content\/uploads\/img_2084.jpg","type":"image\/jpeg"}],"author":"administrador","twitter_card":"summary_large_image","twitter_misc":{"Escrito por":"administrador","Tiempo de lectura":"2 minutos"},"schema":{"@context":"https:\/\/schema.org","@graph":[{"@type":"Article","@id":"https:\/\/mont-roig.cat\/es\/actualitat\/noticies\/una-comision-velara-para-que-la-contratacion-de-nuevo-personal-en-el-ayuntamiento-y-las\/#article","isPartOf":{"@id":"https:\/\/mont-roig.cat\/es\/actualitat\/noticies\/una-comision-velara-para-que-la-contratacion-de-nuevo-personal-en-el-ayuntamiento-y-las\/"},"author":{"name":"administrador","@id":"https:\/\/mont-roig.cat\/es\/#\/schema\/person\/f2b111789f22b7d0c3bd6786c9128cba"},"headline":"Una comisi\u00f3n velar\u00e1 para que la contrataci\u00f3n de nuevo personal en el Ayuntamiento y las empresas municipales sea transparente","datePublished":"2015-09-18T10:27:02+00:00","mainEntityOfPage":{"@id":"https:\/\/mont-roig.cat\/es\/actualitat\/noticies\/una-comision-velara-para-que-la-contratacion-de-nuevo-personal-en-el-ayuntamiento-y-las\/"},"wordCount":392,"commentCount":0,"image":{"@id":"https:\/\/mont-roig.cat\/es\/actualitat\/noticies\/una-comision-velara-para-que-la-contratacion-de-nuevo-personal-en-el-ayuntamiento-y-las\/#primaryimage"},"thumbnailUrl":"https:\/\/mont-roig.cat\/wp-content\/uploads\/img_2084.jpg","articleSection":["Ayuntamiento"],"inLanguage":"es"},{"@type":"WebPage","@id":"https:\/\/mont-roig.cat\/es\/actualitat\/noticies\/una-comision-velara-para-que-la-contratacion-de-nuevo-personal-en-el-ayuntamiento-y-las\/","url":"https:\/\/mont-roig.cat\/es\/actualitat\/noticies\/una-comision-velara-para-que-la-contratacion-de-nuevo-personal-en-el-ayuntamiento-y-las\/","name":"Una comisi\u00f3n velar\u00e1 para que la contrataci\u00f3n de nuevo personal en el Ayuntamiento y las empresas municipales sea transparente - Ajuntament de Mont-roig del Camp","isPartOf":{"@id":"https:\/\/mont-roig.cat\/es\/#website"},"primaryImageOfPage":{"@id":"https:\/\/mont-roig.cat\/es\/actualitat\/noticies\/una-comision-velara-para-que-la-contratacion-de-nuevo-personal-en-el-ayuntamiento-y-las\/#primaryimage"},"image":{"@id":"https:\/\/mont-roig.cat\/es\/actualitat\/noticies\/una-comision-velara-para-que-la-contratacion-de-nuevo-personal-en-el-ayuntamiento-y-las\/#primaryimage"},"thumbnailUrl":"https:\/\/mont-roig.cat\/wp-content\/uploads\/img_2084.jpg","datePublished":"2015-09-18T10:27:02+00:00","author":{"@id":"https:\/\/mont-roig.cat\/es\/#\/schema\/person\/f2b111789f22b7d0c3bd6786c9128cba"},"breadcrumb":{"@id":"https:\/\/mont-roig.cat\/es\/actualitat\/noticies\/una-comision-velara-para-que-la-contratacion-de-nuevo-personal-en-el-ayuntamiento-y-las\/#breadcrumb"},"inLanguage":"es","potentialAction":[{"@type":"ReadAction","target":["https:\/\/mont-roig.cat\/es\/actualitat\/noticies\/una-comision-velara-para-que-la-contratacion-de-nuevo-personal-en-el-ayuntamiento-y-las\/"]}]},{"@type":"ImageObject","inLanguage":"es","@id":"https:\/\/mont-roig.cat\/es\/actualitat\/noticies\/una-comision-velara-para-que-la-contratacion-de-nuevo-personal-en-el-ayuntamiento-y-las\/#primaryimage","url":"https:\/\/mont-roig.cat\/wp-content\/uploads\/img_2084.jpg","contentUrl":"https:\/\/mont-roig.cat\/wp-content\/uploads\/img_2084.jpg","width":3072,"height":2048},{"@type":"BreadcrumbList","@id":"https:\/\/mont-roig.cat\/es\/actualitat\/noticies\/una-comision-velara-para-que-la-contratacion-de-nuevo-personal-en-el-ayuntamiento-y-las\/#breadcrumb","itemListElement":[{"@type":"ListItem","position":1,"name":"Inici","item":"https:\/\/mont-roig.cat\/es\/pagina-de-inicio\/"},{"@type":"ListItem","position":2,"name":"Una comisi\u00f3n velar\u00e1 para que la contrataci\u00f3n de nuevo personal en el Ayuntamiento y las empresas municipales sea transparente"}]},{"@type":"WebSite","@id":"https:\/\/mont-roig.cat\/es\/#website","url":"https:\/\/mont-roig.cat\/es\/","name":"Ajuntament de Mont-roig del Camp","description":"Tota la informaci\u00f3 sobre la instituci\u00f3, els seus \u00f2rgans de govern, actualitat, serveis i molt m\u00e9s.","potentialAction":[{"@type":"SearchAction","target":{"@type":"EntryPoint","urlTemplate":"https:\/\/mont-roig.cat\/es\/?s={search_term_string}"},"query-input":{"@type":"PropertyValueSpecification","valueRequired":true,"valueName":"search_term_string"}}],"inLanguage":"es"},{"@type":"Person","@id":"https:\/\/mont-roig.cat\/es\/#\/schema\/person\/f2b111789f22b7d0c3bd6786c9128cba","name":"administrador","image":{"@type":"ImageObject","inLanguage":"es","@id":"https:\/\/secure.gravatar.com\/avatar\/9137aac6891e2595c9d3036fd83bcb653b4db3c946db4c7d9b9be193c3c944bb?s=96&d=mm&r=g","url":"https:\/\/secure.gravatar.com\/avatar\/9137aac6891e2595c9d3036fd83bcb653b4db3c946db4c7d9b9be193c3c944bb?s=96&d=mm&r=g","contentUrl":"https:\/\/secure.gravatar.com\/avatar\/9137aac6891e2595c9d3036fd83bcb653b4db3c946db4c7d9b9be193c3c944bb?s=96&d=mm&r=g","caption":"administrador"},"url":"https:\/\/mont-roig.cat\/es\/actualitat\/noticies\/author\/administrador\/"}]}},"_links":{"self":[{"href":"https:\/\/mont-roig.cat\/es\/wp-json\/wp\/v2\/posts\/4603","targetHints":{"allow":["GET"]}}],"collection":[{"href":"https:\/\/mont-roig.cat\/es\/wp-json\/wp\/v2\/posts"}],"about":[{"href":"https:\/\/mont-roig.cat\/es\/wp-json\/wp\/v2\/types\/post"}],"author":[{"embeddable":true,"href":"https:\/\/mont-roig.cat\/es\/wp-json\/wp\/v2\/users\/4"}],"replies":[{"embeddable":true,"href":"https:\/\/mont-roig.cat\/es\/wp-json\/wp\/v2\/comments?post=4603"}],"version-history":[{"count":0,"href":"https:\/\/mont-roig.cat\/es\/wp-json\/wp\/v2\/posts\/4603\/revisions"}],"wp:featuredmedia":[{"embeddable":true,"href":"https:\/\/mont-roig.cat\/es\/wp-json\/wp\/v2\/media\/7041"}],"wp:attachment":[{"href":"https:\/\/mont-roig.cat\/es\/wp-json\/wp\/v2\/media?parent=4603"}],"wp:term":[{"taxonomy":"category","embeddable":true,"href":"https:\/\/mont-roig.cat\/es\/wp-json\/wp\/v2\/categories?post=4603"},{"taxonomy":"post_tag","embeddable":true,"href":"https:\/\/mont-roig.cat\/es\/wp-json\/wp\/v2\/tags?post=4603"}],"curies":[{"name":"wp","href":"https:\/\/api.w.org\/{rel}","templated":true}]}}