{"id":4610,"date":"2015-09-25T08:39:36","date_gmt":"2015-09-25T08:39:36","guid":{"rendered":""},"modified":"2015-09-25T08:39:36","modified_gmt":"2015-09-25T08:39:36","slug":"7042-vecinos-y-vecinas-del-municipio-estan-llamados-las-urnas-el-proximo-27-s","status":"publish","type":"post","link":"https:\/\/mont-roig.cat\/es\/actualitat\/noticies\/7042-vecinos-y-vecinas-del-municipio-estan-llamados-las-urnas-el-proximo-27-s\/","title":{"rendered":"7.042 vecinos y vecinas del municipio est\u00e1n llamados a las urnas el pr\u00f3ximo 27-S"},"content":{"rendered":"<div class=\"body\">\n<div>\n<p><strong><img decoding=\"async\" alt=\"Eleccions al Parlament de Catalunya 2015\" class=\"requadre\" src=\"http:\/\/mont-roig.cat\/wp-content\/uploads\/eleccions_parlament.jpg\" style=\"width: 300px; height: 166px; margin: 10px; float: right;\" title=\"Eleccions al Parlament de Catalunya 2015\" \/><\/strong><\/p>\n<p><strong>La jornada electoral movilizar\u00e1 136 personas, entre personal de la administraci\u00f3n y miembros de las mesas<\/strong><\/p>\n<p>Un total de 7.042 vecinos y vecinas de Mont-roig, Miami Platja y las urbanizaciones est\u00e1n llamados a las urnas el pr\u00f3ximo 27 de septiembre, seg\u00fan datos del censo municipal.<\/p>\n<p>Mont-roig del Camp contar\u00e1 con 4 colegios electorales y hasta 14 mesas. Los colegios electorales estar\u00e1n ubicados en el Polideportivo de Mont-roig, con 4 mesas, en la Oficina de Turismo de Las Pobles, con una mesa, en la Escuela Marcel\u00b7l\u00ed Esquius, con 5 mesas y en el Polivalente de Miami Platja con 4 mesas.<\/p>\n<p>Las elecciones al<em> Parlament de Catalunya<\/em>, movilizar\u00e1n a 136 personas, entre personal de la administraci\u00f3n y miembros de las mesas electorales. Se trata de los 3 titulares y 6 suplentes para las 14 mesas electorales y las 10 personas de la administraci\u00f3n local.<\/p>\n<p>Los colegios electorales estar\u00e1n abiertos al p\u00fablico de las 9 de la ma\u00f1ana a las 8 de la tarde. Hora en que empezar\u00e1 el recuento de votos. El escrutinio es p\u00fablico.<\/p>\n<\/div>\n<\/div>\n<div class=\"field_noticia_img_portada\">\n<div>Imatge portada<\/div>\n<p><img decoding=\"async\" src=\"http:\/\/mont-roig.cat\/wp-content\/uploads\/eleccions_parlament_0.jpg\" title=\"eleccions_parlament.jpg\" alt=\"eleccions_parlament.jpg\" \/><\/div>\n","protected":false},"excerpt":{"rendered":"<p>La jornada electoral movilizar\u00e1 136 personas, entre personal de la administraci\u00f3n y miembros de las mesas Un total de 7.042 vecinos y vecinas de Mont-roig, Miami Platja y las urbanizaciones est\u00e1n llamados a las urnas el pr\u00f3ximo 27 de septiembre, seg\u00fan datos del censo municipal. Mont-roig del Camp contar\u00e1 con 4 colegios electorales y hasta [&hellip;]<\/p>\n","protected":false},"author":4,"featured_media":7066,"comment_status":"open","ping_status":"open","sticky":false,"template":"","format":"standard","meta":{"inline_featured_image":false,"_monsterinsights_skip_tracking":false,"_monsterinsights_sitenote_active":false,"_monsterinsights_sitenote_note":"","_monsterinsights_sitenote_category":0,"footnotes":""},"categories":[99],"tags":[],"class_list":["post-4610","post","type-post","status-publish","format-standard","has-post-thumbnail","hentry","category-otros"],"yoast_head":"<!-- This site is optimized with the Yoast SEO plugin v27.4 - https:\/\/yoast.com\/product\/yoast-seo-wordpress\/ -->\n<title>7.042 vecinos y vecinas del municipio est\u00e1n llamados a las urnas el pr\u00f3ximo 27-S - Ajuntament de Mont-roig del Camp<\/title>\n<meta name=\"robots\" content=\"index, follow, max-snippet:-1, max-image-preview:large, max-video-preview:-1\" \/>\n<link rel=\"canonical\" href=\"https:\/\/mont-roig.cat\/es\/actualitat\/noticies\/7042-vecinos-y-vecinas-del-municipio-estan-llamados-las-urnas-el-proximo-27-s\/\" \/>\n<meta property=\"og:locale\" content=\"es_ES\" \/>\n<meta property=\"og:type\" content=\"article\" \/>\n<meta property=\"og:title\" content=\"7.042 vecinos y vecinas del municipio est\u00e1n llamados a las urnas el pr\u00f3ximo 27-S - Ajuntament de Mont-roig del Camp\" \/>\n<meta property=\"og:description\" content=\"La jornada electoral movilizar\u00e1 136 personas, entre personal de la administraci\u00f3n y miembros de las mesas Un total de 7.042 vecinos y vecinas de Mont-roig, Miami Platja y las urbanizaciones est\u00e1n llamados a las urnas el pr\u00f3ximo 27 de septiembre, seg\u00fan datos del censo municipal. Mont-roig del Camp contar\u00e1 con 4 colegios electorales y hasta [&hellip;]\" \/>\n<meta property=\"og:url\" content=\"https:\/\/mont-roig.cat\/es\/actualitat\/noticies\/7042-vecinos-y-vecinas-del-municipio-estan-llamados-las-urnas-el-proximo-27-s\/\" \/>\n<meta property=\"og:site_name\" content=\"Ajuntament de Mont-roig del Camp\" \/>\n<meta property=\"article:published_time\" content=\"2015-09-25T08:39:36+00:00\" \/>\n<meta property=\"og:image\" content=\"https:\/\/mont-roig.cat\/wp-content\/uploads\/eleccions_parlament.jpg\" \/>\n\t<meta property=\"og:image:width\" content=\"839\" \/>\n\t<meta property=\"og:image:height\" content=\"463\" \/>\n\t<meta property=\"og:image:type\" content=\"image\/jpeg\" \/>\n<meta name=\"author\" content=\"administrador\" \/>\n<meta name=\"twitter:card\" content=\"summary_large_image\" \/>\n<meta name=\"twitter:label1\" content=\"Escrito por\" \/>\n\t<meta name=\"twitter:data1\" content=\"administrador\" \/>\n\t<meta name=\"twitter:label2\" content=\"Tiempo de lectura\" \/>\n\t<meta name=\"twitter:data2\" content=\"1 minuto\" \/>\n<script type=\"application\/ld+json\" class=\"yoast-schema-graph\">{\"@context\":\"https:\\\/\\\/schema.org\",\"@graph\":[{\"@type\":\"Article\",\"@id\":\"https:\\\/\\\/mont-roig.cat\\\/es\\\/actualitat\\\/noticies\\\/7042-vecinos-y-vecinas-del-municipio-estan-llamados-las-urnas-el-proximo-27-s\\\/#article\",\"isPartOf\":{\"@id\":\"https:\\\/\\\/mont-roig.cat\\\/es\\\/actualitat\\\/noticies\\\/7042-vecinos-y-vecinas-del-municipio-estan-llamados-las-urnas-el-proximo-27-s\\\/\"},\"author\":{\"name\":\"administrador\",\"@id\":\"https:\\\/\\\/mont-roig.cat\\\/es\\\/#\\\/schema\\\/person\\\/f2b111789f22b7d0c3bd6786c9128cba\"},\"headline\":\"7.042 vecinos y vecinas del municipio est\u00e1n llamados a las urnas el pr\u00f3ximo 27-S\",\"datePublished\":\"2015-09-25T08:39:36+00:00\",\"mainEntityOfPage\":{\"@id\":\"https:\\\/\\\/mont-roig.cat\\\/es\\\/actualitat\\\/noticies\\\/7042-vecinos-y-vecinas-del-municipio-estan-llamados-las-urnas-el-proximo-27-s\\\/\"},\"wordCount\":188,\"commentCount\":0,\"image\":{\"@id\":\"https:\\\/\\\/mont-roig.cat\\\/es\\\/actualitat\\\/noticies\\\/7042-vecinos-y-vecinas-del-municipio-estan-llamados-las-urnas-el-proximo-27-s\\\/#primaryimage\"},\"thumbnailUrl\":\"https:\\\/\\\/mont-roig.cat\\\/wp-content\\\/uploads\\\/eleccions_parlament.jpg\",\"articleSection\":[\"Otros\"],\"inLanguage\":\"es\"},{\"@type\":\"WebPage\",\"@id\":\"https:\\\/\\\/mont-roig.cat\\\/es\\\/actualitat\\\/noticies\\\/7042-vecinos-y-vecinas-del-municipio-estan-llamados-las-urnas-el-proximo-27-s\\\/\",\"url\":\"https:\\\/\\\/mont-roig.cat\\\/es\\\/actualitat\\\/noticies\\\/7042-vecinos-y-vecinas-del-municipio-estan-llamados-las-urnas-el-proximo-27-s\\\/\",\"name\":\"7.042 vecinos y vecinas del municipio est\u00e1n llamados a las urnas el pr\u00f3ximo 27-S - Ajuntament de Mont-roig del Camp\",\"isPartOf\":{\"@id\":\"https:\\\/\\\/mont-roig.cat\\\/es\\\/#website\"},\"primaryImageOfPage\":{\"@id\":\"https:\\\/\\\/mont-roig.cat\\\/es\\\/actualitat\\\/noticies\\\/7042-vecinos-y-vecinas-del-municipio-estan-llamados-las-urnas-el-proximo-27-s\\\/#primaryimage\"},\"image\":{\"@id\":\"https:\\\/\\\/mont-roig.cat\\\/es\\\/actualitat\\\/noticies\\\/7042-vecinos-y-vecinas-del-municipio-estan-llamados-las-urnas-el-proximo-27-s\\\/#primaryimage\"},\"thumbnailUrl\":\"https:\\\/\\\/mont-roig.cat\\\/wp-content\\\/uploads\\\/eleccions_parlament.jpg\",\"datePublished\":\"2015-09-25T08:39:36+00:00\",\"author\":{\"@id\":\"https:\\\/\\\/mont-roig.cat\\\/es\\\/#\\\/schema\\\/person\\\/f2b111789f22b7d0c3bd6786c9128cba\"},\"breadcrumb\":{\"@id\":\"https:\\\/\\\/mont-roig.cat\\\/es\\\/actualitat\\\/noticies\\\/7042-vecinos-y-vecinas-del-municipio-estan-llamados-las-urnas-el-proximo-27-s\\\/#breadcrumb\"},\"inLanguage\":\"es\",\"potentialAction\":[{\"@type\":\"ReadAction\",\"target\":[\"https:\\\/\\\/mont-roig.cat\\\/es\\\/actualitat\\\/noticies\\\/7042-vecinos-y-vecinas-del-municipio-estan-llamados-las-urnas-el-proximo-27-s\\\/\"]}]},{\"@type\":\"ImageObject\",\"inLanguage\":\"es\",\"@id\":\"https:\\\/\\\/mont-roig.cat\\\/es\\\/actualitat\\\/noticies\\\/7042-vecinos-y-vecinas-del-municipio-estan-llamados-las-urnas-el-proximo-27-s\\\/#primaryimage\",\"url\":\"https:\\\/\\\/mont-roig.cat\\\/wp-content\\\/uploads\\\/eleccions_parlament.jpg\",\"contentUrl\":\"https:\\\/\\\/mont-roig.cat\\\/wp-content\\\/uploads\\\/eleccions_parlament.jpg\",\"width\":839,\"height\":463},{\"@type\":\"BreadcrumbList\",\"@id\":\"https:\\\/\\\/mont-roig.cat\\\/es\\\/actualitat\\\/noticies\\\/7042-vecinos-y-vecinas-del-municipio-estan-llamados-las-urnas-el-proximo-27-s\\\/#breadcrumb\",\"itemListElement\":[{\"@type\":\"ListItem\",\"position\":1,\"name\":\"Inici\",\"item\":\"https:\\\/\\\/mont-roig.cat\\\/es\\\/pagina-de-inicio\\\/\"},{\"@type\":\"ListItem\",\"position\":2,\"name\":\"7.042 vecinos y vecinas del municipio est\u00e1n llamados a las urnas el pr\u00f3ximo 27-S\"}]},{\"@type\":\"WebSite\",\"@id\":\"https:\\\/\\\/mont-roig.cat\\\/es\\\/#website\",\"url\":\"https:\\\/\\\/mont-roig.cat\\\/es\\\/\",\"name\":\"Ajuntament de Mont-roig del Camp\",\"description\":\"Tota la informaci\u00f3 sobre la instituci\u00f3, els seus \u00f2rgans de govern, actualitat, serveis i molt m\u00e9s.\",\"potentialAction\":[{\"@type\":\"SearchAction\",\"target\":{\"@type\":\"EntryPoint\",\"urlTemplate\":\"https:\\\/\\\/mont-roig.cat\\\/es\\\/?s={search_term_string}\"},\"query-input\":{\"@type\":\"PropertyValueSpecification\",\"valueRequired\":true,\"valueName\":\"search_term_string\"}}],\"inLanguage\":\"es\"},{\"@type\":\"Person\",\"@id\":\"https:\\\/\\\/mont-roig.cat\\\/es\\\/#\\\/schema\\\/person\\\/f2b111789f22b7d0c3bd6786c9128cba\",\"name\":\"administrador\",\"image\":{\"@type\":\"ImageObject\",\"inLanguage\":\"es\",\"@id\":\"https:\\\/\\\/secure.gravatar.com\\\/avatar\\\/9137aac6891e2595c9d3036fd83bcb653b4db3c946db4c7d9b9be193c3c944bb?s=96&d=mm&r=g\",\"url\":\"https:\\\/\\\/secure.gravatar.com\\\/avatar\\\/9137aac6891e2595c9d3036fd83bcb653b4db3c946db4c7d9b9be193c3c944bb?s=96&d=mm&r=g\",\"contentUrl\":\"https:\\\/\\\/secure.gravatar.com\\\/avatar\\\/9137aac6891e2595c9d3036fd83bcb653b4db3c946db4c7d9b9be193c3c944bb?s=96&d=mm&r=g\",\"caption\":\"administrador\"},\"url\":\"https:\\\/\\\/mont-roig.cat\\\/es\\\/actualitat\\\/noticies\\\/author\\\/administrador\\\/\"}]}<\/script>\n<!-- \/ Yoast SEO plugin. -->","yoast_head_json":{"title":"7.042 vecinos y vecinas del municipio est\u00e1n llamados a las urnas el pr\u00f3ximo 27-S - Ajuntament de Mont-roig del Camp","robots":{"index":"index","follow":"follow","max-snippet":"max-snippet:-1","max-image-preview":"max-image-preview:large","max-video-preview":"max-video-preview:-1"},"canonical":"https:\/\/mont-roig.cat\/es\/actualitat\/noticies\/7042-vecinos-y-vecinas-del-municipio-estan-llamados-las-urnas-el-proximo-27-s\/","og_locale":"es_ES","og_type":"article","og_title":"7.042 vecinos y vecinas del municipio est\u00e1n llamados a las urnas el pr\u00f3ximo 27-S - Ajuntament de Mont-roig del Camp","og_description":"La jornada electoral movilizar\u00e1 136 personas, entre personal de la administraci\u00f3n y miembros de las mesas Un total de 7.042 vecinos y vecinas de Mont-roig, Miami Platja y las urbanizaciones est\u00e1n llamados a las urnas el pr\u00f3ximo 27 de septiembre, seg\u00fan datos del censo municipal. Mont-roig del Camp contar\u00e1 con 4 colegios electorales y hasta [&hellip;]","og_url":"https:\/\/mont-roig.cat\/es\/actualitat\/noticies\/7042-vecinos-y-vecinas-del-municipio-estan-llamados-las-urnas-el-proximo-27-s\/","og_site_name":"Ajuntament de Mont-roig del Camp","article_published_time":"2015-09-25T08:39:36+00:00","og_image":[{"width":839,"height":463,"url":"https:\/\/mont-roig.cat\/wp-content\/uploads\/eleccions_parlament.jpg","type":"image\/jpeg"}],"author":"administrador","twitter_card":"summary_large_image","twitter_misc":{"Escrito por":"administrador","Tiempo de lectura":"1 minuto"},"schema":{"@context":"https:\/\/schema.org","@graph":[{"@type":"Article","@id":"https:\/\/mont-roig.cat\/es\/actualitat\/noticies\/7042-vecinos-y-vecinas-del-municipio-estan-llamados-las-urnas-el-proximo-27-s\/#article","isPartOf":{"@id":"https:\/\/mont-roig.cat\/es\/actualitat\/noticies\/7042-vecinos-y-vecinas-del-municipio-estan-llamados-las-urnas-el-proximo-27-s\/"},"author":{"name":"administrador","@id":"https:\/\/mont-roig.cat\/es\/#\/schema\/person\/f2b111789f22b7d0c3bd6786c9128cba"},"headline":"7.042 vecinos y vecinas del municipio est\u00e1n llamados a las urnas el pr\u00f3ximo 27-S","datePublished":"2015-09-25T08:39:36+00:00","mainEntityOfPage":{"@id":"https:\/\/mont-roig.cat\/es\/actualitat\/noticies\/7042-vecinos-y-vecinas-del-municipio-estan-llamados-las-urnas-el-proximo-27-s\/"},"wordCount":188,"commentCount":0,"image":{"@id":"https:\/\/mont-roig.cat\/es\/actualitat\/noticies\/7042-vecinos-y-vecinas-del-municipio-estan-llamados-las-urnas-el-proximo-27-s\/#primaryimage"},"thumbnailUrl":"https:\/\/mont-roig.cat\/wp-content\/uploads\/eleccions_parlament.jpg","articleSection":["Otros"],"inLanguage":"es"},{"@type":"WebPage","@id":"https:\/\/mont-roig.cat\/es\/actualitat\/noticies\/7042-vecinos-y-vecinas-del-municipio-estan-llamados-las-urnas-el-proximo-27-s\/","url":"https:\/\/mont-roig.cat\/es\/actualitat\/noticies\/7042-vecinos-y-vecinas-del-municipio-estan-llamados-las-urnas-el-proximo-27-s\/","name":"7.042 vecinos y vecinas del municipio est\u00e1n llamados a las urnas el pr\u00f3ximo 27-S - Ajuntament de Mont-roig del Camp","isPartOf":{"@id":"https:\/\/mont-roig.cat\/es\/#website"},"primaryImageOfPage":{"@id":"https:\/\/mont-roig.cat\/es\/actualitat\/noticies\/7042-vecinos-y-vecinas-del-municipio-estan-llamados-las-urnas-el-proximo-27-s\/#primaryimage"},"image":{"@id":"https:\/\/mont-roig.cat\/es\/actualitat\/noticies\/7042-vecinos-y-vecinas-del-municipio-estan-llamados-las-urnas-el-proximo-27-s\/#primaryimage"},"thumbnailUrl":"https:\/\/mont-roig.cat\/wp-content\/uploads\/eleccions_parlament.jpg","datePublished":"2015-09-25T08:39:36+00:00","author":{"@id":"https:\/\/mont-roig.cat\/es\/#\/schema\/person\/f2b111789f22b7d0c3bd6786c9128cba"},"breadcrumb":{"@id":"https:\/\/mont-roig.cat\/es\/actualitat\/noticies\/7042-vecinos-y-vecinas-del-municipio-estan-llamados-las-urnas-el-proximo-27-s\/#breadcrumb"},"inLanguage":"es","potentialAction":[{"@type":"ReadAction","target":["https:\/\/mont-roig.cat\/es\/actualitat\/noticies\/7042-vecinos-y-vecinas-del-municipio-estan-llamados-las-urnas-el-proximo-27-s\/"]}]},{"@type":"ImageObject","inLanguage":"es","@id":"https:\/\/mont-roig.cat\/es\/actualitat\/noticies\/7042-vecinos-y-vecinas-del-municipio-estan-llamados-las-urnas-el-proximo-27-s\/#primaryimage","url":"https:\/\/mont-roig.cat\/wp-content\/uploads\/eleccions_parlament.jpg","contentUrl":"https:\/\/mont-roig.cat\/wp-content\/uploads\/eleccions_parlament.jpg","width":839,"height":463},{"@type":"BreadcrumbList","@id":"https:\/\/mont-roig.cat\/es\/actualitat\/noticies\/7042-vecinos-y-vecinas-del-municipio-estan-llamados-las-urnas-el-proximo-27-s\/#breadcrumb","itemListElement":[{"@type":"ListItem","position":1,"name":"Inici","item":"https:\/\/mont-roig.cat\/es\/pagina-de-inicio\/"},{"@type":"ListItem","position":2,"name":"7.042 vecinos y vecinas del municipio est\u00e1n llamados a las urnas el pr\u00f3ximo 27-S"}]},{"@type":"WebSite","@id":"https:\/\/mont-roig.cat\/es\/#website","url":"https:\/\/mont-roig.cat\/es\/","name":"Ajuntament de Mont-roig del Camp","description":"Tota la informaci\u00f3 sobre la instituci\u00f3, els seus \u00f2rgans de govern, actualitat, serveis i molt m\u00e9s.","potentialAction":[{"@type":"SearchAction","target":{"@type":"EntryPoint","urlTemplate":"https:\/\/mont-roig.cat\/es\/?s={search_term_string}"},"query-input":{"@type":"PropertyValueSpecification","valueRequired":true,"valueName":"search_term_string"}}],"inLanguage":"es"},{"@type":"Person","@id":"https:\/\/mont-roig.cat\/es\/#\/schema\/person\/f2b111789f22b7d0c3bd6786c9128cba","name":"administrador","image":{"@type":"ImageObject","inLanguage":"es","@id":"https:\/\/secure.gravatar.com\/avatar\/9137aac6891e2595c9d3036fd83bcb653b4db3c946db4c7d9b9be193c3c944bb?s=96&d=mm&r=g","url":"https:\/\/secure.gravatar.com\/avatar\/9137aac6891e2595c9d3036fd83bcb653b4db3c946db4c7d9b9be193c3c944bb?s=96&d=mm&r=g","contentUrl":"https:\/\/secure.gravatar.com\/avatar\/9137aac6891e2595c9d3036fd83bcb653b4db3c946db4c7d9b9be193c3c944bb?s=96&d=mm&r=g","caption":"administrador"},"url":"https:\/\/mont-roig.cat\/es\/actualitat\/noticies\/author\/administrador\/"}]}},"_links":{"self":[{"href":"https:\/\/mont-roig.cat\/es\/wp-json\/wp\/v2\/posts\/4610","targetHints":{"allow":["GET"]}}],"collection":[{"href":"https:\/\/mont-roig.cat\/es\/wp-json\/wp\/v2\/posts"}],"about":[{"href":"https:\/\/mont-roig.cat\/es\/wp-json\/wp\/v2\/types\/post"}],"author":[{"embeddable":true,"href":"https:\/\/mont-roig.cat\/es\/wp-json\/wp\/v2\/users\/4"}],"replies":[{"embeddable":true,"href":"https:\/\/mont-roig.cat\/es\/wp-json\/wp\/v2\/comments?post=4610"}],"version-history":[{"count":0,"href":"https:\/\/mont-roig.cat\/es\/wp-json\/wp\/v2\/posts\/4610\/revisions"}],"wp:featuredmedia":[{"embeddable":true,"href":"https:\/\/mont-roig.cat\/es\/wp-json\/wp\/v2\/media\/7066"}],"wp:attachment":[{"href":"https:\/\/mont-roig.cat\/es\/wp-json\/wp\/v2\/media?parent=4610"}],"wp:term":[{"taxonomy":"category","embeddable":true,"href":"https:\/\/mont-roig.cat\/es\/wp-json\/wp\/v2\/categories?post=4610"},{"taxonomy":"post_tag","embeddable":true,"href":"https:\/\/mont-roig.cat\/es\/wp-json\/wp\/v2\/tags?post=4610"}],"curies":[{"name":"wp","href":"https:\/\/api.w.org\/{rel}","templated":true}]}}