{"id":4612,"date":"2015-09-28T10:46:03","date_gmt":"2015-09-28T10:46:03","guid":{"rendered":""},"modified":"2015-09-28T10:46:03","modified_gmt":"2015-09-28T10:46:03","slug":"resultados-elecciones-al-parlament-de-catalunya-en-mont-roig-del-camp","status":"publish","type":"post","link":"https:\/\/mont-roig.cat\/es\/actualitat\/noticies\/resultados-elecciones-al-parlament-de-catalunya-en-mont-roig-del-camp\/","title":{"rendered":"Resultados elecciones al Parlament de Catalunya en Mont-roig del Camp"},"content":{"rendered":"<div class=\"body\">\n<div>\n<p><strong>El municipio registra un 71.68% de participaci\u00f3n<\/strong><\/p>\n<p>Un total de 5.048 vecinos y vecinas de Mont-roig, Miami Platja y las urbanizaciones han ejercido su derecho a voto en las elecciones al Parlament de Catalunya, celebradas este domingo 27 de septiembre. Una cifra que representa el 71,68% de participaci\u00f3n.<\/p>\n<p>Por orden de resultados, Junts pel S\u00ed ha obtenido 1.827 votos, Ciudadanos 1276, el Partido de los Socialistas de Catalu\u00f1a 582, el PP 554, Catalunya s\u00ed que es pot 313, la Candidatura d&#8217;Unitat Popular 239, Uni\u00f3 Democr\u00e0tica de Catalunya 163, el Partido Animalista contra el maltrato animal 37, Recortes Cero &#8211; Els Verds, 15 y Guanyem Catalunya 2 votos.<\/p>\n<p>Durante el escrutinio tambi\u00e9n se contabilizaron 21 votos en blanco y 19 votos nulos.<\/p>\n<p>La jornada, que moviliz\u00f3 136 personas, entre personal de la administraci\u00f3n y miembros de las mesas se desarroll\u00f3 con total normalidad en los 4 colegios y en las 14 mesas electorales habilitadas para la ocasi\u00f3n.<\/p>\n<p>M\u00e1s informaci\u00f3n sobre las elecciones al Parlament de Catalunya 2015 en <a href=\"http:\/\/www.parlament2015.cat\/\">http:\/\/www.parlament2015.cat\/<\/a><\/p>\n<\/div>\n<\/div>\n<div class=\"field_noticia_img_portada\">\n<div>Imatge portada<\/div>\n<p><img decoding=\"async\" src=\"http:\/\/mont-roig.cat\/wp-content\/uploads\/eleccions_parlament_1.jpg\" title=\"eleccions_parlament.jpg\" alt=\"eleccions_parlament.jpg\" \/><\/div>\n","protected":false},"excerpt":{"rendered":"<p>El municipio registra un 71.68% de participaci\u00f3n Un total de 5.048 vecinos y vecinas de Mont-roig, Miami Platja y las urbanizaciones han ejercido su derecho a voto en las elecciones al Parlament de Catalunya, celebradas este domingo 27 de septiembre. Una cifra que representa el 71,68% de participaci\u00f3n. Por orden de resultados, Junts pel S\u00ed [&hellip;]<\/p>\n","protected":false},"author":4,"featured_media":7072,"comment_status":"open","ping_status":"open","sticky":false,"template":"","format":"standard","meta":{"inline_featured_image":false,"_monsterinsights_skip_tracking":false,"_monsterinsights_sitenote_active":false,"_monsterinsights_sitenote_note":"","_monsterinsights_sitenote_category":0,"footnotes":""},"categories":[99],"tags":[],"class_list":["post-4612","post","type-post","status-publish","format-standard","has-post-thumbnail","hentry","category-otros"],"yoast_head":"<!-- This site is optimized with the Yoast SEO plugin v27.4 - https:\/\/yoast.com\/product\/yoast-seo-wordpress\/ -->\n<title>Resultados elecciones al Parlament de Catalunya en Mont-roig del Camp - Ajuntament de Mont-roig del Camp<\/title>\n<meta name=\"robots\" content=\"index, follow, max-snippet:-1, max-image-preview:large, max-video-preview:-1\" \/>\n<link rel=\"canonical\" href=\"https:\/\/mont-roig.cat\/es\/actualitat\/noticies\/resultados-elecciones-al-parlament-de-catalunya-en-mont-roig-del-camp\/\" \/>\n<meta property=\"og:locale\" content=\"es_ES\" \/>\n<meta property=\"og:type\" content=\"article\" \/>\n<meta property=\"og:title\" content=\"Resultados elecciones al Parlament de Catalunya en Mont-roig del Camp - Ajuntament de Mont-roig del Camp\" \/>\n<meta property=\"og:description\" content=\"El municipio registra un 71.68% de participaci\u00f3n Un total de 5.048 vecinos y vecinas de Mont-roig, Miami Platja y las urbanizaciones han ejercido su derecho a voto en las elecciones al Parlament de Catalunya, celebradas este domingo 27 de septiembre. Una cifra que representa el 71,68% de participaci\u00f3n. Por orden de resultados, Junts pel S\u00ed [&hellip;]\" \/>\n<meta property=\"og:url\" content=\"https:\/\/mont-roig.cat\/es\/actualitat\/noticies\/resultados-elecciones-al-parlament-de-catalunya-en-mont-roig-del-camp\/\" \/>\n<meta property=\"og:site_name\" content=\"Ajuntament de Mont-roig del Camp\" \/>\n<meta property=\"article:published_time\" content=\"2015-09-28T10:46:03+00:00\" \/>\n<meta property=\"og:image\" content=\"https:\/\/mont-roig.cat\/wp-content\/uploads\/eleccions_parlament_1.jpg\" \/>\n\t<meta property=\"og:image:width\" content=\"839\" \/>\n\t<meta property=\"og:image:height\" content=\"463\" \/>\n\t<meta property=\"og:image:type\" content=\"image\/jpeg\" \/>\n<meta name=\"author\" content=\"administrador\" \/>\n<meta name=\"twitter:card\" content=\"summary_large_image\" \/>\n<meta name=\"twitter:label1\" content=\"Escrito por\" \/>\n\t<meta name=\"twitter:data1\" content=\"administrador\" \/>\n\t<meta name=\"twitter:label2\" content=\"Tiempo de lectura\" \/>\n\t<meta name=\"twitter:data2\" content=\"1 minuto\" \/>\n<script type=\"application\/ld+json\" class=\"yoast-schema-graph\">{\"@context\":\"https:\\\/\\\/schema.org\",\"@graph\":[{\"@type\":\"Article\",\"@id\":\"https:\\\/\\\/mont-roig.cat\\\/es\\\/actualitat\\\/noticies\\\/resultados-elecciones-al-parlament-de-catalunya-en-mont-roig-del-camp\\\/#article\",\"isPartOf\":{\"@id\":\"https:\\\/\\\/mont-roig.cat\\\/es\\\/actualitat\\\/noticies\\\/resultados-elecciones-al-parlament-de-catalunya-en-mont-roig-del-camp\\\/\"},\"author\":{\"name\":\"administrador\",\"@id\":\"https:\\\/\\\/mont-roig.cat\\\/es\\\/#\\\/schema\\\/person\\\/f2b111789f22b7d0c3bd6786c9128cba\"},\"headline\":\"Resultados elecciones al Parlament de Catalunya en Mont-roig del Camp\",\"datePublished\":\"2015-09-28T10:46:03+00:00\",\"mainEntityOfPage\":{\"@id\":\"https:\\\/\\\/mont-roig.cat\\\/es\\\/actualitat\\\/noticies\\\/resultados-elecciones-al-parlament-de-catalunya-en-mont-roig-del-camp\\\/\"},\"wordCount\":172,\"commentCount\":0,\"image\":{\"@id\":\"https:\\\/\\\/mont-roig.cat\\\/es\\\/actualitat\\\/noticies\\\/resultados-elecciones-al-parlament-de-catalunya-en-mont-roig-del-camp\\\/#primaryimage\"},\"thumbnailUrl\":\"https:\\\/\\\/mont-roig.cat\\\/wp-content\\\/uploads\\\/eleccions_parlament_1.jpg\",\"articleSection\":[\"Otros\"],\"inLanguage\":\"es\"},{\"@type\":\"WebPage\",\"@id\":\"https:\\\/\\\/mont-roig.cat\\\/es\\\/actualitat\\\/noticies\\\/resultados-elecciones-al-parlament-de-catalunya-en-mont-roig-del-camp\\\/\",\"url\":\"https:\\\/\\\/mont-roig.cat\\\/es\\\/actualitat\\\/noticies\\\/resultados-elecciones-al-parlament-de-catalunya-en-mont-roig-del-camp\\\/\",\"name\":\"Resultados elecciones al Parlament de Catalunya en Mont-roig del Camp - Ajuntament de Mont-roig del Camp\",\"isPartOf\":{\"@id\":\"https:\\\/\\\/mont-roig.cat\\\/es\\\/#website\"},\"primaryImageOfPage\":{\"@id\":\"https:\\\/\\\/mont-roig.cat\\\/es\\\/actualitat\\\/noticies\\\/resultados-elecciones-al-parlament-de-catalunya-en-mont-roig-del-camp\\\/#primaryimage\"},\"image\":{\"@id\":\"https:\\\/\\\/mont-roig.cat\\\/es\\\/actualitat\\\/noticies\\\/resultados-elecciones-al-parlament-de-catalunya-en-mont-roig-del-camp\\\/#primaryimage\"},\"thumbnailUrl\":\"https:\\\/\\\/mont-roig.cat\\\/wp-content\\\/uploads\\\/eleccions_parlament_1.jpg\",\"datePublished\":\"2015-09-28T10:46:03+00:00\",\"author\":{\"@id\":\"https:\\\/\\\/mont-roig.cat\\\/es\\\/#\\\/schema\\\/person\\\/f2b111789f22b7d0c3bd6786c9128cba\"},\"breadcrumb\":{\"@id\":\"https:\\\/\\\/mont-roig.cat\\\/es\\\/actualitat\\\/noticies\\\/resultados-elecciones-al-parlament-de-catalunya-en-mont-roig-del-camp\\\/#breadcrumb\"},\"inLanguage\":\"es\",\"potentialAction\":[{\"@type\":\"ReadAction\",\"target\":[\"https:\\\/\\\/mont-roig.cat\\\/es\\\/actualitat\\\/noticies\\\/resultados-elecciones-al-parlament-de-catalunya-en-mont-roig-del-camp\\\/\"]}]},{\"@type\":\"ImageObject\",\"inLanguage\":\"es\",\"@id\":\"https:\\\/\\\/mont-roig.cat\\\/es\\\/actualitat\\\/noticies\\\/resultados-elecciones-al-parlament-de-catalunya-en-mont-roig-del-camp\\\/#primaryimage\",\"url\":\"https:\\\/\\\/mont-roig.cat\\\/wp-content\\\/uploads\\\/eleccions_parlament_1.jpg\",\"contentUrl\":\"https:\\\/\\\/mont-roig.cat\\\/wp-content\\\/uploads\\\/eleccions_parlament_1.jpg\",\"width\":839,\"height\":463},{\"@type\":\"BreadcrumbList\",\"@id\":\"https:\\\/\\\/mont-roig.cat\\\/es\\\/actualitat\\\/noticies\\\/resultados-elecciones-al-parlament-de-catalunya-en-mont-roig-del-camp\\\/#breadcrumb\",\"itemListElement\":[{\"@type\":\"ListItem\",\"position\":1,\"name\":\"Inici\",\"item\":\"https:\\\/\\\/mont-roig.cat\\\/es\\\/pagina-de-inicio\\\/\"},{\"@type\":\"ListItem\",\"position\":2,\"name\":\"Resultados elecciones al Parlament de Catalunya en Mont-roig del Camp\"}]},{\"@type\":\"WebSite\",\"@id\":\"https:\\\/\\\/mont-roig.cat\\\/es\\\/#website\",\"url\":\"https:\\\/\\\/mont-roig.cat\\\/es\\\/\",\"name\":\"Ajuntament de Mont-roig del Camp\",\"description\":\"Tota la informaci\u00f3 sobre la instituci\u00f3, els seus \u00f2rgans de govern, actualitat, serveis i molt m\u00e9s.\",\"potentialAction\":[{\"@type\":\"SearchAction\",\"target\":{\"@type\":\"EntryPoint\",\"urlTemplate\":\"https:\\\/\\\/mont-roig.cat\\\/es\\\/?s={search_term_string}\"},\"query-input\":{\"@type\":\"PropertyValueSpecification\",\"valueRequired\":true,\"valueName\":\"search_term_string\"}}],\"inLanguage\":\"es\"},{\"@type\":\"Person\",\"@id\":\"https:\\\/\\\/mont-roig.cat\\\/es\\\/#\\\/schema\\\/person\\\/f2b111789f22b7d0c3bd6786c9128cba\",\"name\":\"administrador\",\"image\":{\"@type\":\"ImageObject\",\"inLanguage\":\"es\",\"@id\":\"https:\\\/\\\/secure.gravatar.com\\\/avatar\\\/9137aac6891e2595c9d3036fd83bcb653b4db3c946db4c7d9b9be193c3c944bb?s=96&d=mm&r=g\",\"url\":\"https:\\\/\\\/secure.gravatar.com\\\/avatar\\\/9137aac6891e2595c9d3036fd83bcb653b4db3c946db4c7d9b9be193c3c944bb?s=96&d=mm&r=g\",\"contentUrl\":\"https:\\\/\\\/secure.gravatar.com\\\/avatar\\\/9137aac6891e2595c9d3036fd83bcb653b4db3c946db4c7d9b9be193c3c944bb?s=96&d=mm&r=g\",\"caption\":\"administrador\"},\"url\":\"https:\\\/\\\/mont-roig.cat\\\/es\\\/actualitat\\\/noticies\\\/author\\\/administrador\\\/\"}]}<\/script>\n<!-- \/ Yoast SEO plugin. -->","yoast_head_json":{"title":"Resultados elecciones al Parlament de Catalunya en Mont-roig del Camp - Ajuntament de Mont-roig del Camp","robots":{"index":"index","follow":"follow","max-snippet":"max-snippet:-1","max-image-preview":"max-image-preview:large","max-video-preview":"max-video-preview:-1"},"canonical":"https:\/\/mont-roig.cat\/es\/actualitat\/noticies\/resultados-elecciones-al-parlament-de-catalunya-en-mont-roig-del-camp\/","og_locale":"es_ES","og_type":"article","og_title":"Resultados elecciones al Parlament de Catalunya en Mont-roig del Camp - Ajuntament de Mont-roig del Camp","og_description":"El municipio registra un 71.68% de participaci\u00f3n Un total de 5.048 vecinos y vecinas de Mont-roig, Miami Platja y las urbanizaciones han ejercido su derecho a voto en las elecciones al Parlament de Catalunya, celebradas este domingo 27 de septiembre. Una cifra que representa el 71,68% de participaci\u00f3n. Por orden de resultados, Junts pel S\u00ed [&hellip;]","og_url":"https:\/\/mont-roig.cat\/es\/actualitat\/noticies\/resultados-elecciones-al-parlament-de-catalunya-en-mont-roig-del-camp\/","og_site_name":"Ajuntament de Mont-roig del Camp","article_published_time":"2015-09-28T10:46:03+00:00","og_image":[{"width":839,"height":463,"url":"https:\/\/mont-roig.cat\/wp-content\/uploads\/eleccions_parlament_1.jpg","type":"image\/jpeg"}],"author":"administrador","twitter_card":"summary_large_image","twitter_misc":{"Escrito por":"administrador","Tiempo de lectura":"1 minuto"},"schema":{"@context":"https:\/\/schema.org","@graph":[{"@type":"Article","@id":"https:\/\/mont-roig.cat\/es\/actualitat\/noticies\/resultados-elecciones-al-parlament-de-catalunya-en-mont-roig-del-camp\/#article","isPartOf":{"@id":"https:\/\/mont-roig.cat\/es\/actualitat\/noticies\/resultados-elecciones-al-parlament-de-catalunya-en-mont-roig-del-camp\/"},"author":{"name":"administrador","@id":"https:\/\/mont-roig.cat\/es\/#\/schema\/person\/f2b111789f22b7d0c3bd6786c9128cba"},"headline":"Resultados elecciones al Parlament de Catalunya en Mont-roig del Camp","datePublished":"2015-09-28T10:46:03+00:00","mainEntityOfPage":{"@id":"https:\/\/mont-roig.cat\/es\/actualitat\/noticies\/resultados-elecciones-al-parlament-de-catalunya-en-mont-roig-del-camp\/"},"wordCount":172,"commentCount":0,"image":{"@id":"https:\/\/mont-roig.cat\/es\/actualitat\/noticies\/resultados-elecciones-al-parlament-de-catalunya-en-mont-roig-del-camp\/#primaryimage"},"thumbnailUrl":"https:\/\/mont-roig.cat\/wp-content\/uploads\/eleccions_parlament_1.jpg","articleSection":["Otros"],"inLanguage":"es"},{"@type":"WebPage","@id":"https:\/\/mont-roig.cat\/es\/actualitat\/noticies\/resultados-elecciones-al-parlament-de-catalunya-en-mont-roig-del-camp\/","url":"https:\/\/mont-roig.cat\/es\/actualitat\/noticies\/resultados-elecciones-al-parlament-de-catalunya-en-mont-roig-del-camp\/","name":"Resultados elecciones al Parlament de Catalunya en Mont-roig del Camp - Ajuntament de Mont-roig del Camp","isPartOf":{"@id":"https:\/\/mont-roig.cat\/es\/#website"},"primaryImageOfPage":{"@id":"https:\/\/mont-roig.cat\/es\/actualitat\/noticies\/resultados-elecciones-al-parlament-de-catalunya-en-mont-roig-del-camp\/#primaryimage"},"image":{"@id":"https:\/\/mont-roig.cat\/es\/actualitat\/noticies\/resultados-elecciones-al-parlament-de-catalunya-en-mont-roig-del-camp\/#primaryimage"},"thumbnailUrl":"https:\/\/mont-roig.cat\/wp-content\/uploads\/eleccions_parlament_1.jpg","datePublished":"2015-09-28T10:46:03+00:00","author":{"@id":"https:\/\/mont-roig.cat\/es\/#\/schema\/person\/f2b111789f22b7d0c3bd6786c9128cba"},"breadcrumb":{"@id":"https:\/\/mont-roig.cat\/es\/actualitat\/noticies\/resultados-elecciones-al-parlament-de-catalunya-en-mont-roig-del-camp\/#breadcrumb"},"inLanguage":"es","potentialAction":[{"@type":"ReadAction","target":["https:\/\/mont-roig.cat\/es\/actualitat\/noticies\/resultados-elecciones-al-parlament-de-catalunya-en-mont-roig-del-camp\/"]}]},{"@type":"ImageObject","inLanguage":"es","@id":"https:\/\/mont-roig.cat\/es\/actualitat\/noticies\/resultados-elecciones-al-parlament-de-catalunya-en-mont-roig-del-camp\/#primaryimage","url":"https:\/\/mont-roig.cat\/wp-content\/uploads\/eleccions_parlament_1.jpg","contentUrl":"https:\/\/mont-roig.cat\/wp-content\/uploads\/eleccions_parlament_1.jpg","width":839,"height":463},{"@type":"BreadcrumbList","@id":"https:\/\/mont-roig.cat\/es\/actualitat\/noticies\/resultados-elecciones-al-parlament-de-catalunya-en-mont-roig-del-camp\/#breadcrumb","itemListElement":[{"@type":"ListItem","position":1,"name":"Inici","item":"https:\/\/mont-roig.cat\/es\/pagina-de-inicio\/"},{"@type":"ListItem","position":2,"name":"Resultados elecciones al Parlament de Catalunya en Mont-roig del Camp"}]},{"@type":"WebSite","@id":"https:\/\/mont-roig.cat\/es\/#website","url":"https:\/\/mont-roig.cat\/es\/","name":"Ajuntament de Mont-roig del Camp","description":"Tota la informaci\u00f3 sobre la instituci\u00f3, els seus \u00f2rgans de govern, actualitat, serveis i molt m\u00e9s.","potentialAction":[{"@type":"SearchAction","target":{"@type":"EntryPoint","urlTemplate":"https:\/\/mont-roig.cat\/es\/?s={search_term_string}"},"query-input":{"@type":"PropertyValueSpecification","valueRequired":true,"valueName":"search_term_string"}}],"inLanguage":"es"},{"@type":"Person","@id":"https:\/\/mont-roig.cat\/es\/#\/schema\/person\/f2b111789f22b7d0c3bd6786c9128cba","name":"administrador","image":{"@type":"ImageObject","inLanguage":"es","@id":"https:\/\/secure.gravatar.com\/avatar\/9137aac6891e2595c9d3036fd83bcb653b4db3c946db4c7d9b9be193c3c944bb?s=96&d=mm&r=g","url":"https:\/\/secure.gravatar.com\/avatar\/9137aac6891e2595c9d3036fd83bcb653b4db3c946db4c7d9b9be193c3c944bb?s=96&d=mm&r=g","contentUrl":"https:\/\/secure.gravatar.com\/avatar\/9137aac6891e2595c9d3036fd83bcb653b4db3c946db4c7d9b9be193c3c944bb?s=96&d=mm&r=g","caption":"administrador"},"url":"https:\/\/mont-roig.cat\/es\/actualitat\/noticies\/author\/administrador\/"}]}},"_links":{"self":[{"href":"https:\/\/mont-roig.cat\/es\/wp-json\/wp\/v2\/posts\/4612","targetHints":{"allow":["GET"]}}],"collection":[{"href":"https:\/\/mont-roig.cat\/es\/wp-json\/wp\/v2\/posts"}],"about":[{"href":"https:\/\/mont-roig.cat\/es\/wp-json\/wp\/v2\/types\/post"}],"author":[{"embeddable":true,"href":"https:\/\/mont-roig.cat\/es\/wp-json\/wp\/v2\/users\/4"}],"replies":[{"embeddable":true,"href":"https:\/\/mont-roig.cat\/es\/wp-json\/wp\/v2\/comments?post=4612"}],"version-history":[{"count":0,"href":"https:\/\/mont-roig.cat\/es\/wp-json\/wp\/v2\/posts\/4612\/revisions"}],"wp:featuredmedia":[{"embeddable":true,"href":"https:\/\/mont-roig.cat\/es\/wp-json\/wp\/v2\/media\/7072"}],"wp:attachment":[{"href":"https:\/\/mont-roig.cat\/es\/wp-json\/wp\/v2\/media?parent=4612"}],"wp:term":[{"taxonomy":"category","embeddable":true,"href":"https:\/\/mont-roig.cat\/es\/wp-json\/wp\/v2\/categories?post=4612"},{"taxonomy":"post_tag","embeddable":true,"href":"https:\/\/mont-roig.cat\/es\/wp-json\/wp\/v2\/tags?post=4612"}],"curies":[{"name":"wp","href":"https:\/\/api.w.org\/{rel}","templated":true}]}}