{"id":4622,"date":"2015-10-07T08:47:57","date_gmt":"2015-10-07T08:47:57","guid":{"rendered":""},"modified":"2015-10-07T08:47:57","modified_gmt":"2015-10-07T08:47:57","slug":"la-ruta-del-paisaje-de-los-genios-marcha-los-sabados-de-otono-con-la-salida-de-marcha","status":"publish","type":"post","link":"https:\/\/mont-roig.cat\/es\/actualitat\/noticies\/la-ruta-del-paisaje-de-los-genios-marcha-los-sabados-de-otono-con-la-salida-de-marcha\/","title":{"rendered":"La Ruta del Paisaje de los Genios marcha los s\u00e1bados de oto\u00f1o con la salida de marcha n\u00f3rdica &#8220;Paisajes de Mir\u00f3 en Mont-roig&#8221;"},"content":{"rendered":"<div class=\"body\">\n<div>\n<p><img decoding=\"async\" alt=\"Ruta del Paisaje de los Genios\" class=\"requadre\" src=\"http:\/\/mont-roig.cat\/wp-content\/uploads\/dissabtestardor_paisatgegenis_miro.jpg\" style=\"width: 300px; height: 300px; margin: 10px; float: right;\" title=\"Ruta del Paisaje de los Genios\" \/><\/p>\n<p>La primera actividad de los &#8220;S\u00e1bados de oto\u00f1o&#8221; de la Ruta del Paisaje de los Genios ser\u00e1 la salida de marcha n\u00f3rdica &#8220;Paisajes de Mir\u00f3 en Mont-roig&#8221;, que tendr\u00e1 lugar este s\u00e1bado 10 de octubre.<\/p>\n<p>Con punto de partida en Colldejou y llegada al Centro Mir\u00f3 de Mont-roig del Camp, los participantes recorrer\u00e1n 15 km con un grado de dificultad bajo. La salida, que empezar\u00e1 a las 9h y durar\u00e1 4 horas con una parada prevista para el desayuno, recorrer\u00e1 entornos naturales de gran belleza natural y patrimonial como la ermita de la Mare de D\u00e9u de la Roca y la capilla de Sant Ram\u00f3n retratada por Joan Mir\u00f3 en el cuadro &#8220;Mont-roig Sant Ram\u00f3n&#8221; 1916.<\/p>\n<p>Esta actividad especial, organizada por el Patronato de Turismo del Vendrell a trav\u00e9s de su programa de salidas de marcha n\u00f3rdica, quiere acercar los entornos de la Ruta del Paisaje de los Genios a los practicantes de la marcha n\u00f3rdica. Se vincula de esta forma los municipios que forman parte de la Ruta y se generan flujos entre ellos. La iniciativa cuenta con la colaboraci\u00f3n de Turismo Montroig-Miami aunque las inscripciones se deben realizar en el Patronato de Turismo del Vendrell.<\/p>\n<p>El precio de la actividad es de 10 \u20ac por persona (5 \u20ac con la Tarjeta de marcha n\u00f3rdica) e incluye la Tarjeta Genial de la Ruta del Paisaje de los Genios. Esta es una multi-entrada que da acceso a la entrada a los centros culturales de la ruta, as\u00ed como descuentos y promociones en restaurantes, alojamientos y empresas de actividades, entre otros.<\/p>\n<p>El Patronato de Turismo del Vendrell pone a disposici\u00f3n de los participantes de la actividad, el servicio de transporte con salida desde Comarruga (el Riuet) que har\u00e1 paradas en Tarragona (plaza imperial Tarraco) y Reus (Reus Ploms) para recoger a las personas de otras localidades.<\/p>\n<p>Aquellos participantes que prefieran ir con veh\u00edculo particular, pueden hacerlo. En este caso el punto de encuentro ser\u00e1 Colldejou, punto de salida de la ruta.<\/p>\n<p>Inscripciones: Oficina de Turismo de El Vendrell. informacio@elvendrellturistic.com. Tel\u00e9fono 977- 680010<\/p>\n<\/div>\n<\/div>\n<div class=\"field_noticia_img_portada\">\n<div>Imatge portada<\/div>\n<p><img decoding=\"async\" src=\"http:\/\/mont-roig.cat\/wp-content\/uploads\/dissabtestardor_paisatgegenis_miro_0.jpg\" title=\"dissabtestardor_paisatgegenis_miro.jpg\" alt=\"dissabtestardor_paisatgegenis_miro.jpg\" \/><\/div>\n","protected":false},"excerpt":{"rendered":"<p>La primera actividad de los &#8220;S\u00e1bados de oto\u00f1o&#8221; de la Ruta del Paisaje de los Genios ser\u00e1 la salida de marcha n\u00f3rdica &#8220;Paisajes de Mir\u00f3 en Mont-roig&#8221;, que tendr\u00e1 lugar este s\u00e1bado 10 de octubre. Con punto de partida en Colldejou y llegada al Centro Mir\u00f3 de Mont-roig del Camp, los participantes recorrer\u00e1n 15 km [&hellip;]<\/p>\n","protected":false},"author":4,"featured_media":7105,"comment_status":"open","ping_status":"open","sticky":false,"template":"","format":"standard","meta":{"inline_featured_image":false,"_monsterinsights_skip_tracking":false,"_monsterinsights_sitenote_active":false,"_monsterinsights_sitenote_note":"","_monsterinsights_sitenote_category":0,"footnotes":""},"categories":[115],"tags":[],"class_list":["post-4622","post","type-post","status-publish","format-standard","has-post-thumbnail","hentry","category-turismo"],"yoast_head":"<!-- This site is optimized with the Yoast SEO plugin v27.4 - https:\/\/yoast.com\/product\/yoast-seo-wordpress\/ -->\n<title>La Ruta del Paisaje de los Genios marcha los s\u00e1bados de oto\u00f1o con la salida de marcha n\u00f3rdica &quot;Paisajes de Mir\u00f3 en Mont-roig&quot; - Ajuntament de Mont-roig del Camp<\/title>\n<meta name=\"robots\" content=\"index, follow, max-snippet:-1, max-image-preview:large, max-video-preview:-1\" \/>\n<link rel=\"canonical\" href=\"https:\/\/mont-roig.cat\/es\/actualitat\/noticies\/la-ruta-del-paisaje-de-los-genios-marcha-los-sabados-de-otono-con-la-salida-de-marcha\/\" \/>\n<meta property=\"og:locale\" content=\"es_ES\" \/>\n<meta property=\"og:type\" content=\"article\" \/>\n<meta property=\"og:title\" content=\"La Ruta del Paisaje de los Genios marcha los s\u00e1bados de oto\u00f1o con la salida de marcha n\u00f3rdica &quot;Paisajes de Mir\u00f3 en Mont-roig&quot; - Ajuntament de Mont-roig del Camp\" \/>\n<meta property=\"og:description\" content=\"La primera actividad de los &#8220;S\u00e1bados de oto\u00f1o&#8221; de la Ruta del Paisaje de los Genios ser\u00e1 la salida de marcha n\u00f3rdica &#8220;Paisajes de Mir\u00f3 en Mont-roig&#8221;, que tendr\u00e1 lugar este s\u00e1bado 10 de octubre. Con punto de partida en Colldejou y llegada al Centro Mir\u00f3 de Mont-roig del Camp, los participantes recorrer\u00e1n 15 km [&hellip;]\" \/>\n<meta property=\"og:url\" content=\"https:\/\/mont-roig.cat\/es\/actualitat\/noticies\/la-ruta-del-paisaje-de-los-genios-marcha-los-sabados-de-otono-con-la-salida-de-marcha\/\" \/>\n<meta property=\"og:site_name\" content=\"Ajuntament de Mont-roig del Camp\" \/>\n<meta property=\"article:published_time\" content=\"2015-10-07T08:47:57+00:00\" \/>\n<meta property=\"og:image\" content=\"https:\/\/mont-roig.cat\/wp-content\/uploads\/dissabtestardor_paisatgegenis_miro.jpg\" \/>\n\t<meta property=\"og:image:width\" content=\"627\" \/>\n\t<meta property=\"og:image:height\" content=\"627\" \/>\n\t<meta property=\"og:image:type\" content=\"image\/jpeg\" \/>\n<meta name=\"author\" content=\"administrador\" \/>\n<meta name=\"twitter:card\" content=\"summary_large_image\" \/>\n<meta name=\"twitter:label1\" content=\"Escrito por\" \/>\n\t<meta name=\"twitter:data1\" content=\"administrador\" \/>\n\t<meta name=\"twitter:label2\" content=\"Tiempo de lectura\" \/>\n\t<meta name=\"twitter:data2\" content=\"2 minutos\" \/>\n<script type=\"application\/ld+json\" class=\"yoast-schema-graph\">{\"@context\":\"https:\\\/\\\/schema.org\",\"@graph\":[{\"@type\":\"Article\",\"@id\":\"https:\\\/\\\/mont-roig.cat\\\/es\\\/actualitat\\\/noticies\\\/la-ruta-del-paisaje-de-los-genios-marcha-los-sabados-de-otono-con-la-salida-de-marcha\\\/#article\",\"isPartOf\":{\"@id\":\"https:\\\/\\\/mont-roig.cat\\\/es\\\/actualitat\\\/noticies\\\/la-ruta-del-paisaje-de-los-genios-marcha-los-sabados-de-otono-con-la-salida-de-marcha\\\/\"},\"author\":{\"name\":\"administrador\",\"@id\":\"https:\\\/\\\/mont-roig.cat\\\/es\\\/#\\\/schema\\\/person\\\/f2b111789f22b7d0c3bd6786c9128cba\"},\"headline\":\"La Ruta del Paisaje de los Genios marcha los s\u00e1bados de oto\u00f1o con la salida de marcha n\u00f3rdica &#8220;Paisajes de Mir\u00f3 en Mont-roig&#8221;\",\"datePublished\":\"2015-10-07T08:47:57+00:00\",\"mainEntityOfPage\":{\"@id\":\"https:\\\/\\\/mont-roig.cat\\\/es\\\/actualitat\\\/noticies\\\/la-ruta-del-paisaje-de-los-genios-marcha-los-sabados-de-otono-con-la-salida-de-marcha\\\/\"},\"wordCount\":378,\"commentCount\":0,\"image\":{\"@id\":\"https:\\\/\\\/mont-roig.cat\\\/es\\\/actualitat\\\/noticies\\\/la-ruta-del-paisaje-de-los-genios-marcha-los-sabados-de-otono-con-la-salida-de-marcha\\\/#primaryimage\"},\"thumbnailUrl\":\"https:\\\/\\\/mont-roig.cat\\\/wp-content\\\/uploads\\\/dissabtestardor_paisatgegenis_miro.jpg\",\"articleSection\":[\"Turismo\"],\"inLanguage\":\"es\"},{\"@type\":\"WebPage\",\"@id\":\"https:\\\/\\\/mont-roig.cat\\\/es\\\/actualitat\\\/noticies\\\/la-ruta-del-paisaje-de-los-genios-marcha-los-sabados-de-otono-con-la-salida-de-marcha\\\/\",\"url\":\"https:\\\/\\\/mont-roig.cat\\\/es\\\/actualitat\\\/noticies\\\/la-ruta-del-paisaje-de-los-genios-marcha-los-sabados-de-otono-con-la-salida-de-marcha\\\/\",\"name\":\"La Ruta del Paisaje de los Genios marcha los s\u00e1bados de oto\u00f1o con la salida de marcha n\u00f3rdica \\\"Paisajes de Mir\u00f3 en Mont-roig\\\" - Ajuntament de Mont-roig del Camp\",\"isPartOf\":{\"@id\":\"https:\\\/\\\/mont-roig.cat\\\/es\\\/#website\"},\"primaryImageOfPage\":{\"@id\":\"https:\\\/\\\/mont-roig.cat\\\/es\\\/actualitat\\\/noticies\\\/la-ruta-del-paisaje-de-los-genios-marcha-los-sabados-de-otono-con-la-salida-de-marcha\\\/#primaryimage\"},\"image\":{\"@id\":\"https:\\\/\\\/mont-roig.cat\\\/es\\\/actualitat\\\/noticies\\\/la-ruta-del-paisaje-de-los-genios-marcha-los-sabados-de-otono-con-la-salida-de-marcha\\\/#primaryimage\"},\"thumbnailUrl\":\"https:\\\/\\\/mont-roig.cat\\\/wp-content\\\/uploads\\\/dissabtestardor_paisatgegenis_miro.jpg\",\"datePublished\":\"2015-10-07T08:47:57+00:00\",\"author\":{\"@id\":\"https:\\\/\\\/mont-roig.cat\\\/es\\\/#\\\/schema\\\/person\\\/f2b111789f22b7d0c3bd6786c9128cba\"},\"breadcrumb\":{\"@id\":\"https:\\\/\\\/mont-roig.cat\\\/es\\\/actualitat\\\/noticies\\\/la-ruta-del-paisaje-de-los-genios-marcha-los-sabados-de-otono-con-la-salida-de-marcha\\\/#breadcrumb\"},\"inLanguage\":\"es\",\"potentialAction\":[{\"@type\":\"ReadAction\",\"target\":[\"https:\\\/\\\/mont-roig.cat\\\/es\\\/actualitat\\\/noticies\\\/la-ruta-del-paisaje-de-los-genios-marcha-los-sabados-de-otono-con-la-salida-de-marcha\\\/\"]}]},{\"@type\":\"ImageObject\",\"inLanguage\":\"es\",\"@id\":\"https:\\\/\\\/mont-roig.cat\\\/es\\\/actualitat\\\/noticies\\\/la-ruta-del-paisaje-de-los-genios-marcha-los-sabados-de-otono-con-la-salida-de-marcha\\\/#primaryimage\",\"url\":\"https:\\\/\\\/mont-roig.cat\\\/wp-content\\\/uploads\\\/dissabtestardor_paisatgegenis_miro.jpg\",\"contentUrl\":\"https:\\\/\\\/mont-roig.cat\\\/wp-content\\\/uploads\\\/dissabtestardor_paisatgegenis_miro.jpg\",\"width\":627,\"height\":627},{\"@type\":\"BreadcrumbList\",\"@id\":\"https:\\\/\\\/mont-roig.cat\\\/es\\\/actualitat\\\/noticies\\\/la-ruta-del-paisaje-de-los-genios-marcha-los-sabados-de-otono-con-la-salida-de-marcha\\\/#breadcrumb\",\"itemListElement\":[{\"@type\":\"ListItem\",\"position\":1,\"name\":\"Inici\",\"item\":\"https:\\\/\\\/mont-roig.cat\\\/es\\\/pagina-de-inicio\\\/\"},{\"@type\":\"ListItem\",\"position\":2,\"name\":\"La Ruta del Paisaje de los Genios marcha los s\u00e1bados de oto\u00f1o con la salida de marcha n\u00f3rdica &#8220;Paisajes de Mir\u00f3 en Mont-roig&#8221;\"}]},{\"@type\":\"WebSite\",\"@id\":\"https:\\\/\\\/mont-roig.cat\\\/es\\\/#website\",\"url\":\"https:\\\/\\\/mont-roig.cat\\\/es\\\/\",\"name\":\"Ajuntament de Mont-roig del Camp\",\"description\":\"Tota la informaci\u00f3 sobre la instituci\u00f3, els seus \u00f2rgans de govern, actualitat, serveis i molt m\u00e9s.\",\"potentialAction\":[{\"@type\":\"SearchAction\",\"target\":{\"@type\":\"EntryPoint\",\"urlTemplate\":\"https:\\\/\\\/mont-roig.cat\\\/es\\\/?s={search_term_string}\"},\"query-input\":{\"@type\":\"PropertyValueSpecification\",\"valueRequired\":true,\"valueName\":\"search_term_string\"}}],\"inLanguage\":\"es\"},{\"@type\":\"Person\",\"@id\":\"https:\\\/\\\/mont-roig.cat\\\/es\\\/#\\\/schema\\\/person\\\/f2b111789f22b7d0c3bd6786c9128cba\",\"name\":\"administrador\",\"image\":{\"@type\":\"ImageObject\",\"inLanguage\":\"es\",\"@id\":\"https:\\\/\\\/secure.gravatar.com\\\/avatar\\\/9137aac6891e2595c9d3036fd83bcb653b4db3c946db4c7d9b9be193c3c944bb?s=96&d=mm&r=g\",\"url\":\"https:\\\/\\\/secure.gravatar.com\\\/avatar\\\/9137aac6891e2595c9d3036fd83bcb653b4db3c946db4c7d9b9be193c3c944bb?s=96&d=mm&r=g\",\"contentUrl\":\"https:\\\/\\\/secure.gravatar.com\\\/avatar\\\/9137aac6891e2595c9d3036fd83bcb653b4db3c946db4c7d9b9be193c3c944bb?s=96&d=mm&r=g\",\"caption\":\"administrador\"},\"url\":\"https:\\\/\\\/mont-roig.cat\\\/es\\\/actualitat\\\/noticies\\\/author\\\/administrador\\\/\"}]}<\/script>\n<!-- \/ Yoast SEO plugin. -->","yoast_head_json":{"title":"La Ruta del Paisaje de los Genios marcha los s\u00e1bados de oto\u00f1o con la salida de marcha n\u00f3rdica \"Paisajes de Mir\u00f3 en Mont-roig\" - Ajuntament de Mont-roig del Camp","robots":{"index":"index","follow":"follow","max-snippet":"max-snippet:-1","max-image-preview":"max-image-preview:large","max-video-preview":"max-video-preview:-1"},"canonical":"https:\/\/mont-roig.cat\/es\/actualitat\/noticies\/la-ruta-del-paisaje-de-los-genios-marcha-los-sabados-de-otono-con-la-salida-de-marcha\/","og_locale":"es_ES","og_type":"article","og_title":"La Ruta del Paisaje de los Genios marcha los s\u00e1bados de oto\u00f1o con la salida de marcha n\u00f3rdica \"Paisajes de Mir\u00f3 en Mont-roig\" - Ajuntament de Mont-roig del Camp","og_description":"La primera actividad de los &#8220;S\u00e1bados de oto\u00f1o&#8221; de la Ruta del Paisaje de los Genios ser\u00e1 la salida de marcha n\u00f3rdica &#8220;Paisajes de Mir\u00f3 en Mont-roig&#8221;, que tendr\u00e1 lugar este s\u00e1bado 10 de octubre. Con punto de partida en Colldejou y llegada al Centro Mir\u00f3 de Mont-roig del Camp, los participantes recorrer\u00e1n 15 km [&hellip;]","og_url":"https:\/\/mont-roig.cat\/es\/actualitat\/noticies\/la-ruta-del-paisaje-de-los-genios-marcha-los-sabados-de-otono-con-la-salida-de-marcha\/","og_site_name":"Ajuntament de Mont-roig del Camp","article_published_time":"2015-10-07T08:47:57+00:00","og_image":[{"width":627,"height":627,"url":"https:\/\/mont-roig.cat\/wp-content\/uploads\/dissabtestardor_paisatgegenis_miro.jpg","type":"image\/jpeg"}],"author":"administrador","twitter_card":"summary_large_image","twitter_misc":{"Escrito por":"administrador","Tiempo de lectura":"2 minutos"},"schema":{"@context":"https:\/\/schema.org","@graph":[{"@type":"Article","@id":"https:\/\/mont-roig.cat\/es\/actualitat\/noticies\/la-ruta-del-paisaje-de-los-genios-marcha-los-sabados-de-otono-con-la-salida-de-marcha\/#article","isPartOf":{"@id":"https:\/\/mont-roig.cat\/es\/actualitat\/noticies\/la-ruta-del-paisaje-de-los-genios-marcha-los-sabados-de-otono-con-la-salida-de-marcha\/"},"author":{"name":"administrador","@id":"https:\/\/mont-roig.cat\/es\/#\/schema\/person\/f2b111789f22b7d0c3bd6786c9128cba"},"headline":"La Ruta del Paisaje de los Genios marcha los s\u00e1bados de oto\u00f1o con la salida de marcha n\u00f3rdica &#8220;Paisajes de Mir\u00f3 en Mont-roig&#8221;","datePublished":"2015-10-07T08:47:57+00:00","mainEntityOfPage":{"@id":"https:\/\/mont-roig.cat\/es\/actualitat\/noticies\/la-ruta-del-paisaje-de-los-genios-marcha-los-sabados-de-otono-con-la-salida-de-marcha\/"},"wordCount":378,"commentCount":0,"image":{"@id":"https:\/\/mont-roig.cat\/es\/actualitat\/noticies\/la-ruta-del-paisaje-de-los-genios-marcha-los-sabados-de-otono-con-la-salida-de-marcha\/#primaryimage"},"thumbnailUrl":"https:\/\/mont-roig.cat\/wp-content\/uploads\/dissabtestardor_paisatgegenis_miro.jpg","articleSection":["Turismo"],"inLanguage":"es"},{"@type":"WebPage","@id":"https:\/\/mont-roig.cat\/es\/actualitat\/noticies\/la-ruta-del-paisaje-de-los-genios-marcha-los-sabados-de-otono-con-la-salida-de-marcha\/","url":"https:\/\/mont-roig.cat\/es\/actualitat\/noticies\/la-ruta-del-paisaje-de-los-genios-marcha-los-sabados-de-otono-con-la-salida-de-marcha\/","name":"La Ruta del Paisaje de los Genios marcha los s\u00e1bados de oto\u00f1o con la salida de marcha n\u00f3rdica \"Paisajes de Mir\u00f3 en Mont-roig\" - Ajuntament de Mont-roig del Camp","isPartOf":{"@id":"https:\/\/mont-roig.cat\/es\/#website"},"primaryImageOfPage":{"@id":"https:\/\/mont-roig.cat\/es\/actualitat\/noticies\/la-ruta-del-paisaje-de-los-genios-marcha-los-sabados-de-otono-con-la-salida-de-marcha\/#primaryimage"},"image":{"@id":"https:\/\/mont-roig.cat\/es\/actualitat\/noticies\/la-ruta-del-paisaje-de-los-genios-marcha-los-sabados-de-otono-con-la-salida-de-marcha\/#primaryimage"},"thumbnailUrl":"https:\/\/mont-roig.cat\/wp-content\/uploads\/dissabtestardor_paisatgegenis_miro.jpg","datePublished":"2015-10-07T08:47:57+00:00","author":{"@id":"https:\/\/mont-roig.cat\/es\/#\/schema\/person\/f2b111789f22b7d0c3bd6786c9128cba"},"breadcrumb":{"@id":"https:\/\/mont-roig.cat\/es\/actualitat\/noticies\/la-ruta-del-paisaje-de-los-genios-marcha-los-sabados-de-otono-con-la-salida-de-marcha\/#breadcrumb"},"inLanguage":"es","potentialAction":[{"@type":"ReadAction","target":["https:\/\/mont-roig.cat\/es\/actualitat\/noticies\/la-ruta-del-paisaje-de-los-genios-marcha-los-sabados-de-otono-con-la-salida-de-marcha\/"]}]},{"@type":"ImageObject","inLanguage":"es","@id":"https:\/\/mont-roig.cat\/es\/actualitat\/noticies\/la-ruta-del-paisaje-de-los-genios-marcha-los-sabados-de-otono-con-la-salida-de-marcha\/#primaryimage","url":"https:\/\/mont-roig.cat\/wp-content\/uploads\/dissabtestardor_paisatgegenis_miro.jpg","contentUrl":"https:\/\/mont-roig.cat\/wp-content\/uploads\/dissabtestardor_paisatgegenis_miro.jpg","width":627,"height":627},{"@type":"BreadcrumbList","@id":"https:\/\/mont-roig.cat\/es\/actualitat\/noticies\/la-ruta-del-paisaje-de-los-genios-marcha-los-sabados-de-otono-con-la-salida-de-marcha\/#breadcrumb","itemListElement":[{"@type":"ListItem","position":1,"name":"Inici","item":"https:\/\/mont-roig.cat\/es\/pagina-de-inicio\/"},{"@type":"ListItem","position":2,"name":"La Ruta del Paisaje de los Genios marcha los s\u00e1bados de oto\u00f1o con la salida de marcha n\u00f3rdica &#8220;Paisajes de Mir\u00f3 en Mont-roig&#8221;"}]},{"@type":"WebSite","@id":"https:\/\/mont-roig.cat\/es\/#website","url":"https:\/\/mont-roig.cat\/es\/","name":"Ajuntament de Mont-roig del Camp","description":"Tota la informaci\u00f3 sobre la instituci\u00f3, els seus \u00f2rgans de govern, actualitat, serveis i molt m\u00e9s.","potentialAction":[{"@type":"SearchAction","target":{"@type":"EntryPoint","urlTemplate":"https:\/\/mont-roig.cat\/es\/?s={search_term_string}"},"query-input":{"@type":"PropertyValueSpecification","valueRequired":true,"valueName":"search_term_string"}}],"inLanguage":"es"},{"@type":"Person","@id":"https:\/\/mont-roig.cat\/es\/#\/schema\/person\/f2b111789f22b7d0c3bd6786c9128cba","name":"administrador","image":{"@type":"ImageObject","inLanguage":"es","@id":"https:\/\/secure.gravatar.com\/avatar\/9137aac6891e2595c9d3036fd83bcb653b4db3c946db4c7d9b9be193c3c944bb?s=96&d=mm&r=g","url":"https:\/\/secure.gravatar.com\/avatar\/9137aac6891e2595c9d3036fd83bcb653b4db3c946db4c7d9b9be193c3c944bb?s=96&d=mm&r=g","contentUrl":"https:\/\/secure.gravatar.com\/avatar\/9137aac6891e2595c9d3036fd83bcb653b4db3c946db4c7d9b9be193c3c944bb?s=96&d=mm&r=g","caption":"administrador"},"url":"https:\/\/mont-roig.cat\/es\/actualitat\/noticies\/author\/administrador\/"}]}},"_links":{"self":[{"href":"https:\/\/mont-roig.cat\/es\/wp-json\/wp\/v2\/posts\/4622","targetHints":{"allow":["GET"]}}],"collection":[{"href":"https:\/\/mont-roig.cat\/es\/wp-json\/wp\/v2\/posts"}],"about":[{"href":"https:\/\/mont-roig.cat\/es\/wp-json\/wp\/v2\/types\/post"}],"author":[{"embeddable":true,"href":"https:\/\/mont-roig.cat\/es\/wp-json\/wp\/v2\/users\/4"}],"replies":[{"embeddable":true,"href":"https:\/\/mont-roig.cat\/es\/wp-json\/wp\/v2\/comments?post=4622"}],"version-history":[{"count":0,"href":"https:\/\/mont-roig.cat\/es\/wp-json\/wp\/v2\/posts\/4622\/revisions"}],"wp:featuredmedia":[{"embeddable":true,"href":"https:\/\/mont-roig.cat\/es\/wp-json\/wp\/v2\/media\/7105"}],"wp:attachment":[{"href":"https:\/\/mont-roig.cat\/es\/wp-json\/wp\/v2\/media?parent=4622"}],"wp:term":[{"taxonomy":"category","embeddable":true,"href":"https:\/\/mont-roig.cat\/es\/wp-json\/wp\/v2\/categories?post=4622"},{"taxonomy":"post_tag","embeddable":true,"href":"https:\/\/mont-roig.cat\/es\/wp-json\/wp\/v2\/tags?post=4622"}],"curies":[{"name":"wp","href":"https:\/\/api.w.org\/{rel}","templated":true}]}}