{"id":4624,"date":"2015-10-07T12:00:34","date_gmt":"2015-10-07T12:00:34","guid":{"rendered":""},"modified":"2015-10-07T12:00:34","modified_gmt":"2015-10-07T12:00:34","slug":"salida-fotografica-para-descubrir-el-patrimonio-arquitectonico-del-municipio","status":"publish","type":"post","link":"https:\/\/mont-roig.cat\/es\/actualitat\/noticies\/salida-fotografica-para-descubrir-el-patrimonio-arquitectonico-del-municipio\/","title":{"rendered":"Salida fotogr\u00e1fica para descubrir el patrimonio arquitect\u00f3nico del municipio"},"content":{"rendered":"<div class=\"body\">\n<div>\n<p><strong><img decoding=\"async\" alt=\"Jornadas Europeas del Patrimonio\" class=\"requadre\" src=\"http:\/\/mont-roig.cat\/wp-content\/uploads\/jornades_europees_del_patrimoni_2015_1.png\" style=\"width: 200px; height: 283px; margin: 10px; float: right;\" title=\"Jornadas Europeas del Patrimonio\" \/>La iniciativa de la Concejal\u00eda de Cultura se enmarca dentro de las Jornadas Europeas del Patrimonio<\/strong><\/p>\n<p>La Concejal\u00eda de Cultura del Ayuntamiento de Mont-roig del Camp organiza una salida fotogr\u00e1fica para descubrir el patrimonio arquitect\u00f3nico del municipio. La actividad forma parte de las Jornadas Europeas del Patrimonio que se celebran en toda Europa los pr\u00f3ximos 9,10,11 y 12 de octubre.<\/p>\n<p>La biblioteca Joan Mir\u00f3 de Mont-roig ser\u00e1 el punto de encuentro de la salida que se realizar\u00e1 este s\u00e1bado, 10 de octubre, a las 10 de la ma\u00f1ana. Con la actividad &#8220;Una mirada al patrimonio&#8221; los participantes realizar\u00e1n una ruta por los elementos m\u00e1s emblem\u00e1ticos de la arquitectura local. El objetivo es que la fotograf\u00eda sirva para captar y fijar el testimonio patrimonial heredado del pasado. Las fotograf\u00edas realizadas durante el recorrido formar\u00e1n parte de una exposici\u00f3n que se realizar\u00e1 posteriormente. Las inscripciones para participar se pueden hacer en la Concejal\u00eda de Cultura, llamando al 977 811 749, de lunes a viernes de 9h a 14h.<\/p>\n<p>Desde el a\u00f1o 1996 el Ayuntamiento participa de las Jornadas Europeas del Patrimonio, con la organizaci\u00f3n de diversas actividades que tienen por objetivo velar por la difusi\u00f3n y poner al alcance de todos el patrimonio local tanto material como inmaterial.<\/p>\n<p>Este a\u00f1o, el Consejo de Europa pone especial \u00e9nfasis en potenciar los monumentos o conjuntos arquitect\u00f3nicos catalogados o recogidos dentro de los inventarios: inventario del patrimonio arquitect\u00f3nico e inventario arqueol\u00f3gico catal\u00e1n.<\/p>\n<p>El Consejo de Europa y la Uni\u00f3n Europea promueven estas jornadas con la voluntad de favorecer la integraci\u00f3n cultural y de poner en valor la diversidad y, al mismo tiempo, la fuerza de este legado. Las Jornadas Europeas del Patrimonio cuentan con el apoyo de la Asociaci\u00f3n de Municipios y Comarcas y la Federaci\u00f3n de Municipios de Catalu\u00f1a, adem\u00e1s del patrocinio del Consejo de Europa.<\/p>\n<\/div>\n<\/div>\n<div class=\"field_noticia_img_portada\">\n<div>Imatge portada<\/div>\n<p><img decoding=\"async\" src=\"http:\/\/mont-roig.cat\/wp-content\/uploads\/jornades_europees_del_patrimoni_2015_1_0.png\" title=\"jornades_europees_del_patrimoni_2015_1.png\" alt=\"jornades_europees_del_patrimoni_2015_1.png\" \/><\/div>\n","protected":false},"excerpt":{"rendered":"<p>La iniciativa de la Concejal\u00eda de Cultura se enmarca dentro de las Jornadas Europeas del Patrimonio La Concejal\u00eda de Cultura del Ayuntamiento de Mont-roig del Camp organiza una salida fotogr\u00e1fica para descubrir el patrimonio arquitect\u00f3nico del municipio. La actividad forma parte de las Jornadas Europeas del Patrimonio que se celebran en toda Europa los pr\u00f3ximos [&hellip;]<\/p>\n","protected":false},"author":4,"featured_media":5599,"comment_status":"open","ping_status":"open","sticky":false,"template":"","format":"standard","meta":{"inline_featured_image":false,"_monsterinsights_skip_tracking":false,"_monsterinsights_sitenote_active":false,"_monsterinsights_sitenote_note":"","_monsterinsights_sitenote_category":0,"footnotes":""},"categories":[101],"tags":[],"class_list":["post-4624","post","type-post","status-publish","format-standard","has-post-thumbnail","hentry","category-cultura-es"],"yoast_head":"<!-- This site is optimized with the Yoast SEO plugin v27.4 - https:\/\/yoast.com\/product\/yoast-seo-wordpress\/ -->\n<title>Salida fotogr\u00e1fica para descubrir el patrimonio arquitect\u00f3nico del municipio - Ajuntament de Mont-roig del Camp<\/title>\n<meta name=\"robots\" content=\"index, follow, max-snippet:-1, max-image-preview:large, max-video-preview:-1\" \/>\n<link rel=\"canonical\" href=\"https:\/\/mont-roig.cat\/es\/actualitat\/noticies\/salida-fotografica-para-descubrir-el-patrimonio-arquitectonico-del-municipio\/\" \/>\n<meta property=\"og:locale\" content=\"es_ES\" \/>\n<meta property=\"og:type\" content=\"article\" \/>\n<meta property=\"og:title\" content=\"Salida fotogr\u00e1fica para descubrir el patrimonio arquitect\u00f3nico del municipio - Ajuntament de Mont-roig del Camp\" \/>\n<meta property=\"og:description\" content=\"La iniciativa de la Concejal\u00eda de Cultura se enmarca dentro de las Jornadas Europeas del Patrimonio La Concejal\u00eda de Cultura del Ayuntamiento de Mont-roig del Camp organiza una salida fotogr\u00e1fica para descubrir el patrimonio arquitect\u00f3nico del municipio. La actividad forma parte de las Jornadas Europeas del Patrimonio que se celebran en toda Europa los pr\u00f3ximos [&hellip;]\" \/>\n<meta property=\"og:url\" content=\"https:\/\/mont-roig.cat\/es\/actualitat\/noticies\/salida-fotografica-para-descubrir-el-patrimonio-arquitectonico-del-municipio\/\" \/>\n<meta property=\"og:site_name\" content=\"Ajuntament de Mont-roig del Camp\" \/>\n<meta property=\"article:published_time\" content=\"2015-10-07T12:00:34+00:00\" \/>\n<meta property=\"og:image\" content=\"https:\/\/mont-roig.cat\/wp-content\/uploads\/jornades_europees_del_patrimoni_2015_1.png\" \/>\n\t<meta property=\"og:image:width\" content=\"724\" \/>\n\t<meta property=\"og:image:height\" content=\"1024\" \/>\n\t<meta property=\"og:image:type\" content=\"image\/png\" \/>\n<meta name=\"author\" content=\"administrador\" \/>\n<meta name=\"twitter:card\" content=\"summary_large_image\" \/>\n<meta name=\"twitter:label1\" content=\"Escrito por\" \/>\n\t<meta name=\"twitter:data1\" content=\"administrador\" \/>\n\t<meta name=\"twitter:label2\" content=\"Tiempo de lectura\" \/>\n\t<meta name=\"twitter:data2\" content=\"2 minutos\" \/>\n<script type=\"application\/ld+json\" class=\"yoast-schema-graph\">{\"@context\":\"https:\\\/\\\/schema.org\",\"@graph\":[{\"@type\":\"Article\",\"@id\":\"https:\\\/\\\/mont-roig.cat\\\/es\\\/actualitat\\\/noticies\\\/salida-fotografica-para-descubrir-el-patrimonio-arquitectonico-del-municipio\\\/#article\",\"isPartOf\":{\"@id\":\"https:\\\/\\\/mont-roig.cat\\\/es\\\/actualitat\\\/noticies\\\/salida-fotografica-para-descubrir-el-patrimonio-arquitectonico-del-municipio\\\/\"},\"author\":{\"name\":\"administrador\",\"@id\":\"https:\\\/\\\/mont-roig.cat\\\/es\\\/#\\\/schema\\\/person\\\/f2b111789f22b7d0c3bd6786c9128cba\"},\"headline\":\"Salida fotogr\u00e1fica para descubrir el patrimonio arquitect\u00f3nico del municipio\",\"datePublished\":\"2015-10-07T12:00:34+00:00\",\"mainEntityOfPage\":{\"@id\":\"https:\\\/\\\/mont-roig.cat\\\/es\\\/actualitat\\\/noticies\\\/salida-fotografica-para-descubrir-el-patrimonio-arquitectonico-del-municipio\\\/\"},\"wordCount\":336,\"commentCount\":0,\"image\":{\"@id\":\"https:\\\/\\\/mont-roig.cat\\\/es\\\/actualitat\\\/noticies\\\/salida-fotografica-para-descubrir-el-patrimonio-arquitectonico-del-municipio\\\/#primaryimage\"},\"thumbnailUrl\":\"https:\\\/\\\/mont-roig.cat\\\/wp-content\\\/uploads\\\/jornades_europees_del_patrimoni_2015_1.png\",\"articleSection\":[\"Cultura\"],\"inLanguage\":\"es\"},{\"@type\":\"WebPage\",\"@id\":\"https:\\\/\\\/mont-roig.cat\\\/es\\\/actualitat\\\/noticies\\\/salida-fotografica-para-descubrir-el-patrimonio-arquitectonico-del-municipio\\\/\",\"url\":\"https:\\\/\\\/mont-roig.cat\\\/es\\\/actualitat\\\/noticies\\\/salida-fotografica-para-descubrir-el-patrimonio-arquitectonico-del-municipio\\\/\",\"name\":\"Salida fotogr\u00e1fica para descubrir el patrimonio arquitect\u00f3nico del municipio - Ajuntament de Mont-roig del Camp\",\"isPartOf\":{\"@id\":\"https:\\\/\\\/mont-roig.cat\\\/es\\\/#website\"},\"primaryImageOfPage\":{\"@id\":\"https:\\\/\\\/mont-roig.cat\\\/es\\\/actualitat\\\/noticies\\\/salida-fotografica-para-descubrir-el-patrimonio-arquitectonico-del-municipio\\\/#primaryimage\"},\"image\":{\"@id\":\"https:\\\/\\\/mont-roig.cat\\\/es\\\/actualitat\\\/noticies\\\/salida-fotografica-para-descubrir-el-patrimonio-arquitectonico-del-municipio\\\/#primaryimage\"},\"thumbnailUrl\":\"https:\\\/\\\/mont-roig.cat\\\/wp-content\\\/uploads\\\/jornades_europees_del_patrimoni_2015_1.png\",\"datePublished\":\"2015-10-07T12:00:34+00:00\",\"author\":{\"@id\":\"https:\\\/\\\/mont-roig.cat\\\/es\\\/#\\\/schema\\\/person\\\/f2b111789f22b7d0c3bd6786c9128cba\"},\"breadcrumb\":{\"@id\":\"https:\\\/\\\/mont-roig.cat\\\/es\\\/actualitat\\\/noticies\\\/salida-fotografica-para-descubrir-el-patrimonio-arquitectonico-del-municipio\\\/#breadcrumb\"},\"inLanguage\":\"es\",\"potentialAction\":[{\"@type\":\"ReadAction\",\"target\":[\"https:\\\/\\\/mont-roig.cat\\\/es\\\/actualitat\\\/noticies\\\/salida-fotografica-para-descubrir-el-patrimonio-arquitectonico-del-municipio\\\/\"]}]},{\"@type\":\"ImageObject\",\"inLanguage\":\"es\",\"@id\":\"https:\\\/\\\/mont-roig.cat\\\/es\\\/actualitat\\\/noticies\\\/salida-fotografica-para-descubrir-el-patrimonio-arquitectonico-del-municipio\\\/#primaryimage\",\"url\":\"https:\\\/\\\/mont-roig.cat\\\/wp-content\\\/uploads\\\/jornades_europees_del_patrimoni_2015_1.png\",\"contentUrl\":\"https:\\\/\\\/mont-roig.cat\\\/wp-content\\\/uploads\\\/jornades_europees_del_patrimoni_2015_1.png\",\"width\":724,\"height\":1024},{\"@type\":\"BreadcrumbList\",\"@id\":\"https:\\\/\\\/mont-roig.cat\\\/es\\\/actualitat\\\/noticies\\\/salida-fotografica-para-descubrir-el-patrimonio-arquitectonico-del-municipio\\\/#breadcrumb\",\"itemListElement\":[{\"@type\":\"ListItem\",\"position\":1,\"name\":\"Inici\",\"item\":\"https:\\\/\\\/mont-roig.cat\\\/es\\\/pagina-de-inicio\\\/\"},{\"@type\":\"ListItem\",\"position\":2,\"name\":\"Salida fotogr\u00e1fica para descubrir el patrimonio arquitect\u00f3nico del municipio\"}]},{\"@type\":\"WebSite\",\"@id\":\"https:\\\/\\\/mont-roig.cat\\\/es\\\/#website\",\"url\":\"https:\\\/\\\/mont-roig.cat\\\/es\\\/\",\"name\":\"Ajuntament de Mont-roig del Camp\",\"description\":\"Tota la informaci\u00f3 sobre la instituci\u00f3, els seus \u00f2rgans de govern, actualitat, serveis i molt m\u00e9s.\",\"potentialAction\":[{\"@type\":\"SearchAction\",\"target\":{\"@type\":\"EntryPoint\",\"urlTemplate\":\"https:\\\/\\\/mont-roig.cat\\\/es\\\/?s={search_term_string}\"},\"query-input\":{\"@type\":\"PropertyValueSpecification\",\"valueRequired\":true,\"valueName\":\"search_term_string\"}}],\"inLanguage\":\"es\"},{\"@type\":\"Person\",\"@id\":\"https:\\\/\\\/mont-roig.cat\\\/es\\\/#\\\/schema\\\/person\\\/f2b111789f22b7d0c3bd6786c9128cba\",\"name\":\"administrador\",\"image\":{\"@type\":\"ImageObject\",\"inLanguage\":\"es\",\"@id\":\"https:\\\/\\\/secure.gravatar.com\\\/avatar\\\/9137aac6891e2595c9d3036fd83bcb653b4db3c946db4c7d9b9be193c3c944bb?s=96&d=mm&r=g\",\"url\":\"https:\\\/\\\/secure.gravatar.com\\\/avatar\\\/9137aac6891e2595c9d3036fd83bcb653b4db3c946db4c7d9b9be193c3c944bb?s=96&d=mm&r=g\",\"contentUrl\":\"https:\\\/\\\/secure.gravatar.com\\\/avatar\\\/9137aac6891e2595c9d3036fd83bcb653b4db3c946db4c7d9b9be193c3c944bb?s=96&d=mm&r=g\",\"caption\":\"administrador\"},\"url\":\"https:\\\/\\\/mont-roig.cat\\\/es\\\/actualitat\\\/noticies\\\/author\\\/administrador\\\/\"}]}<\/script>\n<!-- \/ Yoast SEO plugin. -->","yoast_head_json":{"title":"Salida fotogr\u00e1fica para descubrir el patrimonio arquitect\u00f3nico del municipio - Ajuntament de Mont-roig del Camp","robots":{"index":"index","follow":"follow","max-snippet":"max-snippet:-1","max-image-preview":"max-image-preview:large","max-video-preview":"max-video-preview:-1"},"canonical":"https:\/\/mont-roig.cat\/es\/actualitat\/noticies\/salida-fotografica-para-descubrir-el-patrimonio-arquitectonico-del-municipio\/","og_locale":"es_ES","og_type":"article","og_title":"Salida fotogr\u00e1fica para descubrir el patrimonio arquitect\u00f3nico del municipio - Ajuntament de Mont-roig del Camp","og_description":"La iniciativa de la Concejal\u00eda de Cultura se enmarca dentro de las Jornadas Europeas del Patrimonio La Concejal\u00eda de Cultura del Ayuntamiento de Mont-roig del Camp organiza una salida fotogr\u00e1fica para descubrir el patrimonio arquitect\u00f3nico del municipio. La actividad forma parte de las Jornadas Europeas del Patrimonio que se celebran en toda Europa los pr\u00f3ximos [&hellip;]","og_url":"https:\/\/mont-roig.cat\/es\/actualitat\/noticies\/salida-fotografica-para-descubrir-el-patrimonio-arquitectonico-del-municipio\/","og_site_name":"Ajuntament de Mont-roig del Camp","article_published_time":"2015-10-07T12:00:34+00:00","og_image":[{"width":724,"height":1024,"url":"https:\/\/mont-roig.cat\/wp-content\/uploads\/jornades_europees_del_patrimoni_2015_1.png","type":"image\/png"}],"author":"administrador","twitter_card":"summary_large_image","twitter_misc":{"Escrito por":"administrador","Tiempo de lectura":"2 minutos"},"schema":{"@context":"https:\/\/schema.org","@graph":[{"@type":"Article","@id":"https:\/\/mont-roig.cat\/es\/actualitat\/noticies\/salida-fotografica-para-descubrir-el-patrimonio-arquitectonico-del-municipio\/#article","isPartOf":{"@id":"https:\/\/mont-roig.cat\/es\/actualitat\/noticies\/salida-fotografica-para-descubrir-el-patrimonio-arquitectonico-del-municipio\/"},"author":{"name":"administrador","@id":"https:\/\/mont-roig.cat\/es\/#\/schema\/person\/f2b111789f22b7d0c3bd6786c9128cba"},"headline":"Salida fotogr\u00e1fica para descubrir el patrimonio arquitect\u00f3nico del municipio","datePublished":"2015-10-07T12:00:34+00:00","mainEntityOfPage":{"@id":"https:\/\/mont-roig.cat\/es\/actualitat\/noticies\/salida-fotografica-para-descubrir-el-patrimonio-arquitectonico-del-municipio\/"},"wordCount":336,"commentCount":0,"image":{"@id":"https:\/\/mont-roig.cat\/es\/actualitat\/noticies\/salida-fotografica-para-descubrir-el-patrimonio-arquitectonico-del-municipio\/#primaryimage"},"thumbnailUrl":"https:\/\/mont-roig.cat\/wp-content\/uploads\/jornades_europees_del_patrimoni_2015_1.png","articleSection":["Cultura"],"inLanguage":"es"},{"@type":"WebPage","@id":"https:\/\/mont-roig.cat\/es\/actualitat\/noticies\/salida-fotografica-para-descubrir-el-patrimonio-arquitectonico-del-municipio\/","url":"https:\/\/mont-roig.cat\/es\/actualitat\/noticies\/salida-fotografica-para-descubrir-el-patrimonio-arquitectonico-del-municipio\/","name":"Salida fotogr\u00e1fica para descubrir el patrimonio arquitect\u00f3nico del municipio - Ajuntament de Mont-roig del Camp","isPartOf":{"@id":"https:\/\/mont-roig.cat\/es\/#website"},"primaryImageOfPage":{"@id":"https:\/\/mont-roig.cat\/es\/actualitat\/noticies\/salida-fotografica-para-descubrir-el-patrimonio-arquitectonico-del-municipio\/#primaryimage"},"image":{"@id":"https:\/\/mont-roig.cat\/es\/actualitat\/noticies\/salida-fotografica-para-descubrir-el-patrimonio-arquitectonico-del-municipio\/#primaryimage"},"thumbnailUrl":"https:\/\/mont-roig.cat\/wp-content\/uploads\/jornades_europees_del_patrimoni_2015_1.png","datePublished":"2015-10-07T12:00:34+00:00","author":{"@id":"https:\/\/mont-roig.cat\/es\/#\/schema\/person\/f2b111789f22b7d0c3bd6786c9128cba"},"breadcrumb":{"@id":"https:\/\/mont-roig.cat\/es\/actualitat\/noticies\/salida-fotografica-para-descubrir-el-patrimonio-arquitectonico-del-municipio\/#breadcrumb"},"inLanguage":"es","potentialAction":[{"@type":"ReadAction","target":["https:\/\/mont-roig.cat\/es\/actualitat\/noticies\/salida-fotografica-para-descubrir-el-patrimonio-arquitectonico-del-municipio\/"]}]},{"@type":"ImageObject","inLanguage":"es","@id":"https:\/\/mont-roig.cat\/es\/actualitat\/noticies\/salida-fotografica-para-descubrir-el-patrimonio-arquitectonico-del-municipio\/#primaryimage","url":"https:\/\/mont-roig.cat\/wp-content\/uploads\/jornades_europees_del_patrimoni_2015_1.png","contentUrl":"https:\/\/mont-roig.cat\/wp-content\/uploads\/jornades_europees_del_patrimoni_2015_1.png","width":724,"height":1024},{"@type":"BreadcrumbList","@id":"https:\/\/mont-roig.cat\/es\/actualitat\/noticies\/salida-fotografica-para-descubrir-el-patrimonio-arquitectonico-del-municipio\/#breadcrumb","itemListElement":[{"@type":"ListItem","position":1,"name":"Inici","item":"https:\/\/mont-roig.cat\/es\/pagina-de-inicio\/"},{"@type":"ListItem","position":2,"name":"Salida fotogr\u00e1fica para descubrir el patrimonio arquitect\u00f3nico del municipio"}]},{"@type":"WebSite","@id":"https:\/\/mont-roig.cat\/es\/#website","url":"https:\/\/mont-roig.cat\/es\/","name":"Ajuntament de Mont-roig del Camp","description":"Tota la informaci\u00f3 sobre la instituci\u00f3, els seus \u00f2rgans de govern, actualitat, serveis i molt m\u00e9s.","potentialAction":[{"@type":"SearchAction","target":{"@type":"EntryPoint","urlTemplate":"https:\/\/mont-roig.cat\/es\/?s={search_term_string}"},"query-input":{"@type":"PropertyValueSpecification","valueRequired":true,"valueName":"search_term_string"}}],"inLanguage":"es"},{"@type":"Person","@id":"https:\/\/mont-roig.cat\/es\/#\/schema\/person\/f2b111789f22b7d0c3bd6786c9128cba","name":"administrador","image":{"@type":"ImageObject","inLanguage":"es","@id":"https:\/\/secure.gravatar.com\/avatar\/9137aac6891e2595c9d3036fd83bcb653b4db3c946db4c7d9b9be193c3c944bb?s=96&d=mm&r=g","url":"https:\/\/secure.gravatar.com\/avatar\/9137aac6891e2595c9d3036fd83bcb653b4db3c946db4c7d9b9be193c3c944bb?s=96&d=mm&r=g","contentUrl":"https:\/\/secure.gravatar.com\/avatar\/9137aac6891e2595c9d3036fd83bcb653b4db3c946db4c7d9b9be193c3c944bb?s=96&d=mm&r=g","caption":"administrador"},"url":"https:\/\/mont-roig.cat\/es\/actualitat\/noticies\/author\/administrador\/"}]}},"_links":{"self":[{"href":"https:\/\/mont-roig.cat\/es\/wp-json\/wp\/v2\/posts\/4624","targetHints":{"allow":["GET"]}}],"collection":[{"href":"https:\/\/mont-roig.cat\/es\/wp-json\/wp\/v2\/posts"}],"about":[{"href":"https:\/\/mont-roig.cat\/es\/wp-json\/wp\/v2\/types\/post"}],"author":[{"embeddable":true,"href":"https:\/\/mont-roig.cat\/es\/wp-json\/wp\/v2\/users\/4"}],"replies":[{"embeddable":true,"href":"https:\/\/mont-roig.cat\/es\/wp-json\/wp\/v2\/comments?post=4624"}],"version-history":[{"count":0,"href":"https:\/\/mont-roig.cat\/es\/wp-json\/wp\/v2\/posts\/4624\/revisions"}],"wp:featuredmedia":[{"embeddable":true,"href":"https:\/\/mont-roig.cat\/es\/wp-json\/wp\/v2\/media\/5599"}],"wp:attachment":[{"href":"https:\/\/mont-roig.cat\/es\/wp-json\/wp\/v2\/media?parent=4624"}],"wp:term":[{"taxonomy":"category","embeddable":true,"href":"https:\/\/mont-roig.cat\/es\/wp-json\/wp\/v2\/categories?post=4624"},{"taxonomy":"post_tag","embeddable":true,"href":"https:\/\/mont-roig.cat\/es\/wp-json\/wp\/v2\/tags?post=4624"}],"curies":[{"name":"wp","href":"https:\/\/api.w.org\/{rel}","templated":true}]}}