{"id":4641,"date":"2015-10-29T09:27:57","date_gmt":"2015-10-29T09:27:57","guid":{"rendered":""},"modified":"2015-10-29T09:27:57","modified_gmt":"2015-10-29T09:27:57","slug":"mont-roig-celebrara-el-8-de-noviembre-la-fiesta-del-aceite-nuevo","status":"publish","type":"post","link":"https:\/\/mont-roig.cat\/es\/actualitat\/noticies\/mont-roig-celebrara-el-8-de-noviembre-la-fiesta-del-aceite-nuevo\/","title":{"rendered":"Mont-roig celebrar\u00e1 el 8 de noviembre la Fiesta del aceite nuevo"},"content":{"rendered":"<div class=\"body\">\n<div>\n<p><strong><img decoding=\"async\" alt=\"Fiesta del aceite nuevo 2015\" class=\"requadre\" src=\"http:\/\/mont-roig.cat\/wp-content\/uploads\/cartell_oli_2015_ok.jpg\" style=\"width: 200px; height: 282px; margin: 10px; float: right;\" title=\"Fiesta del aceite nuevo 2015\" \/>Un almuerzo popular permitir\u00e1 probar el aceite reci\u00e9n prensado<\/strong><\/p>\n<p>Los productores locales Olis Sol\u00e9 y El Mol\u00ed del Baix Camp organizan el pr\u00f3ximo domingo 8 de noviembre la Fiesta del aceite nuevo. La celebraci\u00f3n se realizar\u00e1 simult\u00e1neamente en las instalaciones de cada productor, de las 9 a las 12h.<\/p>\n<p>Durante toda la ma\u00f1ana los asistentes podr\u00e1n degustar el aceite reci\u00e9n prensado de la Denominaci\u00f3n de Origen Protegida Siurana. Habr\u00e1 un desayuno popular y actividades como sardanas, baile de bastones, gigantes, baile country o hinchables y concursos de dibujo para los m\u00e1s peque\u00f1os.<\/p>\n<p>Todos aquellos que lo deseen tambi\u00e9n podr\u00e1n visitar las instalaciones y ver cu\u00e1l es el proceso de elaboraci\u00f3n del aceite.<\/p>\n<p>El Ayuntamiento de Mont-roig del Camp, como colaborador del acto, pondr\u00e1 a disposici\u00f3n de todos, un servicio de bus municipal entre Miami Platja y Mont-roig y traslados cada 30 minutos entre las dos instalaciones de los productores participantes.<\/p>\n<\/div>\n<\/div>\n<div class=\"field_noticia_img_portada\">\n<div>Imatge portada<\/div>\n<p><img decoding=\"async\" src=\"http:\/\/mont-roig.cat\/wp-content\/uploads\/cartell_oli_2015_ok.jpg\" title=\"cartell_oli_2015_ok.jpg\" alt=\"cartell_oli_2015_ok.jpg\" \/><\/div>\n","protected":false},"excerpt":{"rendered":"<p>Un almuerzo popular permitir\u00e1 probar el aceite reci\u00e9n prensado Los productores locales Olis Sol\u00e9 y El Mol\u00ed del Baix Camp organizan el pr\u00f3ximo domingo 8 de noviembre la Fiesta del aceite nuevo. La celebraci\u00f3n se realizar\u00e1 simult\u00e1neamente en las instalaciones de cada productor, de las 9 a las 12h. Durante toda la ma\u00f1ana los asistentes [&hellip;]<\/p>\n","protected":false},"author":4,"featured_media":7170,"comment_status":"open","ping_status":"open","sticky":false,"template":"","format":"standard","meta":{"inline_featured_image":false,"_monsterinsights_skip_tracking":false,"_monsterinsights_sitenote_active":false,"_monsterinsights_sitenote_note":"","_monsterinsights_sitenote_category":0,"footnotes":""},"categories":[110],"tags":[],"class_list":["post-4641","post","type-post","status-publish","format-standard","has-post-thumbnail","hentry","category-promocion-economica"],"yoast_head":"<!-- This site is optimized with the Yoast SEO plugin v27.4 - https:\/\/yoast.com\/product\/yoast-seo-wordpress\/ -->\n<title>Mont-roig celebrar\u00e1 el 8 de noviembre la Fiesta del aceite nuevo - Ajuntament de Mont-roig del Camp<\/title>\n<meta name=\"robots\" content=\"index, follow, max-snippet:-1, max-image-preview:large, max-video-preview:-1\" \/>\n<link rel=\"canonical\" href=\"https:\/\/mont-roig.cat\/es\/actualitat\/noticies\/mont-roig-celebrara-el-8-de-noviembre-la-fiesta-del-aceite-nuevo\/\" \/>\n<meta property=\"og:locale\" content=\"es_ES\" \/>\n<meta property=\"og:type\" content=\"article\" \/>\n<meta property=\"og:title\" content=\"Mont-roig celebrar\u00e1 el 8 de noviembre la Fiesta del aceite nuevo - Ajuntament de Mont-roig del Camp\" \/>\n<meta property=\"og:description\" content=\"Un almuerzo popular permitir\u00e1 probar el aceite reci\u00e9n prensado Los productores locales Olis Sol\u00e9 y El Mol\u00ed del Baix Camp organizan el pr\u00f3ximo domingo 8 de noviembre la Fiesta del aceite nuevo. La celebraci\u00f3n se realizar\u00e1 simult\u00e1neamente en las instalaciones de cada productor, de las 9 a las 12h. Durante toda la ma\u00f1ana los asistentes [&hellip;]\" \/>\n<meta property=\"og:url\" content=\"https:\/\/mont-roig.cat\/es\/actualitat\/noticies\/mont-roig-celebrara-el-8-de-noviembre-la-fiesta-del-aceite-nuevo\/\" \/>\n<meta property=\"og:site_name\" content=\"Ajuntament de Mont-roig del Camp\" \/>\n<meta property=\"article:published_time\" content=\"2015-10-29T09:27:57+00:00\" \/>\n<meta property=\"og:image\" content=\"https:\/\/mont-roig.cat\/wp-content\/uploads\/cartell_oli_2015_ok.jpg\" \/>\n\t<meta property=\"og:image:width\" content=\"848\" \/>\n\t<meta property=\"og:image:height\" content=\"1196\" \/>\n\t<meta property=\"og:image:type\" content=\"image\/jpeg\" \/>\n<meta name=\"author\" content=\"administrador\" \/>\n<meta name=\"twitter:card\" content=\"summary_large_image\" \/>\n<meta name=\"twitter:label1\" content=\"Escrito por\" \/>\n\t<meta name=\"twitter:data1\" content=\"administrador\" \/>\n\t<meta name=\"twitter:label2\" content=\"Tiempo de lectura\" \/>\n\t<meta name=\"twitter:data2\" content=\"1 minuto\" \/>\n<script type=\"application\/ld+json\" class=\"yoast-schema-graph\">{\"@context\":\"https:\\\/\\\/schema.org\",\"@graph\":[{\"@type\":\"Article\",\"@id\":\"https:\\\/\\\/mont-roig.cat\\\/es\\\/actualitat\\\/noticies\\\/mont-roig-celebrara-el-8-de-noviembre-la-fiesta-del-aceite-nuevo\\\/#article\",\"isPartOf\":{\"@id\":\"https:\\\/\\\/mont-roig.cat\\\/es\\\/actualitat\\\/noticies\\\/mont-roig-celebrara-el-8-de-noviembre-la-fiesta-del-aceite-nuevo\\\/\"},\"author\":{\"name\":\"administrador\",\"@id\":\"https:\\\/\\\/mont-roig.cat\\\/es\\\/#\\\/schema\\\/person\\\/f2b111789f22b7d0c3bd6786c9128cba\"},\"headline\":\"Mont-roig celebrar\u00e1 el 8 de noviembre la Fiesta del aceite nuevo\",\"datePublished\":\"2015-10-29T09:27:57+00:00\",\"mainEntityOfPage\":{\"@id\":\"https:\\\/\\\/mont-roig.cat\\\/es\\\/actualitat\\\/noticies\\\/mont-roig-celebrara-el-8-de-noviembre-la-fiesta-del-aceite-nuevo\\\/\"},\"wordCount\":174,\"commentCount\":0,\"image\":{\"@id\":\"https:\\\/\\\/mont-roig.cat\\\/es\\\/actualitat\\\/noticies\\\/mont-roig-celebrara-el-8-de-noviembre-la-fiesta-del-aceite-nuevo\\\/#primaryimage\"},\"thumbnailUrl\":\"https:\\\/\\\/mont-roig.cat\\\/wp-content\\\/uploads\\\/cartell_oli_2015_ok.jpg\",\"articleSection\":[\"Promoci\u00f3n econ\u00f3mica\"],\"inLanguage\":\"es\"},{\"@type\":\"WebPage\",\"@id\":\"https:\\\/\\\/mont-roig.cat\\\/es\\\/actualitat\\\/noticies\\\/mont-roig-celebrara-el-8-de-noviembre-la-fiesta-del-aceite-nuevo\\\/\",\"url\":\"https:\\\/\\\/mont-roig.cat\\\/es\\\/actualitat\\\/noticies\\\/mont-roig-celebrara-el-8-de-noviembre-la-fiesta-del-aceite-nuevo\\\/\",\"name\":\"Mont-roig celebrar\u00e1 el 8 de noviembre la Fiesta del aceite nuevo - Ajuntament de Mont-roig del Camp\",\"isPartOf\":{\"@id\":\"https:\\\/\\\/mont-roig.cat\\\/es\\\/#website\"},\"primaryImageOfPage\":{\"@id\":\"https:\\\/\\\/mont-roig.cat\\\/es\\\/actualitat\\\/noticies\\\/mont-roig-celebrara-el-8-de-noviembre-la-fiesta-del-aceite-nuevo\\\/#primaryimage\"},\"image\":{\"@id\":\"https:\\\/\\\/mont-roig.cat\\\/es\\\/actualitat\\\/noticies\\\/mont-roig-celebrara-el-8-de-noviembre-la-fiesta-del-aceite-nuevo\\\/#primaryimage\"},\"thumbnailUrl\":\"https:\\\/\\\/mont-roig.cat\\\/wp-content\\\/uploads\\\/cartell_oli_2015_ok.jpg\",\"datePublished\":\"2015-10-29T09:27:57+00:00\",\"author\":{\"@id\":\"https:\\\/\\\/mont-roig.cat\\\/es\\\/#\\\/schema\\\/person\\\/f2b111789f22b7d0c3bd6786c9128cba\"},\"breadcrumb\":{\"@id\":\"https:\\\/\\\/mont-roig.cat\\\/es\\\/actualitat\\\/noticies\\\/mont-roig-celebrara-el-8-de-noviembre-la-fiesta-del-aceite-nuevo\\\/#breadcrumb\"},\"inLanguage\":\"es\",\"potentialAction\":[{\"@type\":\"ReadAction\",\"target\":[\"https:\\\/\\\/mont-roig.cat\\\/es\\\/actualitat\\\/noticies\\\/mont-roig-celebrara-el-8-de-noviembre-la-fiesta-del-aceite-nuevo\\\/\"]}]},{\"@type\":\"ImageObject\",\"inLanguage\":\"es\",\"@id\":\"https:\\\/\\\/mont-roig.cat\\\/es\\\/actualitat\\\/noticies\\\/mont-roig-celebrara-el-8-de-noviembre-la-fiesta-del-aceite-nuevo\\\/#primaryimage\",\"url\":\"https:\\\/\\\/mont-roig.cat\\\/wp-content\\\/uploads\\\/cartell_oli_2015_ok.jpg\",\"contentUrl\":\"https:\\\/\\\/mont-roig.cat\\\/wp-content\\\/uploads\\\/cartell_oli_2015_ok.jpg\",\"width\":848,\"height\":1196},{\"@type\":\"BreadcrumbList\",\"@id\":\"https:\\\/\\\/mont-roig.cat\\\/es\\\/actualitat\\\/noticies\\\/mont-roig-celebrara-el-8-de-noviembre-la-fiesta-del-aceite-nuevo\\\/#breadcrumb\",\"itemListElement\":[{\"@type\":\"ListItem\",\"position\":1,\"name\":\"Inici\",\"item\":\"https:\\\/\\\/mont-roig.cat\\\/es\\\/pagina-de-inicio\\\/\"},{\"@type\":\"ListItem\",\"position\":2,\"name\":\"Mont-roig celebrar\u00e1 el 8 de noviembre la Fiesta del aceite nuevo\"}]},{\"@type\":\"WebSite\",\"@id\":\"https:\\\/\\\/mont-roig.cat\\\/es\\\/#website\",\"url\":\"https:\\\/\\\/mont-roig.cat\\\/es\\\/\",\"name\":\"Ajuntament de Mont-roig del Camp\",\"description\":\"Tota la informaci\u00f3 sobre la instituci\u00f3, els seus \u00f2rgans de govern, actualitat, serveis i molt m\u00e9s.\",\"potentialAction\":[{\"@type\":\"SearchAction\",\"target\":{\"@type\":\"EntryPoint\",\"urlTemplate\":\"https:\\\/\\\/mont-roig.cat\\\/es\\\/?s={search_term_string}\"},\"query-input\":{\"@type\":\"PropertyValueSpecification\",\"valueRequired\":true,\"valueName\":\"search_term_string\"}}],\"inLanguage\":\"es\"},{\"@type\":\"Person\",\"@id\":\"https:\\\/\\\/mont-roig.cat\\\/es\\\/#\\\/schema\\\/person\\\/f2b111789f22b7d0c3bd6786c9128cba\",\"name\":\"administrador\",\"image\":{\"@type\":\"ImageObject\",\"inLanguage\":\"es\",\"@id\":\"https:\\\/\\\/secure.gravatar.com\\\/avatar\\\/9137aac6891e2595c9d3036fd83bcb653b4db3c946db4c7d9b9be193c3c944bb?s=96&d=mm&r=g\",\"url\":\"https:\\\/\\\/secure.gravatar.com\\\/avatar\\\/9137aac6891e2595c9d3036fd83bcb653b4db3c946db4c7d9b9be193c3c944bb?s=96&d=mm&r=g\",\"contentUrl\":\"https:\\\/\\\/secure.gravatar.com\\\/avatar\\\/9137aac6891e2595c9d3036fd83bcb653b4db3c946db4c7d9b9be193c3c944bb?s=96&d=mm&r=g\",\"caption\":\"administrador\"},\"url\":\"https:\\\/\\\/mont-roig.cat\\\/es\\\/actualitat\\\/noticies\\\/author\\\/administrador\\\/\"}]}<\/script>\n<!-- \/ Yoast SEO plugin. -->","yoast_head_json":{"title":"Mont-roig celebrar\u00e1 el 8 de noviembre la Fiesta del aceite nuevo - Ajuntament de Mont-roig del Camp","robots":{"index":"index","follow":"follow","max-snippet":"max-snippet:-1","max-image-preview":"max-image-preview:large","max-video-preview":"max-video-preview:-1"},"canonical":"https:\/\/mont-roig.cat\/es\/actualitat\/noticies\/mont-roig-celebrara-el-8-de-noviembre-la-fiesta-del-aceite-nuevo\/","og_locale":"es_ES","og_type":"article","og_title":"Mont-roig celebrar\u00e1 el 8 de noviembre la Fiesta del aceite nuevo - Ajuntament de Mont-roig del Camp","og_description":"Un almuerzo popular permitir\u00e1 probar el aceite reci\u00e9n prensado Los productores locales Olis Sol\u00e9 y El Mol\u00ed del Baix Camp organizan el pr\u00f3ximo domingo 8 de noviembre la Fiesta del aceite nuevo. La celebraci\u00f3n se realizar\u00e1 simult\u00e1neamente en las instalaciones de cada productor, de las 9 a las 12h. Durante toda la ma\u00f1ana los asistentes [&hellip;]","og_url":"https:\/\/mont-roig.cat\/es\/actualitat\/noticies\/mont-roig-celebrara-el-8-de-noviembre-la-fiesta-del-aceite-nuevo\/","og_site_name":"Ajuntament de Mont-roig del Camp","article_published_time":"2015-10-29T09:27:57+00:00","og_image":[{"width":848,"height":1196,"url":"https:\/\/mont-roig.cat\/wp-content\/uploads\/cartell_oli_2015_ok.jpg","type":"image\/jpeg"}],"author":"administrador","twitter_card":"summary_large_image","twitter_misc":{"Escrito por":"administrador","Tiempo de lectura":"1 minuto"},"schema":{"@context":"https:\/\/schema.org","@graph":[{"@type":"Article","@id":"https:\/\/mont-roig.cat\/es\/actualitat\/noticies\/mont-roig-celebrara-el-8-de-noviembre-la-fiesta-del-aceite-nuevo\/#article","isPartOf":{"@id":"https:\/\/mont-roig.cat\/es\/actualitat\/noticies\/mont-roig-celebrara-el-8-de-noviembre-la-fiesta-del-aceite-nuevo\/"},"author":{"name":"administrador","@id":"https:\/\/mont-roig.cat\/es\/#\/schema\/person\/f2b111789f22b7d0c3bd6786c9128cba"},"headline":"Mont-roig celebrar\u00e1 el 8 de noviembre la Fiesta del aceite nuevo","datePublished":"2015-10-29T09:27:57+00:00","mainEntityOfPage":{"@id":"https:\/\/mont-roig.cat\/es\/actualitat\/noticies\/mont-roig-celebrara-el-8-de-noviembre-la-fiesta-del-aceite-nuevo\/"},"wordCount":174,"commentCount":0,"image":{"@id":"https:\/\/mont-roig.cat\/es\/actualitat\/noticies\/mont-roig-celebrara-el-8-de-noviembre-la-fiesta-del-aceite-nuevo\/#primaryimage"},"thumbnailUrl":"https:\/\/mont-roig.cat\/wp-content\/uploads\/cartell_oli_2015_ok.jpg","articleSection":["Promoci\u00f3n econ\u00f3mica"],"inLanguage":"es"},{"@type":"WebPage","@id":"https:\/\/mont-roig.cat\/es\/actualitat\/noticies\/mont-roig-celebrara-el-8-de-noviembre-la-fiesta-del-aceite-nuevo\/","url":"https:\/\/mont-roig.cat\/es\/actualitat\/noticies\/mont-roig-celebrara-el-8-de-noviembre-la-fiesta-del-aceite-nuevo\/","name":"Mont-roig celebrar\u00e1 el 8 de noviembre la Fiesta del aceite nuevo - Ajuntament de Mont-roig del Camp","isPartOf":{"@id":"https:\/\/mont-roig.cat\/es\/#website"},"primaryImageOfPage":{"@id":"https:\/\/mont-roig.cat\/es\/actualitat\/noticies\/mont-roig-celebrara-el-8-de-noviembre-la-fiesta-del-aceite-nuevo\/#primaryimage"},"image":{"@id":"https:\/\/mont-roig.cat\/es\/actualitat\/noticies\/mont-roig-celebrara-el-8-de-noviembre-la-fiesta-del-aceite-nuevo\/#primaryimage"},"thumbnailUrl":"https:\/\/mont-roig.cat\/wp-content\/uploads\/cartell_oli_2015_ok.jpg","datePublished":"2015-10-29T09:27:57+00:00","author":{"@id":"https:\/\/mont-roig.cat\/es\/#\/schema\/person\/f2b111789f22b7d0c3bd6786c9128cba"},"breadcrumb":{"@id":"https:\/\/mont-roig.cat\/es\/actualitat\/noticies\/mont-roig-celebrara-el-8-de-noviembre-la-fiesta-del-aceite-nuevo\/#breadcrumb"},"inLanguage":"es","potentialAction":[{"@type":"ReadAction","target":["https:\/\/mont-roig.cat\/es\/actualitat\/noticies\/mont-roig-celebrara-el-8-de-noviembre-la-fiesta-del-aceite-nuevo\/"]}]},{"@type":"ImageObject","inLanguage":"es","@id":"https:\/\/mont-roig.cat\/es\/actualitat\/noticies\/mont-roig-celebrara-el-8-de-noviembre-la-fiesta-del-aceite-nuevo\/#primaryimage","url":"https:\/\/mont-roig.cat\/wp-content\/uploads\/cartell_oli_2015_ok.jpg","contentUrl":"https:\/\/mont-roig.cat\/wp-content\/uploads\/cartell_oli_2015_ok.jpg","width":848,"height":1196},{"@type":"BreadcrumbList","@id":"https:\/\/mont-roig.cat\/es\/actualitat\/noticies\/mont-roig-celebrara-el-8-de-noviembre-la-fiesta-del-aceite-nuevo\/#breadcrumb","itemListElement":[{"@type":"ListItem","position":1,"name":"Inici","item":"https:\/\/mont-roig.cat\/es\/pagina-de-inicio\/"},{"@type":"ListItem","position":2,"name":"Mont-roig celebrar\u00e1 el 8 de noviembre la Fiesta del aceite nuevo"}]},{"@type":"WebSite","@id":"https:\/\/mont-roig.cat\/es\/#website","url":"https:\/\/mont-roig.cat\/es\/","name":"Ajuntament de Mont-roig del Camp","description":"Tota la informaci\u00f3 sobre la instituci\u00f3, els seus \u00f2rgans de govern, actualitat, serveis i molt m\u00e9s.","potentialAction":[{"@type":"SearchAction","target":{"@type":"EntryPoint","urlTemplate":"https:\/\/mont-roig.cat\/es\/?s={search_term_string}"},"query-input":{"@type":"PropertyValueSpecification","valueRequired":true,"valueName":"search_term_string"}}],"inLanguage":"es"},{"@type":"Person","@id":"https:\/\/mont-roig.cat\/es\/#\/schema\/person\/f2b111789f22b7d0c3bd6786c9128cba","name":"administrador","image":{"@type":"ImageObject","inLanguage":"es","@id":"https:\/\/secure.gravatar.com\/avatar\/9137aac6891e2595c9d3036fd83bcb653b4db3c946db4c7d9b9be193c3c944bb?s=96&d=mm&r=g","url":"https:\/\/secure.gravatar.com\/avatar\/9137aac6891e2595c9d3036fd83bcb653b4db3c946db4c7d9b9be193c3c944bb?s=96&d=mm&r=g","contentUrl":"https:\/\/secure.gravatar.com\/avatar\/9137aac6891e2595c9d3036fd83bcb653b4db3c946db4c7d9b9be193c3c944bb?s=96&d=mm&r=g","caption":"administrador"},"url":"https:\/\/mont-roig.cat\/es\/actualitat\/noticies\/author\/administrador\/"}]}},"_links":{"self":[{"href":"https:\/\/mont-roig.cat\/es\/wp-json\/wp\/v2\/posts\/4641","targetHints":{"allow":["GET"]}}],"collection":[{"href":"https:\/\/mont-roig.cat\/es\/wp-json\/wp\/v2\/posts"}],"about":[{"href":"https:\/\/mont-roig.cat\/es\/wp-json\/wp\/v2\/types\/post"}],"author":[{"embeddable":true,"href":"https:\/\/mont-roig.cat\/es\/wp-json\/wp\/v2\/users\/4"}],"replies":[{"embeddable":true,"href":"https:\/\/mont-roig.cat\/es\/wp-json\/wp\/v2\/comments?post=4641"}],"version-history":[{"count":0,"href":"https:\/\/mont-roig.cat\/es\/wp-json\/wp\/v2\/posts\/4641\/revisions"}],"wp:featuredmedia":[{"embeddable":true,"href":"https:\/\/mont-roig.cat\/es\/wp-json\/wp\/v2\/media\/7170"}],"wp:attachment":[{"href":"https:\/\/mont-roig.cat\/es\/wp-json\/wp\/v2\/media?parent=4641"}],"wp:term":[{"taxonomy":"category","embeddable":true,"href":"https:\/\/mont-roig.cat\/es\/wp-json\/wp\/v2\/categories?post=4641"},{"taxonomy":"post_tag","embeddable":true,"href":"https:\/\/mont-roig.cat\/es\/wp-json\/wp\/v2\/tags?post=4641"}],"curies":[{"name":"wp","href":"https:\/\/api.w.org\/{rel}","templated":true}]}}