{"id":4660,"date":"2015-11-11T09:22:04","date_gmt":"2015-11-11T09:22:04","guid":{"rendered":""},"modified":"2015-11-11T09:22:04","modified_gmt":"2015-11-11T09:22:04","slug":"mas-de-1600-personas-prueban-el-aceite-nuevo-de-mont-roig","status":"publish","type":"post","link":"https:\/\/mont-roig.cat\/es\/actualitat\/noticies\/mas-de-1600-personas-prueban-el-aceite-nuevo-de-mont-roig\/","title":{"rendered":"M\u00e1s de 1.600 personas prueban el aceite nuevo de Mont-roig"},"content":{"rendered":"<div class=\"body\">\n<div>\n<p><strong>La fiesta reuni\u00f3 a vecinos y visitantes atra\u00eddos por el aceite reci\u00e9n prensado de la DOP Siurana<\/strong><\/p>\n<p>La fiesta del aceite nuevo de Mont-roig volvi\u00f3 a ser todo un \u00e9xito. M\u00e1s de 1.600 personas no se quisieron perder el pasado domingo 8 de noviembre, la oportunidad de degustar el aceite reci\u00e9n prensado la Denominaci\u00f3n de Origen Protegida Siurana.<\/p>\n<p>Las instalaciones de los dos productores locales Olis Sol\u00e9 y El Mol\u00ed del Baix Camp se llenaron de vecinos y vecinas pero tambi\u00e9n de visitantes que quer\u00edan probar uno de los productos m\u00e1s genuinos de la dieta mediterr\u00e1nea. Desde las 9 de la ma\u00f1ana y hasta las 12 del mediod\u00eda todos ellos pudieron disfrutar de un almuerzo popular donde no falt\u00f3 el ingrediente estrella de la jornada.<\/p>\n<p>Adem\u00e1s del desayuno popular cada productor ofreci\u00f3 una serie de actividades para hacer que la jornada se convirtiera tambi\u00e9n en una fiesta. As\u00ed no faltaron las sardanas, el baile de bastones, los gigantes, el baile country o los hinchables y concursos de dibujo para los m\u00e1s peque\u00f1os.<\/p>\n<p>Las instalaciones tambi\u00e9n estaban abiertas para todos los que quisieron ver de cerca cu\u00e1l es el proceso de elaboraci\u00f3n del aceite.<\/p>\n<p>El Ayuntamiento de Mont-roig del Camp, como colaborador del acto, puso a disposici\u00f3n de todos, un servicio de bus municipal entre Miami Platja y Mont-roig y traslados cada 30 minutos entre las dos instalaciones de los productores participantes.<\/p>\n<\/div>\n<\/div>\n<div class=\"field_noticia_img_portada\">\n<div>Imatge portada<\/div>\n<p><img decoding=\"async\" src=\"http:\/\/mont-roig.cat\/wp-content\/uploads\/2015-11-08_09.20.27.jpg\" title=\"2015-11-08_09.20.27.jpg\" alt=\"2015-11-08_09.20.27.jpg\" \/><\/div>\n<div class=\"field_noticia_imatge\">\n<div>Imatges<\/div>\n<p><img decoding=\"async\" src=\"http:\/\/mont-roig.cat\/wp-content\/uploads\/2015-11-08_08.41.34_0.jpg\" title=\"2015-11-08_08.41.34.jpg\" alt=\"2015-11-08_08.41.34.jpg\" \/><\/div>\n<div class=\"field_noticia_imatge\">\n<div>Imatges<\/div>\n<p><img decoding=\"async\" src=\"http:\/\/mont-roig.cat\/wp-content\/uploads\/2015-11-08_09.20.27_1.jpg\" title=\"2015-11-08_09.20.27.jpg\" alt=\"2015-11-08_09.20.27.jpg\" \/><\/div>\n<div class=\"field_noticia_imatge\">\n<div>Imatges<\/div>\n<p><img decoding=\"async\" src=\"http:\/\/mont-roig.cat\/wp-content\/uploads\/2015-11-08_12.08.30_0.jpg\" title=\"2015-11-08_12.08.30.jpg\" alt=\"2015-11-08_12.08.30.jpg\" \/><\/div>\n<div class=\"field_noticia_imatge\">\n<div>Imatges<\/div>\n<p><img decoding=\"async\" src=\"http:\/\/mont-roig.cat\/wp-content\/uploads\/festa_olinou_olissole_2015_-_1_0.jpg\" title=\"festa_olinou_olissole_2015_-_1.jpg\" alt=\"festa_olinou_olissole_2015_-_1.jpg\" \/><\/div>\n","protected":false},"excerpt":{"rendered":"<p>La fiesta reuni\u00f3 a vecinos y visitantes atra\u00eddos por el aceite reci\u00e9n prensado de la DOP Siurana La fiesta del aceite nuevo de Mont-roig volvi\u00f3 a ser todo un \u00e9xito. M\u00e1s de 1.600 personas no se quisieron perder el pasado domingo 8 de noviembre, la oportunidad de degustar el aceite reci\u00e9n prensado la Denominaci\u00f3n de [&hellip;]<\/p>\n","protected":false},"author":4,"featured_media":7223,"comment_status":"open","ping_status":"open","sticky":false,"template":"","format":"standard","meta":{"inline_featured_image":false,"_monsterinsights_skip_tracking":false,"_monsterinsights_sitenote_active":false,"_monsterinsights_sitenote_note":"","_monsterinsights_sitenote_category":0,"footnotes":""},"categories":[110],"tags":[],"class_list":["post-4660","post","type-post","status-publish","format-standard","has-post-thumbnail","hentry","category-promocion-economica"],"yoast_head":"<!-- This site is optimized with the Yoast SEO plugin v27.4 - https:\/\/yoast.com\/product\/yoast-seo-wordpress\/ -->\n<title>M\u00e1s de 1.600 personas prueban el aceite nuevo de Mont-roig - Ajuntament de Mont-roig del Camp<\/title>\n<meta name=\"robots\" content=\"index, follow, max-snippet:-1, max-image-preview:large, max-video-preview:-1\" \/>\n<link rel=\"canonical\" href=\"https:\/\/mont-roig.cat\/es\/actualitat\/noticies\/mas-de-1600-personas-prueban-el-aceite-nuevo-de-mont-roig\/\" \/>\n<meta property=\"og:locale\" content=\"es_ES\" \/>\n<meta property=\"og:type\" content=\"article\" \/>\n<meta property=\"og:title\" content=\"M\u00e1s de 1.600 personas prueban el aceite nuevo de Mont-roig - Ajuntament de Mont-roig del Camp\" \/>\n<meta property=\"og:description\" content=\"La fiesta reuni\u00f3 a vecinos y visitantes atra\u00eddos por el aceite reci\u00e9n prensado de la DOP Siurana La fiesta del aceite nuevo de Mont-roig volvi\u00f3 a ser todo un \u00e9xito. M\u00e1s de 1.600 personas no se quisieron perder el pasado domingo 8 de noviembre, la oportunidad de degustar el aceite reci\u00e9n prensado la Denominaci\u00f3n de [&hellip;]\" \/>\n<meta property=\"og:url\" content=\"https:\/\/mont-roig.cat\/es\/actualitat\/noticies\/mas-de-1600-personas-prueban-el-aceite-nuevo-de-mont-roig\/\" \/>\n<meta property=\"og:site_name\" content=\"Ajuntament de Mont-roig del Camp\" \/>\n<meta property=\"article:published_time\" content=\"2015-11-11T09:22:04+00:00\" \/>\n<meta property=\"og:image\" content=\"https:\/\/mont-roig.cat\/wp-content\/uploads\/2015-11-08_09.20.27.jpg\" \/>\n\t<meta property=\"og:image:width\" content=\"3264\" \/>\n\t<meta property=\"og:image:height\" content=\"1836\" \/>\n\t<meta property=\"og:image:type\" content=\"image\/jpeg\" \/>\n<meta name=\"author\" content=\"administrador\" \/>\n<meta name=\"twitter:card\" content=\"summary_large_image\" \/>\n<meta name=\"twitter:label1\" content=\"Escrito por\" \/>\n\t<meta name=\"twitter:data1\" content=\"administrador\" \/>\n\t<meta name=\"twitter:label2\" content=\"Tiempo de lectura\" \/>\n\t<meta name=\"twitter:data2\" content=\"1 minuto\" \/>\n<script type=\"application\/ld+json\" class=\"yoast-schema-graph\">{\"@context\":\"https:\\\/\\\/schema.org\",\"@graph\":[{\"@type\":\"Article\",\"@id\":\"https:\\\/\\\/mont-roig.cat\\\/es\\\/actualitat\\\/noticies\\\/mas-de-1600-personas-prueban-el-aceite-nuevo-de-mont-roig\\\/#article\",\"isPartOf\":{\"@id\":\"https:\\\/\\\/mont-roig.cat\\\/es\\\/actualitat\\\/noticies\\\/mas-de-1600-personas-prueban-el-aceite-nuevo-de-mont-roig\\\/\"},\"author\":{\"name\":\"administrador\",\"@id\":\"https:\\\/\\\/mont-roig.cat\\\/es\\\/#\\\/schema\\\/person\\\/f2b111789f22b7d0c3bd6786c9128cba\"},\"headline\":\"M\u00e1s de 1.600 personas prueban el aceite nuevo de Mont-roig\",\"datePublished\":\"2015-11-11T09:22:04+00:00\",\"mainEntityOfPage\":{\"@id\":\"https:\\\/\\\/mont-roig.cat\\\/es\\\/actualitat\\\/noticies\\\/mas-de-1600-personas-prueban-el-aceite-nuevo-de-mont-roig\\\/\"},\"wordCount\":261,\"commentCount\":0,\"image\":{\"@id\":\"https:\\\/\\\/mont-roig.cat\\\/es\\\/actualitat\\\/noticies\\\/mas-de-1600-personas-prueban-el-aceite-nuevo-de-mont-roig\\\/#primaryimage\"},\"thumbnailUrl\":\"https:\\\/\\\/mont-roig.cat\\\/wp-content\\\/uploads\\\/2015-11-08_09.20.27.jpg\",\"articleSection\":[\"Promoci\u00f3n econ\u00f3mica\"],\"inLanguage\":\"es\"},{\"@type\":\"WebPage\",\"@id\":\"https:\\\/\\\/mont-roig.cat\\\/es\\\/actualitat\\\/noticies\\\/mas-de-1600-personas-prueban-el-aceite-nuevo-de-mont-roig\\\/\",\"url\":\"https:\\\/\\\/mont-roig.cat\\\/es\\\/actualitat\\\/noticies\\\/mas-de-1600-personas-prueban-el-aceite-nuevo-de-mont-roig\\\/\",\"name\":\"M\u00e1s de 1.600 personas prueban el aceite nuevo de Mont-roig - Ajuntament de Mont-roig del Camp\",\"isPartOf\":{\"@id\":\"https:\\\/\\\/mont-roig.cat\\\/es\\\/#website\"},\"primaryImageOfPage\":{\"@id\":\"https:\\\/\\\/mont-roig.cat\\\/es\\\/actualitat\\\/noticies\\\/mas-de-1600-personas-prueban-el-aceite-nuevo-de-mont-roig\\\/#primaryimage\"},\"image\":{\"@id\":\"https:\\\/\\\/mont-roig.cat\\\/es\\\/actualitat\\\/noticies\\\/mas-de-1600-personas-prueban-el-aceite-nuevo-de-mont-roig\\\/#primaryimage\"},\"thumbnailUrl\":\"https:\\\/\\\/mont-roig.cat\\\/wp-content\\\/uploads\\\/2015-11-08_09.20.27.jpg\",\"datePublished\":\"2015-11-11T09:22:04+00:00\",\"author\":{\"@id\":\"https:\\\/\\\/mont-roig.cat\\\/es\\\/#\\\/schema\\\/person\\\/f2b111789f22b7d0c3bd6786c9128cba\"},\"breadcrumb\":{\"@id\":\"https:\\\/\\\/mont-roig.cat\\\/es\\\/actualitat\\\/noticies\\\/mas-de-1600-personas-prueban-el-aceite-nuevo-de-mont-roig\\\/#breadcrumb\"},\"inLanguage\":\"es\",\"potentialAction\":[{\"@type\":\"ReadAction\",\"target\":[\"https:\\\/\\\/mont-roig.cat\\\/es\\\/actualitat\\\/noticies\\\/mas-de-1600-personas-prueban-el-aceite-nuevo-de-mont-roig\\\/\"]}]},{\"@type\":\"ImageObject\",\"inLanguage\":\"es\",\"@id\":\"https:\\\/\\\/mont-roig.cat\\\/es\\\/actualitat\\\/noticies\\\/mas-de-1600-personas-prueban-el-aceite-nuevo-de-mont-roig\\\/#primaryimage\",\"url\":\"https:\\\/\\\/mont-roig.cat\\\/wp-content\\\/uploads\\\/2015-11-08_09.20.27.jpg\",\"contentUrl\":\"https:\\\/\\\/mont-roig.cat\\\/wp-content\\\/uploads\\\/2015-11-08_09.20.27.jpg\",\"width\":3264,\"height\":1836},{\"@type\":\"BreadcrumbList\",\"@id\":\"https:\\\/\\\/mont-roig.cat\\\/es\\\/actualitat\\\/noticies\\\/mas-de-1600-personas-prueban-el-aceite-nuevo-de-mont-roig\\\/#breadcrumb\",\"itemListElement\":[{\"@type\":\"ListItem\",\"position\":1,\"name\":\"Inici\",\"item\":\"https:\\\/\\\/mont-roig.cat\\\/es\\\/pagina-de-inicio\\\/\"},{\"@type\":\"ListItem\",\"position\":2,\"name\":\"M\u00e1s de 1.600 personas prueban el aceite nuevo de Mont-roig\"}]},{\"@type\":\"WebSite\",\"@id\":\"https:\\\/\\\/mont-roig.cat\\\/es\\\/#website\",\"url\":\"https:\\\/\\\/mont-roig.cat\\\/es\\\/\",\"name\":\"Ajuntament de Mont-roig del Camp\",\"description\":\"Tota la informaci\u00f3 sobre la instituci\u00f3, els seus \u00f2rgans de govern, actualitat, serveis i molt m\u00e9s.\",\"potentialAction\":[{\"@type\":\"SearchAction\",\"target\":{\"@type\":\"EntryPoint\",\"urlTemplate\":\"https:\\\/\\\/mont-roig.cat\\\/es\\\/?s={search_term_string}\"},\"query-input\":{\"@type\":\"PropertyValueSpecification\",\"valueRequired\":true,\"valueName\":\"search_term_string\"}}],\"inLanguage\":\"es\"},{\"@type\":\"Person\",\"@id\":\"https:\\\/\\\/mont-roig.cat\\\/es\\\/#\\\/schema\\\/person\\\/f2b111789f22b7d0c3bd6786c9128cba\",\"name\":\"administrador\",\"image\":{\"@type\":\"ImageObject\",\"inLanguage\":\"es\",\"@id\":\"https:\\\/\\\/secure.gravatar.com\\\/avatar\\\/9137aac6891e2595c9d3036fd83bcb653b4db3c946db4c7d9b9be193c3c944bb?s=96&d=mm&r=g\",\"url\":\"https:\\\/\\\/secure.gravatar.com\\\/avatar\\\/9137aac6891e2595c9d3036fd83bcb653b4db3c946db4c7d9b9be193c3c944bb?s=96&d=mm&r=g\",\"contentUrl\":\"https:\\\/\\\/secure.gravatar.com\\\/avatar\\\/9137aac6891e2595c9d3036fd83bcb653b4db3c946db4c7d9b9be193c3c944bb?s=96&d=mm&r=g\",\"caption\":\"administrador\"},\"url\":\"https:\\\/\\\/mont-roig.cat\\\/es\\\/actualitat\\\/noticies\\\/author\\\/administrador\\\/\"}]}<\/script>\n<!-- \/ Yoast SEO plugin. -->","yoast_head_json":{"title":"M\u00e1s de 1.600 personas prueban el aceite nuevo de Mont-roig - Ajuntament de Mont-roig del Camp","robots":{"index":"index","follow":"follow","max-snippet":"max-snippet:-1","max-image-preview":"max-image-preview:large","max-video-preview":"max-video-preview:-1"},"canonical":"https:\/\/mont-roig.cat\/es\/actualitat\/noticies\/mas-de-1600-personas-prueban-el-aceite-nuevo-de-mont-roig\/","og_locale":"es_ES","og_type":"article","og_title":"M\u00e1s de 1.600 personas prueban el aceite nuevo de Mont-roig - Ajuntament de Mont-roig del Camp","og_description":"La fiesta reuni\u00f3 a vecinos y visitantes atra\u00eddos por el aceite reci\u00e9n prensado de la DOP Siurana La fiesta del aceite nuevo de Mont-roig volvi\u00f3 a ser todo un \u00e9xito. M\u00e1s de 1.600 personas no se quisieron perder el pasado domingo 8 de noviembre, la oportunidad de degustar el aceite reci\u00e9n prensado la Denominaci\u00f3n de [&hellip;]","og_url":"https:\/\/mont-roig.cat\/es\/actualitat\/noticies\/mas-de-1600-personas-prueban-el-aceite-nuevo-de-mont-roig\/","og_site_name":"Ajuntament de Mont-roig del Camp","article_published_time":"2015-11-11T09:22:04+00:00","og_image":[{"width":3264,"height":1836,"url":"https:\/\/mont-roig.cat\/wp-content\/uploads\/2015-11-08_09.20.27.jpg","type":"image\/jpeg"}],"author":"administrador","twitter_card":"summary_large_image","twitter_misc":{"Escrito por":"administrador","Tiempo de lectura":"1 minuto"},"schema":{"@context":"https:\/\/schema.org","@graph":[{"@type":"Article","@id":"https:\/\/mont-roig.cat\/es\/actualitat\/noticies\/mas-de-1600-personas-prueban-el-aceite-nuevo-de-mont-roig\/#article","isPartOf":{"@id":"https:\/\/mont-roig.cat\/es\/actualitat\/noticies\/mas-de-1600-personas-prueban-el-aceite-nuevo-de-mont-roig\/"},"author":{"name":"administrador","@id":"https:\/\/mont-roig.cat\/es\/#\/schema\/person\/f2b111789f22b7d0c3bd6786c9128cba"},"headline":"M\u00e1s de 1.600 personas prueban el aceite nuevo de Mont-roig","datePublished":"2015-11-11T09:22:04+00:00","mainEntityOfPage":{"@id":"https:\/\/mont-roig.cat\/es\/actualitat\/noticies\/mas-de-1600-personas-prueban-el-aceite-nuevo-de-mont-roig\/"},"wordCount":261,"commentCount":0,"image":{"@id":"https:\/\/mont-roig.cat\/es\/actualitat\/noticies\/mas-de-1600-personas-prueban-el-aceite-nuevo-de-mont-roig\/#primaryimage"},"thumbnailUrl":"https:\/\/mont-roig.cat\/wp-content\/uploads\/2015-11-08_09.20.27.jpg","articleSection":["Promoci\u00f3n econ\u00f3mica"],"inLanguage":"es"},{"@type":"WebPage","@id":"https:\/\/mont-roig.cat\/es\/actualitat\/noticies\/mas-de-1600-personas-prueban-el-aceite-nuevo-de-mont-roig\/","url":"https:\/\/mont-roig.cat\/es\/actualitat\/noticies\/mas-de-1600-personas-prueban-el-aceite-nuevo-de-mont-roig\/","name":"M\u00e1s de 1.600 personas prueban el aceite nuevo de Mont-roig - Ajuntament de Mont-roig del Camp","isPartOf":{"@id":"https:\/\/mont-roig.cat\/es\/#website"},"primaryImageOfPage":{"@id":"https:\/\/mont-roig.cat\/es\/actualitat\/noticies\/mas-de-1600-personas-prueban-el-aceite-nuevo-de-mont-roig\/#primaryimage"},"image":{"@id":"https:\/\/mont-roig.cat\/es\/actualitat\/noticies\/mas-de-1600-personas-prueban-el-aceite-nuevo-de-mont-roig\/#primaryimage"},"thumbnailUrl":"https:\/\/mont-roig.cat\/wp-content\/uploads\/2015-11-08_09.20.27.jpg","datePublished":"2015-11-11T09:22:04+00:00","author":{"@id":"https:\/\/mont-roig.cat\/es\/#\/schema\/person\/f2b111789f22b7d0c3bd6786c9128cba"},"breadcrumb":{"@id":"https:\/\/mont-roig.cat\/es\/actualitat\/noticies\/mas-de-1600-personas-prueban-el-aceite-nuevo-de-mont-roig\/#breadcrumb"},"inLanguage":"es","potentialAction":[{"@type":"ReadAction","target":["https:\/\/mont-roig.cat\/es\/actualitat\/noticies\/mas-de-1600-personas-prueban-el-aceite-nuevo-de-mont-roig\/"]}]},{"@type":"ImageObject","inLanguage":"es","@id":"https:\/\/mont-roig.cat\/es\/actualitat\/noticies\/mas-de-1600-personas-prueban-el-aceite-nuevo-de-mont-roig\/#primaryimage","url":"https:\/\/mont-roig.cat\/wp-content\/uploads\/2015-11-08_09.20.27.jpg","contentUrl":"https:\/\/mont-roig.cat\/wp-content\/uploads\/2015-11-08_09.20.27.jpg","width":3264,"height":1836},{"@type":"BreadcrumbList","@id":"https:\/\/mont-roig.cat\/es\/actualitat\/noticies\/mas-de-1600-personas-prueban-el-aceite-nuevo-de-mont-roig\/#breadcrumb","itemListElement":[{"@type":"ListItem","position":1,"name":"Inici","item":"https:\/\/mont-roig.cat\/es\/pagina-de-inicio\/"},{"@type":"ListItem","position":2,"name":"M\u00e1s de 1.600 personas prueban el aceite nuevo de Mont-roig"}]},{"@type":"WebSite","@id":"https:\/\/mont-roig.cat\/es\/#website","url":"https:\/\/mont-roig.cat\/es\/","name":"Ajuntament de Mont-roig del Camp","description":"Tota la informaci\u00f3 sobre la instituci\u00f3, els seus \u00f2rgans de govern, actualitat, serveis i molt m\u00e9s.","potentialAction":[{"@type":"SearchAction","target":{"@type":"EntryPoint","urlTemplate":"https:\/\/mont-roig.cat\/es\/?s={search_term_string}"},"query-input":{"@type":"PropertyValueSpecification","valueRequired":true,"valueName":"search_term_string"}}],"inLanguage":"es"},{"@type":"Person","@id":"https:\/\/mont-roig.cat\/es\/#\/schema\/person\/f2b111789f22b7d0c3bd6786c9128cba","name":"administrador","image":{"@type":"ImageObject","inLanguage":"es","@id":"https:\/\/secure.gravatar.com\/avatar\/9137aac6891e2595c9d3036fd83bcb653b4db3c946db4c7d9b9be193c3c944bb?s=96&d=mm&r=g","url":"https:\/\/secure.gravatar.com\/avatar\/9137aac6891e2595c9d3036fd83bcb653b4db3c946db4c7d9b9be193c3c944bb?s=96&d=mm&r=g","contentUrl":"https:\/\/secure.gravatar.com\/avatar\/9137aac6891e2595c9d3036fd83bcb653b4db3c946db4c7d9b9be193c3c944bb?s=96&d=mm&r=g","caption":"administrador"},"url":"https:\/\/mont-roig.cat\/es\/actualitat\/noticies\/author\/administrador\/"}]}},"_links":{"self":[{"href":"https:\/\/mont-roig.cat\/es\/wp-json\/wp\/v2\/posts\/4660","targetHints":{"allow":["GET"]}}],"collection":[{"href":"https:\/\/mont-roig.cat\/es\/wp-json\/wp\/v2\/posts"}],"about":[{"href":"https:\/\/mont-roig.cat\/es\/wp-json\/wp\/v2\/types\/post"}],"author":[{"embeddable":true,"href":"https:\/\/mont-roig.cat\/es\/wp-json\/wp\/v2\/users\/4"}],"replies":[{"embeddable":true,"href":"https:\/\/mont-roig.cat\/es\/wp-json\/wp\/v2\/comments?post=4660"}],"version-history":[{"count":0,"href":"https:\/\/mont-roig.cat\/es\/wp-json\/wp\/v2\/posts\/4660\/revisions"}],"wp:featuredmedia":[{"embeddable":true,"href":"https:\/\/mont-roig.cat\/es\/wp-json\/wp\/v2\/media\/7223"}],"wp:attachment":[{"href":"https:\/\/mont-roig.cat\/es\/wp-json\/wp\/v2\/media?parent=4660"}],"wp:term":[{"taxonomy":"category","embeddable":true,"href":"https:\/\/mont-roig.cat\/es\/wp-json\/wp\/v2\/categories?post=4660"},{"taxonomy":"post_tag","embeddable":true,"href":"https:\/\/mont-roig.cat\/es\/wp-json\/wp\/v2\/tags?post=4660"}],"curies":[{"name":"wp","href":"https:\/\/api.w.org\/{rel}","templated":true}]}}