{"id":47100,"date":"2020-04-30T17:13:40","date_gmt":"2020-04-30T15:13:40","guid":{"rendered":"https:\/\/mont-roig.cat\/actualitat\/noticies\/lajuntament-felicita-a-la-llar-dinfants-mare-de-deu-de-la-roca-pel-25e-aniversari-de-la-inauguracio-de-lactual-edifici\/"},"modified":"2020-04-30T17:18:11","modified_gmt":"2020-04-30T15:18:11","slug":"el-ayuntamiento-felicita-a-la-guarderia-mare-de-deu-de-la-roca-por-el-25o-aniversario-de-la-inauguracion-del-actual-edificio","status":"publish","type":"post","link":"https:\/\/mont-roig.cat\/es\/actualitat\/noticies\/el-ayuntamiento-felicita-a-la-guarderia-mare-de-deu-de-la-roca-por-el-25o-aniversario-de-la-inauguracion-del-actual-edificio\/","title":{"rendered":"El Ayuntamiento felicita a la guarder\u00eda Mare de D\u00e9u de la Roca por el 25\u00ba aniversario de la inauguraci\u00f3n del actual edificio"},"content":{"rendered":"<ul>\n<li><strong> El equipo docente del centro ha escrito una carta y ha elaborado un v\u00eddeo en agradecimiento a las familias y las personas que han compartido su labor educativa durante estos a\u00f1os<\/strong><\/li>\n<\/ul>\n<p>El Ayuntamiento de Mont-roig del Camp felicita a la guarder\u00eda Mare de D\u00e9u de la Roca, que este mes de abril celebra que se han cumplido 25 a\u00f1os desde que se inaugur\u00f3 el edificio donde actualmente se desarrolla su labor educativa.<\/p>\n<p>Un hito importante en la trayectoria del centro, que el equipo docente de la guarder\u00eda ha querido recordar mediante una carta de agradecimiento a las familias de los ni\u00f1os y ni\u00f1as, por la confianza depositada en el centro durante todos estos a\u00f1os.<\/p>\n<p>Tambi\u00e9n han aprovechado para dar las gracias al resto de personas y trabajadores\/as con quienes han compartido su labor educativa durante esta etapa.<\/p>\n<p>Pod\u00e9is leer la carta <a href=\"https:\/\/mont-roig.cat\/wp-content\/uploads\/25\u00e8-aniversari-edifici-Llar-dInfants-Mare-de-D\u00e9u-de-la-Roca.pdf\" target=\"_blank\" rel=\"noopener noreferrer\">en este enlace<\/a>.<\/p>\n<p>Adem\u00e1s, han preparado un v\u00eddeo muy especial para celebrar la efem\u00e9ride. Haced clic en la imagen para visualizarlo:<\/p>\n<p><a href=\"http:\/\/www.dropbox.com\/s\/d0z2j667jdwppag\/25%20ANYS%20-%20ANIVERSARI.mp4?dl=0\"><img loading=\"lazy\" decoding=\"async\" class=\"alignnone wp-image-47072\" src=\"https:\/\/mont-roig.cat\/wp-content\/uploads\/v\u00eddeo-500x303.jpeg\" alt=\"\" width=\"250\" height=\"152\" srcset=\"https:\/\/mont-roig.cat\/wp-content\/uploads\/v\u00eddeo-500x303.jpeg 500w, https:\/\/mont-roig.cat\/wp-content\/uploads\/v\u00eddeo-768x466.jpeg 768w, https:\/\/mont-roig.cat\/wp-content\/uploads\/v\u00eddeo.jpeg 903w\" sizes=\"auto, (max-width: 250px) 100vw, 250px\" \/><\/a><\/p>\n<p>En definitiva,se trata de un centro que ha ido adapt\u00e1ndose a los nuevos tiempos y a las nuevas necesidades de los ni\u00f1os y ni\u00f1as. Aqu\u00ed ten\u00e9is algunas im\u00e1genes:<\/p>\n<p><a href=\"https:\/\/mont-roig.cat\/wp-content\/uploads\/MdR3-scaled.jpg\"><img loading=\"lazy\" decoding=\"async\" class=\"wp-image-47082 alignleft\" src=\"https:\/\/mont-roig.cat\/wp-content\/uploads\/MdR3-500x375.jpg\" alt=\"\" width=\"150\" height=\"113\" srcset=\"https:\/\/mont-roig.cat\/wp-content\/uploads\/MdR3-500x375.jpg 500w, https:\/\/mont-roig.cat\/wp-content\/uploads\/MdR3-1024x768.jpg 1024w, https:\/\/mont-roig.cat\/wp-content\/uploads\/MdR3-768x576.jpg 768w, https:\/\/mont-roig.cat\/wp-content\/uploads\/MdR3-1536x1152.jpg 1536w, https:\/\/mont-roig.cat\/wp-content\/uploads\/MdR3-scaled.jpg 2048w, https:\/\/mont-roig.cat\/wp-content\/uploads\/MdR3-463x348.jpg 463w\" sizes=\"auto, (max-width: 150px) 100vw, 150px\" \/><\/a><a href=\"https:\/\/mont-roig.cat\/wp-content\/uploads\/MdR5-scaled.jpg\"><img loading=\"lazy\" decoding=\"async\" class=\"wp-image-47086 alignleft\" src=\"https:\/\/mont-roig.cat\/wp-content\/uploads\/MdR5-500x375.jpg\" alt=\"\" width=\"150\" height=\"113\" srcset=\"https:\/\/mont-roig.cat\/wp-content\/uploads\/MdR5-500x375.jpg 500w, https:\/\/mont-roig.cat\/wp-content\/uploads\/MdR5-1024x768.jpg 1024w, https:\/\/mont-roig.cat\/wp-content\/uploads\/MdR5-768x576.jpg 768w, https:\/\/mont-roig.cat\/wp-content\/uploads\/MdR5-1536x1152.jpg 1536w, https:\/\/mont-roig.cat\/wp-content\/uploads\/MdR5-scaled.jpg 2048w, https:\/\/mont-roig.cat\/wp-content\/uploads\/MdR5-463x348.jpg 463w\" sizes=\"auto, (max-width: 150px) 100vw, 150px\" \/><\/a><a href=\"https:\/\/mont-roig.cat\/wp-content\/uploads\/MdR1-scaled.jpg\"><img loading=\"lazy\" decoding=\"async\" class=\"alignleft wp-image-47080\" src=\"https:\/\/mont-roig.cat\/wp-content\/uploads\/MdR1-500x375.jpg\" alt=\"\" width=\"150\" height=\"113\" srcset=\"https:\/\/mont-roig.cat\/wp-content\/uploads\/MdR1-500x375.jpg 500w, https:\/\/mont-roig.cat\/wp-content\/uploads\/MdR1-1024x768.jpg 1024w, https:\/\/mont-roig.cat\/wp-content\/uploads\/MdR1-768x576.jpg 768w, https:\/\/mont-roig.cat\/wp-content\/uploads\/MdR1-1536x1152.jpg 1536w, https:\/\/mont-roig.cat\/wp-content\/uploads\/MdR1-scaled.jpg 2048w, https:\/\/mont-roig.cat\/wp-content\/uploads\/MdR1-463x348.jpg 463w\" sizes=\"auto, (max-width: 150px) 100vw, 150px\" \/><\/a><a href=\"https:\/\/mont-roig.cat\/wp-content\/uploads\/MdR6-scaled.jpg\"><img loading=\"lazy\" decoding=\"async\" class=\"alignleft wp-image-47090\" src=\"https:\/\/mont-roig.cat\/wp-content\/uploads\/MdR6-500x375.jpg\" alt=\"\" width=\"150\" height=\"113\" srcset=\"https:\/\/mont-roig.cat\/wp-content\/uploads\/MdR6-500x375.jpg 500w, https:\/\/mont-roig.cat\/wp-content\/uploads\/MdR6-1024x768.jpg 1024w, https:\/\/mont-roig.cat\/wp-content\/uploads\/MdR6-768x576.jpg 768w, https:\/\/mont-roig.cat\/wp-content\/uploads\/MdR6-1536x1152.jpg 1536w, https:\/\/mont-roig.cat\/wp-content\/uploads\/MdR6-scaled.jpg 2048w, https:\/\/mont-roig.cat\/wp-content\/uploads\/MdR6-463x348.jpg 463w\" sizes=\"auto, (max-width: 150px) 100vw, 150px\" \/><\/a><\/p>\n","protected":false},"excerpt":{"rendered":"<p>El equipo docente del centro ha escrito una carta y ha elaborado un v\u00eddeo en agradecimiento a las familias y las personas que han compartido su labor educativa durante estos a\u00f1os El Ayuntamiento de Mont-roig del Camp felicita a la guarder\u00eda Mare de D\u00e9u de la Roca, que este mes de abril celebra que se [&hellip;]<\/p>\n","protected":false},"author":4,"featured_media":47073,"comment_status":"closed","ping_status":"closed","sticky":false,"template":"","format":"standard","meta":{"inline_featured_image":false,"_monsterinsights_skip_tracking":false,"_monsterinsights_sitenote_active":false,"_monsterinsights_sitenote_note":"","_monsterinsights_sitenote_category":0,"footnotes":""},"categories":[98,103],"tags":[],"class_list":["post-47100","post","type-post","status-publish","format-standard","has-post-thumbnail","hentry","category-ayuntamiento","category-educacion"],"yoast_head":"<!-- This site is optimized with the Yoast SEO plugin v27.4 - https:\/\/yoast.com\/product\/yoast-seo-wordpress\/ -->\n<title>El Ayuntamiento felicita a la guarder\u00eda Mare de D\u00e9u de la Roca por el 25\u00ba aniversario de la inauguraci\u00f3n del actual edificio - Ajuntament de Mont-roig del Camp<\/title>\n<meta name=\"robots\" content=\"index, follow, max-snippet:-1, max-image-preview:large, max-video-preview:-1\" \/>\n<link rel=\"canonical\" href=\"https:\/\/mont-roig.cat\/es\/actualitat\/noticies\/el-ayuntamiento-felicita-a-la-guarderia-mare-de-deu-de-la-roca-por-el-25o-aniversario-de-la-inauguracion-del-actual-edificio\/\" \/>\n<meta property=\"og:locale\" content=\"es_ES\" \/>\n<meta property=\"og:type\" content=\"article\" \/>\n<meta property=\"og:title\" content=\"El Ayuntamiento felicita a la guarder\u00eda Mare de D\u00e9u de la Roca por el 25\u00ba aniversario de la inauguraci\u00f3n del actual edificio - Ajuntament de Mont-roig del Camp\" \/>\n<meta property=\"og:description\" content=\"El equipo docente del centro ha escrito una carta y ha elaborado un v\u00eddeo en agradecimiento a las familias y las personas que han compartido su labor educativa durante estos a\u00f1os El Ayuntamiento de Mont-roig del Camp felicita a la guarder\u00eda Mare de D\u00e9u de la Roca, que este mes de abril celebra que se [&hellip;]\" \/>\n<meta property=\"og:url\" content=\"https:\/\/mont-roig.cat\/es\/actualitat\/noticies\/el-ayuntamiento-felicita-a-la-guarderia-mare-de-deu-de-la-roca-por-el-25o-aniversario-de-la-inauguracion-del-actual-edificio\/\" \/>\n<meta property=\"og:site_name\" content=\"Ajuntament de Mont-roig del Camp\" \/>\n<meta property=\"article:published_time\" content=\"2020-04-30T15:13:40+00:00\" \/>\n<meta property=\"article:modified_time\" content=\"2020-04-30T15:18:11+00:00\" \/>\n<meta property=\"og:image\" content=\"https:\/\/mont-roig.cat\/wp-content\/uploads\/v\u00eddeo.jpeg\" \/>\n\t<meta property=\"og:image:width\" content=\"903\" \/>\n\t<meta property=\"og:image:height\" content=\"548\" \/>\n\t<meta property=\"og:image:type\" content=\"image\/jpeg\" \/>\n<meta name=\"author\" content=\"administrador\" \/>\n<meta name=\"twitter:card\" content=\"summary_large_image\" \/>\n<meta name=\"twitter:label1\" content=\"Escrito por\" \/>\n\t<meta name=\"twitter:data1\" content=\"administrador\" \/>\n\t<meta name=\"twitter:label2\" content=\"Tiempo de lectura\" \/>\n\t<meta name=\"twitter:data2\" content=\"1 minuto\" \/>\n<script type=\"application\/ld+json\" class=\"yoast-schema-graph\">{\"@context\":\"https:\\\/\\\/schema.org\",\"@graph\":[{\"@type\":\"Article\",\"@id\":\"https:\\\/\\\/mont-roig.cat\\\/es\\\/actualitat\\\/noticies\\\/el-ayuntamiento-felicita-a-la-guarderia-mare-de-deu-de-la-roca-por-el-25o-aniversario-de-la-inauguracion-del-actual-edificio\\\/#article\",\"isPartOf\":{\"@id\":\"https:\\\/\\\/mont-roig.cat\\\/es\\\/actualitat\\\/noticies\\\/el-ayuntamiento-felicita-a-la-guarderia-mare-de-deu-de-la-roca-por-el-25o-aniversario-de-la-inauguracion-del-actual-edificio\\\/\"},\"author\":{\"name\":\"administrador\",\"@id\":\"https:\\\/\\\/mont-roig.cat\\\/es\\\/#\\\/schema\\\/person\\\/f2b111789f22b7d0c3bd6786c9128cba\"},\"headline\":\"El Ayuntamiento felicita a la guarder\u00eda Mare de D\u00e9u de la Roca por el 25\u00ba aniversario de la inauguraci\u00f3n del actual edificio\",\"datePublished\":\"2020-04-30T15:13:40+00:00\",\"dateModified\":\"2020-04-30T15:18:11+00:00\",\"mainEntityOfPage\":{\"@id\":\"https:\\\/\\\/mont-roig.cat\\\/es\\\/actualitat\\\/noticies\\\/el-ayuntamiento-felicita-a-la-guarderia-mare-de-deu-de-la-roca-por-el-25o-aniversario-de-la-inauguracion-del-actual-edificio\\\/\"},\"wordCount\":234,\"image\":{\"@id\":\"https:\\\/\\\/mont-roig.cat\\\/es\\\/actualitat\\\/noticies\\\/el-ayuntamiento-felicita-a-la-guarderia-mare-de-deu-de-la-roca-por-el-25o-aniversario-de-la-inauguracion-del-actual-edificio\\\/#primaryimage\"},\"thumbnailUrl\":\"https:\\\/\\\/mont-roig.cat\\\/wp-content\\\/uploads\\\/v\u00eddeo.jpeg\",\"articleSection\":[\"Ayuntamiento\",\"Educaci\u00f3n\"],\"inLanguage\":\"es\"},{\"@type\":\"WebPage\",\"@id\":\"https:\\\/\\\/mont-roig.cat\\\/es\\\/actualitat\\\/noticies\\\/el-ayuntamiento-felicita-a-la-guarderia-mare-de-deu-de-la-roca-por-el-25o-aniversario-de-la-inauguracion-del-actual-edificio\\\/\",\"url\":\"https:\\\/\\\/mont-roig.cat\\\/es\\\/actualitat\\\/noticies\\\/el-ayuntamiento-felicita-a-la-guarderia-mare-de-deu-de-la-roca-por-el-25o-aniversario-de-la-inauguracion-del-actual-edificio\\\/\",\"name\":\"El Ayuntamiento felicita a la guarder\u00eda Mare de D\u00e9u de la Roca por el 25\u00ba aniversario de la inauguraci\u00f3n del actual edificio - Ajuntament de Mont-roig del Camp\",\"isPartOf\":{\"@id\":\"https:\\\/\\\/mont-roig.cat\\\/es\\\/#website\"},\"primaryImageOfPage\":{\"@id\":\"https:\\\/\\\/mont-roig.cat\\\/es\\\/actualitat\\\/noticies\\\/el-ayuntamiento-felicita-a-la-guarderia-mare-de-deu-de-la-roca-por-el-25o-aniversario-de-la-inauguracion-del-actual-edificio\\\/#primaryimage\"},\"image\":{\"@id\":\"https:\\\/\\\/mont-roig.cat\\\/es\\\/actualitat\\\/noticies\\\/el-ayuntamiento-felicita-a-la-guarderia-mare-de-deu-de-la-roca-por-el-25o-aniversario-de-la-inauguracion-del-actual-edificio\\\/#primaryimage\"},\"thumbnailUrl\":\"https:\\\/\\\/mont-roig.cat\\\/wp-content\\\/uploads\\\/v\u00eddeo.jpeg\",\"datePublished\":\"2020-04-30T15:13:40+00:00\",\"dateModified\":\"2020-04-30T15:18:11+00:00\",\"author\":{\"@id\":\"https:\\\/\\\/mont-roig.cat\\\/es\\\/#\\\/schema\\\/person\\\/f2b111789f22b7d0c3bd6786c9128cba\"},\"breadcrumb\":{\"@id\":\"https:\\\/\\\/mont-roig.cat\\\/es\\\/actualitat\\\/noticies\\\/el-ayuntamiento-felicita-a-la-guarderia-mare-de-deu-de-la-roca-por-el-25o-aniversario-de-la-inauguracion-del-actual-edificio\\\/#breadcrumb\"},\"inLanguage\":\"es\",\"potentialAction\":[{\"@type\":\"ReadAction\",\"target\":[\"https:\\\/\\\/mont-roig.cat\\\/es\\\/actualitat\\\/noticies\\\/el-ayuntamiento-felicita-a-la-guarderia-mare-de-deu-de-la-roca-por-el-25o-aniversario-de-la-inauguracion-del-actual-edificio\\\/\"]}]},{\"@type\":\"ImageObject\",\"inLanguage\":\"es\",\"@id\":\"https:\\\/\\\/mont-roig.cat\\\/es\\\/actualitat\\\/noticies\\\/el-ayuntamiento-felicita-a-la-guarderia-mare-de-deu-de-la-roca-por-el-25o-aniversario-de-la-inauguracion-del-actual-edificio\\\/#primaryimage\",\"url\":\"https:\\\/\\\/mont-roig.cat\\\/wp-content\\\/uploads\\\/v\u00eddeo.jpeg\",\"contentUrl\":\"https:\\\/\\\/mont-roig.cat\\\/wp-content\\\/uploads\\\/v\u00eddeo.jpeg\",\"width\":903,\"height\":548},{\"@type\":\"BreadcrumbList\",\"@id\":\"https:\\\/\\\/mont-roig.cat\\\/es\\\/actualitat\\\/noticies\\\/el-ayuntamiento-felicita-a-la-guarderia-mare-de-deu-de-la-roca-por-el-25o-aniversario-de-la-inauguracion-del-actual-edificio\\\/#breadcrumb\",\"itemListElement\":[{\"@type\":\"ListItem\",\"position\":1,\"name\":\"Inici\",\"item\":\"https:\\\/\\\/mont-roig.cat\\\/es\\\/pagina-de-inicio\\\/\"},{\"@type\":\"ListItem\",\"position\":2,\"name\":\"El Ayuntamiento felicita a la guarder\u00eda Mare de D\u00e9u de la Roca por el 25\u00ba aniversario de la inauguraci\u00f3n del actual edificio\"}]},{\"@type\":\"WebSite\",\"@id\":\"https:\\\/\\\/mont-roig.cat\\\/es\\\/#website\",\"url\":\"https:\\\/\\\/mont-roig.cat\\\/es\\\/\",\"name\":\"Ajuntament de Mont-roig del Camp\",\"description\":\"Tota la informaci\u00f3 sobre la instituci\u00f3, els seus \u00f2rgans de govern, actualitat, serveis i molt m\u00e9s.\",\"potentialAction\":[{\"@type\":\"SearchAction\",\"target\":{\"@type\":\"EntryPoint\",\"urlTemplate\":\"https:\\\/\\\/mont-roig.cat\\\/es\\\/?s={search_term_string}\"},\"query-input\":{\"@type\":\"PropertyValueSpecification\",\"valueRequired\":true,\"valueName\":\"search_term_string\"}}],\"inLanguage\":\"es\"},{\"@type\":\"Person\",\"@id\":\"https:\\\/\\\/mont-roig.cat\\\/es\\\/#\\\/schema\\\/person\\\/f2b111789f22b7d0c3bd6786c9128cba\",\"name\":\"administrador\",\"image\":{\"@type\":\"ImageObject\",\"inLanguage\":\"es\",\"@id\":\"https:\\\/\\\/secure.gravatar.com\\\/avatar\\\/9137aac6891e2595c9d3036fd83bcb653b4db3c946db4c7d9b9be193c3c944bb?s=96&d=mm&r=g\",\"url\":\"https:\\\/\\\/secure.gravatar.com\\\/avatar\\\/9137aac6891e2595c9d3036fd83bcb653b4db3c946db4c7d9b9be193c3c944bb?s=96&d=mm&r=g\",\"contentUrl\":\"https:\\\/\\\/secure.gravatar.com\\\/avatar\\\/9137aac6891e2595c9d3036fd83bcb653b4db3c946db4c7d9b9be193c3c944bb?s=96&d=mm&r=g\",\"caption\":\"administrador\"},\"url\":\"https:\\\/\\\/mont-roig.cat\\\/es\\\/actualitat\\\/noticies\\\/author\\\/administrador\\\/\"}]}<\/script>\n<!-- \/ Yoast SEO plugin. -->","yoast_head_json":{"title":"El Ayuntamiento felicita a la guarder\u00eda Mare de D\u00e9u de la Roca por el 25\u00ba aniversario de la inauguraci\u00f3n del actual edificio - Ajuntament de Mont-roig del Camp","robots":{"index":"index","follow":"follow","max-snippet":"max-snippet:-1","max-image-preview":"max-image-preview:large","max-video-preview":"max-video-preview:-1"},"canonical":"https:\/\/mont-roig.cat\/es\/actualitat\/noticies\/el-ayuntamiento-felicita-a-la-guarderia-mare-de-deu-de-la-roca-por-el-25o-aniversario-de-la-inauguracion-del-actual-edificio\/","og_locale":"es_ES","og_type":"article","og_title":"El Ayuntamiento felicita a la guarder\u00eda Mare de D\u00e9u de la Roca por el 25\u00ba aniversario de la inauguraci\u00f3n del actual edificio - Ajuntament de Mont-roig del Camp","og_description":"El equipo docente del centro ha escrito una carta y ha elaborado un v\u00eddeo en agradecimiento a las familias y las personas que han compartido su labor educativa durante estos a\u00f1os El Ayuntamiento de Mont-roig del Camp felicita a la guarder\u00eda Mare de D\u00e9u de la Roca, que este mes de abril celebra que se [&hellip;]","og_url":"https:\/\/mont-roig.cat\/es\/actualitat\/noticies\/el-ayuntamiento-felicita-a-la-guarderia-mare-de-deu-de-la-roca-por-el-25o-aniversario-de-la-inauguracion-del-actual-edificio\/","og_site_name":"Ajuntament de Mont-roig del Camp","article_published_time":"2020-04-30T15:13:40+00:00","article_modified_time":"2020-04-30T15:18:11+00:00","og_image":[{"width":903,"height":548,"url":"https:\/\/mont-roig.cat\/wp-content\/uploads\/v\u00eddeo.jpeg","type":"image\/jpeg"}],"author":"administrador","twitter_card":"summary_large_image","twitter_misc":{"Escrito por":"administrador","Tiempo de lectura":"1 minuto"},"schema":{"@context":"https:\/\/schema.org","@graph":[{"@type":"Article","@id":"https:\/\/mont-roig.cat\/es\/actualitat\/noticies\/el-ayuntamiento-felicita-a-la-guarderia-mare-de-deu-de-la-roca-por-el-25o-aniversario-de-la-inauguracion-del-actual-edificio\/#article","isPartOf":{"@id":"https:\/\/mont-roig.cat\/es\/actualitat\/noticies\/el-ayuntamiento-felicita-a-la-guarderia-mare-de-deu-de-la-roca-por-el-25o-aniversario-de-la-inauguracion-del-actual-edificio\/"},"author":{"name":"administrador","@id":"https:\/\/mont-roig.cat\/es\/#\/schema\/person\/f2b111789f22b7d0c3bd6786c9128cba"},"headline":"El Ayuntamiento felicita a la guarder\u00eda Mare de D\u00e9u de la Roca por el 25\u00ba aniversario de la inauguraci\u00f3n del actual edificio","datePublished":"2020-04-30T15:13:40+00:00","dateModified":"2020-04-30T15:18:11+00:00","mainEntityOfPage":{"@id":"https:\/\/mont-roig.cat\/es\/actualitat\/noticies\/el-ayuntamiento-felicita-a-la-guarderia-mare-de-deu-de-la-roca-por-el-25o-aniversario-de-la-inauguracion-del-actual-edificio\/"},"wordCount":234,"image":{"@id":"https:\/\/mont-roig.cat\/es\/actualitat\/noticies\/el-ayuntamiento-felicita-a-la-guarderia-mare-de-deu-de-la-roca-por-el-25o-aniversario-de-la-inauguracion-del-actual-edificio\/#primaryimage"},"thumbnailUrl":"https:\/\/mont-roig.cat\/wp-content\/uploads\/v\u00eddeo.jpeg","articleSection":["Ayuntamiento","Educaci\u00f3n"],"inLanguage":"es"},{"@type":"WebPage","@id":"https:\/\/mont-roig.cat\/es\/actualitat\/noticies\/el-ayuntamiento-felicita-a-la-guarderia-mare-de-deu-de-la-roca-por-el-25o-aniversario-de-la-inauguracion-del-actual-edificio\/","url":"https:\/\/mont-roig.cat\/es\/actualitat\/noticies\/el-ayuntamiento-felicita-a-la-guarderia-mare-de-deu-de-la-roca-por-el-25o-aniversario-de-la-inauguracion-del-actual-edificio\/","name":"El Ayuntamiento felicita a la guarder\u00eda Mare de D\u00e9u de la Roca por el 25\u00ba aniversario de la inauguraci\u00f3n del actual edificio - Ajuntament de Mont-roig del Camp","isPartOf":{"@id":"https:\/\/mont-roig.cat\/es\/#website"},"primaryImageOfPage":{"@id":"https:\/\/mont-roig.cat\/es\/actualitat\/noticies\/el-ayuntamiento-felicita-a-la-guarderia-mare-de-deu-de-la-roca-por-el-25o-aniversario-de-la-inauguracion-del-actual-edificio\/#primaryimage"},"image":{"@id":"https:\/\/mont-roig.cat\/es\/actualitat\/noticies\/el-ayuntamiento-felicita-a-la-guarderia-mare-de-deu-de-la-roca-por-el-25o-aniversario-de-la-inauguracion-del-actual-edificio\/#primaryimage"},"thumbnailUrl":"https:\/\/mont-roig.cat\/wp-content\/uploads\/v\u00eddeo.jpeg","datePublished":"2020-04-30T15:13:40+00:00","dateModified":"2020-04-30T15:18:11+00:00","author":{"@id":"https:\/\/mont-roig.cat\/es\/#\/schema\/person\/f2b111789f22b7d0c3bd6786c9128cba"},"breadcrumb":{"@id":"https:\/\/mont-roig.cat\/es\/actualitat\/noticies\/el-ayuntamiento-felicita-a-la-guarderia-mare-de-deu-de-la-roca-por-el-25o-aniversario-de-la-inauguracion-del-actual-edificio\/#breadcrumb"},"inLanguage":"es","potentialAction":[{"@type":"ReadAction","target":["https:\/\/mont-roig.cat\/es\/actualitat\/noticies\/el-ayuntamiento-felicita-a-la-guarderia-mare-de-deu-de-la-roca-por-el-25o-aniversario-de-la-inauguracion-del-actual-edificio\/"]}]},{"@type":"ImageObject","inLanguage":"es","@id":"https:\/\/mont-roig.cat\/es\/actualitat\/noticies\/el-ayuntamiento-felicita-a-la-guarderia-mare-de-deu-de-la-roca-por-el-25o-aniversario-de-la-inauguracion-del-actual-edificio\/#primaryimage","url":"https:\/\/mont-roig.cat\/wp-content\/uploads\/v\u00eddeo.jpeg","contentUrl":"https:\/\/mont-roig.cat\/wp-content\/uploads\/v\u00eddeo.jpeg","width":903,"height":548},{"@type":"BreadcrumbList","@id":"https:\/\/mont-roig.cat\/es\/actualitat\/noticies\/el-ayuntamiento-felicita-a-la-guarderia-mare-de-deu-de-la-roca-por-el-25o-aniversario-de-la-inauguracion-del-actual-edificio\/#breadcrumb","itemListElement":[{"@type":"ListItem","position":1,"name":"Inici","item":"https:\/\/mont-roig.cat\/es\/pagina-de-inicio\/"},{"@type":"ListItem","position":2,"name":"El Ayuntamiento felicita a la guarder\u00eda Mare de D\u00e9u de la Roca por el 25\u00ba aniversario de la inauguraci\u00f3n del actual edificio"}]},{"@type":"WebSite","@id":"https:\/\/mont-roig.cat\/es\/#website","url":"https:\/\/mont-roig.cat\/es\/","name":"Ajuntament de Mont-roig del Camp","description":"Tota la informaci\u00f3 sobre la instituci\u00f3, els seus \u00f2rgans de govern, actualitat, serveis i molt m\u00e9s.","potentialAction":[{"@type":"SearchAction","target":{"@type":"EntryPoint","urlTemplate":"https:\/\/mont-roig.cat\/es\/?s={search_term_string}"},"query-input":{"@type":"PropertyValueSpecification","valueRequired":true,"valueName":"search_term_string"}}],"inLanguage":"es"},{"@type":"Person","@id":"https:\/\/mont-roig.cat\/es\/#\/schema\/person\/f2b111789f22b7d0c3bd6786c9128cba","name":"administrador","image":{"@type":"ImageObject","inLanguage":"es","@id":"https:\/\/secure.gravatar.com\/avatar\/9137aac6891e2595c9d3036fd83bcb653b4db3c946db4c7d9b9be193c3c944bb?s=96&d=mm&r=g","url":"https:\/\/secure.gravatar.com\/avatar\/9137aac6891e2595c9d3036fd83bcb653b4db3c946db4c7d9b9be193c3c944bb?s=96&d=mm&r=g","contentUrl":"https:\/\/secure.gravatar.com\/avatar\/9137aac6891e2595c9d3036fd83bcb653b4db3c946db4c7d9b9be193c3c944bb?s=96&d=mm&r=g","caption":"administrador"},"url":"https:\/\/mont-roig.cat\/es\/actualitat\/noticies\/author\/administrador\/"}]}},"_links":{"self":[{"href":"https:\/\/mont-roig.cat\/es\/wp-json\/wp\/v2\/posts\/47100","targetHints":{"allow":["GET"]}}],"collection":[{"href":"https:\/\/mont-roig.cat\/es\/wp-json\/wp\/v2\/posts"}],"about":[{"href":"https:\/\/mont-roig.cat\/es\/wp-json\/wp\/v2\/types\/post"}],"author":[{"embeddable":true,"href":"https:\/\/mont-roig.cat\/es\/wp-json\/wp\/v2\/users\/4"}],"replies":[{"embeddable":true,"href":"https:\/\/mont-roig.cat\/es\/wp-json\/wp\/v2\/comments?post=47100"}],"version-history":[{"count":2,"href":"https:\/\/mont-roig.cat\/es\/wp-json\/wp\/v2\/posts\/47100\/revisions"}],"predecessor-version":[{"id":47102,"href":"https:\/\/mont-roig.cat\/es\/wp-json\/wp\/v2\/posts\/47100\/revisions\/47102"}],"wp:featuredmedia":[{"embeddable":true,"href":"https:\/\/mont-roig.cat\/es\/wp-json\/wp\/v2\/media\/47073"}],"wp:attachment":[{"href":"https:\/\/mont-roig.cat\/es\/wp-json\/wp\/v2\/media?parent=47100"}],"wp:term":[{"taxonomy":"category","embeddable":true,"href":"https:\/\/mont-roig.cat\/es\/wp-json\/wp\/v2\/categories?post=47100"},{"taxonomy":"post_tag","embeddable":true,"href":"https:\/\/mont-roig.cat\/es\/wp-json\/wp\/v2\/tags?post=47100"}],"curies":[{"name":"wp","href":"https:\/\/api.w.org\/{rel}","templated":true}]}}