{"id":47355,"date":"2020-05-10T14:16:25","date_gmt":"2020-05-10T12:16:25","guid":{"rendered":"https:\/\/mont-roig.cat\/actualitat\/noticies\/el-certificat-dempadronament-en-vigor-sera-necessari-per-la-preinscripcio-escolar-deducacio-infantil-primaria-i-eso-que-comenca-el-13-de-maig-i-sha-de-fer-de-forma-te\/"},"modified":"2020-05-13T17:06:21","modified_gmt":"2020-05-13T15:06:21","slug":"el-certificat-dempadronament-en-vigor-sera-necessari-per-la-preinscripcio-escolar-deducacio-infantil-primaria-i-eso-que-comenca-el-13-de-maig-i-sha-de-fer-de-forma-te","status":"publish","type":"post","link":"https:\/\/mont-roig.cat\/es\/actualitat\/noticies\/el-certificat-dempadronament-en-vigor-sera-necessari-per-la-preinscripcio-escolar-deducacio-infantil-primaria-i-eso-que-comenca-el-13-de-maig-i-sha-de-fer-de-forma-te\/","title":{"rendered":"El certificado de empadronamiento en vigor s\u00f3lo ser\u00e1 necesario para la preinscripci\u00f3n escolar si no se tiene el DNI regularizado"},"content":{"rendered":"<ul>\n<li><strong><a href=\"https:\/\/mont-roig.cat\/wp-content\/uploads\/seu-electr\u00f2nica-1.jpg\"><img loading=\"lazy\" decoding=\"async\" class=\"alignright wp-image-47350\" src=\"https:\/\/mont-roig.cat\/wp-content\/uploads\/seu-electr\u00f2nica-1-500x287.jpg\" alt=\"\" width=\"320\" height=\"183\" srcset=\"https:\/\/mont-roig.cat\/wp-content\/uploads\/seu-electr\u00f2nica-1-500x287.jpg 500w, https:\/\/mont-roig.cat\/wp-content\/uploads\/seu-electr\u00f2nica-1-1024x589.jpg 1024w, https:\/\/mont-roig.cat\/wp-content\/uploads\/seu-electr\u00f2nica-1-768x442.jpg 768w, https:\/\/mont-roig.cat\/wp-content\/uploads\/seu-electr\u00f2nica-1.jpg 1115w\" sizes=\"auto, (max-width: 320px) 100vw, 320px\" \/><\/a>El DNI tiene que estar vigente y debe coincidir con el domicilio real de los vecinos. Si no se tiene actualizado, es necesario el certificado de empadronamiento que tiene una validez de 3 meses y que se debe pedir a la sede electr\u00f3nica del Ayuntamiento de Mont-roig del Camp.<br \/>\n<\/strong><\/li>\n<\/ul>\n<p>Para formalizar la preinscripci\u00f3n del pr\u00f3ximo curso escolar de educaci\u00f3n infantil, primaria y ESO, que tendr\u00e1 lugar de forma telem\u00e1tica y no presencial del 13 al 22 de mayo, ser\u00e1 necesario tener el DNI vigente y actualizado con el domicilio actual. Si no coincide, se deber\u00e1 solicitar un certificado de empadronamiento, que habr\u00e1 que tramitarlo por la sede electr\u00f3nica del Ayuntamiento de Mont-roig del Camp. Hay que recordar que este certificado tiene caducidad en tres meses y por lo tanto, se deber\u00e1 pedir si ya han pasado los tres meses. El estado de alarma por Covidien-19 ha obligado al departamento de Educaci\u00f3n de la Generalitat ha hacer la preinscripci\u00f3n a trav\u00e9s de medios telem\u00e1ticos.<\/p>\n<p>La preinscripci\u00f3n escolar s\u00f3lo se podr\u00e1 hacer de manera presencial los \u00faltimos tres d\u00edas, solicitando cita previa. La preinscripci\u00f3n para las ense\u00f1anzas postobligatorias ser\u00e1: del 27 de mayo al 3 de junio en el caso de bachillerato; del 2 al 8 de junio los ciclos de grado medio de FP y de artes pl\u00e1sticas y dise\u00f1o; y del 10 al 17 de junio, en el caso de los ciclos de grado superior de FP y de artes pl\u00e1sticas y dise\u00f1o.<\/p>\n<p><strong><u>Com sol\u00b7licitar el certificat<\/u><\/strong><\/p>\n<p>Para solicitar un certificado o volante de empadronamiento por la Sede electr\u00f3nica del ayuntamiento se ha de entrar en\u00a0<a href=\"http:\/\/www.mont-roig.eadministracio.cat\/\">www.mont-roig.eadministracio.cat<\/a>\u00a0\u00a0Cat\u00e1logo de tr\u00e1mites &#8211; En el apartado &#8220;Seleccione Materia&#8221; se abre el desplegable y se entra en &#8220;Poblaci\u00f3n y Territorio&#8221;. Dentro de aqu\u00ed se ha de seleccionar &#8220;Solicitud de Certificado o volante colectivo&#8221; y &#8220;Tramitaci\u00f3n electr\u00f3nica&#8221;.<\/p>\n<p><a href=\"https:\/\/mont-roig.eadministracio.cat\/?x=6J90-bJ1RV4Qt7UHXupDcNs-KTI6jjtMZMtRoNDTp9z0CEber2eWWuPlGV1xoQa0z4kEMdQ0I0qdu0Ayg05HclX-ZwBUF9T3SrvG7YBWjoG19zEitm1gNbF6oB8gCJD3hoI3hDmI2xVKN1cs3mbKlqi4Dj-JZU8uNPuXZRyZzCR*nDhWycnSgtpzrFUpWBETBYUL*Y2EHxj*BQRfp0F-Ew\" target=\"_blank\" rel=\"noopener noreferrer\">Enlace directo para pedir el certificado<\/a><\/p>\n<p>Es necesario adjuntar a la solicitud copia o imagen del DNI,NIE o pasaporte de todas las personas empadronadas en la vivienda y documento colectivo de autorizaci\u00f3n de todas las personas empadronadas.<\/p>\n<p>Se podr\u00e1 solicitar el certificado de empadronamiento, para todos aquellos vecinos, mayores de edad, que no dispongan de los sistemas de identificaci\u00f3n y firma electr\u00f3nica contemplados en los art\u00edculos 9 y 10 de la Ley 39\/2015, de\u00a01 de octubre, del Procedimiento Administrativo Com\u00fan de las Administraciones P\u00fablicas, por correo electr\u00f3nico a la direcci\u00f3n (padrohabitants@mont-roig.cat) aportando, en formato legible (PDF, formatos de imagen), la siguiente documentaci\u00f3n:<\/p>\n<p>&#8211;\u00a0\u00a0\u00a0\u00a0\u00a0\u00a0\u00a0\u00a0Copia del documento acreditativo de su identidad (DNI, pasaporte, etc.).<\/p>\n<p>&#8211;\u00a0\u00a0\u00a0\u00a0\u00a0\u00a0\u00a0\u00a0Si el certificado a solicitar es colectivo, deber\u00e1 adjuntar copia de los documentos acreditativos de identidad de todos los empadronados en el domicilio y en cuanto a los menores de edad copia del libro de familia o certificado de nacimiento.<\/p>\n<p>&#8211;\u00a0\u00a0\u00a0\u00a0\u00a0\u00a0\u00a0\u00a0Tambi\u00e9n deber\u00e1 presentar un escrito firmado por el solicitante indicando una serie de datos: nombre y apellidos del solicitante y de todas las personas empadronadas, direcci\u00f3n donde constan empadronados, tel\u00e9fono de contacto, direcci\u00f3n de correo electr\u00f3nico y el motivo de la solicitud (con el objetivo de potenciar las garant\u00edas en la comprobaci\u00f3n de su identidad y de no facilitarle en el certificado informaci\u00f3n que \u00e9l no haya dado previamente).<\/p>\n<p>&#8211;\u00a0\u00a0\u00a0\u00a0\u00a0\u00a0\u00a0\u00a0Y adem\u00e1s, cuando se trate de un certificado colectivo, un documento\/escrito firmado por todas las personas mayores de edad empadronadas en el domicilio autorizando al solicitante a poder solicitar el certificado de empadronamiento colectivo.<\/p>\n<p>Una vez recibida la documentaci\u00f3n a trav\u00e9s del correo electr\u00f3nico del Ayuntamiento (<a href=\"mailto:padrohabitants@mont-roig.cat\">padrohabitants@mont-roig.cat<\/a>), este acusar\u00e1 recibo de la solicitud por el mismo medio y comprobar\u00e1 que el solicitante y los que lo han autorizado est\u00e9n empadronados en la vivienda y una vez se haya efectuado la comprobaci\u00f3n se remitir\u00e1 el certificado a la direcci\u00f3n de correo electr\u00f3nico establecida por el solicitante.<\/p>\n<p><strong>Informaci\u00f3n de los centros educativos del municipio<\/strong><\/p>\n<p>Cualquier persona que quiera obtener informaci\u00f3n de los centros educativos de primaria y secundaria del municipio lo puede hacer a sus web. En estos espacios virtuales se ir\u00e1 colgando la informaci\u00f3n actualizada ..<\/p>\n<p>Mare de D\u00e9u de la Roca: <a href=\"https:\/\/escolamarededeudelaroca.cat\/\">https:\/\/escolamarededeudelaroca.cat\/<\/a><\/p>\n<p>Joan Mir\u00f3: <a href=\"https:\/\/agora.xtec.cat\/ie-joanmiro\/\">https:\/\/agora.xtec.cat\/ie-joanmiro\/<\/a><\/p>\n<p>Marcel\u00b7l\u00ed Esquius: <a href=\"https:\/\/www.marceliesquius.com\/\">https:\/\/www.marceliesquius.com\/<\/a><\/p>\n<p>Institut Antoni Ballester: <a href=\"https:\/\/agora.xtec.cat\/iesaballester\/\">https:\/\/agora.xtec.cat\/iesaballester\/<\/a><\/p>\n<p>Institut Miami: <a href=\"https:\/\/agora.xtec.cat\/institutmiami\/\">https:\/\/agora.xtec.cat\/institutmiami\/<\/a><\/p>\n<p>Por otra parte, en esta web http:\/\/queestudiar.gencat.cat\/es\/ se puede conocer la oferta formativa, los centros escolares de toda Catalu\u00f1a y la informaci\u00f3n educative actualizada.<\/p>\n","protected":false},"excerpt":{"rendered":"<p>El DNI tiene que estar vigente y debe coincidir con el domicilio real de los vecinos. Si no se tiene actualizado, es necesario el certificado de empadronamiento que tiene una validez de 3 meses y que se debe pedir a la sede electr\u00f3nica del Ayuntamiento de Mont-roig del Camp. Para formalizar la preinscripci\u00f3n del pr\u00f3ximo [&hellip;]<\/p>\n","protected":false},"author":4,"featured_media":47351,"comment_status":"closed","ping_status":"closed","sticky":false,"template":"","format":"standard","meta":{"inline_featured_image":false,"_monsterinsights_skip_tracking":false,"_monsterinsights_sitenote_active":false,"_monsterinsights_sitenote_note":"","_monsterinsights_sitenote_category":0,"footnotes":""},"categories":[98,178,188,103],"tags":[],"class_list":["post-47355","post","type-post","status-publish","format-standard","has-post-thumbnail","hentry","category-ayuntamiento","category-coronavirus","category-coronavirus-sociales","category-educacion"],"yoast_head":"<!-- This site is optimized with the Yoast SEO plugin v27.4 - https:\/\/yoast.com\/product\/yoast-seo-wordpress\/ -->\n<title>El certificado de empadronamiento en vigor s\u00f3lo ser\u00e1 necesario para la preinscripci\u00f3n escolar si no se tiene el DNI regularizado - Ajuntament de Mont-roig del Camp<\/title>\n<meta name=\"robots\" content=\"index, follow, max-snippet:-1, max-image-preview:large, max-video-preview:-1\" \/>\n<link rel=\"canonical\" href=\"https:\/\/mont-roig.cat\/es\/actualitat\/noticies\/el-certificat-dempadronament-en-vigor-sera-necessari-per-la-preinscripcio-escolar-deducacio-infantil-primaria-i-eso-que-comenca-el-13-de-maig-i-sha-de-fer-de-forma-te\/\" \/>\n<meta property=\"og:locale\" content=\"es_ES\" \/>\n<meta property=\"og:type\" content=\"article\" \/>\n<meta property=\"og:title\" content=\"El certificado de empadronamiento en vigor s\u00f3lo ser\u00e1 necesario para la preinscripci\u00f3n escolar si no se tiene el DNI regularizado - Ajuntament de Mont-roig del Camp\" \/>\n<meta property=\"og:description\" content=\"El DNI tiene que estar vigente y debe coincidir con el domicilio real de los vecinos. Si no se tiene actualizado, es necesario el certificado de empadronamiento que tiene una validez de 3 meses y que se debe pedir a la sede electr\u00f3nica del Ayuntamiento de Mont-roig del Camp. Para formalizar la preinscripci\u00f3n del pr\u00f3ximo [&hellip;]\" \/>\n<meta property=\"og:url\" content=\"https:\/\/mont-roig.cat\/es\/actualitat\/noticies\/el-certificat-dempadronament-en-vigor-sera-necessari-per-la-preinscripcio-escolar-deducacio-infantil-primaria-i-eso-que-comenca-el-13-de-maig-i-sha-de-fer-de-forma-te\/\" \/>\n<meta property=\"og:site_name\" content=\"Ajuntament de Mont-roig del Camp\" \/>\n<meta property=\"article:published_time\" content=\"2020-05-10T12:16:25+00:00\" \/>\n<meta property=\"article:modified_time\" content=\"2020-05-13T15:06:21+00:00\" \/>\n<meta property=\"og:image\" content=\"https:\/\/mont-roig.cat\/wp-content\/uploads\/seu-electr\u00f2nica-1.jpg\" \/>\n\t<meta property=\"og:image:width\" content=\"1115\" \/>\n\t<meta property=\"og:image:height\" content=\"641\" \/>\n\t<meta property=\"og:image:type\" content=\"image\/jpeg\" \/>\n<meta name=\"author\" content=\"administrador\" \/>\n<meta name=\"twitter:card\" content=\"summary_large_image\" \/>\n<meta name=\"twitter:label1\" content=\"Escrito por\" \/>\n\t<meta name=\"twitter:data1\" content=\"administrador\" \/>\n\t<meta name=\"twitter:label2\" content=\"Tiempo de lectura\" \/>\n\t<meta name=\"twitter:data2\" content=\"4 minutos\" \/>\n<script type=\"application\/ld+json\" class=\"yoast-schema-graph\">{\"@context\":\"https:\\\/\\\/schema.org\",\"@graph\":[{\"@type\":\"Article\",\"@id\":\"https:\\\/\\\/mont-roig.cat\\\/es\\\/actualitat\\\/noticies\\\/el-certificat-dempadronament-en-vigor-sera-necessari-per-la-preinscripcio-escolar-deducacio-infantil-primaria-i-eso-que-comenca-el-13-de-maig-i-sha-de-fer-de-forma-te\\\/#article\",\"isPartOf\":{\"@id\":\"https:\\\/\\\/mont-roig.cat\\\/es\\\/actualitat\\\/noticies\\\/el-certificat-dempadronament-en-vigor-sera-necessari-per-la-preinscripcio-escolar-deducacio-infantil-primaria-i-eso-que-comenca-el-13-de-maig-i-sha-de-fer-de-forma-te\\\/\"},\"author\":{\"name\":\"administrador\",\"@id\":\"https:\\\/\\\/mont-roig.cat\\\/es\\\/#\\\/schema\\\/person\\\/f2b111789f22b7d0c3bd6786c9128cba\"},\"headline\":\"El certificado de empadronamiento en vigor s\u00f3lo ser\u00e1 necesario para la preinscripci\u00f3n escolar si no se tiene el DNI regularizado\",\"datePublished\":\"2020-05-10T12:16:25+00:00\",\"dateModified\":\"2020-05-13T15:06:21+00:00\",\"mainEntityOfPage\":{\"@id\":\"https:\\\/\\\/mont-roig.cat\\\/es\\\/actualitat\\\/noticies\\\/el-certificat-dempadronament-en-vigor-sera-necessari-per-la-preinscripcio-escolar-deducacio-infantil-primaria-i-eso-que-comenca-el-13-de-maig-i-sha-de-fer-de-forma-te\\\/\"},\"wordCount\":804,\"image\":{\"@id\":\"https:\\\/\\\/mont-roig.cat\\\/es\\\/actualitat\\\/noticies\\\/el-certificat-dempadronament-en-vigor-sera-necessari-per-la-preinscripcio-escolar-deducacio-infantil-primaria-i-eso-que-comenca-el-13-de-maig-i-sha-de-fer-de-forma-te\\\/#primaryimage\"},\"thumbnailUrl\":\"https:\\\/\\\/mont-roig.cat\\\/wp-content\\\/uploads\\\/seu-electr\u00f2nica-1.jpg\",\"articleSection\":[\"Ayuntamiento\",\"Coronavirus\",\"Coronavirus - medidas sociales\",\"Educaci\u00f3n\"],\"inLanguage\":\"es\"},{\"@type\":\"WebPage\",\"@id\":\"https:\\\/\\\/mont-roig.cat\\\/es\\\/actualitat\\\/noticies\\\/el-certificat-dempadronament-en-vigor-sera-necessari-per-la-preinscripcio-escolar-deducacio-infantil-primaria-i-eso-que-comenca-el-13-de-maig-i-sha-de-fer-de-forma-te\\\/\",\"url\":\"https:\\\/\\\/mont-roig.cat\\\/es\\\/actualitat\\\/noticies\\\/el-certificat-dempadronament-en-vigor-sera-necessari-per-la-preinscripcio-escolar-deducacio-infantil-primaria-i-eso-que-comenca-el-13-de-maig-i-sha-de-fer-de-forma-te\\\/\",\"name\":\"El certificado de empadronamiento en vigor s\u00f3lo ser\u00e1 necesario para la preinscripci\u00f3n escolar si no se tiene el DNI regularizado - Ajuntament de Mont-roig del Camp\",\"isPartOf\":{\"@id\":\"https:\\\/\\\/mont-roig.cat\\\/es\\\/#website\"},\"primaryImageOfPage\":{\"@id\":\"https:\\\/\\\/mont-roig.cat\\\/es\\\/actualitat\\\/noticies\\\/el-certificat-dempadronament-en-vigor-sera-necessari-per-la-preinscripcio-escolar-deducacio-infantil-primaria-i-eso-que-comenca-el-13-de-maig-i-sha-de-fer-de-forma-te\\\/#primaryimage\"},\"image\":{\"@id\":\"https:\\\/\\\/mont-roig.cat\\\/es\\\/actualitat\\\/noticies\\\/el-certificat-dempadronament-en-vigor-sera-necessari-per-la-preinscripcio-escolar-deducacio-infantil-primaria-i-eso-que-comenca-el-13-de-maig-i-sha-de-fer-de-forma-te\\\/#primaryimage\"},\"thumbnailUrl\":\"https:\\\/\\\/mont-roig.cat\\\/wp-content\\\/uploads\\\/seu-electr\u00f2nica-1.jpg\",\"datePublished\":\"2020-05-10T12:16:25+00:00\",\"dateModified\":\"2020-05-13T15:06:21+00:00\",\"author\":{\"@id\":\"https:\\\/\\\/mont-roig.cat\\\/es\\\/#\\\/schema\\\/person\\\/f2b111789f22b7d0c3bd6786c9128cba\"},\"breadcrumb\":{\"@id\":\"https:\\\/\\\/mont-roig.cat\\\/es\\\/actualitat\\\/noticies\\\/el-certificat-dempadronament-en-vigor-sera-necessari-per-la-preinscripcio-escolar-deducacio-infantil-primaria-i-eso-que-comenca-el-13-de-maig-i-sha-de-fer-de-forma-te\\\/#breadcrumb\"},\"inLanguage\":\"es\",\"potentialAction\":[{\"@type\":\"ReadAction\",\"target\":[\"https:\\\/\\\/mont-roig.cat\\\/es\\\/actualitat\\\/noticies\\\/el-certificat-dempadronament-en-vigor-sera-necessari-per-la-preinscripcio-escolar-deducacio-infantil-primaria-i-eso-que-comenca-el-13-de-maig-i-sha-de-fer-de-forma-te\\\/\"]}]},{\"@type\":\"ImageObject\",\"inLanguage\":\"es\",\"@id\":\"https:\\\/\\\/mont-roig.cat\\\/es\\\/actualitat\\\/noticies\\\/el-certificat-dempadronament-en-vigor-sera-necessari-per-la-preinscripcio-escolar-deducacio-infantil-primaria-i-eso-que-comenca-el-13-de-maig-i-sha-de-fer-de-forma-te\\\/#primaryimage\",\"url\":\"https:\\\/\\\/mont-roig.cat\\\/wp-content\\\/uploads\\\/seu-electr\u00f2nica-1.jpg\",\"contentUrl\":\"https:\\\/\\\/mont-roig.cat\\\/wp-content\\\/uploads\\\/seu-electr\u00f2nica-1.jpg\",\"width\":1115,\"height\":641},{\"@type\":\"BreadcrumbList\",\"@id\":\"https:\\\/\\\/mont-roig.cat\\\/es\\\/actualitat\\\/noticies\\\/el-certificat-dempadronament-en-vigor-sera-necessari-per-la-preinscripcio-escolar-deducacio-infantil-primaria-i-eso-que-comenca-el-13-de-maig-i-sha-de-fer-de-forma-te\\\/#breadcrumb\",\"itemListElement\":[{\"@type\":\"ListItem\",\"position\":1,\"name\":\"Inici\",\"item\":\"https:\\\/\\\/mont-roig.cat\\\/es\\\/pagina-de-inicio\\\/\"},{\"@type\":\"ListItem\",\"position\":2,\"name\":\"El certificado de empadronamiento en vigor s\u00f3lo ser\u00e1 necesario para la preinscripci\u00f3n escolar si no se tiene el DNI regularizado\"}]},{\"@type\":\"WebSite\",\"@id\":\"https:\\\/\\\/mont-roig.cat\\\/es\\\/#website\",\"url\":\"https:\\\/\\\/mont-roig.cat\\\/es\\\/\",\"name\":\"Ajuntament de Mont-roig del Camp\",\"description\":\"Tota la informaci\u00f3 sobre la instituci\u00f3, els seus \u00f2rgans de govern, actualitat, serveis i molt m\u00e9s.\",\"potentialAction\":[{\"@type\":\"SearchAction\",\"target\":{\"@type\":\"EntryPoint\",\"urlTemplate\":\"https:\\\/\\\/mont-roig.cat\\\/es\\\/?s={search_term_string}\"},\"query-input\":{\"@type\":\"PropertyValueSpecification\",\"valueRequired\":true,\"valueName\":\"search_term_string\"}}],\"inLanguage\":\"es\"},{\"@type\":\"Person\",\"@id\":\"https:\\\/\\\/mont-roig.cat\\\/es\\\/#\\\/schema\\\/person\\\/f2b111789f22b7d0c3bd6786c9128cba\",\"name\":\"administrador\",\"image\":{\"@type\":\"ImageObject\",\"inLanguage\":\"es\",\"@id\":\"https:\\\/\\\/secure.gravatar.com\\\/avatar\\\/9137aac6891e2595c9d3036fd83bcb653b4db3c946db4c7d9b9be193c3c944bb?s=96&d=mm&r=g\",\"url\":\"https:\\\/\\\/secure.gravatar.com\\\/avatar\\\/9137aac6891e2595c9d3036fd83bcb653b4db3c946db4c7d9b9be193c3c944bb?s=96&d=mm&r=g\",\"contentUrl\":\"https:\\\/\\\/secure.gravatar.com\\\/avatar\\\/9137aac6891e2595c9d3036fd83bcb653b4db3c946db4c7d9b9be193c3c944bb?s=96&d=mm&r=g\",\"caption\":\"administrador\"},\"url\":\"https:\\\/\\\/mont-roig.cat\\\/es\\\/actualitat\\\/noticies\\\/author\\\/administrador\\\/\"}]}<\/script>\n<!-- \/ Yoast SEO plugin. -->","yoast_head_json":{"title":"El certificado de empadronamiento en vigor s\u00f3lo ser\u00e1 necesario para la preinscripci\u00f3n escolar si no se tiene el DNI regularizado - Ajuntament de Mont-roig del Camp","robots":{"index":"index","follow":"follow","max-snippet":"max-snippet:-1","max-image-preview":"max-image-preview:large","max-video-preview":"max-video-preview:-1"},"canonical":"https:\/\/mont-roig.cat\/es\/actualitat\/noticies\/el-certificat-dempadronament-en-vigor-sera-necessari-per-la-preinscripcio-escolar-deducacio-infantil-primaria-i-eso-que-comenca-el-13-de-maig-i-sha-de-fer-de-forma-te\/","og_locale":"es_ES","og_type":"article","og_title":"El certificado de empadronamiento en vigor s\u00f3lo ser\u00e1 necesario para la preinscripci\u00f3n escolar si no se tiene el DNI regularizado - Ajuntament de Mont-roig del Camp","og_description":"El DNI tiene que estar vigente y debe coincidir con el domicilio real de los vecinos. Si no se tiene actualizado, es necesario el certificado de empadronamiento que tiene una validez de 3 meses y que se debe pedir a la sede electr\u00f3nica del Ayuntamiento de Mont-roig del Camp. Para formalizar la preinscripci\u00f3n del pr\u00f3ximo [&hellip;]","og_url":"https:\/\/mont-roig.cat\/es\/actualitat\/noticies\/el-certificat-dempadronament-en-vigor-sera-necessari-per-la-preinscripcio-escolar-deducacio-infantil-primaria-i-eso-que-comenca-el-13-de-maig-i-sha-de-fer-de-forma-te\/","og_site_name":"Ajuntament de Mont-roig del Camp","article_published_time":"2020-05-10T12:16:25+00:00","article_modified_time":"2020-05-13T15:06:21+00:00","og_image":[{"width":1115,"height":641,"url":"https:\/\/mont-roig.cat\/wp-content\/uploads\/seu-electr\u00f2nica-1.jpg","type":"image\/jpeg"}],"author":"administrador","twitter_card":"summary_large_image","twitter_misc":{"Escrito por":"administrador","Tiempo de lectura":"4 minutos"},"schema":{"@context":"https:\/\/schema.org","@graph":[{"@type":"Article","@id":"https:\/\/mont-roig.cat\/es\/actualitat\/noticies\/el-certificat-dempadronament-en-vigor-sera-necessari-per-la-preinscripcio-escolar-deducacio-infantil-primaria-i-eso-que-comenca-el-13-de-maig-i-sha-de-fer-de-forma-te\/#article","isPartOf":{"@id":"https:\/\/mont-roig.cat\/es\/actualitat\/noticies\/el-certificat-dempadronament-en-vigor-sera-necessari-per-la-preinscripcio-escolar-deducacio-infantil-primaria-i-eso-que-comenca-el-13-de-maig-i-sha-de-fer-de-forma-te\/"},"author":{"name":"administrador","@id":"https:\/\/mont-roig.cat\/es\/#\/schema\/person\/f2b111789f22b7d0c3bd6786c9128cba"},"headline":"El certificado de empadronamiento en vigor s\u00f3lo ser\u00e1 necesario para la preinscripci\u00f3n escolar si no se tiene el DNI regularizado","datePublished":"2020-05-10T12:16:25+00:00","dateModified":"2020-05-13T15:06:21+00:00","mainEntityOfPage":{"@id":"https:\/\/mont-roig.cat\/es\/actualitat\/noticies\/el-certificat-dempadronament-en-vigor-sera-necessari-per-la-preinscripcio-escolar-deducacio-infantil-primaria-i-eso-que-comenca-el-13-de-maig-i-sha-de-fer-de-forma-te\/"},"wordCount":804,"image":{"@id":"https:\/\/mont-roig.cat\/es\/actualitat\/noticies\/el-certificat-dempadronament-en-vigor-sera-necessari-per-la-preinscripcio-escolar-deducacio-infantil-primaria-i-eso-que-comenca-el-13-de-maig-i-sha-de-fer-de-forma-te\/#primaryimage"},"thumbnailUrl":"https:\/\/mont-roig.cat\/wp-content\/uploads\/seu-electr\u00f2nica-1.jpg","articleSection":["Ayuntamiento","Coronavirus","Coronavirus - medidas sociales","Educaci\u00f3n"],"inLanguage":"es"},{"@type":"WebPage","@id":"https:\/\/mont-roig.cat\/es\/actualitat\/noticies\/el-certificat-dempadronament-en-vigor-sera-necessari-per-la-preinscripcio-escolar-deducacio-infantil-primaria-i-eso-que-comenca-el-13-de-maig-i-sha-de-fer-de-forma-te\/","url":"https:\/\/mont-roig.cat\/es\/actualitat\/noticies\/el-certificat-dempadronament-en-vigor-sera-necessari-per-la-preinscripcio-escolar-deducacio-infantil-primaria-i-eso-que-comenca-el-13-de-maig-i-sha-de-fer-de-forma-te\/","name":"El certificado de empadronamiento en vigor s\u00f3lo ser\u00e1 necesario para la preinscripci\u00f3n escolar si no se tiene el DNI regularizado - Ajuntament de Mont-roig del Camp","isPartOf":{"@id":"https:\/\/mont-roig.cat\/es\/#website"},"primaryImageOfPage":{"@id":"https:\/\/mont-roig.cat\/es\/actualitat\/noticies\/el-certificat-dempadronament-en-vigor-sera-necessari-per-la-preinscripcio-escolar-deducacio-infantil-primaria-i-eso-que-comenca-el-13-de-maig-i-sha-de-fer-de-forma-te\/#primaryimage"},"image":{"@id":"https:\/\/mont-roig.cat\/es\/actualitat\/noticies\/el-certificat-dempadronament-en-vigor-sera-necessari-per-la-preinscripcio-escolar-deducacio-infantil-primaria-i-eso-que-comenca-el-13-de-maig-i-sha-de-fer-de-forma-te\/#primaryimage"},"thumbnailUrl":"https:\/\/mont-roig.cat\/wp-content\/uploads\/seu-electr\u00f2nica-1.jpg","datePublished":"2020-05-10T12:16:25+00:00","dateModified":"2020-05-13T15:06:21+00:00","author":{"@id":"https:\/\/mont-roig.cat\/es\/#\/schema\/person\/f2b111789f22b7d0c3bd6786c9128cba"},"breadcrumb":{"@id":"https:\/\/mont-roig.cat\/es\/actualitat\/noticies\/el-certificat-dempadronament-en-vigor-sera-necessari-per-la-preinscripcio-escolar-deducacio-infantil-primaria-i-eso-que-comenca-el-13-de-maig-i-sha-de-fer-de-forma-te\/#breadcrumb"},"inLanguage":"es","potentialAction":[{"@type":"ReadAction","target":["https:\/\/mont-roig.cat\/es\/actualitat\/noticies\/el-certificat-dempadronament-en-vigor-sera-necessari-per-la-preinscripcio-escolar-deducacio-infantil-primaria-i-eso-que-comenca-el-13-de-maig-i-sha-de-fer-de-forma-te\/"]}]},{"@type":"ImageObject","inLanguage":"es","@id":"https:\/\/mont-roig.cat\/es\/actualitat\/noticies\/el-certificat-dempadronament-en-vigor-sera-necessari-per-la-preinscripcio-escolar-deducacio-infantil-primaria-i-eso-que-comenca-el-13-de-maig-i-sha-de-fer-de-forma-te\/#primaryimage","url":"https:\/\/mont-roig.cat\/wp-content\/uploads\/seu-electr\u00f2nica-1.jpg","contentUrl":"https:\/\/mont-roig.cat\/wp-content\/uploads\/seu-electr\u00f2nica-1.jpg","width":1115,"height":641},{"@type":"BreadcrumbList","@id":"https:\/\/mont-roig.cat\/es\/actualitat\/noticies\/el-certificat-dempadronament-en-vigor-sera-necessari-per-la-preinscripcio-escolar-deducacio-infantil-primaria-i-eso-que-comenca-el-13-de-maig-i-sha-de-fer-de-forma-te\/#breadcrumb","itemListElement":[{"@type":"ListItem","position":1,"name":"Inici","item":"https:\/\/mont-roig.cat\/es\/pagina-de-inicio\/"},{"@type":"ListItem","position":2,"name":"El certificado de empadronamiento en vigor s\u00f3lo ser\u00e1 necesario para la preinscripci\u00f3n escolar si no se tiene el DNI regularizado"}]},{"@type":"WebSite","@id":"https:\/\/mont-roig.cat\/es\/#website","url":"https:\/\/mont-roig.cat\/es\/","name":"Ajuntament de Mont-roig del Camp","description":"Tota la informaci\u00f3 sobre la instituci\u00f3, els seus \u00f2rgans de govern, actualitat, serveis i molt m\u00e9s.","potentialAction":[{"@type":"SearchAction","target":{"@type":"EntryPoint","urlTemplate":"https:\/\/mont-roig.cat\/es\/?s={search_term_string}"},"query-input":{"@type":"PropertyValueSpecification","valueRequired":true,"valueName":"search_term_string"}}],"inLanguage":"es"},{"@type":"Person","@id":"https:\/\/mont-roig.cat\/es\/#\/schema\/person\/f2b111789f22b7d0c3bd6786c9128cba","name":"administrador","image":{"@type":"ImageObject","inLanguage":"es","@id":"https:\/\/secure.gravatar.com\/avatar\/9137aac6891e2595c9d3036fd83bcb653b4db3c946db4c7d9b9be193c3c944bb?s=96&d=mm&r=g","url":"https:\/\/secure.gravatar.com\/avatar\/9137aac6891e2595c9d3036fd83bcb653b4db3c946db4c7d9b9be193c3c944bb?s=96&d=mm&r=g","contentUrl":"https:\/\/secure.gravatar.com\/avatar\/9137aac6891e2595c9d3036fd83bcb653b4db3c946db4c7d9b9be193c3c944bb?s=96&d=mm&r=g","caption":"administrador"},"url":"https:\/\/mont-roig.cat\/es\/actualitat\/noticies\/author\/administrador\/"}]}},"_links":{"self":[{"href":"https:\/\/mont-roig.cat\/es\/wp-json\/wp\/v2\/posts\/47355","targetHints":{"allow":["GET"]}}],"collection":[{"href":"https:\/\/mont-roig.cat\/es\/wp-json\/wp\/v2\/posts"}],"about":[{"href":"https:\/\/mont-roig.cat\/es\/wp-json\/wp\/v2\/types\/post"}],"author":[{"embeddable":true,"href":"https:\/\/mont-roig.cat\/es\/wp-json\/wp\/v2\/users\/4"}],"replies":[{"embeddable":true,"href":"https:\/\/mont-roig.cat\/es\/wp-json\/wp\/v2\/comments?post=47355"}],"version-history":[{"count":5,"href":"https:\/\/mont-roig.cat\/es\/wp-json\/wp\/v2\/posts\/47355\/revisions"}],"predecessor-version":[{"id":47668,"href":"https:\/\/mont-roig.cat\/es\/wp-json\/wp\/v2\/posts\/47355\/revisions\/47668"}],"wp:featuredmedia":[{"embeddable":true,"href":"https:\/\/mont-roig.cat\/es\/wp-json\/wp\/v2\/media\/47351"}],"wp:attachment":[{"href":"https:\/\/mont-roig.cat\/es\/wp-json\/wp\/v2\/media?parent=47355"}],"wp:term":[{"taxonomy":"category","embeddable":true,"href":"https:\/\/mont-roig.cat\/es\/wp-json\/wp\/v2\/categories?post=47355"},{"taxonomy":"post_tag","embeddable":true,"href":"https:\/\/mont-roig.cat\/es\/wp-json\/wp\/v2\/tags?post=47355"}],"curies":[{"name":"wp","href":"https:\/\/api.w.org\/{rel}","templated":true}]}}