{"id":47688,"date":"2020-05-14T11:49:55","date_gmt":"2020-05-14T09:49:55","guid":{"rendered":"https:\/\/mont-roig.cat\/actualitat\/noticies\/lajuntament-reclama-a-lestat-poder-superar-la-limitacio-de-despesa-per-poder-fer-front-a-les-emergencies-provocades-per-la-covid-19\/"},"modified":"2020-05-14T11:55:43","modified_gmt":"2020-05-14T09:55:43","slug":"lajuntament-reclama-a-lestat-poder-superar-la-limitacio-de-despesa-per-poder-fer-front-a-les-emergencies-provocades-per-la-covid-19","status":"publish","type":"post","link":"https:\/\/mont-roig.cat\/es\/actualitat\/noticies\/lajuntament-reclama-a-lestat-poder-superar-la-limitacio-de-despesa-per-poder-fer-front-a-les-emergencies-provocades-per-la-covid-19\/","title":{"rendered":"El Ayuntamiento reclama al Estado poder superar la limitaci\u00f3n de gasto para poder hacer frente a las emergencias provocadas por el Covid-19"},"content":{"rendered":"<p><strong><a href=\"https:\/\/mont-roig.cat\/wp-content\/uploads\/Ple-ordinari.jpg\"><img loading=\"lazy\" decoding=\"async\" class=\"alignright wp-image-47683\" src=\"https:\/\/mont-roig.cat\/wp-content\/uploads\/Ple-ordinari-500x334.jpg\" alt=\"\" width=\"317\" height=\"212\" srcset=\"https:\/\/mont-roig.cat\/wp-content\/uploads\/Ple-ordinari-500x334.jpg 500w, https:\/\/mont-roig.cat\/wp-content\/uploads\/Ple-ordinari-768x513.jpg 768w, https:\/\/mont-roig.cat\/wp-content\/uploads\/Ple-ordinari.jpg 788w\" sizes=\"auto, (max-width: 317px) 100vw, 317px\" \/><\/a>\u2022 El Pleno tambi\u00e9n aprob\u00f3 la cesi\u00f3n definitiva a la Generalitat los terrenos que acoger\u00e1n el futuro Institut Miami<\/strong><\/p>\n<p>El Pleno del Ayuntamiento de Mont-roig del Camp ha aprobado por unanimidad, en la segunda sesi\u00f3n celebrada telem\u00e1ticamente por el estado de alarma, una moci\u00f3n que reclama al gobierno del Estado flexibilizar las restricciones impuestas a los ayuntamientos a ra\u00edz de la crisis de 2008 y que limitan gravemente la autonom\u00eda local a la hora de decidir d\u00f3nde destinan sus recursos. La moci\u00f3n incide en que el levantamiento de las restricciones dar\u00edan m\u00e1s margen a las administraciones locales a la hora de contrarrestar los efectos de la crisis sanitaria y econ\u00f3mica provocadas por el Covid19.<br \/>\nLa moci\u00f3n, presentada por todos los grupos municipales, pide concretamente hacer efectiva la eliminaci\u00f3n de la regla de limitaci\u00f3n de gasto para los ayuntamientos que, como el de Mont-roig del Camp, presentan una situaci\u00f3n de super\u00e1vit o equilibrio presupuestario y un nivel de endeudamiento inferior al 110% sobre los ingresos corrientes. Al mismo tiempo, pide que durante los a\u00f1os 2020 y 2021 se suspenda la aplicaci\u00f3n de todos los planes econ\u00f3mico-financieros vigentes y se exima de nuevas medidas correctivas derivadas del incumplimiento de los objetivos de estabilidad presupuestaria.<\/p>\n<p><strong>Cesi\u00f3n de terrenos a la Generalitat<\/strong><br \/>\nEl Pleno del Ayuntamiento de Mont-roig tambi\u00e9n aprob\u00f3 por unanimidad la cesi\u00f3n definitiva del solar de Miami a la Generalitat donde se debe construir el futuro Institut Miami. Este es el \u00faltimo paso a nivel local para poder ceder los terrenos y ahora ser\u00e1 el Departament d&#8217;Educaci\u00f3 de la Generalitat quien debe redactar el proyecto y comenzar su construcci\u00f3n.<\/p>\n<p><strong>Prudencia en la desescalada<\/strong><br \/>\nAntes de levantar la sesi\u00f3n, el alcalde Fran Morancho ha trasladado a la ciudadan\u00eda un mensaje de prudencia a la hora de encarar el desconfinamiento y el relajamiento de las restricciones para la situaci\u00f3n de emergencia sanitaria. En este sentido, explic\u00f3 que &#8220;debemos celebrar haber pasado a la fase 1, pero esto no ha acabado. Tenemos que ir a paso seguro, siguiendo estrictamente las medidas para evitar que todo el sacrificio hecho hasta ahora no sirva para nada. Limitamos las salidas, mantengamos las distancias f\u00edsicas y seguimos las pautas de higiene y prevenci\u00f3n. S\u00f3lo as\u00ed podremos llegar a nuestro objetivo que es salvar vidas en primer t\u00e9rmino, y en segundo, iniciar una nueva normalidad que nos permita seguir adelante como municipio &#8220;.<\/p>\n<p>La sesi\u00f3n plenaria entera se puede consultar en el canal youtube del Ayuntamiento.<\/p>\n<p><iframe loading=\"lazy\" title=\"Ple ordinari de l&#039;Ajuntament de Mont-roig del Camp_13 de maig de 2020\" width=\"900\" height=\"506\" src=\"https:\/\/www.youtube.com\/embed\/YZ2j8gN8Y6Q?feature=oembed\" frameborder=\"0\" allow=\"accelerometer; autoplay; encrypted-media; gyroscope; picture-in-picture\" allowfullscreen><\/iframe><\/p>\n","protected":false},"excerpt":{"rendered":"<p>\u2022 El Pleno tambi\u00e9n aprob\u00f3 la cesi\u00f3n definitiva a la Generalitat los terrenos que acoger\u00e1n el futuro Institut Miami El Pleno del Ayuntamiento de Mont-roig del Camp ha aprobado por unanimidad, en la segunda sesi\u00f3n celebrada telem\u00e1ticamente por el estado de alarma, una moci\u00f3n que reclama al gobierno del Estado flexibilizar las restricciones impuestas a [&hellip;]<\/p>\n","protected":false},"author":4,"featured_media":47684,"comment_status":"closed","ping_status":"closed","sticky":false,"template":"","format":"standard","meta":{"inline_featured_image":false,"_monsterinsights_skip_tracking":false,"_monsterinsights_sitenote_active":false,"_monsterinsights_sitenote_note":"","_monsterinsights_sitenote_category":0,"footnotes":""},"categories":[98,178,187],"tags":[],"class_list":["post-47688","post","type-post","status-publish","format-standard","has-post-thumbnail","hentry","category-ayuntamiento","category-coronavirus","category-coronavirus-economicas"],"yoast_head":"<!-- This site is optimized with the Yoast SEO plugin v27.4 - https:\/\/yoast.com\/product\/yoast-seo-wordpress\/ -->\n<title>El Ayuntamiento reclama al Estado poder superar la limitaci\u00f3n de gasto para poder hacer frente a las emergencias provocadas por el Covid-19 - Ajuntament de Mont-roig del Camp<\/title>\n<meta name=\"robots\" content=\"index, follow, max-snippet:-1, max-image-preview:large, max-video-preview:-1\" \/>\n<link rel=\"canonical\" href=\"https:\/\/mont-roig.cat\/es\/actualitat\/noticies\/lajuntament-reclama-a-lestat-poder-superar-la-limitacio-de-despesa-per-poder-fer-front-a-les-emergencies-provocades-per-la-covid-19\/\" \/>\n<meta property=\"og:locale\" content=\"es_ES\" \/>\n<meta property=\"og:type\" content=\"article\" \/>\n<meta property=\"og:title\" content=\"El Ayuntamiento reclama al Estado poder superar la limitaci\u00f3n de gasto para poder hacer frente a las emergencias provocadas por el Covid-19 - Ajuntament de Mont-roig del Camp\" \/>\n<meta property=\"og:description\" content=\"\u2022 El Pleno tambi\u00e9n aprob\u00f3 la cesi\u00f3n definitiva a la Generalitat los terrenos que acoger\u00e1n el futuro Institut Miami El Pleno del Ayuntamiento de Mont-roig del Camp ha aprobado por unanimidad, en la segunda sesi\u00f3n celebrada telem\u00e1ticamente por el estado de alarma, una moci\u00f3n que reclama al gobierno del Estado flexibilizar las restricciones impuestas a [&hellip;]\" \/>\n<meta property=\"og:url\" content=\"https:\/\/mont-roig.cat\/es\/actualitat\/noticies\/lajuntament-reclama-a-lestat-poder-superar-la-limitacio-de-despesa-per-poder-fer-front-a-les-emergencies-provocades-per-la-covid-19\/\" \/>\n<meta property=\"og:site_name\" content=\"Ajuntament de Mont-roig del Camp\" \/>\n<meta property=\"article:published_time\" content=\"2020-05-14T09:49:55+00:00\" \/>\n<meta property=\"article:modified_time\" content=\"2020-05-14T09:55:43+00:00\" \/>\n<meta property=\"og:image\" content=\"https:\/\/mont-roig.cat\/wp-content\/uploads\/Ple-ordinari.jpg\" \/>\n\t<meta property=\"og:image:width\" content=\"788\" \/>\n\t<meta property=\"og:image:height\" content=\"526\" \/>\n\t<meta property=\"og:image:type\" content=\"image\/jpeg\" \/>\n<meta name=\"author\" content=\"administrador\" \/>\n<meta name=\"twitter:card\" content=\"summary_large_image\" \/>\n<meta name=\"twitter:label1\" content=\"Escrito por\" \/>\n\t<meta name=\"twitter:data1\" content=\"administrador\" \/>\n\t<meta name=\"twitter:label2\" content=\"Tiempo de lectura\" \/>\n\t<meta name=\"twitter:data2\" content=\"2 minutos\" \/>\n<script type=\"application\/ld+json\" class=\"yoast-schema-graph\">{\"@context\":\"https:\\\/\\\/schema.org\",\"@graph\":[{\"@type\":\"Article\",\"@id\":\"https:\\\/\\\/mont-roig.cat\\\/es\\\/actualitat\\\/noticies\\\/lajuntament-reclama-a-lestat-poder-superar-la-limitacio-de-despesa-per-poder-fer-front-a-les-emergencies-provocades-per-la-covid-19\\\/#article\",\"isPartOf\":{\"@id\":\"https:\\\/\\\/mont-roig.cat\\\/es\\\/actualitat\\\/noticies\\\/lajuntament-reclama-a-lestat-poder-superar-la-limitacio-de-despesa-per-poder-fer-front-a-les-emergencies-provocades-per-la-covid-19\\\/\"},\"author\":{\"name\":\"administrador\",\"@id\":\"https:\\\/\\\/mont-roig.cat\\\/es\\\/#\\\/schema\\\/person\\\/f2b111789f22b7d0c3bd6786c9128cba\"},\"headline\":\"El Ayuntamiento reclama al Estado poder superar la limitaci\u00f3n de gasto para poder hacer frente a las emergencias provocadas por el Covid-19\",\"datePublished\":\"2020-05-14T09:49:55+00:00\",\"dateModified\":\"2020-05-14T09:55:43+00:00\",\"mainEntityOfPage\":{\"@id\":\"https:\\\/\\\/mont-roig.cat\\\/es\\\/actualitat\\\/noticies\\\/lajuntament-reclama-a-lestat-poder-superar-la-limitacio-de-despesa-per-poder-fer-front-a-les-emergencies-provocades-per-la-covid-19\\\/\"},\"wordCount\":466,\"image\":{\"@id\":\"https:\\\/\\\/mont-roig.cat\\\/es\\\/actualitat\\\/noticies\\\/lajuntament-reclama-a-lestat-poder-superar-la-limitacio-de-despesa-per-poder-fer-front-a-les-emergencies-provocades-per-la-covid-19\\\/#primaryimage\"},\"thumbnailUrl\":\"https:\\\/\\\/mont-roig.cat\\\/wp-content\\\/uploads\\\/Ple-ordinari.jpg\",\"articleSection\":[\"Ayuntamiento\",\"Coronavirus\",\"Coronavirus - medidas econ\u00f3micas\"],\"inLanguage\":\"es\"},{\"@type\":\"WebPage\",\"@id\":\"https:\\\/\\\/mont-roig.cat\\\/es\\\/actualitat\\\/noticies\\\/lajuntament-reclama-a-lestat-poder-superar-la-limitacio-de-despesa-per-poder-fer-front-a-les-emergencies-provocades-per-la-covid-19\\\/\",\"url\":\"https:\\\/\\\/mont-roig.cat\\\/es\\\/actualitat\\\/noticies\\\/lajuntament-reclama-a-lestat-poder-superar-la-limitacio-de-despesa-per-poder-fer-front-a-les-emergencies-provocades-per-la-covid-19\\\/\",\"name\":\"El Ayuntamiento reclama al Estado poder superar la limitaci\u00f3n de gasto para poder hacer frente a las emergencias provocadas por el Covid-19 - Ajuntament de Mont-roig del Camp\",\"isPartOf\":{\"@id\":\"https:\\\/\\\/mont-roig.cat\\\/es\\\/#website\"},\"primaryImageOfPage\":{\"@id\":\"https:\\\/\\\/mont-roig.cat\\\/es\\\/actualitat\\\/noticies\\\/lajuntament-reclama-a-lestat-poder-superar-la-limitacio-de-despesa-per-poder-fer-front-a-les-emergencies-provocades-per-la-covid-19\\\/#primaryimage\"},\"image\":{\"@id\":\"https:\\\/\\\/mont-roig.cat\\\/es\\\/actualitat\\\/noticies\\\/lajuntament-reclama-a-lestat-poder-superar-la-limitacio-de-despesa-per-poder-fer-front-a-les-emergencies-provocades-per-la-covid-19\\\/#primaryimage\"},\"thumbnailUrl\":\"https:\\\/\\\/mont-roig.cat\\\/wp-content\\\/uploads\\\/Ple-ordinari.jpg\",\"datePublished\":\"2020-05-14T09:49:55+00:00\",\"dateModified\":\"2020-05-14T09:55:43+00:00\",\"author\":{\"@id\":\"https:\\\/\\\/mont-roig.cat\\\/es\\\/#\\\/schema\\\/person\\\/f2b111789f22b7d0c3bd6786c9128cba\"},\"breadcrumb\":{\"@id\":\"https:\\\/\\\/mont-roig.cat\\\/es\\\/actualitat\\\/noticies\\\/lajuntament-reclama-a-lestat-poder-superar-la-limitacio-de-despesa-per-poder-fer-front-a-les-emergencies-provocades-per-la-covid-19\\\/#breadcrumb\"},\"inLanguage\":\"es\",\"potentialAction\":[{\"@type\":\"ReadAction\",\"target\":[\"https:\\\/\\\/mont-roig.cat\\\/es\\\/actualitat\\\/noticies\\\/lajuntament-reclama-a-lestat-poder-superar-la-limitacio-de-despesa-per-poder-fer-front-a-les-emergencies-provocades-per-la-covid-19\\\/\"]}]},{\"@type\":\"ImageObject\",\"inLanguage\":\"es\",\"@id\":\"https:\\\/\\\/mont-roig.cat\\\/es\\\/actualitat\\\/noticies\\\/lajuntament-reclama-a-lestat-poder-superar-la-limitacio-de-despesa-per-poder-fer-front-a-les-emergencies-provocades-per-la-covid-19\\\/#primaryimage\",\"url\":\"https:\\\/\\\/mont-roig.cat\\\/wp-content\\\/uploads\\\/Ple-ordinari.jpg\",\"contentUrl\":\"https:\\\/\\\/mont-roig.cat\\\/wp-content\\\/uploads\\\/Ple-ordinari.jpg\",\"width\":788,\"height\":526},{\"@type\":\"BreadcrumbList\",\"@id\":\"https:\\\/\\\/mont-roig.cat\\\/es\\\/actualitat\\\/noticies\\\/lajuntament-reclama-a-lestat-poder-superar-la-limitacio-de-despesa-per-poder-fer-front-a-les-emergencies-provocades-per-la-covid-19\\\/#breadcrumb\",\"itemListElement\":[{\"@type\":\"ListItem\",\"position\":1,\"name\":\"Inici\",\"item\":\"https:\\\/\\\/mont-roig.cat\\\/es\\\/pagina-de-inicio\\\/\"},{\"@type\":\"ListItem\",\"position\":2,\"name\":\"El Ayuntamiento reclama al Estado poder superar la limitaci\u00f3n de gasto para poder hacer frente a las emergencias provocadas por el Covid-19\"}]},{\"@type\":\"WebSite\",\"@id\":\"https:\\\/\\\/mont-roig.cat\\\/es\\\/#website\",\"url\":\"https:\\\/\\\/mont-roig.cat\\\/es\\\/\",\"name\":\"Ajuntament de Mont-roig del Camp\",\"description\":\"Tota la informaci\u00f3 sobre la instituci\u00f3, els seus \u00f2rgans de govern, actualitat, serveis i molt m\u00e9s.\",\"potentialAction\":[{\"@type\":\"SearchAction\",\"target\":{\"@type\":\"EntryPoint\",\"urlTemplate\":\"https:\\\/\\\/mont-roig.cat\\\/es\\\/?s={search_term_string}\"},\"query-input\":{\"@type\":\"PropertyValueSpecification\",\"valueRequired\":true,\"valueName\":\"search_term_string\"}}],\"inLanguage\":\"es\"},{\"@type\":\"Person\",\"@id\":\"https:\\\/\\\/mont-roig.cat\\\/es\\\/#\\\/schema\\\/person\\\/f2b111789f22b7d0c3bd6786c9128cba\",\"name\":\"administrador\",\"image\":{\"@type\":\"ImageObject\",\"inLanguage\":\"es\",\"@id\":\"https:\\\/\\\/secure.gravatar.com\\\/avatar\\\/9137aac6891e2595c9d3036fd83bcb653b4db3c946db4c7d9b9be193c3c944bb?s=96&d=mm&r=g\",\"url\":\"https:\\\/\\\/secure.gravatar.com\\\/avatar\\\/9137aac6891e2595c9d3036fd83bcb653b4db3c946db4c7d9b9be193c3c944bb?s=96&d=mm&r=g\",\"contentUrl\":\"https:\\\/\\\/secure.gravatar.com\\\/avatar\\\/9137aac6891e2595c9d3036fd83bcb653b4db3c946db4c7d9b9be193c3c944bb?s=96&d=mm&r=g\",\"caption\":\"administrador\"},\"url\":\"https:\\\/\\\/mont-roig.cat\\\/es\\\/actualitat\\\/noticies\\\/author\\\/administrador\\\/\"}]}<\/script>\n<!-- \/ Yoast SEO plugin. -->","yoast_head_json":{"title":"El Ayuntamiento reclama al Estado poder superar la limitaci\u00f3n de gasto para poder hacer frente a las emergencias provocadas por el Covid-19 - Ajuntament de Mont-roig del Camp","robots":{"index":"index","follow":"follow","max-snippet":"max-snippet:-1","max-image-preview":"max-image-preview:large","max-video-preview":"max-video-preview:-1"},"canonical":"https:\/\/mont-roig.cat\/es\/actualitat\/noticies\/lajuntament-reclama-a-lestat-poder-superar-la-limitacio-de-despesa-per-poder-fer-front-a-les-emergencies-provocades-per-la-covid-19\/","og_locale":"es_ES","og_type":"article","og_title":"El Ayuntamiento reclama al Estado poder superar la limitaci\u00f3n de gasto para poder hacer frente a las emergencias provocadas por el Covid-19 - Ajuntament de Mont-roig del Camp","og_description":"\u2022 El Pleno tambi\u00e9n aprob\u00f3 la cesi\u00f3n definitiva a la Generalitat los terrenos que acoger\u00e1n el futuro Institut Miami El Pleno del Ayuntamiento de Mont-roig del Camp ha aprobado por unanimidad, en la segunda sesi\u00f3n celebrada telem\u00e1ticamente por el estado de alarma, una moci\u00f3n que reclama al gobierno del Estado flexibilizar las restricciones impuestas a [&hellip;]","og_url":"https:\/\/mont-roig.cat\/es\/actualitat\/noticies\/lajuntament-reclama-a-lestat-poder-superar-la-limitacio-de-despesa-per-poder-fer-front-a-les-emergencies-provocades-per-la-covid-19\/","og_site_name":"Ajuntament de Mont-roig del Camp","article_published_time":"2020-05-14T09:49:55+00:00","article_modified_time":"2020-05-14T09:55:43+00:00","og_image":[{"width":788,"height":526,"url":"https:\/\/mont-roig.cat\/wp-content\/uploads\/Ple-ordinari.jpg","type":"image\/jpeg"}],"author":"administrador","twitter_card":"summary_large_image","twitter_misc":{"Escrito por":"administrador","Tiempo de lectura":"2 minutos"},"schema":{"@context":"https:\/\/schema.org","@graph":[{"@type":"Article","@id":"https:\/\/mont-roig.cat\/es\/actualitat\/noticies\/lajuntament-reclama-a-lestat-poder-superar-la-limitacio-de-despesa-per-poder-fer-front-a-les-emergencies-provocades-per-la-covid-19\/#article","isPartOf":{"@id":"https:\/\/mont-roig.cat\/es\/actualitat\/noticies\/lajuntament-reclama-a-lestat-poder-superar-la-limitacio-de-despesa-per-poder-fer-front-a-les-emergencies-provocades-per-la-covid-19\/"},"author":{"name":"administrador","@id":"https:\/\/mont-roig.cat\/es\/#\/schema\/person\/f2b111789f22b7d0c3bd6786c9128cba"},"headline":"El Ayuntamiento reclama al Estado poder superar la limitaci\u00f3n de gasto para poder hacer frente a las emergencias provocadas por el Covid-19","datePublished":"2020-05-14T09:49:55+00:00","dateModified":"2020-05-14T09:55:43+00:00","mainEntityOfPage":{"@id":"https:\/\/mont-roig.cat\/es\/actualitat\/noticies\/lajuntament-reclama-a-lestat-poder-superar-la-limitacio-de-despesa-per-poder-fer-front-a-les-emergencies-provocades-per-la-covid-19\/"},"wordCount":466,"image":{"@id":"https:\/\/mont-roig.cat\/es\/actualitat\/noticies\/lajuntament-reclama-a-lestat-poder-superar-la-limitacio-de-despesa-per-poder-fer-front-a-les-emergencies-provocades-per-la-covid-19\/#primaryimage"},"thumbnailUrl":"https:\/\/mont-roig.cat\/wp-content\/uploads\/Ple-ordinari.jpg","articleSection":["Ayuntamiento","Coronavirus","Coronavirus - medidas econ\u00f3micas"],"inLanguage":"es"},{"@type":"WebPage","@id":"https:\/\/mont-roig.cat\/es\/actualitat\/noticies\/lajuntament-reclama-a-lestat-poder-superar-la-limitacio-de-despesa-per-poder-fer-front-a-les-emergencies-provocades-per-la-covid-19\/","url":"https:\/\/mont-roig.cat\/es\/actualitat\/noticies\/lajuntament-reclama-a-lestat-poder-superar-la-limitacio-de-despesa-per-poder-fer-front-a-les-emergencies-provocades-per-la-covid-19\/","name":"El Ayuntamiento reclama al Estado poder superar la limitaci\u00f3n de gasto para poder hacer frente a las emergencias provocadas por el Covid-19 - Ajuntament de Mont-roig del Camp","isPartOf":{"@id":"https:\/\/mont-roig.cat\/es\/#website"},"primaryImageOfPage":{"@id":"https:\/\/mont-roig.cat\/es\/actualitat\/noticies\/lajuntament-reclama-a-lestat-poder-superar-la-limitacio-de-despesa-per-poder-fer-front-a-les-emergencies-provocades-per-la-covid-19\/#primaryimage"},"image":{"@id":"https:\/\/mont-roig.cat\/es\/actualitat\/noticies\/lajuntament-reclama-a-lestat-poder-superar-la-limitacio-de-despesa-per-poder-fer-front-a-les-emergencies-provocades-per-la-covid-19\/#primaryimage"},"thumbnailUrl":"https:\/\/mont-roig.cat\/wp-content\/uploads\/Ple-ordinari.jpg","datePublished":"2020-05-14T09:49:55+00:00","dateModified":"2020-05-14T09:55:43+00:00","author":{"@id":"https:\/\/mont-roig.cat\/es\/#\/schema\/person\/f2b111789f22b7d0c3bd6786c9128cba"},"breadcrumb":{"@id":"https:\/\/mont-roig.cat\/es\/actualitat\/noticies\/lajuntament-reclama-a-lestat-poder-superar-la-limitacio-de-despesa-per-poder-fer-front-a-les-emergencies-provocades-per-la-covid-19\/#breadcrumb"},"inLanguage":"es","potentialAction":[{"@type":"ReadAction","target":["https:\/\/mont-roig.cat\/es\/actualitat\/noticies\/lajuntament-reclama-a-lestat-poder-superar-la-limitacio-de-despesa-per-poder-fer-front-a-les-emergencies-provocades-per-la-covid-19\/"]}]},{"@type":"ImageObject","inLanguage":"es","@id":"https:\/\/mont-roig.cat\/es\/actualitat\/noticies\/lajuntament-reclama-a-lestat-poder-superar-la-limitacio-de-despesa-per-poder-fer-front-a-les-emergencies-provocades-per-la-covid-19\/#primaryimage","url":"https:\/\/mont-roig.cat\/wp-content\/uploads\/Ple-ordinari.jpg","contentUrl":"https:\/\/mont-roig.cat\/wp-content\/uploads\/Ple-ordinari.jpg","width":788,"height":526},{"@type":"BreadcrumbList","@id":"https:\/\/mont-roig.cat\/es\/actualitat\/noticies\/lajuntament-reclama-a-lestat-poder-superar-la-limitacio-de-despesa-per-poder-fer-front-a-les-emergencies-provocades-per-la-covid-19\/#breadcrumb","itemListElement":[{"@type":"ListItem","position":1,"name":"Inici","item":"https:\/\/mont-roig.cat\/es\/pagina-de-inicio\/"},{"@type":"ListItem","position":2,"name":"El Ayuntamiento reclama al Estado poder superar la limitaci\u00f3n de gasto para poder hacer frente a las emergencias provocadas por el Covid-19"}]},{"@type":"WebSite","@id":"https:\/\/mont-roig.cat\/es\/#website","url":"https:\/\/mont-roig.cat\/es\/","name":"Ajuntament de Mont-roig del Camp","description":"Tota la informaci\u00f3 sobre la instituci\u00f3, els seus \u00f2rgans de govern, actualitat, serveis i molt m\u00e9s.","potentialAction":[{"@type":"SearchAction","target":{"@type":"EntryPoint","urlTemplate":"https:\/\/mont-roig.cat\/es\/?s={search_term_string}"},"query-input":{"@type":"PropertyValueSpecification","valueRequired":true,"valueName":"search_term_string"}}],"inLanguage":"es"},{"@type":"Person","@id":"https:\/\/mont-roig.cat\/es\/#\/schema\/person\/f2b111789f22b7d0c3bd6786c9128cba","name":"administrador","image":{"@type":"ImageObject","inLanguage":"es","@id":"https:\/\/secure.gravatar.com\/avatar\/9137aac6891e2595c9d3036fd83bcb653b4db3c946db4c7d9b9be193c3c944bb?s=96&d=mm&r=g","url":"https:\/\/secure.gravatar.com\/avatar\/9137aac6891e2595c9d3036fd83bcb653b4db3c946db4c7d9b9be193c3c944bb?s=96&d=mm&r=g","contentUrl":"https:\/\/secure.gravatar.com\/avatar\/9137aac6891e2595c9d3036fd83bcb653b4db3c946db4c7d9b9be193c3c944bb?s=96&d=mm&r=g","caption":"administrador"},"url":"https:\/\/mont-roig.cat\/es\/actualitat\/noticies\/author\/administrador\/"}]}},"_links":{"self":[{"href":"https:\/\/mont-roig.cat\/es\/wp-json\/wp\/v2\/posts\/47688","targetHints":{"allow":["GET"]}}],"collection":[{"href":"https:\/\/mont-roig.cat\/es\/wp-json\/wp\/v2\/posts"}],"about":[{"href":"https:\/\/mont-roig.cat\/es\/wp-json\/wp\/v2\/types\/post"}],"author":[{"embeddable":true,"href":"https:\/\/mont-roig.cat\/es\/wp-json\/wp\/v2\/users\/4"}],"replies":[{"embeddable":true,"href":"https:\/\/mont-roig.cat\/es\/wp-json\/wp\/v2\/comments?post=47688"}],"version-history":[{"count":2,"href":"https:\/\/mont-roig.cat\/es\/wp-json\/wp\/v2\/posts\/47688\/revisions"}],"predecessor-version":[{"id":47690,"href":"https:\/\/mont-roig.cat\/es\/wp-json\/wp\/v2\/posts\/47688\/revisions\/47690"}],"wp:featuredmedia":[{"embeddable":true,"href":"https:\/\/mont-roig.cat\/es\/wp-json\/wp\/v2\/media\/47684"}],"wp:attachment":[{"href":"https:\/\/mont-roig.cat\/es\/wp-json\/wp\/v2\/media?parent=47688"}],"wp:term":[{"taxonomy":"category","embeddable":true,"href":"https:\/\/mont-roig.cat\/es\/wp-json\/wp\/v2\/categories?post=47688"},{"taxonomy":"post_tag","embeddable":true,"href":"https:\/\/mont-roig.cat\/es\/wp-json\/wp\/v2\/tags?post=47688"}],"curies":[{"name":"wp","href":"https:\/\/api.w.org\/{rel}","templated":true}]}}