{"id":47741,"date":"2020-05-15T17:47:00","date_gmt":"2020-05-15T15:47:00","guid":{"rendered":"https:\/\/mont-roig.cat\/actualitat\/noticies\/sobren-els-cementiris-i-tanatoris-municipals-amb-restriccions\/"},"modified":"2020-06-01T15:22:11","modified_gmt":"2020-06-01T13:22:11","slug":"se-abren-los-cementerios-y-tanatorios-municipales-con-restricciones","status":"publish","type":"post","link":"https:\/\/mont-roig.cat\/es\/actualitat\/noticies\/se-abren-los-cementerios-y-tanatorios-municipales-con-restricciones\/","title":{"rendered":"Se abren los cementerios y tanatorios municipales con restricciones"},"content":{"rendered":"<ul>\n<li><strong>El Ayuntamiento de Mont-roig del Camp ha flexibilizado el uso de determinados servicios municipales, como las instalaciones de duelo, coincidiendo con la fase 1 de desescalada y las nuevas medidas aprobadas por la orden ministerial<\/strong><\/li>\n<\/ul>\n<p><a href=\"https:\/\/mont-roig.cat\/wp-content\/uploads\/p1050473-1.jpg\"><img loading=\"lazy\" decoding=\"async\" class=\"alignright wp-image-47736\" src=\"https:\/\/mont-roig.cat\/wp-content\/uploads\/p1050473-1-500x375.jpg\" alt=\"\" width=\"315\" height=\"236\" srcset=\"https:\/\/mont-roig.cat\/wp-content\/uploads\/p1050473-1-500x375.jpg 500w, https:\/\/mont-roig.cat\/wp-content\/uploads\/p1050473-1-1024x768.jpg 1024w, https:\/\/mont-roig.cat\/wp-content\/uploads\/p1050473-1-768x576.jpg 768w, https:\/\/mont-roig.cat\/wp-content\/uploads\/p1050473-1-1536x1152.jpg 1536w, https:\/\/mont-roig.cat\/wp-content\/uploads\/p1050473-1-scaled.jpg 2048w, https:\/\/mont-roig.cat\/wp-content\/uploads\/p1050473-1-463x348.jpg 463w\" sizes=\"auto, (max-width: 315px) 100vw, 315px\" \/><\/a>La fase 1 de desescalada permite flexibilizar determinados servicios que ofrece el Ayuntamiento de Mont-roig del Camp, que quedan aplicados de la siguiente manera:<\/p>\n<p><strong>Equipamientos municipales<\/strong><\/p>\n<ul>\n<li>Los <strong>cementerios municipales<\/strong> est\u00e1n abiertos de lunes a domingo 9 a 19 h, pero el acceso est\u00e1 restringido a un m\u00e1ximo de 15 personas en su interior. Hay que mantener la distancia m\u00ednima de seguridad de 2 metros, higiene de manos y uso de mascarilla. Los WC estar\u00e1n cerrados.<\/li>\n<li>Los <strong>tanatorios de Mont-roig y Miami Platja<\/strong> abrir\u00e1n cuando haya un difunto. El aforo es de 10 personas. Se ha depositado gel hidroalcoh\u00f3lico dentro de los tanatorios para que los usuarios puedan desinfectarse las manos. Los WC tambi\u00e9n permanecer\u00e1n cerrados. Hay que mantener la distancia m\u00ednima de seguridad de 2 metros, higiene de manos y uso de mascarilla.<\/li>\n<li>El <strong>resto de los equipamientos municipales<\/strong> que podr\u00edan abrir en esta fase, como por ejemplo, las bibliotecas Joan Mir\u00f3 y Miramar o las instalaciones deportivas al aire libre, siguen cerrados para adecuarse a la normativa de seguridad y poder abrir a partir de la siguiente fase. En este sentido tambi\u00e9n se est\u00e1 trabajando para que sea a partir de la fase 2 que se puedan empezar a abrir al p\u00fablico determinados servicios y equipamientos de atenci\u00f3n a la ciudadan\u00eda y de servicios sociales.<\/li>\n<\/ul>\n<p><strong>Mercados al aire libre<\/strong><\/p>\n<p>Otra de las novedades de esta fase es la reapertura de los mercados al aire libre para la venta de productos no esenciales.<\/p>\n<p>En este caso, los mercadillos de Miami Platja y Mont-roig abrieron la semana pasada con la venta de productos de alimentaci\u00f3n, caracter\u00edstica permitida en la fase 0. Ahora se ha abierto la posibilidad tambi\u00e9n al resto de paradas, de acuerdo con la normativa de la fase 1 y las medidas de seguridad sanitaria, aunque de momento a\u00fan no han confirmado su asistencia.<\/p>\n<p>En <a href=\"https:\/\/interior.gencat.cat\/ca\/arees_dactuacio\/proteccio_civil\/consells_autoproteccio_emergencia\/malalties-transmissibles-emergents-amb-potencial-alt-risc-\/\" target=\"_blank\" rel=\"noopener noreferrer\">este enlace<\/a> de la Direcci\u00f3n General de Protecci\u00f3n Civil encontrar\u00e9is la respuesta a las dudas m\u00e1s frecuentes sobre las restricciones de actividades por la Covid-19 durante la Fase 1.<\/p>\n<p><strong>Campo municipal de tiro.<\/strong><\/p>\n<p>El campo municipal ha vuelto a abrir ya que en esta instalaci\u00f3n es posible garantizar las condiciones de uso, seguridad, limpieza, desinfecci\u00f3n y prevenci\u00f3n de riesgos laborales. Esta apertura se limitar\u00e1 a los s\u00e1bados, domingos y festivos. El Club de Tir Miami Platja deber\u00e1 observar el protocolo establecido por la Federaci\u00f3n Catalana de Tiro Ol\u00edmpico, emitido el 11 de mayo de 2020.<\/p>\n","protected":false},"excerpt":{"rendered":"<p>El Ayuntamiento de Mont-roig del Camp ha flexibilizado el uso de determinados servicios municipales, como las instalaciones de duelo, coincidiendo con la fase 1 de desescalada y las nuevas medidas aprobadas por la orden ministerial La fase 1 de desescalada permite flexibilizar determinados servicios que ofrece el Ayuntamiento de Mont-roig del Camp, que quedan aplicados [&hellip;]<\/p>\n","protected":false},"author":4,"featured_media":47736,"comment_status":"closed","ping_status":"closed","sticky":false,"template":"","format":"standard","meta":{"inline_featured_image":false,"_monsterinsights_skip_tracking":false,"_monsterinsights_sitenote_active":false,"_monsterinsights_sitenote_note":"","_monsterinsights_sitenote_category":0,"footnotes":""},"categories":[98,178,190,186],"tags":[],"class_list":["post-47741","post","type-post","status-publish","format-standard","has-post-thumbnail","hentry","category-ayuntamiento","category-coronavirus","category-cov-fases-y-desescalada","category-coronavirus-otras"],"yoast_head":"<!-- This site is optimized with the Yoast SEO plugin v27.4 - https:\/\/yoast.com\/product\/yoast-seo-wordpress\/ -->\n<title>Se abren los cementerios y tanatorios municipales con restricciones - Ajuntament de Mont-roig del Camp<\/title>\n<meta name=\"robots\" content=\"index, follow, max-snippet:-1, max-image-preview:large, max-video-preview:-1\" \/>\n<link rel=\"canonical\" href=\"https:\/\/mont-roig.cat\/es\/actualitat\/noticies\/se-abren-los-cementerios-y-tanatorios-municipales-con-restricciones\/\" \/>\n<meta property=\"og:locale\" content=\"es_ES\" \/>\n<meta property=\"og:type\" content=\"article\" \/>\n<meta property=\"og:title\" content=\"Se abren los cementerios y tanatorios municipales con restricciones - Ajuntament de Mont-roig del Camp\" \/>\n<meta property=\"og:description\" content=\"El Ayuntamiento de Mont-roig del Camp ha flexibilizado el uso de determinados servicios municipales, como las instalaciones de duelo, coincidiendo con la fase 1 de desescalada y las nuevas medidas aprobadas por la orden ministerial La fase 1 de desescalada permite flexibilizar determinados servicios que ofrece el Ayuntamiento de Mont-roig del Camp, que quedan aplicados [&hellip;]\" \/>\n<meta property=\"og:url\" content=\"https:\/\/mont-roig.cat\/es\/actualitat\/noticies\/se-abren-los-cementerios-y-tanatorios-municipales-con-restricciones\/\" \/>\n<meta property=\"og:site_name\" content=\"Ajuntament de Mont-roig del Camp\" \/>\n<meta property=\"article:published_time\" content=\"2020-05-15T15:47:00+00:00\" \/>\n<meta property=\"article:modified_time\" content=\"2020-06-01T13:22:11+00:00\" \/>\n<meta property=\"og:image\" content=\"https:\/\/mont-roig.cat\/wp-content\/uploads\/p1050473-1-1024x768.jpg\" \/>\n\t<meta property=\"og:image:width\" content=\"1024\" \/>\n\t<meta property=\"og:image:height\" content=\"768\" \/>\n\t<meta property=\"og:image:type\" content=\"image\/jpeg\" \/>\n<meta name=\"author\" content=\"administrador\" \/>\n<meta name=\"twitter:card\" content=\"summary_large_image\" \/>\n<meta name=\"twitter:label1\" content=\"Escrito por\" \/>\n\t<meta name=\"twitter:data1\" content=\"administrador\" \/>\n\t<meta name=\"twitter:label2\" content=\"Tiempo de lectura\" \/>\n\t<meta name=\"twitter:data2\" content=\"2 minutos\" \/>\n<script type=\"application\/ld+json\" class=\"yoast-schema-graph\">{\"@context\":\"https:\\\/\\\/schema.org\",\"@graph\":[{\"@type\":\"Article\",\"@id\":\"https:\\\/\\\/mont-roig.cat\\\/es\\\/actualitat\\\/noticies\\\/se-abren-los-cementerios-y-tanatorios-municipales-con-restricciones\\\/#article\",\"isPartOf\":{\"@id\":\"https:\\\/\\\/mont-roig.cat\\\/es\\\/actualitat\\\/noticies\\\/se-abren-los-cementerios-y-tanatorios-municipales-con-restricciones\\\/\"},\"author\":{\"name\":\"administrador\",\"@id\":\"https:\\\/\\\/mont-roig.cat\\\/es\\\/#\\\/schema\\\/person\\\/f2b111789f22b7d0c3bd6786c9128cba\"},\"headline\":\"Se abren los cementerios y tanatorios municipales con restricciones\",\"datePublished\":\"2020-05-15T15:47:00+00:00\",\"dateModified\":\"2020-06-01T13:22:11+00:00\",\"mainEntityOfPage\":{\"@id\":\"https:\\\/\\\/mont-roig.cat\\\/es\\\/actualitat\\\/noticies\\\/se-abren-los-cementerios-y-tanatorios-municipales-con-restricciones\\\/\"},\"wordCount\":459,\"image\":{\"@id\":\"https:\\\/\\\/mont-roig.cat\\\/es\\\/actualitat\\\/noticies\\\/se-abren-los-cementerios-y-tanatorios-municipales-con-restricciones\\\/#primaryimage\"},\"thumbnailUrl\":\"https:\\\/\\\/mont-roig.cat\\\/wp-content\\\/uploads\\\/p1050473-1.jpg\",\"articleSection\":[\"Ayuntamiento\",\"Coronavirus\",\"Coronavirus - fases y desescalada\",\"Coronavirus - otras medidas\"],\"inLanguage\":\"es\"},{\"@type\":\"WebPage\",\"@id\":\"https:\\\/\\\/mont-roig.cat\\\/es\\\/actualitat\\\/noticies\\\/se-abren-los-cementerios-y-tanatorios-municipales-con-restricciones\\\/\",\"url\":\"https:\\\/\\\/mont-roig.cat\\\/es\\\/actualitat\\\/noticies\\\/se-abren-los-cementerios-y-tanatorios-municipales-con-restricciones\\\/\",\"name\":\"Se abren los cementerios y tanatorios municipales con restricciones - Ajuntament de Mont-roig del Camp\",\"isPartOf\":{\"@id\":\"https:\\\/\\\/mont-roig.cat\\\/es\\\/#website\"},\"primaryImageOfPage\":{\"@id\":\"https:\\\/\\\/mont-roig.cat\\\/es\\\/actualitat\\\/noticies\\\/se-abren-los-cementerios-y-tanatorios-municipales-con-restricciones\\\/#primaryimage\"},\"image\":{\"@id\":\"https:\\\/\\\/mont-roig.cat\\\/es\\\/actualitat\\\/noticies\\\/se-abren-los-cementerios-y-tanatorios-municipales-con-restricciones\\\/#primaryimage\"},\"thumbnailUrl\":\"https:\\\/\\\/mont-roig.cat\\\/wp-content\\\/uploads\\\/p1050473-1.jpg\",\"datePublished\":\"2020-05-15T15:47:00+00:00\",\"dateModified\":\"2020-06-01T13:22:11+00:00\",\"author\":{\"@id\":\"https:\\\/\\\/mont-roig.cat\\\/es\\\/#\\\/schema\\\/person\\\/f2b111789f22b7d0c3bd6786c9128cba\"},\"breadcrumb\":{\"@id\":\"https:\\\/\\\/mont-roig.cat\\\/es\\\/actualitat\\\/noticies\\\/se-abren-los-cementerios-y-tanatorios-municipales-con-restricciones\\\/#breadcrumb\"},\"inLanguage\":\"es\",\"potentialAction\":[{\"@type\":\"ReadAction\",\"target\":[\"https:\\\/\\\/mont-roig.cat\\\/es\\\/actualitat\\\/noticies\\\/se-abren-los-cementerios-y-tanatorios-municipales-con-restricciones\\\/\"]}]},{\"@type\":\"ImageObject\",\"inLanguage\":\"es\",\"@id\":\"https:\\\/\\\/mont-roig.cat\\\/es\\\/actualitat\\\/noticies\\\/se-abren-los-cementerios-y-tanatorios-municipales-con-restricciones\\\/#primaryimage\",\"url\":\"https:\\\/\\\/mont-roig.cat\\\/wp-content\\\/uploads\\\/p1050473-1.jpg\",\"contentUrl\":\"https:\\\/\\\/mont-roig.cat\\\/wp-content\\\/uploads\\\/p1050473-1.jpg\",\"width\":2048,\"height\":1536},{\"@type\":\"BreadcrumbList\",\"@id\":\"https:\\\/\\\/mont-roig.cat\\\/es\\\/actualitat\\\/noticies\\\/se-abren-los-cementerios-y-tanatorios-municipales-con-restricciones\\\/#breadcrumb\",\"itemListElement\":[{\"@type\":\"ListItem\",\"position\":1,\"name\":\"Inici\",\"item\":\"https:\\\/\\\/mont-roig.cat\\\/es\\\/pagina-de-inicio\\\/\"},{\"@type\":\"ListItem\",\"position\":2,\"name\":\"Se abren los cementerios y tanatorios municipales con restricciones\"}]},{\"@type\":\"WebSite\",\"@id\":\"https:\\\/\\\/mont-roig.cat\\\/es\\\/#website\",\"url\":\"https:\\\/\\\/mont-roig.cat\\\/es\\\/\",\"name\":\"Ajuntament de Mont-roig del Camp\",\"description\":\"Tota la informaci\u00f3 sobre la instituci\u00f3, els seus \u00f2rgans de govern, actualitat, serveis i molt m\u00e9s.\",\"potentialAction\":[{\"@type\":\"SearchAction\",\"target\":{\"@type\":\"EntryPoint\",\"urlTemplate\":\"https:\\\/\\\/mont-roig.cat\\\/es\\\/?s={search_term_string}\"},\"query-input\":{\"@type\":\"PropertyValueSpecification\",\"valueRequired\":true,\"valueName\":\"search_term_string\"}}],\"inLanguage\":\"es\"},{\"@type\":\"Person\",\"@id\":\"https:\\\/\\\/mont-roig.cat\\\/es\\\/#\\\/schema\\\/person\\\/f2b111789f22b7d0c3bd6786c9128cba\",\"name\":\"administrador\",\"image\":{\"@type\":\"ImageObject\",\"inLanguage\":\"es\",\"@id\":\"https:\\\/\\\/secure.gravatar.com\\\/avatar\\\/9137aac6891e2595c9d3036fd83bcb653b4db3c946db4c7d9b9be193c3c944bb?s=96&d=mm&r=g\",\"url\":\"https:\\\/\\\/secure.gravatar.com\\\/avatar\\\/9137aac6891e2595c9d3036fd83bcb653b4db3c946db4c7d9b9be193c3c944bb?s=96&d=mm&r=g\",\"contentUrl\":\"https:\\\/\\\/secure.gravatar.com\\\/avatar\\\/9137aac6891e2595c9d3036fd83bcb653b4db3c946db4c7d9b9be193c3c944bb?s=96&d=mm&r=g\",\"caption\":\"administrador\"},\"url\":\"https:\\\/\\\/mont-roig.cat\\\/es\\\/actualitat\\\/noticies\\\/author\\\/administrador\\\/\"}]}<\/script>\n<!-- \/ Yoast SEO plugin. -->","yoast_head_json":{"title":"Se abren los cementerios y tanatorios municipales con restricciones - Ajuntament de Mont-roig del Camp","robots":{"index":"index","follow":"follow","max-snippet":"max-snippet:-1","max-image-preview":"max-image-preview:large","max-video-preview":"max-video-preview:-1"},"canonical":"https:\/\/mont-roig.cat\/es\/actualitat\/noticies\/se-abren-los-cementerios-y-tanatorios-municipales-con-restricciones\/","og_locale":"es_ES","og_type":"article","og_title":"Se abren los cementerios y tanatorios municipales con restricciones - Ajuntament de Mont-roig del Camp","og_description":"El Ayuntamiento de Mont-roig del Camp ha flexibilizado el uso de determinados servicios municipales, como las instalaciones de duelo, coincidiendo con la fase 1 de desescalada y las nuevas medidas aprobadas por la orden ministerial La fase 1 de desescalada permite flexibilizar determinados servicios que ofrece el Ayuntamiento de Mont-roig del Camp, que quedan aplicados [&hellip;]","og_url":"https:\/\/mont-roig.cat\/es\/actualitat\/noticies\/se-abren-los-cementerios-y-tanatorios-municipales-con-restricciones\/","og_site_name":"Ajuntament de Mont-roig del Camp","article_published_time":"2020-05-15T15:47:00+00:00","article_modified_time":"2020-06-01T13:22:11+00:00","og_image":[{"width":1024,"height":768,"url":"https:\/\/mont-roig.cat\/wp-content\/uploads\/p1050473-1-1024x768.jpg","type":"image\/jpeg"}],"author":"administrador","twitter_card":"summary_large_image","twitter_misc":{"Escrito por":"administrador","Tiempo de lectura":"2 minutos"},"schema":{"@context":"https:\/\/schema.org","@graph":[{"@type":"Article","@id":"https:\/\/mont-roig.cat\/es\/actualitat\/noticies\/se-abren-los-cementerios-y-tanatorios-municipales-con-restricciones\/#article","isPartOf":{"@id":"https:\/\/mont-roig.cat\/es\/actualitat\/noticies\/se-abren-los-cementerios-y-tanatorios-municipales-con-restricciones\/"},"author":{"name":"administrador","@id":"https:\/\/mont-roig.cat\/es\/#\/schema\/person\/f2b111789f22b7d0c3bd6786c9128cba"},"headline":"Se abren los cementerios y tanatorios municipales con restricciones","datePublished":"2020-05-15T15:47:00+00:00","dateModified":"2020-06-01T13:22:11+00:00","mainEntityOfPage":{"@id":"https:\/\/mont-roig.cat\/es\/actualitat\/noticies\/se-abren-los-cementerios-y-tanatorios-municipales-con-restricciones\/"},"wordCount":459,"image":{"@id":"https:\/\/mont-roig.cat\/es\/actualitat\/noticies\/se-abren-los-cementerios-y-tanatorios-municipales-con-restricciones\/#primaryimage"},"thumbnailUrl":"https:\/\/mont-roig.cat\/wp-content\/uploads\/p1050473-1.jpg","articleSection":["Ayuntamiento","Coronavirus","Coronavirus - fases y desescalada","Coronavirus - otras medidas"],"inLanguage":"es"},{"@type":"WebPage","@id":"https:\/\/mont-roig.cat\/es\/actualitat\/noticies\/se-abren-los-cementerios-y-tanatorios-municipales-con-restricciones\/","url":"https:\/\/mont-roig.cat\/es\/actualitat\/noticies\/se-abren-los-cementerios-y-tanatorios-municipales-con-restricciones\/","name":"Se abren los cementerios y tanatorios municipales con restricciones - Ajuntament de Mont-roig del Camp","isPartOf":{"@id":"https:\/\/mont-roig.cat\/es\/#website"},"primaryImageOfPage":{"@id":"https:\/\/mont-roig.cat\/es\/actualitat\/noticies\/se-abren-los-cementerios-y-tanatorios-municipales-con-restricciones\/#primaryimage"},"image":{"@id":"https:\/\/mont-roig.cat\/es\/actualitat\/noticies\/se-abren-los-cementerios-y-tanatorios-municipales-con-restricciones\/#primaryimage"},"thumbnailUrl":"https:\/\/mont-roig.cat\/wp-content\/uploads\/p1050473-1.jpg","datePublished":"2020-05-15T15:47:00+00:00","dateModified":"2020-06-01T13:22:11+00:00","author":{"@id":"https:\/\/mont-roig.cat\/es\/#\/schema\/person\/f2b111789f22b7d0c3bd6786c9128cba"},"breadcrumb":{"@id":"https:\/\/mont-roig.cat\/es\/actualitat\/noticies\/se-abren-los-cementerios-y-tanatorios-municipales-con-restricciones\/#breadcrumb"},"inLanguage":"es","potentialAction":[{"@type":"ReadAction","target":["https:\/\/mont-roig.cat\/es\/actualitat\/noticies\/se-abren-los-cementerios-y-tanatorios-municipales-con-restricciones\/"]}]},{"@type":"ImageObject","inLanguage":"es","@id":"https:\/\/mont-roig.cat\/es\/actualitat\/noticies\/se-abren-los-cementerios-y-tanatorios-municipales-con-restricciones\/#primaryimage","url":"https:\/\/mont-roig.cat\/wp-content\/uploads\/p1050473-1.jpg","contentUrl":"https:\/\/mont-roig.cat\/wp-content\/uploads\/p1050473-1.jpg","width":2048,"height":1536},{"@type":"BreadcrumbList","@id":"https:\/\/mont-roig.cat\/es\/actualitat\/noticies\/se-abren-los-cementerios-y-tanatorios-municipales-con-restricciones\/#breadcrumb","itemListElement":[{"@type":"ListItem","position":1,"name":"Inici","item":"https:\/\/mont-roig.cat\/es\/pagina-de-inicio\/"},{"@type":"ListItem","position":2,"name":"Se abren los cementerios y tanatorios municipales con restricciones"}]},{"@type":"WebSite","@id":"https:\/\/mont-roig.cat\/es\/#website","url":"https:\/\/mont-roig.cat\/es\/","name":"Ajuntament de Mont-roig del Camp","description":"Tota la informaci\u00f3 sobre la instituci\u00f3, els seus \u00f2rgans de govern, actualitat, serveis i molt m\u00e9s.","potentialAction":[{"@type":"SearchAction","target":{"@type":"EntryPoint","urlTemplate":"https:\/\/mont-roig.cat\/es\/?s={search_term_string}"},"query-input":{"@type":"PropertyValueSpecification","valueRequired":true,"valueName":"search_term_string"}}],"inLanguage":"es"},{"@type":"Person","@id":"https:\/\/mont-roig.cat\/es\/#\/schema\/person\/f2b111789f22b7d0c3bd6786c9128cba","name":"administrador","image":{"@type":"ImageObject","inLanguage":"es","@id":"https:\/\/secure.gravatar.com\/avatar\/9137aac6891e2595c9d3036fd83bcb653b4db3c946db4c7d9b9be193c3c944bb?s=96&d=mm&r=g","url":"https:\/\/secure.gravatar.com\/avatar\/9137aac6891e2595c9d3036fd83bcb653b4db3c946db4c7d9b9be193c3c944bb?s=96&d=mm&r=g","contentUrl":"https:\/\/secure.gravatar.com\/avatar\/9137aac6891e2595c9d3036fd83bcb653b4db3c946db4c7d9b9be193c3c944bb?s=96&d=mm&r=g","caption":"administrador"},"url":"https:\/\/mont-roig.cat\/es\/actualitat\/noticies\/author\/administrador\/"}]}},"_links":{"self":[{"href":"https:\/\/mont-roig.cat\/es\/wp-json\/wp\/v2\/posts\/47741","targetHints":{"allow":["GET"]}}],"collection":[{"href":"https:\/\/mont-roig.cat\/es\/wp-json\/wp\/v2\/posts"}],"about":[{"href":"https:\/\/mont-roig.cat\/es\/wp-json\/wp\/v2\/types\/post"}],"author":[{"embeddable":true,"href":"https:\/\/mont-roig.cat\/es\/wp-json\/wp\/v2\/users\/4"}],"replies":[{"embeddable":true,"href":"https:\/\/mont-roig.cat\/es\/wp-json\/wp\/v2\/comments?post=47741"}],"version-history":[{"count":7,"href":"https:\/\/mont-roig.cat\/es\/wp-json\/wp\/v2\/posts\/47741\/revisions"}],"predecessor-version":[{"id":48478,"href":"https:\/\/mont-roig.cat\/es\/wp-json\/wp\/v2\/posts\/47741\/revisions\/48478"}],"wp:featuredmedia":[{"embeddable":true,"href":"https:\/\/mont-roig.cat\/es\/wp-json\/wp\/v2\/media\/47736"}],"wp:attachment":[{"href":"https:\/\/mont-roig.cat\/es\/wp-json\/wp\/v2\/media?parent=47741"}],"wp:term":[{"taxonomy":"category","embeddable":true,"href":"https:\/\/mont-roig.cat\/es\/wp-json\/wp\/v2\/categories?post=47741"},{"taxonomy":"post_tag","embeddable":true,"href":"https:\/\/mont-roig.cat\/es\/wp-json\/wp\/v2\/tags?post=47741"}],"curies":[{"name":"wp","href":"https:\/\/api.w.org\/{rel}","templated":true}]}}