{"id":48303,"date":"2020-05-28T17:06:58","date_gmt":"2020-05-28T15:06:58","guid":{"rendered":"https:\/\/mont-roig.cat\/actualitat\/noticies\/comemmoracio-del-dia-internacional-daccio-per-la-salut-de-les-dones\/"},"modified":"2020-05-28T17:10:17","modified_gmt":"2020-05-28T15:10:17","slug":"68-5000-conmemoracion-del-dia-internacional-de-accion-por-la-salud-de-las-mujeres","status":"publish","type":"post","link":"https:\/\/mont-roig.cat\/es\/actualitat\/noticies\/68-5000-conmemoracion-del-dia-internacional-de-accion-por-la-salud-de-las-mujeres\/","title":{"rendered":"Conmemoraci\u00f3n del D\u00eda Internacional de Acci\u00f3n por la Salud de las Mujeres"},"content":{"rendered":"<ul>\n<li><strong><a href=\"https:\/\/mont-roig.cat\/wp-content\/uploads\/dia_accio_dones.jpg_8257297.jpg\"><img loading=\"lazy\" decoding=\"async\" class=\"alignright wp-image-48297\" src=\"https:\/\/mont-roig.cat\/wp-content\/uploads\/dia_accio_dones.jpg_8257297-500x500.jpg\" alt=\"\" width=\"296\" height=\"296\" srcset=\"https:\/\/mont-roig.cat\/wp-content\/uploads\/dia_accio_dones.jpg_8257297-500x500.jpg 500w, https:\/\/mont-roig.cat\/wp-content\/uploads\/dia_accio_dones.jpg_8257297-50x50.jpg 50w, https:\/\/mont-roig.cat\/wp-content\/uploads\/dia_accio_dones.jpg_8257297-367x367.jpg 367w, https:\/\/mont-roig.cat\/wp-content\/uploads\/dia_accio_dones.jpg_8257297-450x450.jpg 450w, https:\/\/mont-roig.cat\/wp-content\/uploads\/dia_accio_dones.jpg_8257297-85x85.jpg 85w, https:\/\/mont-roig.cat\/wp-content\/uploads\/dia_accio_dones.jpg_8257297-45x45.jpg 45w, https:\/\/mont-roig.cat\/wp-content\/uploads\/dia_accio_dones.jpg_8257297.jpg 540w\" sizes=\"auto, (max-width: 296px) 100vw, 296px\" \/><\/a>El 28 de mayo se conmemora desde hace m\u00e1s de 20 a\u00f1os este d\u00eda mundial como una fecha para la movilizaci\u00f3n y la reivindicaci\u00f3n\n<p><\/strong><\/li>\n<\/ul>\n<p>En una reuni\u00f3n de la Red Mundial de Mujeres por los Derechos Reproductivos que tuvo lugar en 1987 en Costa Rica, despu\u00e9s de la celebraci\u00f3n del V Encuentro Internacional Mujer y Salud, la Red de Salud de las Mujeres Latinoamericanas y del Caribe, propuso la creaci\u00f3n de un d\u00eda de acci\u00f3n mundial para la salud de las mujeres. As\u00ed, se acord\u00f3 que el D\u00eda Internacional de Acci\u00f3n por la Salud de las Mujeres se conmemorar\u00eda cada 28 de mayo como una fecha para la movilizaci\u00f3n y la reivindicaci\u00f3n.<\/p>\n<p>Aprovechando este evento os dejamos una infograf\u00eda donde se pueden apreciar las diferencias de salud entre hombres y mujeres en nuestra sociedad y la importancia de\u00a0 la introducci\u00f3n de la perspectiva de g\u00e9nero en la planificaci\u00f3n de la salud. Es necesario que las investigaciones cient\u00edficas tengan en cuenta esta variable para garantizar la prevenci\u00f3n, la mayor precisi\u00f3n en el diagn\u00f3stico y la igualdad de derechos de las mujeres a ser atendidas y tratadas eficientemente por sus problem\u00e1ticas.<\/p>\n<p><a href=\"https:\/\/mont-roig.cat\/wp-content\/uploads\/infografia-diferencies-genere.pdf\" target=\"_blank\" rel=\"noopener noreferrer\">Descarta infograf\u00eda con las diferencias de g\u00e9nero<\/a><\/p>\n","protected":false},"excerpt":{"rendered":"<p>El 28 de mayo se conmemora desde hace m\u00e1s de 20 a\u00f1os este d\u00eda mundial como una fecha para la movilizaci\u00f3n y la reivindicaci\u00f3n En una reuni\u00f3n de la Red Mundial de Mujeres por los Derechos Reproductivos que tuvo lugar en 1987 en Costa Rica, despu\u00e9s de la celebraci\u00f3n del V Encuentro Internacional Mujer y [&hellip;]<\/p>\n","protected":false},"author":4,"featured_media":48296,"comment_status":"closed","ping_status":"closed","sticky":false,"template":"","format":"standard","meta":{"inline_featured_image":false,"_monsterinsights_skip_tracking":false,"_monsterinsights_sitenote_active":false,"_monsterinsights_sitenote_note":"","_monsterinsights_sitenote_category":0,"footnotes":""},"categories":[98,101],"tags":[],"class_list":["post-48303","post","type-post","status-publish","format-standard","has-post-thumbnail","hentry","category-ayuntamiento","category-cultura-es"],"yoast_head":"<!-- This site is optimized with the Yoast SEO plugin v27.4 - https:\/\/yoast.com\/product\/yoast-seo-wordpress\/ -->\n<title>Conmemoraci\u00f3n del D\u00eda Internacional de Acci\u00f3n por la Salud de las Mujeres - Ajuntament de Mont-roig del Camp<\/title>\n<meta name=\"robots\" content=\"index, follow, max-snippet:-1, max-image-preview:large, max-video-preview:-1\" \/>\n<link rel=\"canonical\" href=\"https:\/\/mont-roig.cat\/es\/actualitat\/noticies\/68-5000-conmemoracion-del-dia-internacional-de-accion-por-la-salud-de-las-mujeres\/\" \/>\n<meta property=\"og:locale\" content=\"es_ES\" \/>\n<meta property=\"og:type\" content=\"article\" \/>\n<meta property=\"og:title\" content=\"Conmemoraci\u00f3n del D\u00eda Internacional de Acci\u00f3n por la Salud de las Mujeres - Ajuntament de Mont-roig del Camp\" \/>\n<meta property=\"og:description\" content=\"El 28 de mayo se conmemora desde hace m\u00e1s de 20 a\u00f1os este d\u00eda mundial como una fecha para la movilizaci\u00f3n y la reivindicaci\u00f3n En una reuni\u00f3n de la Red Mundial de Mujeres por los Derechos Reproductivos que tuvo lugar en 1987 en Costa Rica, despu\u00e9s de la celebraci\u00f3n del V Encuentro Internacional Mujer y [&hellip;]\" \/>\n<meta property=\"og:url\" content=\"https:\/\/mont-roig.cat\/es\/actualitat\/noticies\/68-5000-conmemoracion-del-dia-internacional-de-accion-por-la-salud-de-las-mujeres\/\" \/>\n<meta property=\"og:site_name\" content=\"Ajuntament de Mont-roig del Camp\" \/>\n<meta property=\"article:published_time\" content=\"2020-05-28T15:06:58+00:00\" \/>\n<meta property=\"article:modified_time\" content=\"2020-05-28T15:10:17+00:00\" \/>\n<meta property=\"og:image\" content=\"https:\/\/mont-roig.cat\/wp-content\/uploads\/dia_accio_dones.jpg_8257297.jpg\" \/>\n\t<meta property=\"og:image:width\" content=\"540\" \/>\n\t<meta property=\"og:image:height\" content=\"540\" \/>\n\t<meta property=\"og:image:type\" content=\"image\/jpeg\" \/>\n<meta name=\"author\" content=\"administrador\" \/>\n<meta name=\"twitter:card\" content=\"summary_large_image\" \/>\n<meta name=\"twitter:label1\" content=\"Escrito por\" \/>\n\t<meta name=\"twitter:data1\" content=\"administrador\" \/>\n\t<meta name=\"twitter:label2\" content=\"Tiempo de lectura\" \/>\n\t<meta name=\"twitter:data2\" content=\"1 minuto\" \/>\n<script type=\"application\/ld+json\" class=\"yoast-schema-graph\">{\"@context\":\"https:\\\/\\\/schema.org\",\"@graph\":[{\"@type\":\"Article\",\"@id\":\"https:\\\/\\\/mont-roig.cat\\\/es\\\/actualitat\\\/noticies\\\/68-5000-conmemoracion-del-dia-internacional-de-accion-por-la-salud-de-las-mujeres\\\/#article\",\"isPartOf\":{\"@id\":\"https:\\\/\\\/mont-roig.cat\\\/es\\\/actualitat\\\/noticies\\\/68-5000-conmemoracion-del-dia-internacional-de-accion-por-la-salud-de-las-mujeres\\\/\"},\"author\":{\"name\":\"administrador\",\"@id\":\"https:\\\/\\\/mont-roig.cat\\\/es\\\/#\\\/schema\\\/person\\\/f2b111789f22b7d0c3bd6786c9128cba\"},\"headline\":\"Conmemoraci\u00f3n del D\u00eda Internacional de Acci\u00f3n por la Salud de las Mujeres\",\"datePublished\":\"2020-05-28T15:06:58+00:00\",\"dateModified\":\"2020-05-28T15:10:17+00:00\",\"mainEntityOfPage\":{\"@id\":\"https:\\\/\\\/mont-roig.cat\\\/es\\\/actualitat\\\/noticies\\\/68-5000-conmemoracion-del-dia-internacional-de-accion-por-la-salud-de-las-mujeres\\\/\"},\"wordCount\":234,\"image\":{\"@id\":\"https:\\\/\\\/mont-roig.cat\\\/es\\\/actualitat\\\/noticies\\\/68-5000-conmemoracion-del-dia-internacional-de-accion-por-la-salud-de-las-mujeres\\\/#primaryimage\"},\"thumbnailUrl\":\"https:\\\/\\\/mont-roig.cat\\\/wp-content\\\/uploads\\\/dia_accio_dones.jpg_8257297.jpg\",\"articleSection\":[\"Ayuntamiento\",\"Cultura\"],\"inLanguage\":\"es\"},{\"@type\":\"WebPage\",\"@id\":\"https:\\\/\\\/mont-roig.cat\\\/es\\\/actualitat\\\/noticies\\\/68-5000-conmemoracion-del-dia-internacional-de-accion-por-la-salud-de-las-mujeres\\\/\",\"url\":\"https:\\\/\\\/mont-roig.cat\\\/es\\\/actualitat\\\/noticies\\\/68-5000-conmemoracion-del-dia-internacional-de-accion-por-la-salud-de-las-mujeres\\\/\",\"name\":\"Conmemoraci\u00f3n del D\u00eda Internacional de Acci\u00f3n por la Salud de las Mujeres - Ajuntament de Mont-roig del Camp\",\"isPartOf\":{\"@id\":\"https:\\\/\\\/mont-roig.cat\\\/es\\\/#website\"},\"primaryImageOfPage\":{\"@id\":\"https:\\\/\\\/mont-roig.cat\\\/es\\\/actualitat\\\/noticies\\\/68-5000-conmemoracion-del-dia-internacional-de-accion-por-la-salud-de-las-mujeres\\\/#primaryimage\"},\"image\":{\"@id\":\"https:\\\/\\\/mont-roig.cat\\\/es\\\/actualitat\\\/noticies\\\/68-5000-conmemoracion-del-dia-internacional-de-accion-por-la-salud-de-las-mujeres\\\/#primaryimage\"},\"thumbnailUrl\":\"https:\\\/\\\/mont-roig.cat\\\/wp-content\\\/uploads\\\/dia_accio_dones.jpg_8257297.jpg\",\"datePublished\":\"2020-05-28T15:06:58+00:00\",\"dateModified\":\"2020-05-28T15:10:17+00:00\",\"author\":{\"@id\":\"https:\\\/\\\/mont-roig.cat\\\/es\\\/#\\\/schema\\\/person\\\/f2b111789f22b7d0c3bd6786c9128cba\"},\"breadcrumb\":{\"@id\":\"https:\\\/\\\/mont-roig.cat\\\/es\\\/actualitat\\\/noticies\\\/68-5000-conmemoracion-del-dia-internacional-de-accion-por-la-salud-de-las-mujeres\\\/#breadcrumb\"},\"inLanguage\":\"es\",\"potentialAction\":[{\"@type\":\"ReadAction\",\"target\":[\"https:\\\/\\\/mont-roig.cat\\\/es\\\/actualitat\\\/noticies\\\/68-5000-conmemoracion-del-dia-internacional-de-accion-por-la-salud-de-las-mujeres\\\/\"]}]},{\"@type\":\"ImageObject\",\"inLanguage\":\"es\",\"@id\":\"https:\\\/\\\/mont-roig.cat\\\/es\\\/actualitat\\\/noticies\\\/68-5000-conmemoracion-del-dia-internacional-de-accion-por-la-salud-de-las-mujeres\\\/#primaryimage\",\"url\":\"https:\\\/\\\/mont-roig.cat\\\/wp-content\\\/uploads\\\/dia_accio_dones.jpg_8257297.jpg\",\"contentUrl\":\"https:\\\/\\\/mont-roig.cat\\\/wp-content\\\/uploads\\\/dia_accio_dones.jpg_8257297.jpg\",\"width\":540,\"height\":540},{\"@type\":\"BreadcrumbList\",\"@id\":\"https:\\\/\\\/mont-roig.cat\\\/es\\\/actualitat\\\/noticies\\\/68-5000-conmemoracion-del-dia-internacional-de-accion-por-la-salud-de-las-mujeres\\\/#breadcrumb\",\"itemListElement\":[{\"@type\":\"ListItem\",\"position\":1,\"name\":\"Inici\",\"item\":\"https:\\\/\\\/mont-roig.cat\\\/es\\\/pagina-de-inicio\\\/\"},{\"@type\":\"ListItem\",\"position\":2,\"name\":\"Conmemoraci\u00f3n del D\u00eda Internacional de Acci\u00f3n por la Salud de las Mujeres\"}]},{\"@type\":\"WebSite\",\"@id\":\"https:\\\/\\\/mont-roig.cat\\\/es\\\/#website\",\"url\":\"https:\\\/\\\/mont-roig.cat\\\/es\\\/\",\"name\":\"Ajuntament de Mont-roig del Camp\",\"description\":\"Tota la informaci\u00f3 sobre la instituci\u00f3, els seus \u00f2rgans de govern, actualitat, serveis i molt m\u00e9s.\",\"potentialAction\":[{\"@type\":\"SearchAction\",\"target\":{\"@type\":\"EntryPoint\",\"urlTemplate\":\"https:\\\/\\\/mont-roig.cat\\\/es\\\/?s={search_term_string}\"},\"query-input\":{\"@type\":\"PropertyValueSpecification\",\"valueRequired\":true,\"valueName\":\"search_term_string\"}}],\"inLanguage\":\"es\"},{\"@type\":\"Person\",\"@id\":\"https:\\\/\\\/mont-roig.cat\\\/es\\\/#\\\/schema\\\/person\\\/f2b111789f22b7d0c3bd6786c9128cba\",\"name\":\"administrador\",\"image\":{\"@type\":\"ImageObject\",\"inLanguage\":\"es\",\"@id\":\"https:\\\/\\\/secure.gravatar.com\\\/avatar\\\/9137aac6891e2595c9d3036fd83bcb653b4db3c946db4c7d9b9be193c3c944bb?s=96&d=mm&r=g\",\"url\":\"https:\\\/\\\/secure.gravatar.com\\\/avatar\\\/9137aac6891e2595c9d3036fd83bcb653b4db3c946db4c7d9b9be193c3c944bb?s=96&d=mm&r=g\",\"contentUrl\":\"https:\\\/\\\/secure.gravatar.com\\\/avatar\\\/9137aac6891e2595c9d3036fd83bcb653b4db3c946db4c7d9b9be193c3c944bb?s=96&d=mm&r=g\",\"caption\":\"administrador\"},\"url\":\"https:\\\/\\\/mont-roig.cat\\\/es\\\/actualitat\\\/noticies\\\/author\\\/administrador\\\/\"}]}<\/script>\n<!-- \/ Yoast SEO plugin. -->","yoast_head_json":{"title":"Conmemoraci\u00f3n del D\u00eda Internacional de Acci\u00f3n por la Salud de las Mujeres - Ajuntament de Mont-roig del Camp","robots":{"index":"index","follow":"follow","max-snippet":"max-snippet:-1","max-image-preview":"max-image-preview:large","max-video-preview":"max-video-preview:-1"},"canonical":"https:\/\/mont-roig.cat\/es\/actualitat\/noticies\/68-5000-conmemoracion-del-dia-internacional-de-accion-por-la-salud-de-las-mujeres\/","og_locale":"es_ES","og_type":"article","og_title":"Conmemoraci\u00f3n del D\u00eda Internacional de Acci\u00f3n por la Salud de las Mujeres - Ajuntament de Mont-roig del Camp","og_description":"El 28 de mayo se conmemora desde hace m\u00e1s de 20 a\u00f1os este d\u00eda mundial como una fecha para la movilizaci\u00f3n y la reivindicaci\u00f3n En una reuni\u00f3n de la Red Mundial de Mujeres por los Derechos Reproductivos que tuvo lugar en 1987 en Costa Rica, despu\u00e9s de la celebraci\u00f3n del V Encuentro Internacional Mujer y [&hellip;]","og_url":"https:\/\/mont-roig.cat\/es\/actualitat\/noticies\/68-5000-conmemoracion-del-dia-internacional-de-accion-por-la-salud-de-las-mujeres\/","og_site_name":"Ajuntament de Mont-roig del Camp","article_published_time":"2020-05-28T15:06:58+00:00","article_modified_time":"2020-05-28T15:10:17+00:00","og_image":[{"width":540,"height":540,"url":"https:\/\/mont-roig.cat\/wp-content\/uploads\/dia_accio_dones.jpg_8257297.jpg","type":"image\/jpeg"}],"author":"administrador","twitter_card":"summary_large_image","twitter_misc":{"Escrito por":"administrador","Tiempo de lectura":"1 minuto"},"schema":{"@context":"https:\/\/schema.org","@graph":[{"@type":"Article","@id":"https:\/\/mont-roig.cat\/es\/actualitat\/noticies\/68-5000-conmemoracion-del-dia-internacional-de-accion-por-la-salud-de-las-mujeres\/#article","isPartOf":{"@id":"https:\/\/mont-roig.cat\/es\/actualitat\/noticies\/68-5000-conmemoracion-del-dia-internacional-de-accion-por-la-salud-de-las-mujeres\/"},"author":{"name":"administrador","@id":"https:\/\/mont-roig.cat\/es\/#\/schema\/person\/f2b111789f22b7d0c3bd6786c9128cba"},"headline":"Conmemoraci\u00f3n del D\u00eda Internacional de Acci\u00f3n por la Salud de las Mujeres","datePublished":"2020-05-28T15:06:58+00:00","dateModified":"2020-05-28T15:10:17+00:00","mainEntityOfPage":{"@id":"https:\/\/mont-roig.cat\/es\/actualitat\/noticies\/68-5000-conmemoracion-del-dia-internacional-de-accion-por-la-salud-de-las-mujeres\/"},"wordCount":234,"image":{"@id":"https:\/\/mont-roig.cat\/es\/actualitat\/noticies\/68-5000-conmemoracion-del-dia-internacional-de-accion-por-la-salud-de-las-mujeres\/#primaryimage"},"thumbnailUrl":"https:\/\/mont-roig.cat\/wp-content\/uploads\/dia_accio_dones.jpg_8257297.jpg","articleSection":["Ayuntamiento","Cultura"],"inLanguage":"es"},{"@type":"WebPage","@id":"https:\/\/mont-roig.cat\/es\/actualitat\/noticies\/68-5000-conmemoracion-del-dia-internacional-de-accion-por-la-salud-de-las-mujeres\/","url":"https:\/\/mont-roig.cat\/es\/actualitat\/noticies\/68-5000-conmemoracion-del-dia-internacional-de-accion-por-la-salud-de-las-mujeres\/","name":"Conmemoraci\u00f3n del D\u00eda Internacional de Acci\u00f3n por la Salud de las Mujeres - Ajuntament de Mont-roig del Camp","isPartOf":{"@id":"https:\/\/mont-roig.cat\/es\/#website"},"primaryImageOfPage":{"@id":"https:\/\/mont-roig.cat\/es\/actualitat\/noticies\/68-5000-conmemoracion-del-dia-internacional-de-accion-por-la-salud-de-las-mujeres\/#primaryimage"},"image":{"@id":"https:\/\/mont-roig.cat\/es\/actualitat\/noticies\/68-5000-conmemoracion-del-dia-internacional-de-accion-por-la-salud-de-las-mujeres\/#primaryimage"},"thumbnailUrl":"https:\/\/mont-roig.cat\/wp-content\/uploads\/dia_accio_dones.jpg_8257297.jpg","datePublished":"2020-05-28T15:06:58+00:00","dateModified":"2020-05-28T15:10:17+00:00","author":{"@id":"https:\/\/mont-roig.cat\/es\/#\/schema\/person\/f2b111789f22b7d0c3bd6786c9128cba"},"breadcrumb":{"@id":"https:\/\/mont-roig.cat\/es\/actualitat\/noticies\/68-5000-conmemoracion-del-dia-internacional-de-accion-por-la-salud-de-las-mujeres\/#breadcrumb"},"inLanguage":"es","potentialAction":[{"@type":"ReadAction","target":["https:\/\/mont-roig.cat\/es\/actualitat\/noticies\/68-5000-conmemoracion-del-dia-internacional-de-accion-por-la-salud-de-las-mujeres\/"]}]},{"@type":"ImageObject","inLanguage":"es","@id":"https:\/\/mont-roig.cat\/es\/actualitat\/noticies\/68-5000-conmemoracion-del-dia-internacional-de-accion-por-la-salud-de-las-mujeres\/#primaryimage","url":"https:\/\/mont-roig.cat\/wp-content\/uploads\/dia_accio_dones.jpg_8257297.jpg","contentUrl":"https:\/\/mont-roig.cat\/wp-content\/uploads\/dia_accio_dones.jpg_8257297.jpg","width":540,"height":540},{"@type":"BreadcrumbList","@id":"https:\/\/mont-roig.cat\/es\/actualitat\/noticies\/68-5000-conmemoracion-del-dia-internacional-de-accion-por-la-salud-de-las-mujeres\/#breadcrumb","itemListElement":[{"@type":"ListItem","position":1,"name":"Inici","item":"https:\/\/mont-roig.cat\/es\/pagina-de-inicio\/"},{"@type":"ListItem","position":2,"name":"Conmemoraci\u00f3n del D\u00eda Internacional de Acci\u00f3n por la Salud de las Mujeres"}]},{"@type":"WebSite","@id":"https:\/\/mont-roig.cat\/es\/#website","url":"https:\/\/mont-roig.cat\/es\/","name":"Ajuntament de Mont-roig del Camp","description":"Tota la informaci\u00f3 sobre la instituci\u00f3, els seus \u00f2rgans de govern, actualitat, serveis i molt m\u00e9s.","potentialAction":[{"@type":"SearchAction","target":{"@type":"EntryPoint","urlTemplate":"https:\/\/mont-roig.cat\/es\/?s={search_term_string}"},"query-input":{"@type":"PropertyValueSpecification","valueRequired":true,"valueName":"search_term_string"}}],"inLanguage":"es"},{"@type":"Person","@id":"https:\/\/mont-roig.cat\/es\/#\/schema\/person\/f2b111789f22b7d0c3bd6786c9128cba","name":"administrador","image":{"@type":"ImageObject","inLanguage":"es","@id":"https:\/\/secure.gravatar.com\/avatar\/9137aac6891e2595c9d3036fd83bcb653b4db3c946db4c7d9b9be193c3c944bb?s=96&d=mm&r=g","url":"https:\/\/secure.gravatar.com\/avatar\/9137aac6891e2595c9d3036fd83bcb653b4db3c946db4c7d9b9be193c3c944bb?s=96&d=mm&r=g","contentUrl":"https:\/\/secure.gravatar.com\/avatar\/9137aac6891e2595c9d3036fd83bcb653b4db3c946db4c7d9b9be193c3c944bb?s=96&d=mm&r=g","caption":"administrador"},"url":"https:\/\/mont-roig.cat\/es\/actualitat\/noticies\/author\/administrador\/"}]}},"_links":{"self":[{"href":"https:\/\/mont-roig.cat\/es\/wp-json\/wp\/v2\/posts\/48303","targetHints":{"allow":["GET"]}}],"collection":[{"href":"https:\/\/mont-roig.cat\/es\/wp-json\/wp\/v2\/posts"}],"about":[{"href":"https:\/\/mont-roig.cat\/es\/wp-json\/wp\/v2\/types\/post"}],"author":[{"embeddable":true,"href":"https:\/\/mont-roig.cat\/es\/wp-json\/wp\/v2\/users\/4"}],"replies":[{"embeddable":true,"href":"https:\/\/mont-roig.cat\/es\/wp-json\/wp\/v2\/comments?post=48303"}],"version-history":[{"count":2,"href":"https:\/\/mont-roig.cat\/es\/wp-json\/wp\/v2\/posts\/48303\/revisions"}],"predecessor-version":[{"id":48305,"href":"https:\/\/mont-roig.cat\/es\/wp-json\/wp\/v2\/posts\/48303\/revisions\/48305"}],"wp:featuredmedia":[{"embeddable":true,"href":"https:\/\/mont-roig.cat\/es\/wp-json\/wp\/v2\/media\/48296"}],"wp:attachment":[{"href":"https:\/\/mont-roig.cat\/es\/wp-json\/wp\/v2\/media?parent=48303"}],"wp:term":[{"taxonomy":"category","embeddable":true,"href":"https:\/\/mont-roig.cat\/es\/wp-json\/wp\/v2\/categories?post=48303"},{"taxonomy":"post_tag","embeddable":true,"href":"https:\/\/mont-roig.cat\/es\/wp-json\/wp\/v2\/tags?post=48303"}],"curies":[{"name":"wp","href":"https:\/\/api.w.org\/{rel}","templated":true}]}}