{"id":48702,"date":"2020-06-10T12:04:09","date_gmt":"2020-06-10T10:04:09","guid":{"rendered":"https:\/\/mont-roig.cat\/actualitat\/noticies\/lajuntament-engega-un-programa-formatiu-contra-la-covid19-dirigit-al-sector-economic-del-municipi\/"},"modified":"2020-06-10T12:06:33","modified_gmt":"2020-06-10T10:06:33","slug":"el-ayuntamiento-pone-en-marcha-un-programa-formativo-contra-la-covid19-dirigido-al-sector-economico-del-municipio","status":"publish","type":"post","link":"https:\/\/mont-roig.cat\/es\/actualitat\/noticies\/el-ayuntamiento-pone-en-marcha-un-programa-formativo-contra-la-covid19-dirigido-al-sector-economico-del-municipio\/","title":{"rendered":"El Ayuntamiento pone en marcha un programa formativo contra la Covid19 dirigido al sector econ\u00f3mico del municipio"},"content":{"rendered":"<ul>\n<li><strong>Se trata de 3 webinars espec\u00edficos para los establecimientos de restauraci\u00f3n, tur\u00edsticos y comerciales sobre medidas de seguridad, prevenci\u00f3n y otra informaci\u00f3n de inter\u00e9s para estos sectores<\/strong><\/li>\n<li><strong>Las charlas tendr\u00e1n lugar del mi\u00e9rcoles 17 al viernes 19 de junio<\/strong><\/li>\n<\/ul>\n<p><a href=\"https:\/\/mont-roig.cat\/wp-content\/uploads\/Cartell_webinars-empresaris_juny_page-0001.jpg\"><img loading=\"lazy\" decoding=\"async\" class=\"alignright wp-image-48697\" src=\"https:\/\/mont-roig.cat\/wp-content\/uploads\/Cartell_webinars-empresaris_juny_page-0001-353x500.jpg\" alt=\"\" width=\"300\" height=\"425\" srcset=\"https:\/\/mont-roig.cat\/wp-content\/uploads\/Cartell_webinars-empresaris_juny_page-0001-353x500.jpg 353w, https:\/\/mont-roig.cat\/wp-content\/uploads\/Cartell_webinars-empresaris_juny_page-0001-724x1024.jpg 724w, https:\/\/mont-roig.cat\/wp-content\/uploads\/Cartell_webinars-empresaris_juny_page-0001-768x1087.jpg 768w, https:\/\/mont-roig.cat\/wp-content\/uploads\/Cartell_webinars-empresaris_juny_page-0001-1085x1536.jpg 1085w, https:\/\/mont-roig.cat\/wp-content\/uploads\/Cartell_webinars-empresaris_juny_page-0001.jpg 1240w\" sizes=\"auto, (max-width: 300px) 100vw, 300px\" \/><\/a>El Ayuntamiento de Mont-roig del Camp ofrecer\u00e1, a partir del mi\u00e9rcoles 17 de junio, tres charlas online para el sector de la restauraci\u00f3n, el tur\u00edstico y el comercial. La formaci\u00f3n repasar\u00e1, de forma espec\u00edfica y seg\u00fan cada caso, las principales medidas de prevenci\u00f3n contra la Covid19 que estos establecimientos deben tener en cuenta en el desarrollo de su actividad.<\/p>\n<p>As\u00ed pues, los webinars dar\u00e1n a las empresas y aut\u00f3nomos de estos tres \u00e1mbitos informaci\u00f3n importante en materia de seguridad e higiene, obligaciones y derechos laborales, normativas y ayudas econ\u00f3micas a las que se pueden acoger, entre otros.<\/p>\n<p>La primera charla tendr\u00e1 lugar el mi\u00e9rcoles d\u00eda 17 de junio, de 10.15 a 12.15 h, y estar\u00e1 dirigida a las empresas del sector de la restauraci\u00f3n del municipio (bares y restaurantes). La segunda charla tendr\u00e1 lugar el jueves d\u00eda 18 de junio, de 15 a 17 h, y se dirigir\u00e1 a los propietarios\/as de los hoteles, campings e inmobiliarias. Por \u00faltimo, el d\u00eda 19 de junio, de 15 a 17 h, se impartir\u00e1 la charla enfocada a los establecimientos comerciales.<\/p>\n<p><strong>Inscripciones abiertas<\/strong><\/p>\n<p>Los webinars se realizar\u00e1n a trav\u00e9s de la plataforma Zoom, una plataforma de videoconferencia online que permite escribir mensajes al mismo tiempo y compartir cualquier archivo con el resto de usuarios\/as.<\/p>\n<p>Las personas interesadas en participar en las charlas deben inscribirse enviando un correo electr\u00f3nico con el nombre, apellidos, DNI, tel\u00e9fono y e-mail a promocio@mont-roig.cat o bien llamando al tel\u00e9fono 977 17 25 27. Una vez realizada la inscripci\u00f3n se recibir\u00e1 un correo electr\u00f3nico con el enlace para poder acceder al webinar.<\/p>\n<p>El Ayuntamiento entregar\u00e1 el correspondiente certificado de asistencia a todos aquellos participantes que se hayan formado a trav\u00e9s de estos webinars, en materia de seguridad y prevenci\u00f3n contra la Covid-19.<\/p>\n","protected":false},"excerpt":{"rendered":"<p>Se trata de 3 webinars espec\u00edficos para los establecimientos de restauraci\u00f3n, tur\u00edsticos y comerciales sobre medidas de seguridad, prevenci\u00f3n y otra informaci\u00f3n de inter\u00e9s para estos sectores Las charlas tendr\u00e1n lugar del mi\u00e9rcoles 17 al viernes 19 de junio El Ayuntamiento de Mont-roig del Camp ofrecer\u00e1, a partir del mi\u00e9rcoles 17 de junio, tres charlas [&hellip;]<\/p>\n","protected":false},"author":4,"featured_media":48697,"comment_status":"closed","ping_status":"closed","sticky":false,"template":"","format":"standard","meta":{"inline_featured_image":false,"_monsterinsights_skip_tracking":false,"_monsterinsights_sitenote_active":false,"_monsterinsights_sitenote_note":"","_monsterinsights_sitenote_category":0,"footnotes":""},"categories":[98,178,187,110],"tags":[],"class_list":["post-48702","post","type-post","status-publish","format-standard","has-post-thumbnail","hentry","category-ayuntamiento","category-coronavirus","category-coronavirus-economicas","category-promocion-economica"],"yoast_head":"<!-- This site is optimized with the Yoast SEO plugin v27.4 - https:\/\/yoast.com\/product\/yoast-seo-wordpress\/ -->\n<title>El Ayuntamiento pone en marcha un programa formativo contra la Covid19 dirigido al sector econ\u00f3mico del municipio - Ajuntament de Mont-roig del Camp<\/title>\n<meta name=\"robots\" content=\"index, follow, max-snippet:-1, max-image-preview:large, max-video-preview:-1\" \/>\n<link rel=\"canonical\" href=\"https:\/\/mont-roig.cat\/es\/actualitat\/noticies\/el-ayuntamiento-pone-en-marcha-un-programa-formativo-contra-la-covid19-dirigido-al-sector-economico-del-municipio\/\" \/>\n<meta property=\"og:locale\" content=\"es_ES\" \/>\n<meta property=\"og:type\" content=\"article\" \/>\n<meta property=\"og:title\" content=\"El Ayuntamiento pone en marcha un programa formativo contra la Covid19 dirigido al sector econ\u00f3mico del municipio - Ajuntament de Mont-roig del Camp\" \/>\n<meta property=\"og:description\" content=\"Se trata de 3 webinars espec\u00edficos para los establecimientos de restauraci\u00f3n, tur\u00edsticos y comerciales sobre medidas de seguridad, prevenci\u00f3n y otra informaci\u00f3n de inter\u00e9s para estos sectores Las charlas tendr\u00e1n lugar del mi\u00e9rcoles 17 al viernes 19 de junio El Ayuntamiento de Mont-roig del Camp ofrecer\u00e1, a partir del mi\u00e9rcoles 17 de junio, tres charlas [&hellip;]\" \/>\n<meta property=\"og:url\" content=\"https:\/\/mont-roig.cat\/es\/actualitat\/noticies\/el-ayuntamiento-pone-en-marcha-un-programa-formativo-contra-la-covid19-dirigido-al-sector-economico-del-municipio\/\" \/>\n<meta property=\"og:site_name\" content=\"Ajuntament de Mont-roig del Camp\" \/>\n<meta property=\"article:published_time\" content=\"2020-06-10T10:04:09+00:00\" \/>\n<meta property=\"article:modified_time\" content=\"2020-06-10T10:06:33+00:00\" \/>\n<meta property=\"og:image\" content=\"https:\/\/mont-roig.cat\/wp-content\/uploads\/Cartell_webinars-empresaris_juny_page-0001.jpg\" \/>\n\t<meta property=\"og:image:width\" content=\"1240\" \/>\n\t<meta property=\"og:image:height\" content=\"1755\" \/>\n\t<meta property=\"og:image:type\" content=\"image\/jpeg\" \/>\n<meta name=\"author\" content=\"administrador\" \/>\n<meta name=\"twitter:card\" content=\"summary_large_image\" \/>\n<meta name=\"twitter:label1\" content=\"Escrito por\" \/>\n\t<meta name=\"twitter:data1\" content=\"administrador\" \/>\n\t<meta name=\"twitter:label2\" content=\"Tiempo de lectura\" \/>\n\t<meta name=\"twitter:data2\" content=\"2 minutos\" \/>\n<script type=\"application\/ld+json\" class=\"yoast-schema-graph\">{\"@context\":\"https:\\\/\\\/schema.org\",\"@graph\":[{\"@type\":\"Article\",\"@id\":\"https:\\\/\\\/mont-roig.cat\\\/es\\\/actualitat\\\/noticies\\\/el-ayuntamiento-pone-en-marcha-un-programa-formativo-contra-la-covid19-dirigido-al-sector-economico-del-municipio\\\/#article\",\"isPartOf\":{\"@id\":\"https:\\\/\\\/mont-roig.cat\\\/es\\\/actualitat\\\/noticies\\\/el-ayuntamiento-pone-en-marcha-un-programa-formativo-contra-la-covid19-dirigido-al-sector-economico-del-municipio\\\/\"},\"author\":{\"name\":\"administrador\",\"@id\":\"https:\\\/\\\/mont-roig.cat\\\/es\\\/#\\\/schema\\\/person\\\/f2b111789f22b7d0c3bd6786c9128cba\"},\"headline\":\"El Ayuntamiento pone en marcha un programa formativo contra la Covid19 dirigido al sector econ\u00f3mico del municipio\",\"datePublished\":\"2020-06-10T10:04:09+00:00\",\"dateModified\":\"2020-06-10T10:06:33+00:00\",\"mainEntityOfPage\":{\"@id\":\"https:\\\/\\\/mont-roig.cat\\\/es\\\/actualitat\\\/noticies\\\/el-ayuntamiento-pone-en-marcha-un-programa-formativo-contra-la-covid19-dirigido-al-sector-economico-del-municipio\\\/\"},\"wordCount\":369,\"image\":{\"@id\":\"https:\\\/\\\/mont-roig.cat\\\/es\\\/actualitat\\\/noticies\\\/el-ayuntamiento-pone-en-marcha-un-programa-formativo-contra-la-covid19-dirigido-al-sector-economico-del-municipio\\\/#primaryimage\"},\"thumbnailUrl\":\"https:\\\/\\\/mont-roig.cat\\\/wp-content\\\/uploads\\\/Cartell_webinars-empresaris_juny_page-0001.jpg\",\"articleSection\":[\"Ayuntamiento\",\"Coronavirus\",\"Coronavirus - medidas econ\u00f3micas\",\"Promoci\u00f3n econ\u00f3mica\"],\"inLanguage\":\"es\"},{\"@type\":\"WebPage\",\"@id\":\"https:\\\/\\\/mont-roig.cat\\\/es\\\/actualitat\\\/noticies\\\/el-ayuntamiento-pone-en-marcha-un-programa-formativo-contra-la-covid19-dirigido-al-sector-economico-del-municipio\\\/\",\"url\":\"https:\\\/\\\/mont-roig.cat\\\/es\\\/actualitat\\\/noticies\\\/el-ayuntamiento-pone-en-marcha-un-programa-formativo-contra-la-covid19-dirigido-al-sector-economico-del-municipio\\\/\",\"name\":\"El Ayuntamiento pone en marcha un programa formativo contra la Covid19 dirigido al sector econ\u00f3mico del municipio - Ajuntament de Mont-roig del Camp\",\"isPartOf\":{\"@id\":\"https:\\\/\\\/mont-roig.cat\\\/es\\\/#website\"},\"primaryImageOfPage\":{\"@id\":\"https:\\\/\\\/mont-roig.cat\\\/es\\\/actualitat\\\/noticies\\\/el-ayuntamiento-pone-en-marcha-un-programa-formativo-contra-la-covid19-dirigido-al-sector-economico-del-municipio\\\/#primaryimage\"},\"image\":{\"@id\":\"https:\\\/\\\/mont-roig.cat\\\/es\\\/actualitat\\\/noticies\\\/el-ayuntamiento-pone-en-marcha-un-programa-formativo-contra-la-covid19-dirigido-al-sector-economico-del-municipio\\\/#primaryimage\"},\"thumbnailUrl\":\"https:\\\/\\\/mont-roig.cat\\\/wp-content\\\/uploads\\\/Cartell_webinars-empresaris_juny_page-0001.jpg\",\"datePublished\":\"2020-06-10T10:04:09+00:00\",\"dateModified\":\"2020-06-10T10:06:33+00:00\",\"author\":{\"@id\":\"https:\\\/\\\/mont-roig.cat\\\/es\\\/#\\\/schema\\\/person\\\/f2b111789f22b7d0c3bd6786c9128cba\"},\"breadcrumb\":{\"@id\":\"https:\\\/\\\/mont-roig.cat\\\/es\\\/actualitat\\\/noticies\\\/el-ayuntamiento-pone-en-marcha-un-programa-formativo-contra-la-covid19-dirigido-al-sector-economico-del-municipio\\\/#breadcrumb\"},\"inLanguage\":\"es\",\"potentialAction\":[{\"@type\":\"ReadAction\",\"target\":[\"https:\\\/\\\/mont-roig.cat\\\/es\\\/actualitat\\\/noticies\\\/el-ayuntamiento-pone-en-marcha-un-programa-formativo-contra-la-covid19-dirigido-al-sector-economico-del-municipio\\\/\"]}]},{\"@type\":\"ImageObject\",\"inLanguage\":\"es\",\"@id\":\"https:\\\/\\\/mont-roig.cat\\\/es\\\/actualitat\\\/noticies\\\/el-ayuntamiento-pone-en-marcha-un-programa-formativo-contra-la-covid19-dirigido-al-sector-economico-del-municipio\\\/#primaryimage\",\"url\":\"https:\\\/\\\/mont-roig.cat\\\/wp-content\\\/uploads\\\/Cartell_webinars-empresaris_juny_page-0001.jpg\",\"contentUrl\":\"https:\\\/\\\/mont-roig.cat\\\/wp-content\\\/uploads\\\/Cartell_webinars-empresaris_juny_page-0001.jpg\",\"width\":1240,\"height\":1755},{\"@type\":\"BreadcrumbList\",\"@id\":\"https:\\\/\\\/mont-roig.cat\\\/es\\\/actualitat\\\/noticies\\\/el-ayuntamiento-pone-en-marcha-un-programa-formativo-contra-la-covid19-dirigido-al-sector-economico-del-municipio\\\/#breadcrumb\",\"itemListElement\":[{\"@type\":\"ListItem\",\"position\":1,\"name\":\"Inici\",\"item\":\"https:\\\/\\\/mont-roig.cat\\\/es\\\/pagina-de-inicio\\\/\"},{\"@type\":\"ListItem\",\"position\":2,\"name\":\"El Ayuntamiento pone en marcha un programa formativo contra la Covid19 dirigido al sector econ\u00f3mico del municipio\"}]},{\"@type\":\"WebSite\",\"@id\":\"https:\\\/\\\/mont-roig.cat\\\/es\\\/#website\",\"url\":\"https:\\\/\\\/mont-roig.cat\\\/es\\\/\",\"name\":\"Ajuntament de Mont-roig del Camp\",\"description\":\"Tota la informaci\u00f3 sobre la instituci\u00f3, els seus \u00f2rgans de govern, actualitat, serveis i molt m\u00e9s.\",\"potentialAction\":[{\"@type\":\"SearchAction\",\"target\":{\"@type\":\"EntryPoint\",\"urlTemplate\":\"https:\\\/\\\/mont-roig.cat\\\/es\\\/?s={search_term_string}\"},\"query-input\":{\"@type\":\"PropertyValueSpecification\",\"valueRequired\":true,\"valueName\":\"search_term_string\"}}],\"inLanguage\":\"es\"},{\"@type\":\"Person\",\"@id\":\"https:\\\/\\\/mont-roig.cat\\\/es\\\/#\\\/schema\\\/person\\\/f2b111789f22b7d0c3bd6786c9128cba\",\"name\":\"administrador\",\"image\":{\"@type\":\"ImageObject\",\"inLanguage\":\"es\",\"@id\":\"https:\\\/\\\/secure.gravatar.com\\\/avatar\\\/9137aac6891e2595c9d3036fd83bcb653b4db3c946db4c7d9b9be193c3c944bb?s=96&d=mm&r=g\",\"url\":\"https:\\\/\\\/secure.gravatar.com\\\/avatar\\\/9137aac6891e2595c9d3036fd83bcb653b4db3c946db4c7d9b9be193c3c944bb?s=96&d=mm&r=g\",\"contentUrl\":\"https:\\\/\\\/secure.gravatar.com\\\/avatar\\\/9137aac6891e2595c9d3036fd83bcb653b4db3c946db4c7d9b9be193c3c944bb?s=96&d=mm&r=g\",\"caption\":\"administrador\"},\"url\":\"https:\\\/\\\/mont-roig.cat\\\/es\\\/actualitat\\\/noticies\\\/author\\\/administrador\\\/\"}]}<\/script>\n<!-- \/ Yoast SEO plugin. -->","yoast_head_json":{"title":"El Ayuntamiento pone en marcha un programa formativo contra la Covid19 dirigido al sector econ\u00f3mico del municipio - Ajuntament de Mont-roig del Camp","robots":{"index":"index","follow":"follow","max-snippet":"max-snippet:-1","max-image-preview":"max-image-preview:large","max-video-preview":"max-video-preview:-1"},"canonical":"https:\/\/mont-roig.cat\/es\/actualitat\/noticies\/el-ayuntamiento-pone-en-marcha-un-programa-formativo-contra-la-covid19-dirigido-al-sector-economico-del-municipio\/","og_locale":"es_ES","og_type":"article","og_title":"El Ayuntamiento pone en marcha un programa formativo contra la Covid19 dirigido al sector econ\u00f3mico del municipio - Ajuntament de Mont-roig del Camp","og_description":"Se trata de 3 webinars espec\u00edficos para los establecimientos de restauraci\u00f3n, tur\u00edsticos y comerciales sobre medidas de seguridad, prevenci\u00f3n y otra informaci\u00f3n de inter\u00e9s para estos sectores Las charlas tendr\u00e1n lugar del mi\u00e9rcoles 17 al viernes 19 de junio El Ayuntamiento de Mont-roig del Camp ofrecer\u00e1, a partir del mi\u00e9rcoles 17 de junio, tres charlas [&hellip;]","og_url":"https:\/\/mont-roig.cat\/es\/actualitat\/noticies\/el-ayuntamiento-pone-en-marcha-un-programa-formativo-contra-la-covid19-dirigido-al-sector-economico-del-municipio\/","og_site_name":"Ajuntament de Mont-roig del Camp","article_published_time":"2020-06-10T10:04:09+00:00","article_modified_time":"2020-06-10T10:06:33+00:00","og_image":[{"width":1240,"height":1755,"url":"https:\/\/mont-roig.cat\/wp-content\/uploads\/Cartell_webinars-empresaris_juny_page-0001.jpg","type":"image\/jpeg"}],"author":"administrador","twitter_card":"summary_large_image","twitter_misc":{"Escrito por":"administrador","Tiempo de lectura":"2 minutos"},"schema":{"@context":"https:\/\/schema.org","@graph":[{"@type":"Article","@id":"https:\/\/mont-roig.cat\/es\/actualitat\/noticies\/el-ayuntamiento-pone-en-marcha-un-programa-formativo-contra-la-covid19-dirigido-al-sector-economico-del-municipio\/#article","isPartOf":{"@id":"https:\/\/mont-roig.cat\/es\/actualitat\/noticies\/el-ayuntamiento-pone-en-marcha-un-programa-formativo-contra-la-covid19-dirigido-al-sector-economico-del-municipio\/"},"author":{"name":"administrador","@id":"https:\/\/mont-roig.cat\/es\/#\/schema\/person\/f2b111789f22b7d0c3bd6786c9128cba"},"headline":"El Ayuntamiento pone en marcha un programa formativo contra la Covid19 dirigido al sector econ\u00f3mico del municipio","datePublished":"2020-06-10T10:04:09+00:00","dateModified":"2020-06-10T10:06:33+00:00","mainEntityOfPage":{"@id":"https:\/\/mont-roig.cat\/es\/actualitat\/noticies\/el-ayuntamiento-pone-en-marcha-un-programa-formativo-contra-la-covid19-dirigido-al-sector-economico-del-municipio\/"},"wordCount":369,"image":{"@id":"https:\/\/mont-roig.cat\/es\/actualitat\/noticies\/el-ayuntamiento-pone-en-marcha-un-programa-formativo-contra-la-covid19-dirigido-al-sector-economico-del-municipio\/#primaryimage"},"thumbnailUrl":"https:\/\/mont-roig.cat\/wp-content\/uploads\/Cartell_webinars-empresaris_juny_page-0001.jpg","articleSection":["Ayuntamiento","Coronavirus","Coronavirus - medidas econ\u00f3micas","Promoci\u00f3n econ\u00f3mica"],"inLanguage":"es"},{"@type":"WebPage","@id":"https:\/\/mont-roig.cat\/es\/actualitat\/noticies\/el-ayuntamiento-pone-en-marcha-un-programa-formativo-contra-la-covid19-dirigido-al-sector-economico-del-municipio\/","url":"https:\/\/mont-roig.cat\/es\/actualitat\/noticies\/el-ayuntamiento-pone-en-marcha-un-programa-formativo-contra-la-covid19-dirigido-al-sector-economico-del-municipio\/","name":"El Ayuntamiento pone en marcha un programa formativo contra la Covid19 dirigido al sector econ\u00f3mico del municipio - Ajuntament de Mont-roig del Camp","isPartOf":{"@id":"https:\/\/mont-roig.cat\/es\/#website"},"primaryImageOfPage":{"@id":"https:\/\/mont-roig.cat\/es\/actualitat\/noticies\/el-ayuntamiento-pone-en-marcha-un-programa-formativo-contra-la-covid19-dirigido-al-sector-economico-del-municipio\/#primaryimage"},"image":{"@id":"https:\/\/mont-roig.cat\/es\/actualitat\/noticies\/el-ayuntamiento-pone-en-marcha-un-programa-formativo-contra-la-covid19-dirigido-al-sector-economico-del-municipio\/#primaryimage"},"thumbnailUrl":"https:\/\/mont-roig.cat\/wp-content\/uploads\/Cartell_webinars-empresaris_juny_page-0001.jpg","datePublished":"2020-06-10T10:04:09+00:00","dateModified":"2020-06-10T10:06:33+00:00","author":{"@id":"https:\/\/mont-roig.cat\/es\/#\/schema\/person\/f2b111789f22b7d0c3bd6786c9128cba"},"breadcrumb":{"@id":"https:\/\/mont-roig.cat\/es\/actualitat\/noticies\/el-ayuntamiento-pone-en-marcha-un-programa-formativo-contra-la-covid19-dirigido-al-sector-economico-del-municipio\/#breadcrumb"},"inLanguage":"es","potentialAction":[{"@type":"ReadAction","target":["https:\/\/mont-roig.cat\/es\/actualitat\/noticies\/el-ayuntamiento-pone-en-marcha-un-programa-formativo-contra-la-covid19-dirigido-al-sector-economico-del-municipio\/"]}]},{"@type":"ImageObject","inLanguage":"es","@id":"https:\/\/mont-roig.cat\/es\/actualitat\/noticies\/el-ayuntamiento-pone-en-marcha-un-programa-formativo-contra-la-covid19-dirigido-al-sector-economico-del-municipio\/#primaryimage","url":"https:\/\/mont-roig.cat\/wp-content\/uploads\/Cartell_webinars-empresaris_juny_page-0001.jpg","contentUrl":"https:\/\/mont-roig.cat\/wp-content\/uploads\/Cartell_webinars-empresaris_juny_page-0001.jpg","width":1240,"height":1755},{"@type":"BreadcrumbList","@id":"https:\/\/mont-roig.cat\/es\/actualitat\/noticies\/el-ayuntamiento-pone-en-marcha-un-programa-formativo-contra-la-covid19-dirigido-al-sector-economico-del-municipio\/#breadcrumb","itemListElement":[{"@type":"ListItem","position":1,"name":"Inici","item":"https:\/\/mont-roig.cat\/es\/pagina-de-inicio\/"},{"@type":"ListItem","position":2,"name":"El Ayuntamiento pone en marcha un programa formativo contra la Covid19 dirigido al sector econ\u00f3mico del municipio"}]},{"@type":"WebSite","@id":"https:\/\/mont-roig.cat\/es\/#website","url":"https:\/\/mont-roig.cat\/es\/","name":"Ajuntament de Mont-roig del Camp","description":"Tota la informaci\u00f3 sobre la instituci\u00f3, els seus \u00f2rgans de govern, actualitat, serveis i molt m\u00e9s.","potentialAction":[{"@type":"SearchAction","target":{"@type":"EntryPoint","urlTemplate":"https:\/\/mont-roig.cat\/es\/?s={search_term_string}"},"query-input":{"@type":"PropertyValueSpecification","valueRequired":true,"valueName":"search_term_string"}}],"inLanguage":"es"},{"@type":"Person","@id":"https:\/\/mont-roig.cat\/es\/#\/schema\/person\/f2b111789f22b7d0c3bd6786c9128cba","name":"administrador","image":{"@type":"ImageObject","inLanguage":"es","@id":"https:\/\/secure.gravatar.com\/avatar\/9137aac6891e2595c9d3036fd83bcb653b4db3c946db4c7d9b9be193c3c944bb?s=96&d=mm&r=g","url":"https:\/\/secure.gravatar.com\/avatar\/9137aac6891e2595c9d3036fd83bcb653b4db3c946db4c7d9b9be193c3c944bb?s=96&d=mm&r=g","contentUrl":"https:\/\/secure.gravatar.com\/avatar\/9137aac6891e2595c9d3036fd83bcb653b4db3c946db4c7d9b9be193c3c944bb?s=96&d=mm&r=g","caption":"administrador"},"url":"https:\/\/mont-roig.cat\/es\/actualitat\/noticies\/author\/administrador\/"}]}},"_links":{"self":[{"href":"https:\/\/mont-roig.cat\/es\/wp-json\/wp\/v2\/posts\/48702","targetHints":{"allow":["GET"]}}],"collection":[{"href":"https:\/\/mont-roig.cat\/es\/wp-json\/wp\/v2\/posts"}],"about":[{"href":"https:\/\/mont-roig.cat\/es\/wp-json\/wp\/v2\/types\/post"}],"author":[{"embeddable":true,"href":"https:\/\/mont-roig.cat\/es\/wp-json\/wp\/v2\/users\/4"}],"replies":[{"embeddable":true,"href":"https:\/\/mont-roig.cat\/es\/wp-json\/wp\/v2\/comments?post=48702"}],"version-history":[{"count":2,"href":"https:\/\/mont-roig.cat\/es\/wp-json\/wp\/v2\/posts\/48702\/revisions"}],"predecessor-version":[{"id":48704,"href":"https:\/\/mont-roig.cat\/es\/wp-json\/wp\/v2\/posts\/48702\/revisions\/48704"}],"wp:featuredmedia":[{"embeddable":true,"href":"https:\/\/mont-roig.cat\/es\/wp-json\/wp\/v2\/media\/48697"}],"wp:attachment":[{"href":"https:\/\/mont-roig.cat\/es\/wp-json\/wp\/v2\/media?parent=48702"}],"wp:term":[{"taxonomy":"category","embeddable":true,"href":"https:\/\/mont-roig.cat\/es\/wp-json\/wp\/v2\/categories?post=48702"},{"taxonomy":"post_tag","embeddable":true,"href":"https:\/\/mont-roig.cat\/es\/wp-json\/wp\/v2\/tags?post=48702"}],"curies":[{"name":"wp","href":"https:\/\/api.w.org\/{rel}","templated":true}]}}