{"id":49928,"date":"2020-06-19T11:07:29","date_gmt":"2020-06-19T09:07:29","guid":{"rendered":"https:\/\/mont-roig.cat\/actualitat\/noticies\/les-deixalleries-municipals-amplien-el-seu-horari-a-partir-de-la-setmana-vinent\/"},"modified":"2020-06-19T11:21:29","modified_gmt":"2020-06-19T09:21:29","slug":"los-puntos-limpios-municipales-amplian-su-horario-a-partir-de-la-proxima-semana","status":"publish","type":"post","link":"https:\/\/mont-roig.cat\/es\/actualitat\/noticies\/los-puntos-limpios-municipales-amplian-su-horario-a-partir-de-la-proxima-semana\/","title":{"rendered":"Los puntos limpios municipales ampl\u00edan su horario a partir de la pr\u00f3xima semana"},"content":{"rendered":"<p><strong><a href=\"https:\/\/mont-roig.cat\/wp-content\/uploads\/Deixalleria-municipal-Mont-roig-del-Camp-scaled.jpg\"><img loading=\"lazy\" decoding=\"async\" class=\"alignright wp-image-49921\" src=\"https:\/\/mont-roig.cat\/wp-content\/uploads\/Deixalleria-municipal-Mont-roig-del-Camp-500x291.jpg\" alt=\"\" width=\"292\" height=\"170\" srcset=\"https:\/\/mont-roig.cat\/wp-content\/uploads\/Deixalleria-municipal-Mont-roig-del-Camp-500x291.jpg 500w, https:\/\/mont-roig.cat\/wp-content\/uploads\/Deixalleria-municipal-Mont-roig-del-Camp-1024x595.jpg 1024w, https:\/\/mont-roig.cat\/wp-content\/uploads\/Deixalleria-municipal-Mont-roig-del-Camp-768x446.jpg 768w, https:\/\/mont-roig.cat\/wp-content\/uploads\/Deixalleria-municipal-Mont-roig-del-Camp-1536x892.jpg 1536w, https:\/\/mont-roig.cat\/wp-content\/uploads\/Deixalleria-municipal-Mont-roig-del-Camp-scaled.jpg 2048w\" sizes=\"auto, (max-width: 292px) 100vw, 292px\" \/><\/a><a href=\"https:\/\/mont-roig.cat\/wp-content\/uploads\/Deixalleria-municipal-Miami-Platja-scaled.jpg\"><img loading=\"lazy\" decoding=\"async\" class=\"alignright wp-image-49919\" src=\"https:\/\/mont-roig.cat\/wp-content\/uploads\/Deixalleria-municipal-Miami-Platja-500x375.jpg\" alt=\"\" width=\"223\" height=\"167\" srcset=\"https:\/\/mont-roig.cat\/wp-content\/uploads\/Deixalleria-municipal-Miami-Platja-500x375.jpg 500w, https:\/\/mont-roig.cat\/wp-content\/uploads\/Deixalleria-municipal-Miami-Platja-1024x768.jpg 1024w, https:\/\/mont-roig.cat\/wp-content\/uploads\/Deixalleria-municipal-Miami-Platja-768x576.jpg 768w, https:\/\/mont-roig.cat\/wp-content\/uploads\/Deixalleria-municipal-Miami-Platja-1536x1152.jpg 1536w, https:\/\/mont-roig.cat\/wp-content\/uploads\/Deixalleria-municipal-Miami-Platja-scaled.jpg 2048w, https:\/\/mont-roig.cat\/wp-content\/uploads\/Deixalleria-municipal-Miami-Platja-463x348.jpg 463w\" sizes=\"auto, (max-width: 223px) 100vw, 223px\" \/><\/a><\/strong><\/p>\n<ul>\n<li><strong>Desde el lunes d\u00eda 22 de junio y hasta el domingo 6 de septiembre, l0s dos puntos limpios permanecer\u00e1n abiertos de forma simult\u00e1nea.<\/strong><\/li>\n<li><strong>El nuevo horario de verano ser\u00e1 de lunes a viernes, de 9 a 12.45 h y de 16 a 19 h; y s\u00e1bados de 9 a 12.45 h<\/strong><\/li>\n<\/ul>\n<p>El Ayuntamiento de Mont-roig del Camp ampl\u00eda el horario de los centros de recogida municipales a partir del lunes 22 de junio y abrir\u00e1 los dos equipamientos de forma simult\u00e1nea. El objetivo es potenciar el uso de este servicio y facilitar una recogida de calidad, en el marco del plan de mejora de la gesti\u00f3n de los residuos en marcha por la concejal\u00eda de Residuos, Transici\u00f3n energ\u00e9tica y Ecol\u00f3gica que contemplar\u00e1 diversas acciones, los pr\u00f3ximos meses .<\/p>\n<p>Es por ello, pues, que los centros de recogida de Mont-roig y Miami Platja permanecer\u00e1n abiertas, en el horario de verano, de lunes a viernes de 9 a 12.45 h y de 16 a 19 h. Los s\u00e1bados abrir\u00e1n de 9 a 12.45 h. Este horario estar\u00e1 vigente hasta el domingo 6 de septiembre y de momento seguir\u00e1n aplic\u00e1ndose diversas medidas de prevenci\u00f3n y seguridad para evitar la propagaci\u00f3n de la Covid-19, de acuerdo con las instrucciones provenientes de las autoridades sanitarias.<\/p>\n<p>As\u00ed, tanto los trabajadores como los usuarios de los centros de recogida deber\u00e1n seguir unas pautas a la hora de utilizar y acceder a las instalaciones, a fin de evitar la afecci\u00f3n y propagaci\u00f3n del virus, as\u00ed como para proteger al personal y los usuarios de las instalaciones. En este sentido s\u00f3lo se permitir\u00e1 un usuario en el interior de cada recinto y se seguir\u00e1n aplic\u00e1ndose una serie de medidas de protecci\u00f3n como el uso de mascarillas y guantes, el lavado de manos frecuente con gel hidroalcoh\u00f3lico y \/ o jab\u00f3n y la desinfecci\u00f3n diaria de todas las dependencias, superficies y elementos en contacto con las manos, as\u00ed como la obligaci\u00f3n de mantener la distancia de seguridad de 2 metros con otras personas.<\/p>\n<p>&nbsp;<\/p>\n<p><strong>\u00a0<\/strong><\/p>\n<p><strong>\u00a0<\/strong><\/p>\n","protected":false},"excerpt":{"rendered":"<p>Desde el lunes d\u00eda 22 de junio y hasta el domingo 6 de septiembre, l0s dos puntos limpios permanecer\u00e1n abiertos de forma simult\u00e1nea. El nuevo horario de verano ser\u00e1 de lunes a viernes, de 9 a 12.45 h y de 16 a 19 h; y s\u00e1bados de 9 a 12.45 h El Ayuntamiento de Mont-roig [&hellip;]<\/p>\n","protected":false},"author":4,"featured_media":49918,"comment_status":"closed","ping_status":"closed","sticky":false,"template":"","format":"standard","meta":{"inline_featured_image":false,"_monsterinsights_skip_tracking":false,"_monsterinsights_sitenote_active":false,"_monsterinsights_sitenote_note":"","_monsterinsights_sitenote_category":0,"footnotes":""},"categories":[98,178,186,143],"tags":[],"class_list":["post-49928","post","type-post","status-publish","format-standard","has-post-thumbnail","hentry","category-ayuntamiento","category-coronavirus","category-coronavirus-otras","category-residuos-es"],"yoast_head":"<!-- This site is optimized with the Yoast SEO plugin v27.4 - https:\/\/yoast.com\/product\/yoast-seo-wordpress\/ -->\n<title>Los puntos limpios municipales ampl\u00edan su horario a partir de la pr\u00f3xima semana - Ajuntament de Mont-roig del Camp<\/title>\n<meta name=\"robots\" content=\"index, follow, max-snippet:-1, max-image-preview:large, max-video-preview:-1\" \/>\n<link rel=\"canonical\" href=\"https:\/\/mont-roig.cat\/es\/actualitat\/noticies\/los-puntos-limpios-municipales-amplian-su-horario-a-partir-de-la-proxima-semana\/\" \/>\n<meta property=\"og:locale\" content=\"es_ES\" \/>\n<meta property=\"og:type\" content=\"article\" \/>\n<meta property=\"og:title\" content=\"Los puntos limpios municipales ampl\u00edan su horario a partir de la pr\u00f3xima semana - Ajuntament de Mont-roig del Camp\" \/>\n<meta property=\"og:description\" content=\"Desde el lunes d\u00eda 22 de junio y hasta el domingo 6 de septiembre, l0s dos puntos limpios permanecer\u00e1n abiertos de forma simult\u00e1nea. El nuevo horario de verano ser\u00e1 de lunes a viernes, de 9 a 12.45 h y de 16 a 19 h; y s\u00e1bados de 9 a 12.45 h El Ayuntamiento de Mont-roig [&hellip;]\" \/>\n<meta property=\"og:url\" content=\"https:\/\/mont-roig.cat\/es\/actualitat\/noticies\/los-puntos-limpios-municipales-amplian-su-horario-a-partir-de-la-proxima-semana\/\" \/>\n<meta property=\"og:site_name\" content=\"Ajuntament de Mont-roig del Camp\" \/>\n<meta property=\"article:published_time\" content=\"2020-06-19T09:07:29+00:00\" \/>\n<meta property=\"article:modified_time\" content=\"2020-06-19T09:21:29+00:00\" \/>\n<meta property=\"og:image\" content=\"https:\/\/mont-roig.cat\/wp-content\/uploads\/0.jpg\" \/>\n\t<meta property=\"og:image:width\" content=\"1076\" \/>\n\t<meta property=\"og:image:height\" content=\"625\" \/>\n\t<meta property=\"og:image:type\" content=\"image\/jpeg\" \/>\n<meta name=\"author\" content=\"administrador\" \/>\n<meta name=\"twitter:card\" content=\"summary_large_image\" \/>\n<meta name=\"twitter:label1\" content=\"Escrito por\" \/>\n\t<meta name=\"twitter:data1\" content=\"administrador\" \/>\n\t<meta name=\"twitter:label2\" content=\"Tiempo de lectura\" \/>\n\t<meta name=\"twitter:data2\" content=\"2 minutos\" \/>\n<script type=\"application\/ld+json\" class=\"yoast-schema-graph\">{\"@context\":\"https:\\\/\\\/schema.org\",\"@graph\":[{\"@type\":\"Article\",\"@id\":\"https:\\\/\\\/mont-roig.cat\\\/es\\\/actualitat\\\/noticies\\\/los-puntos-limpios-municipales-amplian-su-horario-a-partir-de-la-proxima-semana\\\/#article\",\"isPartOf\":{\"@id\":\"https:\\\/\\\/mont-roig.cat\\\/es\\\/actualitat\\\/noticies\\\/los-puntos-limpios-municipales-amplian-su-horario-a-partir-de-la-proxima-semana\\\/\"},\"author\":{\"name\":\"administrador\",\"@id\":\"https:\\\/\\\/mont-roig.cat\\\/es\\\/#\\\/schema\\\/person\\\/f2b111789f22b7d0c3bd6786c9128cba\"},\"headline\":\"Los puntos limpios municipales ampl\u00edan su horario a partir de la pr\u00f3xima semana\",\"datePublished\":\"2020-06-19T09:07:29+00:00\",\"dateModified\":\"2020-06-19T09:21:29+00:00\",\"mainEntityOfPage\":{\"@id\":\"https:\\\/\\\/mont-roig.cat\\\/es\\\/actualitat\\\/noticies\\\/los-puntos-limpios-municipales-amplian-su-horario-a-partir-de-la-proxima-semana\\\/\"},\"wordCount\":361,\"image\":{\"@id\":\"https:\\\/\\\/mont-roig.cat\\\/es\\\/actualitat\\\/noticies\\\/los-puntos-limpios-municipales-amplian-su-horario-a-partir-de-la-proxima-semana\\\/#primaryimage\"},\"thumbnailUrl\":\"https:\\\/\\\/mont-roig.cat\\\/wp-content\\\/uploads\\\/0.jpg\",\"articleSection\":[\"Ayuntamiento\",\"Coronavirus\",\"Coronavirus - otras medidas\",\"Residuos\"],\"inLanguage\":\"es\"},{\"@type\":\"WebPage\",\"@id\":\"https:\\\/\\\/mont-roig.cat\\\/es\\\/actualitat\\\/noticies\\\/los-puntos-limpios-municipales-amplian-su-horario-a-partir-de-la-proxima-semana\\\/\",\"url\":\"https:\\\/\\\/mont-roig.cat\\\/es\\\/actualitat\\\/noticies\\\/los-puntos-limpios-municipales-amplian-su-horario-a-partir-de-la-proxima-semana\\\/\",\"name\":\"Los puntos limpios municipales ampl\u00edan su horario a partir de la pr\u00f3xima semana - Ajuntament de Mont-roig del Camp\",\"isPartOf\":{\"@id\":\"https:\\\/\\\/mont-roig.cat\\\/es\\\/#website\"},\"primaryImageOfPage\":{\"@id\":\"https:\\\/\\\/mont-roig.cat\\\/es\\\/actualitat\\\/noticies\\\/los-puntos-limpios-municipales-amplian-su-horario-a-partir-de-la-proxima-semana\\\/#primaryimage\"},\"image\":{\"@id\":\"https:\\\/\\\/mont-roig.cat\\\/es\\\/actualitat\\\/noticies\\\/los-puntos-limpios-municipales-amplian-su-horario-a-partir-de-la-proxima-semana\\\/#primaryimage\"},\"thumbnailUrl\":\"https:\\\/\\\/mont-roig.cat\\\/wp-content\\\/uploads\\\/0.jpg\",\"datePublished\":\"2020-06-19T09:07:29+00:00\",\"dateModified\":\"2020-06-19T09:21:29+00:00\",\"author\":{\"@id\":\"https:\\\/\\\/mont-roig.cat\\\/es\\\/#\\\/schema\\\/person\\\/f2b111789f22b7d0c3bd6786c9128cba\"},\"breadcrumb\":{\"@id\":\"https:\\\/\\\/mont-roig.cat\\\/es\\\/actualitat\\\/noticies\\\/los-puntos-limpios-municipales-amplian-su-horario-a-partir-de-la-proxima-semana\\\/#breadcrumb\"},\"inLanguage\":\"es\",\"potentialAction\":[{\"@type\":\"ReadAction\",\"target\":[\"https:\\\/\\\/mont-roig.cat\\\/es\\\/actualitat\\\/noticies\\\/los-puntos-limpios-municipales-amplian-su-horario-a-partir-de-la-proxima-semana\\\/\"]}]},{\"@type\":\"ImageObject\",\"inLanguage\":\"es\",\"@id\":\"https:\\\/\\\/mont-roig.cat\\\/es\\\/actualitat\\\/noticies\\\/los-puntos-limpios-municipales-amplian-su-horario-a-partir-de-la-proxima-semana\\\/#primaryimage\",\"url\":\"https:\\\/\\\/mont-roig.cat\\\/wp-content\\\/uploads\\\/0.jpg\",\"contentUrl\":\"https:\\\/\\\/mont-roig.cat\\\/wp-content\\\/uploads\\\/0.jpg\",\"width\":1076,\"height\":625},{\"@type\":\"BreadcrumbList\",\"@id\":\"https:\\\/\\\/mont-roig.cat\\\/es\\\/actualitat\\\/noticies\\\/los-puntos-limpios-municipales-amplian-su-horario-a-partir-de-la-proxima-semana\\\/#breadcrumb\",\"itemListElement\":[{\"@type\":\"ListItem\",\"position\":1,\"name\":\"Inici\",\"item\":\"https:\\\/\\\/mont-roig.cat\\\/es\\\/pagina-de-inicio\\\/\"},{\"@type\":\"ListItem\",\"position\":2,\"name\":\"Los puntos limpios municipales ampl\u00edan su horario a partir de la pr\u00f3xima semana\"}]},{\"@type\":\"WebSite\",\"@id\":\"https:\\\/\\\/mont-roig.cat\\\/es\\\/#website\",\"url\":\"https:\\\/\\\/mont-roig.cat\\\/es\\\/\",\"name\":\"Ajuntament de Mont-roig del Camp\",\"description\":\"Tota la informaci\u00f3 sobre la instituci\u00f3, els seus \u00f2rgans de govern, actualitat, serveis i molt m\u00e9s.\",\"potentialAction\":[{\"@type\":\"SearchAction\",\"target\":{\"@type\":\"EntryPoint\",\"urlTemplate\":\"https:\\\/\\\/mont-roig.cat\\\/es\\\/?s={search_term_string}\"},\"query-input\":{\"@type\":\"PropertyValueSpecification\",\"valueRequired\":true,\"valueName\":\"search_term_string\"}}],\"inLanguage\":\"es\"},{\"@type\":\"Person\",\"@id\":\"https:\\\/\\\/mont-roig.cat\\\/es\\\/#\\\/schema\\\/person\\\/f2b111789f22b7d0c3bd6786c9128cba\",\"name\":\"administrador\",\"image\":{\"@type\":\"ImageObject\",\"inLanguage\":\"es\",\"@id\":\"https:\\\/\\\/secure.gravatar.com\\\/avatar\\\/9137aac6891e2595c9d3036fd83bcb653b4db3c946db4c7d9b9be193c3c944bb?s=96&d=mm&r=g\",\"url\":\"https:\\\/\\\/secure.gravatar.com\\\/avatar\\\/9137aac6891e2595c9d3036fd83bcb653b4db3c946db4c7d9b9be193c3c944bb?s=96&d=mm&r=g\",\"contentUrl\":\"https:\\\/\\\/secure.gravatar.com\\\/avatar\\\/9137aac6891e2595c9d3036fd83bcb653b4db3c946db4c7d9b9be193c3c944bb?s=96&d=mm&r=g\",\"caption\":\"administrador\"},\"url\":\"https:\\\/\\\/mont-roig.cat\\\/es\\\/actualitat\\\/noticies\\\/author\\\/administrador\\\/\"}]}<\/script>\n<!-- \/ Yoast SEO plugin. -->","yoast_head_json":{"title":"Los puntos limpios municipales ampl\u00edan su horario a partir de la pr\u00f3xima semana - Ajuntament de Mont-roig del Camp","robots":{"index":"index","follow":"follow","max-snippet":"max-snippet:-1","max-image-preview":"max-image-preview:large","max-video-preview":"max-video-preview:-1"},"canonical":"https:\/\/mont-roig.cat\/es\/actualitat\/noticies\/los-puntos-limpios-municipales-amplian-su-horario-a-partir-de-la-proxima-semana\/","og_locale":"es_ES","og_type":"article","og_title":"Los puntos limpios municipales ampl\u00edan su horario a partir de la pr\u00f3xima semana - Ajuntament de Mont-roig del Camp","og_description":"Desde el lunes d\u00eda 22 de junio y hasta el domingo 6 de septiembre, l0s dos puntos limpios permanecer\u00e1n abiertos de forma simult\u00e1nea. El nuevo horario de verano ser\u00e1 de lunes a viernes, de 9 a 12.45 h y de 16 a 19 h; y s\u00e1bados de 9 a 12.45 h El Ayuntamiento de Mont-roig [&hellip;]","og_url":"https:\/\/mont-roig.cat\/es\/actualitat\/noticies\/los-puntos-limpios-municipales-amplian-su-horario-a-partir-de-la-proxima-semana\/","og_site_name":"Ajuntament de Mont-roig del Camp","article_published_time":"2020-06-19T09:07:29+00:00","article_modified_time":"2020-06-19T09:21:29+00:00","og_image":[{"width":1076,"height":625,"url":"https:\/\/mont-roig.cat\/wp-content\/uploads\/0.jpg","type":"image\/jpeg"}],"author":"administrador","twitter_card":"summary_large_image","twitter_misc":{"Escrito por":"administrador","Tiempo de lectura":"2 minutos"},"schema":{"@context":"https:\/\/schema.org","@graph":[{"@type":"Article","@id":"https:\/\/mont-roig.cat\/es\/actualitat\/noticies\/los-puntos-limpios-municipales-amplian-su-horario-a-partir-de-la-proxima-semana\/#article","isPartOf":{"@id":"https:\/\/mont-roig.cat\/es\/actualitat\/noticies\/los-puntos-limpios-municipales-amplian-su-horario-a-partir-de-la-proxima-semana\/"},"author":{"name":"administrador","@id":"https:\/\/mont-roig.cat\/es\/#\/schema\/person\/f2b111789f22b7d0c3bd6786c9128cba"},"headline":"Los puntos limpios municipales ampl\u00edan su horario a partir de la pr\u00f3xima semana","datePublished":"2020-06-19T09:07:29+00:00","dateModified":"2020-06-19T09:21:29+00:00","mainEntityOfPage":{"@id":"https:\/\/mont-roig.cat\/es\/actualitat\/noticies\/los-puntos-limpios-municipales-amplian-su-horario-a-partir-de-la-proxima-semana\/"},"wordCount":361,"image":{"@id":"https:\/\/mont-roig.cat\/es\/actualitat\/noticies\/los-puntos-limpios-municipales-amplian-su-horario-a-partir-de-la-proxima-semana\/#primaryimage"},"thumbnailUrl":"https:\/\/mont-roig.cat\/wp-content\/uploads\/0.jpg","articleSection":["Ayuntamiento","Coronavirus","Coronavirus - otras medidas","Residuos"],"inLanguage":"es"},{"@type":"WebPage","@id":"https:\/\/mont-roig.cat\/es\/actualitat\/noticies\/los-puntos-limpios-municipales-amplian-su-horario-a-partir-de-la-proxima-semana\/","url":"https:\/\/mont-roig.cat\/es\/actualitat\/noticies\/los-puntos-limpios-municipales-amplian-su-horario-a-partir-de-la-proxima-semana\/","name":"Los puntos limpios municipales ampl\u00edan su horario a partir de la pr\u00f3xima semana - Ajuntament de Mont-roig del Camp","isPartOf":{"@id":"https:\/\/mont-roig.cat\/es\/#website"},"primaryImageOfPage":{"@id":"https:\/\/mont-roig.cat\/es\/actualitat\/noticies\/los-puntos-limpios-municipales-amplian-su-horario-a-partir-de-la-proxima-semana\/#primaryimage"},"image":{"@id":"https:\/\/mont-roig.cat\/es\/actualitat\/noticies\/los-puntos-limpios-municipales-amplian-su-horario-a-partir-de-la-proxima-semana\/#primaryimage"},"thumbnailUrl":"https:\/\/mont-roig.cat\/wp-content\/uploads\/0.jpg","datePublished":"2020-06-19T09:07:29+00:00","dateModified":"2020-06-19T09:21:29+00:00","author":{"@id":"https:\/\/mont-roig.cat\/es\/#\/schema\/person\/f2b111789f22b7d0c3bd6786c9128cba"},"breadcrumb":{"@id":"https:\/\/mont-roig.cat\/es\/actualitat\/noticies\/los-puntos-limpios-municipales-amplian-su-horario-a-partir-de-la-proxima-semana\/#breadcrumb"},"inLanguage":"es","potentialAction":[{"@type":"ReadAction","target":["https:\/\/mont-roig.cat\/es\/actualitat\/noticies\/los-puntos-limpios-municipales-amplian-su-horario-a-partir-de-la-proxima-semana\/"]}]},{"@type":"ImageObject","inLanguage":"es","@id":"https:\/\/mont-roig.cat\/es\/actualitat\/noticies\/los-puntos-limpios-municipales-amplian-su-horario-a-partir-de-la-proxima-semana\/#primaryimage","url":"https:\/\/mont-roig.cat\/wp-content\/uploads\/0.jpg","contentUrl":"https:\/\/mont-roig.cat\/wp-content\/uploads\/0.jpg","width":1076,"height":625},{"@type":"BreadcrumbList","@id":"https:\/\/mont-roig.cat\/es\/actualitat\/noticies\/los-puntos-limpios-municipales-amplian-su-horario-a-partir-de-la-proxima-semana\/#breadcrumb","itemListElement":[{"@type":"ListItem","position":1,"name":"Inici","item":"https:\/\/mont-roig.cat\/es\/pagina-de-inicio\/"},{"@type":"ListItem","position":2,"name":"Los puntos limpios municipales ampl\u00edan su horario a partir de la pr\u00f3xima semana"}]},{"@type":"WebSite","@id":"https:\/\/mont-roig.cat\/es\/#website","url":"https:\/\/mont-roig.cat\/es\/","name":"Ajuntament de Mont-roig del Camp","description":"Tota la informaci\u00f3 sobre la instituci\u00f3, els seus \u00f2rgans de govern, actualitat, serveis i molt m\u00e9s.","potentialAction":[{"@type":"SearchAction","target":{"@type":"EntryPoint","urlTemplate":"https:\/\/mont-roig.cat\/es\/?s={search_term_string}"},"query-input":{"@type":"PropertyValueSpecification","valueRequired":true,"valueName":"search_term_string"}}],"inLanguage":"es"},{"@type":"Person","@id":"https:\/\/mont-roig.cat\/es\/#\/schema\/person\/f2b111789f22b7d0c3bd6786c9128cba","name":"administrador","image":{"@type":"ImageObject","inLanguage":"es","@id":"https:\/\/secure.gravatar.com\/avatar\/9137aac6891e2595c9d3036fd83bcb653b4db3c946db4c7d9b9be193c3c944bb?s=96&d=mm&r=g","url":"https:\/\/secure.gravatar.com\/avatar\/9137aac6891e2595c9d3036fd83bcb653b4db3c946db4c7d9b9be193c3c944bb?s=96&d=mm&r=g","contentUrl":"https:\/\/secure.gravatar.com\/avatar\/9137aac6891e2595c9d3036fd83bcb653b4db3c946db4c7d9b9be193c3c944bb?s=96&d=mm&r=g","caption":"administrador"},"url":"https:\/\/mont-roig.cat\/es\/actualitat\/noticies\/author\/administrador\/"}]}},"_links":{"self":[{"href":"https:\/\/mont-roig.cat\/es\/wp-json\/wp\/v2\/posts\/49928","targetHints":{"allow":["GET"]}}],"collection":[{"href":"https:\/\/mont-roig.cat\/es\/wp-json\/wp\/v2\/posts"}],"about":[{"href":"https:\/\/mont-roig.cat\/es\/wp-json\/wp\/v2\/types\/post"}],"author":[{"embeddable":true,"href":"https:\/\/mont-roig.cat\/es\/wp-json\/wp\/v2\/users\/4"}],"replies":[{"embeddable":true,"href":"https:\/\/mont-roig.cat\/es\/wp-json\/wp\/v2\/comments?post=49928"}],"version-history":[{"count":2,"href":"https:\/\/mont-roig.cat\/es\/wp-json\/wp\/v2\/posts\/49928\/revisions"}],"predecessor-version":[{"id":49933,"href":"https:\/\/mont-roig.cat\/es\/wp-json\/wp\/v2\/posts\/49928\/revisions\/49933"}],"wp:featuredmedia":[{"embeddable":true,"href":"https:\/\/mont-roig.cat\/es\/wp-json\/wp\/v2\/media\/49918"}],"wp:attachment":[{"href":"https:\/\/mont-roig.cat\/es\/wp-json\/wp\/v2\/media?parent=49928"}],"wp:term":[{"taxonomy":"category","embeddable":true,"href":"https:\/\/mont-roig.cat\/es\/wp-json\/wp\/v2\/categories?post=49928"},{"taxonomy":"post_tag","embeddable":true,"href":"https:\/\/mont-roig.cat\/es\/wp-json\/wp\/v2\/tags?post=49928"}],"curies":[{"name":"wp","href":"https:\/\/api.w.org\/{rel}","templated":true}]}}