{"id":49948,"date":"2020-06-19T13:40:56","date_gmt":"2020-06-19T11:40:56","guid":{"rendered":"https:\/\/mont-roig.cat\/actualitat\/noticies\/mont-roig-acull-una-campanya-especial-de-donacio-de-sang-el-proxim-divendres-26-de-juny\/"},"modified":"2020-06-19T13:44:19","modified_gmt":"2020-06-19T11:44:19","slug":"montroig-acoge-una-campana-especial-de-donacion-de-sangre-el-proximo-viernes-26-de-junio","status":"publish","type":"post","link":"https:\/\/mont-roig.cat\/es\/actualitat\/noticies\/montroig-acoge-una-campana-especial-de-donacion-de-sangre-el-proximo-viernes-26-de-junio\/","title":{"rendered":"Mont-roig acoge una campa\u00f1a especial de donaci\u00f3n de sangre el pr\u00f3ximo viernes 26 de junio"},"content":{"rendered":"<p><strong><strong><a href=\"https:\/\/mont-roig.cat\/wp-content\/uploads\/CARTELL.jpg\"><img loading=\"lazy\" decoding=\"async\" class=\"alignright wp-image-49944\" src=\"https:\/\/mont-roig.cat\/wp-content\/uploads\/CARTELL-500x475.jpg\" alt=\"\" width=\"305\" height=\"290\" srcset=\"https:\/\/mont-roig.cat\/wp-content\/uploads\/CARTELL-500x475.jpg 500w, https:\/\/mont-roig.cat\/wp-content\/uploads\/CARTELL.jpg 709w\" sizes=\"auto, (max-width: 305px) 100vw, 305px\" \/><\/a><\/strong><\/strong><\/p>\n<ul>\n<li><strong>La donaci\u00f3n tendr\u00e1 lugar en el Casal de Joves k1 entre las 17 y las 21 h y previamente hay que pedir hora a www.donarsang.gencat.cat<\/strong><\/li>\n<\/ul>\n<p>Mont-roig ha sumado tambi\u00e9n al conjunto de municipios que han ofrecido sus espacios para garantizar las donaciones de sangre en Catalunya durante estos d\u00edas. El viernes 26 de junio, el Casal de Joves K1 contar\u00e1 con un espacio de donaci\u00f3n de las 17 a las 21 horas. En este sentido, es imprescindible que los donantes reserven hora desde la web donarsang.gencat.cat, que ya tiene activo el apartado de Mont-roig.<\/p>\n<p>Estos d\u00edas, el Bano de Sang est\u00e1 haciendo un llamamiento a la ciudadan\u00eda para mantener el ritmo de donaciones, que siguen siendo necesarias durante la epidemia para tratamientos de c\u00e1ncer, accidentes, partes con complicaciones, etc. Con la reducci\u00f3n de los contagios y enfermos en los hospitales se han reactivado las operaciones y tratamientos aplazados durante los \u00faltimos dos meses. Ahora, la necesidad de 1.000 donaciones de sangre diarias en toda Catalunya puede ser incluso superior debido a la alta actividad transfusional.<\/p>\n","protected":false},"excerpt":{"rendered":"<p>La donaci\u00f3n tendr\u00e1 lugar en el Casal de Joves k1 entre las 17 y las 21 h y previamente hay que pedir hora a www.donarsang.gencat.cat Mont-roig ha sumado tambi\u00e9n al conjunto de municipios que han ofrecido sus espacios para garantizar las donaciones de sangre en Catalunya durante estos d\u00edas. El viernes 26 de junio, el [&hellip;]<\/p>\n","protected":false},"author":4,"featured_media":49945,"comment_status":"closed","ping_status":"closed","sticky":false,"template":"","format":"standard","meta":{"inline_featured_image":false,"_monsterinsights_skip_tracking":false,"_monsterinsights_sitenote_active":false,"_monsterinsights_sitenote_note":"","_monsterinsights_sitenote_category":0,"footnotes":""},"categories":[98,178,186,112],"tags":[],"class_list":["post-49948","post","type-post","status-publish","format-standard","has-post-thumbnail","hentry","category-ayuntamiento","category-coronavirus","category-coronavirus-otras","category-sanidad-y-salud-publica"],"yoast_head":"<!-- This site is optimized with the Yoast SEO plugin v27.4 - https:\/\/yoast.com\/product\/yoast-seo-wordpress\/ -->\n<title>Mont-roig acoge una campa\u00f1a especial de donaci\u00f3n de sangre el pr\u00f3ximo viernes 26 de junio - Ajuntament de Mont-roig del Camp<\/title>\n<meta name=\"robots\" content=\"index, follow, max-snippet:-1, max-image-preview:large, max-video-preview:-1\" \/>\n<link rel=\"canonical\" href=\"https:\/\/mont-roig.cat\/es\/actualitat\/noticies\/montroig-acoge-una-campana-especial-de-donacion-de-sangre-el-proximo-viernes-26-de-junio\/\" \/>\n<meta property=\"og:locale\" content=\"es_ES\" \/>\n<meta property=\"og:type\" content=\"article\" \/>\n<meta property=\"og:title\" content=\"Mont-roig acoge una campa\u00f1a especial de donaci\u00f3n de sangre el pr\u00f3ximo viernes 26 de junio - Ajuntament de Mont-roig del Camp\" \/>\n<meta property=\"og:description\" content=\"La donaci\u00f3n tendr\u00e1 lugar en el Casal de Joves k1 entre las 17 y las 21 h y previamente hay que pedir hora a www.donarsang.gencat.cat Mont-roig ha sumado tambi\u00e9n al conjunto de municipios que han ofrecido sus espacios para garantizar las donaciones de sangre en Catalunya durante estos d\u00edas. El viernes 26 de junio, el [&hellip;]\" \/>\n<meta property=\"og:url\" content=\"https:\/\/mont-roig.cat\/es\/actualitat\/noticies\/montroig-acoge-una-campana-especial-de-donacion-de-sangre-el-proximo-viernes-26-de-junio\/\" \/>\n<meta property=\"og:site_name\" content=\"Ajuntament de Mont-roig del Camp\" \/>\n<meta property=\"article:published_time\" content=\"2020-06-19T11:40:56+00:00\" \/>\n<meta property=\"article:modified_time\" content=\"2020-06-19T11:44:19+00:00\" \/>\n<meta property=\"og:image\" content=\"https:\/\/mont-roig.cat\/wp-content\/uploads\/CARTELL.jpg\" \/>\n\t<meta property=\"og:image:width\" content=\"709\" \/>\n\t<meta property=\"og:image:height\" content=\"674\" \/>\n\t<meta property=\"og:image:type\" content=\"image\/jpeg\" \/>\n<meta name=\"author\" content=\"administrador\" \/>\n<meta name=\"twitter:card\" content=\"summary_large_image\" \/>\n<meta name=\"twitter:label1\" content=\"Escrito por\" \/>\n\t<meta name=\"twitter:data1\" content=\"administrador\" \/>\n\t<meta name=\"twitter:label2\" content=\"Tiempo de lectura\" \/>\n\t<meta name=\"twitter:data2\" content=\"1 minuto\" \/>\n<script type=\"application\/ld+json\" class=\"yoast-schema-graph\">{\"@context\":\"https:\\\/\\\/schema.org\",\"@graph\":[{\"@type\":\"Article\",\"@id\":\"https:\\\/\\\/mont-roig.cat\\\/es\\\/actualitat\\\/noticies\\\/montroig-acoge-una-campana-especial-de-donacion-de-sangre-el-proximo-viernes-26-de-junio\\\/#article\",\"isPartOf\":{\"@id\":\"https:\\\/\\\/mont-roig.cat\\\/es\\\/actualitat\\\/noticies\\\/montroig-acoge-una-campana-especial-de-donacion-de-sangre-el-proximo-viernes-26-de-junio\\\/\"},\"author\":{\"name\":\"administrador\",\"@id\":\"https:\\\/\\\/mont-roig.cat\\\/es\\\/#\\\/schema\\\/person\\\/f2b111789f22b7d0c3bd6786c9128cba\"},\"headline\":\"Mont-roig acoge una campa\u00f1a especial de donaci\u00f3n de sangre el pr\u00f3ximo viernes 26 de junio\",\"datePublished\":\"2020-06-19T11:40:56+00:00\",\"dateModified\":\"2020-06-19T11:44:19+00:00\",\"mainEntityOfPage\":{\"@id\":\"https:\\\/\\\/mont-roig.cat\\\/es\\\/actualitat\\\/noticies\\\/montroig-acoge-una-campana-especial-de-donacion-de-sangre-el-proximo-viernes-26-de-junio\\\/\"},\"wordCount\":199,\"image\":{\"@id\":\"https:\\\/\\\/mont-roig.cat\\\/es\\\/actualitat\\\/noticies\\\/montroig-acoge-una-campana-especial-de-donacion-de-sangre-el-proximo-viernes-26-de-junio\\\/#primaryimage\"},\"thumbnailUrl\":\"https:\\\/\\\/mont-roig.cat\\\/wp-content\\\/uploads\\\/CARTELL.jpg\",\"articleSection\":[\"Ayuntamiento\",\"Coronavirus\",\"Coronavirus - otras medidas\",\"Sanidad y Salud p\u00fablica\"],\"inLanguage\":\"es\"},{\"@type\":\"WebPage\",\"@id\":\"https:\\\/\\\/mont-roig.cat\\\/es\\\/actualitat\\\/noticies\\\/montroig-acoge-una-campana-especial-de-donacion-de-sangre-el-proximo-viernes-26-de-junio\\\/\",\"url\":\"https:\\\/\\\/mont-roig.cat\\\/es\\\/actualitat\\\/noticies\\\/montroig-acoge-una-campana-especial-de-donacion-de-sangre-el-proximo-viernes-26-de-junio\\\/\",\"name\":\"Mont-roig acoge una campa\u00f1a especial de donaci\u00f3n de sangre el pr\u00f3ximo viernes 26 de junio - Ajuntament de Mont-roig del Camp\",\"isPartOf\":{\"@id\":\"https:\\\/\\\/mont-roig.cat\\\/es\\\/#website\"},\"primaryImageOfPage\":{\"@id\":\"https:\\\/\\\/mont-roig.cat\\\/es\\\/actualitat\\\/noticies\\\/montroig-acoge-una-campana-especial-de-donacion-de-sangre-el-proximo-viernes-26-de-junio\\\/#primaryimage\"},\"image\":{\"@id\":\"https:\\\/\\\/mont-roig.cat\\\/es\\\/actualitat\\\/noticies\\\/montroig-acoge-una-campana-especial-de-donacion-de-sangre-el-proximo-viernes-26-de-junio\\\/#primaryimage\"},\"thumbnailUrl\":\"https:\\\/\\\/mont-roig.cat\\\/wp-content\\\/uploads\\\/CARTELL.jpg\",\"datePublished\":\"2020-06-19T11:40:56+00:00\",\"dateModified\":\"2020-06-19T11:44:19+00:00\",\"author\":{\"@id\":\"https:\\\/\\\/mont-roig.cat\\\/es\\\/#\\\/schema\\\/person\\\/f2b111789f22b7d0c3bd6786c9128cba\"},\"breadcrumb\":{\"@id\":\"https:\\\/\\\/mont-roig.cat\\\/es\\\/actualitat\\\/noticies\\\/montroig-acoge-una-campana-especial-de-donacion-de-sangre-el-proximo-viernes-26-de-junio\\\/#breadcrumb\"},\"inLanguage\":\"es\",\"potentialAction\":[{\"@type\":\"ReadAction\",\"target\":[\"https:\\\/\\\/mont-roig.cat\\\/es\\\/actualitat\\\/noticies\\\/montroig-acoge-una-campana-especial-de-donacion-de-sangre-el-proximo-viernes-26-de-junio\\\/\"]}]},{\"@type\":\"ImageObject\",\"inLanguage\":\"es\",\"@id\":\"https:\\\/\\\/mont-roig.cat\\\/es\\\/actualitat\\\/noticies\\\/montroig-acoge-una-campana-especial-de-donacion-de-sangre-el-proximo-viernes-26-de-junio\\\/#primaryimage\",\"url\":\"https:\\\/\\\/mont-roig.cat\\\/wp-content\\\/uploads\\\/CARTELL.jpg\",\"contentUrl\":\"https:\\\/\\\/mont-roig.cat\\\/wp-content\\\/uploads\\\/CARTELL.jpg\",\"width\":709,\"height\":674},{\"@type\":\"BreadcrumbList\",\"@id\":\"https:\\\/\\\/mont-roig.cat\\\/es\\\/actualitat\\\/noticies\\\/montroig-acoge-una-campana-especial-de-donacion-de-sangre-el-proximo-viernes-26-de-junio\\\/#breadcrumb\",\"itemListElement\":[{\"@type\":\"ListItem\",\"position\":1,\"name\":\"Inici\",\"item\":\"https:\\\/\\\/mont-roig.cat\\\/es\\\/pagina-de-inicio\\\/\"},{\"@type\":\"ListItem\",\"position\":2,\"name\":\"Mont-roig acoge una campa\u00f1a especial de donaci\u00f3n de sangre el pr\u00f3ximo viernes 26 de junio\"}]},{\"@type\":\"WebSite\",\"@id\":\"https:\\\/\\\/mont-roig.cat\\\/es\\\/#website\",\"url\":\"https:\\\/\\\/mont-roig.cat\\\/es\\\/\",\"name\":\"Ajuntament de Mont-roig del Camp\",\"description\":\"Tota la informaci\u00f3 sobre la instituci\u00f3, els seus \u00f2rgans de govern, actualitat, serveis i molt m\u00e9s.\",\"potentialAction\":[{\"@type\":\"SearchAction\",\"target\":{\"@type\":\"EntryPoint\",\"urlTemplate\":\"https:\\\/\\\/mont-roig.cat\\\/es\\\/?s={search_term_string}\"},\"query-input\":{\"@type\":\"PropertyValueSpecification\",\"valueRequired\":true,\"valueName\":\"search_term_string\"}}],\"inLanguage\":\"es\"},{\"@type\":\"Person\",\"@id\":\"https:\\\/\\\/mont-roig.cat\\\/es\\\/#\\\/schema\\\/person\\\/f2b111789f22b7d0c3bd6786c9128cba\",\"name\":\"administrador\",\"image\":{\"@type\":\"ImageObject\",\"inLanguage\":\"es\",\"@id\":\"https:\\\/\\\/secure.gravatar.com\\\/avatar\\\/9137aac6891e2595c9d3036fd83bcb653b4db3c946db4c7d9b9be193c3c944bb?s=96&d=mm&r=g\",\"url\":\"https:\\\/\\\/secure.gravatar.com\\\/avatar\\\/9137aac6891e2595c9d3036fd83bcb653b4db3c946db4c7d9b9be193c3c944bb?s=96&d=mm&r=g\",\"contentUrl\":\"https:\\\/\\\/secure.gravatar.com\\\/avatar\\\/9137aac6891e2595c9d3036fd83bcb653b4db3c946db4c7d9b9be193c3c944bb?s=96&d=mm&r=g\",\"caption\":\"administrador\"},\"url\":\"https:\\\/\\\/mont-roig.cat\\\/es\\\/actualitat\\\/noticies\\\/author\\\/administrador\\\/\"}]}<\/script>\n<!-- \/ Yoast SEO plugin. -->","yoast_head_json":{"title":"Mont-roig acoge una campa\u00f1a especial de donaci\u00f3n de sangre el pr\u00f3ximo viernes 26 de junio - Ajuntament de Mont-roig del Camp","robots":{"index":"index","follow":"follow","max-snippet":"max-snippet:-1","max-image-preview":"max-image-preview:large","max-video-preview":"max-video-preview:-1"},"canonical":"https:\/\/mont-roig.cat\/es\/actualitat\/noticies\/montroig-acoge-una-campana-especial-de-donacion-de-sangre-el-proximo-viernes-26-de-junio\/","og_locale":"es_ES","og_type":"article","og_title":"Mont-roig acoge una campa\u00f1a especial de donaci\u00f3n de sangre el pr\u00f3ximo viernes 26 de junio - Ajuntament de Mont-roig del Camp","og_description":"La donaci\u00f3n tendr\u00e1 lugar en el Casal de Joves k1 entre las 17 y las 21 h y previamente hay que pedir hora a www.donarsang.gencat.cat Mont-roig ha sumado tambi\u00e9n al conjunto de municipios que han ofrecido sus espacios para garantizar las donaciones de sangre en Catalunya durante estos d\u00edas. El viernes 26 de junio, el [&hellip;]","og_url":"https:\/\/mont-roig.cat\/es\/actualitat\/noticies\/montroig-acoge-una-campana-especial-de-donacion-de-sangre-el-proximo-viernes-26-de-junio\/","og_site_name":"Ajuntament de Mont-roig del Camp","article_published_time":"2020-06-19T11:40:56+00:00","article_modified_time":"2020-06-19T11:44:19+00:00","og_image":[{"width":709,"height":674,"url":"https:\/\/mont-roig.cat\/wp-content\/uploads\/CARTELL.jpg","type":"image\/jpeg"}],"author":"administrador","twitter_card":"summary_large_image","twitter_misc":{"Escrito por":"administrador","Tiempo de lectura":"1 minuto"},"schema":{"@context":"https:\/\/schema.org","@graph":[{"@type":"Article","@id":"https:\/\/mont-roig.cat\/es\/actualitat\/noticies\/montroig-acoge-una-campana-especial-de-donacion-de-sangre-el-proximo-viernes-26-de-junio\/#article","isPartOf":{"@id":"https:\/\/mont-roig.cat\/es\/actualitat\/noticies\/montroig-acoge-una-campana-especial-de-donacion-de-sangre-el-proximo-viernes-26-de-junio\/"},"author":{"name":"administrador","@id":"https:\/\/mont-roig.cat\/es\/#\/schema\/person\/f2b111789f22b7d0c3bd6786c9128cba"},"headline":"Mont-roig acoge una campa\u00f1a especial de donaci\u00f3n de sangre el pr\u00f3ximo viernes 26 de junio","datePublished":"2020-06-19T11:40:56+00:00","dateModified":"2020-06-19T11:44:19+00:00","mainEntityOfPage":{"@id":"https:\/\/mont-roig.cat\/es\/actualitat\/noticies\/montroig-acoge-una-campana-especial-de-donacion-de-sangre-el-proximo-viernes-26-de-junio\/"},"wordCount":199,"image":{"@id":"https:\/\/mont-roig.cat\/es\/actualitat\/noticies\/montroig-acoge-una-campana-especial-de-donacion-de-sangre-el-proximo-viernes-26-de-junio\/#primaryimage"},"thumbnailUrl":"https:\/\/mont-roig.cat\/wp-content\/uploads\/CARTELL.jpg","articleSection":["Ayuntamiento","Coronavirus","Coronavirus - otras medidas","Sanidad y Salud p\u00fablica"],"inLanguage":"es"},{"@type":"WebPage","@id":"https:\/\/mont-roig.cat\/es\/actualitat\/noticies\/montroig-acoge-una-campana-especial-de-donacion-de-sangre-el-proximo-viernes-26-de-junio\/","url":"https:\/\/mont-roig.cat\/es\/actualitat\/noticies\/montroig-acoge-una-campana-especial-de-donacion-de-sangre-el-proximo-viernes-26-de-junio\/","name":"Mont-roig acoge una campa\u00f1a especial de donaci\u00f3n de sangre el pr\u00f3ximo viernes 26 de junio - Ajuntament de Mont-roig del Camp","isPartOf":{"@id":"https:\/\/mont-roig.cat\/es\/#website"},"primaryImageOfPage":{"@id":"https:\/\/mont-roig.cat\/es\/actualitat\/noticies\/montroig-acoge-una-campana-especial-de-donacion-de-sangre-el-proximo-viernes-26-de-junio\/#primaryimage"},"image":{"@id":"https:\/\/mont-roig.cat\/es\/actualitat\/noticies\/montroig-acoge-una-campana-especial-de-donacion-de-sangre-el-proximo-viernes-26-de-junio\/#primaryimage"},"thumbnailUrl":"https:\/\/mont-roig.cat\/wp-content\/uploads\/CARTELL.jpg","datePublished":"2020-06-19T11:40:56+00:00","dateModified":"2020-06-19T11:44:19+00:00","author":{"@id":"https:\/\/mont-roig.cat\/es\/#\/schema\/person\/f2b111789f22b7d0c3bd6786c9128cba"},"breadcrumb":{"@id":"https:\/\/mont-roig.cat\/es\/actualitat\/noticies\/montroig-acoge-una-campana-especial-de-donacion-de-sangre-el-proximo-viernes-26-de-junio\/#breadcrumb"},"inLanguage":"es","potentialAction":[{"@type":"ReadAction","target":["https:\/\/mont-roig.cat\/es\/actualitat\/noticies\/montroig-acoge-una-campana-especial-de-donacion-de-sangre-el-proximo-viernes-26-de-junio\/"]}]},{"@type":"ImageObject","inLanguage":"es","@id":"https:\/\/mont-roig.cat\/es\/actualitat\/noticies\/montroig-acoge-una-campana-especial-de-donacion-de-sangre-el-proximo-viernes-26-de-junio\/#primaryimage","url":"https:\/\/mont-roig.cat\/wp-content\/uploads\/CARTELL.jpg","contentUrl":"https:\/\/mont-roig.cat\/wp-content\/uploads\/CARTELL.jpg","width":709,"height":674},{"@type":"BreadcrumbList","@id":"https:\/\/mont-roig.cat\/es\/actualitat\/noticies\/montroig-acoge-una-campana-especial-de-donacion-de-sangre-el-proximo-viernes-26-de-junio\/#breadcrumb","itemListElement":[{"@type":"ListItem","position":1,"name":"Inici","item":"https:\/\/mont-roig.cat\/es\/pagina-de-inicio\/"},{"@type":"ListItem","position":2,"name":"Mont-roig acoge una campa\u00f1a especial de donaci\u00f3n de sangre el pr\u00f3ximo viernes 26 de junio"}]},{"@type":"WebSite","@id":"https:\/\/mont-roig.cat\/es\/#website","url":"https:\/\/mont-roig.cat\/es\/","name":"Ajuntament de Mont-roig del Camp","description":"Tota la informaci\u00f3 sobre la instituci\u00f3, els seus \u00f2rgans de govern, actualitat, serveis i molt m\u00e9s.","potentialAction":[{"@type":"SearchAction","target":{"@type":"EntryPoint","urlTemplate":"https:\/\/mont-roig.cat\/es\/?s={search_term_string}"},"query-input":{"@type":"PropertyValueSpecification","valueRequired":true,"valueName":"search_term_string"}}],"inLanguage":"es"},{"@type":"Person","@id":"https:\/\/mont-roig.cat\/es\/#\/schema\/person\/f2b111789f22b7d0c3bd6786c9128cba","name":"administrador","image":{"@type":"ImageObject","inLanguage":"es","@id":"https:\/\/secure.gravatar.com\/avatar\/9137aac6891e2595c9d3036fd83bcb653b4db3c946db4c7d9b9be193c3c944bb?s=96&d=mm&r=g","url":"https:\/\/secure.gravatar.com\/avatar\/9137aac6891e2595c9d3036fd83bcb653b4db3c946db4c7d9b9be193c3c944bb?s=96&d=mm&r=g","contentUrl":"https:\/\/secure.gravatar.com\/avatar\/9137aac6891e2595c9d3036fd83bcb653b4db3c946db4c7d9b9be193c3c944bb?s=96&d=mm&r=g","caption":"administrador"},"url":"https:\/\/mont-roig.cat\/es\/actualitat\/noticies\/author\/administrador\/"}]}},"_links":{"self":[{"href":"https:\/\/mont-roig.cat\/es\/wp-json\/wp\/v2\/posts\/49948","targetHints":{"allow":["GET"]}}],"collection":[{"href":"https:\/\/mont-roig.cat\/es\/wp-json\/wp\/v2\/posts"}],"about":[{"href":"https:\/\/mont-roig.cat\/es\/wp-json\/wp\/v2\/types\/post"}],"author":[{"embeddable":true,"href":"https:\/\/mont-roig.cat\/es\/wp-json\/wp\/v2\/users\/4"}],"replies":[{"embeddable":true,"href":"https:\/\/mont-roig.cat\/es\/wp-json\/wp\/v2\/comments?post=49948"}],"version-history":[{"count":2,"href":"https:\/\/mont-roig.cat\/es\/wp-json\/wp\/v2\/posts\/49948\/revisions"}],"predecessor-version":[{"id":49950,"href":"https:\/\/mont-roig.cat\/es\/wp-json\/wp\/v2\/posts\/49948\/revisions\/49950"}],"wp:featuredmedia":[{"embeddable":true,"href":"https:\/\/mont-roig.cat\/es\/wp-json\/wp\/v2\/media\/49945"}],"wp:attachment":[{"href":"https:\/\/mont-roig.cat\/es\/wp-json\/wp\/v2\/media?parent=49948"}],"wp:term":[{"taxonomy":"category","embeddable":true,"href":"https:\/\/mont-roig.cat\/es\/wp-json\/wp\/v2\/categories?post=49948"},{"taxonomy":"post_tag","embeddable":true,"href":"https:\/\/mont-roig.cat\/es\/wp-json\/wp\/v2\/tags?post=49948"}],"curies":[{"name":"wp","href":"https:\/\/api.w.org\/{rel}","templated":true}]}}