{"id":49959,"date":"2020-06-19T14:15:16","date_gmt":"2020-06-19T12:15:16","guid":{"rendered":"https:\/\/mont-roig.cat\/actualitat\/noticies\/lajuntament-de-mont-roig-del-camp-obre-el-proces-selectiu-per-a-cobrir-7-noves-borses-de-treball\/"},"modified":"2020-06-19T14:19:51","modified_gmt":"2020-06-19T12:19:51","slug":"el-ayuntamiento-de-mont-roig-del-camp-abre-el-proceso-selectivo-para-cubrir-7-nuevas-bolsas-de-trabajo","status":"publish","type":"post","link":"https:\/\/mont-roig.cat\/es\/actualitat\/noticies\/el-ayuntamiento-de-mont-roig-del-camp-abre-el-proceso-selectivo-para-cubrir-7-nuevas-bolsas-de-trabajo\/","title":{"rendered":"El Ayuntamiento de Mont-roig del Camp abre el proceso selectivo para cubrir 7 nuevas bolsas de trabajo"},"content":{"rendered":"<p><strong><strong><a href=\"https:\/\/mont-roig.cat\/wp-content\/uploads\/mont-roig_logotip_2tintes.jpg\"><img loading=\"lazy\" decoding=\"async\" class=\"alignright wp-image-14054\" src=\"https:\/\/mont-roig.cat\/wp-content\/uploads\/mont-roig_logotip_2tintes-500x355.jpg\" alt=\"\" width=\"304\" height=\"216\" srcset=\"https:\/\/mont-roig.cat\/wp-content\/uploads\/mont-roig_logotip_2tintes-500x355.jpg 500w, https:\/\/mont-roig.cat\/wp-content\/uploads\/mont-roig_logotip_2tintes-768x546.jpg 768w, https:\/\/mont-roig.cat\/wp-content\/uploads\/mont-roig_logotip_2tintes-1024x728.jpg 1024w, https:\/\/mont-roig.cat\/wp-content\/uploads\/mont-roig_logotip_2tintes.jpg 1134w\" sizes=\"auto, (max-width: 304px) 100vw, 304px\" \/><\/a><\/strong><\/strong><\/p>\n<ul>\n<li><strong>Los perfiles que se buscan son de arquitecto superior, de t\u00e9cnico\/a de la gente mayor, de t\u00e9cnico\/a ingeniero\/a industrial y \/ o el\u00e9ctrico, de t\u00e9cnico\/a de promoci\u00f3n econ\u00f3mica, agentes c\u00edvicos \/ c\u00edvicas, de conserjes y personal para el servicio de atenci\u00f3n a domicilio.<\/strong><\/li>\n<li><strong>El plazo para inscribirse en comienza este s\u00e1bado 20 de junio y estar\u00e1 abierto hasta el d\u00eda 29 de junio<\/strong><\/li>\n<\/ul>\n<p>El Ayuntamiento de Mont-roig del Camp ha puesto en marcha varios procesos selectivos para cubrir un total de 7 nuevas bolsas de trabajo. El objetivo es conseguir diversos perfiles profesionales para las necesidades que puedan surgir en los pr\u00f3ximos meses en materia de recursos humanos. En este sentido, las bolsas que se convocan son las siguientes:<\/p>\n<p>Bolsa de trabajo de Arquitecto Superior<\/p>\n<p>Bolsa de trabajo de T\u00e9cnico \/ a medio para la gente mayor<\/p>\n<p>Bolsa de trabajo de T\u00e9cnico \/ a medio ingeniero \/ a industrial y \/ o el\u00e9ctrica<\/p>\n<p>Bolsa de trabajo de T\u00e9cnico \/ a medio en promoci\u00f3n econ\u00f3mica<\/p>\n<p>Bolsa de trabajo de Servicio de atenci\u00f3n a domicilio<\/p>\n<p>Bolsa de trabajo de Agentes c\u00edvicos \/ as<\/p>\n<p>Bolsa de trabajo de Conserjes<\/p>\n<p>El plazo para inscribirse comienza este s\u00e1bado 20 de junio y finaliza el d\u00eda 29 de junio. El enlace en la sede electr\u00f3nica para presentar la solicitud estar\u00e1 activo a partir de ma\u00f1ana.<\/p>\n<p>La informaci\u00f3n completa de las diversas plazas que se ofrecen se puede consultar en:<\/p>\n<p><a href=\"https:\/\/mont-roig.cat\/es\/ayuntamiento\/funcionament\/recursos-humanos\/convocatorias\/procesos-selectivos-del-ayuntamiento\/\" target=\"_blank\" rel=\"noopener noreferrer\">https:\/\/mont-roig.cat\/lajuntament\/funcionament\/recursos-humans\/convocatories\/processos-selectius-de-lajuntament\/<\/a><\/p>\n","protected":false},"excerpt":{"rendered":"<p>Los perfiles que se buscan son de arquitecto superior, de t\u00e9cnico\/a de la gente mayor, de t\u00e9cnico\/a ingeniero\/a industrial y \/ o el\u00e9ctrico, de t\u00e9cnico\/a de promoci\u00f3n econ\u00f3mica, agentes c\u00edvicos \/ c\u00edvicas, de conserjes y personal para el servicio de atenci\u00f3n a domicilio. El plazo para inscribirse en comienza este s\u00e1bado 20 de junio y [&hellip;]<\/p>\n","protected":false},"author":4,"featured_media":0,"comment_status":"closed","ping_status":"closed","sticky":false,"template":"","format":"standard","meta":{"inline_featured_image":false,"_monsterinsights_skip_tracking":false,"_monsterinsights_sitenote_active":false,"_monsterinsights_sitenote_note":"","_monsterinsights_sitenote_category":0,"footnotes":""},"categories":[98,111],"tags":[],"class_list":["post-49959","post","type-post","status-publish","format-standard","hentry","category-ayuntamiento","category-recursos-humanos"],"yoast_head":"<!-- This site is optimized with the Yoast SEO plugin v27.4 - https:\/\/yoast.com\/product\/yoast-seo-wordpress\/ -->\n<title>El Ayuntamiento de Mont-roig del Camp abre el proceso selectivo para cubrir 7 nuevas bolsas de trabajo - Ajuntament de Mont-roig del Camp<\/title>\n<meta name=\"robots\" content=\"index, follow, max-snippet:-1, max-image-preview:large, max-video-preview:-1\" \/>\n<link rel=\"canonical\" href=\"https:\/\/mont-roig.cat\/es\/actualitat\/noticies\/el-ayuntamiento-de-mont-roig-del-camp-abre-el-proceso-selectivo-para-cubrir-7-nuevas-bolsas-de-trabajo\/\" \/>\n<meta property=\"og:locale\" content=\"es_ES\" \/>\n<meta property=\"og:type\" content=\"article\" \/>\n<meta property=\"og:title\" content=\"El Ayuntamiento de Mont-roig del Camp abre el proceso selectivo para cubrir 7 nuevas bolsas de trabajo - Ajuntament de Mont-roig del Camp\" \/>\n<meta property=\"og:description\" content=\"Los perfiles que se buscan son de arquitecto superior, de t\u00e9cnico\/a de la gente mayor, de t\u00e9cnico\/a ingeniero\/a industrial y \/ o el\u00e9ctrico, de t\u00e9cnico\/a de promoci\u00f3n econ\u00f3mica, agentes c\u00edvicos \/ c\u00edvicas, de conserjes y personal para el servicio de atenci\u00f3n a domicilio. El plazo para inscribirse en comienza este s\u00e1bado 20 de junio y [&hellip;]\" \/>\n<meta property=\"og:url\" content=\"https:\/\/mont-roig.cat\/es\/actualitat\/noticies\/el-ayuntamiento-de-mont-roig-del-camp-abre-el-proceso-selectivo-para-cubrir-7-nuevas-bolsas-de-trabajo\/\" \/>\n<meta property=\"og:site_name\" content=\"Ajuntament de Mont-roig del Camp\" \/>\n<meta property=\"article:published_time\" content=\"2020-06-19T12:15:16+00:00\" \/>\n<meta property=\"article:modified_time\" content=\"2020-06-19T12:19:51+00:00\" \/>\n<meta property=\"og:image\" content=\"https:\/\/mont-roig.cat\/wp-content\/uploads\/mont-roig_logotip_2tintes.jpg\" \/>\n\t<meta property=\"og:image:width\" content=\"1134\" \/>\n\t<meta property=\"og:image:height\" content=\"806\" \/>\n\t<meta property=\"og:image:type\" content=\"image\/jpeg\" \/>\n<meta name=\"author\" content=\"administrador\" \/>\n<meta name=\"twitter:card\" content=\"summary_large_image\" \/>\n<meta name=\"twitter:label1\" content=\"Escrito por\" \/>\n\t<meta name=\"twitter:data1\" content=\"administrador\" \/>\n\t<meta name=\"twitter:label2\" content=\"Tiempo de lectura\" \/>\n\t<meta name=\"twitter:data2\" content=\"1 minuto\" \/>\n<script type=\"application\/ld+json\" class=\"yoast-schema-graph\">{\"@context\":\"https:\\\/\\\/schema.org\",\"@graph\":[{\"@type\":\"Article\",\"@id\":\"https:\\\/\\\/mont-roig.cat\\\/es\\\/actualitat\\\/noticies\\\/el-ayuntamiento-de-mont-roig-del-camp-abre-el-proceso-selectivo-para-cubrir-7-nuevas-bolsas-de-trabajo\\\/#article\",\"isPartOf\":{\"@id\":\"https:\\\/\\\/mont-roig.cat\\\/es\\\/actualitat\\\/noticies\\\/el-ayuntamiento-de-mont-roig-del-camp-abre-el-proceso-selectivo-para-cubrir-7-nuevas-bolsas-de-trabajo\\\/\"},\"author\":{\"name\":\"administrador\",\"@id\":\"https:\\\/\\\/mont-roig.cat\\\/es\\\/#\\\/schema\\\/person\\\/f2b111789f22b7d0c3bd6786c9128cba\"},\"headline\":\"El Ayuntamiento de Mont-roig del Camp abre el proceso selectivo para cubrir 7 nuevas bolsas de trabajo\",\"datePublished\":\"2020-06-19T12:15:16+00:00\",\"dateModified\":\"2020-06-19T12:19:51+00:00\",\"mainEntityOfPage\":{\"@id\":\"https:\\\/\\\/mont-roig.cat\\\/es\\\/actualitat\\\/noticies\\\/el-ayuntamiento-de-mont-roig-del-camp-abre-el-proceso-selectivo-para-cubrir-7-nuevas-bolsas-de-trabajo\\\/\"},\"wordCount\":273,\"image\":{\"@id\":\"https:\\\/\\\/mont-roig.cat\\\/es\\\/actualitat\\\/noticies\\\/el-ayuntamiento-de-mont-roig-del-camp-abre-el-proceso-selectivo-para-cubrir-7-nuevas-bolsas-de-trabajo\\\/#primaryimage\"},\"thumbnailUrl\":\"https:\\\/\\\/mont-roig.cat\\\/wp-content\\\/uploads\\\/mont-roig_logotip_2tintes-500x355.jpg\",\"articleSection\":[\"Ayuntamiento\",\"Recursos humanos\"],\"inLanguage\":\"es\"},{\"@type\":\"WebPage\",\"@id\":\"https:\\\/\\\/mont-roig.cat\\\/es\\\/actualitat\\\/noticies\\\/el-ayuntamiento-de-mont-roig-del-camp-abre-el-proceso-selectivo-para-cubrir-7-nuevas-bolsas-de-trabajo\\\/\",\"url\":\"https:\\\/\\\/mont-roig.cat\\\/es\\\/actualitat\\\/noticies\\\/el-ayuntamiento-de-mont-roig-del-camp-abre-el-proceso-selectivo-para-cubrir-7-nuevas-bolsas-de-trabajo\\\/\",\"name\":\"El Ayuntamiento de Mont-roig del Camp abre el proceso selectivo para cubrir 7 nuevas bolsas de trabajo - Ajuntament de Mont-roig del Camp\",\"isPartOf\":{\"@id\":\"https:\\\/\\\/mont-roig.cat\\\/es\\\/#website\"},\"primaryImageOfPage\":{\"@id\":\"https:\\\/\\\/mont-roig.cat\\\/es\\\/actualitat\\\/noticies\\\/el-ayuntamiento-de-mont-roig-del-camp-abre-el-proceso-selectivo-para-cubrir-7-nuevas-bolsas-de-trabajo\\\/#primaryimage\"},\"image\":{\"@id\":\"https:\\\/\\\/mont-roig.cat\\\/es\\\/actualitat\\\/noticies\\\/el-ayuntamiento-de-mont-roig-del-camp-abre-el-proceso-selectivo-para-cubrir-7-nuevas-bolsas-de-trabajo\\\/#primaryimage\"},\"thumbnailUrl\":\"https:\\\/\\\/mont-roig.cat\\\/wp-content\\\/uploads\\\/mont-roig_logotip_2tintes-500x355.jpg\",\"datePublished\":\"2020-06-19T12:15:16+00:00\",\"dateModified\":\"2020-06-19T12:19:51+00:00\",\"author\":{\"@id\":\"https:\\\/\\\/mont-roig.cat\\\/es\\\/#\\\/schema\\\/person\\\/f2b111789f22b7d0c3bd6786c9128cba\"},\"breadcrumb\":{\"@id\":\"https:\\\/\\\/mont-roig.cat\\\/es\\\/actualitat\\\/noticies\\\/el-ayuntamiento-de-mont-roig-del-camp-abre-el-proceso-selectivo-para-cubrir-7-nuevas-bolsas-de-trabajo\\\/#breadcrumb\"},\"inLanguage\":\"es\",\"potentialAction\":[{\"@type\":\"ReadAction\",\"target\":[\"https:\\\/\\\/mont-roig.cat\\\/es\\\/actualitat\\\/noticies\\\/el-ayuntamiento-de-mont-roig-del-camp-abre-el-proceso-selectivo-para-cubrir-7-nuevas-bolsas-de-trabajo\\\/\"]}]},{\"@type\":\"ImageObject\",\"inLanguage\":\"es\",\"@id\":\"https:\\\/\\\/mont-roig.cat\\\/es\\\/actualitat\\\/noticies\\\/el-ayuntamiento-de-mont-roig-del-camp-abre-el-proceso-selectivo-para-cubrir-7-nuevas-bolsas-de-trabajo\\\/#primaryimage\",\"url\":\"https:\\\/\\\/mont-roig.cat\\\/wp-content\\\/uploads\\\/mont-roig_logotip_2tintes-500x355.jpg\",\"contentUrl\":\"https:\\\/\\\/mont-roig.cat\\\/wp-content\\\/uploads\\\/mont-roig_logotip_2tintes-500x355.jpg\"},{\"@type\":\"BreadcrumbList\",\"@id\":\"https:\\\/\\\/mont-roig.cat\\\/es\\\/actualitat\\\/noticies\\\/el-ayuntamiento-de-mont-roig-del-camp-abre-el-proceso-selectivo-para-cubrir-7-nuevas-bolsas-de-trabajo\\\/#breadcrumb\",\"itemListElement\":[{\"@type\":\"ListItem\",\"position\":1,\"name\":\"Inici\",\"item\":\"https:\\\/\\\/mont-roig.cat\\\/es\\\/pagina-de-inicio\\\/\"},{\"@type\":\"ListItem\",\"position\":2,\"name\":\"El Ayuntamiento de Mont-roig del Camp abre el proceso selectivo para cubrir 7 nuevas bolsas de trabajo\"}]},{\"@type\":\"WebSite\",\"@id\":\"https:\\\/\\\/mont-roig.cat\\\/es\\\/#website\",\"url\":\"https:\\\/\\\/mont-roig.cat\\\/es\\\/\",\"name\":\"Ajuntament de Mont-roig del Camp\",\"description\":\"Tota la informaci\u00f3 sobre la instituci\u00f3, els seus \u00f2rgans de govern, actualitat, serveis i molt m\u00e9s.\",\"potentialAction\":[{\"@type\":\"SearchAction\",\"target\":{\"@type\":\"EntryPoint\",\"urlTemplate\":\"https:\\\/\\\/mont-roig.cat\\\/es\\\/?s={search_term_string}\"},\"query-input\":{\"@type\":\"PropertyValueSpecification\",\"valueRequired\":true,\"valueName\":\"search_term_string\"}}],\"inLanguage\":\"es\"},{\"@type\":\"Person\",\"@id\":\"https:\\\/\\\/mont-roig.cat\\\/es\\\/#\\\/schema\\\/person\\\/f2b111789f22b7d0c3bd6786c9128cba\",\"name\":\"administrador\",\"image\":{\"@type\":\"ImageObject\",\"inLanguage\":\"es\",\"@id\":\"https:\\\/\\\/secure.gravatar.com\\\/avatar\\\/9137aac6891e2595c9d3036fd83bcb653b4db3c946db4c7d9b9be193c3c944bb?s=96&d=mm&r=g\",\"url\":\"https:\\\/\\\/secure.gravatar.com\\\/avatar\\\/9137aac6891e2595c9d3036fd83bcb653b4db3c946db4c7d9b9be193c3c944bb?s=96&d=mm&r=g\",\"contentUrl\":\"https:\\\/\\\/secure.gravatar.com\\\/avatar\\\/9137aac6891e2595c9d3036fd83bcb653b4db3c946db4c7d9b9be193c3c944bb?s=96&d=mm&r=g\",\"caption\":\"administrador\"},\"url\":\"https:\\\/\\\/mont-roig.cat\\\/es\\\/actualitat\\\/noticies\\\/author\\\/administrador\\\/\"}]}<\/script>\n<!-- \/ Yoast SEO plugin. -->","yoast_head_json":{"title":"El Ayuntamiento de Mont-roig del Camp abre el proceso selectivo para cubrir 7 nuevas bolsas de trabajo - Ajuntament de Mont-roig del Camp","robots":{"index":"index","follow":"follow","max-snippet":"max-snippet:-1","max-image-preview":"max-image-preview:large","max-video-preview":"max-video-preview:-1"},"canonical":"https:\/\/mont-roig.cat\/es\/actualitat\/noticies\/el-ayuntamiento-de-mont-roig-del-camp-abre-el-proceso-selectivo-para-cubrir-7-nuevas-bolsas-de-trabajo\/","og_locale":"es_ES","og_type":"article","og_title":"El Ayuntamiento de Mont-roig del Camp abre el proceso selectivo para cubrir 7 nuevas bolsas de trabajo - Ajuntament de Mont-roig del Camp","og_description":"Los perfiles que se buscan son de arquitecto superior, de t\u00e9cnico\/a de la gente mayor, de t\u00e9cnico\/a ingeniero\/a industrial y \/ o el\u00e9ctrico, de t\u00e9cnico\/a de promoci\u00f3n econ\u00f3mica, agentes c\u00edvicos \/ c\u00edvicas, de conserjes y personal para el servicio de atenci\u00f3n a domicilio. El plazo para inscribirse en comienza este s\u00e1bado 20 de junio y [&hellip;]","og_url":"https:\/\/mont-roig.cat\/es\/actualitat\/noticies\/el-ayuntamiento-de-mont-roig-del-camp-abre-el-proceso-selectivo-para-cubrir-7-nuevas-bolsas-de-trabajo\/","og_site_name":"Ajuntament de Mont-roig del Camp","article_published_time":"2020-06-19T12:15:16+00:00","article_modified_time":"2020-06-19T12:19:51+00:00","og_image":[{"width":1134,"height":806,"url":"https:\/\/mont-roig.cat\/wp-content\/uploads\/mont-roig_logotip_2tintes.jpg","type":"image\/jpeg"}],"author":"administrador","twitter_card":"summary_large_image","twitter_misc":{"Escrito por":"administrador","Tiempo de lectura":"1 minuto"},"schema":{"@context":"https:\/\/schema.org","@graph":[{"@type":"Article","@id":"https:\/\/mont-roig.cat\/es\/actualitat\/noticies\/el-ayuntamiento-de-mont-roig-del-camp-abre-el-proceso-selectivo-para-cubrir-7-nuevas-bolsas-de-trabajo\/#article","isPartOf":{"@id":"https:\/\/mont-roig.cat\/es\/actualitat\/noticies\/el-ayuntamiento-de-mont-roig-del-camp-abre-el-proceso-selectivo-para-cubrir-7-nuevas-bolsas-de-trabajo\/"},"author":{"name":"administrador","@id":"https:\/\/mont-roig.cat\/es\/#\/schema\/person\/f2b111789f22b7d0c3bd6786c9128cba"},"headline":"El Ayuntamiento de Mont-roig del Camp abre el proceso selectivo para cubrir 7 nuevas bolsas de trabajo","datePublished":"2020-06-19T12:15:16+00:00","dateModified":"2020-06-19T12:19:51+00:00","mainEntityOfPage":{"@id":"https:\/\/mont-roig.cat\/es\/actualitat\/noticies\/el-ayuntamiento-de-mont-roig-del-camp-abre-el-proceso-selectivo-para-cubrir-7-nuevas-bolsas-de-trabajo\/"},"wordCount":273,"image":{"@id":"https:\/\/mont-roig.cat\/es\/actualitat\/noticies\/el-ayuntamiento-de-mont-roig-del-camp-abre-el-proceso-selectivo-para-cubrir-7-nuevas-bolsas-de-trabajo\/#primaryimage"},"thumbnailUrl":"https:\/\/mont-roig.cat\/wp-content\/uploads\/mont-roig_logotip_2tintes-500x355.jpg","articleSection":["Ayuntamiento","Recursos humanos"],"inLanguage":"es"},{"@type":"WebPage","@id":"https:\/\/mont-roig.cat\/es\/actualitat\/noticies\/el-ayuntamiento-de-mont-roig-del-camp-abre-el-proceso-selectivo-para-cubrir-7-nuevas-bolsas-de-trabajo\/","url":"https:\/\/mont-roig.cat\/es\/actualitat\/noticies\/el-ayuntamiento-de-mont-roig-del-camp-abre-el-proceso-selectivo-para-cubrir-7-nuevas-bolsas-de-trabajo\/","name":"El Ayuntamiento de Mont-roig del Camp abre el proceso selectivo para cubrir 7 nuevas bolsas de trabajo - Ajuntament de Mont-roig del Camp","isPartOf":{"@id":"https:\/\/mont-roig.cat\/es\/#website"},"primaryImageOfPage":{"@id":"https:\/\/mont-roig.cat\/es\/actualitat\/noticies\/el-ayuntamiento-de-mont-roig-del-camp-abre-el-proceso-selectivo-para-cubrir-7-nuevas-bolsas-de-trabajo\/#primaryimage"},"image":{"@id":"https:\/\/mont-roig.cat\/es\/actualitat\/noticies\/el-ayuntamiento-de-mont-roig-del-camp-abre-el-proceso-selectivo-para-cubrir-7-nuevas-bolsas-de-trabajo\/#primaryimage"},"thumbnailUrl":"https:\/\/mont-roig.cat\/wp-content\/uploads\/mont-roig_logotip_2tintes-500x355.jpg","datePublished":"2020-06-19T12:15:16+00:00","dateModified":"2020-06-19T12:19:51+00:00","author":{"@id":"https:\/\/mont-roig.cat\/es\/#\/schema\/person\/f2b111789f22b7d0c3bd6786c9128cba"},"breadcrumb":{"@id":"https:\/\/mont-roig.cat\/es\/actualitat\/noticies\/el-ayuntamiento-de-mont-roig-del-camp-abre-el-proceso-selectivo-para-cubrir-7-nuevas-bolsas-de-trabajo\/#breadcrumb"},"inLanguage":"es","potentialAction":[{"@type":"ReadAction","target":["https:\/\/mont-roig.cat\/es\/actualitat\/noticies\/el-ayuntamiento-de-mont-roig-del-camp-abre-el-proceso-selectivo-para-cubrir-7-nuevas-bolsas-de-trabajo\/"]}]},{"@type":"ImageObject","inLanguage":"es","@id":"https:\/\/mont-roig.cat\/es\/actualitat\/noticies\/el-ayuntamiento-de-mont-roig-del-camp-abre-el-proceso-selectivo-para-cubrir-7-nuevas-bolsas-de-trabajo\/#primaryimage","url":"https:\/\/mont-roig.cat\/wp-content\/uploads\/mont-roig_logotip_2tintes-500x355.jpg","contentUrl":"https:\/\/mont-roig.cat\/wp-content\/uploads\/mont-roig_logotip_2tintes-500x355.jpg"},{"@type":"BreadcrumbList","@id":"https:\/\/mont-roig.cat\/es\/actualitat\/noticies\/el-ayuntamiento-de-mont-roig-del-camp-abre-el-proceso-selectivo-para-cubrir-7-nuevas-bolsas-de-trabajo\/#breadcrumb","itemListElement":[{"@type":"ListItem","position":1,"name":"Inici","item":"https:\/\/mont-roig.cat\/es\/pagina-de-inicio\/"},{"@type":"ListItem","position":2,"name":"El Ayuntamiento de Mont-roig del Camp abre el proceso selectivo para cubrir 7 nuevas bolsas de trabajo"}]},{"@type":"WebSite","@id":"https:\/\/mont-roig.cat\/es\/#website","url":"https:\/\/mont-roig.cat\/es\/","name":"Ajuntament de Mont-roig del Camp","description":"Tota la informaci\u00f3 sobre la instituci\u00f3, els seus \u00f2rgans de govern, actualitat, serveis i molt m\u00e9s.","potentialAction":[{"@type":"SearchAction","target":{"@type":"EntryPoint","urlTemplate":"https:\/\/mont-roig.cat\/es\/?s={search_term_string}"},"query-input":{"@type":"PropertyValueSpecification","valueRequired":true,"valueName":"search_term_string"}}],"inLanguage":"es"},{"@type":"Person","@id":"https:\/\/mont-roig.cat\/es\/#\/schema\/person\/f2b111789f22b7d0c3bd6786c9128cba","name":"administrador","image":{"@type":"ImageObject","inLanguage":"es","@id":"https:\/\/secure.gravatar.com\/avatar\/9137aac6891e2595c9d3036fd83bcb653b4db3c946db4c7d9b9be193c3c944bb?s=96&d=mm&r=g","url":"https:\/\/secure.gravatar.com\/avatar\/9137aac6891e2595c9d3036fd83bcb653b4db3c946db4c7d9b9be193c3c944bb?s=96&d=mm&r=g","contentUrl":"https:\/\/secure.gravatar.com\/avatar\/9137aac6891e2595c9d3036fd83bcb653b4db3c946db4c7d9b9be193c3c944bb?s=96&d=mm&r=g","caption":"administrador"},"url":"https:\/\/mont-roig.cat\/es\/actualitat\/noticies\/author\/administrador\/"}]}},"_links":{"self":[{"href":"https:\/\/mont-roig.cat\/es\/wp-json\/wp\/v2\/posts\/49959","targetHints":{"allow":["GET"]}}],"collection":[{"href":"https:\/\/mont-roig.cat\/es\/wp-json\/wp\/v2\/posts"}],"about":[{"href":"https:\/\/mont-roig.cat\/es\/wp-json\/wp\/v2\/types\/post"}],"author":[{"embeddable":true,"href":"https:\/\/mont-roig.cat\/es\/wp-json\/wp\/v2\/users\/4"}],"replies":[{"embeddable":true,"href":"https:\/\/mont-roig.cat\/es\/wp-json\/wp\/v2\/comments?post=49959"}],"version-history":[{"count":2,"href":"https:\/\/mont-roig.cat\/es\/wp-json\/wp\/v2\/posts\/49959\/revisions"}],"predecessor-version":[{"id":49961,"href":"https:\/\/mont-roig.cat\/es\/wp-json\/wp\/v2\/posts\/49959\/revisions\/49961"}],"wp:attachment":[{"href":"https:\/\/mont-roig.cat\/es\/wp-json\/wp\/v2\/media?parent=49959"}],"wp:term":[{"taxonomy":"category","embeddable":true,"href":"https:\/\/mont-roig.cat\/es\/wp-json\/wp\/v2\/categories?post=49959"},{"taxonomy":"post_tag","embeddable":true,"href":"https:\/\/mont-roig.cat\/es\/wp-json\/wp\/v2\/tags?post=49959"}],"curies":[{"name":"wp","href":"https:\/\/api.w.org\/{rel}","templated":true}]}}