{"id":49984,"date":"2020-06-19T19:07:09","date_gmt":"2020-06-19T17:07:09","guid":{"rendered":"https:\/\/mont-roig.cat\/actualitat\/noticies\/finalitza-el-programa-de-seguiment-a-la-gent-gran-amb-nombrosos-vincles-personals-que-perduraran-mes-enlla-de-lemergencia-sanitaria\/"},"modified":"2020-06-19T19:27:09","modified_gmt":"2020-06-19T17:27:09","slug":"finaliza-el-programa-de-seguimiento-a-las-personas-mayores-con-numerosos-vinculos-personales-que-perduraran-mas-alla-de-la-emergencia-sanitaria","status":"publish","type":"post","link":"https:\/\/mont-roig.cat\/es\/actualitat\/noticies\/finaliza-el-programa-de-seguimiento-a-las-personas-mayores-con-numerosos-vinculos-personales-que-perduraran-mas-alla-de-la-emergencia-sanitaria\/","title":{"rendered":"Finaliza el programa de seguimiento a las personas mayores con numerosos v\u00ednculos personales que perdurar\u00e1n m\u00e1s all\u00e1 de la emergencia sanitaria"},"content":{"rendered":"<ul>\n<li><strong><img loading=\"lazy\" decoding=\"async\" class=\" wp-image-49991 alignright\" src=\"https:\/\/mont-roig.cat\/wp-content\/uploads\/man-hands-waiting-senior-33786-500x333.jpg\" alt=\"\" width=\"258\" height=\"172\" srcset=\"https:\/\/mont-roig.cat\/wp-content\/uploads\/man-hands-waiting-senior-33786-500x333.jpg 500w, https:\/\/mont-roig.cat\/wp-content\/uploads\/man-hands-waiting-senior-33786-1024x683.jpg 1024w, https:\/\/mont-roig.cat\/wp-content\/uploads\/man-hands-waiting-senior-33786-768x512.jpg 768w, https:\/\/mont-roig.cat\/wp-content\/uploads\/man-hands-waiting-senior-33786-1536x1024.jpg 1536w, https:\/\/mont-roig.cat\/wp-content\/uploads\/man-hands-waiting-senior-33786-scaled.jpg 2048w\" sizes=\"auto, (max-width: 258px) 100vw, 258px\" \/>El Ayuntamiento plantear\u00e1, cuando sea posible, un acto de reencuentro entre la red de voluntariado y las personas atendidas durante estos tres meses, para que se puedan conocer personalmente<\/strong><\/li>\n<li><strong>Se ha apoyado a m\u00e1s de 2.000 personas mayores de 65 a\u00f1os que han recibido atenci\u00f3n telef\u00f3nica y ayuda en tareas cotidianas<\/strong><\/li>\n<\/ul>\n<p>El programa de seguimiento a los mayores que el Ayuntamiento de Mont-roig del Camp puso en marcha al inicio de la declaraci\u00f3n de la emergencia sanitaria ha dejado muchas historias bonitas, emotivas y para el recuerdo, tanto para las personas mayores , como para el equipo de voluntariado que ha participado.<\/p>\n<p>La iniciativa ha terminado hoy, coincidiendo con la finalizaci\u00f3n del estado de alarma y la entrada al per\u00edodo de la nueva normalidad, prevista para este fin de semana, pero con numerosos v\u00ednculos y afinidades creadas que perdurar\u00e1n en el tiempo. Tanto es as\u00ed que, en el momento en que se pueda, el Ayuntamiento llevar\u00e1 a cabo un acto de reencuentro entre voluntariado y personas que han sido atendidas para que se puedan ver y conocer personalmente. De hecho, la mayor\u00eda de personas que han participado en el programa piden poderse encontrar. Adem\u00e1s, hay voluntarios que han dicho que aunque finalice el programa continuar\u00e1n las llamadas por el v\u00ednculo personal que se ha creado, adem\u00e1s de all\u00e1 de la tarea de voluntariado. Tambi\u00e9n las personas que han recibido el seguimiento piden poder agradecer personalmente a las personas que las han llamado o han ayudado durante estos meses.<\/p>\n<p>Y es que han sido tres meses con historias bien entra\u00f1ables, como la abuela que hizo llegar una mona en casa de una voluntaria el d\u00eda de Pascua o una llamada para felicitar un cumplea\u00f1os que un voluntario hizo con gran ilusi\u00f3n y que emocion\u00f3 a la persona mayor que la recibi\u00f3. Tambi\u00e9n, claro, ha habido historias de superaci\u00f3n, como la de un hombre de 77 a\u00f1os, que estuvo a punto de ingresar por coronavirus y que la persona voluntaria lo llamaba para decirle buenos d\u00edas, buenas noches y por saber c\u00f3mo se encontraba, si mejoraba, si le hac\u00eda efecto del antibi\u00f3tico o si necesitaba ayuda. Todo un apoyo prestado de coraz\u00f3n, y que el hombre, que finalmente termin\u00f3 revirtiendo, tambi\u00e9n ha dicho que quisiera agradecer.<\/p>\n<p><strong>M\u00e1s de 2000 personas atendidas<\/strong><\/p>\n<p>El programa ha contado con la participaci\u00f3n de los trabajadores \/ as municipales de m\u00e1s de 15 departamentos o \u00e1reas del Ayuntamiento y de la empresa Nostreserveis, voluntarios del municipio y los CAP<\/p>\n<p>Todos ellos han hecho seguimiento, a partir de protocolos de actuaci\u00f3n y una intensa organizaci\u00f3n interna, a m\u00e1s de 2.000 personas, de las 2.850 empadronadas que tienen m\u00e1s de 65 a\u00f1os. As\u00ed, a todas aquellas personas mayores que no se han podido localizar por tel\u00e9fono tambi\u00e9n se ha intentado encontrarlas en las direcciones de empadronamiento, en algunos casos sin \u00e9xito. Ha habido tambi\u00e9n ocasiones en que los mismos abuelos y abuelas han dicho que no era necesario, ya que contaban con suficiente apoyo familiar.<\/p>\n<p><strong>M\u00e1s que llamadas telef\u00f3nicas<\/strong><\/p>\n<p>De hecho, el programa se inici\u00f3 con llamadas telef\u00f3nicas peri\u00f3dicas a todas las personas mayores para conocer c\u00f3mo se encontraban, cu\u00e1l era su situaci\u00f3n personal, responder sus inquietudes, hacerles recomendaciones de salud y prevenci\u00f3n, as\u00ed como conocer si necesitaban ayuda. De esta manera se pudo identificar aquellos casos en los que se requer\u00eda atenci\u00f3n a domicilio.<\/p>\n<p>As\u00ed, durante el estado de alarma se han llevado a cabo tambi\u00e9n tareas cotidianas como ir a tirar la basura o ir al supermercado a comprar o en la farmacia a buscar medicamentos, para que no tuvieran que salir a la calle. Adem\u00e1s, se ha ofrecido un servicio de limpieza a domicilio, que tambi\u00e9n finaliza hoy, as\u00ed como un servicio de comedor social a domicilio y entrega de alimentos de la Cruz Roja a las personas mayores que lo necesitaban, y que continuar\u00e1 seg\u00fan las necesidades.<\/p>\n<p>Pero el trabajo diario de los voluntarios ha ido mucho m\u00e1s all\u00e1 de estas cuestiones pr\u00e1cticas, ya que muchos se han dedicado a acompa\u00f1ar psicol\u00f3gicamente a personas que lo estaban pasando mal con procesos de angustia y ansiedad o incluso con depresi\u00f3n por la Covid-19 o por el agravamiento de procesos anteriores.<\/p>\n<p>Finalmente, los trabajadores municipales tambi\u00e9n han hecho de enlace entre estas personas y el Departamento de Salud o los hospitales cercanos en el seguimiento y el tratamiento de algunas patolog\u00edas previas. As\u00ed, tambi\u00e9n se ha asistido a personas m\u00e1s j\u00f3venes con patolog\u00edas, que necesitaban ayuda para ir a hacer los tratamientos y el seguimiento de las anal\u00edticas en el CAP, as\u00ed como personas con Covid o posible Covid en coordinaci\u00f3n con el CAP.<\/p>\n<p>&nbsp;<\/p>\n","protected":false},"excerpt":{"rendered":"<p>El Ayuntamiento plantear\u00e1, cuando sea posible, un acto de reencuentro entre la red de voluntariado y las personas atendidas durante estos tres meses, para que se puedan conocer personalmente Se ha apoyado a m\u00e1s de 2.000 personas mayores de 65 a\u00f1os que han recibido atenci\u00f3n telef\u00f3nica y ayuda en tareas cotidianas El programa de seguimiento [&hellip;]<\/p>\n","protected":false},"author":4,"featured_media":49991,"comment_status":"closed","ping_status":"closed","sticky":false,"template":"","format":"standard","meta":{"inline_featured_image":false,"_monsterinsights_skip_tracking":false,"_monsterinsights_sitenote_active":false,"_monsterinsights_sitenote_note":"","_monsterinsights_sitenote_category":0,"footnotes":""},"categories":[98,178,188],"tags":[],"class_list":["post-49984","post","type-post","status-publish","format-standard","has-post-thumbnail","hentry","category-ayuntamiento","category-coronavirus","category-coronavirus-sociales"],"yoast_head":"<!-- This site is optimized with the Yoast SEO plugin v27.4 - https:\/\/yoast.com\/product\/yoast-seo-wordpress\/ -->\n<title>Finaliza el programa de seguimiento a las personas mayores con numerosos v\u00ednculos personales que perdurar\u00e1n m\u00e1s all\u00e1 de la emergencia sanitaria - Ajuntament de Mont-roig del Camp<\/title>\n<meta name=\"robots\" content=\"index, follow, max-snippet:-1, max-image-preview:large, max-video-preview:-1\" \/>\n<link rel=\"canonical\" href=\"https:\/\/mont-roig.cat\/es\/actualitat\/noticies\/finaliza-el-programa-de-seguimiento-a-las-personas-mayores-con-numerosos-vinculos-personales-que-perduraran-mas-alla-de-la-emergencia-sanitaria\/\" \/>\n<meta property=\"og:locale\" content=\"es_ES\" \/>\n<meta property=\"og:type\" content=\"article\" \/>\n<meta property=\"og:title\" content=\"Finaliza el programa de seguimiento a las personas mayores con numerosos v\u00ednculos personales que perdurar\u00e1n m\u00e1s all\u00e1 de la emergencia sanitaria - Ajuntament de Mont-roig del Camp\" \/>\n<meta property=\"og:description\" content=\"El Ayuntamiento plantear\u00e1, cuando sea posible, un acto de reencuentro entre la red de voluntariado y las personas atendidas durante estos tres meses, para que se puedan conocer personalmente Se ha apoyado a m\u00e1s de 2.000 personas mayores de 65 a\u00f1os que han recibido atenci\u00f3n telef\u00f3nica y ayuda en tareas cotidianas El programa de seguimiento [&hellip;]\" \/>\n<meta property=\"og:url\" content=\"https:\/\/mont-roig.cat\/es\/actualitat\/noticies\/finaliza-el-programa-de-seguimiento-a-las-personas-mayores-con-numerosos-vinculos-personales-que-perduraran-mas-alla-de-la-emergencia-sanitaria\/\" \/>\n<meta property=\"og:site_name\" content=\"Ajuntament de Mont-roig del Camp\" \/>\n<meta property=\"article:published_time\" content=\"2020-06-19T17:07:09+00:00\" \/>\n<meta property=\"article:modified_time\" content=\"2020-06-19T17:27:09+00:00\" \/>\n<meta property=\"og:image\" content=\"https:\/\/mont-roig.cat\/wp-content\/uploads\/man-hands-waiting-senior-33786.jpg\" \/>\n\t<meta property=\"og:image:width\" content=\"2048\" \/>\n\t<meta property=\"og:image:height\" content=\"1365\" \/>\n\t<meta property=\"og:image:type\" content=\"image\/jpeg\" \/>\n<meta name=\"author\" content=\"administrador\" \/>\n<meta name=\"twitter:card\" content=\"summary_large_image\" \/>\n<meta name=\"twitter:label1\" content=\"Escrito por\" \/>\n\t<meta name=\"twitter:data1\" content=\"administrador\" \/>\n\t<meta name=\"twitter:label2\" content=\"Tiempo de lectura\" \/>\n\t<meta name=\"twitter:data2\" content=\"4 minutos\" \/>\n<script type=\"application\/ld+json\" class=\"yoast-schema-graph\">{\"@context\":\"https:\\\/\\\/schema.org\",\"@graph\":[{\"@type\":\"Article\",\"@id\":\"https:\\\/\\\/mont-roig.cat\\\/es\\\/actualitat\\\/noticies\\\/finaliza-el-programa-de-seguimiento-a-las-personas-mayores-con-numerosos-vinculos-personales-que-perduraran-mas-alla-de-la-emergencia-sanitaria\\\/#article\",\"isPartOf\":{\"@id\":\"https:\\\/\\\/mont-roig.cat\\\/es\\\/actualitat\\\/noticies\\\/finaliza-el-programa-de-seguimiento-a-las-personas-mayores-con-numerosos-vinculos-personales-que-perduraran-mas-alla-de-la-emergencia-sanitaria\\\/\"},\"author\":{\"name\":\"administrador\",\"@id\":\"https:\\\/\\\/mont-roig.cat\\\/es\\\/#\\\/schema\\\/person\\\/f2b111789f22b7d0c3bd6786c9128cba\"},\"headline\":\"Finaliza el programa de seguimiento a las personas mayores con numerosos v\u00ednculos personales que perdurar\u00e1n m\u00e1s all\u00e1 de la emergencia sanitaria\",\"datePublished\":\"2020-06-19T17:07:09+00:00\",\"dateModified\":\"2020-06-19T17:27:09+00:00\",\"mainEntityOfPage\":{\"@id\":\"https:\\\/\\\/mont-roig.cat\\\/es\\\/actualitat\\\/noticies\\\/finaliza-el-programa-de-seguimiento-a-las-personas-mayores-con-numerosos-vinculos-personales-que-perduraran-mas-alla-de-la-emergencia-sanitaria\\\/\"},\"wordCount\":848,\"image\":{\"@id\":\"https:\\\/\\\/mont-roig.cat\\\/es\\\/actualitat\\\/noticies\\\/finaliza-el-programa-de-seguimiento-a-las-personas-mayores-con-numerosos-vinculos-personales-que-perduraran-mas-alla-de-la-emergencia-sanitaria\\\/#primaryimage\"},\"thumbnailUrl\":\"https:\\\/\\\/mont-roig.cat\\\/wp-content\\\/uploads\\\/man-hands-waiting-senior-33786.jpg\",\"articleSection\":[\"Ayuntamiento\",\"Coronavirus\",\"Coronavirus - medidas sociales\"],\"inLanguage\":\"es\"},{\"@type\":\"WebPage\",\"@id\":\"https:\\\/\\\/mont-roig.cat\\\/es\\\/actualitat\\\/noticies\\\/finaliza-el-programa-de-seguimiento-a-las-personas-mayores-con-numerosos-vinculos-personales-que-perduraran-mas-alla-de-la-emergencia-sanitaria\\\/\",\"url\":\"https:\\\/\\\/mont-roig.cat\\\/es\\\/actualitat\\\/noticies\\\/finaliza-el-programa-de-seguimiento-a-las-personas-mayores-con-numerosos-vinculos-personales-que-perduraran-mas-alla-de-la-emergencia-sanitaria\\\/\",\"name\":\"Finaliza el programa de seguimiento a las personas mayores con numerosos v\u00ednculos personales que perdurar\u00e1n m\u00e1s all\u00e1 de la emergencia sanitaria - Ajuntament de Mont-roig del Camp\",\"isPartOf\":{\"@id\":\"https:\\\/\\\/mont-roig.cat\\\/es\\\/#website\"},\"primaryImageOfPage\":{\"@id\":\"https:\\\/\\\/mont-roig.cat\\\/es\\\/actualitat\\\/noticies\\\/finaliza-el-programa-de-seguimiento-a-las-personas-mayores-con-numerosos-vinculos-personales-que-perduraran-mas-alla-de-la-emergencia-sanitaria\\\/#primaryimage\"},\"image\":{\"@id\":\"https:\\\/\\\/mont-roig.cat\\\/es\\\/actualitat\\\/noticies\\\/finaliza-el-programa-de-seguimiento-a-las-personas-mayores-con-numerosos-vinculos-personales-que-perduraran-mas-alla-de-la-emergencia-sanitaria\\\/#primaryimage\"},\"thumbnailUrl\":\"https:\\\/\\\/mont-roig.cat\\\/wp-content\\\/uploads\\\/man-hands-waiting-senior-33786.jpg\",\"datePublished\":\"2020-06-19T17:07:09+00:00\",\"dateModified\":\"2020-06-19T17:27:09+00:00\",\"author\":{\"@id\":\"https:\\\/\\\/mont-roig.cat\\\/es\\\/#\\\/schema\\\/person\\\/f2b111789f22b7d0c3bd6786c9128cba\"},\"breadcrumb\":{\"@id\":\"https:\\\/\\\/mont-roig.cat\\\/es\\\/actualitat\\\/noticies\\\/finaliza-el-programa-de-seguimiento-a-las-personas-mayores-con-numerosos-vinculos-personales-que-perduraran-mas-alla-de-la-emergencia-sanitaria\\\/#breadcrumb\"},\"inLanguage\":\"es\",\"potentialAction\":[{\"@type\":\"ReadAction\",\"target\":[\"https:\\\/\\\/mont-roig.cat\\\/es\\\/actualitat\\\/noticies\\\/finaliza-el-programa-de-seguimiento-a-las-personas-mayores-con-numerosos-vinculos-personales-que-perduraran-mas-alla-de-la-emergencia-sanitaria\\\/\"]}]},{\"@type\":\"ImageObject\",\"inLanguage\":\"es\",\"@id\":\"https:\\\/\\\/mont-roig.cat\\\/es\\\/actualitat\\\/noticies\\\/finaliza-el-programa-de-seguimiento-a-las-personas-mayores-con-numerosos-vinculos-personales-que-perduraran-mas-alla-de-la-emergencia-sanitaria\\\/#primaryimage\",\"url\":\"https:\\\/\\\/mont-roig.cat\\\/wp-content\\\/uploads\\\/man-hands-waiting-senior-33786.jpg\",\"contentUrl\":\"https:\\\/\\\/mont-roig.cat\\\/wp-content\\\/uploads\\\/man-hands-waiting-senior-33786.jpg\",\"width\":2048,\"height\":1365},{\"@type\":\"BreadcrumbList\",\"@id\":\"https:\\\/\\\/mont-roig.cat\\\/es\\\/actualitat\\\/noticies\\\/finaliza-el-programa-de-seguimiento-a-las-personas-mayores-con-numerosos-vinculos-personales-que-perduraran-mas-alla-de-la-emergencia-sanitaria\\\/#breadcrumb\",\"itemListElement\":[{\"@type\":\"ListItem\",\"position\":1,\"name\":\"Inici\",\"item\":\"https:\\\/\\\/mont-roig.cat\\\/es\\\/pagina-de-inicio\\\/\"},{\"@type\":\"ListItem\",\"position\":2,\"name\":\"Finaliza el programa de seguimiento a las personas mayores con numerosos v\u00ednculos personales que perdurar\u00e1n m\u00e1s all\u00e1 de la emergencia sanitaria\"}]},{\"@type\":\"WebSite\",\"@id\":\"https:\\\/\\\/mont-roig.cat\\\/es\\\/#website\",\"url\":\"https:\\\/\\\/mont-roig.cat\\\/es\\\/\",\"name\":\"Ajuntament de Mont-roig del Camp\",\"description\":\"Tota la informaci\u00f3 sobre la instituci\u00f3, els seus \u00f2rgans de govern, actualitat, serveis i molt m\u00e9s.\",\"potentialAction\":[{\"@type\":\"SearchAction\",\"target\":{\"@type\":\"EntryPoint\",\"urlTemplate\":\"https:\\\/\\\/mont-roig.cat\\\/es\\\/?s={search_term_string}\"},\"query-input\":{\"@type\":\"PropertyValueSpecification\",\"valueRequired\":true,\"valueName\":\"search_term_string\"}}],\"inLanguage\":\"es\"},{\"@type\":\"Person\",\"@id\":\"https:\\\/\\\/mont-roig.cat\\\/es\\\/#\\\/schema\\\/person\\\/f2b111789f22b7d0c3bd6786c9128cba\",\"name\":\"administrador\",\"image\":{\"@type\":\"ImageObject\",\"inLanguage\":\"es\",\"@id\":\"https:\\\/\\\/secure.gravatar.com\\\/avatar\\\/9137aac6891e2595c9d3036fd83bcb653b4db3c946db4c7d9b9be193c3c944bb?s=96&d=mm&r=g\",\"url\":\"https:\\\/\\\/secure.gravatar.com\\\/avatar\\\/9137aac6891e2595c9d3036fd83bcb653b4db3c946db4c7d9b9be193c3c944bb?s=96&d=mm&r=g\",\"contentUrl\":\"https:\\\/\\\/secure.gravatar.com\\\/avatar\\\/9137aac6891e2595c9d3036fd83bcb653b4db3c946db4c7d9b9be193c3c944bb?s=96&d=mm&r=g\",\"caption\":\"administrador\"},\"url\":\"https:\\\/\\\/mont-roig.cat\\\/es\\\/actualitat\\\/noticies\\\/author\\\/administrador\\\/\"}]}<\/script>\n<!-- \/ Yoast SEO plugin. -->","yoast_head_json":{"title":"Finaliza el programa de seguimiento a las personas mayores con numerosos v\u00ednculos personales que perdurar\u00e1n m\u00e1s all\u00e1 de la emergencia sanitaria - Ajuntament de Mont-roig del Camp","robots":{"index":"index","follow":"follow","max-snippet":"max-snippet:-1","max-image-preview":"max-image-preview:large","max-video-preview":"max-video-preview:-1"},"canonical":"https:\/\/mont-roig.cat\/es\/actualitat\/noticies\/finaliza-el-programa-de-seguimiento-a-las-personas-mayores-con-numerosos-vinculos-personales-que-perduraran-mas-alla-de-la-emergencia-sanitaria\/","og_locale":"es_ES","og_type":"article","og_title":"Finaliza el programa de seguimiento a las personas mayores con numerosos v\u00ednculos personales que perdurar\u00e1n m\u00e1s all\u00e1 de la emergencia sanitaria - Ajuntament de Mont-roig del Camp","og_description":"El Ayuntamiento plantear\u00e1, cuando sea posible, un acto de reencuentro entre la red de voluntariado y las personas atendidas durante estos tres meses, para que se puedan conocer personalmente Se ha apoyado a m\u00e1s de 2.000 personas mayores de 65 a\u00f1os que han recibido atenci\u00f3n telef\u00f3nica y ayuda en tareas cotidianas El programa de seguimiento [&hellip;]","og_url":"https:\/\/mont-roig.cat\/es\/actualitat\/noticies\/finaliza-el-programa-de-seguimiento-a-las-personas-mayores-con-numerosos-vinculos-personales-que-perduraran-mas-alla-de-la-emergencia-sanitaria\/","og_site_name":"Ajuntament de Mont-roig del Camp","article_published_time":"2020-06-19T17:07:09+00:00","article_modified_time":"2020-06-19T17:27:09+00:00","og_image":[{"width":2048,"height":1365,"url":"https:\/\/mont-roig.cat\/wp-content\/uploads\/man-hands-waiting-senior-33786.jpg","type":"image\/jpeg"}],"author":"administrador","twitter_card":"summary_large_image","twitter_misc":{"Escrito por":"administrador","Tiempo de lectura":"4 minutos"},"schema":{"@context":"https:\/\/schema.org","@graph":[{"@type":"Article","@id":"https:\/\/mont-roig.cat\/es\/actualitat\/noticies\/finaliza-el-programa-de-seguimiento-a-las-personas-mayores-con-numerosos-vinculos-personales-que-perduraran-mas-alla-de-la-emergencia-sanitaria\/#article","isPartOf":{"@id":"https:\/\/mont-roig.cat\/es\/actualitat\/noticies\/finaliza-el-programa-de-seguimiento-a-las-personas-mayores-con-numerosos-vinculos-personales-que-perduraran-mas-alla-de-la-emergencia-sanitaria\/"},"author":{"name":"administrador","@id":"https:\/\/mont-roig.cat\/es\/#\/schema\/person\/f2b111789f22b7d0c3bd6786c9128cba"},"headline":"Finaliza el programa de seguimiento a las personas mayores con numerosos v\u00ednculos personales que perdurar\u00e1n m\u00e1s all\u00e1 de la emergencia sanitaria","datePublished":"2020-06-19T17:07:09+00:00","dateModified":"2020-06-19T17:27:09+00:00","mainEntityOfPage":{"@id":"https:\/\/mont-roig.cat\/es\/actualitat\/noticies\/finaliza-el-programa-de-seguimiento-a-las-personas-mayores-con-numerosos-vinculos-personales-que-perduraran-mas-alla-de-la-emergencia-sanitaria\/"},"wordCount":848,"image":{"@id":"https:\/\/mont-roig.cat\/es\/actualitat\/noticies\/finaliza-el-programa-de-seguimiento-a-las-personas-mayores-con-numerosos-vinculos-personales-que-perduraran-mas-alla-de-la-emergencia-sanitaria\/#primaryimage"},"thumbnailUrl":"https:\/\/mont-roig.cat\/wp-content\/uploads\/man-hands-waiting-senior-33786.jpg","articleSection":["Ayuntamiento","Coronavirus","Coronavirus - medidas sociales"],"inLanguage":"es"},{"@type":"WebPage","@id":"https:\/\/mont-roig.cat\/es\/actualitat\/noticies\/finaliza-el-programa-de-seguimiento-a-las-personas-mayores-con-numerosos-vinculos-personales-que-perduraran-mas-alla-de-la-emergencia-sanitaria\/","url":"https:\/\/mont-roig.cat\/es\/actualitat\/noticies\/finaliza-el-programa-de-seguimiento-a-las-personas-mayores-con-numerosos-vinculos-personales-que-perduraran-mas-alla-de-la-emergencia-sanitaria\/","name":"Finaliza el programa de seguimiento a las personas mayores con numerosos v\u00ednculos personales que perdurar\u00e1n m\u00e1s all\u00e1 de la emergencia sanitaria - Ajuntament de Mont-roig del Camp","isPartOf":{"@id":"https:\/\/mont-roig.cat\/es\/#website"},"primaryImageOfPage":{"@id":"https:\/\/mont-roig.cat\/es\/actualitat\/noticies\/finaliza-el-programa-de-seguimiento-a-las-personas-mayores-con-numerosos-vinculos-personales-que-perduraran-mas-alla-de-la-emergencia-sanitaria\/#primaryimage"},"image":{"@id":"https:\/\/mont-roig.cat\/es\/actualitat\/noticies\/finaliza-el-programa-de-seguimiento-a-las-personas-mayores-con-numerosos-vinculos-personales-que-perduraran-mas-alla-de-la-emergencia-sanitaria\/#primaryimage"},"thumbnailUrl":"https:\/\/mont-roig.cat\/wp-content\/uploads\/man-hands-waiting-senior-33786.jpg","datePublished":"2020-06-19T17:07:09+00:00","dateModified":"2020-06-19T17:27:09+00:00","author":{"@id":"https:\/\/mont-roig.cat\/es\/#\/schema\/person\/f2b111789f22b7d0c3bd6786c9128cba"},"breadcrumb":{"@id":"https:\/\/mont-roig.cat\/es\/actualitat\/noticies\/finaliza-el-programa-de-seguimiento-a-las-personas-mayores-con-numerosos-vinculos-personales-que-perduraran-mas-alla-de-la-emergencia-sanitaria\/#breadcrumb"},"inLanguage":"es","potentialAction":[{"@type":"ReadAction","target":["https:\/\/mont-roig.cat\/es\/actualitat\/noticies\/finaliza-el-programa-de-seguimiento-a-las-personas-mayores-con-numerosos-vinculos-personales-que-perduraran-mas-alla-de-la-emergencia-sanitaria\/"]}]},{"@type":"ImageObject","inLanguage":"es","@id":"https:\/\/mont-roig.cat\/es\/actualitat\/noticies\/finaliza-el-programa-de-seguimiento-a-las-personas-mayores-con-numerosos-vinculos-personales-que-perduraran-mas-alla-de-la-emergencia-sanitaria\/#primaryimage","url":"https:\/\/mont-roig.cat\/wp-content\/uploads\/man-hands-waiting-senior-33786.jpg","contentUrl":"https:\/\/mont-roig.cat\/wp-content\/uploads\/man-hands-waiting-senior-33786.jpg","width":2048,"height":1365},{"@type":"BreadcrumbList","@id":"https:\/\/mont-roig.cat\/es\/actualitat\/noticies\/finaliza-el-programa-de-seguimiento-a-las-personas-mayores-con-numerosos-vinculos-personales-que-perduraran-mas-alla-de-la-emergencia-sanitaria\/#breadcrumb","itemListElement":[{"@type":"ListItem","position":1,"name":"Inici","item":"https:\/\/mont-roig.cat\/es\/pagina-de-inicio\/"},{"@type":"ListItem","position":2,"name":"Finaliza el programa de seguimiento a las personas mayores con numerosos v\u00ednculos personales que perdurar\u00e1n m\u00e1s all\u00e1 de la emergencia sanitaria"}]},{"@type":"WebSite","@id":"https:\/\/mont-roig.cat\/es\/#website","url":"https:\/\/mont-roig.cat\/es\/","name":"Ajuntament de Mont-roig del Camp","description":"Tota la informaci\u00f3 sobre la instituci\u00f3, els seus \u00f2rgans de govern, actualitat, serveis i molt m\u00e9s.","potentialAction":[{"@type":"SearchAction","target":{"@type":"EntryPoint","urlTemplate":"https:\/\/mont-roig.cat\/es\/?s={search_term_string}"},"query-input":{"@type":"PropertyValueSpecification","valueRequired":true,"valueName":"search_term_string"}}],"inLanguage":"es"},{"@type":"Person","@id":"https:\/\/mont-roig.cat\/es\/#\/schema\/person\/f2b111789f22b7d0c3bd6786c9128cba","name":"administrador","image":{"@type":"ImageObject","inLanguage":"es","@id":"https:\/\/secure.gravatar.com\/avatar\/9137aac6891e2595c9d3036fd83bcb653b4db3c946db4c7d9b9be193c3c944bb?s=96&d=mm&r=g","url":"https:\/\/secure.gravatar.com\/avatar\/9137aac6891e2595c9d3036fd83bcb653b4db3c946db4c7d9b9be193c3c944bb?s=96&d=mm&r=g","contentUrl":"https:\/\/secure.gravatar.com\/avatar\/9137aac6891e2595c9d3036fd83bcb653b4db3c946db4c7d9b9be193c3c944bb?s=96&d=mm&r=g","caption":"administrador"},"url":"https:\/\/mont-roig.cat\/es\/actualitat\/noticies\/author\/administrador\/"}]}},"_links":{"self":[{"href":"https:\/\/mont-roig.cat\/es\/wp-json\/wp\/v2\/posts\/49984","targetHints":{"allow":["GET"]}}],"collection":[{"href":"https:\/\/mont-roig.cat\/es\/wp-json\/wp\/v2\/posts"}],"about":[{"href":"https:\/\/mont-roig.cat\/es\/wp-json\/wp\/v2\/types\/post"}],"author":[{"embeddable":true,"href":"https:\/\/mont-roig.cat\/es\/wp-json\/wp\/v2\/users\/4"}],"replies":[{"embeddable":true,"href":"https:\/\/mont-roig.cat\/es\/wp-json\/wp\/v2\/comments?post=49984"}],"version-history":[{"count":5,"href":"https:\/\/mont-roig.cat\/es\/wp-json\/wp\/v2\/posts\/49984\/revisions"}],"predecessor-version":[{"id":49995,"href":"https:\/\/mont-roig.cat\/es\/wp-json\/wp\/v2\/posts\/49984\/revisions\/49995"}],"wp:featuredmedia":[{"embeddable":true,"href":"https:\/\/mont-roig.cat\/es\/wp-json\/wp\/v2\/media\/49991"}],"wp:attachment":[{"href":"https:\/\/mont-roig.cat\/es\/wp-json\/wp\/v2\/media?parent=49984"}],"wp:term":[{"taxonomy":"category","embeddable":true,"href":"https:\/\/mont-roig.cat\/es\/wp-json\/wp\/v2\/categories?post=49984"},{"taxonomy":"post_tag","embeddable":true,"href":"https:\/\/mont-roig.cat\/es\/wp-json\/wp\/v2\/tags?post=49984"}],"curies":[{"name":"wp","href":"https:\/\/api.w.org\/{rel}","templated":true}]}}