{"id":50042,"date":"2020-06-22T13:32:12","date_gmt":"2020-06-22T11:32:12","guid":{"rendered":"https:\/\/mont-roig.cat\/actualitat\/noticies\/comenca-el-periode-per-realitzar-les-inscripcions-del-transport-escolar-als-centres-educatius-del-municipi\/"},"modified":"2020-06-22T13:44:02","modified_gmt":"2020-06-22T11:44:02","slug":"comienza-el-periodo-para-realizar-las-inscripciones-del-transporte-escolar-en-los-centros-educativos-del-municipio","status":"publish","type":"post","link":"https:\/\/mont-roig.cat\/es\/actualitat\/noticies\/comienza-el-periodo-para-realizar-las-inscripciones-del-transporte-escolar-en-los-centros-educativos-del-municipio\/","title":{"rendered":"Comienza el periodo para realizar las inscripciones del transporte escolar en los centros educativos del municipio"},"content":{"rendered":"<ul>\n<li><a href=\"https:\/\/mont-roig.cat\/wp-content\/uploads\/foto_bus_municipal-1.jpg\"><img loading=\"lazy\" decoding=\"async\" class=\"alignright wp-image-50038\" src=\"https:\/\/mont-roig.cat\/wp-content\/uploads\/foto_bus_municipal-1-500x281.jpg\" alt=\"\" width=\"283\" height=\"159\" srcset=\"https:\/\/mont-roig.cat\/wp-content\/uploads\/foto_bus_municipal-1-500x281.jpg 500w, https:\/\/mont-roig.cat\/wp-content\/uploads\/foto_bus_municipal-1-1024x576.jpg 1024w, https:\/\/mont-roig.cat\/wp-content\/uploads\/foto_bus_municipal-1-768x432.jpg 768w, https:\/\/mont-roig.cat\/wp-content\/uploads\/foto_bus_municipal-1.jpg 1280w\" sizes=\"auto, (max-width: 283px) 100vw, 283px\" \/><\/a><strong>Hasta el 31 de julio se pueden hacer los\u00a0 tr\u00e1mites, preferentemente de forma telem\u00e1tica, a trav\u00e9s de varios canales.<\/strong><\/li>\n<\/ul>\n<p>Desde el d\u00eda 23 de junio hasta el 31 de julio de 2020 se pueden hacer las inscripciones para el transporte escolar municipal de cara al pr\u00f3ximo curso escolar en todos los centros educativos del municipio: el Instituto Miami, la Escuela Mare de D\u00e9u de la Roca , la Escuela Joan Mir\u00f3, la Escuela Marcel\u00b7l\u00ed Esquius y los alumnos del Instituto Antoni Ballester y tambi\u00e9n de Ciclos Formativos. Estas inscripciones se realizar\u00e1n de telem\u00e1ticamente de forma preferentea partir de las siguientes modalidades:<\/p>\n<p>Rellenando la solicitud a la Sede Electr\u00f3nica, <a href=\"https:\/\/mont-roig.eadministracio.cat\" target=\"_blank\" rel=\"noopener noreferrer\">https:\/\/mont-roig.eadministracio.cat<\/a><br \/>\nDe manera telem\u00e1tica, con la asistencia del personal de la OMAC. Habr\u00e1 que solicitar cita previa en el enlace <a href=\"https:\/\/mont-roig.eadministracio.cat\/citaprevia.1\" target=\"_blank\" rel=\"noopener noreferrer\">https:\/\/mont-roig.eadministracio.cat\/citaprevia.1<\/a><br \/>\nEn caso de que el tr\u00e1mite no se pueda realizar de forma telem\u00e1tica, cuando el ciudadano \/ a no disponga de los medios necesarios para realizar la tramitaci\u00f3n telem\u00e1tica, podr\u00e1n realizar de forma presencial en las OMAC, solicitando cita previa en la web municipal <a href=\"https:\/\/citaprevia.mont-roig.cat\/mont-roig\/\" target=\"_blank\" rel=\"noopener noreferrer\">https:\/\/citaprevia.mont-roig.cat\/mont-roig\/<\/a>, enviando un correo a omac@mont-roig.cat o bien llamando al tel\u00e9fono 977 83 70 05. una vez solicitada la cita previa, ser\u00e1 necesario asistir al la hora de la cita en la oficina correspondiente y seguir las medidas de prevenci\u00f3n para entrar en el equipamiento municipal: uso de mascarilla obligatorio, mantener distancia de seguridad, limpiarse las manos con gel hidroalcoh\u00f3lico. Adem\u00e1s, en el caso de las OMAC habr\u00e1 que respetar el aforo y las indicaciones del personal municipal (5 personas m\u00e1ximo en las oficinas de Miami y 2 personas m\u00e1ximo a las de Mont-roig), no acceder acompa\u00f1ado \/ a, llevar un bol\u00edgrafo de casa y enviar previamente la documentaci\u00f3n para tramitar en formato digital a educacio@mont-roig.cat.<\/p>\n<p>Hay que recordar que el usuario que tenga deudas de transporte de cursos anteriores no podr\u00e1 utilizar el autob\u00fas hasta que liquide la deuda pendiente.<\/p>\n<p>La documentaci\u00f3n que se debe aportar es la siguiente:<\/p>\n<ul>\n<li>Rellenar la solicitud del servicio de transporte escolar y domiciliaci\u00f3n bancaria firmado por el padre, madre o tutor legal del alumno \/ a, en caso de que sea menor de edad.<\/li>\n<li>NIF \/ NIE o pasaporte del padre, madre o tutor legal.<\/li>\n<li>DNI o NIE del alumno \/ a.<\/li>\n<li>N\u00famero de la cuenta bancaria.<\/li>\n<li>Libro de familia (s\u00f3lo para aquellas familias que inscriban 2 o m\u00e1s usuarios en el servicio de transporte escolar).<\/li>\n<li>Declaraci\u00f3n de Renta 2019 o certificaci\u00f3n negativa emitida por la Agencia Tributaria (s\u00f3lo para aquellas familias que la renta per c\u00e1pita de los miembros de la unidad de convivencia del 2019 no supere el Salario M\u00ednimo Interprofesional de 12.600 \u20ac). O bien, autorizar al Ayuntamiento a hacer las consultas necesarias en las plataformas de intermediaci\u00f3n de datos entre administraciones p\u00fablicas para la tramitaci\u00f3n de la solicitud.<\/li>\n<\/ul>\n<p>Precio:<\/p>\n<p>Precio: 1,50 \u20ac \/ alumno \/ d\u00eda lectivo<\/p>\n<p><strong>Tarifas reducidas y exenciones:<\/strong><\/p>\n<p>Para disfrutar de las tarifas reducidas y exenciones ser\u00e1 necesario que los usuarios re\u00fanan los siguientes criterios:<\/p>\n<p>Alumnos escolarizados en el centro educativo que les corresponde por zonificaci\u00f3n escolar.<br \/>\nAlumnos que residan en un radio superior a un 1 kil\u00f3metro del centro educativo donde est\u00e1n escolarizados.<br \/>\n<em>Tarifa reducida: 0,75 \u20ac \/ alumno \/ d\u00eda lectivo<\/em><\/p>\n<p>Los usuarios que hagan uso del transporte escolar y re\u00fanan los criterios establecidos, tendr\u00e1n derecho a disfrutar de una reducci\u00f3n del 50% de la tarifa para cada usuario inscrito en el servicio.<\/p>\n<p><em>Tarifa reducida: 0,60 \u20ac \/ alumno \/ d\u00eda lectivo<\/em><\/p>\n<p>Familias con 2 o m\u00e1s usuarios inscritos en el servicio de transporte escolar<\/p>\n<p>Las familias que tengan dos o m\u00e1s hijos que hagan uso del servicio de transporte escolar y re\u00fanan los criterios establecidos, podr\u00e1n disfrutar de una reducci\u00f3n del 60% de la tarifa para cada uno de los usuarios inscritos en el servicio, presentando junto con la sol solicitud, una copia del libro de familia.<\/p>\n<p>Gratuito (Exenciones)<\/p>\n<p>Familias con ingresos inferiores al SMI<\/p>\n<p>Los usuarios que hagan uso del transporte escolar y re\u00fanan los criterios establecidos, ser\u00e1n eximidos de las tarifas del transporte los usuarios de los cuales, la renta per c\u00e1pita de los miembros de la unidad de convivencia familiar de 2019 no supere el salario m\u00ednimo interprofesional (12.600 \u20ac) .<\/p>\n<p>El cobro del precio p\u00fablico del servicio de transporte escolar se realizar\u00e1 mediante domiciliaci\u00f3n bancaria con una periodicidad trimestral.<\/p>\n","protected":false},"excerpt":{"rendered":"<p>Hasta el 31 de julio se pueden hacer los\u00a0 tr\u00e1mites, preferentemente de forma telem\u00e1tica, a trav\u00e9s de varios canales. Desde el d\u00eda 23 de junio hasta el 31 de julio de 2020 se pueden hacer las inscripciones para el transporte escolar municipal de cara al pr\u00f3ximo curso escolar en todos los centros educativos del municipio: [&hellip;]<\/p>\n","protected":false},"author":4,"featured_media":50039,"comment_status":"closed","ping_status":"closed","sticky":false,"template":"","format":"standard","meta":{"inline_featured_image":false,"_monsterinsights_skip_tracking":false,"_monsterinsights_sitenote_active":false,"_monsterinsights_sitenote_note":"","_monsterinsights_sitenote_category":0,"footnotes":""},"categories":[98,103],"tags":[],"class_list":["post-50042","post","type-post","status-publish","format-standard","has-post-thumbnail","hentry","category-ayuntamiento","category-educacion"],"yoast_head":"<!-- This site is optimized with the Yoast SEO plugin v27.4 - https:\/\/yoast.com\/product\/yoast-seo-wordpress\/ -->\n<title>Comienza el periodo para realizar las inscripciones del transporte escolar en los centros educativos del municipio - Ajuntament de Mont-roig del Camp<\/title>\n<meta name=\"robots\" content=\"index, follow, max-snippet:-1, max-image-preview:large, max-video-preview:-1\" \/>\n<link rel=\"canonical\" href=\"https:\/\/mont-roig.cat\/es\/actualitat\/noticies\/comienza-el-periodo-para-realizar-las-inscripciones-del-transporte-escolar-en-los-centros-educativos-del-municipio\/\" \/>\n<meta property=\"og:locale\" content=\"es_ES\" \/>\n<meta property=\"og:type\" content=\"article\" \/>\n<meta property=\"og:title\" content=\"Comienza el periodo para realizar las inscripciones del transporte escolar en los centros educativos del municipio - Ajuntament de Mont-roig del Camp\" \/>\n<meta property=\"og:description\" content=\"Hasta el 31 de julio se pueden hacer los\u00a0 tr\u00e1mites, preferentemente de forma telem\u00e1tica, a trav\u00e9s de varios canales. Desde el d\u00eda 23 de junio hasta el 31 de julio de 2020 se pueden hacer las inscripciones para el transporte escolar municipal de cara al pr\u00f3ximo curso escolar en todos los centros educativos del municipio: [&hellip;]\" \/>\n<meta property=\"og:url\" content=\"https:\/\/mont-roig.cat\/es\/actualitat\/noticies\/comienza-el-periodo-para-realizar-las-inscripciones-del-transporte-escolar-en-los-centros-educativos-del-municipio\/\" \/>\n<meta property=\"og:site_name\" content=\"Ajuntament de Mont-roig del Camp\" \/>\n<meta property=\"article:published_time\" content=\"2020-06-22T11:32:12+00:00\" \/>\n<meta property=\"article:modified_time\" content=\"2020-06-22T11:44:02+00:00\" \/>\n<meta property=\"og:image\" content=\"https:\/\/mont-roig.cat\/wp-content\/uploads\/foto_bus_municipal-1.jpg\" \/>\n\t<meta property=\"og:image:width\" content=\"1280\" \/>\n\t<meta property=\"og:image:height\" content=\"720\" \/>\n\t<meta property=\"og:image:type\" content=\"image\/jpeg\" \/>\n<meta name=\"author\" content=\"administrador\" \/>\n<meta name=\"twitter:card\" content=\"summary_large_image\" \/>\n<meta name=\"twitter:label1\" content=\"Escrito por\" \/>\n\t<meta name=\"twitter:data1\" content=\"administrador\" \/>\n\t<meta name=\"twitter:label2\" content=\"Tiempo de lectura\" \/>\n\t<meta name=\"twitter:data2\" content=\"4 minutos\" \/>\n<script type=\"application\/ld+json\" class=\"yoast-schema-graph\">{\"@context\":\"https:\\\/\\\/schema.org\",\"@graph\":[{\"@type\":\"Article\",\"@id\":\"https:\\\/\\\/mont-roig.cat\\\/es\\\/actualitat\\\/noticies\\\/comienza-el-periodo-para-realizar-las-inscripciones-del-transporte-escolar-en-los-centros-educativos-del-municipio\\\/#article\",\"isPartOf\":{\"@id\":\"https:\\\/\\\/mont-roig.cat\\\/es\\\/actualitat\\\/noticies\\\/comienza-el-periodo-para-realizar-las-inscripciones-del-transporte-escolar-en-los-centros-educativos-del-municipio\\\/\"},\"author\":{\"name\":\"administrador\",\"@id\":\"https:\\\/\\\/mont-roig.cat\\\/es\\\/#\\\/schema\\\/person\\\/f2b111789f22b7d0c3bd6786c9128cba\"},\"headline\":\"Comienza el periodo para realizar las inscripciones del transporte escolar en los centros educativos del municipio\",\"datePublished\":\"2020-06-22T11:32:12+00:00\",\"dateModified\":\"2020-06-22T11:44:02+00:00\",\"mainEntityOfPage\":{\"@id\":\"https:\\\/\\\/mont-roig.cat\\\/es\\\/actualitat\\\/noticies\\\/comienza-el-periodo-para-realizar-las-inscripciones-del-transporte-escolar-en-los-centros-educativos-del-municipio\\\/\"},\"wordCount\":764,\"image\":{\"@id\":\"https:\\\/\\\/mont-roig.cat\\\/es\\\/actualitat\\\/noticies\\\/comienza-el-periodo-para-realizar-las-inscripciones-del-transporte-escolar-en-los-centros-educativos-del-municipio\\\/#primaryimage\"},\"thumbnailUrl\":\"https:\\\/\\\/mont-roig.cat\\\/wp-content\\\/uploads\\\/foto_bus_municipal-1.jpg\",\"articleSection\":[\"Ayuntamiento\",\"Educaci\u00f3n\"],\"inLanguage\":\"es\"},{\"@type\":\"WebPage\",\"@id\":\"https:\\\/\\\/mont-roig.cat\\\/es\\\/actualitat\\\/noticies\\\/comienza-el-periodo-para-realizar-las-inscripciones-del-transporte-escolar-en-los-centros-educativos-del-municipio\\\/\",\"url\":\"https:\\\/\\\/mont-roig.cat\\\/es\\\/actualitat\\\/noticies\\\/comienza-el-periodo-para-realizar-las-inscripciones-del-transporte-escolar-en-los-centros-educativos-del-municipio\\\/\",\"name\":\"Comienza el periodo para realizar las inscripciones del transporte escolar en los centros educativos del municipio - Ajuntament de Mont-roig del Camp\",\"isPartOf\":{\"@id\":\"https:\\\/\\\/mont-roig.cat\\\/es\\\/#website\"},\"primaryImageOfPage\":{\"@id\":\"https:\\\/\\\/mont-roig.cat\\\/es\\\/actualitat\\\/noticies\\\/comienza-el-periodo-para-realizar-las-inscripciones-del-transporte-escolar-en-los-centros-educativos-del-municipio\\\/#primaryimage\"},\"image\":{\"@id\":\"https:\\\/\\\/mont-roig.cat\\\/es\\\/actualitat\\\/noticies\\\/comienza-el-periodo-para-realizar-las-inscripciones-del-transporte-escolar-en-los-centros-educativos-del-municipio\\\/#primaryimage\"},\"thumbnailUrl\":\"https:\\\/\\\/mont-roig.cat\\\/wp-content\\\/uploads\\\/foto_bus_municipal-1.jpg\",\"datePublished\":\"2020-06-22T11:32:12+00:00\",\"dateModified\":\"2020-06-22T11:44:02+00:00\",\"author\":{\"@id\":\"https:\\\/\\\/mont-roig.cat\\\/es\\\/#\\\/schema\\\/person\\\/f2b111789f22b7d0c3bd6786c9128cba\"},\"breadcrumb\":{\"@id\":\"https:\\\/\\\/mont-roig.cat\\\/es\\\/actualitat\\\/noticies\\\/comienza-el-periodo-para-realizar-las-inscripciones-del-transporte-escolar-en-los-centros-educativos-del-municipio\\\/#breadcrumb\"},\"inLanguage\":\"es\",\"potentialAction\":[{\"@type\":\"ReadAction\",\"target\":[\"https:\\\/\\\/mont-roig.cat\\\/es\\\/actualitat\\\/noticies\\\/comienza-el-periodo-para-realizar-las-inscripciones-del-transporte-escolar-en-los-centros-educativos-del-municipio\\\/\"]}]},{\"@type\":\"ImageObject\",\"inLanguage\":\"es\",\"@id\":\"https:\\\/\\\/mont-roig.cat\\\/es\\\/actualitat\\\/noticies\\\/comienza-el-periodo-para-realizar-las-inscripciones-del-transporte-escolar-en-los-centros-educativos-del-municipio\\\/#primaryimage\",\"url\":\"https:\\\/\\\/mont-roig.cat\\\/wp-content\\\/uploads\\\/foto_bus_municipal-1.jpg\",\"contentUrl\":\"https:\\\/\\\/mont-roig.cat\\\/wp-content\\\/uploads\\\/foto_bus_municipal-1.jpg\",\"width\":1280,\"height\":720},{\"@type\":\"BreadcrumbList\",\"@id\":\"https:\\\/\\\/mont-roig.cat\\\/es\\\/actualitat\\\/noticies\\\/comienza-el-periodo-para-realizar-las-inscripciones-del-transporte-escolar-en-los-centros-educativos-del-municipio\\\/#breadcrumb\",\"itemListElement\":[{\"@type\":\"ListItem\",\"position\":1,\"name\":\"Inici\",\"item\":\"https:\\\/\\\/mont-roig.cat\\\/es\\\/pagina-de-inicio\\\/\"},{\"@type\":\"ListItem\",\"position\":2,\"name\":\"Comienza el periodo para realizar las inscripciones del transporte escolar en los centros educativos del municipio\"}]},{\"@type\":\"WebSite\",\"@id\":\"https:\\\/\\\/mont-roig.cat\\\/es\\\/#website\",\"url\":\"https:\\\/\\\/mont-roig.cat\\\/es\\\/\",\"name\":\"Ajuntament de Mont-roig del Camp\",\"description\":\"Tota la informaci\u00f3 sobre la instituci\u00f3, els seus \u00f2rgans de govern, actualitat, serveis i molt m\u00e9s.\",\"potentialAction\":[{\"@type\":\"SearchAction\",\"target\":{\"@type\":\"EntryPoint\",\"urlTemplate\":\"https:\\\/\\\/mont-roig.cat\\\/es\\\/?s={search_term_string}\"},\"query-input\":{\"@type\":\"PropertyValueSpecification\",\"valueRequired\":true,\"valueName\":\"search_term_string\"}}],\"inLanguage\":\"es\"},{\"@type\":\"Person\",\"@id\":\"https:\\\/\\\/mont-roig.cat\\\/es\\\/#\\\/schema\\\/person\\\/f2b111789f22b7d0c3bd6786c9128cba\",\"name\":\"administrador\",\"image\":{\"@type\":\"ImageObject\",\"inLanguage\":\"es\",\"@id\":\"https:\\\/\\\/secure.gravatar.com\\\/avatar\\\/9137aac6891e2595c9d3036fd83bcb653b4db3c946db4c7d9b9be193c3c944bb?s=96&d=mm&r=g\",\"url\":\"https:\\\/\\\/secure.gravatar.com\\\/avatar\\\/9137aac6891e2595c9d3036fd83bcb653b4db3c946db4c7d9b9be193c3c944bb?s=96&d=mm&r=g\",\"contentUrl\":\"https:\\\/\\\/secure.gravatar.com\\\/avatar\\\/9137aac6891e2595c9d3036fd83bcb653b4db3c946db4c7d9b9be193c3c944bb?s=96&d=mm&r=g\",\"caption\":\"administrador\"},\"url\":\"https:\\\/\\\/mont-roig.cat\\\/es\\\/actualitat\\\/noticies\\\/author\\\/administrador\\\/\"}]}<\/script>\n<!-- \/ Yoast SEO plugin. -->","yoast_head_json":{"title":"Comienza el periodo para realizar las inscripciones del transporte escolar en los centros educativos del municipio - Ajuntament de Mont-roig del Camp","robots":{"index":"index","follow":"follow","max-snippet":"max-snippet:-1","max-image-preview":"max-image-preview:large","max-video-preview":"max-video-preview:-1"},"canonical":"https:\/\/mont-roig.cat\/es\/actualitat\/noticies\/comienza-el-periodo-para-realizar-las-inscripciones-del-transporte-escolar-en-los-centros-educativos-del-municipio\/","og_locale":"es_ES","og_type":"article","og_title":"Comienza el periodo para realizar las inscripciones del transporte escolar en los centros educativos del municipio - Ajuntament de Mont-roig del Camp","og_description":"Hasta el 31 de julio se pueden hacer los\u00a0 tr\u00e1mites, preferentemente de forma telem\u00e1tica, a trav\u00e9s de varios canales. Desde el d\u00eda 23 de junio hasta el 31 de julio de 2020 se pueden hacer las inscripciones para el transporte escolar municipal de cara al pr\u00f3ximo curso escolar en todos los centros educativos del municipio: [&hellip;]","og_url":"https:\/\/mont-roig.cat\/es\/actualitat\/noticies\/comienza-el-periodo-para-realizar-las-inscripciones-del-transporte-escolar-en-los-centros-educativos-del-municipio\/","og_site_name":"Ajuntament de Mont-roig del Camp","article_published_time":"2020-06-22T11:32:12+00:00","article_modified_time":"2020-06-22T11:44:02+00:00","og_image":[{"width":1280,"height":720,"url":"https:\/\/mont-roig.cat\/wp-content\/uploads\/foto_bus_municipal-1.jpg","type":"image\/jpeg"}],"author":"administrador","twitter_card":"summary_large_image","twitter_misc":{"Escrito por":"administrador","Tiempo de lectura":"4 minutos"},"schema":{"@context":"https:\/\/schema.org","@graph":[{"@type":"Article","@id":"https:\/\/mont-roig.cat\/es\/actualitat\/noticies\/comienza-el-periodo-para-realizar-las-inscripciones-del-transporte-escolar-en-los-centros-educativos-del-municipio\/#article","isPartOf":{"@id":"https:\/\/mont-roig.cat\/es\/actualitat\/noticies\/comienza-el-periodo-para-realizar-las-inscripciones-del-transporte-escolar-en-los-centros-educativos-del-municipio\/"},"author":{"name":"administrador","@id":"https:\/\/mont-roig.cat\/es\/#\/schema\/person\/f2b111789f22b7d0c3bd6786c9128cba"},"headline":"Comienza el periodo para realizar las inscripciones del transporte escolar en los centros educativos del municipio","datePublished":"2020-06-22T11:32:12+00:00","dateModified":"2020-06-22T11:44:02+00:00","mainEntityOfPage":{"@id":"https:\/\/mont-roig.cat\/es\/actualitat\/noticies\/comienza-el-periodo-para-realizar-las-inscripciones-del-transporte-escolar-en-los-centros-educativos-del-municipio\/"},"wordCount":764,"image":{"@id":"https:\/\/mont-roig.cat\/es\/actualitat\/noticies\/comienza-el-periodo-para-realizar-las-inscripciones-del-transporte-escolar-en-los-centros-educativos-del-municipio\/#primaryimage"},"thumbnailUrl":"https:\/\/mont-roig.cat\/wp-content\/uploads\/foto_bus_municipal-1.jpg","articleSection":["Ayuntamiento","Educaci\u00f3n"],"inLanguage":"es"},{"@type":"WebPage","@id":"https:\/\/mont-roig.cat\/es\/actualitat\/noticies\/comienza-el-periodo-para-realizar-las-inscripciones-del-transporte-escolar-en-los-centros-educativos-del-municipio\/","url":"https:\/\/mont-roig.cat\/es\/actualitat\/noticies\/comienza-el-periodo-para-realizar-las-inscripciones-del-transporte-escolar-en-los-centros-educativos-del-municipio\/","name":"Comienza el periodo para realizar las inscripciones del transporte escolar en los centros educativos del municipio - Ajuntament de Mont-roig del Camp","isPartOf":{"@id":"https:\/\/mont-roig.cat\/es\/#website"},"primaryImageOfPage":{"@id":"https:\/\/mont-roig.cat\/es\/actualitat\/noticies\/comienza-el-periodo-para-realizar-las-inscripciones-del-transporte-escolar-en-los-centros-educativos-del-municipio\/#primaryimage"},"image":{"@id":"https:\/\/mont-roig.cat\/es\/actualitat\/noticies\/comienza-el-periodo-para-realizar-las-inscripciones-del-transporte-escolar-en-los-centros-educativos-del-municipio\/#primaryimage"},"thumbnailUrl":"https:\/\/mont-roig.cat\/wp-content\/uploads\/foto_bus_municipal-1.jpg","datePublished":"2020-06-22T11:32:12+00:00","dateModified":"2020-06-22T11:44:02+00:00","author":{"@id":"https:\/\/mont-roig.cat\/es\/#\/schema\/person\/f2b111789f22b7d0c3bd6786c9128cba"},"breadcrumb":{"@id":"https:\/\/mont-roig.cat\/es\/actualitat\/noticies\/comienza-el-periodo-para-realizar-las-inscripciones-del-transporte-escolar-en-los-centros-educativos-del-municipio\/#breadcrumb"},"inLanguage":"es","potentialAction":[{"@type":"ReadAction","target":["https:\/\/mont-roig.cat\/es\/actualitat\/noticies\/comienza-el-periodo-para-realizar-las-inscripciones-del-transporte-escolar-en-los-centros-educativos-del-municipio\/"]}]},{"@type":"ImageObject","inLanguage":"es","@id":"https:\/\/mont-roig.cat\/es\/actualitat\/noticies\/comienza-el-periodo-para-realizar-las-inscripciones-del-transporte-escolar-en-los-centros-educativos-del-municipio\/#primaryimage","url":"https:\/\/mont-roig.cat\/wp-content\/uploads\/foto_bus_municipal-1.jpg","contentUrl":"https:\/\/mont-roig.cat\/wp-content\/uploads\/foto_bus_municipal-1.jpg","width":1280,"height":720},{"@type":"BreadcrumbList","@id":"https:\/\/mont-roig.cat\/es\/actualitat\/noticies\/comienza-el-periodo-para-realizar-las-inscripciones-del-transporte-escolar-en-los-centros-educativos-del-municipio\/#breadcrumb","itemListElement":[{"@type":"ListItem","position":1,"name":"Inici","item":"https:\/\/mont-roig.cat\/es\/pagina-de-inicio\/"},{"@type":"ListItem","position":2,"name":"Comienza el periodo para realizar las inscripciones del transporte escolar en los centros educativos del municipio"}]},{"@type":"WebSite","@id":"https:\/\/mont-roig.cat\/es\/#website","url":"https:\/\/mont-roig.cat\/es\/","name":"Ajuntament de Mont-roig del Camp","description":"Tota la informaci\u00f3 sobre la instituci\u00f3, els seus \u00f2rgans de govern, actualitat, serveis i molt m\u00e9s.","potentialAction":[{"@type":"SearchAction","target":{"@type":"EntryPoint","urlTemplate":"https:\/\/mont-roig.cat\/es\/?s={search_term_string}"},"query-input":{"@type":"PropertyValueSpecification","valueRequired":true,"valueName":"search_term_string"}}],"inLanguage":"es"},{"@type":"Person","@id":"https:\/\/mont-roig.cat\/es\/#\/schema\/person\/f2b111789f22b7d0c3bd6786c9128cba","name":"administrador","image":{"@type":"ImageObject","inLanguage":"es","@id":"https:\/\/secure.gravatar.com\/avatar\/9137aac6891e2595c9d3036fd83bcb653b4db3c946db4c7d9b9be193c3c944bb?s=96&d=mm&r=g","url":"https:\/\/secure.gravatar.com\/avatar\/9137aac6891e2595c9d3036fd83bcb653b4db3c946db4c7d9b9be193c3c944bb?s=96&d=mm&r=g","contentUrl":"https:\/\/secure.gravatar.com\/avatar\/9137aac6891e2595c9d3036fd83bcb653b4db3c946db4c7d9b9be193c3c944bb?s=96&d=mm&r=g","caption":"administrador"},"url":"https:\/\/mont-roig.cat\/es\/actualitat\/noticies\/author\/administrador\/"}]}},"_links":{"self":[{"href":"https:\/\/mont-roig.cat\/es\/wp-json\/wp\/v2\/posts\/50042","targetHints":{"allow":["GET"]}}],"collection":[{"href":"https:\/\/mont-roig.cat\/es\/wp-json\/wp\/v2\/posts"}],"about":[{"href":"https:\/\/mont-roig.cat\/es\/wp-json\/wp\/v2\/types\/post"}],"author":[{"embeddable":true,"href":"https:\/\/mont-roig.cat\/es\/wp-json\/wp\/v2\/users\/4"}],"replies":[{"embeddable":true,"href":"https:\/\/mont-roig.cat\/es\/wp-json\/wp\/v2\/comments?post=50042"}],"version-history":[{"count":2,"href":"https:\/\/mont-roig.cat\/es\/wp-json\/wp\/v2\/posts\/50042\/revisions"}],"predecessor-version":[{"id":50044,"href":"https:\/\/mont-roig.cat\/es\/wp-json\/wp\/v2\/posts\/50042\/revisions\/50044"}],"wp:featuredmedia":[{"embeddable":true,"href":"https:\/\/mont-roig.cat\/es\/wp-json\/wp\/v2\/media\/50039"}],"wp:attachment":[{"href":"https:\/\/mont-roig.cat\/es\/wp-json\/wp\/v2\/media?parent=50042"}],"wp:term":[{"taxonomy":"category","embeddable":true,"href":"https:\/\/mont-roig.cat\/es\/wp-json\/wp\/v2\/categories?post=50042"},{"taxonomy":"post_tag","embeddable":true,"href":"https:\/\/mont-roig.cat\/es\/wp-json\/wp\/v2\/tags?post=50042"}],"curies":[{"name":"wp","href":"https:\/\/api.w.org\/{rel}","templated":true}]}}