{"id":50053,"date":"2020-06-22T14:48:05","date_gmt":"2020-06-22T12:48:05","guid":{"rendered":"https:\/\/mont-roig.cat\/actualitat\/noticies\/reobren-els-parcs-infantils-i-els-parcs-esportius-a-laire-lliure\/"},"modified":"2020-06-22T14:51:43","modified_gmt":"2020-06-22T12:51:43","slug":"volieu-dir-obren-els-parcs-infantils-i-els-parcs-esportius-a-laire-lliure-65-5000-reabren-los-parques-infantiles-y-los-parques-deportivos-al-aire-libre","status":"publish","type":"post","link":"https:\/\/mont-roig.cat\/es\/actualitat\/noticies\/volieu-dir-obren-els-parcs-infantils-i-els-parcs-esportius-a-laire-lliure-65-5000-reabren-los-parques-infantiles-y-los-parques-deportivos-al-aire-libre\/","title":{"rendered":"Reabren los parques infantiles y los parques deportivos al aire libre"},"content":{"rendered":"<p><strong><strong><a href=\"https:\/\/mont-roig.cat\/wp-content\/uploads\/Nova-zona-de-jocs-infantils-de-Mont-roig-1.jpg\"><img loading=\"lazy\" decoding=\"async\" class=\"alignright wp-image-50049\" src=\"https:\/\/mont-roig.cat\/wp-content\/uploads\/Nova-zona-de-jocs-infantils-de-Mont-roig-1-500x375.jpg\" alt=\"\" width=\"287\" height=\"215\" srcset=\"https:\/\/mont-roig.cat\/wp-content\/uploads\/Nova-zona-de-jocs-infantils-de-Mont-roig-1-500x375.jpg 500w, https:\/\/mont-roig.cat\/wp-content\/uploads\/Nova-zona-de-jocs-infantils-de-Mont-roig-1-1024x768.jpg 1024w, https:\/\/mont-roig.cat\/wp-content\/uploads\/Nova-zona-de-jocs-infantils-de-Mont-roig-1-768x576.jpg 768w, https:\/\/mont-roig.cat\/wp-content\/uploads\/Nova-zona-de-jocs-infantils-de-Mont-roig-1-1536x1152.jpg 1536w, https:\/\/mont-roig.cat\/wp-content\/uploads\/Nova-zona-de-jocs-infantils-de-Mont-roig-1-463x348.jpg 463w, https:\/\/mont-roig.cat\/wp-content\/uploads\/Nova-zona-de-jocs-infantils-de-Mont-roig-1.jpg 1600w\" sizes=\"auto, (max-width: 287px) 100vw, 287px\" \/><\/a><\/strong><\/strong><\/p>\n<ul>\n<li><strong>A partir del 23 de junio la empresa p\u00fablica Nostreserveis har\u00e1 una limpieza diaria de estos espacios para garantizar su seguridad sanitaria.<\/strong><\/li>\n<\/ul>\n<p>Coincidiendo con la finalizaci\u00f3n del estado de alarma por el Covid-19 y la etapa de nueva normalidad, se reabren los parques infantiles y deportivos en el municipio a partir de ma\u00f1ana, 23 de junio. El Ayuntamiento de Mont-roig del Camp ha requerido a la empresa p\u00fablica Nostreserveis la realizaci\u00f3n de una limpieza diaria de los parques para garantizar la higiene y la seguridad sanitaria de estos espacios.<\/p>\n<p>Se recuerda a los usuarios que se deber\u00e1n seguir las normas de uso, distanciamiento social, higiene y seguridad que imponen las autoridades sanitarias.<\/p>\n","protected":false},"excerpt":{"rendered":"<p>A partir del 23 de junio la empresa p\u00fablica Nostreserveis har\u00e1 una limpieza diaria de estos espacios para garantizar su seguridad sanitaria. Coincidiendo con la finalizaci\u00f3n del estado de alarma por el Covid-19 y la etapa de nueva normalidad, se reabren los parques infantiles y deportivos en el municipio a partir de ma\u00f1ana, 23 de [&hellip;]<\/p>\n","protected":false},"author":4,"featured_media":50050,"comment_status":"closed","ping_status":"closed","sticky":false,"template":"","format":"standard","meta":{"inline_featured_image":false,"_monsterinsights_skip_tracking":false,"_monsterinsights_sitenote_active":false,"_monsterinsights_sitenote_note":"","_monsterinsights_sitenote_category":0,"footnotes":""},"categories":[98,178,191],"tags":[],"class_list":["post-50053","post","type-post","status-publish","format-standard","has-post-thumbnail","hentry","category-ayuntamiento","category-coronavirus","category-cov-fases-i-desescalada-es"],"yoast_head":"<!-- This site is optimized with the Yoast SEO plugin v27.4 - https:\/\/yoast.com\/product\/yoast-seo-wordpress\/ -->\n<title>Reabren los parques infantiles y los parques deportivos al aire libre - Ajuntament de Mont-roig del Camp<\/title>\n<meta name=\"robots\" content=\"index, follow, max-snippet:-1, max-image-preview:large, max-video-preview:-1\" \/>\n<link rel=\"canonical\" href=\"https:\/\/mont-roig.cat\/es\/actualitat\/noticies\/volieu-dir-obren-els-parcs-infantils-i-els-parcs-esportius-a-laire-lliure-65-5000-reabren-los-parques-infantiles-y-los-parques-deportivos-al-aire-libre\/\" \/>\n<meta property=\"og:locale\" content=\"es_ES\" \/>\n<meta property=\"og:type\" content=\"article\" \/>\n<meta property=\"og:title\" content=\"Reabren los parques infantiles y los parques deportivos al aire libre - Ajuntament de Mont-roig del Camp\" \/>\n<meta property=\"og:description\" content=\"A partir del 23 de junio la empresa p\u00fablica Nostreserveis har\u00e1 una limpieza diaria de estos espacios para garantizar su seguridad sanitaria. Coincidiendo con la finalizaci\u00f3n del estado de alarma por el Covid-19 y la etapa de nueva normalidad, se reabren los parques infantiles y deportivos en el municipio a partir de ma\u00f1ana, 23 de [&hellip;]\" \/>\n<meta property=\"og:url\" content=\"https:\/\/mont-roig.cat\/es\/actualitat\/noticies\/volieu-dir-obren-els-parcs-infantils-i-els-parcs-esportius-a-laire-lliure-65-5000-reabren-los-parques-infantiles-y-los-parques-deportivos-al-aire-libre\/\" \/>\n<meta property=\"og:site_name\" content=\"Ajuntament de Mont-roig del Camp\" \/>\n<meta property=\"article:published_time\" content=\"2020-06-22T12:48:05+00:00\" \/>\n<meta property=\"article:modified_time\" content=\"2020-06-22T12:51:43+00:00\" \/>\n<meta property=\"og:image\" content=\"https:\/\/mont-roig.cat\/wp-content\/uploads\/Nova-zona-de-jocs-infantils-de-Mont-roig-1.jpg\" \/>\n\t<meta property=\"og:image:width\" content=\"1600\" \/>\n\t<meta property=\"og:image:height\" content=\"1200\" \/>\n\t<meta property=\"og:image:type\" content=\"image\/jpeg\" \/>\n<meta name=\"author\" content=\"administrador\" \/>\n<meta name=\"twitter:card\" content=\"summary_large_image\" \/>\n<meta name=\"twitter:label1\" content=\"Escrito por\" \/>\n\t<meta name=\"twitter:data1\" content=\"administrador\" \/>\n\t<meta name=\"twitter:label2\" content=\"Tiempo de lectura\" \/>\n\t<meta name=\"twitter:data2\" content=\"1 minuto\" \/>\n<script type=\"application\/ld+json\" class=\"yoast-schema-graph\">{\"@context\":\"https:\\\/\\\/schema.org\",\"@graph\":[{\"@type\":\"Article\",\"@id\":\"https:\\\/\\\/mont-roig.cat\\\/es\\\/actualitat\\\/noticies\\\/volieu-dir-obren-els-parcs-infantils-i-els-parcs-esportius-a-laire-lliure-65-5000-reabren-los-parques-infantiles-y-los-parques-deportivos-al-aire-libre\\\/#article\",\"isPartOf\":{\"@id\":\"https:\\\/\\\/mont-roig.cat\\\/es\\\/actualitat\\\/noticies\\\/volieu-dir-obren-els-parcs-infantils-i-els-parcs-esportius-a-laire-lliure-65-5000-reabren-los-parques-infantiles-y-los-parques-deportivos-al-aire-libre\\\/\"},\"author\":{\"name\":\"administrador\",\"@id\":\"https:\\\/\\\/mont-roig.cat\\\/es\\\/#\\\/schema\\\/person\\\/f2b111789f22b7d0c3bd6786c9128cba\"},\"headline\":\"Reabren los parques infantiles y los parques deportivos al aire libre\",\"datePublished\":\"2020-06-22T12:48:05+00:00\",\"dateModified\":\"2020-06-22T12:51:43+00:00\",\"mainEntityOfPage\":{\"@id\":\"https:\\\/\\\/mont-roig.cat\\\/es\\\/actualitat\\\/noticies\\\/volieu-dir-obren-els-parcs-infantils-i-els-parcs-esportius-a-laire-lliure-65-5000-reabren-los-parques-infantiles-y-los-parques-deportivos-al-aire-libre\\\/\"},\"wordCount\":127,\"image\":{\"@id\":\"https:\\\/\\\/mont-roig.cat\\\/es\\\/actualitat\\\/noticies\\\/volieu-dir-obren-els-parcs-infantils-i-els-parcs-esportius-a-laire-lliure-65-5000-reabren-los-parques-infantiles-y-los-parques-deportivos-al-aire-libre\\\/#primaryimage\"},\"thumbnailUrl\":\"https:\\\/\\\/mont-roig.cat\\\/wp-content\\\/uploads\\\/Nova-zona-de-jocs-infantils-de-Mont-roig-1.jpg\",\"articleSection\":[\"Ayuntamiento\",\"Coronavirus\",\"Coronavirus &#8211; fases i desescalada\"],\"inLanguage\":\"es\"},{\"@type\":\"WebPage\",\"@id\":\"https:\\\/\\\/mont-roig.cat\\\/es\\\/actualitat\\\/noticies\\\/volieu-dir-obren-els-parcs-infantils-i-els-parcs-esportius-a-laire-lliure-65-5000-reabren-los-parques-infantiles-y-los-parques-deportivos-al-aire-libre\\\/\",\"url\":\"https:\\\/\\\/mont-roig.cat\\\/es\\\/actualitat\\\/noticies\\\/volieu-dir-obren-els-parcs-infantils-i-els-parcs-esportius-a-laire-lliure-65-5000-reabren-los-parques-infantiles-y-los-parques-deportivos-al-aire-libre\\\/\",\"name\":\"Reabren los parques infantiles y los parques deportivos al aire libre - Ajuntament de Mont-roig del Camp\",\"isPartOf\":{\"@id\":\"https:\\\/\\\/mont-roig.cat\\\/es\\\/#website\"},\"primaryImageOfPage\":{\"@id\":\"https:\\\/\\\/mont-roig.cat\\\/es\\\/actualitat\\\/noticies\\\/volieu-dir-obren-els-parcs-infantils-i-els-parcs-esportius-a-laire-lliure-65-5000-reabren-los-parques-infantiles-y-los-parques-deportivos-al-aire-libre\\\/#primaryimage\"},\"image\":{\"@id\":\"https:\\\/\\\/mont-roig.cat\\\/es\\\/actualitat\\\/noticies\\\/volieu-dir-obren-els-parcs-infantils-i-els-parcs-esportius-a-laire-lliure-65-5000-reabren-los-parques-infantiles-y-los-parques-deportivos-al-aire-libre\\\/#primaryimage\"},\"thumbnailUrl\":\"https:\\\/\\\/mont-roig.cat\\\/wp-content\\\/uploads\\\/Nova-zona-de-jocs-infantils-de-Mont-roig-1.jpg\",\"datePublished\":\"2020-06-22T12:48:05+00:00\",\"dateModified\":\"2020-06-22T12:51:43+00:00\",\"author\":{\"@id\":\"https:\\\/\\\/mont-roig.cat\\\/es\\\/#\\\/schema\\\/person\\\/f2b111789f22b7d0c3bd6786c9128cba\"},\"breadcrumb\":{\"@id\":\"https:\\\/\\\/mont-roig.cat\\\/es\\\/actualitat\\\/noticies\\\/volieu-dir-obren-els-parcs-infantils-i-els-parcs-esportius-a-laire-lliure-65-5000-reabren-los-parques-infantiles-y-los-parques-deportivos-al-aire-libre\\\/#breadcrumb\"},\"inLanguage\":\"es\",\"potentialAction\":[{\"@type\":\"ReadAction\",\"target\":[\"https:\\\/\\\/mont-roig.cat\\\/es\\\/actualitat\\\/noticies\\\/volieu-dir-obren-els-parcs-infantils-i-els-parcs-esportius-a-laire-lliure-65-5000-reabren-los-parques-infantiles-y-los-parques-deportivos-al-aire-libre\\\/\"]}]},{\"@type\":\"ImageObject\",\"inLanguage\":\"es\",\"@id\":\"https:\\\/\\\/mont-roig.cat\\\/es\\\/actualitat\\\/noticies\\\/volieu-dir-obren-els-parcs-infantils-i-els-parcs-esportius-a-laire-lliure-65-5000-reabren-los-parques-infantiles-y-los-parques-deportivos-al-aire-libre\\\/#primaryimage\",\"url\":\"https:\\\/\\\/mont-roig.cat\\\/wp-content\\\/uploads\\\/Nova-zona-de-jocs-infantils-de-Mont-roig-1.jpg\",\"contentUrl\":\"https:\\\/\\\/mont-roig.cat\\\/wp-content\\\/uploads\\\/Nova-zona-de-jocs-infantils-de-Mont-roig-1.jpg\",\"width\":1600,\"height\":1200},{\"@type\":\"BreadcrumbList\",\"@id\":\"https:\\\/\\\/mont-roig.cat\\\/es\\\/actualitat\\\/noticies\\\/volieu-dir-obren-els-parcs-infantils-i-els-parcs-esportius-a-laire-lliure-65-5000-reabren-los-parques-infantiles-y-los-parques-deportivos-al-aire-libre\\\/#breadcrumb\",\"itemListElement\":[{\"@type\":\"ListItem\",\"position\":1,\"name\":\"Inici\",\"item\":\"https:\\\/\\\/mont-roig.cat\\\/es\\\/pagina-de-inicio\\\/\"},{\"@type\":\"ListItem\",\"position\":2,\"name\":\"Reabren los parques infantiles y los parques deportivos al aire libre\"}]},{\"@type\":\"WebSite\",\"@id\":\"https:\\\/\\\/mont-roig.cat\\\/es\\\/#website\",\"url\":\"https:\\\/\\\/mont-roig.cat\\\/es\\\/\",\"name\":\"Ajuntament de Mont-roig del Camp\",\"description\":\"Tota la informaci\u00f3 sobre la instituci\u00f3, els seus \u00f2rgans de govern, actualitat, serveis i molt m\u00e9s.\",\"potentialAction\":[{\"@type\":\"SearchAction\",\"target\":{\"@type\":\"EntryPoint\",\"urlTemplate\":\"https:\\\/\\\/mont-roig.cat\\\/es\\\/?s={search_term_string}\"},\"query-input\":{\"@type\":\"PropertyValueSpecification\",\"valueRequired\":true,\"valueName\":\"search_term_string\"}}],\"inLanguage\":\"es\"},{\"@type\":\"Person\",\"@id\":\"https:\\\/\\\/mont-roig.cat\\\/es\\\/#\\\/schema\\\/person\\\/f2b111789f22b7d0c3bd6786c9128cba\",\"name\":\"administrador\",\"image\":{\"@type\":\"ImageObject\",\"inLanguage\":\"es\",\"@id\":\"https:\\\/\\\/secure.gravatar.com\\\/avatar\\\/9137aac6891e2595c9d3036fd83bcb653b4db3c946db4c7d9b9be193c3c944bb?s=96&d=mm&r=g\",\"url\":\"https:\\\/\\\/secure.gravatar.com\\\/avatar\\\/9137aac6891e2595c9d3036fd83bcb653b4db3c946db4c7d9b9be193c3c944bb?s=96&d=mm&r=g\",\"contentUrl\":\"https:\\\/\\\/secure.gravatar.com\\\/avatar\\\/9137aac6891e2595c9d3036fd83bcb653b4db3c946db4c7d9b9be193c3c944bb?s=96&d=mm&r=g\",\"caption\":\"administrador\"},\"url\":\"https:\\\/\\\/mont-roig.cat\\\/es\\\/actualitat\\\/noticies\\\/author\\\/administrador\\\/\"}]}<\/script>\n<!-- \/ Yoast SEO plugin. -->","yoast_head_json":{"title":"Reabren los parques infantiles y los parques deportivos al aire libre - Ajuntament de Mont-roig del Camp","robots":{"index":"index","follow":"follow","max-snippet":"max-snippet:-1","max-image-preview":"max-image-preview:large","max-video-preview":"max-video-preview:-1"},"canonical":"https:\/\/mont-roig.cat\/es\/actualitat\/noticies\/volieu-dir-obren-els-parcs-infantils-i-els-parcs-esportius-a-laire-lliure-65-5000-reabren-los-parques-infantiles-y-los-parques-deportivos-al-aire-libre\/","og_locale":"es_ES","og_type":"article","og_title":"Reabren los parques infantiles y los parques deportivos al aire libre - Ajuntament de Mont-roig del Camp","og_description":"A partir del 23 de junio la empresa p\u00fablica Nostreserveis har\u00e1 una limpieza diaria de estos espacios para garantizar su seguridad sanitaria. Coincidiendo con la finalizaci\u00f3n del estado de alarma por el Covid-19 y la etapa de nueva normalidad, se reabren los parques infantiles y deportivos en el municipio a partir de ma\u00f1ana, 23 de [&hellip;]","og_url":"https:\/\/mont-roig.cat\/es\/actualitat\/noticies\/volieu-dir-obren-els-parcs-infantils-i-els-parcs-esportius-a-laire-lliure-65-5000-reabren-los-parques-infantiles-y-los-parques-deportivos-al-aire-libre\/","og_site_name":"Ajuntament de Mont-roig del Camp","article_published_time":"2020-06-22T12:48:05+00:00","article_modified_time":"2020-06-22T12:51:43+00:00","og_image":[{"width":1600,"height":1200,"url":"https:\/\/mont-roig.cat\/wp-content\/uploads\/Nova-zona-de-jocs-infantils-de-Mont-roig-1.jpg","type":"image\/jpeg"}],"author":"administrador","twitter_card":"summary_large_image","twitter_misc":{"Escrito por":"administrador","Tiempo de lectura":"1 minuto"},"schema":{"@context":"https:\/\/schema.org","@graph":[{"@type":"Article","@id":"https:\/\/mont-roig.cat\/es\/actualitat\/noticies\/volieu-dir-obren-els-parcs-infantils-i-els-parcs-esportius-a-laire-lliure-65-5000-reabren-los-parques-infantiles-y-los-parques-deportivos-al-aire-libre\/#article","isPartOf":{"@id":"https:\/\/mont-roig.cat\/es\/actualitat\/noticies\/volieu-dir-obren-els-parcs-infantils-i-els-parcs-esportius-a-laire-lliure-65-5000-reabren-los-parques-infantiles-y-los-parques-deportivos-al-aire-libre\/"},"author":{"name":"administrador","@id":"https:\/\/mont-roig.cat\/es\/#\/schema\/person\/f2b111789f22b7d0c3bd6786c9128cba"},"headline":"Reabren los parques infantiles y los parques deportivos al aire libre","datePublished":"2020-06-22T12:48:05+00:00","dateModified":"2020-06-22T12:51:43+00:00","mainEntityOfPage":{"@id":"https:\/\/mont-roig.cat\/es\/actualitat\/noticies\/volieu-dir-obren-els-parcs-infantils-i-els-parcs-esportius-a-laire-lliure-65-5000-reabren-los-parques-infantiles-y-los-parques-deportivos-al-aire-libre\/"},"wordCount":127,"image":{"@id":"https:\/\/mont-roig.cat\/es\/actualitat\/noticies\/volieu-dir-obren-els-parcs-infantils-i-els-parcs-esportius-a-laire-lliure-65-5000-reabren-los-parques-infantiles-y-los-parques-deportivos-al-aire-libre\/#primaryimage"},"thumbnailUrl":"https:\/\/mont-roig.cat\/wp-content\/uploads\/Nova-zona-de-jocs-infantils-de-Mont-roig-1.jpg","articleSection":["Ayuntamiento","Coronavirus","Coronavirus &#8211; fases i desescalada"],"inLanguage":"es"},{"@type":"WebPage","@id":"https:\/\/mont-roig.cat\/es\/actualitat\/noticies\/volieu-dir-obren-els-parcs-infantils-i-els-parcs-esportius-a-laire-lliure-65-5000-reabren-los-parques-infantiles-y-los-parques-deportivos-al-aire-libre\/","url":"https:\/\/mont-roig.cat\/es\/actualitat\/noticies\/volieu-dir-obren-els-parcs-infantils-i-els-parcs-esportius-a-laire-lliure-65-5000-reabren-los-parques-infantiles-y-los-parques-deportivos-al-aire-libre\/","name":"Reabren los parques infantiles y los parques deportivos al aire libre - Ajuntament de Mont-roig del Camp","isPartOf":{"@id":"https:\/\/mont-roig.cat\/es\/#website"},"primaryImageOfPage":{"@id":"https:\/\/mont-roig.cat\/es\/actualitat\/noticies\/volieu-dir-obren-els-parcs-infantils-i-els-parcs-esportius-a-laire-lliure-65-5000-reabren-los-parques-infantiles-y-los-parques-deportivos-al-aire-libre\/#primaryimage"},"image":{"@id":"https:\/\/mont-roig.cat\/es\/actualitat\/noticies\/volieu-dir-obren-els-parcs-infantils-i-els-parcs-esportius-a-laire-lliure-65-5000-reabren-los-parques-infantiles-y-los-parques-deportivos-al-aire-libre\/#primaryimage"},"thumbnailUrl":"https:\/\/mont-roig.cat\/wp-content\/uploads\/Nova-zona-de-jocs-infantils-de-Mont-roig-1.jpg","datePublished":"2020-06-22T12:48:05+00:00","dateModified":"2020-06-22T12:51:43+00:00","author":{"@id":"https:\/\/mont-roig.cat\/es\/#\/schema\/person\/f2b111789f22b7d0c3bd6786c9128cba"},"breadcrumb":{"@id":"https:\/\/mont-roig.cat\/es\/actualitat\/noticies\/volieu-dir-obren-els-parcs-infantils-i-els-parcs-esportius-a-laire-lliure-65-5000-reabren-los-parques-infantiles-y-los-parques-deportivos-al-aire-libre\/#breadcrumb"},"inLanguage":"es","potentialAction":[{"@type":"ReadAction","target":["https:\/\/mont-roig.cat\/es\/actualitat\/noticies\/volieu-dir-obren-els-parcs-infantils-i-els-parcs-esportius-a-laire-lliure-65-5000-reabren-los-parques-infantiles-y-los-parques-deportivos-al-aire-libre\/"]}]},{"@type":"ImageObject","inLanguage":"es","@id":"https:\/\/mont-roig.cat\/es\/actualitat\/noticies\/volieu-dir-obren-els-parcs-infantils-i-els-parcs-esportius-a-laire-lliure-65-5000-reabren-los-parques-infantiles-y-los-parques-deportivos-al-aire-libre\/#primaryimage","url":"https:\/\/mont-roig.cat\/wp-content\/uploads\/Nova-zona-de-jocs-infantils-de-Mont-roig-1.jpg","contentUrl":"https:\/\/mont-roig.cat\/wp-content\/uploads\/Nova-zona-de-jocs-infantils-de-Mont-roig-1.jpg","width":1600,"height":1200},{"@type":"BreadcrumbList","@id":"https:\/\/mont-roig.cat\/es\/actualitat\/noticies\/volieu-dir-obren-els-parcs-infantils-i-els-parcs-esportius-a-laire-lliure-65-5000-reabren-los-parques-infantiles-y-los-parques-deportivos-al-aire-libre\/#breadcrumb","itemListElement":[{"@type":"ListItem","position":1,"name":"Inici","item":"https:\/\/mont-roig.cat\/es\/pagina-de-inicio\/"},{"@type":"ListItem","position":2,"name":"Reabren los parques infantiles y los parques deportivos al aire libre"}]},{"@type":"WebSite","@id":"https:\/\/mont-roig.cat\/es\/#website","url":"https:\/\/mont-roig.cat\/es\/","name":"Ajuntament de Mont-roig del Camp","description":"Tota la informaci\u00f3 sobre la instituci\u00f3, els seus \u00f2rgans de govern, actualitat, serveis i molt m\u00e9s.","potentialAction":[{"@type":"SearchAction","target":{"@type":"EntryPoint","urlTemplate":"https:\/\/mont-roig.cat\/es\/?s={search_term_string}"},"query-input":{"@type":"PropertyValueSpecification","valueRequired":true,"valueName":"search_term_string"}}],"inLanguage":"es"},{"@type":"Person","@id":"https:\/\/mont-roig.cat\/es\/#\/schema\/person\/f2b111789f22b7d0c3bd6786c9128cba","name":"administrador","image":{"@type":"ImageObject","inLanguage":"es","@id":"https:\/\/secure.gravatar.com\/avatar\/9137aac6891e2595c9d3036fd83bcb653b4db3c946db4c7d9b9be193c3c944bb?s=96&d=mm&r=g","url":"https:\/\/secure.gravatar.com\/avatar\/9137aac6891e2595c9d3036fd83bcb653b4db3c946db4c7d9b9be193c3c944bb?s=96&d=mm&r=g","contentUrl":"https:\/\/secure.gravatar.com\/avatar\/9137aac6891e2595c9d3036fd83bcb653b4db3c946db4c7d9b9be193c3c944bb?s=96&d=mm&r=g","caption":"administrador"},"url":"https:\/\/mont-roig.cat\/es\/actualitat\/noticies\/author\/administrador\/"}]}},"_links":{"self":[{"href":"https:\/\/mont-roig.cat\/es\/wp-json\/wp\/v2\/posts\/50053","targetHints":{"allow":["GET"]}}],"collection":[{"href":"https:\/\/mont-roig.cat\/es\/wp-json\/wp\/v2\/posts"}],"about":[{"href":"https:\/\/mont-roig.cat\/es\/wp-json\/wp\/v2\/types\/post"}],"author":[{"embeddable":true,"href":"https:\/\/mont-roig.cat\/es\/wp-json\/wp\/v2\/users\/4"}],"replies":[{"embeddable":true,"href":"https:\/\/mont-roig.cat\/es\/wp-json\/wp\/v2\/comments?post=50053"}],"version-history":[{"count":2,"href":"https:\/\/mont-roig.cat\/es\/wp-json\/wp\/v2\/posts\/50053\/revisions"}],"predecessor-version":[{"id":50054,"href":"https:\/\/mont-roig.cat\/es\/wp-json\/wp\/v2\/posts\/50053\/revisions\/50054"}],"wp:featuredmedia":[{"embeddable":true,"href":"https:\/\/mont-roig.cat\/es\/wp-json\/wp\/v2\/media\/50050"}],"wp:attachment":[{"href":"https:\/\/mont-roig.cat\/es\/wp-json\/wp\/v2\/media?parent=50053"}],"wp:term":[{"taxonomy":"category","embeddable":true,"href":"https:\/\/mont-roig.cat\/es\/wp-json\/wp\/v2\/categories?post=50053"},{"taxonomy":"post_tag","embeddable":true,"href":"https:\/\/mont-roig.cat\/es\/wp-json\/wp\/v2\/tags?post=50053"}],"curies":[{"name":"wp","href":"https:\/\/api.w.org\/{rel}","templated":true}]}}