{"id":50166,"date":"2020-06-25T14:53:27","date_gmt":"2020-06-25T12:53:27","guid":{"rendered":"https:\/\/mont-roig.cat\/actualitat\/noticies\/dimecres-1-de-juliol-reobren-els-casals-davis-del-municipi\/"},"modified":"2020-06-25T15:10:16","modified_gmt":"2020-06-25T13:10:16","slug":"miercoles-1-de-julio-reabren-los-centros-de-ancianos-del-municipio","status":"publish","type":"post","link":"https:\/\/mont-roig.cat\/es\/actualitat\/noticies\/miercoles-1-de-julio-reabren-los-centros-de-ancianos-del-municipio\/","title":{"rendered":"El mi\u00e9rcoles 1 de julio reabren los hogares de ancianos del municipio"},"content":{"rendered":"<p><strong><strong><img loading=\"lazy\" decoding=\"async\" class=\"wp-image-50160 alignright\" src=\"https:\/\/mont-roig.cat\/wp-content\/uploads\/1c46e6f3-ca01-4b6e-b9f0-5be5611ffc04-375x500.jpg\" alt=\"\" width=\"277\" height=\"370\" srcset=\"https:\/\/mont-roig.cat\/wp-content\/uploads\/1c46e6f3-ca01-4b6e-b9f0-5be5611ffc04-375x500.jpg 375w, https:\/\/mont-roig.cat\/wp-content\/uploads\/1c46e6f3-ca01-4b6e-b9f0-5be5611ffc04-768x1024.jpg 768w, https:\/\/mont-roig.cat\/wp-content\/uploads\/1c46e6f3-ca01-4b6e-b9f0-5be5611ffc04-1152x1536.jpg 1152w, https:\/\/mont-roig.cat\/wp-content\/uploads\/1c46e6f3-ca01-4b6e-b9f0-5be5611ffc04.jpg 1200w\" sizes=\"auto, (max-width: 277px) 100vw, 277px\" \/><img loading=\"lazy\" decoding=\"async\" class=\"wp-image-50162 alignright\" src=\"https:\/\/mont-roig.cat\/wp-content\/uploads\/a1e3d4fc-2c24-4fbe-826c-54ceeca5795d-375x500.jpg\" alt=\"\" width=\"273\" height=\"364\" srcset=\"https:\/\/mont-roig.cat\/wp-content\/uploads\/a1e3d4fc-2c24-4fbe-826c-54ceeca5795d-375x500.jpg 375w, https:\/\/mont-roig.cat\/wp-content\/uploads\/a1e3d4fc-2c24-4fbe-826c-54ceeca5795d-768x1024.jpg 768w, https:\/\/mont-roig.cat\/wp-content\/uploads\/a1e3d4fc-2c24-4fbe-826c-54ceeca5795d-1152x1536.jpg 1152w, https:\/\/mont-roig.cat\/wp-content\/uploads\/a1e3d4fc-2c24-4fbe-826c-54ceeca5795d.jpg 1200w\" sizes=\"auto, (max-width: 273px) 100vw, 273px\" \/><\/strong><\/strong><\/p>\n<p><strong>Este mi\u00e9rcoles 1 de julio vuelven a abrir las puertas los hogares de ancianos del municipio en Mont-roig y en Miami Platja con aforo restringido.<\/strong><\/p>\n<p>Se reanudan con restricciones los servicios de podolog\u00eda, peluquer\u00eda. Los servicios se ofrecer\u00e1n con cita previa y s\u00f3lo por la tarde.<\/p>\n<p>Entre las medidas que seguridad se han adoptado para evitar la propagaci\u00f3n del Covid-19 destacan:<\/p>\n<ul>\n<li>Aforo Mont-roig: 25 personas<\/li>\n<li>Aforo Miami Platja: 45 personas<\/li>\n<li>Todo el mundo que entrw en un espacio municipal debe entrar con mascarilla<\/li>\n<li>Las personas deben respetar la distancia de seguridad entre personas de 2 metros<\/li>\n<li>Toda persona debe desinfectarase las manos antes de entrar en el Casal<\/li>\n<li>No se podr\u00e1 hacer uso de objetos compartidos, como cartas, domino u otros juegos de mesa<\/li>\n<li>Procurar no tocar los elementos comunes, tales como botones, puertas, &#8230;<\/li>\n<li>Evitar tocarse la cara<\/li>\n<li>Taparse la boca y la nariz con pa\u00f1uelos desechables o con la cara interna del codo en el momento de toser o estornudar y desinfectarse las manos enseguida.<\/li>\n<\/ul>\n<p>&nbsp;<\/p>\n","protected":false},"excerpt":{"rendered":"<p>Este mi\u00e9rcoles 1 de julio vuelven a abrir las puertas los hogares de ancianos del municipio en Mont-roig y en Miami Platja con aforo restringido. Se reanudan con restricciones los servicios de podolog\u00eda, peluquer\u00eda. Los servicios se ofrecer\u00e1n con cita previa y s\u00f3lo por la tarde. Entre las medidas que seguridad se han adoptado para [&hellip;]<\/p>\n","protected":false},"author":4,"featured_media":50161,"comment_status":"closed","ping_status":"closed","sticky":false,"template":"","format":"standard","meta":{"inline_featured_image":false,"_monsterinsights_skip_tracking":false,"_monsterinsights_sitenote_active":false,"_monsterinsights_sitenote_note":"","_monsterinsights_sitenote_category":0,"footnotes":""},"categories":[98,178,191],"tags":[],"class_list":["post-50166","post","type-post","status-publish","format-standard","has-post-thumbnail","hentry","category-ayuntamiento","category-coronavirus","category-cov-fases-i-desescalada-es"],"yoast_head":"<!-- This site is optimized with the Yoast SEO plugin v27.4 - https:\/\/yoast.com\/product\/yoast-seo-wordpress\/ -->\n<title>El mi\u00e9rcoles 1 de julio reabren los hogares de ancianos del municipio - Ajuntament de Mont-roig del Camp<\/title>\n<meta name=\"robots\" content=\"index, follow, max-snippet:-1, max-image-preview:large, max-video-preview:-1\" \/>\n<link rel=\"canonical\" href=\"https:\/\/mont-roig.cat\/es\/actualitat\/noticies\/miercoles-1-de-julio-reabren-los-centros-de-ancianos-del-municipio\/\" \/>\n<meta property=\"og:locale\" content=\"es_ES\" \/>\n<meta property=\"og:type\" content=\"article\" \/>\n<meta property=\"og:title\" content=\"El mi\u00e9rcoles 1 de julio reabren los hogares de ancianos del municipio - Ajuntament de Mont-roig del Camp\" \/>\n<meta property=\"og:description\" content=\"Este mi\u00e9rcoles 1 de julio vuelven a abrir las puertas los hogares de ancianos del municipio en Mont-roig y en Miami Platja con aforo restringido. Se reanudan con restricciones los servicios de podolog\u00eda, peluquer\u00eda. Los servicios se ofrecer\u00e1n con cita previa y s\u00f3lo por la tarde. Entre las medidas que seguridad se han adoptado para [&hellip;]\" \/>\n<meta property=\"og:url\" content=\"https:\/\/mont-roig.cat\/es\/actualitat\/noticies\/miercoles-1-de-julio-reabren-los-centros-de-ancianos-del-municipio\/\" \/>\n<meta property=\"og:site_name\" content=\"Ajuntament de Mont-roig del Camp\" \/>\n<meta property=\"article:published_time\" content=\"2020-06-25T12:53:27+00:00\" \/>\n<meta property=\"article:modified_time\" content=\"2020-06-25T13:10:16+00:00\" \/>\n<meta property=\"og:image\" content=\"https:\/\/mont-roig.cat\/wp-content\/uploads\/1c46e6f3-ca01-4b6e-b9f0-5be5611ffc04.jpg\" \/>\n\t<meta property=\"og:image:width\" content=\"1200\" \/>\n\t<meta property=\"og:image:height\" content=\"1600\" \/>\n\t<meta property=\"og:image:type\" content=\"image\/jpeg\" \/>\n<meta name=\"author\" content=\"administrador\" \/>\n<meta name=\"twitter:card\" content=\"summary_large_image\" \/>\n<meta name=\"twitter:label1\" content=\"Escrito por\" \/>\n\t<meta name=\"twitter:data1\" content=\"administrador\" \/>\n\t<meta name=\"twitter:label2\" content=\"Tiempo de lectura\" \/>\n\t<meta name=\"twitter:data2\" content=\"1 minuto\" \/>\n<script type=\"application\/ld+json\" class=\"yoast-schema-graph\">{\"@context\":\"https:\\\/\\\/schema.org\",\"@graph\":[{\"@type\":\"Article\",\"@id\":\"https:\\\/\\\/mont-roig.cat\\\/es\\\/actualitat\\\/noticies\\\/miercoles-1-de-julio-reabren-los-centros-de-ancianos-del-municipio\\\/#article\",\"isPartOf\":{\"@id\":\"https:\\\/\\\/mont-roig.cat\\\/es\\\/actualitat\\\/noticies\\\/miercoles-1-de-julio-reabren-los-centros-de-ancianos-del-municipio\\\/\"},\"author\":{\"name\":\"administrador\",\"@id\":\"https:\\\/\\\/mont-roig.cat\\\/es\\\/#\\\/schema\\\/person\\\/f2b111789f22b7d0c3bd6786c9128cba\"},\"headline\":\"El mi\u00e9rcoles 1 de julio reabren los hogares de ancianos del municipio\",\"datePublished\":\"2020-06-25T12:53:27+00:00\",\"dateModified\":\"2020-06-25T13:10:16+00:00\",\"mainEntityOfPage\":{\"@id\":\"https:\\\/\\\/mont-roig.cat\\\/es\\\/actualitat\\\/noticies\\\/miercoles-1-de-julio-reabren-los-centros-de-ancianos-del-municipio\\\/\"},\"wordCount\":182,\"image\":{\"@id\":\"https:\\\/\\\/mont-roig.cat\\\/es\\\/actualitat\\\/noticies\\\/miercoles-1-de-julio-reabren-los-centros-de-ancianos-del-municipio\\\/#primaryimage\"},\"thumbnailUrl\":\"https:\\\/\\\/mont-roig.cat\\\/wp-content\\\/uploads\\\/1c46e6f3-ca01-4b6e-b9f0-5be5611ffc04.jpg\",\"articleSection\":[\"Ayuntamiento\",\"Coronavirus\",\"Coronavirus &#8211; fases i desescalada\"],\"inLanguage\":\"es\"},{\"@type\":\"WebPage\",\"@id\":\"https:\\\/\\\/mont-roig.cat\\\/es\\\/actualitat\\\/noticies\\\/miercoles-1-de-julio-reabren-los-centros-de-ancianos-del-municipio\\\/\",\"url\":\"https:\\\/\\\/mont-roig.cat\\\/es\\\/actualitat\\\/noticies\\\/miercoles-1-de-julio-reabren-los-centros-de-ancianos-del-municipio\\\/\",\"name\":\"El mi\u00e9rcoles 1 de julio reabren los hogares de ancianos del municipio - Ajuntament de Mont-roig del Camp\",\"isPartOf\":{\"@id\":\"https:\\\/\\\/mont-roig.cat\\\/es\\\/#website\"},\"primaryImageOfPage\":{\"@id\":\"https:\\\/\\\/mont-roig.cat\\\/es\\\/actualitat\\\/noticies\\\/miercoles-1-de-julio-reabren-los-centros-de-ancianos-del-municipio\\\/#primaryimage\"},\"image\":{\"@id\":\"https:\\\/\\\/mont-roig.cat\\\/es\\\/actualitat\\\/noticies\\\/miercoles-1-de-julio-reabren-los-centros-de-ancianos-del-municipio\\\/#primaryimage\"},\"thumbnailUrl\":\"https:\\\/\\\/mont-roig.cat\\\/wp-content\\\/uploads\\\/1c46e6f3-ca01-4b6e-b9f0-5be5611ffc04.jpg\",\"datePublished\":\"2020-06-25T12:53:27+00:00\",\"dateModified\":\"2020-06-25T13:10:16+00:00\",\"author\":{\"@id\":\"https:\\\/\\\/mont-roig.cat\\\/es\\\/#\\\/schema\\\/person\\\/f2b111789f22b7d0c3bd6786c9128cba\"},\"breadcrumb\":{\"@id\":\"https:\\\/\\\/mont-roig.cat\\\/es\\\/actualitat\\\/noticies\\\/miercoles-1-de-julio-reabren-los-centros-de-ancianos-del-municipio\\\/#breadcrumb\"},\"inLanguage\":\"es\",\"potentialAction\":[{\"@type\":\"ReadAction\",\"target\":[\"https:\\\/\\\/mont-roig.cat\\\/es\\\/actualitat\\\/noticies\\\/miercoles-1-de-julio-reabren-los-centros-de-ancianos-del-municipio\\\/\"]}]},{\"@type\":\"ImageObject\",\"inLanguage\":\"es\",\"@id\":\"https:\\\/\\\/mont-roig.cat\\\/es\\\/actualitat\\\/noticies\\\/miercoles-1-de-julio-reabren-los-centros-de-ancianos-del-municipio\\\/#primaryimage\",\"url\":\"https:\\\/\\\/mont-roig.cat\\\/wp-content\\\/uploads\\\/1c46e6f3-ca01-4b6e-b9f0-5be5611ffc04.jpg\",\"contentUrl\":\"https:\\\/\\\/mont-roig.cat\\\/wp-content\\\/uploads\\\/1c46e6f3-ca01-4b6e-b9f0-5be5611ffc04.jpg\",\"width\":1200,\"height\":1600},{\"@type\":\"BreadcrumbList\",\"@id\":\"https:\\\/\\\/mont-roig.cat\\\/es\\\/actualitat\\\/noticies\\\/miercoles-1-de-julio-reabren-los-centros-de-ancianos-del-municipio\\\/#breadcrumb\",\"itemListElement\":[{\"@type\":\"ListItem\",\"position\":1,\"name\":\"Inici\",\"item\":\"https:\\\/\\\/mont-roig.cat\\\/es\\\/pagina-de-inicio\\\/\"},{\"@type\":\"ListItem\",\"position\":2,\"name\":\"El mi\u00e9rcoles 1 de julio reabren los hogares de ancianos del municipio\"}]},{\"@type\":\"WebSite\",\"@id\":\"https:\\\/\\\/mont-roig.cat\\\/es\\\/#website\",\"url\":\"https:\\\/\\\/mont-roig.cat\\\/es\\\/\",\"name\":\"Ajuntament de Mont-roig del Camp\",\"description\":\"Tota la informaci\u00f3 sobre la instituci\u00f3, els seus \u00f2rgans de govern, actualitat, serveis i molt m\u00e9s.\",\"potentialAction\":[{\"@type\":\"SearchAction\",\"target\":{\"@type\":\"EntryPoint\",\"urlTemplate\":\"https:\\\/\\\/mont-roig.cat\\\/es\\\/?s={search_term_string}\"},\"query-input\":{\"@type\":\"PropertyValueSpecification\",\"valueRequired\":true,\"valueName\":\"search_term_string\"}}],\"inLanguage\":\"es\"},{\"@type\":\"Person\",\"@id\":\"https:\\\/\\\/mont-roig.cat\\\/es\\\/#\\\/schema\\\/person\\\/f2b111789f22b7d0c3bd6786c9128cba\",\"name\":\"administrador\",\"image\":{\"@type\":\"ImageObject\",\"inLanguage\":\"es\",\"@id\":\"https:\\\/\\\/secure.gravatar.com\\\/avatar\\\/9137aac6891e2595c9d3036fd83bcb653b4db3c946db4c7d9b9be193c3c944bb?s=96&d=mm&r=g\",\"url\":\"https:\\\/\\\/secure.gravatar.com\\\/avatar\\\/9137aac6891e2595c9d3036fd83bcb653b4db3c946db4c7d9b9be193c3c944bb?s=96&d=mm&r=g\",\"contentUrl\":\"https:\\\/\\\/secure.gravatar.com\\\/avatar\\\/9137aac6891e2595c9d3036fd83bcb653b4db3c946db4c7d9b9be193c3c944bb?s=96&d=mm&r=g\",\"caption\":\"administrador\"},\"url\":\"https:\\\/\\\/mont-roig.cat\\\/es\\\/actualitat\\\/noticies\\\/author\\\/administrador\\\/\"}]}<\/script>\n<!-- \/ Yoast SEO plugin. -->","yoast_head_json":{"title":"El mi\u00e9rcoles 1 de julio reabren los hogares de ancianos del municipio - Ajuntament de Mont-roig del Camp","robots":{"index":"index","follow":"follow","max-snippet":"max-snippet:-1","max-image-preview":"max-image-preview:large","max-video-preview":"max-video-preview:-1"},"canonical":"https:\/\/mont-roig.cat\/es\/actualitat\/noticies\/miercoles-1-de-julio-reabren-los-centros-de-ancianos-del-municipio\/","og_locale":"es_ES","og_type":"article","og_title":"El mi\u00e9rcoles 1 de julio reabren los hogares de ancianos del municipio - Ajuntament de Mont-roig del Camp","og_description":"Este mi\u00e9rcoles 1 de julio vuelven a abrir las puertas los hogares de ancianos del municipio en Mont-roig y en Miami Platja con aforo restringido. Se reanudan con restricciones los servicios de podolog\u00eda, peluquer\u00eda. Los servicios se ofrecer\u00e1n con cita previa y s\u00f3lo por la tarde. Entre las medidas que seguridad se han adoptado para [&hellip;]","og_url":"https:\/\/mont-roig.cat\/es\/actualitat\/noticies\/miercoles-1-de-julio-reabren-los-centros-de-ancianos-del-municipio\/","og_site_name":"Ajuntament de Mont-roig del Camp","article_published_time":"2020-06-25T12:53:27+00:00","article_modified_time":"2020-06-25T13:10:16+00:00","og_image":[{"width":1200,"height":1600,"url":"https:\/\/mont-roig.cat\/wp-content\/uploads\/1c46e6f3-ca01-4b6e-b9f0-5be5611ffc04.jpg","type":"image\/jpeg"}],"author":"administrador","twitter_card":"summary_large_image","twitter_misc":{"Escrito por":"administrador","Tiempo de lectura":"1 minuto"},"schema":{"@context":"https:\/\/schema.org","@graph":[{"@type":"Article","@id":"https:\/\/mont-roig.cat\/es\/actualitat\/noticies\/miercoles-1-de-julio-reabren-los-centros-de-ancianos-del-municipio\/#article","isPartOf":{"@id":"https:\/\/mont-roig.cat\/es\/actualitat\/noticies\/miercoles-1-de-julio-reabren-los-centros-de-ancianos-del-municipio\/"},"author":{"name":"administrador","@id":"https:\/\/mont-roig.cat\/es\/#\/schema\/person\/f2b111789f22b7d0c3bd6786c9128cba"},"headline":"El mi\u00e9rcoles 1 de julio reabren los hogares de ancianos del municipio","datePublished":"2020-06-25T12:53:27+00:00","dateModified":"2020-06-25T13:10:16+00:00","mainEntityOfPage":{"@id":"https:\/\/mont-roig.cat\/es\/actualitat\/noticies\/miercoles-1-de-julio-reabren-los-centros-de-ancianos-del-municipio\/"},"wordCount":182,"image":{"@id":"https:\/\/mont-roig.cat\/es\/actualitat\/noticies\/miercoles-1-de-julio-reabren-los-centros-de-ancianos-del-municipio\/#primaryimage"},"thumbnailUrl":"https:\/\/mont-roig.cat\/wp-content\/uploads\/1c46e6f3-ca01-4b6e-b9f0-5be5611ffc04.jpg","articleSection":["Ayuntamiento","Coronavirus","Coronavirus &#8211; fases i desescalada"],"inLanguage":"es"},{"@type":"WebPage","@id":"https:\/\/mont-roig.cat\/es\/actualitat\/noticies\/miercoles-1-de-julio-reabren-los-centros-de-ancianos-del-municipio\/","url":"https:\/\/mont-roig.cat\/es\/actualitat\/noticies\/miercoles-1-de-julio-reabren-los-centros-de-ancianos-del-municipio\/","name":"El mi\u00e9rcoles 1 de julio reabren los hogares de ancianos del municipio - Ajuntament de Mont-roig del Camp","isPartOf":{"@id":"https:\/\/mont-roig.cat\/es\/#website"},"primaryImageOfPage":{"@id":"https:\/\/mont-roig.cat\/es\/actualitat\/noticies\/miercoles-1-de-julio-reabren-los-centros-de-ancianos-del-municipio\/#primaryimage"},"image":{"@id":"https:\/\/mont-roig.cat\/es\/actualitat\/noticies\/miercoles-1-de-julio-reabren-los-centros-de-ancianos-del-municipio\/#primaryimage"},"thumbnailUrl":"https:\/\/mont-roig.cat\/wp-content\/uploads\/1c46e6f3-ca01-4b6e-b9f0-5be5611ffc04.jpg","datePublished":"2020-06-25T12:53:27+00:00","dateModified":"2020-06-25T13:10:16+00:00","author":{"@id":"https:\/\/mont-roig.cat\/es\/#\/schema\/person\/f2b111789f22b7d0c3bd6786c9128cba"},"breadcrumb":{"@id":"https:\/\/mont-roig.cat\/es\/actualitat\/noticies\/miercoles-1-de-julio-reabren-los-centros-de-ancianos-del-municipio\/#breadcrumb"},"inLanguage":"es","potentialAction":[{"@type":"ReadAction","target":["https:\/\/mont-roig.cat\/es\/actualitat\/noticies\/miercoles-1-de-julio-reabren-los-centros-de-ancianos-del-municipio\/"]}]},{"@type":"ImageObject","inLanguage":"es","@id":"https:\/\/mont-roig.cat\/es\/actualitat\/noticies\/miercoles-1-de-julio-reabren-los-centros-de-ancianos-del-municipio\/#primaryimage","url":"https:\/\/mont-roig.cat\/wp-content\/uploads\/1c46e6f3-ca01-4b6e-b9f0-5be5611ffc04.jpg","contentUrl":"https:\/\/mont-roig.cat\/wp-content\/uploads\/1c46e6f3-ca01-4b6e-b9f0-5be5611ffc04.jpg","width":1200,"height":1600},{"@type":"BreadcrumbList","@id":"https:\/\/mont-roig.cat\/es\/actualitat\/noticies\/miercoles-1-de-julio-reabren-los-centros-de-ancianos-del-municipio\/#breadcrumb","itemListElement":[{"@type":"ListItem","position":1,"name":"Inici","item":"https:\/\/mont-roig.cat\/es\/pagina-de-inicio\/"},{"@type":"ListItem","position":2,"name":"El mi\u00e9rcoles 1 de julio reabren los hogares de ancianos del municipio"}]},{"@type":"WebSite","@id":"https:\/\/mont-roig.cat\/es\/#website","url":"https:\/\/mont-roig.cat\/es\/","name":"Ajuntament de Mont-roig del Camp","description":"Tota la informaci\u00f3 sobre la instituci\u00f3, els seus \u00f2rgans de govern, actualitat, serveis i molt m\u00e9s.","potentialAction":[{"@type":"SearchAction","target":{"@type":"EntryPoint","urlTemplate":"https:\/\/mont-roig.cat\/es\/?s={search_term_string}"},"query-input":{"@type":"PropertyValueSpecification","valueRequired":true,"valueName":"search_term_string"}}],"inLanguage":"es"},{"@type":"Person","@id":"https:\/\/mont-roig.cat\/es\/#\/schema\/person\/f2b111789f22b7d0c3bd6786c9128cba","name":"administrador","image":{"@type":"ImageObject","inLanguage":"es","@id":"https:\/\/secure.gravatar.com\/avatar\/9137aac6891e2595c9d3036fd83bcb653b4db3c946db4c7d9b9be193c3c944bb?s=96&d=mm&r=g","url":"https:\/\/secure.gravatar.com\/avatar\/9137aac6891e2595c9d3036fd83bcb653b4db3c946db4c7d9b9be193c3c944bb?s=96&d=mm&r=g","contentUrl":"https:\/\/secure.gravatar.com\/avatar\/9137aac6891e2595c9d3036fd83bcb653b4db3c946db4c7d9b9be193c3c944bb?s=96&d=mm&r=g","caption":"administrador"},"url":"https:\/\/mont-roig.cat\/es\/actualitat\/noticies\/author\/administrador\/"}]}},"_links":{"self":[{"href":"https:\/\/mont-roig.cat\/es\/wp-json\/wp\/v2\/posts\/50166","targetHints":{"allow":["GET"]}}],"collection":[{"href":"https:\/\/mont-roig.cat\/es\/wp-json\/wp\/v2\/posts"}],"about":[{"href":"https:\/\/mont-roig.cat\/es\/wp-json\/wp\/v2\/types\/post"}],"author":[{"embeddable":true,"href":"https:\/\/mont-roig.cat\/es\/wp-json\/wp\/v2\/users\/4"}],"replies":[{"embeddable":true,"href":"https:\/\/mont-roig.cat\/es\/wp-json\/wp\/v2\/comments?post=50166"}],"version-history":[{"count":3,"href":"https:\/\/mont-roig.cat\/es\/wp-json\/wp\/v2\/posts\/50166\/revisions"}],"predecessor-version":[{"id":50169,"href":"https:\/\/mont-roig.cat\/es\/wp-json\/wp\/v2\/posts\/50166\/revisions\/50169"}],"wp:featuredmedia":[{"embeddable":true,"href":"https:\/\/mont-roig.cat\/es\/wp-json\/wp\/v2\/media\/50161"}],"wp:attachment":[{"href":"https:\/\/mont-roig.cat\/es\/wp-json\/wp\/v2\/media?parent=50166"}],"wp:term":[{"taxonomy":"category","embeddable":true,"href":"https:\/\/mont-roig.cat\/es\/wp-json\/wp\/v2\/categories?post=50166"},{"taxonomy":"post_tag","embeddable":true,"href":"https:\/\/mont-roig.cat\/es\/wp-json\/wp\/v2\/tags?post=50166"}],"curies":[{"name":"wp","href":"https:\/\/api.w.org\/{rel}","templated":true}]}}