{"id":50205,"date":"2020-06-26T11:27:20","date_gmt":"2020-06-26T09:27:20","guid":{"rendered":"https:\/\/mont-roig.cat\/actualitat\/noticies\/lequip-de-govern-portara-al-plenari-el-canvi-de-nom-de-lavinguda-princep-despanya-per-avinguda-de-la-diversitat\/"},"modified":"2020-06-26T13:57:31","modified_gmt":"2020-06-26T11:57:31","slug":"el-equipo-de-gobierno-llevara-al-plenario-el-cambio-de-nombre-de-la-avenida-principe-de-espana-para-avenida-de-la-diversidad","status":"publish","type":"post","link":"https:\/\/mont-roig.cat\/es\/actualitat\/noticies\/el-equipo-de-gobierno-llevara-al-plenario-el-cambio-de-nombre-de-la-avenida-principe-de-espana-para-avenida-de-la-diversidad\/","title":{"rendered":"El equipo de gobierno llevar\u00e1 al plenario el cambio de nombre de la avenida Pr\u00edncipe de Espa\u00f1a para avenida de la Diversidad"},"content":{"rendered":"<p>&nbsp;<\/p>\n<p><strong><strong><a href=\"https:\/\/mont-roig.cat\/wp-content\/uploads\/0-2.jpg\"><img loading=\"lazy\" decoding=\"async\" class=\"alignright wp-image-50173\" src=\"https:\/\/mont-roig.cat\/wp-content\/uploads\/0-2-375x500.jpg\" alt=\"\" width=\"311\" height=\"415\" srcset=\"https:\/\/mont-roig.cat\/wp-content\/uploads\/0-2-375x500.jpg 375w, https:\/\/mont-roig.cat\/wp-content\/uploads\/0-2.jpg 443w\" sizes=\"auto, (max-width: 311px) 100vw, 311px\" \/><\/a><\/strong><\/strong><\/p>\n<ul>\n<li><strong>El cambio de nomenclatura se propone coincidiendo con el 28 de junio, d\u00eda internacional del Orgullo LGTBI y para dar cumplimiento a la Ley de Memoria Hist\u00f3rica que faculta a las administraciones p\u00fablicas a retirar elementos o menciones conmemorativas de exaltaci\u00f3n del franquismo, como es el caso del t\u00edtulo Pr\u00edncipe de Espa\u00f1a.<\/strong><\/li>\n<li><strong>Con el fin de dar visibilidad al colectivo del Ayuntamiento se suma a la iniciativa de introducir la bandera LGTBIQ + entre los elementos urbanos<\/strong><\/li>\n<\/ul>\n<p>Coincidiendo con la celebraci\u00f3n internacional del 28 de junio, D\u00eda del Orgullo L\u00e9sbico, Gay, Transexual, Bisexual e Intersexual, el equipo de gobierno del Ayuntamiento de Mont-roig del Camp ha dado a conocer que llevar\u00e1 al debate del pr\u00f3ximo pleno, el cambio de nombre de la avenida de Pr\u00edncipe de Espa\u00f1a para avenida de la Diversidad. Se trata de una iniciativa en pro de la igualdad y libertad afectivo-sexual y que se suma a otras propuestas que el consistorio est\u00e1 llevando a cabo para dar visibilidad al colectivo LGTBIQ +. En este sentido, el alcalde Fran Morancho explic\u00f3 que este concepto de diversidad no hace s\u00f3lo referencia a la diversidad sexual, sino que tambi\u00e9n hace referencia a la composici\u00f3n del municipio: con gente que ha venido del resto de Catalu\u00f1a, del Estado espa\u00f1ol y de toda una serie de pa\u00edses europeos e incluso de otros continentes; con diversidad de or\u00edgenes y tambi\u00e9n diversidad ling\u00fc\u00edstica.<\/p>\n<p><strong>Origen franquista del top\u00f3nimo Pr\u00edncipe de Espa\u00f1a<\/strong><\/p>\n<p>A ra\u00edz de una petici\u00f3n vecinal en la que se afirmaba que el nombre Pr\u00edncipe de Espa\u00f1a, de la Avenida de Miami Platja, era un top\u00f3nimo que hac\u00eda alusi\u00f3n a la dictadura franquista, el Ayuntamiento consult\u00f3 a la Direcci\u00f3n General de la Memoria Democr\u00e1tica que confirm\u00f3 que el t\u00edtulo de Pr\u00edncipe de Espa\u00f1a corresponde a una distinci\u00f3n creada por la dictadura franquista en 1969, ampar\u00e1ndose en la &#8220;Ley de Sucesi\u00f3n&#8221; de 1947 y que, por tanto, no es un t\u00edtulo hist\u00f3rico de la monarqu\u00eda.<\/p>\n<p>En este sentido, la Ley de Memoria Hist\u00f3rica 52\/2007, de 26 de diciembre, faculta a las administraciones p\u00fablicas para que tomen las medidas oportunas para retirar elementos o menciones conmemorativas de exaltaci\u00f3n del franquismo, como es el caso del t\u00edtulo Pr\u00edncipe de Espa\u00f1a .<\/p>\n<p>Es por este motivo que desde el equipo de gobierno se cree en la necesidad de eliminar los vestigios de la dictadura franquista de las calles y plazas del municipio y apostar por una toponimia inclusiva y democratizadora que muestre los valores de igualdad que deben regir el siglo XXI. Por ello, y aprovechando la conmemoraci\u00f3n del d\u00eda 28 de junio, d\u00eda del Orgullo LGTBI se propone el cambio de nombre por el de la Avenida de la Diversidad. Pero la reivindicaci\u00f3n de la diversidad va mucho all\u00e1 de la identidad de g\u00e9nero y orientaci\u00f3n sexual, se quiere reivindicar la diversidad cultural y social que responde a la realidad que presenta el municipio y la sociedad que vive.<\/p>\n\n\t\t<style type=\"text\/css\">\n\t\t\t#gallery-1 {\n\t\t\t\tmargin: auto;\n\t\t\t}\n\t\t\t#gallery-1 .gallery-item {\n\t\t\t\tfloat: left;\n\t\t\t\tmargin-top: 10px;\n\t\t\t\ttext-align: center;\n\t\t\t\twidth: 33%;\n\t\t\t}\n\t\t\t#gallery-1 img {\n\t\t\t\tborder: 2px solid #cfcfcf;\n\t\t\t}\n\t\t\t#gallery-1 .gallery-caption {\n\t\t\t\tmargin-left: 0;\n\t\t\t}\n\t\t\t\/* see gallery_shortcode() in wp-includes\/media.php *\/\n\t\t<\/style>\n\t\t<div id='gallery-1' class='gallery galleryid-50205 gallery-columns-3 gallery-size-medium'><dl class='gallery-item'>\n\t\t\t<dt class='gallery-icon portrait'>\n\t\t\t\t<a href='https:\/\/mont-roig.cat\/es\/actualitat\/noticies\/el-equipo-de-gobierno-llevara-al-plenario-el-cambio-de-nombre-de-la-avenida-principe-de-espana-para-avenida-de-la-diversidad\/e150853e-49f5-4525-ba95-ea6f9f08cefa-2\/'><img loading=\"lazy\" decoding=\"async\" width=\"375\" height=\"500\" src=\"https:\/\/mont-roig.cat\/wp-content\/uploads\/e150853e-49f5-4525-ba95-ea6f9f08cefa-375x500.jpg\" class=\"attachment-medium size-medium\" alt=\"\" srcset=\"https:\/\/mont-roig.cat\/wp-content\/uploads\/e150853e-49f5-4525-ba95-ea6f9f08cefa-375x500.jpg 375w, https:\/\/mont-roig.cat\/wp-content\/uploads\/e150853e-49f5-4525-ba95-ea6f9f08cefa.jpg 768w\" sizes=\"auto, (max-width: 375px) 100vw, 375px\" \/><\/a>\n\t\t\t<\/dt><\/dl><dl class='gallery-item'>\n\t\t\t<dt class='gallery-icon portrait'>\n\t\t\t\t<a href='https:\/\/mont-roig.cat\/es\/actualitat\/noticies\/el-equipo-de-gobierno-llevara-al-plenario-el-cambio-de-nombre-de-la-avenida-principe-de-espana-para-avenida-de-la-diversidad\/e5d7b44d-e87d-4dd9-96a2-aab5946aaed5-2\/'><img loading=\"lazy\" decoding=\"async\" width=\"376\" height=\"500\" src=\"https:\/\/mont-roig.cat\/wp-content\/uploads\/e5d7b44d-e87d-4dd9-96a2-aab5946aaed5-376x500.jpg\" class=\"attachment-medium size-medium\" alt=\"\" srcset=\"https:\/\/mont-roig.cat\/wp-content\/uploads\/e5d7b44d-e87d-4dd9-96a2-aab5946aaed5-376x500.jpg 376w, https:\/\/mont-roig.cat\/wp-content\/uploads\/e5d7b44d-e87d-4dd9-96a2-aab5946aaed5-769x1024.jpg 769w, https:\/\/mont-roig.cat\/wp-content\/uploads\/e5d7b44d-e87d-4dd9-96a2-aab5946aaed5-768x1022.jpg 768w, https:\/\/mont-roig.cat\/wp-content\/uploads\/e5d7b44d-e87d-4dd9-96a2-aab5946aaed5-1154x1536.jpg 1154w, https:\/\/mont-roig.cat\/wp-content\/uploads\/e5d7b44d-e87d-4dd9-96a2-aab5946aaed5.jpg 1202w\" sizes=\"auto, (max-width: 376px) 100vw, 376px\" \/><\/a>\n\t\t\t<\/dt><\/dl><dl class='gallery-item'>\n\t\t\t<dt class='gallery-icon landscape'>\n\t\t\t\t<a href='https:\/\/mont-roig.cat\/es\/actualitat\/noticies\/el-equipo-de-gobierno-llevara-al-plenario-el-cambio-de-nombre-de-la-avenida-principe-de-espana-para-avenida-de-la-diversidad\/img_0817-2\/'><img loading=\"lazy\" decoding=\"async\" width=\"500\" height=\"375\" src=\"https:\/\/mont-roig.cat\/wp-content\/uploads\/IMG_0817-500x375.jpg\" class=\"attachment-medium size-medium\" alt=\"\" srcset=\"https:\/\/mont-roig.cat\/wp-content\/uploads\/IMG_0817-500x375.jpg 500w, https:\/\/mont-roig.cat\/wp-content\/uploads\/IMG_0817-1024x768.jpg 1024w, https:\/\/mont-roig.cat\/wp-content\/uploads\/IMG_0817-768x576.jpg 768w, https:\/\/mont-roig.cat\/wp-content\/uploads\/IMG_0817-463x348.jpg 463w, https:\/\/mont-roig.cat\/wp-content\/uploads\/IMG_0817.jpg 1280w\" sizes=\"auto, (max-width: 500px) 100vw, 500px\" \/><\/a>\n\t\t\t<\/dt><\/dl><br style=\"clear: both\" \/><dl class='gallery-item'>\n\t\t\t<dt class='gallery-icon landscape'>\n\t\t\t\t<a href='https:\/\/mont-roig.cat\/es\/actualitat\/noticies\/el-equipo-de-gobierno-llevara-al-plenario-el-cambio-de-nombre-de-la-avenida-principe-de-espana-para-avenida-de-la-diversidad\/img_0816-2\/'><img loading=\"lazy\" decoding=\"async\" width=\"500\" height=\"375\" src=\"https:\/\/mont-roig.cat\/wp-content\/uploads\/IMG_0816-500x375.jpg\" class=\"attachment-medium size-medium\" alt=\"\" srcset=\"https:\/\/mont-roig.cat\/wp-content\/uploads\/IMG_0816-500x375.jpg 500w, https:\/\/mont-roig.cat\/wp-content\/uploads\/IMG_0816-1024x768.jpg 1024w, https:\/\/mont-roig.cat\/wp-content\/uploads\/IMG_0816-768x576.jpg 768w, https:\/\/mont-roig.cat\/wp-content\/uploads\/IMG_0816-463x348.jpg 463w, https:\/\/mont-roig.cat\/wp-content\/uploads\/IMG_0816.jpg 1280w\" sizes=\"auto, (max-width: 500px) 100vw, 500px\" \/><\/a>\n\t\t\t<\/dt><\/dl><dl class='gallery-item'>\n\t\t\t<dt class='gallery-icon landscape'>\n\t\t\t\t<a href='https:\/\/mont-roig.cat\/es\/actualitat\/noticies\/el-equipo-de-gobierno-llevara-al-plenario-el-cambio-de-nombre-de-la-avenida-principe-de-espana-para-avenida-de-la-diversidad\/img_0813-2\/'><img loading=\"lazy\" decoding=\"async\" width=\"500\" height=\"375\" src=\"https:\/\/mont-roig.cat\/wp-content\/uploads\/IMG_0813-500x375.jpg\" class=\"attachment-medium size-medium\" alt=\"\" srcset=\"https:\/\/mont-roig.cat\/wp-content\/uploads\/IMG_0813-500x375.jpg 500w, https:\/\/mont-roig.cat\/wp-content\/uploads\/IMG_0813-1024x768.jpg 1024w, https:\/\/mont-roig.cat\/wp-content\/uploads\/IMG_0813-768x576.jpg 768w, https:\/\/mont-roig.cat\/wp-content\/uploads\/IMG_0813-463x348.jpg 463w, https:\/\/mont-roig.cat\/wp-content\/uploads\/IMG_0813.jpg 1280w\" sizes=\"auto, (max-width: 500px) 100vw, 500px\" \/><\/a>\n\t\t\t<\/dt><\/dl><dl class='gallery-item'>\n\t\t\t<dt class='gallery-icon portrait'>\n\t\t\t\t<a href='https:\/\/mont-roig.cat\/es\/actualitat\/noticies\/el-equipo-de-gobierno-llevara-al-plenario-el-cambio-de-nombre-de-la-avenida-principe-de-espana-para-avenida-de-la-diversidad\/img_0812-2\/'><img loading=\"lazy\" decoding=\"async\" width=\"375\" height=\"500\" src=\"https:\/\/mont-roig.cat\/wp-content\/uploads\/IMG_0812-375x500.jpg\" class=\"attachment-medium size-medium\" alt=\"\" srcset=\"https:\/\/mont-roig.cat\/wp-content\/uploads\/IMG_0812-375x500.jpg 375w, https:\/\/mont-roig.cat\/wp-content\/uploads\/IMG_0812-768x1024.jpg 768w, https:\/\/mont-roig.cat\/wp-content\/uploads\/IMG_0812-1152x1536.jpg 1152w, https:\/\/mont-roig.cat\/wp-content\/uploads\/IMG_0812-scaled.jpg 1536w\" sizes=\"auto, (max-width: 375px) 100vw, 375px\" \/><\/a>\n\t\t\t<\/dt><\/dl><br style=\"clear: both\" \/><dl class='gallery-item'>\n\t\t\t<dt class='gallery-icon landscape'>\n\t\t\t\t<a href='https:\/\/mont-roig.cat\/es\/actualitat\/noticies\/el-equipo-de-gobierno-llevara-al-plenario-el-cambio-de-nombre-de-la-avenida-principe-de-espana-para-avenida-de-la-diversidad\/a55bdcb4-5a12-430b-ab27-98b14cee6320-2\/'><img loading=\"lazy\" decoding=\"async\" width=\"500\" height=\"375\" src=\"https:\/\/mont-roig.cat\/wp-content\/uploads\/a55bdcb4-5a12-430b-ab27-98b14cee6320-500x375.jpg\" class=\"attachment-medium size-medium\" alt=\"\" srcset=\"https:\/\/mont-roig.cat\/wp-content\/uploads\/a55bdcb4-5a12-430b-ab27-98b14cee6320-500x375.jpg 500w, https:\/\/mont-roig.cat\/wp-content\/uploads\/a55bdcb4-5a12-430b-ab27-98b14cee6320-768x576.jpg 768w, https:\/\/mont-roig.cat\/wp-content\/uploads\/a55bdcb4-5a12-430b-ab27-98b14cee6320-463x348.jpg 463w, https:\/\/mont-roig.cat\/wp-content\/uploads\/a55bdcb4-5a12-430b-ab27-98b14cee6320.jpg 1024w\" sizes=\"auto, (max-width: 500px) 100vw, 500px\" \/><\/a>\n\t\t\t<\/dt><\/dl><dl class='gallery-item'>\n\t\t\t<dt class='gallery-icon portrait'>\n\t\t\t\t<a href='https:\/\/mont-roig.cat\/es\/actualitat\/noticies\/el-equipo-de-gobierno-llevara-al-plenario-el-cambio-de-nombre-de-la-avenida-principe-de-espana-para-avenida-de-la-diversidad\/0f4aa864-bc44-49c9-9f02-8dc4d89a142a-2\/'><img loading=\"lazy\" decoding=\"async\" width=\"250\" height=\"500\" src=\"https:\/\/mont-roig.cat\/wp-content\/uploads\/0f4aa864-bc44-49c9-9f02-8dc4d89a142a-250x500.jpg\" class=\"attachment-medium size-medium\" alt=\"\" srcset=\"https:\/\/mont-roig.cat\/wp-content\/uploads\/0f4aa864-bc44-49c9-9f02-8dc4d89a142a-250x500.jpg 250w, https:\/\/mont-roig.cat\/wp-content\/uploads\/0f4aa864-bc44-49c9-9f02-8dc4d89a142a-512x1024.jpg 512w, https:\/\/mont-roig.cat\/wp-content\/uploads\/0f4aa864-bc44-49c9-9f02-8dc4d89a142a-768x1536.jpg 768w, https:\/\/mont-roig.cat\/wp-content\/uploads\/0f4aa864-bc44-49c9-9f02-8dc4d89a142a.jpg 800w\" sizes=\"auto, (max-width: 250px) 100vw, 250px\" \/><\/a>\n\t\t\t<\/dt><\/dl><dl class='gallery-item'>\n\t\t\t<dt class='gallery-icon portrait'>\n\t\t\t\t<a href='https:\/\/mont-roig.cat\/es\/actualitat\/noticies\/el-equipo-de-gobierno-llevara-al-plenario-el-cambio-de-nombre-de-la-avenida-principe-de-espana-para-avenida-de-la-diversidad\/ff3fda69-6d94-40b5-9fe9-ac72ee6ae3cb-2\/'><img loading=\"lazy\" decoding=\"async\" width=\"375\" height=\"500\" src=\"https:\/\/mont-roig.cat\/wp-content\/uploads\/ff3fda69-6d94-40b5-9fe9-ac72ee6ae3cb-375x500.jpg\" class=\"attachment-medium size-medium\" alt=\"\" srcset=\"https:\/\/mont-roig.cat\/wp-content\/uploads\/ff3fda69-6d94-40b5-9fe9-ac72ee6ae3cb-375x500.jpg 375w, https:\/\/mont-roig.cat\/wp-content\/uploads\/ff3fda69-6d94-40b5-9fe9-ac72ee6ae3cb-768x1024.jpg 768w, https:\/\/mont-roig.cat\/wp-content\/uploads\/ff3fda69-6d94-40b5-9fe9-ac72ee6ae3cb-1152x1536.jpg 1152w, https:\/\/mont-roig.cat\/wp-content\/uploads\/ff3fda69-6d94-40b5-9fe9-ac72ee6ae3cb.jpg 1200w\" sizes=\"auto, (max-width: 375px) 100vw, 375px\" \/><\/a>\n\t\t\t<\/dt><\/dl><br style=\"clear: both\" \/><dl class='gallery-item'>\n\t\t\t<dt class='gallery-icon portrait'>\n\t\t\t\t<a href='https:\/\/mont-roig.cat\/es\/actualitat\/noticies\/el-equipo-de-gobierno-llevara-al-plenario-el-cambio-de-nombre-de-la-avenida-principe-de-espana-para-avenida-de-la-diversidad\/e7824ea3-3acf-4bae-a3e5-7e7f99680aa0-2\/'><img loading=\"lazy\" decoding=\"async\" width=\"375\" height=\"500\" src=\"https:\/\/mont-roig.cat\/wp-content\/uploads\/e7824ea3-3acf-4bae-a3e5-7e7f99680aa0-375x500.jpg\" class=\"attachment-medium size-medium\" alt=\"\" srcset=\"https:\/\/mont-roig.cat\/wp-content\/uploads\/e7824ea3-3acf-4bae-a3e5-7e7f99680aa0-375x500.jpg 375w, https:\/\/mont-roig.cat\/wp-content\/uploads\/e7824ea3-3acf-4bae-a3e5-7e7f99680aa0-768x1024.jpg 768w, https:\/\/mont-roig.cat\/wp-content\/uploads\/e7824ea3-3acf-4bae-a3e5-7e7f99680aa0-1152x1536.jpg 1152w, https:\/\/mont-roig.cat\/wp-content\/uploads\/e7824ea3-3acf-4bae-a3e5-7e7f99680aa0.jpg 1488w\" sizes=\"auto, (max-width: 375px) 100vw, 375px\" \/><\/a>\n\t\t\t<\/dt><\/dl><dl class='gallery-item'>\n\t\t\t<dt class='gallery-icon landscape'>\n\t\t\t\t<a href='https:\/\/mont-roig.cat\/es\/actualitat\/noticies\/el-equipo-de-gobierno-llevara-al-plenario-el-cambio-de-nombre-de-la-avenida-principe-de-espana-para-avenida-de-la-diversidad\/a1a1a12c-0571-4200-bd28-3c259cb7a6d1-2\/'><img loading=\"lazy\" decoding=\"async\" width=\"500\" height=\"281\" src=\"https:\/\/mont-roig.cat\/wp-content\/uploads\/a1a1a12c-0571-4200-bd28-3c259cb7a6d1-500x281.jpg\" class=\"attachment-medium size-medium\" alt=\"\" srcset=\"https:\/\/mont-roig.cat\/wp-content\/uploads\/a1a1a12c-0571-4200-bd28-3c259cb7a6d1-500x281.jpg 500w, https:\/\/mont-roig.cat\/wp-content\/uploads\/a1a1a12c-0571-4200-bd28-3c259cb7a6d1-1024x576.jpg 1024w, https:\/\/mont-roig.cat\/wp-content\/uploads\/a1a1a12c-0571-4200-bd28-3c259cb7a6d1-768x432.jpg 768w, https:\/\/mont-roig.cat\/wp-content\/uploads\/a1a1a12c-0571-4200-bd28-3c259cb7a6d1-1536x864.jpg 1536w, https:\/\/mont-roig.cat\/wp-content\/uploads\/a1a1a12c-0571-4200-bd28-3c259cb7a6d1.jpg 1599w\" sizes=\"auto, (max-width: 500px) 100vw, 500px\" \/><\/a>\n\t\t\t<\/dt><\/dl><dl class='gallery-item'>\n\t\t\t<dt class='gallery-icon portrait'>\n\t\t\t\t<a href='https:\/\/mont-roig.cat\/es\/actualitat\/noticies\/el-equipo-de-gobierno-llevara-al-plenario-el-cambio-de-nombre-de-la-avenida-principe-de-espana-para-avenida-de-la-diversidad\/35209206-6f84-4a02-a8e8-3aac71c286af-2\/'><img loading=\"lazy\" decoding=\"async\" width=\"281\" height=\"500\" src=\"https:\/\/mont-roig.cat\/wp-content\/uploads\/35209206-6f84-4a02-a8e8-3aac71c286af-281x500.jpg\" class=\"attachment-medium size-medium\" alt=\"\" srcset=\"https:\/\/mont-roig.cat\/wp-content\/uploads\/35209206-6f84-4a02-a8e8-3aac71c286af-281x500.jpg 281w, https:\/\/mont-roig.cat\/wp-content\/uploads\/35209206-6f84-4a02-a8e8-3aac71c286af-576x1024.jpg 576w, https:\/\/mont-roig.cat\/wp-content\/uploads\/35209206-6f84-4a02-a8e8-3aac71c286af-768x1366.jpg 768w, https:\/\/mont-roig.cat\/wp-content\/uploads\/35209206-6f84-4a02-a8e8-3aac71c286af-864x1536.jpg 864w, https:\/\/mont-roig.cat\/wp-content\/uploads\/35209206-6f84-4a02-a8e8-3aac71c286af.jpg 899w\" sizes=\"auto, (max-width: 281px) 100vw, 281px\" \/><\/a>\n\t\t\t<\/dt><\/dl><br style=\"clear: both\" \/><dl class='gallery-item'>\n\t\t\t<dt class='gallery-icon portrait'>\n\t\t\t\t<a href='https:\/\/mont-roig.cat\/es\/actualitat\/noticies\/el-equipo-de-gobierno-llevara-al-plenario-el-cambio-de-nombre-de-la-avenida-principe-de-espana-para-avenida-de-la-diversidad\/958047b0-5fef-487b-a63a-d6152d5f5e8f-2\/'><img loading=\"lazy\" decoding=\"async\" width=\"375\" height=\"500\" src=\"https:\/\/mont-roig.cat\/wp-content\/uploads\/958047b0-5fef-487b-a63a-d6152d5f5e8f-375x500.jpg\" class=\"attachment-medium size-medium\" alt=\"\" srcset=\"https:\/\/mont-roig.cat\/wp-content\/uploads\/958047b0-5fef-487b-a63a-d6152d5f5e8f-375x500.jpg 375w, https:\/\/mont-roig.cat\/wp-content\/uploads\/958047b0-5fef-487b-a63a-d6152d5f5e8f-768x1024.jpg 768w, https:\/\/mont-roig.cat\/wp-content\/uploads\/958047b0-5fef-487b-a63a-d6152d5f5e8f-1152x1536.jpg 1152w, https:\/\/mont-roig.cat\/wp-content\/uploads\/958047b0-5fef-487b-a63a-d6152d5f5e8f.jpg 1200w\" sizes=\"auto, (max-width: 375px) 100vw, 375px\" \/><\/a>\n\t\t\t<\/dt><\/dl><dl class='gallery-item'>\n\t\t\t<dt class='gallery-icon portrait'>\n\t\t\t\t<a href='https:\/\/mont-roig.cat\/es\/actualitat\/noticies\/el-equipo-de-gobierno-llevara-al-plenario-el-cambio-de-nombre-de-la-avenida-principe-de-espana-para-avenida-de-la-diversidad\/attachment\/0\/'><img loading=\"lazy\" decoding=\"async\" width=\"375\" height=\"500\" src=\"https:\/\/mont-roig.cat\/wp-content\/uploads\/0-2-375x500.jpg\" class=\"attachment-medium size-medium\" alt=\"\" srcset=\"https:\/\/mont-roig.cat\/wp-content\/uploads\/0-2-375x500.jpg 375w, https:\/\/mont-roig.cat\/wp-content\/uploads\/0-2.jpg 443w\" sizes=\"auto, (max-width: 375px) 100vw, 375px\" \/><\/a>\n\t\t\t<\/dt><\/dl><dl class='gallery-item'>\n\t\t\t<dt class='gallery-icon portrait'>\n\t\t\t\t<a href='https:\/\/mont-roig.cat\/es\/actualitat\/noticies\/miercoles-1-de-julio-reabren-los-centros-de-ancianos-del-municipio\/a1e3d4fc-2c24-4fbe-826c-54ceeca5795d-2\/'><img loading=\"lazy\" decoding=\"async\" width=\"375\" height=\"500\" src=\"https:\/\/mont-roig.cat\/wp-content\/uploads\/a1e3d4fc-2c24-4fbe-826c-54ceeca5795d-375x500.jpg\" class=\"attachment-medium size-medium\" alt=\"\" srcset=\"https:\/\/mont-roig.cat\/wp-content\/uploads\/a1e3d4fc-2c24-4fbe-826c-54ceeca5795d-375x500.jpg 375w, https:\/\/mont-roig.cat\/wp-content\/uploads\/a1e3d4fc-2c24-4fbe-826c-54ceeca5795d-768x1024.jpg 768w, https:\/\/mont-roig.cat\/wp-content\/uploads\/a1e3d4fc-2c24-4fbe-826c-54ceeca5795d-1152x1536.jpg 1152w, https:\/\/mont-roig.cat\/wp-content\/uploads\/a1e3d4fc-2c24-4fbe-826c-54ceeca5795d.jpg 1200w\" sizes=\"auto, (max-width: 375px) 100vw, 375px\" \/><\/a>\n\t\t\t<\/dt><\/dl><br style=\"clear: both\" \/><dl class='gallery-item'>\n\t\t\t<dt class='gallery-icon portrait'>\n\t\t\t\t<a href='https:\/\/mont-roig.cat\/es\/actualitat\/noticies\/miercoles-1-de-julio-reabren-los-centros-de-ancianos-del-municipio\/1c46e6f3-ca01-4b6e-b9f0-5be5611ffc04-2\/'><img loading=\"lazy\" decoding=\"async\" width=\"375\" height=\"500\" src=\"https:\/\/mont-roig.cat\/wp-content\/uploads\/1c46e6f3-ca01-4b6e-b9f0-5be5611ffc04-375x500.jpg\" class=\"attachment-medium size-medium\" alt=\"\" srcset=\"https:\/\/mont-roig.cat\/wp-content\/uploads\/1c46e6f3-ca01-4b6e-b9f0-5be5611ffc04-375x500.jpg 375w, https:\/\/mont-roig.cat\/wp-content\/uploads\/1c46e6f3-ca01-4b6e-b9f0-5be5611ffc04-768x1024.jpg 768w, https:\/\/mont-roig.cat\/wp-content\/uploads\/1c46e6f3-ca01-4b6e-b9f0-5be5611ffc04-1152x1536.jpg 1152w, https:\/\/mont-roig.cat\/wp-content\/uploads\/1c46e6f3-ca01-4b6e-b9f0-5be5611ffc04.jpg 1200w\" sizes=\"auto, (max-width: 375px) 100vw, 375px\" \/><\/a>\n\t\t\t<\/dt><\/dl><dl class='gallery-item'>\n\t\t\t<dt class='gallery-icon landscape'>\n\t\t\t\t<a href='https:\/\/mont-roig.cat\/es\/actualitat\/noticies\/volieu-dir-obren-els-parcs-infantils-i-els-parcs-esportius-a-laire-lliure-65-5000-reabren-los-parques-infantiles-y-los-parques-deportivos-al-aire-libre\/nova-zona-de-jocs-infantils-de-mont-roig-3\/'><img loading=\"lazy\" decoding=\"async\" width=\"500\" height=\"375\" src=\"https:\/\/mont-roig.cat\/wp-content\/uploads\/Nova-zona-de-jocs-infantils-de-Mont-roig-1-500x375.jpg\" class=\"attachment-medium size-medium\" alt=\"\" srcset=\"https:\/\/mont-roig.cat\/wp-content\/uploads\/Nova-zona-de-jocs-infantils-de-Mont-roig-1-500x375.jpg 500w, https:\/\/mont-roig.cat\/wp-content\/uploads\/Nova-zona-de-jocs-infantils-de-Mont-roig-1-1024x768.jpg 1024w, https:\/\/mont-roig.cat\/wp-content\/uploads\/Nova-zona-de-jocs-infantils-de-Mont-roig-1-768x576.jpg 768w, https:\/\/mont-roig.cat\/wp-content\/uploads\/Nova-zona-de-jocs-infantils-de-Mont-roig-1-1536x1152.jpg 1536w, https:\/\/mont-roig.cat\/wp-content\/uploads\/Nova-zona-de-jocs-infantils-de-Mont-roig-1-463x348.jpg 463w, https:\/\/mont-roig.cat\/wp-content\/uploads\/Nova-zona-de-jocs-infantils-de-Mont-roig-1.jpg 1600w\" sizes=\"auto, (max-width: 500px) 100vw, 500px\" \/><\/a>\n\t\t\t<\/dt><\/dl><dl class='gallery-item'>\n\t\t\t<dt class='gallery-icon landscape'>\n\t\t\t\t<a href='https:\/\/mont-roig.cat\/es\/actualitat\/noticies\/comienza-el-periodo-para-realizar-las-inscripciones-del-transporte-escolar-en-los-centros-educativos-del-municipio\/foto_bus_municipal-2\/'><img loading=\"lazy\" decoding=\"async\" width=\"500\" height=\"281\" src=\"https:\/\/mont-roig.cat\/wp-content\/uploads\/foto_bus_municipal-1-500x281.jpg\" class=\"attachment-medium size-medium\" alt=\"\" srcset=\"https:\/\/mont-roig.cat\/wp-content\/uploads\/foto_bus_municipal-1-500x281.jpg 500w, https:\/\/mont-roig.cat\/wp-content\/uploads\/foto_bus_municipal-1-1024x576.jpg 1024w, https:\/\/mont-roig.cat\/wp-content\/uploads\/foto_bus_municipal-1-768x432.jpg 768w, https:\/\/mont-roig.cat\/wp-content\/uploads\/foto_bus_municipal-1.jpg 1280w\" sizes=\"auto, (max-width: 500px) 100vw, 500px\" \/><\/a>\n\t\t\t<\/dt><\/dl><br style=\"clear: both\" \/><dl class='gallery-item'>\n\t\t\t<dt class='gallery-icon portrait'>\n\t\t\t\t<a href='https:\/\/mont-roig.cat\/es\/actualitat\/noticies\/87-5000-el-ayuntamiento-de-mont-roig-apoya-el-dia-del-orgullo-lgtbi-con-varias-iniciativas\/bb2edd8a-1f7a-4d16-b0a1-5ea0c931b170-2\/'><img loading=\"lazy\" decoding=\"async\" width=\"375\" height=\"500\" src=\"https:\/\/mont-roig.cat\/wp-content\/uploads\/bb2edd8a-1f7a-4d16-b0a1-5ea0c931b170-375x500.jpg\" class=\"attachment-medium size-medium\" alt=\"\" srcset=\"https:\/\/mont-roig.cat\/wp-content\/uploads\/bb2edd8a-1f7a-4d16-b0a1-5ea0c931b170-375x500.jpg 375w, https:\/\/mont-roig.cat\/wp-content\/uploads\/bb2edd8a-1f7a-4d16-b0a1-5ea0c931b170-768x1024.jpg 768w, https:\/\/mont-roig.cat\/wp-content\/uploads\/bb2edd8a-1f7a-4d16-b0a1-5ea0c931b170-1152x1536.jpg 1152w, https:\/\/mont-roig.cat\/wp-content\/uploads\/bb2edd8a-1f7a-4d16-b0a1-5ea0c931b170.jpg 1488w\" sizes=\"auto, (max-width: 375px) 100vw, 375px\" \/><\/a>\n\t\t\t<\/dt><\/dl><dl class='gallery-item'>\n\t\t\t<dt class='gallery-icon portrait'>\n\t\t\t\t<a href='https:\/\/mont-roig.cat\/es\/actualitat\/noticies\/87-5000-el-ayuntamiento-de-mont-roig-apoya-el-dia-del-orgullo-lgtbi-con-varias-iniciativas\/3972438a-c64c-4842-b80d-b12259c95849-2\/'><img loading=\"lazy\" decoding=\"async\" width=\"375\" height=\"500\" src=\"https:\/\/mont-roig.cat\/wp-content\/uploads\/3972438a-c64c-4842-b80d-b12259c95849-375x500.jpg\" class=\"attachment-medium size-medium\" alt=\"\" srcset=\"https:\/\/mont-roig.cat\/wp-content\/uploads\/3972438a-c64c-4842-b80d-b12259c95849-375x500.jpg 375w, https:\/\/mont-roig.cat\/wp-content\/uploads\/3972438a-c64c-4842-b80d-b12259c95849-768x1024.jpg 768w, https:\/\/mont-roig.cat\/wp-content\/uploads\/3972438a-c64c-4842-b80d-b12259c95849-1152x1536.jpg 1152w, https:\/\/mont-roig.cat\/wp-content\/uploads\/3972438a-c64c-4842-b80d-b12259c95849.jpg 1488w\" sizes=\"auto, (max-width: 375px) 100vw, 375px\" \/><\/a>\n\t\t\t<\/dt><\/dl>\n\t\t\t<br style='clear: both' \/>\n\t\t<\/div>\n\n<p><strong>Otras acciones para dar visibilidad al d\u00eda<\/strong><\/p>\n<p>Tambi\u00e9n para dar visibilidad a este d\u00eda, el Ayuntamiento se suma a la iniciativa de muchos municipios de introducir la bandera LGTBIQ + entre los elementos urbanos. Es por ello que se adornar\u00e1n las farolas de las principales arterias del municipio (la Avenida Catalunya en Mont-roig y la Avenida Barcelona, \u200b\u200bPr\u00edncipe de Espa\u00f1a y la Avenida Gil y Vernet en Miami Platja). Hay que recordar que no es la primera vez que se llevan acciones de este tipo, pues hace un par de a\u00f1os ya se pintaron varios bancos con los colores que identifican al colectivo LGBTBIQ +.<\/p>\n<p>Tambi\u00e9n los departamentos de Pol\u00edticas de Igualdad y de Juventud han llevado a cabo a lo largo de esta semana varias propuestas para dar visibilidad la diversidad afectivo-sexual que tiene nuestra sociedad. Este jueves se emiti\u00f3 la \u00faltima sesi\u00f3n de Directos Confinados, una iniciativa en la que los j\u00f3venes han tenido la oportunidad de hablar con personajes de diferentes \u00e1mbitos y profesiones que se conectaban en directo a trav\u00e9s de la red Instagram.<\/p>\n<p>As\u00ed, para cerrar este ciclo, contaron con Jose Mola, licenciado con relaciones p\u00fablicas y publicidad, y periodista, que colabora con entidades como H2O y que, es el jefe de comunicaci\u00f3n del Observatorio Contra la Homofobia (OCH) de Catalu\u00f1a. Tambi\u00e9n es un gran defensor de los derechos LGTBI a trav\u00e9s de las redes sociales donde tiene muchos seguidores, y autor del libro Menos drama y m\u00e1s banana, publicado en 2019.<\/p>\n<p>Tambi\u00e9n contaron con la participaci\u00f3n de Abel Arana, que ha escrito las novelas Historias de Chueca o Un baile de muerte, donde el colectivo LGTBI siempre tiene un gran protagonismo, y este 2020 ha publicado su \u00faltima novela esto te pasa por influencia.<\/p>\n<p>Una propuesta para hablar con personajes p\u00fablicos que muestran abiertamente su orientaci\u00f3n sexual y que pueden ser referente para los j\u00f3venes. Adem\u00e1s de la oportunidad de conocer de primera mano la labor realizada por una entidad como el Observatorio contra la Homofobia que ofrece servicios y mecanismos para luchar contra la LGBTI-fobia en todas sus formas.<\/p>\n<p>Tambi\u00e9n, el Servicio de Bibliotecas ha preparado una selecci\u00f3n de lecturas que hablan sobre el colectivo LGBTIQ, para que quien quiera pueda encontrar en las bibliotecas municipales lecturas sobre este \u00e1mbito. Los libros de Abel Arana y Jose Mola que se han presentado a los Directos Confinados se pueden adquirir en las dos bibliotecas. Desde el Departamento de Juventud y para dar visibilidad a los colectivos LGTBI se tom\u00f3 la iniciativa de pintar 2 de pasos de peatones con los colores de la bandera LGTBI. El primero se pint\u00f3 ayer delante del Casal de J\u00f3venes de Mont-roig y esta tarde se pintar\u00e1 el siguiente en Miami Platja.<\/p>\n<p><strong>Manifiesto consensuado por todos los grupos municipales<\/strong><\/p>\n<p>Finalmente, todos los grupos municipales del Ayuntamiento de Mont-roig del Camp se suman al manifiesto conjunto del Consejo Nacional LGBTI. (* Adjunta manifiesto)<\/p>\n<p><a href=\"https:\/\/mont-roig.cat\/wp-content\/uploads\/MANIFEST-28-DE-JUNY-LGBTI.pdf\" target=\"_blank\" rel=\"noopener noreferrer\">MANIFIESTO 28 DE JUNIO, LGBTI<\/a><\/p>\n","protected":false},"excerpt":{"rendered":"<p>&nbsp; El cambio de nomenclatura se propone coincidiendo con el 28 de junio, d\u00eda internacional del Orgullo LGTBI y para dar cumplimiento a la Ley de Memoria Hist\u00f3rica que faculta a las administraciones p\u00fablicas a retirar elementos o menciones conmemorativas de exaltaci\u00f3n del franquismo, como es el caso del t\u00edtulo Pr\u00edncipe de Espa\u00f1a. Con el [&hellip;]<\/p>\n","protected":false},"author":4,"featured_media":50174,"comment_status":"closed","ping_status":"closed","sticky":false,"template":"","format":"standard","meta":{"inline_featured_image":false,"_monsterinsights_skip_tracking":false,"_monsterinsights_sitenote_active":false,"_monsterinsights_sitenote_note":"","_monsterinsights_sitenote_category":0,"footnotes":""},"categories":[98,106,174],"tags":[],"class_list":["post-50205","post","type-post","status-publish","format-standard","has-post-thumbnail","hentry","category-ayuntamiento","category-juventud","category-politiques-digualtat-i-de-les-dones-es"],"yoast_head":"<!-- This site is optimized with the Yoast SEO plugin v27.4 - https:\/\/yoast.com\/product\/yoast-seo-wordpress\/ -->\n<title>El equipo de gobierno llevar\u00e1 al plenario el cambio de nombre de la avenida Pr\u00edncipe de Espa\u00f1a para avenida de la Diversidad - Ajuntament de Mont-roig del Camp<\/title>\n<meta name=\"robots\" content=\"index, follow, max-snippet:-1, max-image-preview:large, max-video-preview:-1\" \/>\n<link rel=\"canonical\" href=\"https:\/\/mont-roig.cat\/es\/actualitat\/noticies\/el-equipo-de-gobierno-llevara-al-plenario-el-cambio-de-nombre-de-la-avenida-principe-de-espana-para-avenida-de-la-diversidad\/\" \/>\n<meta property=\"og:locale\" content=\"es_ES\" \/>\n<meta property=\"og:type\" content=\"article\" \/>\n<meta property=\"og:title\" content=\"El equipo de gobierno llevar\u00e1 al plenario el cambio de nombre de la avenida Pr\u00edncipe de Espa\u00f1a para avenida de la Diversidad - Ajuntament de Mont-roig del Camp\" \/>\n<meta property=\"og:description\" content=\"&nbsp; El cambio de nomenclatura se propone coincidiendo con el 28 de junio, d\u00eda internacional del Orgullo LGTBI y para dar cumplimiento a la Ley de Memoria Hist\u00f3rica que faculta a las administraciones p\u00fablicas a retirar elementos o menciones conmemorativas de exaltaci\u00f3n del franquismo, como es el caso del t\u00edtulo Pr\u00edncipe de Espa\u00f1a. Con el [&hellip;]\" \/>\n<meta property=\"og:url\" content=\"https:\/\/mont-roig.cat\/es\/actualitat\/noticies\/el-equipo-de-gobierno-llevara-al-plenario-el-cambio-de-nombre-de-la-avenida-principe-de-espana-para-avenida-de-la-diversidad\/\" \/>\n<meta property=\"og:site_name\" content=\"Ajuntament de Mont-roig del Camp\" \/>\n<meta property=\"article:published_time\" content=\"2020-06-26T09:27:20+00:00\" \/>\n<meta property=\"article:modified_time\" content=\"2020-06-26T11:57:31+00:00\" \/>\n<meta property=\"og:image\" content=\"https:\/\/mont-roig.cat\/wp-content\/uploads\/0-2.jpg\" \/>\n\t<meta property=\"og:image:width\" content=\"443\" \/>\n\t<meta property=\"og:image:height\" content=\"591\" \/>\n\t<meta property=\"og:image:type\" content=\"image\/jpeg\" \/>\n<meta name=\"author\" content=\"administrador\" \/>\n<meta name=\"twitter:card\" content=\"summary_large_image\" \/>\n<meta name=\"twitter:label1\" content=\"Escrito por\" \/>\n\t<meta name=\"twitter:data1\" content=\"administrador\" \/>\n\t<meta name=\"twitter:label2\" content=\"Tiempo de lectura\" \/>\n\t<meta name=\"twitter:data2\" content=\"5 minutos\" \/>\n<script type=\"application\/ld+json\" class=\"yoast-schema-graph\">{\"@context\":\"https:\\\/\\\/schema.org\",\"@graph\":[{\"@type\":\"Article\",\"@id\":\"https:\\\/\\\/mont-roig.cat\\\/es\\\/actualitat\\\/noticies\\\/el-equipo-de-gobierno-llevara-al-plenario-el-cambio-de-nombre-de-la-avenida-principe-de-espana-para-avenida-de-la-diversidad\\\/#article\",\"isPartOf\":{\"@id\":\"https:\\\/\\\/mont-roig.cat\\\/es\\\/actualitat\\\/noticies\\\/el-equipo-de-gobierno-llevara-al-plenario-el-cambio-de-nombre-de-la-avenida-principe-de-espana-para-avenida-de-la-diversidad\\\/\"},\"author\":{\"name\":\"administrador\",\"@id\":\"https:\\\/\\\/mont-roig.cat\\\/es\\\/#\\\/schema\\\/person\\\/f2b111789f22b7d0c3bd6786c9128cba\"},\"headline\":\"El equipo de gobierno llevar\u00e1 al plenario el cambio de nombre de la avenida Pr\u00edncipe de Espa\u00f1a para avenida de la Diversidad\",\"datePublished\":\"2020-06-26T09:27:20+00:00\",\"dateModified\":\"2020-06-26T11:57:31+00:00\",\"mainEntityOfPage\":{\"@id\":\"https:\\\/\\\/mont-roig.cat\\\/es\\\/actualitat\\\/noticies\\\/el-equipo-de-gobierno-llevara-al-plenario-el-cambio-de-nombre-de-la-avenida-principe-de-espana-para-avenida-de-la-diversidad\\\/\"},\"wordCount\":1070,\"image\":{\"@id\":\"https:\\\/\\\/mont-roig.cat\\\/es\\\/actualitat\\\/noticies\\\/el-equipo-de-gobierno-llevara-al-plenario-el-cambio-de-nombre-de-la-avenida-principe-de-espana-para-avenida-de-la-diversidad\\\/#primaryimage\"},\"thumbnailUrl\":\"https:\\\/\\\/mont-roig.cat\\\/wp-content\\\/uploads\\\/0-2.jpg\",\"articleSection\":[\"Ayuntamiento\",\"Juventud\",\"Pol\u00edtiques d&#8217;Igualtat i de les Dones\"],\"inLanguage\":\"es\"},{\"@type\":\"WebPage\",\"@id\":\"https:\\\/\\\/mont-roig.cat\\\/es\\\/actualitat\\\/noticies\\\/el-equipo-de-gobierno-llevara-al-plenario-el-cambio-de-nombre-de-la-avenida-principe-de-espana-para-avenida-de-la-diversidad\\\/\",\"url\":\"https:\\\/\\\/mont-roig.cat\\\/es\\\/actualitat\\\/noticies\\\/el-equipo-de-gobierno-llevara-al-plenario-el-cambio-de-nombre-de-la-avenida-principe-de-espana-para-avenida-de-la-diversidad\\\/\",\"name\":\"El equipo de gobierno llevar\u00e1 al plenario el cambio de nombre de la avenida Pr\u00edncipe de Espa\u00f1a para avenida de la Diversidad - Ajuntament de Mont-roig del Camp\",\"isPartOf\":{\"@id\":\"https:\\\/\\\/mont-roig.cat\\\/es\\\/#website\"},\"primaryImageOfPage\":{\"@id\":\"https:\\\/\\\/mont-roig.cat\\\/es\\\/actualitat\\\/noticies\\\/el-equipo-de-gobierno-llevara-al-plenario-el-cambio-de-nombre-de-la-avenida-principe-de-espana-para-avenida-de-la-diversidad\\\/#primaryimage\"},\"image\":{\"@id\":\"https:\\\/\\\/mont-roig.cat\\\/es\\\/actualitat\\\/noticies\\\/el-equipo-de-gobierno-llevara-al-plenario-el-cambio-de-nombre-de-la-avenida-principe-de-espana-para-avenida-de-la-diversidad\\\/#primaryimage\"},\"thumbnailUrl\":\"https:\\\/\\\/mont-roig.cat\\\/wp-content\\\/uploads\\\/0-2.jpg\",\"datePublished\":\"2020-06-26T09:27:20+00:00\",\"dateModified\":\"2020-06-26T11:57:31+00:00\",\"author\":{\"@id\":\"https:\\\/\\\/mont-roig.cat\\\/es\\\/#\\\/schema\\\/person\\\/f2b111789f22b7d0c3bd6786c9128cba\"},\"breadcrumb\":{\"@id\":\"https:\\\/\\\/mont-roig.cat\\\/es\\\/actualitat\\\/noticies\\\/el-equipo-de-gobierno-llevara-al-plenario-el-cambio-de-nombre-de-la-avenida-principe-de-espana-para-avenida-de-la-diversidad\\\/#breadcrumb\"},\"inLanguage\":\"es\",\"potentialAction\":[{\"@type\":\"ReadAction\",\"target\":[\"https:\\\/\\\/mont-roig.cat\\\/es\\\/actualitat\\\/noticies\\\/el-equipo-de-gobierno-llevara-al-plenario-el-cambio-de-nombre-de-la-avenida-principe-de-espana-para-avenida-de-la-diversidad\\\/\"]}]},{\"@type\":\"ImageObject\",\"inLanguage\":\"es\",\"@id\":\"https:\\\/\\\/mont-roig.cat\\\/es\\\/actualitat\\\/noticies\\\/el-equipo-de-gobierno-llevara-al-plenario-el-cambio-de-nombre-de-la-avenida-principe-de-espana-para-avenida-de-la-diversidad\\\/#primaryimage\",\"url\":\"https:\\\/\\\/mont-roig.cat\\\/wp-content\\\/uploads\\\/0-2.jpg\",\"contentUrl\":\"https:\\\/\\\/mont-roig.cat\\\/wp-content\\\/uploads\\\/0-2.jpg\",\"width\":443,\"height\":591},{\"@type\":\"BreadcrumbList\",\"@id\":\"https:\\\/\\\/mont-roig.cat\\\/es\\\/actualitat\\\/noticies\\\/el-equipo-de-gobierno-llevara-al-plenario-el-cambio-de-nombre-de-la-avenida-principe-de-espana-para-avenida-de-la-diversidad\\\/#breadcrumb\",\"itemListElement\":[{\"@type\":\"ListItem\",\"position\":1,\"name\":\"Inici\",\"item\":\"https:\\\/\\\/mont-roig.cat\\\/es\\\/pagina-de-inicio\\\/\"},{\"@type\":\"ListItem\",\"position\":2,\"name\":\"El equipo de gobierno llevar\u00e1 al plenario el cambio de nombre de la avenida Pr\u00edncipe de Espa\u00f1a para avenida de la Diversidad\"}]},{\"@type\":\"WebSite\",\"@id\":\"https:\\\/\\\/mont-roig.cat\\\/es\\\/#website\",\"url\":\"https:\\\/\\\/mont-roig.cat\\\/es\\\/\",\"name\":\"Ajuntament de Mont-roig del Camp\",\"description\":\"Tota la informaci\u00f3 sobre la instituci\u00f3, els seus \u00f2rgans de govern, actualitat, serveis i molt m\u00e9s.\",\"potentialAction\":[{\"@type\":\"SearchAction\",\"target\":{\"@type\":\"EntryPoint\",\"urlTemplate\":\"https:\\\/\\\/mont-roig.cat\\\/es\\\/?s={search_term_string}\"},\"query-input\":{\"@type\":\"PropertyValueSpecification\",\"valueRequired\":true,\"valueName\":\"search_term_string\"}}],\"inLanguage\":\"es\"},{\"@type\":\"Person\",\"@id\":\"https:\\\/\\\/mont-roig.cat\\\/es\\\/#\\\/schema\\\/person\\\/f2b111789f22b7d0c3bd6786c9128cba\",\"name\":\"administrador\",\"image\":{\"@type\":\"ImageObject\",\"inLanguage\":\"es\",\"@id\":\"https:\\\/\\\/secure.gravatar.com\\\/avatar\\\/9137aac6891e2595c9d3036fd83bcb653b4db3c946db4c7d9b9be193c3c944bb?s=96&d=mm&r=g\",\"url\":\"https:\\\/\\\/secure.gravatar.com\\\/avatar\\\/9137aac6891e2595c9d3036fd83bcb653b4db3c946db4c7d9b9be193c3c944bb?s=96&d=mm&r=g\",\"contentUrl\":\"https:\\\/\\\/secure.gravatar.com\\\/avatar\\\/9137aac6891e2595c9d3036fd83bcb653b4db3c946db4c7d9b9be193c3c944bb?s=96&d=mm&r=g\",\"caption\":\"administrador\"},\"url\":\"https:\\\/\\\/mont-roig.cat\\\/es\\\/actualitat\\\/noticies\\\/author\\\/administrador\\\/\"}]}<\/script>\n<!-- \/ Yoast SEO plugin. -->","yoast_head_json":{"title":"El equipo de gobierno llevar\u00e1 al plenario el cambio de nombre de la avenida Pr\u00edncipe de Espa\u00f1a para avenida de la Diversidad - Ajuntament de Mont-roig del Camp","robots":{"index":"index","follow":"follow","max-snippet":"max-snippet:-1","max-image-preview":"max-image-preview:large","max-video-preview":"max-video-preview:-1"},"canonical":"https:\/\/mont-roig.cat\/es\/actualitat\/noticies\/el-equipo-de-gobierno-llevara-al-plenario-el-cambio-de-nombre-de-la-avenida-principe-de-espana-para-avenida-de-la-diversidad\/","og_locale":"es_ES","og_type":"article","og_title":"El equipo de gobierno llevar\u00e1 al plenario el cambio de nombre de la avenida Pr\u00edncipe de Espa\u00f1a para avenida de la Diversidad - Ajuntament de Mont-roig del Camp","og_description":"&nbsp; El cambio de nomenclatura se propone coincidiendo con el 28 de junio, d\u00eda internacional del Orgullo LGTBI y para dar cumplimiento a la Ley de Memoria Hist\u00f3rica que faculta a las administraciones p\u00fablicas a retirar elementos o menciones conmemorativas de exaltaci\u00f3n del franquismo, como es el caso del t\u00edtulo Pr\u00edncipe de Espa\u00f1a. Con el [&hellip;]","og_url":"https:\/\/mont-roig.cat\/es\/actualitat\/noticies\/el-equipo-de-gobierno-llevara-al-plenario-el-cambio-de-nombre-de-la-avenida-principe-de-espana-para-avenida-de-la-diversidad\/","og_site_name":"Ajuntament de Mont-roig del Camp","article_published_time":"2020-06-26T09:27:20+00:00","article_modified_time":"2020-06-26T11:57:31+00:00","og_image":[{"width":443,"height":591,"url":"https:\/\/mont-roig.cat\/wp-content\/uploads\/0-2.jpg","type":"image\/jpeg"}],"author":"administrador","twitter_card":"summary_large_image","twitter_misc":{"Escrito por":"administrador","Tiempo de lectura":"5 minutos"},"schema":{"@context":"https:\/\/schema.org","@graph":[{"@type":"Article","@id":"https:\/\/mont-roig.cat\/es\/actualitat\/noticies\/el-equipo-de-gobierno-llevara-al-plenario-el-cambio-de-nombre-de-la-avenida-principe-de-espana-para-avenida-de-la-diversidad\/#article","isPartOf":{"@id":"https:\/\/mont-roig.cat\/es\/actualitat\/noticies\/el-equipo-de-gobierno-llevara-al-plenario-el-cambio-de-nombre-de-la-avenida-principe-de-espana-para-avenida-de-la-diversidad\/"},"author":{"name":"administrador","@id":"https:\/\/mont-roig.cat\/es\/#\/schema\/person\/f2b111789f22b7d0c3bd6786c9128cba"},"headline":"El equipo de gobierno llevar\u00e1 al plenario el cambio de nombre de la avenida Pr\u00edncipe de Espa\u00f1a para avenida de la Diversidad","datePublished":"2020-06-26T09:27:20+00:00","dateModified":"2020-06-26T11:57:31+00:00","mainEntityOfPage":{"@id":"https:\/\/mont-roig.cat\/es\/actualitat\/noticies\/el-equipo-de-gobierno-llevara-al-plenario-el-cambio-de-nombre-de-la-avenida-principe-de-espana-para-avenida-de-la-diversidad\/"},"wordCount":1070,"image":{"@id":"https:\/\/mont-roig.cat\/es\/actualitat\/noticies\/el-equipo-de-gobierno-llevara-al-plenario-el-cambio-de-nombre-de-la-avenida-principe-de-espana-para-avenida-de-la-diversidad\/#primaryimage"},"thumbnailUrl":"https:\/\/mont-roig.cat\/wp-content\/uploads\/0-2.jpg","articleSection":["Ayuntamiento","Juventud","Pol\u00edtiques d&#8217;Igualtat i de les Dones"],"inLanguage":"es"},{"@type":"WebPage","@id":"https:\/\/mont-roig.cat\/es\/actualitat\/noticies\/el-equipo-de-gobierno-llevara-al-plenario-el-cambio-de-nombre-de-la-avenida-principe-de-espana-para-avenida-de-la-diversidad\/","url":"https:\/\/mont-roig.cat\/es\/actualitat\/noticies\/el-equipo-de-gobierno-llevara-al-plenario-el-cambio-de-nombre-de-la-avenida-principe-de-espana-para-avenida-de-la-diversidad\/","name":"El equipo de gobierno llevar\u00e1 al plenario el cambio de nombre de la avenida Pr\u00edncipe de Espa\u00f1a para avenida de la Diversidad - Ajuntament de Mont-roig del Camp","isPartOf":{"@id":"https:\/\/mont-roig.cat\/es\/#website"},"primaryImageOfPage":{"@id":"https:\/\/mont-roig.cat\/es\/actualitat\/noticies\/el-equipo-de-gobierno-llevara-al-plenario-el-cambio-de-nombre-de-la-avenida-principe-de-espana-para-avenida-de-la-diversidad\/#primaryimage"},"image":{"@id":"https:\/\/mont-roig.cat\/es\/actualitat\/noticies\/el-equipo-de-gobierno-llevara-al-plenario-el-cambio-de-nombre-de-la-avenida-principe-de-espana-para-avenida-de-la-diversidad\/#primaryimage"},"thumbnailUrl":"https:\/\/mont-roig.cat\/wp-content\/uploads\/0-2.jpg","datePublished":"2020-06-26T09:27:20+00:00","dateModified":"2020-06-26T11:57:31+00:00","author":{"@id":"https:\/\/mont-roig.cat\/es\/#\/schema\/person\/f2b111789f22b7d0c3bd6786c9128cba"},"breadcrumb":{"@id":"https:\/\/mont-roig.cat\/es\/actualitat\/noticies\/el-equipo-de-gobierno-llevara-al-plenario-el-cambio-de-nombre-de-la-avenida-principe-de-espana-para-avenida-de-la-diversidad\/#breadcrumb"},"inLanguage":"es","potentialAction":[{"@type":"ReadAction","target":["https:\/\/mont-roig.cat\/es\/actualitat\/noticies\/el-equipo-de-gobierno-llevara-al-plenario-el-cambio-de-nombre-de-la-avenida-principe-de-espana-para-avenida-de-la-diversidad\/"]}]},{"@type":"ImageObject","inLanguage":"es","@id":"https:\/\/mont-roig.cat\/es\/actualitat\/noticies\/el-equipo-de-gobierno-llevara-al-plenario-el-cambio-de-nombre-de-la-avenida-principe-de-espana-para-avenida-de-la-diversidad\/#primaryimage","url":"https:\/\/mont-roig.cat\/wp-content\/uploads\/0-2.jpg","contentUrl":"https:\/\/mont-roig.cat\/wp-content\/uploads\/0-2.jpg","width":443,"height":591},{"@type":"BreadcrumbList","@id":"https:\/\/mont-roig.cat\/es\/actualitat\/noticies\/el-equipo-de-gobierno-llevara-al-plenario-el-cambio-de-nombre-de-la-avenida-principe-de-espana-para-avenida-de-la-diversidad\/#breadcrumb","itemListElement":[{"@type":"ListItem","position":1,"name":"Inici","item":"https:\/\/mont-roig.cat\/es\/pagina-de-inicio\/"},{"@type":"ListItem","position":2,"name":"El equipo de gobierno llevar\u00e1 al plenario el cambio de nombre de la avenida Pr\u00edncipe de Espa\u00f1a para avenida de la Diversidad"}]},{"@type":"WebSite","@id":"https:\/\/mont-roig.cat\/es\/#website","url":"https:\/\/mont-roig.cat\/es\/","name":"Ajuntament de Mont-roig del Camp","description":"Tota la informaci\u00f3 sobre la instituci\u00f3, els seus \u00f2rgans de govern, actualitat, serveis i molt m\u00e9s.","potentialAction":[{"@type":"SearchAction","target":{"@type":"EntryPoint","urlTemplate":"https:\/\/mont-roig.cat\/es\/?s={search_term_string}"},"query-input":{"@type":"PropertyValueSpecification","valueRequired":true,"valueName":"search_term_string"}}],"inLanguage":"es"},{"@type":"Person","@id":"https:\/\/mont-roig.cat\/es\/#\/schema\/person\/f2b111789f22b7d0c3bd6786c9128cba","name":"administrador","image":{"@type":"ImageObject","inLanguage":"es","@id":"https:\/\/secure.gravatar.com\/avatar\/9137aac6891e2595c9d3036fd83bcb653b4db3c946db4c7d9b9be193c3c944bb?s=96&d=mm&r=g","url":"https:\/\/secure.gravatar.com\/avatar\/9137aac6891e2595c9d3036fd83bcb653b4db3c946db4c7d9b9be193c3c944bb?s=96&d=mm&r=g","contentUrl":"https:\/\/secure.gravatar.com\/avatar\/9137aac6891e2595c9d3036fd83bcb653b4db3c946db4c7d9b9be193c3c944bb?s=96&d=mm&r=g","caption":"administrador"},"url":"https:\/\/mont-roig.cat\/es\/actualitat\/noticies\/author\/administrador\/"}]}},"_links":{"self":[{"href":"https:\/\/mont-roig.cat\/es\/wp-json\/wp\/v2\/posts\/50205","targetHints":{"allow":["GET"]}}],"collection":[{"href":"https:\/\/mont-roig.cat\/es\/wp-json\/wp\/v2\/posts"}],"about":[{"href":"https:\/\/mont-roig.cat\/es\/wp-json\/wp\/v2\/types\/post"}],"author":[{"embeddable":true,"href":"https:\/\/mont-roig.cat\/es\/wp-json\/wp\/v2\/users\/4"}],"replies":[{"embeddable":true,"href":"https:\/\/mont-roig.cat\/es\/wp-json\/wp\/v2\/comments?post=50205"}],"version-history":[{"count":5,"href":"https:\/\/mont-roig.cat\/es\/wp-json\/wp\/v2\/posts\/50205\/revisions"}],"predecessor-version":[{"id":50216,"href":"https:\/\/mont-roig.cat\/es\/wp-json\/wp\/v2\/posts\/50205\/revisions\/50216"}],"wp:featuredmedia":[{"embeddable":true,"href":"https:\/\/mont-roig.cat\/es\/wp-json\/wp\/v2\/media\/50174"}],"wp:attachment":[{"href":"https:\/\/mont-roig.cat\/es\/wp-json\/wp\/v2\/media?parent=50205"}],"wp:term":[{"taxonomy":"category","embeddable":true,"href":"https:\/\/mont-roig.cat\/es\/wp-json\/wp\/v2\/categories?post=50205"},{"taxonomy":"post_tag","embeddable":true,"href":"https:\/\/mont-roig.cat\/es\/wp-json\/wp\/v2\/tags?post=50205"}],"curies":[{"name":"wp","href":"https:\/\/api.w.org\/{rel}","templated":true}]}}