{"id":50454,"date":"2020-07-03T11:08:42","date_gmt":"2020-07-03T09:08:42","guid":{"rendered":"https:\/\/mont-roig.cat\/actualitat\/noticies\/lajuntament-obre-dos-passos-provisionals-a-lantiga-via-del-tren-al-seu-pas-per-miami-platja\/"},"modified":"2020-07-03T11:23:06","modified_gmt":"2020-07-03T09:23:06","slug":"93-5000-el-ayuntamiento-abre-dos-pasos-provisionales-en-la-antigua-via-del-tren-a-su-paso-por-miami-playa","status":"publish","type":"post","link":"https:\/\/mont-roig.cat\/es\/actualitat\/noticies\/93-5000-el-ayuntamiento-abre-dos-pasos-provisionales-en-la-antigua-via-del-tren-a-su-paso-por-miami-playa\/","title":{"rendered":"El Ayuntamiento abre dos pasos provisionales en la antigua v\u00eda del tren a su paso por Miami Platja"},"content":{"rendered":"<p><a href=\"https:\/\/mont-roig.cat\/wp-content\/uploads\/b3cbc7f0-932d-42d6-8824-39f8949a6b08.jpg\"><img loading=\"lazy\" decoding=\"async\" class=\"alignright wp-image-50450\" src=\"https:\/\/mont-roig.cat\/wp-content\/uploads\/b3cbc7f0-932d-42d6-8824-39f8949a6b08-500x375.jpg\" alt=\"\" width=\"299\" height=\"224\" srcset=\"https:\/\/mont-roig.cat\/wp-content\/uploads\/b3cbc7f0-932d-42d6-8824-39f8949a6b08-500x375.jpg 500w, https:\/\/mont-roig.cat\/wp-content\/uploads\/b3cbc7f0-932d-42d6-8824-39f8949a6b08-768x576.jpg 768w, https:\/\/mont-roig.cat\/wp-content\/uploads\/b3cbc7f0-932d-42d6-8824-39f8949a6b08-463x348.jpg 463w, https:\/\/mont-roig.cat\/wp-content\/uploads\/b3cbc7f0-932d-42d6-8824-39f8949a6b08.jpg 1024w\" sizes=\"auto, (max-width: 299px) 100vw, 299px\" \/><\/a><\/p>\n<ul>\n<li><strong>Estos pasos, situados a la altura de las avenidas Par\u00eds y Mar\u00eda Cristina, mejorar\u00e1n la circulaci\u00f3n de Miami Platja <\/strong><strong>hasta que Adif no ejecute el desmantelamiento definitivo de la v\u00eda<\/strong><\/li>\n<\/ul>\n<p>El Ayuntamiento de Mont-roig del Camp ha iniciado los trabajos para la construcci\u00f3n de dos pasos provisionales nuevos sobre la antigua v\u00eda del tren para mejorar la circulaci\u00f3n en la zona de Miami Platja, haciendo m\u00e1s permeable el tr\u00e1fico entre la zona litoral y el resto del n\u00facleo. El consistorio ha pedido los permisos a Adif, el titular de la infraestructura, que ha respondido afirmativamente a la demanda municipal.<\/p>\n<p>En concreto los dos pasos provisionales que se est\u00e1n ejecutando est\u00e1n situados en la intersecci\u00f3n del Paseo Mediterr\u00e1neo con la avenida de Par\u00eds y en el cruce del Paseo Mediterr\u00e1neo con la avenida Mar\u00eda Cristina. Las obras, que permitir\u00e1n la circulaci\u00f3n de los veh\u00edculos y los peatones, han supuesto que se hayan tenido que talar algunos \u00e1rboles que hab\u00eda junto a la v\u00eda. La voluntad del Ayuntamiento es abrir un tercer paso, aunque de momento se est\u00e1 estudiando la mejor opci\u00f3n para este tercer paso provisional. Las obras de adecuaci\u00f3n de estos dos pasos, que han comenzado esta semana, tienen un plazo de ejecuci\u00f3n de 15 d\u00edas aproximadamente.<\/p>\n<p><strong>Sigue el proyecto de desmantelamiento<\/strong><br \/>\nPrecisamente el ente p\u00fablico Adif ha anunciado esta semana la adjudicaci\u00f3n del contrato para la redacci\u00f3n del proyecto de ejecuci\u00f3n que permitir\u00e1 el desmantelamiento del tramo de v\u00eda \u00fanica entre Vandell\u00f3s y Port Aventura que pasa por nuestro municipio. El contrato ha sido adjudicado por importe de 72.710,51 \u20ac (IVA incluido) a la empresa Inse Rail, con un plazo estimado para la redacci\u00f3n del proyecto de 4 meses.<\/p>\n<p>De esta manera, se da cumplimiento a la Declaraci\u00f3n de Impacto Ambiental (DIA), que contemplaba la desaparici\u00f3n de este tramo una vez puesta en servicio la variante Vandell\u00f2s-Tarragona del Corredor Mediterr\u00e1neo.<\/p>\n<p>El proyecto deber\u00e1 contemplar el desmantelamiento de la superestructura de v\u00eda (carril, traviesas, aparatos de v\u00eda y balasto), desmontaje y traslado de los postes de la catenaria y demolici\u00f3n de los macizos de cimentaci\u00f3n de estos. Tambi\u00e9n se demoler\u00e1n las instalaciones de seguridad y comunicaciones, tales como se\u00f1ales luminosas, balizas y otros sistemas en un trayecto de casi 28 km.<\/p>\n","protected":false},"excerpt":{"rendered":"<p>Estos pasos, situados a la altura de las avenidas Par\u00eds y Mar\u00eda Cristina, mejorar\u00e1n la circulaci\u00f3n de Miami Platja hasta que Adif no ejecute el desmantelamiento definitivo de la v\u00eda El Ayuntamiento de Mont-roig del Camp ha iniciado los trabajos para la construcci\u00f3n de dos pasos provisionales nuevos sobre la antigua v\u00eda del tren para [&hellip;]<\/p>\n","protected":false},"author":4,"featured_media":50451,"comment_status":"closed","ping_status":"closed","sticky":false,"template":"","format":"standard","meta":{"inline_featured_image":false,"_monsterinsights_skip_tracking":false,"_monsterinsights_sitenote_active":false,"_monsterinsights_sitenote_note":"","_monsterinsights_sitenote_category":0,"footnotes":""},"categories":[98,116],"tags":[],"class_list":["post-50454","post","type-post","status-publish","format-standard","has-post-thumbnail","hentry","category-ayuntamiento","category-urbanismo-y-obras"],"yoast_head":"<!-- This site is optimized with the Yoast SEO plugin v27.4 - https:\/\/yoast.com\/product\/yoast-seo-wordpress\/ -->\n<title>El Ayuntamiento abre dos pasos provisionales en la antigua v\u00eda del tren a su paso por Miami Platja - Ajuntament de Mont-roig del Camp<\/title>\n<meta name=\"robots\" content=\"index, follow, max-snippet:-1, max-image-preview:large, max-video-preview:-1\" \/>\n<link rel=\"canonical\" href=\"https:\/\/mont-roig.cat\/es\/actualitat\/noticies\/93-5000-el-ayuntamiento-abre-dos-pasos-provisionales-en-la-antigua-via-del-tren-a-su-paso-por-miami-playa\/\" \/>\n<meta property=\"og:locale\" content=\"es_ES\" \/>\n<meta property=\"og:type\" content=\"article\" \/>\n<meta property=\"og:title\" content=\"El Ayuntamiento abre dos pasos provisionales en la antigua v\u00eda del tren a su paso por Miami Platja - Ajuntament de Mont-roig del Camp\" \/>\n<meta property=\"og:description\" content=\"Estos pasos, situados a la altura de las avenidas Par\u00eds y Mar\u00eda Cristina, mejorar\u00e1n la circulaci\u00f3n de Miami Platja hasta que Adif no ejecute el desmantelamiento definitivo de la v\u00eda El Ayuntamiento de Mont-roig del Camp ha iniciado los trabajos para la construcci\u00f3n de dos pasos provisionales nuevos sobre la antigua v\u00eda del tren para [&hellip;]\" \/>\n<meta property=\"og:url\" content=\"https:\/\/mont-roig.cat\/es\/actualitat\/noticies\/93-5000-el-ayuntamiento-abre-dos-pasos-provisionales-en-la-antigua-via-del-tren-a-su-paso-por-miami-playa\/\" \/>\n<meta property=\"og:site_name\" content=\"Ajuntament de Mont-roig del Camp\" \/>\n<meta property=\"article:published_time\" content=\"2020-07-03T09:08:42+00:00\" \/>\n<meta property=\"article:modified_time\" content=\"2020-07-03T09:23:06+00:00\" \/>\n<meta property=\"og:image\" content=\"https:\/\/mont-roig.cat\/wp-content\/uploads\/b3cbc7f0-932d-42d6-8824-39f8949a6b08.jpg\" \/>\n\t<meta property=\"og:image:width\" content=\"1024\" \/>\n\t<meta property=\"og:image:height\" content=\"768\" \/>\n\t<meta property=\"og:image:type\" content=\"image\/jpeg\" \/>\n<meta name=\"author\" content=\"administrador\" \/>\n<meta name=\"twitter:card\" content=\"summary_large_image\" \/>\n<meta name=\"twitter:label1\" content=\"Escrito por\" \/>\n\t<meta name=\"twitter:data1\" content=\"administrador\" \/>\n\t<meta name=\"twitter:label2\" content=\"Tiempo de lectura\" \/>\n\t<meta name=\"twitter:data2\" content=\"2 minutos\" \/>\n<script type=\"application\/ld+json\" class=\"yoast-schema-graph\">{\"@context\":\"https:\\\/\\\/schema.org\",\"@graph\":[{\"@type\":\"Article\",\"@id\":\"https:\\\/\\\/mont-roig.cat\\\/es\\\/actualitat\\\/noticies\\\/93-5000-el-ayuntamiento-abre-dos-pasos-provisionales-en-la-antigua-via-del-tren-a-su-paso-por-miami-playa\\\/#article\",\"isPartOf\":{\"@id\":\"https:\\\/\\\/mont-roig.cat\\\/es\\\/actualitat\\\/noticies\\\/93-5000-el-ayuntamiento-abre-dos-pasos-provisionales-en-la-antigua-via-del-tren-a-su-paso-por-miami-playa\\\/\"},\"author\":{\"name\":\"administrador\",\"@id\":\"https:\\\/\\\/mont-roig.cat\\\/es\\\/#\\\/schema\\\/person\\\/f2b111789f22b7d0c3bd6786c9128cba\"},\"headline\":\"El Ayuntamiento abre dos pasos provisionales en la antigua v\u00eda del tren a su paso por Miami Platja\",\"datePublished\":\"2020-07-03T09:08:42+00:00\",\"dateModified\":\"2020-07-03T09:23:06+00:00\",\"mainEntityOfPage\":{\"@id\":\"https:\\\/\\\/mont-roig.cat\\\/es\\\/actualitat\\\/noticies\\\/93-5000-el-ayuntamiento-abre-dos-pasos-provisionales-en-la-antigua-via-del-tren-a-su-paso-por-miami-playa\\\/\"},\"wordCount\":430,\"image\":{\"@id\":\"https:\\\/\\\/mont-roig.cat\\\/es\\\/actualitat\\\/noticies\\\/93-5000-el-ayuntamiento-abre-dos-pasos-provisionales-en-la-antigua-via-del-tren-a-su-paso-por-miami-playa\\\/#primaryimage\"},\"thumbnailUrl\":\"https:\\\/\\\/mont-roig.cat\\\/wp-content\\\/uploads\\\/b3cbc7f0-932d-42d6-8824-39f8949a6b08.jpg\",\"articleSection\":[\"Ayuntamiento\",\"Urbanismo y obras\"],\"inLanguage\":\"es\"},{\"@type\":\"WebPage\",\"@id\":\"https:\\\/\\\/mont-roig.cat\\\/es\\\/actualitat\\\/noticies\\\/93-5000-el-ayuntamiento-abre-dos-pasos-provisionales-en-la-antigua-via-del-tren-a-su-paso-por-miami-playa\\\/\",\"url\":\"https:\\\/\\\/mont-roig.cat\\\/es\\\/actualitat\\\/noticies\\\/93-5000-el-ayuntamiento-abre-dos-pasos-provisionales-en-la-antigua-via-del-tren-a-su-paso-por-miami-playa\\\/\",\"name\":\"El Ayuntamiento abre dos pasos provisionales en la antigua v\u00eda del tren a su paso por Miami Platja - Ajuntament de Mont-roig del Camp\",\"isPartOf\":{\"@id\":\"https:\\\/\\\/mont-roig.cat\\\/es\\\/#website\"},\"primaryImageOfPage\":{\"@id\":\"https:\\\/\\\/mont-roig.cat\\\/es\\\/actualitat\\\/noticies\\\/93-5000-el-ayuntamiento-abre-dos-pasos-provisionales-en-la-antigua-via-del-tren-a-su-paso-por-miami-playa\\\/#primaryimage\"},\"image\":{\"@id\":\"https:\\\/\\\/mont-roig.cat\\\/es\\\/actualitat\\\/noticies\\\/93-5000-el-ayuntamiento-abre-dos-pasos-provisionales-en-la-antigua-via-del-tren-a-su-paso-por-miami-playa\\\/#primaryimage\"},\"thumbnailUrl\":\"https:\\\/\\\/mont-roig.cat\\\/wp-content\\\/uploads\\\/b3cbc7f0-932d-42d6-8824-39f8949a6b08.jpg\",\"datePublished\":\"2020-07-03T09:08:42+00:00\",\"dateModified\":\"2020-07-03T09:23:06+00:00\",\"author\":{\"@id\":\"https:\\\/\\\/mont-roig.cat\\\/es\\\/#\\\/schema\\\/person\\\/f2b111789f22b7d0c3bd6786c9128cba\"},\"breadcrumb\":{\"@id\":\"https:\\\/\\\/mont-roig.cat\\\/es\\\/actualitat\\\/noticies\\\/93-5000-el-ayuntamiento-abre-dos-pasos-provisionales-en-la-antigua-via-del-tren-a-su-paso-por-miami-playa\\\/#breadcrumb\"},\"inLanguage\":\"es\",\"potentialAction\":[{\"@type\":\"ReadAction\",\"target\":[\"https:\\\/\\\/mont-roig.cat\\\/es\\\/actualitat\\\/noticies\\\/93-5000-el-ayuntamiento-abre-dos-pasos-provisionales-en-la-antigua-via-del-tren-a-su-paso-por-miami-playa\\\/\"]}]},{\"@type\":\"ImageObject\",\"inLanguage\":\"es\",\"@id\":\"https:\\\/\\\/mont-roig.cat\\\/es\\\/actualitat\\\/noticies\\\/93-5000-el-ayuntamiento-abre-dos-pasos-provisionales-en-la-antigua-via-del-tren-a-su-paso-por-miami-playa\\\/#primaryimage\",\"url\":\"https:\\\/\\\/mont-roig.cat\\\/wp-content\\\/uploads\\\/b3cbc7f0-932d-42d6-8824-39f8949a6b08.jpg\",\"contentUrl\":\"https:\\\/\\\/mont-roig.cat\\\/wp-content\\\/uploads\\\/b3cbc7f0-932d-42d6-8824-39f8949a6b08.jpg\",\"width\":1024,\"height\":768},{\"@type\":\"BreadcrumbList\",\"@id\":\"https:\\\/\\\/mont-roig.cat\\\/es\\\/actualitat\\\/noticies\\\/93-5000-el-ayuntamiento-abre-dos-pasos-provisionales-en-la-antigua-via-del-tren-a-su-paso-por-miami-playa\\\/#breadcrumb\",\"itemListElement\":[{\"@type\":\"ListItem\",\"position\":1,\"name\":\"Inici\",\"item\":\"https:\\\/\\\/mont-roig.cat\\\/es\\\/pagina-de-inicio\\\/\"},{\"@type\":\"ListItem\",\"position\":2,\"name\":\"El Ayuntamiento abre dos pasos provisionales en la antigua v\u00eda del tren a su paso por Miami Platja\"}]},{\"@type\":\"WebSite\",\"@id\":\"https:\\\/\\\/mont-roig.cat\\\/es\\\/#website\",\"url\":\"https:\\\/\\\/mont-roig.cat\\\/es\\\/\",\"name\":\"Ajuntament de Mont-roig del Camp\",\"description\":\"Tota la informaci\u00f3 sobre la instituci\u00f3, els seus \u00f2rgans de govern, actualitat, serveis i molt m\u00e9s.\",\"potentialAction\":[{\"@type\":\"SearchAction\",\"target\":{\"@type\":\"EntryPoint\",\"urlTemplate\":\"https:\\\/\\\/mont-roig.cat\\\/es\\\/?s={search_term_string}\"},\"query-input\":{\"@type\":\"PropertyValueSpecification\",\"valueRequired\":true,\"valueName\":\"search_term_string\"}}],\"inLanguage\":\"es\"},{\"@type\":\"Person\",\"@id\":\"https:\\\/\\\/mont-roig.cat\\\/es\\\/#\\\/schema\\\/person\\\/f2b111789f22b7d0c3bd6786c9128cba\",\"name\":\"administrador\",\"image\":{\"@type\":\"ImageObject\",\"inLanguage\":\"es\",\"@id\":\"https:\\\/\\\/secure.gravatar.com\\\/avatar\\\/9137aac6891e2595c9d3036fd83bcb653b4db3c946db4c7d9b9be193c3c944bb?s=96&d=mm&r=g\",\"url\":\"https:\\\/\\\/secure.gravatar.com\\\/avatar\\\/9137aac6891e2595c9d3036fd83bcb653b4db3c946db4c7d9b9be193c3c944bb?s=96&d=mm&r=g\",\"contentUrl\":\"https:\\\/\\\/secure.gravatar.com\\\/avatar\\\/9137aac6891e2595c9d3036fd83bcb653b4db3c946db4c7d9b9be193c3c944bb?s=96&d=mm&r=g\",\"caption\":\"administrador\"},\"url\":\"https:\\\/\\\/mont-roig.cat\\\/es\\\/actualitat\\\/noticies\\\/author\\\/administrador\\\/\"}]}<\/script>\n<!-- \/ Yoast SEO plugin. -->","yoast_head_json":{"title":"El Ayuntamiento abre dos pasos provisionales en la antigua v\u00eda del tren a su paso por Miami Platja - Ajuntament de Mont-roig del Camp","robots":{"index":"index","follow":"follow","max-snippet":"max-snippet:-1","max-image-preview":"max-image-preview:large","max-video-preview":"max-video-preview:-1"},"canonical":"https:\/\/mont-roig.cat\/es\/actualitat\/noticies\/93-5000-el-ayuntamiento-abre-dos-pasos-provisionales-en-la-antigua-via-del-tren-a-su-paso-por-miami-playa\/","og_locale":"es_ES","og_type":"article","og_title":"El Ayuntamiento abre dos pasos provisionales en la antigua v\u00eda del tren a su paso por Miami Platja - Ajuntament de Mont-roig del Camp","og_description":"Estos pasos, situados a la altura de las avenidas Par\u00eds y Mar\u00eda Cristina, mejorar\u00e1n la circulaci\u00f3n de Miami Platja hasta que Adif no ejecute el desmantelamiento definitivo de la v\u00eda El Ayuntamiento de Mont-roig del Camp ha iniciado los trabajos para la construcci\u00f3n de dos pasos provisionales nuevos sobre la antigua v\u00eda del tren para [&hellip;]","og_url":"https:\/\/mont-roig.cat\/es\/actualitat\/noticies\/93-5000-el-ayuntamiento-abre-dos-pasos-provisionales-en-la-antigua-via-del-tren-a-su-paso-por-miami-playa\/","og_site_name":"Ajuntament de Mont-roig del Camp","article_published_time":"2020-07-03T09:08:42+00:00","article_modified_time":"2020-07-03T09:23:06+00:00","og_image":[{"width":1024,"height":768,"url":"https:\/\/mont-roig.cat\/wp-content\/uploads\/b3cbc7f0-932d-42d6-8824-39f8949a6b08.jpg","type":"image\/jpeg"}],"author":"administrador","twitter_card":"summary_large_image","twitter_misc":{"Escrito por":"administrador","Tiempo de lectura":"2 minutos"},"schema":{"@context":"https:\/\/schema.org","@graph":[{"@type":"Article","@id":"https:\/\/mont-roig.cat\/es\/actualitat\/noticies\/93-5000-el-ayuntamiento-abre-dos-pasos-provisionales-en-la-antigua-via-del-tren-a-su-paso-por-miami-playa\/#article","isPartOf":{"@id":"https:\/\/mont-roig.cat\/es\/actualitat\/noticies\/93-5000-el-ayuntamiento-abre-dos-pasos-provisionales-en-la-antigua-via-del-tren-a-su-paso-por-miami-playa\/"},"author":{"name":"administrador","@id":"https:\/\/mont-roig.cat\/es\/#\/schema\/person\/f2b111789f22b7d0c3bd6786c9128cba"},"headline":"El Ayuntamiento abre dos pasos provisionales en la antigua v\u00eda del tren a su paso por Miami Platja","datePublished":"2020-07-03T09:08:42+00:00","dateModified":"2020-07-03T09:23:06+00:00","mainEntityOfPage":{"@id":"https:\/\/mont-roig.cat\/es\/actualitat\/noticies\/93-5000-el-ayuntamiento-abre-dos-pasos-provisionales-en-la-antigua-via-del-tren-a-su-paso-por-miami-playa\/"},"wordCount":430,"image":{"@id":"https:\/\/mont-roig.cat\/es\/actualitat\/noticies\/93-5000-el-ayuntamiento-abre-dos-pasos-provisionales-en-la-antigua-via-del-tren-a-su-paso-por-miami-playa\/#primaryimage"},"thumbnailUrl":"https:\/\/mont-roig.cat\/wp-content\/uploads\/b3cbc7f0-932d-42d6-8824-39f8949a6b08.jpg","articleSection":["Ayuntamiento","Urbanismo y obras"],"inLanguage":"es"},{"@type":"WebPage","@id":"https:\/\/mont-roig.cat\/es\/actualitat\/noticies\/93-5000-el-ayuntamiento-abre-dos-pasos-provisionales-en-la-antigua-via-del-tren-a-su-paso-por-miami-playa\/","url":"https:\/\/mont-roig.cat\/es\/actualitat\/noticies\/93-5000-el-ayuntamiento-abre-dos-pasos-provisionales-en-la-antigua-via-del-tren-a-su-paso-por-miami-playa\/","name":"El Ayuntamiento abre dos pasos provisionales en la antigua v\u00eda del tren a su paso por Miami Platja - Ajuntament de Mont-roig del Camp","isPartOf":{"@id":"https:\/\/mont-roig.cat\/es\/#website"},"primaryImageOfPage":{"@id":"https:\/\/mont-roig.cat\/es\/actualitat\/noticies\/93-5000-el-ayuntamiento-abre-dos-pasos-provisionales-en-la-antigua-via-del-tren-a-su-paso-por-miami-playa\/#primaryimage"},"image":{"@id":"https:\/\/mont-roig.cat\/es\/actualitat\/noticies\/93-5000-el-ayuntamiento-abre-dos-pasos-provisionales-en-la-antigua-via-del-tren-a-su-paso-por-miami-playa\/#primaryimage"},"thumbnailUrl":"https:\/\/mont-roig.cat\/wp-content\/uploads\/b3cbc7f0-932d-42d6-8824-39f8949a6b08.jpg","datePublished":"2020-07-03T09:08:42+00:00","dateModified":"2020-07-03T09:23:06+00:00","author":{"@id":"https:\/\/mont-roig.cat\/es\/#\/schema\/person\/f2b111789f22b7d0c3bd6786c9128cba"},"breadcrumb":{"@id":"https:\/\/mont-roig.cat\/es\/actualitat\/noticies\/93-5000-el-ayuntamiento-abre-dos-pasos-provisionales-en-la-antigua-via-del-tren-a-su-paso-por-miami-playa\/#breadcrumb"},"inLanguage":"es","potentialAction":[{"@type":"ReadAction","target":["https:\/\/mont-roig.cat\/es\/actualitat\/noticies\/93-5000-el-ayuntamiento-abre-dos-pasos-provisionales-en-la-antigua-via-del-tren-a-su-paso-por-miami-playa\/"]}]},{"@type":"ImageObject","inLanguage":"es","@id":"https:\/\/mont-roig.cat\/es\/actualitat\/noticies\/93-5000-el-ayuntamiento-abre-dos-pasos-provisionales-en-la-antigua-via-del-tren-a-su-paso-por-miami-playa\/#primaryimage","url":"https:\/\/mont-roig.cat\/wp-content\/uploads\/b3cbc7f0-932d-42d6-8824-39f8949a6b08.jpg","contentUrl":"https:\/\/mont-roig.cat\/wp-content\/uploads\/b3cbc7f0-932d-42d6-8824-39f8949a6b08.jpg","width":1024,"height":768},{"@type":"BreadcrumbList","@id":"https:\/\/mont-roig.cat\/es\/actualitat\/noticies\/93-5000-el-ayuntamiento-abre-dos-pasos-provisionales-en-la-antigua-via-del-tren-a-su-paso-por-miami-playa\/#breadcrumb","itemListElement":[{"@type":"ListItem","position":1,"name":"Inici","item":"https:\/\/mont-roig.cat\/es\/pagina-de-inicio\/"},{"@type":"ListItem","position":2,"name":"El Ayuntamiento abre dos pasos provisionales en la antigua v\u00eda del tren a su paso por Miami Platja"}]},{"@type":"WebSite","@id":"https:\/\/mont-roig.cat\/es\/#website","url":"https:\/\/mont-roig.cat\/es\/","name":"Ajuntament de Mont-roig del Camp","description":"Tota la informaci\u00f3 sobre la instituci\u00f3, els seus \u00f2rgans de govern, actualitat, serveis i molt m\u00e9s.","potentialAction":[{"@type":"SearchAction","target":{"@type":"EntryPoint","urlTemplate":"https:\/\/mont-roig.cat\/es\/?s={search_term_string}"},"query-input":{"@type":"PropertyValueSpecification","valueRequired":true,"valueName":"search_term_string"}}],"inLanguage":"es"},{"@type":"Person","@id":"https:\/\/mont-roig.cat\/es\/#\/schema\/person\/f2b111789f22b7d0c3bd6786c9128cba","name":"administrador","image":{"@type":"ImageObject","inLanguage":"es","@id":"https:\/\/secure.gravatar.com\/avatar\/9137aac6891e2595c9d3036fd83bcb653b4db3c946db4c7d9b9be193c3c944bb?s=96&d=mm&r=g","url":"https:\/\/secure.gravatar.com\/avatar\/9137aac6891e2595c9d3036fd83bcb653b4db3c946db4c7d9b9be193c3c944bb?s=96&d=mm&r=g","contentUrl":"https:\/\/secure.gravatar.com\/avatar\/9137aac6891e2595c9d3036fd83bcb653b4db3c946db4c7d9b9be193c3c944bb?s=96&d=mm&r=g","caption":"administrador"},"url":"https:\/\/mont-roig.cat\/es\/actualitat\/noticies\/author\/administrador\/"}]}},"_links":{"self":[{"href":"https:\/\/mont-roig.cat\/es\/wp-json\/wp\/v2\/posts\/50454","targetHints":{"allow":["GET"]}}],"collection":[{"href":"https:\/\/mont-roig.cat\/es\/wp-json\/wp\/v2\/posts"}],"about":[{"href":"https:\/\/mont-roig.cat\/es\/wp-json\/wp\/v2\/types\/post"}],"author":[{"embeddable":true,"href":"https:\/\/mont-roig.cat\/es\/wp-json\/wp\/v2\/users\/4"}],"replies":[{"embeddable":true,"href":"https:\/\/mont-roig.cat\/es\/wp-json\/wp\/v2\/comments?post=50454"}],"version-history":[{"count":3,"href":"https:\/\/mont-roig.cat\/es\/wp-json\/wp\/v2\/posts\/50454\/revisions"}],"predecessor-version":[{"id":50458,"href":"https:\/\/mont-roig.cat\/es\/wp-json\/wp\/v2\/posts\/50454\/revisions\/50458"}],"wp:featuredmedia":[{"embeddable":true,"href":"https:\/\/mont-roig.cat\/es\/wp-json\/wp\/v2\/media\/50451"}],"wp:attachment":[{"href":"https:\/\/mont-roig.cat\/es\/wp-json\/wp\/v2\/media?parent=50454"}],"wp:term":[{"taxonomy":"category","embeddable":true,"href":"https:\/\/mont-roig.cat\/es\/wp-json\/wp\/v2\/categories?post=50454"},{"taxonomy":"post_tag","embeddable":true,"href":"https:\/\/mont-roig.cat\/es\/wp-json\/wp\/v2\/tags?post=50454"}],"curies":[{"name":"wp","href":"https:\/\/api.w.org\/{rel}","templated":true}]}}