{"id":50697,"date":"2020-07-20T12:29:23","date_gmt":"2020-07-20T10:29:23","guid":{"rendered":"https:\/\/mont-roig.cat\/actualitat\/noticies\/lentitat-publica-empresarial-nostraigua-renova-el-seu-portal-web\/"},"modified":"2020-07-20T12:33:21","modified_gmt":"2020-07-20T10:33:21","slug":"la-entidad-publica-empresarial-nostraigua-renueva-su-portal-web","status":"publish","type":"post","link":"https:\/\/mont-roig.cat\/es\/actualitat\/noticies\/la-entidad-publica-empresarial-nostraigua-renueva-su-portal-web\/","title":{"rendered":"La entidad p\u00fablica empresarial Nostraigua renueva su p\u00e1gina web"},"content":{"rendered":"<p><strong><strong><a href=\"https:\/\/mont-roig.cat\/wp-content\/uploads\/nostraigua.jpg\"><img loading=\"lazy\" decoding=\"async\" class=\"alignright wp-image-50692\" src=\"https:\/\/mont-roig.cat\/wp-content\/uploads\/nostraigua-500x213.jpg\" alt=\"\" width=\"312\" height=\"133\" srcset=\"https:\/\/mont-roig.cat\/wp-content\/uploads\/nostraigua-500x213.jpg 500w, https:\/\/mont-roig.cat\/wp-content\/uploads\/nostraigua-1024x437.jpg 1024w, https:\/\/mont-roig.cat\/wp-content\/uploads\/nostraigua-768x328.jpg 768w, https:\/\/mont-roig.cat\/wp-content\/uploads\/nostraigua.jpg 1359w\" sizes=\"auto, (max-width: 312px) 100vw, 312px\" \/><\/a><\/strong><\/strong><\/p>\n<ul>\n<li><strong>La p\u00e1gina ofrece nuevos servicios en materia de administraci\u00f3n electr\u00f3nica y transparencia<\/strong><\/li>\n<\/ul>\n<p>La EPEL (Entidad p\u00fablica empresarial) Nostraigua acaba de renovar su portal web (www.nostraigua.cat) con la voluntad de ofrecer un mejor servicio a la ciudadan\u00eda. Se trata de una herramienta mucho m\u00e1s actual, pr\u00e1ctica y \u00fatil y que mantiene su compromiso con la transparencia.<\/p>\n<p>La renovada web incluye novedades y mejoras en dise\u00f1o y en la navegaci\u00f3n. La propuesta ofrece p\u00e1ginas m\u00e1s visuales, din\u00e1micas e intuitivas. La configuraci\u00f3n de la web est\u00e1 distribuida en varios apartados y p\u00e1ginas que hace que la informaci\u00f3n est\u00e9 m\u00e1s ordenada y sea m\u00e1s f\u00e1cil de visualizar y encontrar.<\/p>\n<p>Uno de los apartados que se pueden encontrar disponibles en la p\u00e1gina de portada de la web es &#8220;el Estado del Servicio&#8221;, donde se podr\u00e1 disponer de toda la informaci\u00f3n actualizada de las incidencias del servicio de la red de abastecimiento de agua del municipio.<\/p>\n<p>Por otra parte, Nostraigua ha decidido reforzar los canales de informaci\u00f3n con la ciudadan\u00eda ampliando nuevos contenidos en la web, como es el Portal de Transparencia donde se podr\u00e1 encontrar toda la informaci\u00f3n p\u00fablica de la entidad y el Perfil del Contratante con toda la informaci\u00f3n en materia de contrataci\u00f3n p\u00fablica.<\/p>\n<p>Se han incorporado tambi\u00e9n nuevos canales de comunicaci\u00f3n incorporando nuevos servicios en materia de administraci\u00f3n electr\u00f3nica como es la sede electr\u00f3nica de Nostraigua y el nuevo apartado a disposici\u00f3n de los proveedores de la entidad para la presentaci\u00f3n de la factura electr\u00f3nica.<\/p>\n","protected":false},"excerpt":{"rendered":"<p>La p\u00e1gina ofrece nuevos servicios en materia de administraci\u00f3n electr\u00f3nica y transparencia La EPEL (Entidad p\u00fablica empresarial) Nostraigua acaba de renovar su portal web (www.nostraigua.cat) con la voluntad de ofrecer un mejor servicio a la ciudadan\u00eda. Se trata de una herramienta mucho m\u00e1s actual, pr\u00e1ctica y \u00fatil y que mantiene su compromiso con la transparencia. [&hellip;]<\/p>\n","protected":false},"author":4,"featured_media":50691,"comment_status":"closed","ping_status":"closed","sticky":false,"template":"","format":"standard","meta":{"inline_featured_image":false,"_monsterinsights_skip_tracking":false,"_monsterinsights_sitenote_active":false,"_monsterinsights_sitenote_note":"","_monsterinsights_sitenote_category":0,"footnotes":""},"categories":[98],"tags":[],"class_list":["post-50697","post","type-post","status-publish","format-standard","has-post-thumbnail","hentry","category-ayuntamiento"],"yoast_head":"<!-- This site is optimized with the Yoast SEO plugin v27.4 - https:\/\/yoast.com\/product\/yoast-seo-wordpress\/ -->\n<title>La entidad p\u00fablica empresarial Nostraigua renueva su p\u00e1gina web - Ajuntament de Mont-roig del Camp<\/title>\n<meta name=\"robots\" content=\"index, follow, max-snippet:-1, max-image-preview:large, max-video-preview:-1\" \/>\n<link rel=\"canonical\" href=\"https:\/\/mont-roig.cat\/es\/actualitat\/noticies\/la-entidad-publica-empresarial-nostraigua-renueva-su-portal-web\/\" \/>\n<meta property=\"og:locale\" content=\"es_ES\" \/>\n<meta property=\"og:type\" content=\"article\" \/>\n<meta property=\"og:title\" content=\"La entidad p\u00fablica empresarial Nostraigua renueva su p\u00e1gina web - Ajuntament de Mont-roig del Camp\" \/>\n<meta property=\"og:description\" content=\"La p\u00e1gina ofrece nuevos servicios en materia de administraci\u00f3n electr\u00f3nica y transparencia La EPEL (Entidad p\u00fablica empresarial) Nostraigua acaba de renovar su portal web (www.nostraigua.cat) con la voluntad de ofrecer un mejor servicio a la ciudadan\u00eda. Se trata de una herramienta mucho m\u00e1s actual, pr\u00e1ctica y \u00fatil y que mantiene su compromiso con la transparencia. [&hellip;]\" \/>\n<meta property=\"og:url\" content=\"https:\/\/mont-roig.cat\/es\/actualitat\/noticies\/la-entidad-publica-empresarial-nostraigua-renueva-su-portal-web\/\" \/>\n<meta property=\"og:site_name\" content=\"Ajuntament de Mont-roig del Camp\" \/>\n<meta property=\"article:published_time\" content=\"2020-07-20T10:29:23+00:00\" \/>\n<meta property=\"article:modified_time\" content=\"2020-07-20T10:33:21+00:00\" \/>\n<meta property=\"og:image\" content=\"https:\/\/mont-roig.cat\/wp-content\/uploads\/nostraigua.jpg\" \/>\n\t<meta property=\"og:image:width\" content=\"1359\" \/>\n\t<meta property=\"og:image:height\" content=\"580\" \/>\n\t<meta property=\"og:image:type\" content=\"image\/jpeg\" \/>\n<meta name=\"author\" content=\"administrador\" \/>\n<meta name=\"twitter:card\" content=\"summary_large_image\" \/>\n<meta name=\"twitter:label1\" content=\"Escrito por\" \/>\n\t<meta name=\"twitter:data1\" content=\"administrador\" \/>\n\t<meta name=\"twitter:label2\" content=\"Tiempo de lectura\" \/>\n\t<meta name=\"twitter:data2\" content=\"1 minuto\" \/>\n<script type=\"application\/ld+json\" class=\"yoast-schema-graph\">{\"@context\":\"https:\\\/\\\/schema.org\",\"@graph\":[{\"@type\":\"Article\",\"@id\":\"https:\\\/\\\/mont-roig.cat\\\/es\\\/actualitat\\\/noticies\\\/la-entidad-publica-empresarial-nostraigua-renueva-su-portal-web\\\/#article\",\"isPartOf\":{\"@id\":\"https:\\\/\\\/mont-roig.cat\\\/es\\\/actualitat\\\/noticies\\\/la-entidad-publica-empresarial-nostraigua-renueva-su-portal-web\\\/\"},\"author\":{\"name\":\"administrador\",\"@id\":\"https:\\\/\\\/mont-roig.cat\\\/es\\\/#\\\/schema\\\/person\\\/f2b111789f22b7d0c3bd6786c9128cba\"},\"headline\":\"La entidad p\u00fablica empresarial Nostraigua renueva su p\u00e1gina web\",\"datePublished\":\"2020-07-20T10:29:23+00:00\",\"dateModified\":\"2020-07-20T10:33:21+00:00\",\"mainEntityOfPage\":{\"@id\":\"https:\\\/\\\/mont-roig.cat\\\/es\\\/actualitat\\\/noticies\\\/la-entidad-publica-empresarial-nostraigua-renueva-su-portal-web\\\/\"},\"wordCount\":291,\"image\":{\"@id\":\"https:\\\/\\\/mont-roig.cat\\\/es\\\/actualitat\\\/noticies\\\/la-entidad-publica-empresarial-nostraigua-renueva-su-portal-web\\\/#primaryimage\"},\"thumbnailUrl\":\"https:\\\/\\\/mont-roig.cat\\\/wp-content\\\/uploads\\\/nostraigua.jpg\",\"articleSection\":[\"Ayuntamiento\"],\"inLanguage\":\"es\"},{\"@type\":\"WebPage\",\"@id\":\"https:\\\/\\\/mont-roig.cat\\\/es\\\/actualitat\\\/noticies\\\/la-entidad-publica-empresarial-nostraigua-renueva-su-portal-web\\\/\",\"url\":\"https:\\\/\\\/mont-roig.cat\\\/es\\\/actualitat\\\/noticies\\\/la-entidad-publica-empresarial-nostraigua-renueva-su-portal-web\\\/\",\"name\":\"La entidad p\u00fablica empresarial Nostraigua renueva su p\u00e1gina web - Ajuntament de Mont-roig del Camp\",\"isPartOf\":{\"@id\":\"https:\\\/\\\/mont-roig.cat\\\/es\\\/#website\"},\"primaryImageOfPage\":{\"@id\":\"https:\\\/\\\/mont-roig.cat\\\/es\\\/actualitat\\\/noticies\\\/la-entidad-publica-empresarial-nostraigua-renueva-su-portal-web\\\/#primaryimage\"},\"image\":{\"@id\":\"https:\\\/\\\/mont-roig.cat\\\/es\\\/actualitat\\\/noticies\\\/la-entidad-publica-empresarial-nostraigua-renueva-su-portal-web\\\/#primaryimage\"},\"thumbnailUrl\":\"https:\\\/\\\/mont-roig.cat\\\/wp-content\\\/uploads\\\/nostraigua.jpg\",\"datePublished\":\"2020-07-20T10:29:23+00:00\",\"dateModified\":\"2020-07-20T10:33:21+00:00\",\"author\":{\"@id\":\"https:\\\/\\\/mont-roig.cat\\\/es\\\/#\\\/schema\\\/person\\\/f2b111789f22b7d0c3bd6786c9128cba\"},\"breadcrumb\":{\"@id\":\"https:\\\/\\\/mont-roig.cat\\\/es\\\/actualitat\\\/noticies\\\/la-entidad-publica-empresarial-nostraigua-renueva-su-portal-web\\\/#breadcrumb\"},\"inLanguage\":\"es\",\"potentialAction\":[{\"@type\":\"ReadAction\",\"target\":[\"https:\\\/\\\/mont-roig.cat\\\/es\\\/actualitat\\\/noticies\\\/la-entidad-publica-empresarial-nostraigua-renueva-su-portal-web\\\/\"]}]},{\"@type\":\"ImageObject\",\"inLanguage\":\"es\",\"@id\":\"https:\\\/\\\/mont-roig.cat\\\/es\\\/actualitat\\\/noticies\\\/la-entidad-publica-empresarial-nostraigua-renueva-su-portal-web\\\/#primaryimage\",\"url\":\"https:\\\/\\\/mont-roig.cat\\\/wp-content\\\/uploads\\\/nostraigua.jpg\",\"contentUrl\":\"https:\\\/\\\/mont-roig.cat\\\/wp-content\\\/uploads\\\/nostraigua.jpg\",\"width\":1359,\"height\":580},{\"@type\":\"BreadcrumbList\",\"@id\":\"https:\\\/\\\/mont-roig.cat\\\/es\\\/actualitat\\\/noticies\\\/la-entidad-publica-empresarial-nostraigua-renueva-su-portal-web\\\/#breadcrumb\",\"itemListElement\":[{\"@type\":\"ListItem\",\"position\":1,\"name\":\"Inici\",\"item\":\"https:\\\/\\\/mont-roig.cat\\\/es\\\/pagina-de-inicio\\\/\"},{\"@type\":\"ListItem\",\"position\":2,\"name\":\"La entidad p\u00fablica empresarial Nostraigua renueva su p\u00e1gina web\"}]},{\"@type\":\"WebSite\",\"@id\":\"https:\\\/\\\/mont-roig.cat\\\/es\\\/#website\",\"url\":\"https:\\\/\\\/mont-roig.cat\\\/es\\\/\",\"name\":\"Ajuntament de Mont-roig del Camp\",\"description\":\"Tota la informaci\u00f3 sobre la instituci\u00f3, els seus \u00f2rgans de govern, actualitat, serveis i molt m\u00e9s.\",\"potentialAction\":[{\"@type\":\"SearchAction\",\"target\":{\"@type\":\"EntryPoint\",\"urlTemplate\":\"https:\\\/\\\/mont-roig.cat\\\/es\\\/?s={search_term_string}\"},\"query-input\":{\"@type\":\"PropertyValueSpecification\",\"valueRequired\":true,\"valueName\":\"search_term_string\"}}],\"inLanguage\":\"es\"},{\"@type\":\"Person\",\"@id\":\"https:\\\/\\\/mont-roig.cat\\\/es\\\/#\\\/schema\\\/person\\\/f2b111789f22b7d0c3bd6786c9128cba\",\"name\":\"administrador\",\"image\":{\"@type\":\"ImageObject\",\"inLanguage\":\"es\",\"@id\":\"https:\\\/\\\/secure.gravatar.com\\\/avatar\\\/9137aac6891e2595c9d3036fd83bcb653b4db3c946db4c7d9b9be193c3c944bb?s=96&d=mm&r=g\",\"url\":\"https:\\\/\\\/secure.gravatar.com\\\/avatar\\\/9137aac6891e2595c9d3036fd83bcb653b4db3c946db4c7d9b9be193c3c944bb?s=96&d=mm&r=g\",\"contentUrl\":\"https:\\\/\\\/secure.gravatar.com\\\/avatar\\\/9137aac6891e2595c9d3036fd83bcb653b4db3c946db4c7d9b9be193c3c944bb?s=96&d=mm&r=g\",\"caption\":\"administrador\"},\"url\":\"https:\\\/\\\/mont-roig.cat\\\/es\\\/actualitat\\\/noticies\\\/author\\\/administrador\\\/\"}]}<\/script>\n<!-- \/ Yoast SEO plugin. -->","yoast_head_json":{"title":"La entidad p\u00fablica empresarial Nostraigua renueva su p\u00e1gina web - Ajuntament de Mont-roig del Camp","robots":{"index":"index","follow":"follow","max-snippet":"max-snippet:-1","max-image-preview":"max-image-preview:large","max-video-preview":"max-video-preview:-1"},"canonical":"https:\/\/mont-roig.cat\/es\/actualitat\/noticies\/la-entidad-publica-empresarial-nostraigua-renueva-su-portal-web\/","og_locale":"es_ES","og_type":"article","og_title":"La entidad p\u00fablica empresarial Nostraigua renueva su p\u00e1gina web - Ajuntament de Mont-roig del Camp","og_description":"La p\u00e1gina ofrece nuevos servicios en materia de administraci\u00f3n electr\u00f3nica y transparencia La EPEL (Entidad p\u00fablica empresarial) Nostraigua acaba de renovar su portal web (www.nostraigua.cat) con la voluntad de ofrecer un mejor servicio a la ciudadan\u00eda. Se trata de una herramienta mucho m\u00e1s actual, pr\u00e1ctica y \u00fatil y que mantiene su compromiso con la transparencia. [&hellip;]","og_url":"https:\/\/mont-roig.cat\/es\/actualitat\/noticies\/la-entidad-publica-empresarial-nostraigua-renueva-su-portal-web\/","og_site_name":"Ajuntament de Mont-roig del Camp","article_published_time":"2020-07-20T10:29:23+00:00","article_modified_time":"2020-07-20T10:33:21+00:00","og_image":[{"width":1359,"height":580,"url":"https:\/\/mont-roig.cat\/wp-content\/uploads\/nostraigua.jpg","type":"image\/jpeg"}],"author":"administrador","twitter_card":"summary_large_image","twitter_misc":{"Escrito por":"administrador","Tiempo de lectura":"1 minuto"},"schema":{"@context":"https:\/\/schema.org","@graph":[{"@type":"Article","@id":"https:\/\/mont-roig.cat\/es\/actualitat\/noticies\/la-entidad-publica-empresarial-nostraigua-renueva-su-portal-web\/#article","isPartOf":{"@id":"https:\/\/mont-roig.cat\/es\/actualitat\/noticies\/la-entidad-publica-empresarial-nostraigua-renueva-su-portal-web\/"},"author":{"name":"administrador","@id":"https:\/\/mont-roig.cat\/es\/#\/schema\/person\/f2b111789f22b7d0c3bd6786c9128cba"},"headline":"La entidad p\u00fablica empresarial Nostraigua renueva su p\u00e1gina web","datePublished":"2020-07-20T10:29:23+00:00","dateModified":"2020-07-20T10:33:21+00:00","mainEntityOfPage":{"@id":"https:\/\/mont-roig.cat\/es\/actualitat\/noticies\/la-entidad-publica-empresarial-nostraigua-renueva-su-portal-web\/"},"wordCount":291,"image":{"@id":"https:\/\/mont-roig.cat\/es\/actualitat\/noticies\/la-entidad-publica-empresarial-nostraigua-renueva-su-portal-web\/#primaryimage"},"thumbnailUrl":"https:\/\/mont-roig.cat\/wp-content\/uploads\/nostraigua.jpg","articleSection":["Ayuntamiento"],"inLanguage":"es"},{"@type":"WebPage","@id":"https:\/\/mont-roig.cat\/es\/actualitat\/noticies\/la-entidad-publica-empresarial-nostraigua-renueva-su-portal-web\/","url":"https:\/\/mont-roig.cat\/es\/actualitat\/noticies\/la-entidad-publica-empresarial-nostraigua-renueva-su-portal-web\/","name":"La entidad p\u00fablica empresarial Nostraigua renueva su p\u00e1gina web - Ajuntament de Mont-roig del Camp","isPartOf":{"@id":"https:\/\/mont-roig.cat\/es\/#website"},"primaryImageOfPage":{"@id":"https:\/\/mont-roig.cat\/es\/actualitat\/noticies\/la-entidad-publica-empresarial-nostraigua-renueva-su-portal-web\/#primaryimage"},"image":{"@id":"https:\/\/mont-roig.cat\/es\/actualitat\/noticies\/la-entidad-publica-empresarial-nostraigua-renueva-su-portal-web\/#primaryimage"},"thumbnailUrl":"https:\/\/mont-roig.cat\/wp-content\/uploads\/nostraigua.jpg","datePublished":"2020-07-20T10:29:23+00:00","dateModified":"2020-07-20T10:33:21+00:00","author":{"@id":"https:\/\/mont-roig.cat\/es\/#\/schema\/person\/f2b111789f22b7d0c3bd6786c9128cba"},"breadcrumb":{"@id":"https:\/\/mont-roig.cat\/es\/actualitat\/noticies\/la-entidad-publica-empresarial-nostraigua-renueva-su-portal-web\/#breadcrumb"},"inLanguage":"es","potentialAction":[{"@type":"ReadAction","target":["https:\/\/mont-roig.cat\/es\/actualitat\/noticies\/la-entidad-publica-empresarial-nostraigua-renueva-su-portal-web\/"]}]},{"@type":"ImageObject","inLanguage":"es","@id":"https:\/\/mont-roig.cat\/es\/actualitat\/noticies\/la-entidad-publica-empresarial-nostraigua-renueva-su-portal-web\/#primaryimage","url":"https:\/\/mont-roig.cat\/wp-content\/uploads\/nostraigua.jpg","contentUrl":"https:\/\/mont-roig.cat\/wp-content\/uploads\/nostraigua.jpg","width":1359,"height":580},{"@type":"BreadcrumbList","@id":"https:\/\/mont-roig.cat\/es\/actualitat\/noticies\/la-entidad-publica-empresarial-nostraigua-renueva-su-portal-web\/#breadcrumb","itemListElement":[{"@type":"ListItem","position":1,"name":"Inici","item":"https:\/\/mont-roig.cat\/es\/pagina-de-inicio\/"},{"@type":"ListItem","position":2,"name":"La entidad p\u00fablica empresarial Nostraigua renueva su p\u00e1gina web"}]},{"@type":"WebSite","@id":"https:\/\/mont-roig.cat\/es\/#website","url":"https:\/\/mont-roig.cat\/es\/","name":"Ajuntament de Mont-roig del Camp","description":"Tota la informaci\u00f3 sobre la instituci\u00f3, els seus \u00f2rgans de govern, actualitat, serveis i molt m\u00e9s.","potentialAction":[{"@type":"SearchAction","target":{"@type":"EntryPoint","urlTemplate":"https:\/\/mont-roig.cat\/es\/?s={search_term_string}"},"query-input":{"@type":"PropertyValueSpecification","valueRequired":true,"valueName":"search_term_string"}}],"inLanguage":"es"},{"@type":"Person","@id":"https:\/\/mont-roig.cat\/es\/#\/schema\/person\/f2b111789f22b7d0c3bd6786c9128cba","name":"administrador","image":{"@type":"ImageObject","inLanguage":"es","@id":"https:\/\/secure.gravatar.com\/avatar\/9137aac6891e2595c9d3036fd83bcb653b4db3c946db4c7d9b9be193c3c944bb?s=96&d=mm&r=g","url":"https:\/\/secure.gravatar.com\/avatar\/9137aac6891e2595c9d3036fd83bcb653b4db3c946db4c7d9b9be193c3c944bb?s=96&d=mm&r=g","contentUrl":"https:\/\/secure.gravatar.com\/avatar\/9137aac6891e2595c9d3036fd83bcb653b4db3c946db4c7d9b9be193c3c944bb?s=96&d=mm&r=g","caption":"administrador"},"url":"https:\/\/mont-roig.cat\/es\/actualitat\/noticies\/author\/administrador\/"}]}},"_links":{"self":[{"href":"https:\/\/mont-roig.cat\/es\/wp-json\/wp\/v2\/posts\/50697","targetHints":{"allow":["GET"]}}],"collection":[{"href":"https:\/\/mont-roig.cat\/es\/wp-json\/wp\/v2\/posts"}],"about":[{"href":"https:\/\/mont-roig.cat\/es\/wp-json\/wp\/v2\/types\/post"}],"author":[{"embeddable":true,"href":"https:\/\/mont-roig.cat\/es\/wp-json\/wp\/v2\/users\/4"}],"replies":[{"embeddable":true,"href":"https:\/\/mont-roig.cat\/es\/wp-json\/wp\/v2\/comments?post=50697"}],"version-history":[{"count":2,"href":"https:\/\/mont-roig.cat\/es\/wp-json\/wp\/v2\/posts\/50697\/revisions"}],"predecessor-version":[{"id":50699,"href":"https:\/\/mont-roig.cat\/es\/wp-json\/wp\/v2\/posts\/50697\/revisions\/50699"}],"wp:featuredmedia":[{"embeddable":true,"href":"https:\/\/mont-roig.cat\/es\/wp-json\/wp\/v2\/media\/50691"}],"wp:attachment":[{"href":"https:\/\/mont-roig.cat\/es\/wp-json\/wp\/v2\/media?parent=50697"}],"wp:term":[{"taxonomy":"category","embeddable":true,"href":"https:\/\/mont-roig.cat\/es\/wp-json\/wp\/v2\/categories?post=50697"},{"taxonomy":"post_tag","embeddable":true,"href":"https:\/\/mont-roig.cat\/es\/wp-json\/wp\/v2\/tags?post=50697"}],"curies":[{"name":"wp","href":"https:\/\/api.w.org\/{rel}","templated":true}]}}