{"id":50788,"date":"2020-07-27T14:32:09","date_gmt":"2020-07-27T12:32:09","guid":{"rendered":"https:\/\/mont-roig.cat\/actualitat\/noticies\/lajuntament-continua-potenciant-latencio-telematica-amb-el-servei-de-videoconferencia\/"},"modified":"2020-07-27T14:35:49","modified_gmt":"2020-07-27T12:35:49","slug":"lajuntament-continua-potenciant-latencio-telematica-amb-el-servei-de-videoconferencia","status":"publish","type":"post","link":"https:\/\/mont-roig.cat\/es\/actualitat\/noticies\/lajuntament-continua-potenciant-latencio-telematica-amb-el-servei-de-videoconferencia\/","title":{"rendered":"El Ayuntamiento contin\u00faa potenciando la atenci\u00f3n telem\u00e1tica con el servicio de videoconferencia"},"content":{"rendered":"<p><strong><strong><a href=\"https:\/\/mont-roig.cat\/wp-content\/uploads\/e0ef0388-0704-4500-9615-977c84788937.jpg\"><img loading=\"lazy\" decoding=\"async\" class=\"alignright wp-image-50784 \" src=\"https:\/\/mont-roig.cat\/wp-content\/uploads\/e0ef0388-0704-4500-9615-977c84788937-500x263.jpg\" alt=\"\" width=\"333\" height=\"175\" srcset=\"https:\/\/mont-roig.cat\/wp-content\/uploads\/e0ef0388-0704-4500-9615-977c84788937-500x263.jpg 500w, https:\/\/mont-roig.cat\/wp-content\/uploads\/e0ef0388-0704-4500-9615-977c84788937-1024x538.jpg 1024w, https:\/\/mont-roig.cat\/wp-content\/uploads\/e0ef0388-0704-4500-9615-977c84788937-768x403.jpg 768w, https:\/\/mont-roig.cat\/wp-content\/uploads\/e0ef0388-0704-4500-9615-977c84788937.jpg 1200w\" sizes=\"auto, (max-width: 333px) 100vw, 333px\" \/><\/a><\/strong><\/strong><\/p>\n<ul>\n<li><strong>El objetivo es apoyar a los usuarios de manera integral durante cualquier tr\u00e1mite con el consistorio. Para poder utilizarla hay que pedir cita previa<\/strong><\/li>\n<\/ul>\n<p>El Ayuntamiento de Mont-roig del Camp contin\u00faa potenciando la atenci\u00f3n telem\u00e1tica con el servicio de videoconferencia. Este servicio que ofrecen las Oficinas Municipales de Atenci\u00f3n a la Ciudadan\u00eda se puso en marcha hace unos meses con el objetivo de apoyar a los usuarios \/ as en la realizaci\u00f3n de cualquier tr\u00e1mite con el Ayuntamiento.<\/p>\n<p>Se trata de un sistema que fue valorado muy positivamente por los propios usuarios en unas encuestas telef\u00f3nicas que se realizaron y por este motivo, el Ayuntamiento ha decidido mantener el servicio y potenciar su difusi\u00f3n.<\/p>\n<p>Para utilizar el servicio de asistencia por videoconferencia hay que pedir obligatoriamente la cita previa a trav\u00e9s de la Sede Electr\u00f3nica del Ayuntamiento:<a href=\"https:\/\/mont-roig.eadministracio.cat\/citaprevia.0\" target=\"_blank\" rel=\"noopener noreferrer\"> https:\/\/mont-roig.eadministracio.cat\/citaprevia.0<\/a>, o bien llamar al 977 83 70 05 .<\/p>\n<p>Una vez solicitada la cita previa, la persona que asistir\u00e1 en la videoconferencia se pondr\u00e1 en contacto con el demandante para concretar el tr\u00e1mite y la documentaci\u00f3n necesaria. Despu\u00e9s recibir\u00e1 un correo electr\u00f3nico con el enlace a la videoconferencia y las especificaciones t\u00e9cnicas para poder acceder a ellos, as\u00ed como un recordatorio de la informaci\u00f3n sobre la documentaci\u00f3n necesaria para poder realizar el tr\u00e1mite.<\/p>\n<p><strong>Otros canales<\/strong><\/p>\n<p>El tel\u00e9fono del Ayuntamiento 977 83 70 05 contin\u00faa tambi\u00e9n operativo para realizar consultas o asistencia telef\u00f3nica en la tramitaci\u00f3n. Existen tambi\u00e9n otros canales abiertos para hacer consultas como el correo electr\u00f3nico omac@mont-roig.cat y el n\u00famero de WhatsApp 695781993.<\/p>\n<p>Hay que recordar que atender\u00e1 presencialmente con cita previa, s\u00f3lo en caso de que el tr\u00e1mite no se pueda hacer mediante asistencia telem\u00e1tica y \/ o que los ciudadanos \/ as no dispongan de los medios necesarios para hacer la tramitaci\u00f3n online. En este caso, puede solicitar llamando al tel\u00e9fono del Ayuntamiento o bien a trav\u00e9s de este enlace: <a href=\"https:\/\/citaprevia.mont-roig.cat\/mont-roig\/#nbb\" target=\"_blank\" rel=\"noopener noreferrer\">https:\/\/citaprevia.mont-roig.cat\/mont-roig\/#nbb<\/a><\/p>\n<p>&nbsp;<\/p>\n","protected":false},"excerpt":{"rendered":"<p>El objetivo es apoyar a los usuarios de manera integral durante cualquier tr\u00e1mite con el consistorio. Para poder utilizarla hay que pedir cita previa El Ayuntamiento de Mont-roig del Camp contin\u00faa potenciando la atenci\u00f3n telem\u00e1tica con el servicio de videoconferencia. Este servicio que ofrecen las Oficinas Municipales de Atenci\u00f3n a la Ciudadan\u00eda se puso en [&hellip;]<\/p>\n","protected":false},"author":4,"featured_media":50785,"comment_status":"closed","ping_status":"closed","sticky":false,"template":"","format":"standard","meta":{"inline_featured_image":false,"_monsterinsights_skip_tracking":false,"_monsterinsights_sitenote_active":false,"_monsterinsights_sitenote_note":"","_monsterinsights_sitenote_category":0,"footnotes":""},"categories":[98,178,186],"tags":[],"class_list":["post-50788","post","type-post","status-publish","format-standard","has-post-thumbnail","hentry","category-ayuntamiento","category-coronavirus","category-coronavirus-otras"],"yoast_head":"<!-- This site is optimized with the Yoast SEO plugin v27.4 - https:\/\/yoast.com\/product\/yoast-seo-wordpress\/ -->\n<title>El Ayuntamiento contin\u00faa potenciando la atenci\u00f3n telem\u00e1tica con el servicio de videoconferencia - Ajuntament de Mont-roig del Camp<\/title>\n<meta name=\"robots\" content=\"index, follow, max-snippet:-1, max-image-preview:large, max-video-preview:-1\" \/>\n<link rel=\"canonical\" href=\"https:\/\/mont-roig.cat\/es\/actualitat\/noticies\/lajuntament-continua-potenciant-latencio-telematica-amb-el-servei-de-videoconferencia\/\" \/>\n<meta property=\"og:locale\" content=\"es_ES\" \/>\n<meta property=\"og:type\" content=\"article\" \/>\n<meta property=\"og:title\" content=\"El Ayuntamiento contin\u00faa potenciando la atenci\u00f3n telem\u00e1tica con el servicio de videoconferencia - Ajuntament de Mont-roig del Camp\" \/>\n<meta property=\"og:description\" content=\"El objetivo es apoyar a los usuarios de manera integral durante cualquier tr\u00e1mite con el consistorio. Para poder utilizarla hay que pedir cita previa El Ayuntamiento de Mont-roig del Camp contin\u00faa potenciando la atenci\u00f3n telem\u00e1tica con el servicio de videoconferencia. Este servicio que ofrecen las Oficinas Municipales de Atenci\u00f3n a la Ciudadan\u00eda se puso en [&hellip;]\" \/>\n<meta property=\"og:url\" content=\"https:\/\/mont-roig.cat\/es\/actualitat\/noticies\/lajuntament-continua-potenciant-latencio-telematica-amb-el-servei-de-videoconferencia\/\" \/>\n<meta property=\"og:site_name\" content=\"Ajuntament de Mont-roig del Camp\" \/>\n<meta property=\"article:published_time\" content=\"2020-07-27T12:32:09+00:00\" \/>\n<meta property=\"article:modified_time\" content=\"2020-07-27T12:35:49+00:00\" \/>\n<meta property=\"og:image\" content=\"https:\/\/mont-roig.cat\/wp-content\/uploads\/e0ef0388-0704-4500-9615-977c84788937.jpg\" \/>\n\t<meta property=\"og:image:width\" content=\"1200\" \/>\n\t<meta property=\"og:image:height\" content=\"630\" \/>\n\t<meta property=\"og:image:type\" content=\"image\/jpeg\" \/>\n<meta name=\"author\" content=\"administrador\" \/>\n<meta name=\"twitter:card\" content=\"summary_large_image\" \/>\n<meta name=\"twitter:label1\" content=\"Escrito por\" \/>\n\t<meta name=\"twitter:data1\" content=\"administrador\" \/>\n\t<meta name=\"twitter:label2\" content=\"Tiempo de lectura\" \/>\n\t<meta name=\"twitter:data2\" content=\"2 minutos\" \/>\n<script type=\"application\/ld+json\" class=\"yoast-schema-graph\">{\"@context\":\"https:\\\/\\\/schema.org\",\"@graph\":[{\"@type\":\"Article\",\"@id\":\"https:\\\/\\\/mont-roig.cat\\\/es\\\/actualitat\\\/noticies\\\/lajuntament-continua-potenciant-latencio-telematica-amb-el-servei-de-videoconferencia\\\/#article\",\"isPartOf\":{\"@id\":\"https:\\\/\\\/mont-roig.cat\\\/es\\\/actualitat\\\/noticies\\\/lajuntament-continua-potenciant-latencio-telematica-amb-el-servei-de-videoconferencia\\\/\"},\"author\":{\"name\":\"administrador\",\"@id\":\"https:\\\/\\\/mont-roig.cat\\\/es\\\/#\\\/schema\\\/person\\\/f2b111789f22b7d0c3bd6786c9128cba\"},\"headline\":\"El Ayuntamiento contin\u00faa potenciando la atenci\u00f3n telem\u00e1tica con el servicio de videoconferencia\",\"datePublished\":\"2020-07-27T12:32:09+00:00\",\"dateModified\":\"2020-07-27T12:35:49+00:00\",\"mainEntityOfPage\":{\"@id\":\"https:\\\/\\\/mont-roig.cat\\\/es\\\/actualitat\\\/noticies\\\/lajuntament-continua-potenciant-latencio-telematica-amb-el-servei-de-videoconferencia\\\/\"},\"wordCount\":360,\"image\":{\"@id\":\"https:\\\/\\\/mont-roig.cat\\\/es\\\/actualitat\\\/noticies\\\/lajuntament-continua-potenciant-latencio-telematica-amb-el-servei-de-videoconferencia\\\/#primaryimage\"},\"thumbnailUrl\":\"https:\\\/\\\/mont-roig.cat\\\/wp-content\\\/uploads\\\/e0ef0388-0704-4500-9615-977c84788937.jpg\",\"articleSection\":[\"Ayuntamiento\",\"Coronavirus\",\"Coronavirus - otras medidas\"],\"inLanguage\":\"es\"},{\"@type\":\"WebPage\",\"@id\":\"https:\\\/\\\/mont-roig.cat\\\/es\\\/actualitat\\\/noticies\\\/lajuntament-continua-potenciant-latencio-telematica-amb-el-servei-de-videoconferencia\\\/\",\"url\":\"https:\\\/\\\/mont-roig.cat\\\/es\\\/actualitat\\\/noticies\\\/lajuntament-continua-potenciant-latencio-telematica-amb-el-servei-de-videoconferencia\\\/\",\"name\":\"El Ayuntamiento contin\u00faa potenciando la atenci\u00f3n telem\u00e1tica con el servicio de videoconferencia - Ajuntament de Mont-roig del Camp\",\"isPartOf\":{\"@id\":\"https:\\\/\\\/mont-roig.cat\\\/es\\\/#website\"},\"primaryImageOfPage\":{\"@id\":\"https:\\\/\\\/mont-roig.cat\\\/es\\\/actualitat\\\/noticies\\\/lajuntament-continua-potenciant-latencio-telematica-amb-el-servei-de-videoconferencia\\\/#primaryimage\"},\"image\":{\"@id\":\"https:\\\/\\\/mont-roig.cat\\\/es\\\/actualitat\\\/noticies\\\/lajuntament-continua-potenciant-latencio-telematica-amb-el-servei-de-videoconferencia\\\/#primaryimage\"},\"thumbnailUrl\":\"https:\\\/\\\/mont-roig.cat\\\/wp-content\\\/uploads\\\/e0ef0388-0704-4500-9615-977c84788937.jpg\",\"datePublished\":\"2020-07-27T12:32:09+00:00\",\"dateModified\":\"2020-07-27T12:35:49+00:00\",\"author\":{\"@id\":\"https:\\\/\\\/mont-roig.cat\\\/es\\\/#\\\/schema\\\/person\\\/f2b111789f22b7d0c3bd6786c9128cba\"},\"breadcrumb\":{\"@id\":\"https:\\\/\\\/mont-roig.cat\\\/es\\\/actualitat\\\/noticies\\\/lajuntament-continua-potenciant-latencio-telematica-amb-el-servei-de-videoconferencia\\\/#breadcrumb\"},\"inLanguage\":\"es\",\"potentialAction\":[{\"@type\":\"ReadAction\",\"target\":[\"https:\\\/\\\/mont-roig.cat\\\/es\\\/actualitat\\\/noticies\\\/lajuntament-continua-potenciant-latencio-telematica-amb-el-servei-de-videoconferencia\\\/\"]}]},{\"@type\":\"ImageObject\",\"inLanguage\":\"es\",\"@id\":\"https:\\\/\\\/mont-roig.cat\\\/es\\\/actualitat\\\/noticies\\\/lajuntament-continua-potenciant-latencio-telematica-amb-el-servei-de-videoconferencia\\\/#primaryimage\",\"url\":\"https:\\\/\\\/mont-roig.cat\\\/wp-content\\\/uploads\\\/e0ef0388-0704-4500-9615-977c84788937.jpg\",\"contentUrl\":\"https:\\\/\\\/mont-roig.cat\\\/wp-content\\\/uploads\\\/e0ef0388-0704-4500-9615-977c84788937.jpg\",\"width\":1200,\"height\":630},{\"@type\":\"BreadcrumbList\",\"@id\":\"https:\\\/\\\/mont-roig.cat\\\/es\\\/actualitat\\\/noticies\\\/lajuntament-continua-potenciant-latencio-telematica-amb-el-servei-de-videoconferencia\\\/#breadcrumb\",\"itemListElement\":[{\"@type\":\"ListItem\",\"position\":1,\"name\":\"Inici\",\"item\":\"https:\\\/\\\/mont-roig.cat\\\/es\\\/pagina-de-inicio\\\/\"},{\"@type\":\"ListItem\",\"position\":2,\"name\":\"El Ayuntamiento contin\u00faa potenciando la atenci\u00f3n telem\u00e1tica con el servicio de videoconferencia\"}]},{\"@type\":\"WebSite\",\"@id\":\"https:\\\/\\\/mont-roig.cat\\\/es\\\/#website\",\"url\":\"https:\\\/\\\/mont-roig.cat\\\/es\\\/\",\"name\":\"Ajuntament de Mont-roig del Camp\",\"description\":\"Tota la informaci\u00f3 sobre la instituci\u00f3, els seus \u00f2rgans de govern, actualitat, serveis i molt m\u00e9s.\",\"potentialAction\":[{\"@type\":\"SearchAction\",\"target\":{\"@type\":\"EntryPoint\",\"urlTemplate\":\"https:\\\/\\\/mont-roig.cat\\\/es\\\/?s={search_term_string}\"},\"query-input\":{\"@type\":\"PropertyValueSpecification\",\"valueRequired\":true,\"valueName\":\"search_term_string\"}}],\"inLanguage\":\"es\"},{\"@type\":\"Person\",\"@id\":\"https:\\\/\\\/mont-roig.cat\\\/es\\\/#\\\/schema\\\/person\\\/f2b111789f22b7d0c3bd6786c9128cba\",\"name\":\"administrador\",\"image\":{\"@type\":\"ImageObject\",\"inLanguage\":\"es\",\"@id\":\"https:\\\/\\\/secure.gravatar.com\\\/avatar\\\/9137aac6891e2595c9d3036fd83bcb653b4db3c946db4c7d9b9be193c3c944bb?s=96&d=mm&r=g\",\"url\":\"https:\\\/\\\/secure.gravatar.com\\\/avatar\\\/9137aac6891e2595c9d3036fd83bcb653b4db3c946db4c7d9b9be193c3c944bb?s=96&d=mm&r=g\",\"contentUrl\":\"https:\\\/\\\/secure.gravatar.com\\\/avatar\\\/9137aac6891e2595c9d3036fd83bcb653b4db3c946db4c7d9b9be193c3c944bb?s=96&d=mm&r=g\",\"caption\":\"administrador\"},\"url\":\"https:\\\/\\\/mont-roig.cat\\\/es\\\/actualitat\\\/noticies\\\/author\\\/administrador\\\/\"}]}<\/script>\n<!-- \/ Yoast SEO plugin. -->","yoast_head_json":{"title":"El Ayuntamiento contin\u00faa potenciando la atenci\u00f3n telem\u00e1tica con el servicio de videoconferencia - Ajuntament de Mont-roig del Camp","robots":{"index":"index","follow":"follow","max-snippet":"max-snippet:-1","max-image-preview":"max-image-preview:large","max-video-preview":"max-video-preview:-1"},"canonical":"https:\/\/mont-roig.cat\/es\/actualitat\/noticies\/lajuntament-continua-potenciant-latencio-telematica-amb-el-servei-de-videoconferencia\/","og_locale":"es_ES","og_type":"article","og_title":"El Ayuntamiento contin\u00faa potenciando la atenci\u00f3n telem\u00e1tica con el servicio de videoconferencia - Ajuntament de Mont-roig del Camp","og_description":"El objetivo es apoyar a los usuarios de manera integral durante cualquier tr\u00e1mite con el consistorio. Para poder utilizarla hay que pedir cita previa El Ayuntamiento de Mont-roig del Camp contin\u00faa potenciando la atenci\u00f3n telem\u00e1tica con el servicio de videoconferencia. Este servicio que ofrecen las Oficinas Municipales de Atenci\u00f3n a la Ciudadan\u00eda se puso en [&hellip;]","og_url":"https:\/\/mont-roig.cat\/es\/actualitat\/noticies\/lajuntament-continua-potenciant-latencio-telematica-amb-el-servei-de-videoconferencia\/","og_site_name":"Ajuntament de Mont-roig del Camp","article_published_time":"2020-07-27T12:32:09+00:00","article_modified_time":"2020-07-27T12:35:49+00:00","og_image":[{"width":1200,"height":630,"url":"https:\/\/mont-roig.cat\/wp-content\/uploads\/e0ef0388-0704-4500-9615-977c84788937.jpg","type":"image\/jpeg"}],"author":"administrador","twitter_card":"summary_large_image","twitter_misc":{"Escrito por":"administrador","Tiempo de lectura":"2 minutos"},"schema":{"@context":"https:\/\/schema.org","@graph":[{"@type":"Article","@id":"https:\/\/mont-roig.cat\/es\/actualitat\/noticies\/lajuntament-continua-potenciant-latencio-telematica-amb-el-servei-de-videoconferencia\/#article","isPartOf":{"@id":"https:\/\/mont-roig.cat\/es\/actualitat\/noticies\/lajuntament-continua-potenciant-latencio-telematica-amb-el-servei-de-videoconferencia\/"},"author":{"name":"administrador","@id":"https:\/\/mont-roig.cat\/es\/#\/schema\/person\/f2b111789f22b7d0c3bd6786c9128cba"},"headline":"El Ayuntamiento contin\u00faa potenciando la atenci\u00f3n telem\u00e1tica con el servicio de videoconferencia","datePublished":"2020-07-27T12:32:09+00:00","dateModified":"2020-07-27T12:35:49+00:00","mainEntityOfPage":{"@id":"https:\/\/mont-roig.cat\/es\/actualitat\/noticies\/lajuntament-continua-potenciant-latencio-telematica-amb-el-servei-de-videoconferencia\/"},"wordCount":360,"image":{"@id":"https:\/\/mont-roig.cat\/es\/actualitat\/noticies\/lajuntament-continua-potenciant-latencio-telematica-amb-el-servei-de-videoconferencia\/#primaryimage"},"thumbnailUrl":"https:\/\/mont-roig.cat\/wp-content\/uploads\/e0ef0388-0704-4500-9615-977c84788937.jpg","articleSection":["Ayuntamiento","Coronavirus","Coronavirus - otras medidas"],"inLanguage":"es"},{"@type":"WebPage","@id":"https:\/\/mont-roig.cat\/es\/actualitat\/noticies\/lajuntament-continua-potenciant-latencio-telematica-amb-el-servei-de-videoconferencia\/","url":"https:\/\/mont-roig.cat\/es\/actualitat\/noticies\/lajuntament-continua-potenciant-latencio-telematica-amb-el-servei-de-videoconferencia\/","name":"El Ayuntamiento contin\u00faa potenciando la atenci\u00f3n telem\u00e1tica con el servicio de videoconferencia - Ajuntament de Mont-roig del Camp","isPartOf":{"@id":"https:\/\/mont-roig.cat\/es\/#website"},"primaryImageOfPage":{"@id":"https:\/\/mont-roig.cat\/es\/actualitat\/noticies\/lajuntament-continua-potenciant-latencio-telematica-amb-el-servei-de-videoconferencia\/#primaryimage"},"image":{"@id":"https:\/\/mont-roig.cat\/es\/actualitat\/noticies\/lajuntament-continua-potenciant-latencio-telematica-amb-el-servei-de-videoconferencia\/#primaryimage"},"thumbnailUrl":"https:\/\/mont-roig.cat\/wp-content\/uploads\/e0ef0388-0704-4500-9615-977c84788937.jpg","datePublished":"2020-07-27T12:32:09+00:00","dateModified":"2020-07-27T12:35:49+00:00","author":{"@id":"https:\/\/mont-roig.cat\/es\/#\/schema\/person\/f2b111789f22b7d0c3bd6786c9128cba"},"breadcrumb":{"@id":"https:\/\/mont-roig.cat\/es\/actualitat\/noticies\/lajuntament-continua-potenciant-latencio-telematica-amb-el-servei-de-videoconferencia\/#breadcrumb"},"inLanguage":"es","potentialAction":[{"@type":"ReadAction","target":["https:\/\/mont-roig.cat\/es\/actualitat\/noticies\/lajuntament-continua-potenciant-latencio-telematica-amb-el-servei-de-videoconferencia\/"]}]},{"@type":"ImageObject","inLanguage":"es","@id":"https:\/\/mont-roig.cat\/es\/actualitat\/noticies\/lajuntament-continua-potenciant-latencio-telematica-amb-el-servei-de-videoconferencia\/#primaryimage","url":"https:\/\/mont-roig.cat\/wp-content\/uploads\/e0ef0388-0704-4500-9615-977c84788937.jpg","contentUrl":"https:\/\/mont-roig.cat\/wp-content\/uploads\/e0ef0388-0704-4500-9615-977c84788937.jpg","width":1200,"height":630},{"@type":"BreadcrumbList","@id":"https:\/\/mont-roig.cat\/es\/actualitat\/noticies\/lajuntament-continua-potenciant-latencio-telematica-amb-el-servei-de-videoconferencia\/#breadcrumb","itemListElement":[{"@type":"ListItem","position":1,"name":"Inici","item":"https:\/\/mont-roig.cat\/es\/pagina-de-inicio\/"},{"@type":"ListItem","position":2,"name":"El Ayuntamiento contin\u00faa potenciando la atenci\u00f3n telem\u00e1tica con el servicio de videoconferencia"}]},{"@type":"WebSite","@id":"https:\/\/mont-roig.cat\/es\/#website","url":"https:\/\/mont-roig.cat\/es\/","name":"Ajuntament de Mont-roig del Camp","description":"Tota la informaci\u00f3 sobre la instituci\u00f3, els seus \u00f2rgans de govern, actualitat, serveis i molt m\u00e9s.","potentialAction":[{"@type":"SearchAction","target":{"@type":"EntryPoint","urlTemplate":"https:\/\/mont-roig.cat\/es\/?s={search_term_string}"},"query-input":{"@type":"PropertyValueSpecification","valueRequired":true,"valueName":"search_term_string"}}],"inLanguage":"es"},{"@type":"Person","@id":"https:\/\/mont-roig.cat\/es\/#\/schema\/person\/f2b111789f22b7d0c3bd6786c9128cba","name":"administrador","image":{"@type":"ImageObject","inLanguage":"es","@id":"https:\/\/secure.gravatar.com\/avatar\/9137aac6891e2595c9d3036fd83bcb653b4db3c946db4c7d9b9be193c3c944bb?s=96&d=mm&r=g","url":"https:\/\/secure.gravatar.com\/avatar\/9137aac6891e2595c9d3036fd83bcb653b4db3c946db4c7d9b9be193c3c944bb?s=96&d=mm&r=g","contentUrl":"https:\/\/secure.gravatar.com\/avatar\/9137aac6891e2595c9d3036fd83bcb653b4db3c946db4c7d9b9be193c3c944bb?s=96&d=mm&r=g","caption":"administrador"},"url":"https:\/\/mont-roig.cat\/es\/actualitat\/noticies\/author\/administrador\/"}]}},"_links":{"self":[{"href":"https:\/\/mont-roig.cat\/es\/wp-json\/wp\/v2\/posts\/50788","targetHints":{"allow":["GET"]}}],"collection":[{"href":"https:\/\/mont-roig.cat\/es\/wp-json\/wp\/v2\/posts"}],"about":[{"href":"https:\/\/mont-roig.cat\/es\/wp-json\/wp\/v2\/types\/post"}],"author":[{"embeddable":true,"href":"https:\/\/mont-roig.cat\/es\/wp-json\/wp\/v2\/users\/4"}],"replies":[{"embeddable":true,"href":"https:\/\/mont-roig.cat\/es\/wp-json\/wp\/v2\/comments?post=50788"}],"version-history":[{"count":2,"href":"https:\/\/mont-roig.cat\/es\/wp-json\/wp\/v2\/posts\/50788\/revisions"}],"predecessor-version":[{"id":50790,"href":"https:\/\/mont-roig.cat\/es\/wp-json\/wp\/v2\/posts\/50788\/revisions\/50790"}],"wp:featuredmedia":[{"embeddable":true,"href":"https:\/\/mont-roig.cat\/es\/wp-json\/wp\/v2\/media\/50785"}],"wp:attachment":[{"href":"https:\/\/mont-roig.cat\/es\/wp-json\/wp\/v2\/media?parent=50788"}],"wp:term":[{"taxonomy":"category","embeddable":true,"href":"https:\/\/mont-roig.cat\/es\/wp-json\/wp\/v2\/categories?post=50788"},{"taxonomy":"post_tag","embeddable":true,"href":"https:\/\/mont-roig.cat\/es\/wp-json\/wp\/v2\/tags?post=50788"}],"curies":[{"name":"wp","href":"https:\/\/api.w.org\/{rel}","templated":true}]}}