{"id":51114,"date":"2020-08-13T17:07:49","date_gmt":"2020-08-13T15:07:49","guid":{"rendered":"https:\/\/mont-roig.cat\/?p=51114"},"modified":"2020-09-03T09:39:24","modified_gmt":"2020-09-03T07:39:24","slug":"el-ayuntamiento-redistribuye-los-puntos-de-recogida-de-poda","status":"publish","type":"post","link":"https:\/\/mont-roig.cat\/es\/actualitat\/noticies\/el-ayuntamiento-redistribuye-los-puntos-de-recogida-de-poda\/","title":{"rendered":"El Ayuntamiento redistribuye los puntos de recogida de poda"},"content":{"rendered":"<ul>\n<li><strong>El consistorio vuelve a hacer un llamamiento al civismo para evitar el vertido de residuos en las calles<\/strong><\/li>\n<li><strong>En el \u00faltimo mes y medio se han abierto 9 expedientes sancionadores que pueden suponer multas de 1.000 euros<\/strong><\/li>\n<\/ul>\n<div id=\"attachment_51100\" style=\"width: 310px\" class=\"wp-caption alignright\"><a href=\"https:\/\/mont-roig.cat\/wp-content\/uploads\/WhatsApp-Image-2020-08-13-at-14.26.03.jpeg\"><img loading=\"lazy\" decoding=\"async\" aria-describedby=\"caption-attachment-51100\" class=\"wp-image-51100\" src=\"https:\/\/mont-roig.cat\/wp-content\/uploads\/WhatsApp-Image-2020-08-13-at-14.26.03-500x281.jpeg\" alt=\"\" width=\"300\" height=\"169\" srcset=\"https:\/\/mont-roig.cat\/wp-content\/uploads\/WhatsApp-Image-2020-08-13-at-14.26.03-500x281.jpeg 500w, https:\/\/mont-roig.cat\/wp-content\/uploads\/WhatsApp-Image-2020-08-13-at-14.26.03-1024x576.jpeg 1024w, https:\/\/mont-roig.cat\/wp-content\/uploads\/WhatsApp-Image-2020-08-13-at-14.26.03-768x432.jpeg 768w, https:\/\/mont-roig.cat\/wp-content\/uploads\/WhatsApp-Image-2020-08-13-at-14.26.03-1536x864.jpeg 1536w, https:\/\/mont-roig.cat\/wp-content\/uploads\/WhatsApp-Image-2020-08-13-at-14.26.03.jpeg 1600w\" sizes=\"auto, (max-width: 300px) 100vw, 300px\" \/><\/a><p id=\"caption-attachment-51100\" class=\"wp-caption-text\">Los puntos inhabilitados se han se\u00f1alizado con carteles en que se pide llevar los restos a los puntos limpios<\/p><\/div>\n<p>El Ayuntamiento de Mont-roig del Camp ha inhabilitado algunos de los puntos de recogida de poda del municipio, en el marco de un plan de redistribuci\u00f3n de estos contenedores, puesto en marcha con el objetivo de mejorar el servicio.<\/p>\n<p>Algunos de estos contenedores, que hab\u00edan acentuado su estado de deterioro los \u00faltimos meses, han sido retirados por motivos de seguridad, a la espera de poder disponer de nuevos contenedores.<\/p>\n<p>Por este motivo, en caso de encontrar un punto de recogida de poda sin contenedor o inhabilidad, se pide llevar los restos a los puntos limpios municipales o bien llamar al departamento de Residuos para informarse de la ubicaci\u00f3n de los contenedores m\u00e1s pr\u00f3ximos al domicilio particular.<\/p>\n<div id=\"attachment_49919\" style=\"width: 310px\" class=\"wp-caption alignright\"><a href=\"https:\/\/mont-roig.cat\/wp-content\/uploads\/Deixalleria-municipal-Miami-Platja-scaled.jpg\"><img loading=\"lazy\" decoding=\"async\" aria-describedby=\"caption-attachment-49919\" class=\"wp-image-49919\" src=\"https:\/\/mont-roig.cat\/wp-content\/uploads\/Deixalleria-municipal-Miami-Platja-500x375.jpg\" alt=\"\" width=\"300\" height=\"225\" srcset=\"https:\/\/mont-roig.cat\/wp-content\/uploads\/Deixalleria-municipal-Miami-Platja-500x375.jpg 500w, https:\/\/mont-roig.cat\/wp-content\/uploads\/Deixalleria-municipal-Miami-Platja-1024x768.jpg 1024w, https:\/\/mont-roig.cat\/wp-content\/uploads\/Deixalleria-municipal-Miami-Platja-768x576.jpg 768w, https:\/\/mont-roig.cat\/wp-content\/uploads\/Deixalleria-municipal-Miami-Platja-1536x1152.jpg 1536w, https:\/\/mont-roig.cat\/wp-content\/uploads\/Deixalleria-municipal-Miami-Platja-scaled.jpg 2048w, https:\/\/mont-roig.cat\/wp-content\/uploads\/Deixalleria-municipal-Miami-Platja-463x348.jpg 463w\" sizes=\"auto, (max-width: 300px) 100vw, 300px\" \/><\/a><p id=\"caption-attachment-49919\" class=\"wp-caption-text\">El horario de los puntos limpios es de lunes a s\u00e1bado de 9 a 12.45 h y de lunes a viernes de 16 a 19 h<\/p><\/div>\n<p>Hay que recordar que se ha ampliado el horario de los puntos limpios municipales, tanto de Mont-roig como de Miami Platja, y que hasta el 13 de septiembre es de de lunes a s\u00e1bado de 9 a 12.45 h y de lunes a viernes de 16 a 19 h. Para solicitar la recogida de muebles y residuos voluminosos puerta a puerta hay que llamar al 607 159 243.<\/p>\n<p><strong>Llamamiento de nuevo al civismo<\/strong><br \/>\nSiguiendo la l\u00ednea de la campa\u00f1a de concienciaci\u00f3n que ya se puso en marcha hace unas semanas, el ayuntamiento vuelve a hacer un llamamiento al civismo y pide que no se tiren residuos en la calle, ni se dejen restos de poda o cualquier otros residuos fuera de los contenedores habilitados.<\/p>\n<p>De hecho, la Polic\u00eda Local de\u00a0<span class=\"hiddenSpellError\">Mont<\/span>&#8211;<span class=\"hiddenSpellError\">roig<\/span>\u00a0del Camp contin\u00faa luchando contra el\u00a0<span class=\"hiddenSpellError\">incivismo<\/span> en esta materia y desde julio se han puesto varias denuncias que han supuesto la apertura de hasta 9 expedientes sancionadores, la mayor\u00eda, por el abandono de cualquier tipo de residuo en lugares no autorizados. Las sanciones iniciales que se imponen son de m\u00e1s de 1.000 euros.<\/p>\n<p><strong>Refuerzo\u00a0 del servicio <\/strong><strong>en verano<\/strong><\/p>\n<p>Coincidiendo con la temporada de verano en que se incrementan las necesitado del servicio de recogida de residuos del municipio, debido al aumento de poblaci\u00f3n, la regidur\u00eda de Residuos y Limpieza Viaria, ha llevado a cabo este 2020 varias acciones de refuerzo del servicio, que se suman a las que ya se llevan a cabo cada temporada estival y que se detallan a continuaci\u00f3n:<\/p>\n<ul>\n<li><em>Compra de contenedores.<\/em> Se han adquirido m\u00e1s de 100 contenedores de las varias fracciones que, desde medianos de julio, se est\u00e1n repartiendo por el municipio para completar las \u00e1reas en que falta alguna fracci\u00f3n o se necesitan reforzar durante el verano.<\/li>\n<li><em>Refuerzo de la limpieza Avda. Barcelona.<\/em> Desde este mes de agosto y hasta finales de a\u00f1o, se ha aumentado con dos peones, de lunes a s\u00e1bado, la limpieza de la Avenida de Barcelona y las esquinas de las calles perpendiculares, adem\u00e1s del vaciado de las papeleras.<\/li>\n<li><em>Refuerzo de la recogida de voluminosos.<\/em> Se ha ampliado con un cami\u00f3n y dos peones la recogida de voluminosos y limpieza perimetral de varias \u00e1reas de contenedores, todos los lunes.<\/li>\n<li><em>Refuerzo vertidos de restos de poda y escombros.<\/em> Se ha ampliado la limpieza de los vertidos de restos de poda y de obra de la v\u00eda p\u00fablica con excavadora. El servicio que era espor\u00e1dico ha pasado a hacerse de forma peri\u00f3dica.<\/li>\n<li><em>Personal de apoyo.<\/em> Se ha incorporado personal de apoyo al departamento de Residuos y Limpieza Viaria para agilizar la respuesta y tramitaci\u00f3n de las incidencias, quejas y sugerencias relativas al servicio.<\/li>\n<li><em>Agentes de civismo.<\/em> Se ha formado a los agentes de civismo en la detecci\u00f3n de incidencias y casos de incivismo relativos a la recogida de residuos y limpieza viaria. Estos agentes pasan aviso de las incidencias detectadas para agilizar al m\u00e1ximo su resoluci\u00f3n.<\/li>\n<li>Refuerzo limpieza viaria. Desde el mes de marzo, que a causa de la Covid 19, se ha ampliado la limpieza con riego por las calles.<\/li>\n<\/ul>\n<p><a href=\"https:\/\/mont-roig.cat\/wp-content\/uploads\/WEB-Abocaments-Ajunt-Mont-roig-2020-b-1.jpg\"><img loading=\"lazy\" decoding=\"async\" class=\"alignnone wp-image-50668\" src=\"https:\/\/mont-roig.cat\/wp-content\/uploads\/WEB-Abocaments-Ajunt-Mont-roig-2020-b-1-352x500.jpg\" alt=\"\" width=\"250\" height=\"355\" srcset=\"https:\/\/mont-roig.cat\/wp-content\/uploads\/WEB-Abocaments-Ajunt-Mont-roig-2020-b-1-352x500.jpg 352w, https:\/\/mont-roig.cat\/wp-content\/uploads\/WEB-Abocaments-Ajunt-Mont-roig-2020-b-1-722x1024.jpg 722w, https:\/\/mont-roig.cat\/wp-content\/uploads\/WEB-Abocaments-Ajunt-Mont-roig-2020-b-1-768x1090.jpg 768w, https:\/\/mont-roig.cat\/wp-content\/uploads\/WEB-Abocaments-Ajunt-Mont-roig-2020-b-1.jpg 874w\" sizes=\"auto, (max-width: 250px) 100vw, 250px\" \/><\/a><a href=\"https:\/\/mont-roig.cat\/wp-content\/uploads\/WEB-Abocaments-Ajunt-Mont-roig-2020-b2.jpg\"><img loading=\"lazy\" decoding=\"async\" class=\"alignnone wp-image-50671\" src=\"https:\/\/mont-roig.cat\/wp-content\/uploads\/WEB-Abocaments-Ajunt-Mont-roig-2020-b2-352x500.jpg\" alt=\"\" width=\"250\" height=\"355\" srcset=\"https:\/\/mont-roig.cat\/wp-content\/uploads\/WEB-Abocaments-Ajunt-Mont-roig-2020-b2-352x500.jpg 352w, https:\/\/mont-roig.cat\/wp-content\/uploads\/WEB-Abocaments-Ajunt-Mont-roig-2020-b2-722x1024.jpg 722w, https:\/\/mont-roig.cat\/wp-content\/uploads\/WEB-Abocaments-Ajunt-Mont-roig-2020-b2-768x1090.jpg 768w, https:\/\/mont-roig.cat\/wp-content\/uploads\/WEB-Abocaments-Ajunt-Mont-roig-2020-b2-1083x1536.jpg 1083w, https:\/\/mont-roig.cat\/wp-content\/uploads\/WEB-Abocaments-Ajunt-Mont-roig-2020-b2-scaled.jpg 1444w\" sizes=\"auto, (max-width: 250px) 100vw, 250px\" \/><\/a><\/p>\n","protected":false},"excerpt":{"rendered":"<p>El consistorio vuelve a hacer un llamamiento al civismo para evitar el vertido de residuos en las calles En el \u00faltimo mes y medio se han abierto 9 expedientes sancionadores que pueden suponer multas de 1.000 euros El Ayuntamiento de Mont-roig del Camp ha inhabilitado algunos de los puntos de recogida de poda del municipio, [&hellip;]<\/p>\n","protected":false},"author":4,"featured_media":49920,"comment_status":"closed","ping_status":"closed","sticky":false,"template":"","format":"standard","meta":{"inline_featured_image":false,"_monsterinsights_skip_tracking":false,"_monsterinsights_sitenote_active":false,"_monsterinsights_sitenote_note":"","_monsterinsights_sitenote_category":0,"footnotes":""},"categories":[98,109,143],"tags":[],"class_list":["post-51114","post","type-post","status-publish","format-standard","has-post-thumbnail","hentry","category-ayuntamiento","category-limpieza-viaria","category-residuos-es"],"yoast_head":"<!-- This site is optimized with the Yoast SEO plugin v27.4 - https:\/\/yoast.com\/product\/yoast-seo-wordpress\/ -->\n<title>El Ayuntamiento redistribuye los puntos de recogida de poda - Ajuntament de Mont-roig del Camp<\/title>\n<meta name=\"robots\" content=\"index, follow, max-snippet:-1, max-image-preview:large, max-video-preview:-1\" \/>\n<link rel=\"canonical\" href=\"https:\/\/mont-roig.cat\/es\/actualitat\/noticies\/el-ayuntamiento-redistribuye-los-puntos-de-recogida-de-poda\/\" \/>\n<meta property=\"og:locale\" content=\"es_ES\" \/>\n<meta property=\"og:type\" content=\"article\" \/>\n<meta property=\"og:title\" content=\"El Ayuntamiento redistribuye los puntos de recogida de poda - Ajuntament de Mont-roig del Camp\" \/>\n<meta property=\"og:description\" content=\"El consistorio vuelve a hacer un llamamiento al civismo para evitar el vertido de residuos en las calles En el \u00faltimo mes y medio se han abierto 9 expedientes sancionadores que pueden suponer multas de 1.000 euros El Ayuntamiento de Mont-roig del Camp ha inhabilitado algunos de los puntos de recogida de poda del municipio, [&hellip;]\" \/>\n<meta property=\"og:url\" content=\"https:\/\/mont-roig.cat\/es\/actualitat\/noticies\/el-ayuntamiento-redistribuye-los-puntos-de-recogida-de-poda\/\" \/>\n<meta property=\"og:site_name\" content=\"Ajuntament de Mont-roig del Camp\" \/>\n<meta property=\"article:published_time\" content=\"2020-08-13T15:07:49+00:00\" \/>\n<meta property=\"article:modified_time\" content=\"2020-09-03T07:39:24+00:00\" \/>\n<meta property=\"og:image\" content=\"https:\/\/mont-roig.cat\/wp-content\/uploads\/Deixalleria-municipal-Miami-Platja.jpg\" \/>\n\t<meta property=\"og:image:width\" content=\"2048\" \/>\n\t<meta property=\"og:image:height\" content=\"1536\" \/>\n\t<meta property=\"og:image:type\" content=\"image\/jpeg\" \/>\n<meta name=\"author\" content=\"administrador\" \/>\n<meta name=\"twitter:card\" content=\"summary_large_image\" \/>\n<meta name=\"twitter:label1\" content=\"Escrito por\" \/>\n\t<meta name=\"twitter:data1\" content=\"administrador\" \/>\n\t<meta name=\"twitter:label2\" content=\"Tiempo de lectura\" \/>\n\t<meta name=\"twitter:data2\" content=\"4 minutos\" \/>\n<script type=\"application\/ld+json\" class=\"yoast-schema-graph\">{\"@context\":\"https:\\\/\\\/schema.org\",\"@graph\":[{\"@type\":\"Article\",\"@id\":\"https:\\\/\\\/mont-roig.cat\\\/es\\\/actualitat\\\/noticies\\\/el-ayuntamiento-redistribuye-los-puntos-de-recogida-de-poda\\\/#article\",\"isPartOf\":{\"@id\":\"https:\\\/\\\/mont-roig.cat\\\/es\\\/actualitat\\\/noticies\\\/el-ayuntamiento-redistribuye-los-puntos-de-recogida-de-poda\\\/\"},\"author\":{\"name\":\"administrador\",\"@id\":\"https:\\\/\\\/mont-roig.cat\\\/es\\\/#\\\/schema\\\/person\\\/f2b111789f22b7d0c3bd6786c9128cba\"},\"headline\":\"El Ayuntamiento redistribuye los puntos de recogida de poda\",\"datePublished\":\"2020-08-13T15:07:49+00:00\",\"dateModified\":\"2020-09-03T07:39:24+00:00\",\"mainEntityOfPage\":{\"@id\":\"https:\\\/\\\/mont-roig.cat\\\/es\\\/actualitat\\\/noticies\\\/el-ayuntamiento-redistribuye-los-puntos-de-recogida-de-poda\\\/\"},\"wordCount\":746,\"image\":{\"@id\":\"https:\\\/\\\/mont-roig.cat\\\/es\\\/actualitat\\\/noticies\\\/el-ayuntamiento-redistribuye-los-puntos-de-recogida-de-poda\\\/#primaryimage\"},\"thumbnailUrl\":\"https:\\\/\\\/mont-roig.cat\\\/wp-content\\\/uploads\\\/Deixalleria-municipal-Miami-Platja.jpg\",\"articleSection\":[\"Ayuntamiento\",\"Limpieza viaria\",\"Residuos\"],\"inLanguage\":\"es\"},{\"@type\":\"WebPage\",\"@id\":\"https:\\\/\\\/mont-roig.cat\\\/es\\\/actualitat\\\/noticies\\\/el-ayuntamiento-redistribuye-los-puntos-de-recogida-de-poda\\\/\",\"url\":\"https:\\\/\\\/mont-roig.cat\\\/es\\\/actualitat\\\/noticies\\\/el-ayuntamiento-redistribuye-los-puntos-de-recogida-de-poda\\\/\",\"name\":\"El Ayuntamiento redistribuye los puntos de recogida de poda - Ajuntament de Mont-roig del Camp\",\"isPartOf\":{\"@id\":\"https:\\\/\\\/mont-roig.cat\\\/es\\\/#website\"},\"primaryImageOfPage\":{\"@id\":\"https:\\\/\\\/mont-roig.cat\\\/es\\\/actualitat\\\/noticies\\\/el-ayuntamiento-redistribuye-los-puntos-de-recogida-de-poda\\\/#primaryimage\"},\"image\":{\"@id\":\"https:\\\/\\\/mont-roig.cat\\\/es\\\/actualitat\\\/noticies\\\/el-ayuntamiento-redistribuye-los-puntos-de-recogida-de-poda\\\/#primaryimage\"},\"thumbnailUrl\":\"https:\\\/\\\/mont-roig.cat\\\/wp-content\\\/uploads\\\/Deixalleria-municipal-Miami-Platja.jpg\",\"datePublished\":\"2020-08-13T15:07:49+00:00\",\"dateModified\":\"2020-09-03T07:39:24+00:00\",\"author\":{\"@id\":\"https:\\\/\\\/mont-roig.cat\\\/es\\\/#\\\/schema\\\/person\\\/f2b111789f22b7d0c3bd6786c9128cba\"},\"breadcrumb\":{\"@id\":\"https:\\\/\\\/mont-roig.cat\\\/es\\\/actualitat\\\/noticies\\\/el-ayuntamiento-redistribuye-los-puntos-de-recogida-de-poda\\\/#breadcrumb\"},\"inLanguage\":\"es\",\"potentialAction\":[{\"@type\":\"ReadAction\",\"target\":[\"https:\\\/\\\/mont-roig.cat\\\/es\\\/actualitat\\\/noticies\\\/el-ayuntamiento-redistribuye-los-puntos-de-recogida-de-poda\\\/\"]}]},{\"@type\":\"ImageObject\",\"inLanguage\":\"es\",\"@id\":\"https:\\\/\\\/mont-roig.cat\\\/es\\\/actualitat\\\/noticies\\\/el-ayuntamiento-redistribuye-los-puntos-de-recogida-de-poda\\\/#primaryimage\",\"url\":\"https:\\\/\\\/mont-roig.cat\\\/wp-content\\\/uploads\\\/Deixalleria-municipal-Miami-Platja.jpg\",\"contentUrl\":\"https:\\\/\\\/mont-roig.cat\\\/wp-content\\\/uploads\\\/Deixalleria-municipal-Miami-Platja.jpg\",\"width\":2048,\"height\":1536},{\"@type\":\"BreadcrumbList\",\"@id\":\"https:\\\/\\\/mont-roig.cat\\\/es\\\/actualitat\\\/noticies\\\/el-ayuntamiento-redistribuye-los-puntos-de-recogida-de-poda\\\/#breadcrumb\",\"itemListElement\":[{\"@type\":\"ListItem\",\"position\":1,\"name\":\"Inici\",\"item\":\"https:\\\/\\\/mont-roig.cat\\\/es\\\/pagina-de-inicio\\\/\"},{\"@type\":\"ListItem\",\"position\":2,\"name\":\"El Ayuntamiento redistribuye los puntos de recogida de poda\"}]},{\"@type\":\"WebSite\",\"@id\":\"https:\\\/\\\/mont-roig.cat\\\/es\\\/#website\",\"url\":\"https:\\\/\\\/mont-roig.cat\\\/es\\\/\",\"name\":\"Ajuntament de Mont-roig del Camp\",\"description\":\"Tota la informaci\u00f3 sobre la instituci\u00f3, els seus \u00f2rgans de govern, actualitat, serveis i molt m\u00e9s.\",\"potentialAction\":[{\"@type\":\"SearchAction\",\"target\":{\"@type\":\"EntryPoint\",\"urlTemplate\":\"https:\\\/\\\/mont-roig.cat\\\/es\\\/?s={search_term_string}\"},\"query-input\":{\"@type\":\"PropertyValueSpecification\",\"valueRequired\":true,\"valueName\":\"search_term_string\"}}],\"inLanguage\":\"es\"},{\"@type\":\"Person\",\"@id\":\"https:\\\/\\\/mont-roig.cat\\\/es\\\/#\\\/schema\\\/person\\\/f2b111789f22b7d0c3bd6786c9128cba\",\"name\":\"administrador\",\"image\":{\"@type\":\"ImageObject\",\"inLanguage\":\"es\",\"@id\":\"https:\\\/\\\/secure.gravatar.com\\\/avatar\\\/9137aac6891e2595c9d3036fd83bcb653b4db3c946db4c7d9b9be193c3c944bb?s=96&d=mm&r=g\",\"url\":\"https:\\\/\\\/secure.gravatar.com\\\/avatar\\\/9137aac6891e2595c9d3036fd83bcb653b4db3c946db4c7d9b9be193c3c944bb?s=96&d=mm&r=g\",\"contentUrl\":\"https:\\\/\\\/secure.gravatar.com\\\/avatar\\\/9137aac6891e2595c9d3036fd83bcb653b4db3c946db4c7d9b9be193c3c944bb?s=96&d=mm&r=g\",\"caption\":\"administrador\"},\"url\":\"https:\\\/\\\/mont-roig.cat\\\/es\\\/actualitat\\\/noticies\\\/author\\\/administrador\\\/\"}]}<\/script>\n<!-- \/ Yoast SEO plugin. -->","yoast_head_json":{"title":"El Ayuntamiento redistribuye los puntos de recogida de poda - Ajuntament de Mont-roig del Camp","robots":{"index":"index","follow":"follow","max-snippet":"max-snippet:-1","max-image-preview":"max-image-preview:large","max-video-preview":"max-video-preview:-1"},"canonical":"https:\/\/mont-roig.cat\/es\/actualitat\/noticies\/el-ayuntamiento-redistribuye-los-puntos-de-recogida-de-poda\/","og_locale":"es_ES","og_type":"article","og_title":"El Ayuntamiento redistribuye los puntos de recogida de poda - Ajuntament de Mont-roig del Camp","og_description":"El consistorio vuelve a hacer un llamamiento al civismo para evitar el vertido de residuos en las calles En el \u00faltimo mes y medio se han abierto 9 expedientes sancionadores que pueden suponer multas de 1.000 euros El Ayuntamiento de Mont-roig del Camp ha inhabilitado algunos de los puntos de recogida de poda del municipio, [&hellip;]","og_url":"https:\/\/mont-roig.cat\/es\/actualitat\/noticies\/el-ayuntamiento-redistribuye-los-puntos-de-recogida-de-poda\/","og_site_name":"Ajuntament de Mont-roig del Camp","article_published_time":"2020-08-13T15:07:49+00:00","article_modified_time":"2020-09-03T07:39:24+00:00","og_image":[{"width":2048,"height":1536,"url":"https:\/\/mont-roig.cat\/wp-content\/uploads\/Deixalleria-municipal-Miami-Platja.jpg","type":"image\/jpeg"}],"author":"administrador","twitter_card":"summary_large_image","twitter_misc":{"Escrito por":"administrador","Tiempo de lectura":"4 minutos"},"schema":{"@context":"https:\/\/schema.org","@graph":[{"@type":"Article","@id":"https:\/\/mont-roig.cat\/es\/actualitat\/noticies\/el-ayuntamiento-redistribuye-los-puntos-de-recogida-de-poda\/#article","isPartOf":{"@id":"https:\/\/mont-roig.cat\/es\/actualitat\/noticies\/el-ayuntamiento-redistribuye-los-puntos-de-recogida-de-poda\/"},"author":{"name":"administrador","@id":"https:\/\/mont-roig.cat\/es\/#\/schema\/person\/f2b111789f22b7d0c3bd6786c9128cba"},"headline":"El Ayuntamiento redistribuye los puntos de recogida de poda","datePublished":"2020-08-13T15:07:49+00:00","dateModified":"2020-09-03T07:39:24+00:00","mainEntityOfPage":{"@id":"https:\/\/mont-roig.cat\/es\/actualitat\/noticies\/el-ayuntamiento-redistribuye-los-puntos-de-recogida-de-poda\/"},"wordCount":746,"image":{"@id":"https:\/\/mont-roig.cat\/es\/actualitat\/noticies\/el-ayuntamiento-redistribuye-los-puntos-de-recogida-de-poda\/#primaryimage"},"thumbnailUrl":"https:\/\/mont-roig.cat\/wp-content\/uploads\/Deixalleria-municipal-Miami-Platja.jpg","articleSection":["Ayuntamiento","Limpieza viaria","Residuos"],"inLanguage":"es"},{"@type":"WebPage","@id":"https:\/\/mont-roig.cat\/es\/actualitat\/noticies\/el-ayuntamiento-redistribuye-los-puntos-de-recogida-de-poda\/","url":"https:\/\/mont-roig.cat\/es\/actualitat\/noticies\/el-ayuntamiento-redistribuye-los-puntos-de-recogida-de-poda\/","name":"El Ayuntamiento redistribuye los puntos de recogida de poda - Ajuntament de Mont-roig del Camp","isPartOf":{"@id":"https:\/\/mont-roig.cat\/es\/#website"},"primaryImageOfPage":{"@id":"https:\/\/mont-roig.cat\/es\/actualitat\/noticies\/el-ayuntamiento-redistribuye-los-puntos-de-recogida-de-poda\/#primaryimage"},"image":{"@id":"https:\/\/mont-roig.cat\/es\/actualitat\/noticies\/el-ayuntamiento-redistribuye-los-puntos-de-recogida-de-poda\/#primaryimage"},"thumbnailUrl":"https:\/\/mont-roig.cat\/wp-content\/uploads\/Deixalleria-municipal-Miami-Platja.jpg","datePublished":"2020-08-13T15:07:49+00:00","dateModified":"2020-09-03T07:39:24+00:00","author":{"@id":"https:\/\/mont-roig.cat\/es\/#\/schema\/person\/f2b111789f22b7d0c3bd6786c9128cba"},"breadcrumb":{"@id":"https:\/\/mont-roig.cat\/es\/actualitat\/noticies\/el-ayuntamiento-redistribuye-los-puntos-de-recogida-de-poda\/#breadcrumb"},"inLanguage":"es","potentialAction":[{"@type":"ReadAction","target":["https:\/\/mont-roig.cat\/es\/actualitat\/noticies\/el-ayuntamiento-redistribuye-los-puntos-de-recogida-de-poda\/"]}]},{"@type":"ImageObject","inLanguage":"es","@id":"https:\/\/mont-roig.cat\/es\/actualitat\/noticies\/el-ayuntamiento-redistribuye-los-puntos-de-recogida-de-poda\/#primaryimage","url":"https:\/\/mont-roig.cat\/wp-content\/uploads\/Deixalleria-municipal-Miami-Platja.jpg","contentUrl":"https:\/\/mont-roig.cat\/wp-content\/uploads\/Deixalleria-municipal-Miami-Platja.jpg","width":2048,"height":1536},{"@type":"BreadcrumbList","@id":"https:\/\/mont-roig.cat\/es\/actualitat\/noticies\/el-ayuntamiento-redistribuye-los-puntos-de-recogida-de-poda\/#breadcrumb","itemListElement":[{"@type":"ListItem","position":1,"name":"Inici","item":"https:\/\/mont-roig.cat\/es\/pagina-de-inicio\/"},{"@type":"ListItem","position":2,"name":"El Ayuntamiento redistribuye los puntos de recogida de poda"}]},{"@type":"WebSite","@id":"https:\/\/mont-roig.cat\/es\/#website","url":"https:\/\/mont-roig.cat\/es\/","name":"Ajuntament de Mont-roig del Camp","description":"Tota la informaci\u00f3 sobre la instituci\u00f3, els seus \u00f2rgans de govern, actualitat, serveis i molt m\u00e9s.","potentialAction":[{"@type":"SearchAction","target":{"@type":"EntryPoint","urlTemplate":"https:\/\/mont-roig.cat\/es\/?s={search_term_string}"},"query-input":{"@type":"PropertyValueSpecification","valueRequired":true,"valueName":"search_term_string"}}],"inLanguage":"es"},{"@type":"Person","@id":"https:\/\/mont-roig.cat\/es\/#\/schema\/person\/f2b111789f22b7d0c3bd6786c9128cba","name":"administrador","image":{"@type":"ImageObject","inLanguage":"es","@id":"https:\/\/secure.gravatar.com\/avatar\/9137aac6891e2595c9d3036fd83bcb653b4db3c946db4c7d9b9be193c3c944bb?s=96&d=mm&r=g","url":"https:\/\/secure.gravatar.com\/avatar\/9137aac6891e2595c9d3036fd83bcb653b4db3c946db4c7d9b9be193c3c944bb?s=96&d=mm&r=g","contentUrl":"https:\/\/secure.gravatar.com\/avatar\/9137aac6891e2595c9d3036fd83bcb653b4db3c946db4c7d9b9be193c3c944bb?s=96&d=mm&r=g","caption":"administrador"},"url":"https:\/\/mont-roig.cat\/es\/actualitat\/noticies\/author\/administrador\/"}]}},"_links":{"self":[{"href":"https:\/\/mont-roig.cat\/es\/wp-json\/wp\/v2\/posts\/51114","targetHints":{"allow":["GET"]}}],"collection":[{"href":"https:\/\/mont-roig.cat\/es\/wp-json\/wp\/v2\/posts"}],"about":[{"href":"https:\/\/mont-roig.cat\/es\/wp-json\/wp\/v2\/types\/post"}],"author":[{"embeddable":true,"href":"https:\/\/mont-roig.cat\/es\/wp-json\/wp\/v2\/users\/4"}],"replies":[{"embeddable":true,"href":"https:\/\/mont-roig.cat\/es\/wp-json\/wp\/v2\/comments?post=51114"}],"version-history":[{"count":8,"href":"https:\/\/mont-roig.cat\/es\/wp-json\/wp\/v2\/posts\/51114\/revisions"}],"predecessor-version":[{"id":51269,"href":"https:\/\/mont-roig.cat\/es\/wp-json\/wp\/v2\/posts\/51114\/revisions\/51269"}],"wp:featuredmedia":[{"embeddable":true,"href":"https:\/\/mont-roig.cat\/es\/wp-json\/wp\/v2\/media\/49920"}],"wp:attachment":[{"href":"https:\/\/mont-roig.cat\/es\/wp-json\/wp\/v2\/media?parent=51114"}],"wp:term":[{"taxonomy":"category","embeddable":true,"href":"https:\/\/mont-roig.cat\/es\/wp-json\/wp\/v2\/categories?post=51114"},{"taxonomy":"post_tag","embeddable":true,"href":"https:\/\/mont-roig.cat\/es\/wp-json\/wp\/v2\/tags?post=51114"}],"curies":[{"name":"wp","href":"https:\/\/api.w.org\/{rel}","templated":true}]}}