{"id":51293,"date":"2020-09-07T06:27:04","date_gmt":"2020-09-07T04:27:04","guid":{"rendered":"https:\/\/mont-roig.cat\/actualitat\/noticies\/mont-roig-i-miami-platja-tornen-a-acollir-el-programa-futbolnet-de-la-fundacio-barca\/"},"modified":"2020-09-07T06:33:48","modified_gmt":"2020-09-07T04:33:48","slug":"mont-roig-y-miami-platja-vuelven-a-acoger-el-programa-futbolnet-de-la-fundacion-barca","status":"publish","type":"post","link":"https:\/\/mont-roig.cat\/es\/actualitat\/noticies\/mont-roig-y-miami-platja-vuelven-a-acoger-el-programa-futbolnet-de-la-fundacion-barca\/","title":{"rendered":"Mont-roig y Miami Platja vuelven a acoger el programa FutbolNet de la Fundaci\u00f3n Bar\u00e7a"},"content":{"rendered":"<ul>\n<li><strong>Las sesiones informativas se realizar\u00e1n el d\u00eda 16 de septiembre en el campo de f\u00fatbol de Miami Platja y el 23 de septiembre en la Casa de Cultura de Mont-roig<\/strong><\/li>\n<\/ul>\n<p><a href=\"https:\/\/mont-roig.cat\/wp-content\/uploads\/FutbolNet-scaled.jpg\"><img loading=\"lazy\" decoding=\"async\" class=\"alignright wp-image-51289\" src=\"https:\/\/mont-roig.cat\/wp-content\/uploads\/FutbolNet-357x500.jpg\" alt=\"\" width=\"250\" height=\"350\" srcset=\"https:\/\/mont-roig.cat\/wp-content\/uploads\/FutbolNet-357x500.jpg 357w, https:\/\/mont-roig.cat\/wp-content\/uploads\/FutbolNet-732x1024.jpg 732w, https:\/\/mont-roig.cat\/wp-content\/uploads\/FutbolNet-768x1075.jpg 768w, https:\/\/mont-roig.cat\/wp-content\/uploads\/FutbolNet-1097x1536.jpg 1097w, https:\/\/mont-roig.cat\/wp-content\/uploads\/FutbolNet-scaled.jpg 1463w\" sizes=\"auto, (max-width: 250px) 100vw, 250px\" \/><\/a>La experiencia deportiva FutbolNet vuelve a llegar a los n\u00facleos de Mont-roig y Miami Platja esta temporada. Se trata de una metodolog\u00eda de intervenci\u00f3n social creada por la Fundaci\u00f3n Bar\u00e7a el a\u00f1o 2011, que emplea el f\u00fatbol y la actividad f\u00edsica como herramientas de reflexi\u00f3n y agentes de cambio para mejorar la vida de los ni\u00f1os y j\u00f3venes que se encuentran en contextos vulnerables.<\/p>\n<p>El FutbolNet se juega en tres tiempos, no hay \u00e1rbitro y los equipos son mixtos. Adem\u00e1s, las reglas del juego se marcan entre todos los participantes, elementos importantes que lo diferencian del f\u00fatbol tradicional y que hacen que la experiencia de los ni\u00f1os y j\u00f3venes que jueguen sea muy positiva y divertida, a la vez que se fomenta la actividad f\u00edsica, el aprendizaje en valores y la creaci\u00f3n de sentimiento de equipo y de comunidad.<\/p>\n<p><strong>Sesiones informativas<\/strong><\/p>\n<p>La actividad ser\u00e1 gratuita y se har\u00e1n dos charlas informativas para dar a conocer en qu\u00e9 consiste la experiencia FutbolNet a las personas interesadas. La primera sesi\u00f3n ser\u00e1 el pr\u00f3ximo 16 de septiembre a las 19h en el campo de F\u00fatbol de Miami Platja y la segunda el 23 de septiembre, a la misma hora, en la Casa de Cultura de Mont-roig. Durante la sesi\u00f3n informativa ya se podr\u00e1 realizar la preinscripci\u00f3n, teniendo en cuenta que los criterios de selecci\u00f3n para participar son estar empadronado en el municipio, haber nacido entre el 2005 y el 2011, tener diversidad funcional y ser usuarios o usuarias del servicio de intervenci\u00f3n socioeducativa del municipio.<\/p>\n<p>El programa FubtolNet ya se desarroll\u00f3 la temporada 2017-2018 en el municipio, teniendo muy buena acogida entre los j\u00f3venes que participaron.<\/p>\n<p>La actividad se realiza a cargo de la Fundaci\u00f3n Bar\u00e7a y la Diputaci\u00f3 de Tarragona, con la colaboraci\u00f3n del Consell Comarcal del Baix Camp, el Consell Esportiu del Baix Camp y el Ayuntamiento de Mont-roig del Camp.<\/p>\n","protected":false},"excerpt":{"rendered":"<p>Las sesiones informativas se realizar\u00e1n el d\u00eda 16 de septiembre en el campo de f\u00fatbol de Miami Platja y el 23 de septiembre en la Casa de Cultura de Mont-roig La experiencia deportiva FutbolNet vuelve a llegar a los n\u00facleos de Mont-roig y Miami Platja esta temporada. Se trata de una metodolog\u00eda de intervenci\u00f3n social [&hellip;]<\/p>\n","protected":false},"author":4,"featured_media":51290,"comment_status":"closed","ping_status":"closed","sticky":false,"template":"","format":"standard","meta":{"inline_featured_image":false,"_monsterinsights_skip_tracking":false,"_monsterinsights_sitenote_active":false,"_monsterinsights_sitenote_note":"","_monsterinsights_sitenote_category":0,"footnotes":""},"categories":[104,114],"tags":[],"class_list":["post-51293","post","type-post","status-publish","format-standard","has-post-thumbnail","hentry","category-deportes","category-servicios-sociales"],"yoast_head":"<!-- This site is optimized with the Yoast SEO plugin v27.4 - https:\/\/yoast.com\/product\/yoast-seo-wordpress\/ -->\n<title>Mont-roig y Miami Platja vuelven a acoger el programa FutbolNet de la Fundaci\u00f3n Bar\u00e7a - Ajuntament de Mont-roig del Camp<\/title>\n<meta name=\"robots\" content=\"index, follow, max-snippet:-1, max-image-preview:large, max-video-preview:-1\" \/>\n<link rel=\"canonical\" href=\"https:\/\/mont-roig.cat\/es\/actualitat\/noticies\/mont-roig-y-miami-platja-vuelven-a-acoger-el-programa-futbolnet-de-la-fundacion-barca\/\" \/>\n<meta property=\"og:locale\" content=\"es_ES\" \/>\n<meta property=\"og:type\" content=\"article\" \/>\n<meta property=\"og:title\" content=\"Mont-roig y Miami Platja vuelven a acoger el programa FutbolNet de la Fundaci\u00f3n Bar\u00e7a - Ajuntament de Mont-roig del Camp\" \/>\n<meta property=\"og:description\" content=\"Las sesiones informativas se realizar\u00e1n el d\u00eda 16 de septiembre en el campo de f\u00fatbol de Miami Platja y el 23 de septiembre en la Casa de Cultura de Mont-roig La experiencia deportiva FutbolNet vuelve a llegar a los n\u00facleos de Mont-roig y Miami Platja esta temporada. Se trata de una metodolog\u00eda de intervenci\u00f3n social [&hellip;]\" \/>\n<meta property=\"og:url\" content=\"https:\/\/mont-roig.cat\/es\/actualitat\/noticies\/mont-roig-y-miami-platja-vuelven-a-acoger-el-programa-futbolnet-de-la-fundacion-barca\/\" \/>\n<meta property=\"og:site_name\" content=\"Ajuntament de Mont-roig del Camp\" \/>\n<meta property=\"article:published_time\" content=\"2020-09-07T04:27:04+00:00\" \/>\n<meta property=\"article:modified_time\" content=\"2020-09-07T04:33:48+00:00\" \/>\n<meta property=\"og:image\" content=\"https:\/\/mont-roig.cat\/wp-content\/uploads\/FutbolNet-732x1024.jpg\" \/>\n\t<meta property=\"og:image:width\" content=\"732\" \/>\n\t<meta property=\"og:image:height\" content=\"1024\" \/>\n\t<meta property=\"og:image:type\" content=\"image\/jpeg\" \/>\n<meta name=\"author\" content=\"administrador\" \/>\n<meta name=\"twitter:card\" content=\"summary_large_image\" \/>\n<meta name=\"twitter:label1\" content=\"Escrito por\" \/>\n\t<meta name=\"twitter:data1\" content=\"administrador\" \/>\n\t<meta name=\"twitter:label2\" content=\"Tiempo de lectura\" \/>\n\t<meta name=\"twitter:data2\" content=\"2 minutos\" \/>\n<script type=\"application\/ld+json\" class=\"yoast-schema-graph\">{\"@context\":\"https:\\\/\\\/schema.org\",\"@graph\":[{\"@type\":\"Article\",\"@id\":\"https:\\\/\\\/mont-roig.cat\\\/es\\\/actualitat\\\/noticies\\\/mont-roig-y-miami-platja-vuelven-a-acoger-el-programa-futbolnet-de-la-fundacion-barca\\\/#article\",\"isPartOf\":{\"@id\":\"https:\\\/\\\/mont-roig.cat\\\/es\\\/actualitat\\\/noticies\\\/mont-roig-y-miami-platja-vuelven-a-acoger-el-programa-futbolnet-de-la-fundacion-barca\\\/\"},\"author\":{\"name\":\"administrador\",\"@id\":\"https:\\\/\\\/mont-roig.cat\\\/es\\\/#\\\/schema\\\/person\\\/f2b111789f22b7d0c3bd6786c9128cba\"},\"headline\":\"Mont-roig y Miami Platja vuelven a acoger el programa FutbolNet de la Fundaci\u00f3n Bar\u00e7a\",\"datePublished\":\"2020-09-07T04:27:04+00:00\",\"dateModified\":\"2020-09-07T04:33:48+00:00\",\"mainEntityOfPage\":{\"@id\":\"https:\\\/\\\/mont-roig.cat\\\/es\\\/actualitat\\\/noticies\\\/mont-roig-y-miami-platja-vuelven-a-acoger-el-programa-futbolnet-de-la-fundacion-barca\\\/\"},\"wordCount\":381,\"image\":{\"@id\":\"https:\\\/\\\/mont-roig.cat\\\/es\\\/actualitat\\\/noticies\\\/mont-roig-y-miami-platja-vuelven-a-acoger-el-programa-futbolnet-de-la-fundacion-barca\\\/#primaryimage\"},\"thumbnailUrl\":\"https:\\\/\\\/mont-roig.cat\\\/wp-content\\\/uploads\\\/FutbolNet.jpg\",\"articleSection\":[\"Deportes\",\"Servicios sociales\"],\"inLanguage\":\"es\"},{\"@type\":\"WebPage\",\"@id\":\"https:\\\/\\\/mont-roig.cat\\\/es\\\/actualitat\\\/noticies\\\/mont-roig-y-miami-platja-vuelven-a-acoger-el-programa-futbolnet-de-la-fundacion-barca\\\/\",\"url\":\"https:\\\/\\\/mont-roig.cat\\\/es\\\/actualitat\\\/noticies\\\/mont-roig-y-miami-platja-vuelven-a-acoger-el-programa-futbolnet-de-la-fundacion-barca\\\/\",\"name\":\"Mont-roig y Miami Platja vuelven a acoger el programa FutbolNet de la Fundaci\u00f3n Bar\u00e7a - Ajuntament de Mont-roig del Camp\",\"isPartOf\":{\"@id\":\"https:\\\/\\\/mont-roig.cat\\\/es\\\/#website\"},\"primaryImageOfPage\":{\"@id\":\"https:\\\/\\\/mont-roig.cat\\\/es\\\/actualitat\\\/noticies\\\/mont-roig-y-miami-platja-vuelven-a-acoger-el-programa-futbolnet-de-la-fundacion-barca\\\/#primaryimage\"},\"image\":{\"@id\":\"https:\\\/\\\/mont-roig.cat\\\/es\\\/actualitat\\\/noticies\\\/mont-roig-y-miami-platja-vuelven-a-acoger-el-programa-futbolnet-de-la-fundacion-barca\\\/#primaryimage\"},\"thumbnailUrl\":\"https:\\\/\\\/mont-roig.cat\\\/wp-content\\\/uploads\\\/FutbolNet.jpg\",\"datePublished\":\"2020-09-07T04:27:04+00:00\",\"dateModified\":\"2020-09-07T04:33:48+00:00\",\"author\":{\"@id\":\"https:\\\/\\\/mont-roig.cat\\\/es\\\/#\\\/schema\\\/person\\\/f2b111789f22b7d0c3bd6786c9128cba\"},\"breadcrumb\":{\"@id\":\"https:\\\/\\\/mont-roig.cat\\\/es\\\/actualitat\\\/noticies\\\/mont-roig-y-miami-platja-vuelven-a-acoger-el-programa-futbolnet-de-la-fundacion-barca\\\/#breadcrumb\"},\"inLanguage\":\"es\",\"potentialAction\":[{\"@type\":\"ReadAction\",\"target\":[\"https:\\\/\\\/mont-roig.cat\\\/es\\\/actualitat\\\/noticies\\\/mont-roig-y-miami-platja-vuelven-a-acoger-el-programa-futbolnet-de-la-fundacion-barca\\\/\"]}]},{\"@type\":\"ImageObject\",\"inLanguage\":\"es\",\"@id\":\"https:\\\/\\\/mont-roig.cat\\\/es\\\/actualitat\\\/noticies\\\/mont-roig-y-miami-platja-vuelven-a-acoger-el-programa-futbolnet-de-la-fundacion-barca\\\/#primaryimage\",\"url\":\"https:\\\/\\\/mont-roig.cat\\\/wp-content\\\/uploads\\\/FutbolNet.jpg\",\"contentUrl\":\"https:\\\/\\\/mont-roig.cat\\\/wp-content\\\/uploads\\\/FutbolNet.jpg\",\"width\":1463,\"height\":2048},{\"@type\":\"BreadcrumbList\",\"@id\":\"https:\\\/\\\/mont-roig.cat\\\/es\\\/actualitat\\\/noticies\\\/mont-roig-y-miami-platja-vuelven-a-acoger-el-programa-futbolnet-de-la-fundacion-barca\\\/#breadcrumb\",\"itemListElement\":[{\"@type\":\"ListItem\",\"position\":1,\"name\":\"Inici\",\"item\":\"https:\\\/\\\/mont-roig.cat\\\/es\\\/pagina-de-inicio\\\/\"},{\"@type\":\"ListItem\",\"position\":2,\"name\":\"Mont-roig y Miami Platja vuelven a acoger el programa FutbolNet de la Fundaci\u00f3n Bar\u00e7a\"}]},{\"@type\":\"WebSite\",\"@id\":\"https:\\\/\\\/mont-roig.cat\\\/es\\\/#website\",\"url\":\"https:\\\/\\\/mont-roig.cat\\\/es\\\/\",\"name\":\"Ajuntament de Mont-roig del Camp\",\"description\":\"Tota la informaci\u00f3 sobre la instituci\u00f3, els seus \u00f2rgans de govern, actualitat, serveis i molt m\u00e9s.\",\"potentialAction\":[{\"@type\":\"SearchAction\",\"target\":{\"@type\":\"EntryPoint\",\"urlTemplate\":\"https:\\\/\\\/mont-roig.cat\\\/es\\\/?s={search_term_string}\"},\"query-input\":{\"@type\":\"PropertyValueSpecification\",\"valueRequired\":true,\"valueName\":\"search_term_string\"}}],\"inLanguage\":\"es\"},{\"@type\":\"Person\",\"@id\":\"https:\\\/\\\/mont-roig.cat\\\/es\\\/#\\\/schema\\\/person\\\/f2b111789f22b7d0c3bd6786c9128cba\",\"name\":\"administrador\",\"image\":{\"@type\":\"ImageObject\",\"inLanguage\":\"es\",\"@id\":\"https:\\\/\\\/secure.gravatar.com\\\/avatar\\\/9137aac6891e2595c9d3036fd83bcb653b4db3c946db4c7d9b9be193c3c944bb?s=96&d=mm&r=g\",\"url\":\"https:\\\/\\\/secure.gravatar.com\\\/avatar\\\/9137aac6891e2595c9d3036fd83bcb653b4db3c946db4c7d9b9be193c3c944bb?s=96&d=mm&r=g\",\"contentUrl\":\"https:\\\/\\\/secure.gravatar.com\\\/avatar\\\/9137aac6891e2595c9d3036fd83bcb653b4db3c946db4c7d9b9be193c3c944bb?s=96&d=mm&r=g\",\"caption\":\"administrador\"},\"url\":\"https:\\\/\\\/mont-roig.cat\\\/es\\\/actualitat\\\/noticies\\\/author\\\/administrador\\\/\"}]}<\/script>\n<!-- \/ Yoast SEO plugin. -->","yoast_head_json":{"title":"Mont-roig y Miami Platja vuelven a acoger el programa FutbolNet de la Fundaci\u00f3n Bar\u00e7a - Ajuntament de Mont-roig del Camp","robots":{"index":"index","follow":"follow","max-snippet":"max-snippet:-1","max-image-preview":"max-image-preview:large","max-video-preview":"max-video-preview:-1"},"canonical":"https:\/\/mont-roig.cat\/es\/actualitat\/noticies\/mont-roig-y-miami-platja-vuelven-a-acoger-el-programa-futbolnet-de-la-fundacion-barca\/","og_locale":"es_ES","og_type":"article","og_title":"Mont-roig y Miami Platja vuelven a acoger el programa FutbolNet de la Fundaci\u00f3n Bar\u00e7a - Ajuntament de Mont-roig del Camp","og_description":"Las sesiones informativas se realizar\u00e1n el d\u00eda 16 de septiembre en el campo de f\u00fatbol de Miami Platja y el 23 de septiembre en la Casa de Cultura de Mont-roig La experiencia deportiva FutbolNet vuelve a llegar a los n\u00facleos de Mont-roig y Miami Platja esta temporada. Se trata de una metodolog\u00eda de intervenci\u00f3n social [&hellip;]","og_url":"https:\/\/mont-roig.cat\/es\/actualitat\/noticies\/mont-roig-y-miami-platja-vuelven-a-acoger-el-programa-futbolnet-de-la-fundacion-barca\/","og_site_name":"Ajuntament de Mont-roig del Camp","article_published_time":"2020-09-07T04:27:04+00:00","article_modified_time":"2020-09-07T04:33:48+00:00","og_image":[{"width":732,"height":1024,"url":"https:\/\/mont-roig.cat\/wp-content\/uploads\/FutbolNet-732x1024.jpg","type":"image\/jpeg"}],"author":"administrador","twitter_card":"summary_large_image","twitter_misc":{"Escrito por":"administrador","Tiempo de lectura":"2 minutos"},"schema":{"@context":"https:\/\/schema.org","@graph":[{"@type":"Article","@id":"https:\/\/mont-roig.cat\/es\/actualitat\/noticies\/mont-roig-y-miami-platja-vuelven-a-acoger-el-programa-futbolnet-de-la-fundacion-barca\/#article","isPartOf":{"@id":"https:\/\/mont-roig.cat\/es\/actualitat\/noticies\/mont-roig-y-miami-platja-vuelven-a-acoger-el-programa-futbolnet-de-la-fundacion-barca\/"},"author":{"name":"administrador","@id":"https:\/\/mont-roig.cat\/es\/#\/schema\/person\/f2b111789f22b7d0c3bd6786c9128cba"},"headline":"Mont-roig y Miami Platja vuelven a acoger el programa FutbolNet de la Fundaci\u00f3n Bar\u00e7a","datePublished":"2020-09-07T04:27:04+00:00","dateModified":"2020-09-07T04:33:48+00:00","mainEntityOfPage":{"@id":"https:\/\/mont-roig.cat\/es\/actualitat\/noticies\/mont-roig-y-miami-platja-vuelven-a-acoger-el-programa-futbolnet-de-la-fundacion-barca\/"},"wordCount":381,"image":{"@id":"https:\/\/mont-roig.cat\/es\/actualitat\/noticies\/mont-roig-y-miami-platja-vuelven-a-acoger-el-programa-futbolnet-de-la-fundacion-barca\/#primaryimage"},"thumbnailUrl":"https:\/\/mont-roig.cat\/wp-content\/uploads\/FutbolNet.jpg","articleSection":["Deportes","Servicios sociales"],"inLanguage":"es"},{"@type":"WebPage","@id":"https:\/\/mont-roig.cat\/es\/actualitat\/noticies\/mont-roig-y-miami-platja-vuelven-a-acoger-el-programa-futbolnet-de-la-fundacion-barca\/","url":"https:\/\/mont-roig.cat\/es\/actualitat\/noticies\/mont-roig-y-miami-platja-vuelven-a-acoger-el-programa-futbolnet-de-la-fundacion-barca\/","name":"Mont-roig y Miami Platja vuelven a acoger el programa FutbolNet de la Fundaci\u00f3n Bar\u00e7a - Ajuntament de Mont-roig del Camp","isPartOf":{"@id":"https:\/\/mont-roig.cat\/es\/#website"},"primaryImageOfPage":{"@id":"https:\/\/mont-roig.cat\/es\/actualitat\/noticies\/mont-roig-y-miami-platja-vuelven-a-acoger-el-programa-futbolnet-de-la-fundacion-barca\/#primaryimage"},"image":{"@id":"https:\/\/mont-roig.cat\/es\/actualitat\/noticies\/mont-roig-y-miami-platja-vuelven-a-acoger-el-programa-futbolnet-de-la-fundacion-barca\/#primaryimage"},"thumbnailUrl":"https:\/\/mont-roig.cat\/wp-content\/uploads\/FutbolNet.jpg","datePublished":"2020-09-07T04:27:04+00:00","dateModified":"2020-09-07T04:33:48+00:00","author":{"@id":"https:\/\/mont-roig.cat\/es\/#\/schema\/person\/f2b111789f22b7d0c3bd6786c9128cba"},"breadcrumb":{"@id":"https:\/\/mont-roig.cat\/es\/actualitat\/noticies\/mont-roig-y-miami-platja-vuelven-a-acoger-el-programa-futbolnet-de-la-fundacion-barca\/#breadcrumb"},"inLanguage":"es","potentialAction":[{"@type":"ReadAction","target":["https:\/\/mont-roig.cat\/es\/actualitat\/noticies\/mont-roig-y-miami-platja-vuelven-a-acoger-el-programa-futbolnet-de-la-fundacion-barca\/"]}]},{"@type":"ImageObject","inLanguage":"es","@id":"https:\/\/mont-roig.cat\/es\/actualitat\/noticies\/mont-roig-y-miami-platja-vuelven-a-acoger-el-programa-futbolnet-de-la-fundacion-barca\/#primaryimage","url":"https:\/\/mont-roig.cat\/wp-content\/uploads\/FutbolNet.jpg","contentUrl":"https:\/\/mont-roig.cat\/wp-content\/uploads\/FutbolNet.jpg","width":1463,"height":2048},{"@type":"BreadcrumbList","@id":"https:\/\/mont-roig.cat\/es\/actualitat\/noticies\/mont-roig-y-miami-platja-vuelven-a-acoger-el-programa-futbolnet-de-la-fundacion-barca\/#breadcrumb","itemListElement":[{"@type":"ListItem","position":1,"name":"Inici","item":"https:\/\/mont-roig.cat\/es\/pagina-de-inicio\/"},{"@type":"ListItem","position":2,"name":"Mont-roig y Miami Platja vuelven a acoger el programa FutbolNet de la Fundaci\u00f3n Bar\u00e7a"}]},{"@type":"WebSite","@id":"https:\/\/mont-roig.cat\/es\/#website","url":"https:\/\/mont-roig.cat\/es\/","name":"Ajuntament de Mont-roig del Camp","description":"Tota la informaci\u00f3 sobre la instituci\u00f3, els seus \u00f2rgans de govern, actualitat, serveis i molt m\u00e9s.","potentialAction":[{"@type":"SearchAction","target":{"@type":"EntryPoint","urlTemplate":"https:\/\/mont-roig.cat\/es\/?s={search_term_string}"},"query-input":{"@type":"PropertyValueSpecification","valueRequired":true,"valueName":"search_term_string"}}],"inLanguage":"es"},{"@type":"Person","@id":"https:\/\/mont-roig.cat\/es\/#\/schema\/person\/f2b111789f22b7d0c3bd6786c9128cba","name":"administrador","image":{"@type":"ImageObject","inLanguage":"es","@id":"https:\/\/secure.gravatar.com\/avatar\/9137aac6891e2595c9d3036fd83bcb653b4db3c946db4c7d9b9be193c3c944bb?s=96&d=mm&r=g","url":"https:\/\/secure.gravatar.com\/avatar\/9137aac6891e2595c9d3036fd83bcb653b4db3c946db4c7d9b9be193c3c944bb?s=96&d=mm&r=g","contentUrl":"https:\/\/secure.gravatar.com\/avatar\/9137aac6891e2595c9d3036fd83bcb653b4db3c946db4c7d9b9be193c3c944bb?s=96&d=mm&r=g","caption":"administrador"},"url":"https:\/\/mont-roig.cat\/es\/actualitat\/noticies\/author\/administrador\/"}]}},"_links":{"self":[{"href":"https:\/\/mont-roig.cat\/es\/wp-json\/wp\/v2\/posts\/51293","targetHints":{"allow":["GET"]}}],"collection":[{"href":"https:\/\/mont-roig.cat\/es\/wp-json\/wp\/v2\/posts"}],"about":[{"href":"https:\/\/mont-roig.cat\/es\/wp-json\/wp\/v2\/types\/post"}],"author":[{"embeddable":true,"href":"https:\/\/mont-roig.cat\/es\/wp-json\/wp\/v2\/users\/4"}],"replies":[{"embeddable":true,"href":"https:\/\/mont-roig.cat\/es\/wp-json\/wp\/v2\/comments?post=51293"}],"version-history":[{"count":2,"href":"https:\/\/mont-roig.cat\/es\/wp-json\/wp\/v2\/posts\/51293\/revisions"}],"predecessor-version":[{"id":51295,"href":"https:\/\/mont-roig.cat\/es\/wp-json\/wp\/v2\/posts\/51293\/revisions\/51295"}],"wp:featuredmedia":[{"embeddable":true,"href":"https:\/\/mont-roig.cat\/es\/wp-json\/wp\/v2\/media\/51290"}],"wp:attachment":[{"href":"https:\/\/mont-roig.cat\/es\/wp-json\/wp\/v2\/media?parent=51293"}],"wp:term":[{"taxonomy":"category","embeddable":true,"href":"https:\/\/mont-roig.cat\/es\/wp-json\/wp\/v2\/categories?post=51293"},{"taxonomy":"post_tag","embeddable":true,"href":"https:\/\/mont-roig.cat\/es\/wp-json\/wp\/v2\/tags?post=51293"}],"curies":[{"name":"wp","href":"https:\/\/api.w.org\/{rel}","templated":true}]}}