{"id":51342,"date":"2020-09-09T11:56:47","date_gmt":"2020-09-09T09:56:47","guid":{"rendered":"https:\/\/mont-roig.cat\/?p=51342"},"modified":"2020-09-09T12:16:55","modified_gmt":"2020-09-09T10:16:55","slug":"las-bibliotecas-municipales-incorporan-novedades-en-las-medidas-contra-el-coronavirus","status":"publish","type":"post","link":"https:\/\/mont-roig.cat\/es\/actualitat\/noticies\/las-bibliotecas-municipales-incorporan-novedades-en-las-medidas-contra-el-coronavirus\/","title":{"rendered":"Las bibliotecas municipales incorporan novedades en las medidas contra el coronavirus"},"content":{"rendered":"<p><a href=\"https:\/\/mont-roig.cat\/wp-content\/uploads\/Biblioteques_setembre.jpg\"><img loading=\"lazy\" decoding=\"async\" class=\"alignright wp-image-51333\" src=\"https:\/\/mont-roig.cat\/wp-content\/uploads\/Biblioteques_setembre-500x500.jpg\" alt=\"\" width=\"250\" height=\"250\" srcset=\"https:\/\/mont-roig.cat\/wp-content\/uploads\/Biblioteques_setembre-500x500.jpg 500w, https:\/\/mont-roig.cat\/wp-content\/uploads\/Biblioteques_setembre-1024x1024.jpg 1024w, https:\/\/mont-roig.cat\/wp-content\/uploads\/Biblioteques_setembre-50x50.jpg 50w, https:\/\/mont-roig.cat\/wp-content\/uploads\/Biblioteques_setembre-768x768.jpg 768w, https:\/\/mont-roig.cat\/wp-content\/uploads\/Biblioteques_setembre-560x560.jpg 560w, https:\/\/mont-roig.cat\/wp-content\/uploads\/Biblioteques_setembre-367x367.jpg 367w, https:\/\/mont-roig.cat\/wp-content\/uploads\/Biblioteques_setembre-450x450.jpg 450w, https:\/\/mont-roig.cat\/wp-content\/uploads\/Biblioteques_setembre-85x85.jpg 85w, https:\/\/mont-roig.cat\/wp-content\/uploads\/Biblioteques_setembre-45x45.jpg 45w, https:\/\/mont-roig.cat\/wp-content\/uploads\/Biblioteques_setembre.jpg 1080w\" sizes=\"auto, (max-width: 250px) 100vw, 250px\" \/><\/a><a href=\"https:\/\/mont-roig.cat\/wp-content\/uploads\/Biblioteques_setembre_.jpg\"><img loading=\"lazy\" decoding=\"async\" class=\"alignright wp-image-51335\" src=\"https:\/\/mont-roig.cat\/wp-content\/uploads\/Biblioteques_setembre_-500x500.jpg\" alt=\"\" width=\"250\" height=\"250\" srcset=\"https:\/\/mont-roig.cat\/wp-content\/uploads\/Biblioteques_setembre_-500x500.jpg 500w, https:\/\/mont-roig.cat\/wp-content\/uploads\/Biblioteques_setembre_-1024x1024.jpg 1024w, https:\/\/mont-roig.cat\/wp-content\/uploads\/Biblioteques_setembre_-50x50.jpg 50w, https:\/\/mont-roig.cat\/wp-content\/uploads\/Biblioteques_setembre_-768x768.jpg 768w, https:\/\/mont-roig.cat\/wp-content\/uploads\/Biblioteques_setembre_-560x560.jpg 560w, https:\/\/mont-roig.cat\/wp-content\/uploads\/Biblioteques_setembre_-367x367.jpg 367w, https:\/\/mont-roig.cat\/wp-content\/uploads\/Biblioteques_setembre_-450x450.jpg 450w, https:\/\/mont-roig.cat\/wp-content\/uploads\/Biblioteques_setembre_-85x85.jpg 85w, https:\/\/mont-roig.cat\/wp-content\/uploads\/Biblioteques_setembre_-45x45.jpg 45w, https:\/\/mont-roig.cat\/wp-content\/uploads\/Biblioteques_setembre_.jpg 1080w\" sizes=\"auto, (max-width: 250px) 100vw, 250px\" \/><\/a><\/p>\n<p>Las bibliotecas Joan Mir\u00f3 y Miramar incorporar\u00e1n novedades en las medidas de funcionamiento implantadas ante el coronavirus a partir del 14 de septiembre, fecha en que, adem\u00e1s, inician el horario de invierno. Por lo tanto, permanecer\u00e1n abiertas de lunes a viernes de las 15 h a las 20 h y los jueves de las 9 h a las 13 h y los s\u00e1bados de las 10 h a las 13 h.<\/p>\n<p>As\u00ed pues, a partir del mismo lunes 14 de septiembre los usuarios podr\u00e1n pedir libros en pr\u00e9stamo sin cita previa, el aforo de las salas quedar\u00e1 ampliado de un tercio a la mitad de la capacidad y se podr\u00e1 permanecer hasta un m\u00e1ximo de dos horas. Las personas podr\u00e1n utilizar los equipos inform\u00e1ticos y acceder libremente a la colecci\u00f3n, aunque luego los documentos consultados deber\u00e1n pasar una cuarentena de 48 horas antes de volver a estar disponibles.<\/p>\n<p>Cabe destacar que el acceso a la zona infantil tambi\u00e9n queda abierto, con las mismas limitaciones que la zona adulta. Adem\u00e1s, ser\u00e1 obligatorio que los menores de 7 a\u00f1os vayan acompa\u00f1ados de un adulto en todo momento.<\/p>\n<p>Recordemos que contin\u00faan vigentes las medidas de higiene y seguridad en todos espacios municipales. En todos los casos hay que respetar la distancia de seguridad de 1,5 metros con otras personas, llevar puesta la mascarilla y lavarse las manos al entrar y salir de los espacios, mediante los dispensadores de soluci\u00f3n hidroalcoh\u00f3lica instalados para su uso.<\/p>\n<p>&nbsp;<\/p>\n<p>&nbsp;<\/p>\n","protected":false},"excerpt":{"rendered":"<p>Las bibliotecas Joan Mir\u00f3 y Miramar incorporar\u00e1n novedades en las medidas de funcionamiento implantadas ante el coronavirus a partir del 14 de septiembre, fecha en que, adem\u00e1s, inician el horario de invierno. Por lo tanto, permanecer\u00e1n abiertas de lunes a viernes de las 15 h a las 20 h y los jueves de las 9 [&hellip;]<\/p>\n","protected":false},"author":4,"featured_media":51336,"comment_status":"closed","ping_status":"closed","sticky":false,"template":"","format":"standard","meta":{"inline_featured_image":false,"_monsterinsights_skip_tracking":false,"_monsterinsights_sitenote_active":false,"_monsterinsights_sitenote_note":"","_monsterinsights_sitenote_category":0,"footnotes":""},"categories":[178,191,101],"tags":[],"class_list":["post-51342","post","type-post","status-publish","format-standard","has-post-thumbnail","hentry","category-coronavirus","category-cov-fases-i-desescalada-es","category-cultura-es"],"yoast_head":"<!-- This site is optimized with the Yoast SEO plugin v27.4 - https:\/\/yoast.com\/product\/yoast-seo-wordpress\/ -->\n<title>Las bibliotecas municipales incorporan novedades en las medidas contra el coronavirus - Ajuntament de Mont-roig del Camp<\/title>\n<meta name=\"robots\" content=\"index, follow, max-snippet:-1, max-image-preview:large, max-video-preview:-1\" \/>\n<link rel=\"canonical\" href=\"https:\/\/mont-roig.cat\/es\/actualitat\/noticies\/las-bibliotecas-municipales-incorporan-novedades-en-las-medidas-contra-el-coronavirus\/\" \/>\n<meta property=\"og:locale\" content=\"es_ES\" \/>\n<meta property=\"og:type\" content=\"article\" \/>\n<meta property=\"og:title\" content=\"Las bibliotecas municipales incorporan novedades en las medidas contra el coronavirus - Ajuntament de Mont-roig del Camp\" \/>\n<meta property=\"og:description\" content=\"Las bibliotecas Joan Mir\u00f3 y Miramar incorporar\u00e1n novedades en las medidas de funcionamiento implantadas ante el coronavirus a partir del 14 de septiembre, fecha en que, adem\u00e1s, inician el horario de invierno. Por lo tanto, permanecer\u00e1n abiertas de lunes a viernes de las 15 h a las 20 h y los jueves de las 9 [&hellip;]\" \/>\n<meta property=\"og:url\" content=\"https:\/\/mont-roig.cat\/es\/actualitat\/noticies\/las-bibliotecas-municipales-incorporan-novedades-en-las-medidas-contra-el-coronavirus\/\" \/>\n<meta property=\"og:site_name\" content=\"Ajuntament de Mont-roig del Camp\" \/>\n<meta property=\"article:published_time\" content=\"2020-09-09T09:56:47+00:00\" \/>\n<meta property=\"article:modified_time\" content=\"2020-09-09T10:16:55+00:00\" \/>\n<meta property=\"og:image\" content=\"https:\/\/mont-roig.cat\/wp-content\/uploads\/Biblioteques_setembre_.jpg\" \/>\n\t<meta property=\"og:image:width\" content=\"1080\" \/>\n\t<meta property=\"og:image:height\" content=\"1080\" \/>\n\t<meta property=\"og:image:type\" content=\"image\/jpeg\" \/>\n<meta name=\"author\" content=\"administrador\" \/>\n<meta name=\"twitter:card\" content=\"summary_large_image\" \/>\n<meta name=\"twitter:label1\" content=\"Escrito por\" \/>\n\t<meta name=\"twitter:data1\" content=\"administrador\" \/>\n\t<meta name=\"twitter:label2\" content=\"Tiempo de lectura\" \/>\n\t<meta name=\"twitter:data2\" content=\"1 minuto\" \/>\n<script type=\"application\/ld+json\" class=\"yoast-schema-graph\">{\"@context\":\"https:\\\/\\\/schema.org\",\"@graph\":[{\"@type\":\"Article\",\"@id\":\"https:\\\/\\\/mont-roig.cat\\\/es\\\/actualitat\\\/noticies\\\/las-bibliotecas-municipales-incorporan-novedades-en-las-medidas-contra-el-coronavirus\\\/#article\",\"isPartOf\":{\"@id\":\"https:\\\/\\\/mont-roig.cat\\\/es\\\/actualitat\\\/noticies\\\/las-bibliotecas-municipales-incorporan-novedades-en-las-medidas-contra-el-coronavirus\\\/\"},\"author\":{\"name\":\"administrador\",\"@id\":\"https:\\\/\\\/mont-roig.cat\\\/es\\\/#\\\/schema\\\/person\\\/f2b111789f22b7d0c3bd6786c9128cba\"},\"headline\":\"Las bibliotecas municipales incorporan novedades en las medidas contra el coronavirus\",\"datePublished\":\"2020-09-09T09:56:47+00:00\",\"dateModified\":\"2020-09-09T10:16:55+00:00\",\"mainEntityOfPage\":{\"@id\":\"https:\\\/\\\/mont-roig.cat\\\/es\\\/actualitat\\\/noticies\\\/las-bibliotecas-municipales-incorporan-novedades-en-las-medidas-contra-el-coronavirus\\\/\"},\"wordCount\":261,\"image\":{\"@id\":\"https:\\\/\\\/mont-roig.cat\\\/es\\\/actualitat\\\/noticies\\\/las-bibliotecas-municipales-incorporan-novedades-en-las-medidas-contra-el-coronavirus\\\/#primaryimage\"},\"thumbnailUrl\":\"https:\\\/\\\/mont-roig.cat\\\/wp-content\\\/uploads\\\/Biblioteques_setembre_.jpg\",\"articleSection\":[\"Coronavirus\",\"Coronavirus &#8211; fases i desescalada\",\"Cultura\"],\"inLanguage\":\"es\"},{\"@type\":\"WebPage\",\"@id\":\"https:\\\/\\\/mont-roig.cat\\\/es\\\/actualitat\\\/noticies\\\/las-bibliotecas-municipales-incorporan-novedades-en-las-medidas-contra-el-coronavirus\\\/\",\"url\":\"https:\\\/\\\/mont-roig.cat\\\/es\\\/actualitat\\\/noticies\\\/las-bibliotecas-municipales-incorporan-novedades-en-las-medidas-contra-el-coronavirus\\\/\",\"name\":\"Las bibliotecas municipales incorporan novedades en las medidas contra el coronavirus - Ajuntament de Mont-roig del Camp\",\"isPartOf\":{\"@id\":\"https:\\\/\\\/mont-roig.cat\\\/es\\\/#website\"},\"primaryImageOfPage\":{\"@id\":\"https:\\\/\\\/mont-roig.cat\\\/es\\\/actualitat\\\/noticies\\\/las-bibliotecas-municipales-incorporan-novedades-en-las-medidas-contra-el-coronavirus\\\/#primaryimage\"},\"image\":{\"@id\":\"https:\\\/\\\/mont-roig.cat\\\/es\\\/actualitat\\\/noticies\\\/las-bibliotecas-municipales-incorporan-novedades-en-las-medidas-contra-el-coronavirus\\\/#primaryimage\"},\"thumbnailUrl\":\"https:\\\/\\\/mont-roig.cat\\\/wp-content\\\/uploads\\\/Biblioteques_setembre_.jpg\",\"datePublished\":\"2020-09-09T09:56:47+00:00\",\"dateModified\":\"2020-09-09T10:16:55+00:00\",\"author\":{\"@id\":\"https:\\\/\\\/mont-roig.cat\\\/es\\\/#\\\/schema\\\/person\\\/f2b111789f22b7d0c3bd6786c9128cba\"},\"breadcrumb\":{\"@id\":\"https:\\\/\\\/mont-roig.cat\\\/es\\\/actualitat\\\/noticies\\\/las-bibliotecas-municipales-incorporan-novedades-en-las-medidas-contra-el-coronavirus\\\/#breadcrumb\"},\"inLanguage\":\"es\",\"potentialAction\":[{\"@type\":\"ReadAction\",\"target\":[\"https:\\\/\\\/mont-roig.cat\\\/es\\\/actualitat\\\/noticies\\\/las-bibliotecas-municipales-incorporan-novedades-en-las-medidas-contra-el-coronavirus\\\/\"]}]},{\"@type\":\"ImageObject\",\"inLanguage\":\"es\",\"@id\":\"https:\\\/\\\/mont-roig.cat\\\/es\\\/actualitat\\\/noticies\\\/las-bibliotecas-municipales-incorporan-novedades-en-las-medidas-contra-el-coronavirus\\\/#primaryimage\",\"url\":\"https:\\\/\\\/mont-roig.cat\\\/wp-content\\\/uploads\\\/Biblioteques_setembre_.jpg\",\"contentUrl\":\"https:\\\/\\\/mont-roig.cat\\\/wp-content\\\/uploads\\\/Biblioteques_setembre_.jpg\",\"width\":1080,\"height\":1080},{\"@type\":\"BreadcrumbList\",\"@id\":\"https:\\\/\\\/mont-roig.cat\\\/es\\\/actualitat\\\/noticies\\\/las-bibliotecas-municipales-incorporan-novedades-en-las-medidas-contra-el-coronavirus\\\/#breadcrumb\",\"itemListElement\":[{\"@type\":\"ListItem\",\"position\":1,\"name\":\"Inici\",\"item\":\"https:\\\/\\\/mont-roig.cat\\\/es\\\/pagina-de-inicio\\\/\"},{\"@type\":\"ListItem\",\"position\":2,\"name\":\"Las bibliotecas municipales incorporan novedades en las medidas contra el coronavirus\"}]},{\"@type\":\"WebSite\",\"@id\":\"https:\\\/\\\/mont-roig.cat\\\/es\\\/#website\",\"url\":\"https:\\\/\\\/mont-roig.cat\\\/es\\\/\",\"name\":\"Ajuntament de Mont-roig del Camp\",\"description\":\"Tota la informaci\u00f3 sobre la instituci\u00f3, els seus \u00f2rgans de govern, actualitat, serveis i molt m\u00e9s.\",\"potentialAction\":[{\"@type\":\"SearchAction\",\"target\":{\"@type\":\"EntryPoint\",\"urlTemplate\":\"https:\\\/\\\/mont-roig.cat\\\/es\\\/?s={search_term_string}\"},\"query-input\":{\"@type\":\"PropertyValueSpecification\",\"valueRequired\":true,\"valueName\":\"search_term_string\"}}],\"inLanguage\":\"es\"},{\"@type\":\"Person\",\"@id\":\"https:\\\/\\\/mont-roig.cat\\\/es\\\/#\\\/schema\\\/person\\\/f2b111789f22b7d0c3bd6786c9128cba\",\"name\":\"administrador\",\"image\":{\"@type\":\"ImageObject\",\"inLanguage\":\"es\",\"@id\":\"https:\\\/\\\/secure.gravatar.com\\\/avatar\\\/9137aac6891e2595c9d3036fd83bcb653b4db3c946db4c7d9b9be193c3c944bb?s=96&d=mm&r=g\",\"url\":\"https:\\\/\\\/secure.gravatar.com\\\/avatar\\\/9137aac6891e2595c9d3036fd83bcb653b4db3c946db4c7d9b9be193c3c944bb?s=96&d=mm&r=g\",\"contentUrl\":\"https:\\\/\\\/secure.gravatar.com\\\/avatar\\\/9137aac6891e2595c9d3036fd83bcb653b4db3c946db4c7d9b9be193c3c944bb?s=96&d=mm&r=g\",\"caption\":\"administrador\"},\"url\":\"https:\\\/\\\/mont-roig.cat\\\/es\\\/actualitat\\\/noticies\\\/author\\\/administrador\\\/\"}]}<\/script>\n<!-- \/ Yoast SEO plugin. -->","yoast_head_json":{"title":"Las bibliotecas municipales incorporan novedades en las medidas contra el coronavirus - Ajuntament de Mont-roig del Camp","robots":{"index":"index","follow":"follow","max-snippet":"max-snippet:-1","max-image-preview":"max-image-preview:large","max-video-preview":"max-video-preview:-1"},"canonical":"https:\/\/mont-roig.cat\/es\/actualitat\/noticies\/las-bibliotecas-municipales-incorporan-novedades-en-las-medidas-contra-el-coronavirus\/","og_locale":"es_ES","og_type":"article","og_title":"Las bibliotecas municipales incorporan novedades en las medidas contra el coronavirus - Ajuntament de Mont-roig del Camp","og_description":"Las bibliotecas Joan Mir\u00f3 y Miramar incorporar\u00e1n novedades en las medidas de funcionamiento implantadas ante el coronavirus a partir del 14 de septiembre, fecha en que, adem\u00e1s, inician el horario de invierno. Por lo tanto, permanecer\u00e1n abiertas de lunes a viernes de las 15 h a las 20 h y los jueves de las 9 [&hellip;]","og_url":"https:\/\/mont-roig.cat\/es\/actualitat\/noticies\/las-bibliotecas-municipales-incorporan-novedades-en-las-medidas-contra-el-coronavirus\/","og_site_name":"Ajuntament de Mont-roig del Camp","article_published_time":"2020-09-09T09:56:47+00:00","article_modified_time":"2020-09-09T10:16:55+00:00","og_image":[{"width":1080,"height":1080,"url":"https:\/\/mont-roig.cat\/wp-content\/uploads\/Biblioteques_setembre_.jpg","type":"image\/jpeg"}],"author":"administrador","twitter_card":"summary_large_image","twitter_misc":{"Escrito por":"administrador","Tiempo de lectura":"1 minuto"},"schema":{"@context":"https:\/\/schema.org","@graph":[{"@type":"Article","@id":"https:\/\/mont-roig.cat\/es\/actualitat\/noticies\/las-bibliotecas-municipales-incorporan-novedades-en-las-medidas-contra-el-coronavirus\/#article","isPartOf":{"@id":"https:\/\/mont-roig.cat\/es\/actualitat\/noticies\/las-bibliotecas-municipales-incorporan-novedades-en-las-medidas-contra-el-coronavirus\/"},"author":{"name":"administrador","@id":"https:\/\/mont-roig.cat\/es\/#\/schema\/person\/f2b111789f22b7d0c3bd6786c9128cba"},"headline":"Las bibliotecas municipales incorporan novedades en las medidas contra el coronavirus","datePublished":"2020-09-09T09:56:47+00:00","dateModified":"2020-09-09T10:16:55+00:00","mainEntityOfPage":{"@id":"https:\/\/mont-roig.cat\/es\/actualitat\/noticies\/las-bibliotecas-municipales-incorporan-novedades-en-las-medidas-contra-el-coronavirus\/"},"wordCount":261,"image":{"@id":"https:\/\/mont-roig.cat\/es\/actualitat\/noticies\/las-bibliotecas-municipales-incorporan-novedades-en-las-medidas-contra-el-coronavirus\/#primaryimage"},"thumbnailUrl":"https:\/\/mont-roig.cat\/wp-content\/uploads\/Biblioteques_setembre_.jpg","articleSection":["Coronavirus","Coronavirus &#8211; fases i desescalada","Cultura"],"inLanguage":"es"},{"@type":"WebPage","@id":"https:\/\/mont-roig.cat\/es\/actualitat\/noticies\/las-bibliotecas-municipales-incorporan-novedades-en-las-medidas-contra-el-coronavirus\/","url":"https:\/\/mont-roig.cat\/es\/actualitat\/noticies\/las-bibliotecas-municipales-incorporan-novedades-en-las-medidas-contra-el-coronavirus\/","name":"Las bibliotecas municipales incorporan novedades en las medidas contra el coronavirus - Ajuntament de Mont-roig del Camp","isPartOf":{"@id":"https:\/\/mont-roig.cat\/es\/#website"},"primaryImageOfPage":{"@id":"https:\/\/mont-roig.cat\/es\/actualitat\/noticies\/las-bibliotecas-municipales-incorporan-novedades-en-las-medidas-contra-el-coronavirus\/#primaryimage"},"image":{"@id":"https:\/\/mont-roig.cat\/es\/actualitat\/noticies\/las-bibliotecas-municipales-incorporan-novedades-en-las-medidas-contra-el-coronavirus\/#primaryimage"},"thumbnailUrl":"https:\/\/mont-roig.cat\/wp-content\/uploads\/Biblioteques_setembre_.jpg","datePublished":"2020-09-09T09:56:47+00:00","dateModified":"2020-09-09T10:16:55+00:00","author":{"@id":"https:\/\/mont-roig.cat\/es\/#\/schema\/person\/f2b111789f22b7d0c3bd6786c9128cba"},"breadcrumb":{"@id":"https:\/\/mont-roig.cat\/es\/actualitat\/noticies\/las-bibliotecas-municipales-incorporan-novedades-en-las-medidas-contra-el-coronavirus\/#breadcrumb"},"inLanguage":"es","potentialAction":[{"@type":"ReadAction","target":["https:\/\/mont-roig.cat\/es\/actualitat\/noticies\/las-bibliotecas-municipales-incorporan-novedades-en-las-medidas-contra-el-coronavirus\/"]}]},{"@type":"ImageObject","inLanguage":"es","@id":"https:\/\/mont-roig.cat\/es\/actualitat\/noticies\/las-bibliotecas-municipales-incorporan-novedades-en-las-medidas-contra-el-coronavirus\/#primaryimage","url":"https:\/\/mont-roig.cat\/wp-content\/uploads\/Biblioteques_setembre_.jpg","contentUrl":"https:\/\/mont-roig.cat\/wp-content\/uploads\/Biblioteques_setembre_.jpg","width":1080,"height":1080},{"@type":"BreadcrumbList","@id":"https:\/\/mont-roig.cat\/es\/actualitat\/noticies\/las-bibliotecas-municipales-incorporan-novedades-en-las-medidas-contra-el-coronavirus\/#breadcrumb","itemListElement":[{"@type":"ListItem","position":1,"name":"Inici","item":"https:\/\/mont-roig.cat\/es\/pagina-de-inicio\/"},{"@type":"ListItem","position":2,"name":"Las bibliotecas municipales incorporan novedades en las medidas contra el coronavirus"}]},{"@type":"WebSite","@id":"https:\/\/mont-roig.cat\/es\/#website","url":"https:\/\/mont-roig.cat\/es\/","name":"Ajuntament de Mont-roig del Camp","description":"Tota la informaci\u00f3 sobre la instituci\u00f3, els seus \u00f2rgans de govern, actualitat, serveis i molt m\u00e9s.","potentialAction":[{"@type":"SearchAction","target":{"@type":"EntryPoint","urlTemplate":"https:\/\/mont-roig.cat\/es\/?s={search_term_string}"},"query-input":{"@type":"PropertyValueSpecification","valueRequired":true,"valueName":"search_term_string"}}],"inLanguage":"es"},{"@type":"Person","@id":"https:\/\/mont-roig.cat\/es\/#\/schema\/person\/f2b111789f22b7d0c3bd6786c9128cba","name":"administrador","image":{"@type":"ImageObject","inLanguage":"es","@id":"https:\/\/secure.gravatar.com\/avatar\/9137aac6891e2595c9d3036fd83bcb653b4db3c946db4c7d9b9be193c3c944bb?s=96&d=mm&r=g","url":"https:\/\/secure.gravatar.com\/avatar\/9137aac6891e2595c9d3036fd83bcb653b4db3c946db4c7d9b9be193c3c944bb?s=96&d=mm&r=g","contentUrl":"https:\/\/secure.gravatar.com\/avatar\/9137aac6891e2595c9d3036fd83bcb653b4db3c946db4c7d9b9be193c3c944bb?s=96&d=mm&r=g","caption":"administrador"},"url":"https:\/\/mont-roig.cat\/es\/actualitat\/noticies\/author\/administrador\/"}]}},"_links":{"self":[{"href":"https:\/\/mont-roig.cat\/es\/wp-json\/wp\/v2\/posts\/51342","targetHints":{"allow":["GET"]}}],"collection":[{"href":"https:\/\/mont-roig.cat\/es\/wp-json\/wp\/v2\/posts"}],"about":[{"href":"https:\/\/mont-roig.cat\/es\/wp-json\/wp\/v2\/types\/post"}],"author":[{"embeddable":true,"href":"https:\/\/mont-roig.cat\/es\/wp-json\/wp\/v2\/users\/4"}],"replies":[{"embeddable":true,"href":"https:\/\/mont-roig.cat\/es\/wp-json\/wp\/v2\/comments?post=51342"}],"version-history":[{"count":6,"href":"https:\/\/mont-roig.cat\/es\/wp-json\/wp\/v2\/posts\/51342\/revisions"}],"predecessor-version":[{"id":51350,"href":"https:\/\/mont-roig.cat\/es\/wp-json\/wp\/v2\/posts\/51342\/revisions\/51350"}],"wp:featuredmedia":[{"embeddable":true,"href":"https:\/\/mont-roig.cat\/es\/wp-json\/wp\/v2\/media\/51336"}],"wp:attachment":[{"href":"https:\/\/mont-roig.cat\/es\/wp-json\/wp\/v2\/media?parent=51342"}],"wp:term":[{"taxonomy":"category","embeddable":true,"href":"https:\/\/mont-roig.cat\/es\/wp-json\/wp\/v2\/categories?post=51342"},{"taxonomy":"post_tag","embeddable":true,"href":"https:\/\/mont-roig.cat\/es\/wp-json\/wp\/v2\/tags?post=51342"}],"curies":[{"name":"wp","href":"https:\/\/api.w.org\/{rel}","templated":true}]}}