{"id":51415,"date":"2020-09-16T10:17:42","date_gmt":"2020-09-16T08:17:42","guid":{"rendered":"https:\/\/mont-roig.cat\/?p=51415"},"modified":"2020-09-16T10:17:42","modified_gmt":"2020-09-16T08:17:42","slug":"los-establecimientos-comerciales-pueden-solicitar-la-devolucion-de-la-parte-proporcional-del-recibo-de-la-basura-correspondiente-a-los-dias-de-cierre-por-el-estado-de-alarma","status":"publish","type":"post","link":"https:\/\/mont-roig.cat\/es\/actualitat\/noticies\/los-establecimientos-comerciales-pueden-solicitar-la-devolucion-de-la-parte-proporcional-del-recibo-de-la-basura-correspondiente-a-los-dias-de-cierre-por-el-estado-de-alarma\/","title":{"rendered":"Los establecimientos comerciales pueden solicitar la devoluci\u00f3n de la parte proporcional del recibo de la basura correspondiente a los d\u00edas de cierre por el estado de alarma"},"content":{"rendered":"<ul>\n<li><strong>Se trata de un tr\u00e1mite sencillo que se puede hacer a trav\u00e9s de la sede electr\u00f3nica<\/strong><\/li>\n<li><strong>La propuesta da cumplimiento a uno de los puntos del Pacto de municipio para la reconstrucci\u00f3n social y econ\u00f3mica<\/strong><\/li>\n<\/ul>\n<p><img loading=\"lazy\" decoding=\"async\" class=\"alignright wp-image-47432\" src=\"https:\/\/mont-roig.cat\/wp-content\/uploads\/Aj_Mo-dos-colors-2-500x354.png\" alt=\"\" width=\"300\" height=\"213\" srcset=\"https:\/\/mont-roig.cat\/wp-content\/uploads\/Aj_Mo-dos-colors-2-500x354.png 500w, https:\/\/mont-roig.cat\/wp-content\/uploads\/Aj_Mo-dos-colors-2-1024x725.png 1024w, https:\/\/mont-roig.cat\/wp-content\/uploads\/Aj_Mo-dos-colors-2-768x544.png 768w, https:\/\/mont-roig.cat\/wp-content\/uploads\/Aj_Mo-dos-colors-2-1536x1088.png 1536w, https:\/\/mont-roig.cat\/wp-content\/uploads\/Aj_Mo-dos-colors-2.png 1890w\" sizes=\"auto, (max-width: 300px) 100vw, 300px\" \/>El Ayuntamiento de Mont-roig del Camp informa que los establecimientos comerciales del municipio que han pagado el recibo de la basura, ya pueden hacer la solicitud para obtener la devoluci\u00f3n de la parte proporcional correspondiente a los d\u00edas que estuvieron cerrados por imperativo legal a causa del estado de alarma.<\/p>\n<p>A pesar de que el consistorio ha estudiado f\u00f3rmulas para evitar este tr\u00e1mite, por una cuesti\u00f3n normativa y seg\u00fan legislaci\u00f3n vigente, se requiere que los establecimientos hagan una solicitud rogada y expresa una vez se haya abonado el importe del recibo.<\/p>\n<p>Aun as\u00ed, para facilitar la tramitaci\u00f3n y simplificar el procedimiento, se ha habilitado en la Sede electr\u00f3nica un tr\u00e1mite espec\u00edfico que se puede hacer de forma f\u00e1cil y sencilla.<\/p>\n<ul>\n<li><a href=\"https:\/\/mont-roig.eadministracio.cat\/catalog\/t\/9e5d75d8-0f2d-41ae-992d-f136578c1b18\" target=\"_blank\" rel=\"noopener noreferrer\"><strong>Enlace para acceder al tr\u00e1mite de solicitud rogada<\/strong><\/a><\/li>\n<\/ul>\n<p>En caso de necesitar cualquier clase de apoyo en la tramitaci\u00f3n o resolver cualquier duda, los establecimientos comerciales se pueden poner en contacto con el departamento de Impulso Econ\u00f3mico por tel\u00e9fono 977 17 25 27 o bien por correo electr\u00f3nico <a href=\"mailto:promocio@mont-roig.cat\">promocio@mont-roig.cat<\/a>.<\/p>\n<p>Una vez recibida la solicitud rogada, el Ayuntamiento resolver\u00e1 la petici\u00f3n en los casos que tengan derecho.<\/p>\n<p>Con este nuevo tr\u00e1mite se da cumplimiento en su punto n\u00famero 34 del <a href=\"https:\/\/mont-roig.cat\/wp-content\/uploads\/Pacte-Municipi-reconstruccio.pdf?fbclid=IwAR3x-tVAIEBvftIwTF9yF83tynimUH4idPPOrBvu9Qw9NRM0-3v8N3A8nU4\" target=\"_blank\" rel=\"noopener noreferrer\">Plan de choque<\/a> para la reconstrucci\u00f3n social y econ\u00f3mica del municipio.<\/p>\n","protected":false},"excerpt":{"rendered":"<p>Se trata de un tr\u00e1mite sencillo que se puede hacer a trav\u00e9s de la sede electr\u00f3nica La propuesta da cumplimiento a uno de los puntos del Pacto de municipio para la reconstrucci\u00f3n social y econ\u00f3mica El Ayuntamiento de Mont-roig del Camp informa que los establecimientos comerciales del municipio que han pagado el recibo de la [&hellip;]<\/p>\n","protected":false},"author":4,"featured_media":47167,"comment_status":"closed","ping_status":"closed","sticky":false,"template":"","format":"standard","meta":{"inline_featured_image":false,"_monsterinsights_skip_tracking":false,"_monsterinsights_sitenote_active":false,"_monsterinsights_sitenote_note":"","_monsterinsights_sitenote_category":0,"footnotes":""},"categories":[98,187],"tags":[],"class_list":["post-51415","post","type-post","status-publish","format-standard","has-post-thumbnail","hentry","category-ayuntamiento","category-coronavirus-economicas"],"yoast_head":"<!-- This site is optimized with the Yoast SEO plugin v27.4 - https:\/\/yoast.com\/product\/yoast-seo-wordpress\/ -->\n<title>Los establecimientos comerciales pueden solicitar la devoluci\u00f3n de la parte proporcional del recibo de la basura correspondiente a los d\u00edas de cierre por el estado de alarma - Ajuntament de Mont-roig del Camp<\/title>\n<meta name=\"robots\" content=\"index, follow, max-snippet:-1, max-image-preview:large, max-video-preview:-1\" \/>\n<link rel=\"canonical\" href=\"https:\/\/mont-roig.cat\/es\/actualitat\/noticies\/los-establecimientos-comerciales-pueden-solicitar-la-devolucion-de-la-parte-proporcional-del-recibo-de-la-basura-correspondiente-a-los-dias-de-cierre-por-el-estado-de-alarma\/\" \/>\n<meta property=\"og:locale\" content=\"es_ES\" \/>\n<meta property=\"og:type\" content=\"article\" \/>\n<meta property=\"og:title\" content=\"Los establecimientos comerciales pueden solicitar la devoluci\u00f3n de la parte proporcional del recibo de la basura correspondiente a los d\u00edas de cierre por el estado de alarma - Ajuntament de Mont-roig del Camp\" \/>\n<meta property=\"og:description\" content=\"Se trata de un tr\u00e1mite sencillo que se puede hacer a trav\u00e9s de la sede electr\u00f3nica La propuesta da cumplimiento a uno de los puntos del Pacto de municipio para la reconstrucci\u00f3n social y econ\u00f3mica El Ayuntamiento de Mont-roig del Camp informa que los establecimientos comerciales del municipio que han pagado el recibo de la [&hellip;]\" \/>\n<meta property=\"og:url\" content=\"https:\/\/mont-roig.cat\/es\/actualitat\/noticies\/los-establecimientos-comerciales-pueden-solicitar-la-devolucion-de-la-parte-proporcional-del-recibo-de-la-basura-correspondiente-a-los-dias-de-cierre-por-el-estado-de-alarma\/\" \/>\n<meta property=\"og:site_name\" content=\"Ajuntament de Mont-roig del Camp\" \/>\n<meta property=\"article:published_time\" content=\"2020-09-16T08:17:42+00:00\" \/>\n<meta property=\"og:image\" content=\"https:\/\/mont-roig.cat\/wp-content\/uploads\/Aj_Mo-dos-colors-1.png\" \/>\n\t<meta property=\"og:image:width\" content=\"1890\" \/>\n\t<meta property=\"og:image:height\" content=\"1339\" \/>\n\t<meta property=\"og:image:type\" content=\"image\/png\" \/>\n<meta name=\"author\" content=\"administrador\" \/>\n<meta name=\"twitter:card\" content=\"summary_large_image\" \/>\n<meta name=\"twitter:label1\" content=\"Escrito por\" \/>\n\t<meta name=\"twitter:data1\" content=\"administrador\" \/>\n\t<meta name=\"twitter:label2\" content=\"Tiempo de lectura\" \/>\n\t<meta name=\"twitter:data2\" content=\"1 minuto\" \/>\n<script type=\"application\/ld+json\" class=\"yoast-schema-graph\">{\"@context\":\"https:\\\/\\\/schema.org\",\"@graph\":[{\"@type\":\"Article\",\"@id\":\"https:\\\/\\\/mont-roig.cat\\\/es\\\/actualitat\\\/noticies\\\/los-establecimientos-comerciales-pueden-solicitar-la-devolucion-de-la-parte-proporcional-del-recibo-de-la-basura-correspondiente-a-los-dias-de-cierre-por-el-estado-de-alarma\\\/#article\",\"isPartOf\":{\"@id\":\"https:\\\/\\\/mont-roig.cat\\\/es\\\/actualitat\\\/noticies\\\/los-establecimientos-comerciales-pueden-solicitar-la-devolucion-de-la-parte-proporcional-del-recibo-de-la-basura-correspondiente-a-los-dias-de-cierre-por-el-estado-de-alarma\\\/\"},\"author\":{\"name\":\"administrador\",\"@id\":\"https:\\\/\\\/mont-roig.cat\\\/es\\\/#\\\/schema\\\/person\\\/f2b111789f22b7d0c3bd6786c9128cba\"},\"headline\":\"Los establecimientos comerciales pueden solicitar la devoluci\u00f3n de la parte proporcional del recibo de la basura correspondiente a los d\u00edas de cierre por el estado de alarma\",\"datePublished\":\"2020-09-16T08:17:42+00:00\",\"mainEntityOfPage\":{\"@id\":\"https:\\\/\\\/mont-roig.cat\\\/es\\\/actualitat\\\/noticies\\\/los-establecimientos-comerciales-pueden-solicitar-la-devolucion-de-la-parte-proporcional-del-recibo-de-la-basura-correspondiente-a-los-dias-de-cierre-por-el-estado-de-alarma\\\/\"},\"wordCount\":298,\"image\":{\"@id\":\"https:\\\/\\\/mont-roig.cat\\\/es\\\/actualitat\\\/noticies\\\/los-establecimientos-comerciales-pueden-solicitar-la-devolucion-de-la-parte-proporcional-del-recibo-de-la-basura-correspondiente-a-los-dias-de-cierre-por-el-estado-de-alarma\\\/#primaryimage\"},\"thumbnailUrl\":\"https:\\\/\\\/mont-roig.cat\\\/wp-content\\\/uploads\\\/Aj_Mo-dos-colors-1.png\",\"articleSection\":[\"Ayuntamiento\",\"Coronavirus - medidas econ\u00f3micas\"],\"inLanguage\":\"es\"},{\"@type\":\"WebPage\",\"@id\":\"https:\\\/\\\/mont-roig.cat\\\/es\\\/actualitat\\\/noticies\\\/los-establecimientos-comerciales-pueden-solicitar-la-devolucion-de-la-parte-proporcional-del-recibo-de-la-basura-correspondiente-a-los-dias-de-cierre-por-el-estado-de-alarma\\\/\",\"url\":\"https:\\\/\\\/mont-roig.cat\\\/es\\\/actualitat\\\/noticies\\\/los-establecimientos-comerciales-pueden-solicitar-la-devolucion-de-la-parte-proporcional-del-recibo-de-la-basura-correspondiente-a-los-dias-de-cierre-por-el-estado-de-alarma\\\/\",\"name\":\"Los establecimientos comerciales pueden solicitar la devoluci\u00f3n de la parte proporcional del recibo de la basura correspondiente a los d\u00edas de cierre por el estado de alarma - Ajuntament de Mont-roig del Camp\",\"isPartOf\":{\"@id\":\"https:\\\/\\\/mont-roig.cat\\\/es\\\/#website\"},\"primaryImageOfPage\":{\"@id\":\"https:\\\/\\\/mont-roig.cat\\\/es\\\/actualitat\\\/noticies\\\/los-establecimientos-comerciales-pueden-solicitar-la-devolucion-de-la-parte-proporcional-del-recibo-de-la-basura-correspondiente-a-los-dias-de-cierre-por-el-estado-de-alarma\\\/#primaryimage\"},\"image\":{\"@id\":\"https:\\\/\\\/mont-roig.cat\\\/es\\\/actualitat\\\/noticies\\\/los-establecimientos-comerciales-pueden-solicitar-la-devolucion-de-la-parte-proporcional-del-recibo-de-la-basura-correspondiente-a-los-dias-de-cierre-por-el-estado-de-alarma\\\/#primaryimage\"},\"thumbnailUrl\":\"https:\\\/\\\/mont-roig.cat\\\/wp-content\\\/uploads\\\/Aj_Mo-dos-colors-1.png\",\"datePublished\":\"2020-09-16T08:17:42+00:00\",\"author\":{\"@id\":\"https:\\\/\\\/mont-roig.cat\\\/es\\\/#\\\/schema\\\/person\\\/f2b111789f22b7d0c3bd6786c9128cba\"},\"breadcrumb\":{\"@id\":\"https:\\\/\\\/mont-roig.cat\\\/es\\\/actualitat\\\/noticies\\\/los-establecimientos-comerciales-pueden-solicitar-la-devolucion-de-la-parte-proporcional-del-recibo-de-la-basura-correspondiente-a-los-dias-de-cierre-por-el-estado-de-alarma\\\/#breadcrumb\"},\"inLanguage\":\"es\",\"potentialAction\":[{\"@type\":\"ReadAction\",\"target\":[\"https:\\\/\\\/mont-roig.cat\\\/es\\\/actualitat\\\/noticies\\\/los-establecimientos-comerciales-pueden-solicitar-la-devolucion-de-la-parte-proporcional-del-recibo-de-la-basura-correspondiente-a-los-dias-de-cierre-por-el-estado-de-alarma\\\/\"]}]},{\"@type\":\"ImageObject\",\"inLanguage\":\"es\",\"@id\":\"https:\\\/\\\/mont-roig.cat\\\/es\\\/actualitat\\\/noticies\\\/los-establecimientos-comerciales-pueden-solicitar-la-devolucion-de-la-parte-proporcional-del-recibo-de-la-basura-correspondiente-a-los-dias-de-cierre-por-el-estado-de-alarma\\\/#primaryimage\",\"url\":\"https:\\\/\\\/mont-roig.cat\\\/wp-content\\\/uploads\\\/Aj_Mo-dos-colors-1.png\",\"contentUrl\":\"https:\\\/\\\/mont-roig.cat\\\/wp-content\\\/uploads\\\/Aj_Mo-dos-colors-1.png\",\"width\":1890,\"height\":1339},{\"@type\":\"BreadcrumbList\",\"@id\":\"https:\\\/\\\/mont-roig.cat\\\/es\\\/actualitat\\\/noticies\\\/los-establecimientos-comerciales-pueden-solicitar-la-devolucion-de-la-parte-proporcional-del-recibo-de-la-basura-correspondiente-a-los-dias-de-cierre-por-el-estado-de-alarma\\\/#breadcrumb\",\"itemListElement\":[{\"@type\":\"ListItem\",\"position\":1,\"name\":\"Inici\",\"item\":\"https:\\\/\\\/mont-roig.cat\\\/es\\\/pagina-de-inicio\\\/\"},{\"@type\":\"ListItem\",\"position\":2,\"name\":\"Los establecimientos comerciales pueden solicitar la devoluci\u00f3n de la parte proporcional del recibo de la basura correspondiente a los d\u00edas de cierre por el estado de alarma\"}]},{\"@type\":\"WebSite\",\"@id\":\"https:\\\/\\\/mont-roig.cat\\\/es\\\/#website\",\"url\":\"https:\\\/\\\/mont-roig.cat\\\/es\\\/\",\"name\":\"Ajuntament de Mont-roig del Camp\",\"description\":\"Tota la informaci\u00f3 sobre la instituci\u00f3, els seus \u00f2rgans de govern, actualitat, serveis i molt m\u00e9s.\",\"potentialAction\":[{\"@type\":\"SearchAction\",\"target\":{\"@type\":\"EntryPoint\",\"urlTemplate\":\"https:\\\/\\\/mont-roig.cat\\\/es\\\/?s={search_term_string}\"},\"query-input\":{\"@type\":\"PropertyValueSpecification\",\"valueRequired\":true,\"valueName\":\"search_term_string\"}}],\"inLanguage\":\"es\"},{\"@type\":\"Person\",\"@id\":\"https:\\\/\\\/mont-roig.cat\\\/es\\\/#\\\/schema\\\/person\\\/f2b111789f22b7d0c3bd6786c9128cba\",\"name\":\"administrador\",\"image\":{\"@type\":\"ImageObject\",\"inLanguage\":\"es\",\"@id\":\"https:\\\/\\\/secure.gravatar.com\\\/avatar\\\/9137aac6891e2595c9d3036fd83bcb653b4db3c946db4c7d9b9be193c3c944bb?s=96&d=mm&r=g\",\"url\":\"https:\\\/\\\/secure.gravatar.com\\\/avatar\\\/9137aac6891e2595c9d3036fd83bcb653b4db3c946db4c7d9b9be193c3c944bb?s=96&d=mm&r=g\",\"contentUrl\":\"https:\\\/\\\/secure.gravatar.com\\\/avatar\\\/9137aac6891e2595c9d3036fd83bcb653b4db3c946db4c7d9b9be193c3c944bb?s=96&d=mm&r=g\",\"caption\":\"administrador\"},\"url\":\"https:\\\/\\\/mont-roig.cat\\\/es\\\/actualitat\\\/noticies\\\/author\\\/administrador\\\/\"}]}<\/script>\n<!-- \/ Yoast SEO plugin. -->","yoast_head_json":{"title":"Los establecimientos comerciales pueden solicitar la devoluci\u00f3n de la parte proporcional del recibo de la basura correspondiente a los d\u00edas de cierre por el estado de alarma - Ajuntament de Mont-roig del Camp","robots":{"index":"index","follow":"follow","max-snippet":"max-snippet:-1","max-image-preview":"max-image-preview:large","max-video-preview":"max-video-preview:-1"},"canonical":"https:\/\/mont-roig.cat\/es\/actualitat\/noticies\/los-establecimientos-comerciales-pueden-solicitar-la-devolucion-de-la-parte-proporcional-del-recibo-de-la-basura-correspondiente-a-los-dias-de-cierre-por-el-estado-de-alarma\/","og_locale":"es_ES","og_type":"article","og_title":"Los establecimientos comerciales pueden solicitar la devoluci\u00f3n de la parte proporcional del recibo de la basura correspondiente a los d\u00edas de cierre por el estado de alarma - Ajuntament de Mont-roig del Camp","og_description":"Se trata de un tr\u00e1mite sencillo que se puede hacer a trav\u00e9s de la sede electr\u00f3nica La propuesta da cumplimiento a uno de los puntos del Pacto de municipio para la reconstrucci\u00f3n social y econ\u00f3mica El Ayuntamiento de Mont-roig del Camp informa que los establecimientos comerciales del municipio que han pagado el recibo de la [&hellip;]","og_url":"https:\/\/mont-roig.cat\/es\/actualitat\/noticies\/los-establecimientos-comerciales-pueden-solicitar-la-devolucion-de-la-parte-proporcional-del-recibo-de-la-basura-correspondiente-a-los-dias-de-cierre-por-el-estado-de-alarma\/","og_site_name":"Ajuntament de Mont-roig del Camp","article_published_time":"2020-09-16T08:17:42+00:00","og_image":[{"width":1890,"height":1339,"url":"https:\/\/mont-roig.cat\/wp-content\/uploads\/Aj_Mo-dos-colors-1.png","type":"image\/png"}],"author":"administrador","twitter_card":"summary_large_image","twitter_misc":{"Escrito por":"administrador","Tiempo de lectura":"1 minuto"},"schema":{"@context":"https:\/\/schema.org","@graph":[{"@type":"Article","@id":"https:\/\/mont-roig.cat\/es\/actualitat\/noticies\/los-establecimientos-comerciales-pueden-solicitar-la-devolucion-de-la-parte-proporcional-del-recibo-de-la-basura-correspondiente-a-los-dias-de-cierre-por-el-estado-de-alarma\/#article","isPartOf":{"@id":"https:\/\/mont-roig.cat\/es\/actualitat\/noticies\/los-establecimientos-comerciales-pueden-solicitar-la-devolucion-de-la-parte-proporcional-del-recibo-de-la-basura-correspondiente-a-los-dias-de-cierre-por-el-estado-de-alarma\/"},"author":{"name":"administrador","@id":"https:\/\/mont-roig.cat\/es\/#\/schema\/person\/f2b111789f22b7d0c3bd6786c9128cba"},"headline":"Los establecimientos comerciales pueden solicitar la devoluci\u00f3n de la parte proporcional del recibo de la basura correspondiente a los d\u00edas de cierre por el estado de alarma","datePublished":"2020-09-16T08:17:42+00:00","mainEntityOfPage":{"@id":"https:\/\/mont-roig.cat\/es\/actualitat\/noticies\/los-establecimientos-comerciales-pueden-solicitar-la-devolucion-de-la-parte-proporcional-del-recibo-de-la-basura-correspondiente-a-los-dias-de-cierre-por-el-estado-de-alarma\/"},"wordCount":298,"image":{"@id":"https:\/\/mont-roig.cat\/es\/actualitat\/noticies\/los-establecimientos-comerciales-pueden-solicitar-la-devolucion-de-la-parte-proporcional-del-recibo-de-la-basura-correspondiente-a-los-dias-de-cierre-por-el-estado-de-alarma\/#primaryimage"},"thumbnailUrl":"https:\/\/mont-roig.cat\/wp-content\/uploads\/Aj_Mo-dos-colors-1.png","articleSection":["Ayuntamiento","Coronavirus - medidas econ\u00f3micas"],"inLanguage":"es"},{"@type":"WebPage","@id":"https:\/\/mont-roig.cat\/es\/actualitat\/noticies\/los-establecimientos-comerciales-pueden-solicitar-la-devolucion-de-la-parte-proporcional-del-recibo-de-la-basura-correspondiente-a-los-dias-de-cierre-por-el-estado-de-alarma\/","url":"https:\/\/mont-roig.cat\/es\/actualitat\/noticies\/los-establecimientos-comerciales-pueden-solicitar-la-devolucion-de-la-parte-proporcional-del-recibo-de-la-basura-correspondiente-a-los-dias-de-cierre-por-el-estado-de-alarma\/","name":"Los establecimientos comerciales pueden solicitar la devoluci\u00f3n de la parte proporcional del recibo de la basura correspondiente a los d\u00edas de cierre por el estado de alarma - Ajuntament de Mont-roig del Camp","isPartOf":{"@id":"https:\/\/mont-roig.cat\/es\/#website"},"primaryImageOfPage":{"@id":"https:\/\/mont-roig.cat\/es\/actualitat\/noticies\/los-establecimientos-comerciales-pueden-solicitar-la-devolucion-de-la-parte-proporcional-del-recibo-de-la-basura-correspondiente-a-los-dias-de-cierre-por-el-estado-de-alarma\/#primaryimage"},"image":{"@id":"https:\/\/mont-roig.cat\/es\/actualitat\/noticies\/los-establecimientos-comerciales-pueden-solicitar-la-devolucion-de-la-parte-proporcional-del-recibo-de-la-basura-correspondiente-a-los-dias-de-cierre-por-el-estado-de-alarma\/#primaryimage"},"thumbnailUrl":"https:\/\/mont-roig.cat\/wp-content\/uploads\/Aj_Mo-dos-colors-1.png","datePublished":"2020-09-16T08:17:42+00:00","author":{"@id":"https:\/\/mont-roig.cat\/es\/#\/schema\/person\/f2b111789f22b7d0c3bd6786c9128cba"},"breadcrumb":{"@id":"https:\/\/mont-roig.cat\/es\/actualitat\/noticies\/los-establecimientos-comerciales-pueden-solicitar-la-devolucion-de-la-parte-proporcional-del-recibo-de-la-basura-correspondiente-a-los-dias-de-cierre-por-el-estado-de-alarma\/#breadcrumb"},"inLanguage":"es","potentialAction":[{"@type":"ReadAction","target":["https:\/\/mont-roig.cat\/es\/actualitat\/noticies\/los-establecimientos-comerciales-pueden-solicitar-la-devolucion-de-la-parte-proporcional-del-recibo-de-la-basura-correspondiente-a-los-dias-de-cierre-por-el-estado-de-alarma\/"]}]},{"@type":"ImageObject","inLanguage":"es","@id":"https:\/\/mont-roig.cat\/es\/actualitat\/noticies\/los-establecimientos-comerciales-pueden-solicitar-la-devolucion-de-la-parte-proporcional-del-recibo-de-la-basura-correspondiente-a-los-dias-de-cierre-por-el-estado-de-alarma\/#primaryimage","url":"https:\/\/mont-roig.cat\/wp-content\/uploads\/Aj_Mo-dos-colors-1.png","contentUrl":"https:\/\/mont-roig.cat\/wp-content\/uploads\/Aj_Mo-dos-colors-1.png","width":1890,"height":1339},{"@type":"BreadcrumbList","@id":"https:\/\/mont-roig.cat\/es\/actualitat\/noticies\/los-establecimientos-comerciales-pueden-solicitar-la-devolucion-de-la-parte-proporcional-del-recibo-de-la-basura-correspondiente-a-los-dias-de-cierre-por-el-estado-de-alarma\/#breadcrumb","itemListElement":[{"@type":"ListItem","position":1,"name":"Inici","item":"https:\/\/mont-roig.cat\/es\/pagina-de-inicio\/"},{"@type":"ListItem","position":2,"name":"Los establecimientos comerciales pueden solicitar la devoluci\u00f3n de la parte proporcional del recibo de la basura correspondiente a los d\u00edas de cierre por el estado de alarma"}]},{"@type":"WebSite","@id":"https:\/\/mont-roig.cat\/es\/#website","url":"https:\/\/mont-roig.cat\/es\/","name":"Ajuntament de Mont-roig del Camp","description":"Tota la informaci\u00f3 sobre la instituci\u00f3, els seus \u00f2rgans de govern, actualitat, serveis i molt m\u00e9s.","potentialAction":[{"@type":"SearchAction","target":{"@type":"EntryPoint","urlTemplate":"https:\/\/mont-roig.cat\/es\/?s={search_term_string}"},"query-input":{"@type":"PropertyValueSpecification","valueRequired":true,"valueName":"search_term_string"}}],"inLanguage":"es"},{"@type":"Person","@id":"https:\/\/mont-roig.cat\/es\/#\/schema\/person\/f2b111789f22b7d0c3bd6786c9128cba","name":"administrador","image":{"@type":"ImageObject","inLanguage":"es","@id":"https:\/\/secure.gravatar.com\/avatar\/9137aac6891e2595c9d3036fd83bcb653b4db3c946db4c7d9b9be193c3c944bb?s=96&d=mm&r=g","url":"https:\/\/secure.gravatar.com\/avatar\/9137aac6891e2595c9d3036fd83bcb653b4db3c946db4c7d9b9be193c3c944bb?s=96&d=mm&r=g","contentUrl":"https:\/\/secure.gravatar.com\/avatar\/9137aac6891e2595c9d3036fd83bcb653b4db3c946db4c7d9b9be193c3c944bb?s=96&d=mm&r=g","caption":"administrador"},"url":"https:\/\/mont-roig.cat\/es\/actualitat\/noticies\/author\/administrador\/"}]}},"_links":{"self":[{"href":"https:\/\/mont-roig.cat\/es\/wp-json\/wp\/v2\/posts\/51415","targetHints":{"allow":["GET"]}}],"collection":[{"href":"https:\/\/mont-roig.cat\/es\/wp-json\/wp\/v2\/posts"}],"about":[{"href":"https:\/\/mont-roig.cat\/es\/wp-json\/wp\/v2\/types\/post"}],"author":[{"embeddable":true,"href":"https:\/\/mont-roig.cat\/es\/wp-json\/wp\/v2\/users\/4"}],"replies":[{"embeddable":true,"href":"https:\/\/mont-roig.cat\/es\/wp-json\/wp\/v2\/comments?post=51415"}],"version-history":[{"count":2,"href":"https:\/\/mont-roig.cat\/es\/wp-json\/wp\/v2\/posts\/51415\/revisions"}],"predecessor-version":[{"id":51417,"href":"https:\/\/mont-roig.cat\/es\/wp-json\/wp\/v2\/posts\/51415\/revisions\/51417"}],"wp:featuredmedia":[{"embeddable":true,"href":"https:\/\/mont-roig.cat\/es\/wp-json\/wp\/v2\/media\/47167"}],"wp:attachment":[{"href":"https:\/\/mont-roig.cat\/es\/wp-json\/wp\/v2\/media?parent=51415"}],"wp:term":[{"taxonomy":"category","embeddable":true,"href":"https:\/\/mont-roig.cat\/es\/wp-json\/wp\/v2\/categories?post=51415"},{"taxonomy":"post_tag","embeddable":true,"href":"https:\/\/mont-roig.cat\/es\/wp-json\/wp\/v2\/tags?post=51415"}],"curies":[{"name":"wp","href":"https:\/\/api.w.org\/{rel}","templated":true}]}}