{"id":51488,"date":"2020-09-21T14:34:58","date_gmt":"2020-09-21T12:34:58","guid":{"rendered":"https:\/\/mont-roig.cat\/?p=51488"},"modified":"2020-09-21T14:34:58","modified_gmt":"2020-09-21T12:34:58","slug":"el-departamento-de-joventud-pone-en-marcha-la-actividad-directes-desconfinats","status":"publish","type":"post","link":"https:\/\/mont-roig.cat\/es\/actualitat\/noticies\/el-departamento-de-joventud-pone-en-marcha-la-actividad-directes-desconfinats\/","title":{"rendered":"El departamento de Joventud pone en marcha la actividad Directes DesConfinats"},"content":{"rendered":"<ul>\n<li><strong>Se trata de un espacio de entrevistas a trav\u00e9s de Instagram, con participaci\u00f3n abierta de los j\u00f3venes, en que personajes p\u00fablicos hablan de su profesi\u00f3n<\/strong><\/li>\n<li><strong>La propuesta, que tuvo mucho \u00e9xito en la edici\u00f3n puesta en marcha durante el confinamiento, arranca de nuevo este jueves 24 de septiembre<\/strong><\/li>\n<\/ul>\n<div id=\"attachment_51480\" style=\"width: 310px\" class=\"wp-caption alignright\"><a href=\"https:\/\/mont-roig.cat\/wp-content\/uploads\/Directes-Insta-Rebeka.jpeg\"><img loading=\"lazy\" decoding=\"async\" aria-describedby=\"caption-attachment-51480\" class=\"wp-image-51480\" src=\"https:\/\/mont-roig.cat\/wp-content\/uploads\/Directes-Insta-Rebeka-500x500.jpeg\" alt=\"\" width=\"300\" height=\"300\" srcset=\"https:\/\/mont-roig.cat\/wp-content\/uploads\/Directes-Insta-Rebeka-500x500.jpeg 500w, https:\/\/mont-roig.cat\/wp-content\/uploads\/Directes-Insta-Rebeka-1024x1024.jpeg 1024w, https:\/\/mont-roig.cat\/wp-content\/uploads\/Directes-Insta-Rebeka-50x50.jpeg 50w, https:\/\/mont-roig.cat\/wp-content\/uploads\/Directes-Insta-Rebeka-768x768.jpeg 768w, https:\/\/mont-roig.cat\/wp-content\/uploads\/Directes-Insta-Rebeka-560x560.jpeg 560w, https:\/\/mont-roig.cat\/wp-content\/uploads\/Directes-Insta-Rebeka-367x367.jpeg 367w, https:\/\/mont-roig.cat\/wp-content\/uploads\/Directes-Insta-Rebeka-450x450.jpeg 450w, https:\/\/mont-roig.cat\/wp-content\/uploads\/Directes-Insta-Rebeka-85x85.jpeg 85w, https:\/\/mont-roig.cat\/wp-content\/uploads\/Directes-Insta-Rebeka-45x45.jpeg 45w, https:\/\/mont-roig.cat\/wp-content\/uploads\/Directes-Insta-Rebeka.jpeg 1080w\" sizes=\"auto, (max-width: 300px) 100vw, 300px\" \/><\/a><p id=\"caption-attachment-51480\" class=\"wp-caption-text\">La cantante Rebeka Brown ser\u00e1 la encargada de abrir los Directos DesConfinados<\/p><\/div>\n<p>El departamento de Juventud del Ayuntamiento de Mont-roig del Camp pone en marcha esta semana la actividad Directos DesConfinados. Una nueva versi\u00f3n de la propuesta Directos Confinados, que se puso en marcha durante el Confinamiento a trav\u00e9s de Instagram y que tan buena acogida tuvo. Se trata de un espacio de conversaci\u00f3n con personajes p\u00fablicos que explican sus profesiones, los altibajos que han sufrido y que, adem\u00e1s, permite a los j\u00f3venes participar en directo realizando preguntas a los invitados\/das.<\/p>\n<p>Como consecuencia del buen recibimiento que tuvo este espacio, y de las varias peticiones que el departamento ha recibido para volverla a programar, se inicia de nuevo la propuesta pero con el nombre de Directos DesConfinados. As\u00ed pues este jueves, a partir de las 19 h en el canal de Instagram de juventud <strong>@casaljovek1ik2<\/strong>, los j\u00f3venes podr\u00e1n participar en la entrevista de la vocalista de m\u00fasica electr\u00f3nica Rebeka Brown, que ser\u00e1 la encargada de abrir esta nueva etapa. Todo el mundo que quiera hacerle alguna pregunta lo podr\u00e1 hacer envi\u00e1ndolas previamente a\u00a0<a href=\"mailto:joventut@mont-roig.cat\">joventut@mont-roig.cat<\/a>\u00a0, a trav\u00e9s de las redes de Juventud @casaljovek1ik2 o el mismo d\u00eda durante el directo por Instagram.<\/p>\n<p>Recordamos que en la primera edici\u00f3n, la propuesta cont\u00f3 con la participaci\u00f3n de personajes como la actriz Cristina Brondo, las periodistas Luj\u00e1n Arg\u00fcelles y Samanta Villar, la modelo Mireia Canalda, o el escritor Abel Arana, y donde se trataron temas como el machismo, la homofobia, el dinero y la fama entre otros. Entrevistas que se pueden recuperar en el perfil de Instagram de Juventud.<\/p>\n","protected":false},"excerpt":{"rendered":"<p>Se trata de un espacio de entrevistas a trav\u00e9s de Instagram, con participaci\u00f3n abierta de los j\u00f3venes, en que personajes p\u00fablicos hablan de su profesi\u00f3n La propuesta, que tuvo mucho \u00e9xito en la edici\u00f3n puesta en marcha durante el confinamiento, arranca de nuevo este jueves 24 de septiembre El departamento de Juventud del Ayuntamiento de [&hellip;]<\/p>\n","protected":false},"author":4,"featured_media":51480,"comment_status":"closed","ping_status":"closed","sticky":false,"template":"","format":"standard","meta":{"inline_featured_image":false,"_monsterinsights_skip_tracking":false,"_monsterinsights_sitenote_active":false,"_monsterinsights_sitenote_note":"","_monsterinsights_sitenote_category":0,"footnotes":""},"categories":[98,106],"tags":[],"class_list":["post-51488","post","type-post","status-publish","format-standard","has-post-thumbnail","hentry","category-ayuntamiento","category-juventud"],"yoast_head":"<!-- This site is optimized with the Yoast SEO plugin v27.4 - https:\/\/yoast.com\/product\/yoast-seo-wordpress\/ -->\n<title>El departamento de Joventud pone en marcha la actividad Directes DesConfinats - Ajuntament de Mont-roig del Camp<\/title>\n<meta name=\"robots\" content=\"index, follow, max-snippet:-1, max-image-preview:large, max-video-preview:-1\" \/>\n<link rel=\"canonical\" href=\"https:\/\/mont-roig.cat\/es\/actualitat\/noticies\/el-departamento-de-joventud-pone-en-marcha-la-actividad-directes-desconfinats\/\" \/>\n<meta property=\"og:locale\" content=\"es_ES\" \/>\n<meta property=\"og:type\" content=\"article\" \/>\n<meta property=\"og:title\" content=\"El departamento de Joventud pone en marcha la actividad Directes DesConfinats - Ajuntament de Mont-roig del Camp\" \/>\n<meta property=\"og:description\" content=\"Se trata de un espacio de entrevistas a trav\u00e9s de Instagram, con participaci\u00f3n abierta de los j\u00f3venes, en que personajes p\u00fablicos hablan de su profesi\u00f3n La propuesta, que tuvo mucho \u00e9xito en la edici\u00f3n puesta en marcha durante el confinamiento, arranca de nuevo este jueves 24 de septiembre El departamento de Juventud del Ayuntamiento de [&hellip;]\" \/>\n<meta property=\"og:url\" content=\"https:\/\/mont-roig.cat\/es\/actualitat\/noticies\/el-departamento-de-joventud-pone-en-marcha-la-actividad-directes-desconfinats\/\" \/>\n<meta property=\"og:site_name\" content=\"Ajuntament de Mont-roig del Camp\" \/>\n<meta property=\"article:published_time\" content=\"2020-09-21T12:34:58+00:00\" \/>\n<meta property=\"og:image\" content=\"https:\/\/mont-roig.cat\/wp-content\/uploads\/Directes-Insta-Rebeka.jpeg\" \/>\n\t<meta property=\"og:image:width\" content=\"1080\" \/>\n\t<meta property=\"og:image:height\" content=\"1080\" \/>\n\t<meta property=\"og:image:type\" content=\"image\/jpeg\" \/>\n<meta name=\"author\" content=\"administrador\" \/>\n<meta name=\"twitter:card\" content=\"summary_large_image\" \/>\n<meta name=\"twitter:label1\" content=\"Escrito por\" \/>\n\t<meta name=\"twitter:data1\" content=\"administrador\" \/>\n\t<meta name=\"twitter:label2\" content=\"Tiempo de lectura\" \/>\n\t<meta name=\"twitter:data2\" content=\"2 minutos\" \/>\n<script type=\"application\/ld+json\" class=\"yoast-schema-graph\">{\"@context\":\"https:\\\/\\\/schema.org\",\"@graph\":[{\"@type\":\"Article\",\"@id\":\"https:\\\/\\\/mont-roig.cat\\\/es\\\/actualitat\\\/noticies\\\/el-departamento-de-joventud-pone-en-marcha-la-actividad-directes-desconfinats\\\/#article\",\"isPartOf\":{\"@id\":\"https:\\\/\\\/mont-roig.cat\\\/es\\\/actualitat\\\/noticies\\\/el-departamento-de-joventud-pone-en-marcha-la-actividad-directes-desconfinats\\\/\"},\"author\":{\"name\":\"administrador\",\"@id\":\"https:\\\/\\\/mont-roig.cat\\\/es\\\/#\\\/schema\\\/person\\\/f2b111789f22b7d0c3bd6786c9128cba\"},\"headline\":\"El departamento de Joventud pone en marcha la actividad Directes DesConfinats\",\"datePublished\":\"2020-09-21T12:34:58+00:00\",\"mainEntityOfPage\":{\"@id\":\"https:\\\/\\\/mont-roig.cat\\\/es\\\/actualitat\\\/noticies\\\/el-departamento-de-joventud-pone-en-marcha-la-actividad-directes-desconfinats\\\/\"},\"wordCount\":357,\"image\":{\"@id\":\"https:\\\/\\\/mont-roig.cat\\\/es\\\/actualitat\\\/noticies\\\/el-departamento-de-joventud-pone-en-marcha-la-actividad-directes-desconfinats\\\/#primaryimage\"},\"thumbnailUrl\":\"https:\\\/\\\/mont-roig.cat\\\/wp-content\\\/uploads\\\/Directes-Insta-Rebeka.jpeg\",\"articleSection\":[\"Ayuntamiento\",\"Juventud\"],\"inLanguage\":\"es\"},{\"@type\":\"WebPage\",\"@id\":\"https:\\\/\\\/mont-roig.cat\\\/es\\\/actualitat\\\/noticies\\\/el-departamento-de-joventud-pone-en-marcha-la-actividad-directes-desconfinats\\\/\",\"url\":\"https:\\\/\\\/mont-roig.cat\\\/es\\\/actualitat\\\/noticies\\\/el-departamento-de-joventud-pone-en-marcha-la-actividad-directes-desconfinats\\\/\",\"name\":\"El departamento de Joventud pone en marcha la actividad Directes DesConfinats - Ajuntament de Mont-roig del Camp\",\"isPartOf\":{\"@id\":\"https:\\\/\\\/mont-roig.cat\\\/es\\\/#website\"},\"primaryImageOfPage\":{\"@id\":\"https:\\\/\\\/mont-roig.cat\\\/es\\\/actualitat\\\/noticies\\\/el-departamento-de-joventud-pone-en-marcha-la-actividad-directes-desconfinats\\\/#primaryimage\"},\"image\":{\"@id\":\"https:\\\/\\\/mont-roig.cat\\\/es\\\/actualitat\\\/noticies\\\/el-departamento-de-joventud-pone-en-marcha-la-actividad-directes-desconfinats\\\/#primaryimage\"},\"thumbnailUrl\":\"https:\\\/\\\/mont-roig.cat\\\/wp-content\\\/uploads\\\/Directes-Insta-Rebeka.jpeg\",\"datePublished\":\"2020-09-21T12:34:58+00:00\",\"author\":{\"@id\":\"https:\\\/\\\/mont-roig.cat\\\/es\\\/#\\\/schema\\\/person\\\/f2b111789f22b7d0c3bd6786c9128cba\"},\"breadcrumb\":{\"@id\":\"https:\\\/\\\/mont-roig.cat\\\/es\\\/actualitat\\\/noticies\\\/el-departamento-de-joventud-pone-en-marcha-la-actividad-directes-desconfinats\\\/#breadcrumb\"},\"inLanguage\":\"es\",\"potentialAction\":[{\"@type\":\"ReadAction\",\"target\":[\"https:\\\/\\\/mont-roig.cat\\\/es\\\/actualitat\\\/noticies\\\/el-departamento-de-joventud-pone-en-marcha-la-actividad-directes-desconfinats\\\/\"]}]},{\"@type\":\"ImageObject\",\"inLanguage\":\"es\",\"@id\":\"https:\\\/\\\/mont-roig.cat\\\/es\\\/actualitat\\\/noticies\\\/el-departamento-de-joventud-pone-en-marcha-la-actividad-directes-desconfinats\\\/#primaryimage\",\"url\":\"https:\\\/\\\/mont-roig.cat\\\/wp-content\\\/uploads\\\/Directes-Insta-Rebeka.jpeg\",\"contentUrl\":\"https:\\\/\\\/mont-roig.cat\\\/wp-content\\\/uploads\\\/Directes-Insta-Rebeka.jpeg\",\"width\":1080,\"height\":1080},{\"@type\":\"BreadcrumbList\",\"@id\":\"https:\\\/\\\/mont-roig.cat\\\/es\\\/actualitat\\\/noticies\\\/el-departamento-de-joventud-pone-en-marcha-la-actividad-directes-desconfinats\\\/#breadcrumb\",\"itemListElement\":[{\"@type\":\"ListItem\",\"position\":1,\"name\":\"Inici\",\"item\":\"https:\\\/\\\/mont-roig.cat\\\/es\\\/pagina-de-inicio\\\/\"},{\"@type\":\"ListItem\",\"position\":2,\"name\":\"El departamento de Joventud pone en marcha la actividad Directes DesConfinats\"}]},{\"@type\":\"WebSite\",\"@id\":\"https:\\\/\\\/mont-roig.cat\\\/es\\\/#website\",\"url\":\"https:\\\/\\\/mont-roig.cat\\\/es\\\/\",\"name\":\"Ajuntament de Mont-roig del Camp\",\"description\":\"Tota la informaci\u00f3 sobre la instituci\u00f3, els seus \u00f2rgans de govern, actualitat, serveis i molt m\u00e9s.\",\"potentialAction\":[{\"@type\":\"SearchAction\",\"target\":{\"@type\":\"EntryPoint\",\"urlTemplate\":\"https:\\\/\\\/mont-roig.cat\\\/es\\\/?s={search_term_string}\"},\"query-input\":{\"@type\":\"PropertyValueSpecification\",\"valueRequired\":true,\"valueName\":\"search_term_string\"}}],\"inLanguage\":\"es\"},{\"@type\":\"Person\",\"@id\":\"https:\\\/\\\/mont-roig.cat\\\/es\\\/#\\\/schema\\\/person\\\/f2b111789f22b7d0c3bd6786c9128cba\",\"name\":\"administrador\",\"image\":{\"@type\":\"ImageObject\",\"inLanguage\":\"es\",\"@id\":\"https:\\\/\\\/secure.gravatar.com\\\/avatar\\\/9137aac6891e2595c9d3036fd83bcb653b4db3c946db4c7d9b9be193c3c944bb?s=96&d=mm&r=g\",\"url\":\"https:\\\/\\\/secure.gravatar.com\\\/avatar\\\/9137aac6891e2595c9d3036fd83bcb653b4db3c946db4c7d9b9be193c3c944bb?s=96&d=mm&r=g\",\"contentUrl\":\"https:\\\/\\\/secure.gravatar.com\\\/avatar\\\/9137aac6891e2595c9d3036fd83bcb653b4db3c946db4c7d9b9be193c3c944bb?s=96&d=mm&r=g\",\"caption\":\"administrador\"},\"url\":\"https:\\\/\\\/mont-roig.cat\\\/es\\\/actualitat\\\/noticies\\\/author\\\/administrador\\\/\"}]}<\/script>\n<!-- \/ Yoast SEO plugin. -->","yoast_head_json":{"title":"El departamento de Joventud pone en marcha la actividad Directes DesConfinats - Ajuntament de Mont-roig del Camp","robots":{"index":"index","follow":"follow","max-snippet":"max-snippet:-1","max-image-preview":"max-image-preview:large","max-video-preview":"max-video-preview:-1"},"canonical":"https:\/\/mont-roig.cat\/es\/actualitat\/noticies\/el-departamento-de-joventud-pone-en-marcha-la-actividad-directes-desconfinats\/","og_locale":"es_ES","og_type":"article","og_title":"El departamento de Joventud pone en marcha la actividad Directes DesConfinats - Ajuntament de Mont-roig del Camp","og_description":"Se trata de un espacio de entrevistas a trav\u00e9s de Instagram, con participaci\u00f3n abierta de los j\u00f3venes, en que personajes p\u00fablicos hablan de su profesi\u00f3n La propuesta, que tuvo mucho \u00e9xito en la edici\u00f3n puesta en marcha durante el confinamiento, arranca de nuevo este jueves 24 de septiembre El departamento de Juventud del Ayuntamiento de [&hellip;]","og_url":"https:\/\/mont-roig.cat\/es\/actualitat\/noticies\/el-departamento-de-joventud-pone-en-marcha-la-actividad-directes-desconfinats\/","og_site_name":"Ajuntament de Mont-roig del Camp","article_published_time":"2020-09-21T12:34:58+00:00","og_image":[{"width":1080,"height":1080,"url":"https:\/\/mont-roig.cat\/wp-content\/uploads\/Directes-Insta-Rebeka.jpeg","type":"image\/jpeg"}],"author":"administrador","twitter_card":"summary_large_image","twitter_misc":{"Escrito por":"administrador","Tiempo de lectura":"2 minutos"},"schema":{"@context":"https:\/\/schema.org","@graph":[{"@type":"Article","@id":"https:\/\/mont-roig.cat\/es\/actualitat\/noticies\/el-departamento-de-joventud-pone-en-marcha-la-actividad-directes-desconfinats\/#article","isPartOf":{"@id":"https:\/\/mont-roig.cat\/es\/actualitat\/noticies\/el-departamento-de-joventud-pone-en-marcha-la-actividad-directes-desconfinats\/"},"author":{"name":"administrador","@id":"https:\/\/mont-roig.cat\/es\/#\/schema\/person\/f2b111789f22b7d0c3bd6786c9128cba"},"headline":"El departamento de Joventud pone en marcha la actividad Directes DesConfinats","datePublished":"2020-09-21T12:34:58+00:00","mainEntityOfPage":{"@id":"https:\/\/mont-roig.cat\/es\/actualitat\/noticies\/el-departamento-de-joventud-pone-en-marcha-la-actividad-directes-desconfinats\/"},"wordCount":357,"image":{"@id":"https:\/\/mont-roig.cat\/es\/actualitat\/noticies\/el-departamento-de-joventud-pone-en-marcha-la-actividad-directes-desconfinats\/#primaryimage"},"thumbnailUrl":"https:\/\/mont-roig.cat\/wp-content\/uploads\/Directes-Insta-Rebeka.jpeg","articleSection":["Ayuntamiento","Juventud"],"inLanguage":"es"},{"@type":"WebPage","@id":"https:\/\/mont-roig.cat\/es\/actualitat\/noticies\/el-departamento-de-joventud-pone-en-marcha-la-actividad-directes-desconfinats\/","url":"https:\/\/mont-roig.cat\/es\/actualitat\/noticies\/el-departamento-de-joventud-pone-en-marcha-la-actividad-directes-desconfinats\/","name":"El departamento de Joventud pone en marcha la actividad Directes DesConfinats - Ajuntament de Mont-roig del Camp","isPartOf":{"@id":"https:\/\/mont-roig.cat\/es\/#website"},"primaryImageOfPage":{"@id":"https:\/\/mont-roig.cat\/es\/actualitat\/noticies\/el-departamento-de-joventud-pone-en-marcha-la-actividad-directes-desconfinats\/#primaryimage"},"image":{"@id":"https:\/\/mont-roig.cat\/es\/actualitat\/noticies\/el-departamento-de-joventud-pone-en-marcha-la-actividad-directes-desconfinats\/#primaryimage"},"thumbnailUrl":"https:\/\/mont-roig.cat\/wp-content\/uploads\/Directes-Insta-Rebeka.jpeg","datePublished":"2020-09-21T12:34:58+00:00","author":{"@id":"https:\/\/mont-roig.cat\/es\/#\/schema\/person\/f2b111789f22b7d0c3bd6786c9128cba"},"breadcrumb":{"@id":"https:\/\/mont-roig.cat\/es\/actualitat\/noticies\/el-departamento-de-joventud-pone-en-marcha-la-actividad-directes-desconfinats\/#breadcrumb"},"inLanguage":"es","potentialAction":[{"@type":"ReadAction","target":["https:\/\/mont-roig.cat\/es\/actualitat\/noticies\/el-departamento-de-joventud-pone-en-marcha-la-actividad-directes-desconfinats\/"]}]},{"@type":"ImageObject","inLanguage":"es","@id":"https:\/\/mont-roig.cat\/es\/actualitat\/noticies\/el-departamento-de-joventud-pone-en-marcha-la-actividad-directes-desconfinats\/#primaryimage","url":"https:\/\/mont-roig.cat\/wp-content\/uploads\/Directes-Insta-Rebeka.jpeg","contentUrl":"https:\/\/mont-roig.cat\/wp-content\/uploads\/Directes-Insta-Rebeka.jpeg","width":1080,"height":1080},{"@type":"BreadcrumbList","@id":"https:\/\/mont-roig.cat\/es\/actualitat\/noticies\/el-departamento-de-joventud-pone-en-marcha-la-actividad-directes-desconfinats\/#breadcrumb","itemListElement":[{"@type":"ListItem","position":1,"name":"Inici","item":"https:\/\/mont-roig.cat\/es\/pagina-de-inicio\/"},{"@type":"ListItem","position":2,"name":"El departamento de Joventud pone en marcha la actividad Directes DesConfinats"}]},{"@type":"WebSite","@id":"https:\/\/mont-roig.cat\/es\/#website","url":"https:\/\/mont-roig.cat\/es\/","name":"Ajuntament de Mont-roig del Camp","description":"Tota la informaci\u00f3 sobre la instituci\u00f3, els seus \u00f2rgans de govern, actualitat, serveis i molt m\u00e9s.","potentialAction":[{"@type":"SearchAction","target":{"@type":"EntryPoint","urlTemplate":"https:\/\/mont-roig.cat\/es\/?s={search_term_string}"},"query-input":{"@type":"PropertyValueSpecification","valueRequired":true,"valueName":"search_term_string"}}],"inLanguage":"es"},{"@type":"Person","@id":"https:\/\/mont-roig.cat\/es\/#\/schema\/person\/f2b111789f22b7d0c3bd6786c9128cba","name":"administrador","image":{"@type":"ImageObject","inLanguage":"es","@id":"https:\/\/secure.gravatar.com\/avatar\/9137aac6891e2595c9d3036fd83bcb653b4db3c946db4c7d9b9be193c3c944bb?s=96&d=mm&r=g","url":"https:\/\/secure.gravatar.com\/avatar\/9137aac6891e2595c9d3036fd83bcb653b4db3c946db4c7d9b9be193c3c944bb?s=96&d=mm&r=g","contentUrl":"https:\/\/secure.gravatar.com\/avatar\/9137aac6891e2595c9d3036fd83bcb653b4db3c946db4c7d9b9be193c3c944bb?s=96&d=mm&r=g","caption":"administrador"},"url":"https:\/\/mont-roig.cat\/es\/actualitat\/noticies\/author\/administrador\/"}]}},"_links":{"self":[{"href":"https:\/\/mont-roig.cat\/es\/wp-json\/wp\/v2\/posts\/51488","targetHints":{"allow":["GET"]}}],"collection":[{"href":"https:\/\/mont-roig.cat\/es\/wp-json\/wp\/v2\/posts"}],"about":[{"href":"https:\/\/mont-roig.cat\/es\/wp-json\/wp\/v2\/types\/post"}],"author":[{"embeddable":true,"href":"https:\/\/mont-roig.cat\/es\/wp-json\/wp\/v2\/users\/4"}],"replies":[{"embeddable":true,"href":"https:\/\/mont-roig.cat\/es\/wp-json\/wp\/v2\/comments?post=51488"}],"version-history":[{"count":1,"href":"https:\/\/mont-roig.cat\/es\/wp-json\/wp\/v2\/posts\/51488\/revisions"}],"predecessor-version":[{"id":51489,"href":"https:\/\/mont-roig.cat\/es\/wp-json\/wp\/v2\/posts\/51488\/revisions\/51489"}],"wp:featuredmedia":[{"embeddable":true,"href":"https:\/\/mont-roig.cat\/es\/wp-json\/wp\/v2\/media\/51480"}],"wp:attachment":[{"href":"https:\/\/mont-roig.cat\/es\/wp-json\/wp\/v2\/media?parent=51488"}],"wp:term":[{"taxonomy":"category","embeddable":true,"href":"https:\/\/mont-roig.cat\/es\/wp-json\/wp\/v2\/categories?post=51488"},{"taxonomy":"post_tag","embeddable":true,"href":"https:\/\/mont-roig.cat\/es\/wp-json\/wp\/v2\/tags?post=51488"}],"curies":[{"name":"wp","href":"https:\/\/api.w.org\/{rel}","templated":true}]}}