{"id":51993,"date":"2020-10-21T15:07:37","date_gmt":"2020-10-21T13:07:37","guid":{"rendered":"https:\/\/mont-roig.cat\/?p=51993"},"modified":"2020-10-21T15:31:49","modified_gmt":"2020-10-21T13:31:49","slug":"el-ayuntamiento-anima-a-la-ciudadania-a-apoyar-a-los-establecimientos-de-restauracion-locales","status":"publish","type":"post","link":"https:\/\/mont-roig.cat\/es\/actualitat\/noticies\/el-ayuntamiento-anima-a-la-ciudadania-a-apoyar-a-los-establecimientos-de-restauracion-locales\/","title":{"rendered":"El Ayuntamiento anima a la ciudadan\u00eda a apoyar a los establecimientos de restauraci\u00f3n locales"},"content":{"rendered":"<ul>\n<li><strong>Al web montroigmiami.cat se puede encontrar un directorio con los bares y restaurantes que ofrecen el servicio para llevar y o reparto a domicilio<\/strong><\/li>\n<li><strong>Los establecimientos que se quieran sumar a la iniciativa pueden enviar sus datos a <a href=\"mailto:turisme@montroig.cat\">turisme@montroig.cat<\/a><\/strong><\/li>\n<\/ul>\n<p><a href=\"https:\/\/mont-roig.cat\/wp-content\/uploads\/WhatsApp-Image-2020-10-21-at-14.40.19.jpeg\"><img loading=\"lazy\" decoding=\"async\" class=\"alignright wp-image-51985\" src=\"https:\/\/mont-roig.cat\/wp-content\/uploads\/WhatsApp-Image-2020-10-21-at-14.40.19-500x500.jpeg\" alt=\"\" width=\"300\" height=\"300\" srcset=\"https:\/\/mont-roig.cat\/wp-content\/uploads\/WhatsApp-Image-2020-10-21-at-14.40.19-500x500.jpeg 500w, https:\/\/mont-roig.cat\/wp-content\/uploads\/WhatsApp-Image-2020-10-21-at-14.40.19-1024x1024.jpeg 1024w, https:\/\/mont-roig.cat\/wp-content\/uploads\/WhatsApp-Image-2020-10-21-at-14.40.19-50x50.jpeg 50w, https:\/\/mont-roig.cat\/wp-content\/uploads\/WhatsApp-Image-2020-10-21-at-14.40.19-768x768.jpeg 768w, https:\/\/mont-roig.cat\/wp-content\/uploads\/WhatsApp-Image-2020-10-21-at-14.40.19-560x560.jpeg 560w, https:\/\/mont-roig.cat\/wp-content\/uploads\/WhatsApp-Image-2020-10-21-at-14.40.19-367x367.jpeg 367w, https:\/\/mont-roig.cat\/wp-content\/uploads\/WhatsApp-Image-2020-10-21-at-14.40.19-450x450.jpeg 450w, https:\/\/mont-roig.cat\/wp-content\/uploads\/WhatsApp-Image-2020-10-21-at-14.40.19-85x85.jpeg 85w, https:\/\/mont-roig.cat\/wp-content\/uploads\/WhatsApp-Image-2020-10-21-at-14.40.19-45x45.jpeg 45w, https:\/\/mont-roig.cat\/wp-content\/uploads\/WhatsApp-Image-2020-10-21-at-14.40.19.jpeg 1080w\" sizes=\"auto, (max-width: 300px) 100vw, 300px\" \/><\/a>El Ayuntamiento de Mont-roig del Camp recuerda que al web <a href=\"http:\/\/www.mont-roigmiami.cat\">www.mont-roigmiami.cat<\/a> se puede encontrar informaci\u00f3n sobre los establecimientos de restauraci\u00f3n del municipio que ofrecen servicio para llevar y \/ o reparto a domicilio.<\/p>\n<p>Debido a las medidas aplicadas por la Generalitat al sector de la restauraci\u00f3n, para la contenci\u00f3n del brote epid\u00e9mico de la pandemia de COVID-19, se anima a la ciudadan\u00eda a apoyar al sector de la restauraci\u00f3n local y a continuar disfrutando de su oferta.<\/p>\n<p>Por otro lado, se hace un llamamiento a los bares y restaurantes que siguen abiertos, que en caso de ofrecer comida para llevar o reparto a domicilio se pongan en contacto con turisme@mont-roig.cat, para publicar la informaci\u00f3n de una forma clara y actualizada en el web del departamento.<\/p>\n","protected":false},"excerpt":{"rendered":"<p>Al web montroigmiami.cat se puede encontrar un directorio con los bares y restaurantes que ofrecen el servicio para llevar y o reparto a domicilio Los establecimientos que se quieran sumar a la iniciativa pueden enviar sus datos a turisme@montroig.cat El Ayuntamiento de Mont-roig del Camp recuerda que al web www.mont-roigmiami.cat se puede encontrar informaci\u00f3n sobre [&hellip;]<\/p>\n","protected":false},"author":4,"featured_media":51985,"comment_status":"closed","ping_status":"closed","sticky":false,"template":"","format":"standard","meta":{"inline_featured_image":false,"_monsterinsights_skip_tracking":false,"_monsterinsights_sitenote_active":false,"_monsterinsights_sitenote_note":"","_monsterinsights_sitenote_category":0,"footnotes":""},"categories":[98,187,169],"tags":[],"class_list":["post-51993","post","type-post","status-publish","format-standard","has-post-thumbnail","hentry","category-ayuntamiento","category-coronavirus-economicas","category-impuls-economic-i-ocupacio-es"],"yoast_head":"<!-- This site is optimized with the Yoast SEO plugin v27.4 - https:\/\/yoast.com\/product\/yoast-seo-wordpress\/ -->\n<title>El Ayuntamiento anima a la ciudadan\u00eda a apoyar a los establecimientos de restauraci\u00f3n locales - Ajuntament de Mont-roig del Camp<\/title>\n<meta name=\"robots\" content=\"index, follow, max-snippet:-1, max-image-preview:large, max-video-preview:-1\" \/>\n<link rel=\"canonical\" href=\"https:\/\/mont-roig.cat\/es\/actualitat\/noticies\/el-ayuntamiento-anima-a-la-ciudadania-a-apoyar-a-los-establecimientos-de-restauracion-locales\/\" \/>\n<meta property=\"og:locale\" content=\"es_ES\" \/>\n<meta property=\"og:type\" content=\"article\" \/>\n<meta property=\"og:title\" content=\"El Ayuntamiento anima a la ciudadan\u00eda a apoyar a los establecimientos de restauraci\u00f3n locales - Ajuntament de Mont-roig del Camp\" \/>\n<meta property=\"og:description\" content=\"Al web montroigmiami.cat se puede encontrar un directorio con los bares y restaurantes que ofrecen el servicio para llevar y o reparto a domicilio Los establecimientos que se quieran sumar a la iniciativa pueden enviar sus datos a turisme@montroig.cat El Ayuntamiento de Mont-roig del Camp recuerda que al web www.mont-roigmiami.cat se puede encontrar informaci\u00f3n sobre [&hellip;]\" \/>\n<meta property=\"og:url\" content=\"https:\/\/mont-roig.cat\/es\/actualitat\/noticies\/el-ayuntamiento-anima-a-la-ciudadania-a-apoyar-a-los-establecimientos-de-restauracion-locales\/\" \/>\n<meta property=\"og:site_name\" content=\"Ajuntament de Mont-roig del Camp\" \/>\n<meta property=\"article:published_time\" content=\"2020-10-21T13:07:37+00:00\" \/>\n<meta property=\"article:modified_time\" content=\"2020-10-21T13:31:49+00:00\" \/>\n<meta property=\"og:image\" content=\"https:\/\/mont-roig.cat\/wp-content\/uploads\/WhatsApp-Image-2020-10-21-at-14.40.19.jpeg\" \/>\n\t<meta property=\"og:image:width\" content=\"1080\" \/>\n\t<meta property=\"og:image:height\" content=\"1080\" \/>\n\t<meta property=\"og:image:type\" content=\"image\/jpeg\" \/>\n<meta name=\"author\" content=\"administrador\" \/>\n<meta name=\"twitter:card\" content=\"summary_large_image\" \/>\n<meta name=\"twitter:label1\" content=\"Escrito por\" \/>\n\t<meta name=\"twitter:data1\" content=\"administrador\" \/>\n\t<meta name=\"twitter:label2\" content=\"Tiempo de lectura\" \/>\n\t<meta name=\"twitter:data2\" content=\"1 minuto\" \/>\n<script type=\"application\/ld+json\" class=\"yoast-schema-graph\">{\"@context\":\"https:\\\/\\\/schema.org\",\"@graph\":[{\"@type\":\"Article\",\"@id\":\"https:\\\/\\\/mont-roig.cat\\\/es\\\/actualitat\\\/noticies\\\/el-ayuntamiento-anima-a-la-ciudadania-a-apoyar-a-los-establecimientos-de-restauracion-locales\\\/#article\",\"isPartOf\":{\"@id\":\"https:\\\/\\\/mont-roig.cat\\\/es\\\/actualitat\\\/noticies\\\/el-ayuntamiento-anima-a-la-ciudadania-a-apoyar-a-los-establecimientos-de-restauracion-locales\\\/\"},\"author\":{\"name\":\"administrador\",\"@id\":\"https:\\\/\\\/mont-roig.cat\\\/es\\\/#\\\/schema\\\/person\\\/f2b111789f22b7d0c3bd6786c9128cba\"},\"headline\":\"El Ayuntamiento anima a la ciudadan\u00eda a apoyar a los establecimientos de restauraci\u00f3n locales\",\"datePublished\":\"2020-10-21T13:07:37+00:00\",\"dateModified\":\"2020-10-21T13:31:49+00:00\",\"mainEntityOfPage\":{\"@id\":\"https:\\\/\\\/mont-roig.cat\\\/es\\\/actualitat\\\/noticies\\\/el-ayuntamiento-anima-a-la-ciudadania-a-apoyar-a-los-establecimientos-de-restauracion-locales\\\/\"},\"wordCount\":194,\"image\":{\"@id\":\"https:\\\/\\\/mont-roig.cat\\\/es\\\/actualitat\\\/noticies\\\/el-ayuntamiento-anima-a-la-ciudadania-a-apoyar-a-los-establecimientos-de-restauracion-locales\\\/#primaryimage\"},\"thumbnailUrl\":\"https:\\\/\\\/mont-roig.cat\\\/wp-content\\\/uploads\\\/WhatsApp-Image-2020-10-21-at-14.40.19.jpeg\",\"articleSection\":[\"Ayuntamiento\",\"Coronavirus - medidas econ\u00f3micas\",\"Impuls Econ\u00f2mic i Ocupaci\u00f3\"],\"inLanguage\":\"es\"},{\"@type\":\"WebPage\",\"@id\":\"https:\\\/\\\/mont-roig.cat\\\/es\\\/actualitat\\\/noticies\\\/el-ayuntamiento-anima-a-la-ciudadania-a-apoyar-a-los-establecimientos-de-restauracion-locales\\\/\",\"url\":\"https:\\\/\\\/mont-roig.cat\\\/es\\\/actualitat\\\/noticies\\\/el-ayuntamiento-anima-a-la-ciudadania-a-apoyar-a-los-establecimientos-de-restauracion-locales\\\/\",\"name\":\"El Ayuntamiento anima a la ciudadan\u00eda a apoyar a los establecimientos de restauraci\u00f3n locales - Ajuntament de Mont-roig del Camp\",\"isPartOf\":{\"@id\":\"https:\\\/\\\/mont-roig.cat\\\/es\\\/#website\"},\"primaryImageOfPage\":{\"@id\":\"https:\\\/\\\/mont-roig.cat\\\/es\\\/actualitat\\\/noticies\\\/el-ayuntamiento-anima-a-la-ciudadania-a-apoyar-a-los-establecimientos-de-restauracion-locales\\\/#primaryimage\"},\"image\":{\"@id\":\"https:\\\/\\\/mont-roig.cat\\\/es\\\/actualitat\\\/noticies\\\/el-ayuntamiento-anima-a-la-ciudadania-a-apoyar-a-los-establecimientos-de-restauracion-locales\\\/#primaryimage\"},\"thumbnailUrl\":\"https:\\\/\\\/mont-roig.cat\\\/wp-content\\\/uploads\\\/WhatsApp-Image-2020-10-21-at-14.40.19.jpeg\",\"datePublished\":\"2020-10-21T13:07:37+00:00\",\"dateModified\":\"2020-10-21T13:31:49+00:00\",\"author\":{\"@id\":\"https:\\\/\\\/mont-roig.cat\\\/es\\\/#\\\/schema\\\/person\\\/f2b111789f22b7d0c3bd6786c9128cba\"},\"breadcrumb\":{\"@id\":\"https:\\\/\\\/mont-roig.cat\\\/es\\\/actualitat\\\/noticies\\\/el-ayuntamiento-anima-a-la-ciudadania-a-apoyar-a-los-establecimientos-de-restauracion-locales\\\/#breadcrumb\"},\"inLanguage\":\"es\",\"potentialAction\":[{\"@type\":\"ReadAction\",\"target\":[\"https:\\\/\\\/mont-roig.cat\\\/es\\\/actualitat\\\/noticies\\\/el-ayuntamiento-anima-a-la-ciudadania-a-apoyar-a-los-establecimientos-de-restauracion-locales\\\/\"]}]},{\"@type\":\"ImageObject\",\"inLanguage\":\"es\",\"@id\":\"https:\\\/\\\/mont-roig.cat\\\/es\\\/actualitat\\\/noticies\\\/el-ayuntamiento-anima-a-la-ciudadania-a-apoyar-a-los-establecimientos-de-restauracion-locales\\\/#primaryimage\",\"url\":\"https:\\\/\\\/mont-roig.cat\\\/wp-content\\\/uploads\\\/WhatsApp-Image-2020-10-21-at-14.40.19.jpeg\",\"contentUrl\":\"https:\\\/\\\/mont-roig.cat\\\/wp-content\\\/uploads\\\/WhatsApp-Image-2020-10-21-at-14.40.19.jpeg\",\"width\":1080,\"height\":1080},{\"@type\":\"BreadcrumbList\",\"@id\":\"https:\\\/\\\/mont-roig.cat\\\/es\\\/actualitat\\\/noticies\\\/el-ayuntamiento-anima-a-la-ciudadania-a-apoyar-a-los-establecimientos-de-restauracion-locales\\\/#breadcrumb\",\"itemListElement\":[{\"@type\":\"ListItem\",\"position\":1,\"name\":\"Inici\",\"item\":\"https:\\\/\\\/mont-roig.cat\\\/es\\\/pagina-de-inicio\\\/\"},{\"@type\":\"ListItem\",\"position\":2,\"name\":\"El Ayuntamiento anima a la ciudadan\u00eda a apoyar a los establecimientos de restauraci\u00f3n locales\"}]},{\"@type\":\"WebSite\",\"@id\":\"https:\\\/\\\/mont-roig.cat\\\/es\\\/#website\",\"url\":\"https:\\\/\\\/mont-roig.cat\\\/es\\\/\",\"name\":\"Ajuntament de Mont-roig del Camp\",\"description\":\"Tota la informaci\u00f3 sobre la instituci\u00f3, els seus \u00f2rgans de govern, actualitat, serveis i molt m\u00e9s.\",\"potentialAction\":[{\"@type\":\"SearchAction\",\"target\":{\"@type\":\"EntryPoint\",\"urlTemplate\":\"https:\\\/\\\/mont-roig.cat\\\/es\\\/?s={search_term_string}\"},\"query-input\":{\"@type\":\"PropertyValueSpecification\",\"valueRequired\":true,\"valueName\":\"search_term_string\"}}],\"inLanguage\":\"es\"},{\"@type\":\"Person\",\"@id\":\"https:\\\/\\\/mont-roig.cat\\\/es\\\/#\\\/schema\\\/person\\\/f2b111789f22b7d0c3bd6786c9128cba\",\"name\":\"administrador\",\"image\":{\"@type\":\"ImageObject\",\"inLanguage\":\"es\",\"@id\":\"https:\\\/\\\/secure.gravatar.com\\\/avatar\\\/9137aac6891e2595c9d3036fd83bcb653b4db3c946db4c7d9b9be193c3c944bb?s=96&d=mm&r=g\",\"url\":\"https:\\\/\\\/secure.gravatar.com\\\/avatar\\\/9137aac6891e2595c9d3036fd83bcb653b4db3c946db4c7d9b9be193c3c944bb?s=96&d=mm&r=g\",\"contentUrl\":\"https:\\\/\\\/secure.gravatar.com\\\/avatar\\\/9137aac6891e2595c9d3036fd83bcb653b4db3c946db4c7d9b9be193c3c944bb?s=96&d=mm&r=g\",\"caption\":\"administrador\"},\"url\":\"https:\\\/\\\/mont-roig.cat\\\/es\\\/actualitat\\\/noticies\\\/author\\\/administrador\\\/\"}]}<\/script>\n<!-- \/ Yoast SEO plugin. -->","yoast_head_json":{"title":"El Ayuntamiento anima a la ciudadan\u00eda a apoyar a los establecimientos de restauraci\u00f3n locales - Ajuntament de Mont-roig del Camp","robots":{"index":"index","follow":"follow","max-snippet":"max-snippet:-1","max-image-preview":"max-image-preview:large","max-video-preview":"max-video-preview:-1"},"canonical":"https:\/\/mont-roig.cat\/es\/actualitat\/noticies\/el-ayuntamiento-anima-a-la-ciudadania-a-apoyar-a-los-establecimientos-de-restauracion-locales\/","og_locale":"es_ES","og_type":"article","og_title":"El Ayuntamiento anima a la ciudadan\u00eda a apoyar a los establecimientos de restauraci\u00f3n locales - Ajuntament de Mont-roig del Camp","og_description":"Al web montroigmiami.cat se puede encontrar un directorio con los bares y restaurantes que ofrecen el servicio para llevar y o reparto a domicilio Los establecimientos que se quieran sumar a la iniciativa pueden enviar sus datos a turisme@montroig.cat El Ayuntamiento de Mont-roig del Camp recuerda que al web www.mont-roigmiami.cat se puede encontrar informaci\u00f3n sobre [&hellip;]","og_url":"https:\/\/mont-roig.cat\/es\/actualitat\/noticies\/el-ayuntamiento-anima-a-la-ciudadania-a-apoyar-a-los-establecimientos-de-restauracion-locales\/","og_site_name":"Ajuntament de Mont-roig del Camp","article_published_time":"2020-10-21T13:07:37+00:00","article_modified_time":"2020-10-21T13:31:49+00:00","og_image":[{"width":1080,"height":1080,"url":"https:\/\/mont-roig.cat\/wp-content\/uploads\/WhatsApp-Image-2020-10-21-at-14.40.19.jpeg","type":"image\/jpeg"}],"author":"administrador","twitter_card":"summary_large_image","twitter_misc":{"Escrito por":"administrador","Tiempo de lectura":"1 minuto"},"schema":{"@context":"https:\/\/schema.org","@graph":[{"@type":"Article","@id":"https:\/\/mont-roig.cat\/es\/actualitat\/noticies\/el-ayuntamiento-anima-a-la-ciudadania-a-apoyar-a-los-establecimientos-de-restauracion-locales\/#article","isPartOf":{"@id":"https:\/\/mont-roig.cat\/es\/actualitat\/noticies\/el-ayuntamiento-anima-a-la-ciudadania-a-apoyar-a-los-establecimientos-de-restauracion-locales\/"},"author":{"name":"administrador","@id":"https:\/\/mont-roig.cat\/es\/#\/schema\/person\/f2b111789f22b7d0c3bd6786c9128cba"},"headline":"El Ayuntamiento anima a la ciudadan\u00eda a apoyar a los establecimientos de restauraci\u00f3n locales","datePublished":"2020-10-21T13:07:37+00:00","dateModified":"2020-10-21T13:31:49+00:00","mainEntityOfPage":{"@id":"https:\/\/mont-roig.cat\/es\/actualitat\/noticies\/el-ayuntamiento-anima-a-la-ciudadania-a-apoyar-a-los-establecimientos-de-restauracion-locales\/"},"wordCount":194,"image":{"@id":"https:\/\/mont-roig.cat\/es\/actualitat\/noticies\/el-ayuntamiento-anima-a-la-ciudadania-a-apoyar-a-los-establecimientos-de-restauracion-locales\/#primaryimage"},"thumbnailUrl":"https:\/\/mont-roig.cat\/wp-content\/uploads\/WhatsApp-Image-2020-10-21-at-14.40.19.jpeg","articleSection":["Ayuntamiento","Coronavirus - medidas econ\u00f3micas","Impuls Econ\u00f2mic i Ocupaci\u00f3"],"inLanguage":"es"},{"@type":"WebPage","@id":"https:\/\/mont-roig.cat\/es\/actualitat\/noticies\/el-ayuntamiento-anima-a-la-ciudadania-a-apoyar-a-los-establecimientos-de-restauracion-locales\/","url":"https:\/\/mont-roig.cat\/es\/actualitat\/noticies\/el-ayuntamiento-anima-a-la-ciudadania-a-apoyar-a-los-establecimientos-de-restauracion-locales\/","name":"El Ayuntamiento anima a la ciudadan\u00eda a apoyar a los establecimientos de restauraci\u00f3n locales - Ajuntament de Mont-roig del Camp","isPartOf":{"@id":"https:\/\/mont-roig.cat\/es\/#website"},"primaryImageOfPage":{"@id":"https:\/\/mont-roig.cat\/es\/actualitat\/noticies\/el-ayuntamiento-anima-a-la-ciudadania-a-apoyar-a-los-establecimientos-de-restauracion-locales\/#primaryimage"},"image":{"@id":"https:\/\/mont-roig.cat\/es\/actualitat\/noticies\/el-ayuntamiento-anima-a-la-ciudadania-a-apoyar-a-los-establecimientos-de-restauracion-locales\/#primaryimage"},"thumbnailUrl":"https:\/\/mont-roig.cat\/wp-content\/uploads\/WhatsApp-Image-2020-10-21-at-14.40.19.jpeg","datePublished":"2020-10-21T13:07:37+00:00","dateModified":"2020-10-21T13:31:49+00:00","author":{"@id":"https:\/\/mont-roig.cat\/es\/#\/schema\/person\/f2b111789f22b7d0c3bd6786c9128cba"},"breadcrumb":{"@id":"https:\/\/mont-roig.cat\/es\/actualitat\/noticies\/el-ayuntamiento-anima-a-la-ciudadania-a-apoyar-a-los-establecimientos-de-restauracion-locales\/#breadcrumb"},"inLanguage":"es","potentialAction":[{"@type":"ReadAction","target":["https:\/\/mont-roig.cat\/es\/actualitat\/noticies\/el-ayuntamiento-anima-a-la-ciudadania-a-apoyar-a-los-establecimientos-de-restauracion-locales\/"]}]},{"@type":"ImageObject","inLanguage":"es","@id":"https:\/\/mont-roig.cat\/es\/actualitat\/noticies\/el-ayuntamiento-anima-a-la-ciudadania-a-apoyar-a-los-establecimientos-de-restauracion-locales\/#primaryimage","url":"https:\/\/mont-roig.cat\/wp-content\/uploads\/WhatsApp-Image-2020-10-21-at-14.40.19.jpeg","contentUrl":"https:\/\/mont-roig.cat\/wp-content\/uploads\/WhatsApp-Image-2020-10-21-at-14.40.19.jpeg","width":1080,"height":1080},{"@type":"BreadcrumbList","@id":"https:\/\/mont-roig.cat\/es\/actualitat\/noticies\/el-ayuntamiento-anima-a-la-ciudadania-a-apoyar-a-los-establecimientos-de-restauracion-locales\/#breadcrumb","itemListElement":[{"@type":"ListItem","position":1,"name":"Inici","item":"https:\/\/mont-roig.cat\/es\/pagina-de-inicio\/"},{"@type":"ListItem","position":2,"name":"El Ayuntamiento anima a la ciudadan\u00eda a apoyar a los establecimientos de restauraci\u00f3n locales"}]},{"@type":"WebSite","@id":"https:\/\/mont-roig.cat\/es\/#website","url":"https:\/\/mont-roig.cat\/es\/","name":"Ajuntament de Mont-roig del Camp","description":"Tota la informaci\u00f3 sobre la instituci\u00f3, els seus \u00f2rgans de govern, actualitat, serveis i molt m\u00e9s.","potentialAction":[{"@type":"SearchAction","target":{"@type":"EntryPoint","urlTemplate":"https:\/\/mont-roig.cat\/es\/?s={search_term_string}"},"query-input":{"@type":"PropertyValueSpecification","valueRequired":true,"valueName":"search_term_string"}}],"inLanguage":"es"},{"@type":"Person","@id":"https:\/\/mont-roig.cat\/es\/#\/schema\/person\/f2b111789f22b7d0c3bd6786c9128cba","name":"administrador","image":{"@type":"ImageObject","inLanguage":"es","@id":"https:\/\/secure.gravatar.com\/avatar\/9137aac6891e2595c9d3036fd83bcb653b4db3c946db4c7d9b9be193c3c944bb?s=96&d=mm&r=g","url":"https:\/\/secure.gravatar.com\/avatar\/9137aac6891e2595c9d3036fd83bcb653b4db3c946db4c7d9b9be193c3c944bb?s=96&d=mm&r=g","contentUrl":"https:\/\/secure.gravatar.com\/avatar\/9137aac6891e2595c9d3036fd83bcb653b4db3c946db4c7d9b9be193c3c944bb?s=96&d=mm&r=g","caption":"administrador"},"url":"https:\/\/mont-roig.cat\/es\/actualitat\/noticies\/author\/administrador\/"}]}},"_links":{"self":[{"href":"https:\/\/mont-roig.cat\/es\/wp-json\/wp\/v2\/posts\/51993","targetHints":{"allow":["GET"]}}],"collection":[{"href":"https:\/\/mont-roig.cat\/es\/wp-json\/wp\/v2\/posts"}],"about":[{"href":"https:\/\/mont-roig.cat\/es\/wp-json\/wp\/v2\/types\/post"}],"author":[{"embeddable":true,"href":"https:\/\/mont-roig.cat\/es\/wp-json\/wp\/v2\/users\/4"}],"replies":[{"embeddable":true,"href":"https:\/\/mont-roig.cat\/es\/wp-json\/wp\/v2\/comments?post=51993"}],"version-history":[{"count":3,"href":"https:\/\/mont-roig.cat\/es\/wp-json\/wp\/v2\/posts\/51993\/revisions"}],"predecessor-version":[{"id":51999,"href":"https:\/\/mont-roig.cat\/es\/wp-json\/wp\/v2\/posts\/51993\/revisions\/51999"}],"wp:featuredmedia":[{"embeddable":true,"href":"https:\/\/mont-roig.cat\/es\/wp-json\/wp\/v2\/media\/51985"}],"wp:attachment":[{"href":"https:\/\/mont-roig.cat\/es\/wp-json\/wp\/v2\/media?parent=51993"}],"wp:term":[{"taxonomy":"category","embeddable":true,"href":"https:\/\/mont-roig.cat\/es\/wp-json\/wp\/v2\/categories?post=51993"},{"taxonomy":"post_tag","embeddable":true,"href":"https:\/\/mont-roig.cat\/es\/wp-json\/wp\/v2\/tags?post=51993"}],"curies":[{"name":"wp","href":"https:\/\/api.w.org\/{rel}","templated":true}]}}