{"id":52321,"date":"2020-10-30T14:39:20","date_gmt":"2020-10-30T13:39:20","guid":{"rendered":"https:\/\/mont-roig.cat\/?p=52321"},"modified":"2020-10-30T15:09:59","modified_gmt":"2020-10-30T14:09:59","slug":"el-ayuntamiento-de-mont-roig-del-camp-informa-de-las-ultimas-medidas-decretadas-por-el-gobierno-de-la-generalitat-para-frenar-la-segunda-oleada-de-covid19","status":"publish","type":"post","link":"https:\/\/mont-roig.cat\/es\/actualitat\/noticies\/el-ayuntamiento-de-mont-roig-del-camp-informa-de-las-ultimas-medidas-decretadas-por-el-gobierno-de-la-generalitat-para-frenar-la-segunda-oleada-de-covid19\/","title":{"rendered":"El Ayuntamiento de Mont-roig del Camp informa de las \u00faltimas medidas decretadas por el Gobierno de la Generalitat para frenar la segunda oleada de Covid19"},"content":{"rendered":"<ul>\n<li><strong>Destaca la prohibici\u00f3n de desplazarnos fuera de nuestro municipio entre viernes a las 6.00h y lunes a las 6.00h de la ma\u00f1ana<\/strong><\/li>\n<\/ul>\n<p><a href=\"https:\/\/mont-roig.cat\/wp-content\/uploads\/NOVES-MESURES-02.png\"><img loading=\"lazy\" decoding=\"async\" class=\"alignright wp-image-52313\" src=\"https:\/\/mont-roig.cat\/wp-content\/uploads\/NOVES-MESURES-02-500x462.png\" alt=\"\" width=\"250\" height=\"231\" srcset=\"https:\/\/mont-roig.cat\/wp-content\/uploads\/NOVES-MESURES-02-500x462.png 500w, https:\/\/mont-roig.cat\/wp-content\/uploads\/NOVES-MESURES-02-1024x945.png 1024w, https:\/\/mont-roig.cat\/wp-content\/uploads\/NOVES-MESURES-02-768x709.png 768w, https:\/\/mont-roig.cat\/wp-content\/uploads\/NOVES-MESURES-02-1536x1418.png 1536w, https:\/\/mont-roig.cat\/wp-content\/uploads\/NOVES-MESURES-02-2048x1891.png 2048w\" sizes=\"auto, (max-width: 250px) 100vw, 250px\" \/><\/a><a href=\"https:\/\/mont-roig.cat\/wp-content\/uploads\/NOVES-MESURES-01.png\"><img loading=\"lazy\" decoding=\"async\" class=\"alignright wp-image-52315\" src=\"https:\/\/mont-roig.cat\/wp-content\/uploads\/NOVES-MESURES-01-500x462.png\" alt=\"\" width=\"250\" height=\"231\" srcset=\"https:\/\/mont-roig.cat\/wp-content\/uploads\/NOVES-MESURES-01-500x462.png 500w, https:\/\/mont-roig.cat\/wp-content\/uploads\/NOVES-MESURES-01-1024x945.png 1024w, https:\/\/mont-roig.cat\/wp-content\/uploads\/NOVES-MESURES-01-768x709.png 768w, https:\/\/mont-roig.cat\/wp-content\/uploads\/NOVES-MESURES-01-1536x1418.png 1536w, https:\/\/mont-roig.cat\/wp-content\/uploads\/NOVES-MESURES-01-2048x1891.png 2048w\" sizes=\"auto, (max-width: 250px) 100vw, 250px\" \/><\/a>Esta medianoche han entrado en vigor las nuevas restricciones para frenar el avance de la segunda oleada de\u00a0Covi19\u00a0decretadas por la Generalitat, que estar\u00e1n vigentes al menos durante 15 d\u00edas y que se a\u00f1aden a las que ya estaban activas.<\/p>\n<p>As\u00ed, seg\u00fan la <a href=\"https:\/\/portaldogc.gencat.cat\/utilsEADOP\/PDF\/8259\/1819636.pdf?fbclid=IwAR1YNtfEcA0607hb9kGc1nnW1htNiklAb0Aqo41NMVkukLbv_jvGW-_cPrE\">RESOLUCI\u00d3N SLT\/2700\/2020, de 29 de octubre<\/a>, publicada en el DOGC n\u00famero 8259 del 30\/10\/2020, Catalu\u00f1a queda cerrada con un confinamiento perimetral que se endurece los fines de semana con la prohibici\u00f3n de desplazarnos fuera de nuestro municipio entre viernes a las 6.00 h y lunes a las 6.00 h de la ma\u00f1ana. Con excepci\u00f3n de los d\u00edas 31 de octubre y 1 de noviembre, en que se permiten desplazamientos dentro de la misma comarca para ir al cementerio. Tambi\u00e9n est\u00e1n permitidos los desplazamientos por motivos m\u00e9dicos o para atender personas vulnerables y para trabajar. Entre semana contin\u00faa vigente el toque de queda desde las diez de la noche y hasta las seis de la ma\u00f1ana.<\/p>\n<p>En este sentido, la Polic\u00eda Local de Mont-roig del Camp llevar\u00e1 a cabo, de forma coordinada con Mossos d&#8217;Esquadra, varios dispositivos de control y seguimiento de las medidas.<\/p>\n<p>La Resoluci\u00f3n\u00a0SLT\/2700\/2020, tambi\u00e9n indica la necesidad que las empresas prioricen el teletrabajo en lo posible o flexibilizar el horario de entrada y salida de los lugares de trabajo.<\/p>\n<p>La restauraci\u00f3n y la hosteler\u00eda contin\u00faan cerrados, solo podr\u00e1n servir comida para llevar hasta las 23.00h de la noche. Los establecimientos y locales comerciales de menos de 800 metros cuadrados tendr\u00e1n que reducir el aforo al 30% y los de m\u00e1s de esta superficie tienen que cerrar, excepto los que venden productos de primera necesidad.<\/p>\n<p>De forma general tambi\u00e9n se suspende la apertura al p\u00fablico de las actividades culturales de artes esc\u00e9nicas y musicales, como por ejemplo teatros, cines, auditorios o similares. Tambi\u00e9n cierran los gimnasios y los clubes deportivos y quedan aplazadas las competiciones no profesionales. En este sentido, recordamos que el Ayuntamiento de Mont-roig del Camp ya decret\u00f3 el cierre de las equipaciones culturales y deportivos el pasado 20 de octubre.<\/p>\n<p>En el \u00e1mbito cultural local, restan abiertas las bibliotecas p\u00fablicas municipales Joan Mir\u00f3 y Miramar, que solo ofrecer\u00e1n servicio de pr\u00e9stamo y devoluci\u00f3n de documentos. Tambi\u00e9n el Mas Mir\u00f3, estar\u00e1 abierto, pues los museos son una de las excepciones de la nueva normativa. En este sentido, hay que recordar que la equipaci\u00f3n, a partir de este fin de semana, solo abre s\u00e1bado de 10 a 14 h y de 15:30 h a 18:00 h y domingo de 10 a 14 h, con un aformamiento reducido al 30%. Los vecinos y vecinas del municipio, que son los \u00fanicos que podr\u00e1n acceder de momento, cuentan con tarifa de entrada reducida.<\/p>\n<p>En el \u00e1mbito educativo, contin\u00faan las clases presenciales en las guarderias y en las escuelas de primaria y en los institutos hasta 4.\u00ba de ESO. Las clases de bachillerato y ciclos formativos pasan a ser virtuales, igual que las clases universitarias.<\/p>\n<p>En cambio, s\u00ed que quedan suspendidas las actividades de ocio infantil y juvenil y las actividades extraescolares que se realizan fuera del horario lectivo habitual.<\/p>\n<p>Por otro lado, se podr\u00e1 realizar deporte de forma individual al aire libre entre municipios lim\u00edtrofes. Recordamos que los parques y jardines p\u00fablicos se pueden utilizar hasta las ocho de la tarde.<\/p>\n<p>Las recomendaciones de las autoridades sanitarias son quedarnos a casa y limitar al m\u00e1ximo las salidas fuera del domicilio, y solo relacionarnos con nuestra burbuja de convivencia.<\/p>\n<p>M\u00e1s informaci\u00f3n <a href=\"https:\/\/interior.gencat.cat\/ca\/arees_dactuacio\/proteccio_civil\/consells_autoproteccio_emergencia\/malalties-transmissibles-emergents-amb-potencial-alt-risc-\/\">AQU\u00cd.<\/a><\/p>\n","protected":false},"excerpt":{"rendered":"<p>Destaca la prohibici\u00f3n de desplazarnos fuera de nuestro municipio entre viernes a las 6.00h y lunes a las 6.00h de la ma\u00f1ana Esta medianoche han entrado en vigor las nuevas restricciones para frenar el avance de la segunda oleada de\u00a0Covi19\u00a0decretadas por la Generalitat, que estar\u00e1n vigentes al menos durante 15 d\u00edas y que se a\u00f1aden [&hellip;]<\/p>\n","protected":false},"author":4,"featured_media":52313,"comment_status":"closed","ping_status":"closed","sticky":false,"template":"","format":"standard","meta":{"inline_featured_image":false,"_monsterinsights_skip_tracking":false,"_monsterinsights_sitenote_active":false,"_monsterinsights_sitenote_note":"","_monsterinsights_sitenote_category":0,"footnotes":""},"categories":[98,188],"tags":[],"class_list":["post-52321","post","type-post","status-publish","format-standard","has-post-thumbnail","hentry","category-ayuntamiento","category-coronavirus-sociales"],"yoast_head":"<!-- This site is optimized with the Yoast SEO plugin v27.4 - https:\/\/yoast.com\/product\/yoast-seo-wordpress\/ -->\n<title>El Ayuntamiento de Mont-roig del Camp informa de las \u00faltimas medidas decretadas por el Gobierno de la Generalitat para frenar la segunda oleada de Covid19 - Ajuntament de Mont-roig del Camp<\/title>\n<meta name=\"robots\" content=\"index, follow, max-snippet:-1, max-image-preview:large, max-video-preview:-1\" \/>\n<link rel=\"canonical\" href=\"https:\/\/mont-roig.cat\/es\/actualitat\/noticies\/el-ayuntamiento-de-mont-roig-del-camp-informa-de-las-ultimas-medidas-decretadas-por-el-gobierno-de-la-generalitat-para-frenar-la-segunda-oleada-de-covid19\/\" \/>\n<meta property=\"og:locale\" content=\"es_ES\" \/>\n<meta property=\"og:type\" content=\"article\" \/>\n<meta property=\"og:title\" content=\"El Ayuntamiento de Mont-roig del Camp informa de las \u00faltimas medidas decretadas por el Gobierno de la Generalitat para frenar la segunda oleada de Covid19 - Ajuntament de Mont-roig del Camp\" \/>\n<meta property=\"og:description\" content=\"Destaca la prohibici\u00f3n de desplazarnos fuera de nuestro municipio entre viernes a las 6.00h y lunes a las 6.00h de la ma\u00f1ana Esta medianoche han entrado en vigor las nuevas restricciones para frenar el avance de la segunda oleada de\u00a0Covi19\u00a0decretadas por la Generalitat, que estar\u00e1n vigentes al menos durante 15 d\u00edas y que se a\u00f1aden [&hellip;]\" \/>\n<meta property=\"og:url\" content=\"https:\/\/mont-roig.cat\/es\/actualitat\/noticies\/el-ayuntamiento-de-mont-roig-del-camp-informa-de-las-ultimas-medidas-decretadas-por-el-gobierno-de-la-generalitat-para-frenar-la-segunda-oleada-de-covid19\/\" \/>\n<meta property=\"og:site_name\" content=\"Ajuntament de Mont-roig del Camp\" \/>\n<meta property=\"article:published_time\" content=\"2020-10-30T13:39:20+00:00\" \/>\n<meta property=\"article:modified_time\" content=\"2020-10-30T14:09:59+00:00\" \/>\n<meta property=\"og:image\" content=\"https:\/\/mont-roig.cat\/wp-content\/uploads\/NOVES-MESURES-02.png\" \/>\n\t<meta property=\"og:image:width\" content=\"2251\" \/>\n\t<meta property=\"og:image:height\" content=\"2078\" \/>\n\t<meta property=\"og:image:type\" content=\"image\/png\" \/>\n<meta name=\"author\" content=\"administrador\" \/>\n<meta name=\"twitter:card\" content=\"summary_large_image\" \/>\n<meta name=\"twitter:label1\" content=\"Escrito por\" \/>\n\t<meta name=\"twitter:data1\" content=\"administrador\" \/>\n\t<meta name=\"twitter:label2\" content=\"Tiempo de lectura\" \/>\n\t<meta name=\"twitter:data2\" content=\"3 minutos\" \/>\n<script type=\"application\/ld+json\" class=\"yoast-schema-graph\">{\"@context\":\"https:\\\/\\\/schema.org\",\"@graph\":[{\"@type\":\"Article\",\"@id\":\"https:\\\/\\\/mont-roig.cat\\\/es\\\/actualitat\\\/noticies\\\/el-ayuntamiento-de-mont-roig-del-camp-informa-de-las-ultimas-medidas-decretadas-por-el-gobierno-de-la-generalitat-para-frenar-la-segunda-oleada-de-covid19\\\/#article\",\"isPartOf\":{\"@id\":\"https:\\\/\\\/mont-roig.cat\\\/es\\\/actualitat\\\/noticies\\\/el-ayuntamiento-de-mont-roig-del-camp-informa-de-las-ultimas-medidas-decretadas-por-el-gobierno-de-la-generalitat-para-frenar-la-segunda-oleada-de-covid19\\\/\"},\"author\":{\"name\":\"administrador\",\"@id\":\"https:\\\/\\\/mont-roig.cat\\\/es\\\/#\\\/schema\\\/person\\\/f2b111789f22b7d0c3bd6786c9128cba\"},\"headline\":\"El Ayuntamiento de Mont-roig del Camp informa de las \u00faltimas medidas decretadas por el Gobierno de la Generalitat para frenar la segunda oleada de Covid19\",\"datePublished\":\"2020-10-30T13:39:20+00:00\",\"dateModified\":\"2020-10-30T14:09:59+00:00\",\"mainEntityOfPage\":{\"@id\":\"https:\\\/\\\/mont-roig.cat\\\/es\\\/actualitat\\\/noticies\\\/el-ayuntamiento-de-mont-roig-del-camp-informa-de-las-ultimas-medidas-decretadas-por-el-gobierno-de-la-generalitat-para-frenar-la-segunda-oleada-de-covid19\\\/\"},\"wordCount\":648,\"image\":{\"@id\":\"https:\\\/\\\/mont-roig.cat\\\/es\\\/actualitat\\\/noticies\\\/el-ayuntamiento-de-mont-roig-del-camp-informa-de-las-ultimas-medidas-decretadas-por-el-gobierno-de-la-generalitat-para-frenar-la-segunda-oleada-de-covid19\\\/#primaryimage\"},\"thumbnailUrl\":\"https:\\\/\\\/mont-roig.cat\\\/wp-content\\\/uploads\\\/NOVES-MESURES-02.png\",\"articleSection\":[\"Ayuntamiento\",\"Coronavirus - medidas sociales\"],\"inLanguage\":\"es\"},{\"@type\":\"WebPage\",\"@id\":\"https:\\\/\\\/mont-roig.cat\\\/es\\\/actualitat\\\/noticies\\\/el-ayuntamiento-de-mont-roig-del-camp-informa-de-las-ultimas-medidas-decretadas-por-el-gobierno-de-la-generalitat-para-frenar-la-segunda-oleada-de-covid19\\\/\",\"url\":\"https:\\\/\\\/mont-roig.cat\\\/es\\\/actualitat\\\/noticies\\\/el-ayuntamiento-de-mont-roig-del-camp-informa-de-las-ultimas-medidas-decretadas-por-el-gobierno-de-la-generalitat-para-frenar-la-segunda-oleada-de-covid19\\\/\",\"name\":\"El Ayuntamiento de Mont-roig del Camp informa de las \u00faltimas medidas decretadas por el Gobierno de la Generalitat para frenar la segunda oleada de Covid19 - Ajuntament de Mont-roig del Camp\",\"isPartOf\":{\"@id\":\"https:\\\/\\\/mont-roig.cat\\\/es\\\/#website\"},\"primaryImageOfPage\":{\"@id\":\"https:\\\/\\\/mont-roig.cat\\\/es\\\/actualitat\\\/noticies\\\/el-ayuntamiento-de-mont-roig-del-camp-informa-de-las-ultimas-medidas-decretadas-por-el-gobierno-de-la-generalitat-para-frenar-la-segunda-oleada-de-covid19\\\/#primaryimage\"},\"image\":{\"@id\":\"https:\\\/\\\/mont-roig.cat\\\/es\\\/actualitat\\\/noticies\\\/el-ayuntamiento-de-mont-roig-del-camp-informa-de-las-ultimas-medidas-decretadas-por-el-gobierno-de-la-generalitat-para-frenar-la-segunda-oleada-de-covid19\\\/#primaryimage\"},\"thumbnailUrl\":\"https:\\\/\\\/mont-roig.cat\\\/wp-content\\\/uploads\\\/NOVES-MESURES-02.png\",\"datePublished\":\"2020-10-30T13:39:20+00:00\",\"dateModified\":\"2020-10-30T14:09:59+00:00\",\"author\":{\"@id\":\"https:\\\/\\\/mont-roig.cat\\\/es\\\/#\\\/schema\\\/person\\\/f2b111789f22b7d0c3bd6786c9128cba\"},\"breadcrumb\":{\"@id\":\"https:\\\/\\\/mont-roig.cat\\\/es\\\/actualitat\\\/noticies\\\/el-ayuntamiento-de-mont-roig-del-camp-informa-de-las-ultimas-medidas-decretadas-por-el-gobierno-de-la-generalitat-para-frenar-la-segunda-oleada-de-covid19\\\/#breadcrumb\"},\"inLanguage\":\"es\",\"potentialAction\":[{\"@type\":\"ReadAction\",\"target\":[\"https:\\\/\\\/mont-roig.cat\\\/es\\\/actualitat\\\/noticies\\\/el-ayuntamiento-de-mont-roig-del-camp-informa-de-las-ultimas-medidas-decretadas-por-el-gobierno-de-la-generalitat-para-frenar-la-segunda-oleada-de-covid19\\\/\"]}]},{\"@type\":\"ImageObject\",\"inLanguage\":\"es\",\"@id\":\"https:\\\/\\\/mont-roig.cat\\\/es\\\/actualitat\\\/noticies\\\/el-ayuntamiento-de-mont-roig-del-camp-informa-de-las-ultimas-medidas-decretadas-por-el-gobierno-de-la-generalitat-para-frenar-la-segunda-oleada-de-covid19\\\/#primaryimage\",\"url\":\"https:\\\/\\\/mont-roig.cat\\\/wp-content\\\/uploads\\\/NOVES-MESURES-02.png\",\"contentUrl\":\"https:\\\/\\\/mont-roig.cat\\\/wp-content\\\/uploads\\\/NOVES-MESURES-02.png\",\"width\":2251,\"height\":2078},{\"@type\":\"BreadcrumbList\",\"@id\":\"https:\\\/\\\/mont-roig.cat\\\/es\\\/actualitat\\\/noticies\\\/el-ayuntamiento-de-mont-roig-del-camp-informa-de-las-ultimas-medidas-decretadas-por-el-gobierno-de-la-generalitat-para-frenar-la-segunda-oleada-de-covid19\\\/#breadcrumb\",\"itemListElement\":[{\"@type\":\"ListItem\",\"position\":1,\"name\":\"Inici\",\"item\":\"https:\\\/\\\/mont-roig.cat\\\/es\\\/pagina-de-inicio\\\/\"},{\"@type\":\"ListItem\",\"position\":2,\"name\":\"El Ayuntamiento de Mont-roig del Camp informa de las \u00faltimas medidas decretadas por el Gobierno de la Generalitat para frenar la segunda oleada de Covid19\"}]},{\"@type\":\"WebSite\",\"@id\":\"https:\\\/\\\/mont-roig.cat\\\/es\\\/#website\",\"url\":\"https:\\\/\\\/mont-roig.cat\\\/es\\\/\",\"name\":\"Ajuntament de Mont-roig del Camp\",\"description\":\"Tota la informaci\u00f3 sobre la instituci\u00f3, els seus \u00f2rgans de govern, actualitat, serveis i molt m\u00e9s.\",\"potentialAction\":[{\"@type\":\"SearchAction\",\"target\":{\"@type\":\"EntryPoint\",\"urlTemplate\":\"https:\\\/\\\/mont-roig.cat\\\/es\\\/?s={search_term_string}\"},\"query-input\":{\"@type\":\"PropertyValueSpecification\",\"valueRequired\":true,\"valueName\":\"search_term_string\"}}],\"inLanguage\":\"es\"},{\"@type\":\"Person\",\"@id\":\"https:\\\/\\\/mont-roig.cat\\\/es\\\/#\\\/schema\\\/person\\\/f2b111789f22b7d0c3bd6786c9128cba\",\"name\":\"administrador\",\"image\":{\"@type\":\"ImageObject\",\"inLanguage\":\"es\",\"@id\":\"https:\\\/\\\/secure.gravatar.com\\\/avatar\\\/9137aac6891e2595c9d3036fd83bcb653b4db3c946db4c7d9b9be193c3c944bb?s=96&d=mm&r=g\",\"url\":\"https:\\\/\\\/secure.gravatar.com\\\/avatar\\\/9137aac6891e2595c9d3036fd83bcb653b4db3c946db4c7d9b9be193c3c944bb?s=96&d=mm&r=g\",\"contentUrl\":\"https:\\\/\\\/secure.gravatar.com\\\/avatar\\\/9137aac6891e2595c9d3036fd83bcb653b4db3c946db4c7d9b9be193c3c944bb?s=96&d=mm&r=g\",\"caption\":\"administrador\"},\"url\":\"https:\\\/\\\/mont-roig.cat\\\/es\\\/actualitat\\\/noticies\\\/author\\\/administrador\\\/\"}]}<\/script>\n<!-- \/ Yoast SEO plugin. -->","yoast_head_json":{"title":"El Ayuntamiento de Mont-roig del Camp informa de las \u00faltimas medidas decretadas por el Gobierno de la Generalitat para frenar la segunda oleada de Covid19 - Ajuntament de Mont-roig del Camp","robots":{"index":"index","follow":"follow","max-snippet":"max-snippet:-1","max-image-preview":"max-image-preview:large","max-video-preview":"max-video-preview:-1"},"canonical":"https:\/\/mont-roig.cat\/es\/actualitat\/noticies\/el-ayuntamiento-de-mont-roig-del-camp-informa-de-las-ultimas-medidas-decretadas-por-el-gobierno-de-la-generalitat-para-frenar-la-segunda-oleada-de-covid19\/","og_locale":"es_ES","og_type":"article","og_title":"El Ayuntamiento de Mont-roig del Camp informa de las \u00faltimas medidas decretadas por el Gobierno de la Generalitat para frenar la segunda oleada de Covid19 - Ajuntament de Mont-roig del Camp","og_description":"Destaca la prohibici\u00f3n de desplazarnos fuera de nuestro municipio entre viernes a las 6.00h y lunes a las 6.00h de la ma\u00f1ana Esta medianoche han entrado en vigor las nuevas restricciones para frenar el avance de la segunda oleada de\u00a0Covi19\u00a0decretadas por la Generalitat, que estar\u00e1n vigentes al menos durante 15 d\u00edas y que se a\u00f1aden [&hellip;]","og_url":"https:\/\/mont-roig.cat\/es\/actualitat\/noticies\/el-ayuntamiento-de-mont-roig-del-camp-informa-de-las-ultimas-medidas-decretadas-por-el-gobierno-de-la-generalitat-para-frenar-la-segunda-oleada-de-covid19\/","og_site_name":"Ajuntament de Mont-roig del Camp","article_published_time":"2020-10-30T13:39:20+00:00","article_modified_time":"2020-10-30T14:09:59+00:00","og_image":[{"width":2251,"height":2078,"url":"https:\/\/mont-roig.cat\/wp-content\/uploads\/NOVES-MESURES-02.png","type":"image\/png"}],"author":"administrador","twitter_card":"summary_large_image","twitter_misc":{"Escrito por":"administrador","Tiempo de lectura":"3 minutos"},"schema":{"@context":"https:\/\/schema.org","@graph":[{"@type":"Article","@id":"https:\/\/mont-roig.cat\/es\/actualitat\/noticies\/el-ayuntamiento-de-mont-roig-del-camp-informa-de-las-ultimas-medidas-decretadas-por-el-gobierno-de-la-generalitat-para-frenar-la-segunda-oleada-de-covid19\/#article","isPartOf":{"@id":"https:\/\/mont-roig.cat\/es\/actualitat\/noticies\/el-ayuntamiento-de-mont-roig-del-camp-informa-de-las-ultimas-medidas-decretadas-por-el-gobierno-de-la-generalitat-para-frenar-la-segunda-oleada-de-covid19\/"},"author":{"name":"administrador","@id":"https:\/\/mont-roig.cat\/es\/#\/schema\/person\/f2b111789f22b7d0c3bd6786c9128cba"},"headline":"El Ayuntamiento de Mont-roig del Camp informa de las \u00faltimas medidas decretadas por el Gobierno de la Generalitat para frenar la segunda oleada de Covid19","datePublished":"2020-10-30T13:39:20+00:00","dateModified":"2020-10-30T14:09:59+00:00","mainEntityOfPage":{"@id":"https:\/\/mont-roig.cat\/es\/actualitat\/noticies\/el-ayuntamiento-de-mont-roig-del-camp-informa-de-las-ultimas-medidas-decretadas-por-el-gobierno-de-la-generalitat-para-frenar-la-segunda-oleada-de-covid19\/"},"wordCount":648,"image":{"@id":"https:\/\/mont-roig.cat\/es\/actualitat\/noticies\/el-ayuntamiento-de-mont-roig-del-camp-informa-de-las-ultimas-medidas-decretadas-por-el-gobierno-de-la-generalitat-para-frenar-la-segunda-oleada-de-covid19\/#primaryimage"},"thumbnailUrl":"https:\/\/mont-roig.cat\/wp-content\/uploads\/NOVES-MESURES-02.png","articleSection":["Ayuntamiento","Coronavirus - medidas sociales"],"inLanguage":"es"},{"@type":"WebPage","@id":"https:\/\/mont-roig.cat\/es\/actualitat\/noticies\/el-ayuntamiento-de-mont-roig-del-camp-informa-de-las-ultimas-medidas-decretadas-por-el-gobierno-de-la-generalitat-para-frenar-la-segunda-oleada-de-covid19\/","url":"https:\/\/mont-roig.cat\/es\/actualitat\/noticies\/el-ayuntamiento-de-mont-roig-del-camp-informa-de-las-ultimas-medidas-decretadas-por-el-gobierno-de-la-generalitat-para-frenar-la-segunda-oleada-de-covid19\/","name":"El Ayuntamiento de Mont-roig del Camp informa de las \u00faltimas medidas decretadas por el Gobierno de la Generalitat para frenar la segunda oleada de Covid19 - Ajuntament de Mont-roig del Camp","isPartOf":{"@id":"https:\/\/mont-roig.cat\/es\/#website"},"primaryImageOfPage":{"@id":"https:\/\/mont-roig.cat\/es\/actualitat\/noticies\/el-ayuntamiento-de-mont-roig-del-camp-informa-de-las-ultimas-medidas-decretadas-por-el-gobierno-de-la-generalitat-para-frenar-la-segunda-oleada-de-covid19\/#primaryimage"},"image":{"@id":"https:\/\/mont-roig.cat\/es\/actualitat\/noticies\/el-ayuntamiento-de-mont-roig-del-camp-informa-de-las-ultimas-medidas-decretadas-por-el-gobierno-de-la-generalitat-para-frenar-la-segunda-oleada-de-covid19\/#primaryimage"},"thumbnailUrl":"https:\/\/mont-roig.cat\/wp-content\/uploads\/NOVES-MESURES-02.png","datePublished":"2020-10-30T13:39:20+00:00","dateModified":"2020-10-30T14:09:59+00:00","author":{"@id":"https:\/\/mont-roig.cat\/es\/#\/schema\/person\/f2b111789f22b7d0c3bd6786c9128cba"},"breadcrumb":{"@id":"https:\/\/mont-roig.cat\/es\/actualitat\/noticies\/el-ayuntamiento-de-mont-roig-del-camp-informa-de-las-ultimas-medidas-decretadas-por-el-gobierno-de-la-generalitat-para-frenar-la-segunda-oleada-de-covid19\/#breadcrumb"},"inLanguage":"es","potentialAction":[{"@type":"ReadAction","target":["https:\/\/mont-roig.cat\/es\/actualitat\/noticies\/el-ayuntamiento-de-mont-roig-del-camp-informa-de-las-ultimas-medidas-decretadas-por-el-gobierno-de-la-generalitat-para-frenar-la-segunda-oleada-de-covid19\/"]}]},{"@type":"ImageObject","inLanguage":"es","@id":"https:\/\/mont-roig.cat\/es\/actualitat\/noticies\/el-ayuntamiento-de-mont-roig-del-camp-informa-de-las-ultimas-medidas-decretadas-por-el-gobierno-de-la-generalitat-para-frenar-la-segunda-oleada-de-covid19\/#primaryimage","url":"https:\/\/mont-roig.cat\/wp-content\/uploads\/NOVES-MESURES-02.png","contentUrl":"https:\/\/mont-roig.cat\/wp-content\/uploads\/NOVES-MESURES-02.png","width":2251,"height":2078},{"@type":"BreadcrumbList","@id":"https:\/\/mont-roig.cat\/es\/actualitat\/noticies\/el-ayuntamiento-de-mont-roig-del-camp-informa-de-las-ultimas-medidas-decretadas-por-el-gobierno-de-la-generalitat-para-frenar-la-segunda-oleada-de-covid19\/#breadcrumb","itemListElement":[{"@type":"ListItem","position":1,"name":"Inici","item":"https:\/\/mont-roig.cat\/es\/pagina-de-inicio\/"},{"@type":"ListItem","position":2,"name":"El Ayuntamiento de Mont-roig del Camp informa de las \u00faltimas medidas decretadas por el Gobierno de la Generalitat para frenar la segunda oleada de Covid19"}]},{"@type":"WebSite","@id":"https:\/\/mont-roig.cat\/es\/#website","url":"https:\/\/mont-roig.cat\/es\/","name":"Ajuntament de Mont-roig del Camp","description":"Tota la informaci\u00f3 sobre la instituci\u00f3, els seus \u00f2rgans de govern, actualitat, serveis i molt m\u00e9s.","potentialAction":[{"@type":"SearchAction","target":{"@type":"EntryPoint","urlTemplate":"https:\/\/mont-roig.cat\/es\/?s={search_term_string}"},"query-input":{"@type":"PropertyValueSpecification","valueRequired":true,"valueName":"search_term_string"}}],"inLanguage":"es"},{"@type":"Person","@id":"https:\/\/mont-roig.cat\/es\/#\/schema\/person\/f2b111789f22b7d0c3bd6786c9128cba","name":"administrador","image":{"@type":"ImageObject","inLanguage":"es","@id":"https:\/\/secure.gravatar.com\/avatar\/9137aac6891e2595c9d3036fd83bcb653b4db3c946db4c7d9b9be193c3c944bb?s=96&d=mm&r=g","url":"https:\/\/secure.gravatar.com\/avatar\/9137aac6891e2595c9d3036fd83bcb653b4db3c946db4c7d9b9be193c3c944bb?s=96&d=mm&r=g","contentUrl":"https:\/\/secure.gravatar.com\/avatar\/9137aac6891e2595c9d3036fd83bcb653b4db3c946db4c7d9b9be193c3c944bb?s=96&d=mm&r=g","caption":"administrador"},"url":"https:\/\/mont-roig.cat\/es\/actualitat\/noticies\/author\/administrador\/"}]}},"_links":{"self":[{"href":"https:\/\/mont-roig.cat\/es\/wp-json\/wp\/v2\/posts\/52321","targetHints":{"allow":["GET"]}}],"collection":[{"href":"https:\/\/mont-roig.cat\/es\/wp-json\/wp\/v2\/posts"}],"about":[{"href":"https:\/\/mont-roig.cat\/es\/wp-json\/wp\/v2\/types\/post"}],"author":[{"embeddable":true,"href":"https:\/\/mont-roig.cat\/es\/wp-json\/wp\/v2\/users\/4"}],"replies":[{"embeddable":true,"href":"https:\/\/mont-roig.cat\/es\/wp-json\/wp\/v2\/comments?post=52321"}],"version-history":[{"count":2,"href":"https:\/\/mont-roig.cat\/es\/wp-json\/wp\/v2\/posts\/52321\/revisions"}],"predecessor-version":[{"id":52325,"href":"https:\/\/mont-roig.cat\/es\/wp-json\/wp\/v2\/posts\/52321\/revisions\/52325"}],"wp:featuredmedia":[{"embeddable":true,"href":"https:\/\/mont-roig.cat\/es\/wp-json\/wp\/v2\/media\/52313"}],"wp:attachment":[{"href":"https:\/\/mont-roig.cat\/es\/wp-json\/wp\/v2\/media?parent=52321"}],"wp:term":[{"taxonomy":"category","embeddable":true,"href":"https:\/\/mont-roig.cat\/es\/wp-json\/wp\/v2\/categories?post=52321"},{"taxonomy":"post_tag","embeddable":true,"href":"https:\/\/mont-roig.cat\/es\/wp-json\/wp\/v2\/tags?post=52321"}],"curies":[{"name":"wp","href":"https:\/\/api.w.org\/{rel}","templated":true}]}}