{"id":52384,"date":"2020-11-04T11:59:57","date_gmt":"2020-11-04T10:59:57","guid":{"rendered":"https:\/\/mont-roig.cat\/?p=52384"},"modified":"2020-11-04T11:59:57","modified_gmt":"2020-11-04T10:59:57","slug":"los-dias-26-y-27-de-noviembre-se-podra-pasar-la-itv-agricola-en-mont-roig","status":"publish","type":"post","link":"https:\/\/mont-roig.cat\/es\/actualitat\/noticies\/los-dias-26-y-27-de-noviembre-se-podra-pasar-la-itv-agricola-en-mont-roig\/","title":{"rendered":"Los d\u00edas 26 y 27 de noviembre se podr\u00e1 pasar la ITV agr\u00edcola en Mont-roig"},"content":{"rendered":"<div id=\"attachment_52381\" style=\"width: 310px\" class=\"wp-caption alignright\"><a href=\"https:\/\/mont-roig.cat\/wp-content\/uploads\/isolated-2240623_1920.png\"><img loading=\"lazy\" decoding=\"async\" aria-describedby=\"caption-attachment-52381\" class=\"wp-image-52381\" style=\"font-weight: 400;\" src=\"https:\/\/mont-roig.cat\/wp-content\/uploads\/isolated-2240623_1920-500x372.png\" alt=\"\" width=\"300\" height=\"223\" srcset=\"https:\/\/mont-roig.cat\/wp-content\/uploads\/isolated-2240623_1920-500x372.png 500w, https:\/\/mont-roig.cat\/wp-content\/uploads\/isolated-2240623_1920-1024x762.png 1024w, https:\/\/mont-roig.cat\/wp-content\/uploads\/isolated-2240623_1920-768x571.png 768w, https:\/\/mont-roig.cat\/wp-content\/uploads\/isolated-2240623_1920-1536x1142.png 1536w, https:\/\/mont-roig.cat\/wp-content\/uploads\/isolated-2240623_1920.png 1920w\" sizes=\"auto, (max-width: 300px) 100vw, 300px\" \/><\/a><p id=\"caption-attachment-52381\" class=\"wp-caption-text\">El Ayuntamiento dar\u00e1 las horas de cita previa para pasar la inspecci\u00f3n t\u00e9cnica agr\u00edcola<\/p><\/div>\n<p><strong>\u2022 Las personas interesadas deben solicitar obligatoriamente cita previa al ayuntamiento a trav\u00e9s del tel\u00e9fono 977 83 70 05 o bien al correo ajuntament@mont-roig.cat<\/strong><\/p>\n<p>El Ayuntamiento informa que los d\u00edas 26 y 27 de noviembre los veh\u00edculos agr\u00edcolas y ciclomotores podr\u00e1n pasar la Inspecci\u00f3n T\u00e9cnica de Veh\u00edculos (ITV) en Mont-roig. La unidad m\u00f3vil para la ITV Agr\u00edcola se instalar\u00e1 en la calle Sorts (detr\u00e1s de la Fisher). El horario de apertura ser\u00e1 de las 7.30h de la ma\u00f1ana a las 13.30h del mediod\u00eda.<\/p>\n<p>En esta ocasi\u00f3n, y debido a la actual situaci\u00f3n provocada por la Covid19, los interesados \u200b\u200ben pasar la ITV deber\u00e1n pedir obligatoriamente cita previa a trav\u00e9s del tel\u00e9fono del Ayuntamiento 977837005 o bien al correo electr\u00f3nico a ayuntamiento ajuntament@mont-roig.cat<\/p>\n<p>Adem\u00e1s, la empresa encargada de la ITV, Applus, recomienda a los usuarios que lleven mascarilla y guantes, que vayan solos a la inspecci\u00f3n, que paguen con tarjeta y que respeten el horario de la cita para evitar aglomeraciones.<\/p>\n<p>PERIODICIDAD DE LAS INSPECCIONES<br \/>\nDe acuerdo con el RD 2042\/1994 de 14 de octubre que regula la inspecci\u00f3n t\u00e9cnica de veh\u00edculos, la primera inspecci\u00f3n ITV para veh\u00edculos agr\u00edcolas, se realizar\u00e1 a los 8 a\u00f1os de la fecha de la primera matriculaci\u00f3n, para veh\u00edculos ciclomotores la primera inspecci\u00f3n ITV se realizar\u00e1 a los 3 a\u00f1os de la primera matriculaci\u00f3n. (Para m\u00e1s informaci\u00f3n de los plazos de revisi\u00f3n de ciclomotores consultar DOGC de 14\/01\/2009 n\u00ba 5296)<\/p>\n","protected":false},"excerpt":{"rendered":"<p>\u2022 Las personas interesadas deben solicitar obligatoriamente cita previa al ayuntamiento a trav\u00e9s del tel\u00e9fono 977 83 70 05 o bien al correo ajuntament@mont-roig.cat El Ayuntamiento informa que los d\u00edas 26 y 27 de noviembre los veh\u00edculos agr\u00edcolas y ciclomotores podr\u00e1n pasar la Inspecci\u00f3n T\u00e9cnica de Veh\u00edculos (ITV) en Mont-roig. La unidad m\u00f3vil para la [&hellip;]<\/p>\n","protected":false},"author":4,"featured_media":52382,"comment_status":"closed","ping_status":"closed","sticky":false,"template":"","format":"standard","meta":{"inline_featured_image":false,"_monsterinsights_skip_tracking":false,"_monsterinsights_sitenote_active":false,"_monsterinsights_sitenote_note":"","_monsterinsights_sitenote_category":0,"footnotes":""},"categories":[98,99],"tags":[],"class_list":["post-52384","post","type-post","status-publish","format-standard","has-post-thumbnail","hentry","category-ayuntamiento","category-otros"],"yoast_head":"<!-- This site is optimized with the Yoast SEO plugin v27.4 - https:\/\/yoast.com\/product\/yoast-seo-wordpress\/ -->\n<title>Los d\u00edas 26 y 27 de noviembre se podr\u00e1 pasar la ITV agr\u00edcola en Mont-roig - Ajuntament de Mont-roig del Camp<\/title>\n<meta name=\"robots\" content=\"index, follow, max-snippet:-1, max-image-preview:large, max-video-preview:-1\" \/>\n<link rel=\"canonical\" href=\"https:\/\/mont-roig.cat\/es\/actualitat\/noticies\/los-dias-26-y-27-de-noviembre-se-podra-pasar-la-itv-agricola-en-mont-roig\/\" \/>\n<meta property=\"og:locale\" content=\"es_ES\" \/>\n<meta property=\"og:type\" content=\"article\" \/>\n<meta property=\"og:title\" content=\"Los d\u00edas 26 y 27 de noviembre se podr\u00e1 pasar la ITV agr\u00edcola en Mont-roig - Ajuntament de Mont-roig del Camp\" \/>\n<meta property=\"og:description\" content=\"\u2022 Las personas interesadas deben solicitar obligatoriamente cita previa al ayuntamiento a trav\u00e9s del tel\u00e9fono 977 83 70 05 o bien al correo ajuntament@mont-roig.cat El Ayuntamiento informa que los d\u00edas 26 y 27 de noviembre los veh\u00edculos agr\u00edcolas y ciclomotores podr\u00e1n pasar la Inspecci\u00f3n T\u00e9cnica de Veh\u00edculos (ITV) en Mont-roig. La unidad m\u00f3vil para la [&hellip;]\" \/>\n<meta property=\"og:url\" content=\"https:\/\/mont-roig.cat\/es\/actualitat\/noticies\/los-dias-26-y-27-de-noviembre-se-podra-pasar-la-itv-agricola-en-mont-roig\/\" \/>\n<meta property=\"og:site_name\" content=\"Ajuntament de Mont-roig del Camp\" \/>\n<meta property=\"article:published_time\" content=\"2020-11-04T10:59:57+00:00\" \/>\n<meta property=\"og:image\" content=\"https:\/\/mont-roig.cat\/wp-content\/uploads\/isolated-2240623_1920-1024x762.png\" \/>\n\t<meta property=\"og:image:width\" content=\"1024\" \/>\n\t<meta property=\"og:image:height\" content=\"762\" \/>\n\t<meta property=\"og:image:type\" content=\"image\/png\" \/>\n<meta name=\"author\" content=\"administrador\" \/>\n<meta name=\"twitter:card\" content=\"summary_large_image\" \/>\n<meta name=\"twitter:label1\" content=\"Escrito por\" \/>\n\t<meta name=\"twitter:data1\" content=\"administrador\" \/>\n\t<meta name=\"twitter:label2\" content=\"Tiempo de lectura\" \/>\n\t<meta name=\"twitter:data2\" content=\"1 minuto\" \/>\n<script type=\"application\/ld+json\" class=\"yoast-schema-graph\">{\"@context\":\"https:\\\/\\\/schema.org\",\"@graph\":[{\"@type\":\"Article\",\"@id\":\"https:\\\/\\\/mont-roig.cat\\\/es\\\/actualitat\\\/noticies\\\/los-dias-26-y-27-de-noviembre-se-podra-pasar-la-itv-agricola-en-mont-roig\\\/#article\",\"isPartOf\":{\"@id\":\"https:\\\/\\\/mont-roig.cat\\\/es\\\/actualitat\\\/noticies\\\/los-dias-26-y-27-de-noviembre-se-podra-pasar-la-itv-agricola-en-mont-roig\\\/\"},\"author\":{\"name\":\"administrador\",\"@id\":\"https:\\\/\\\/mont-roig.cat\\\/es\\\/#\\\/schema\\\/person\\\/f2b111789f22b7d0c3bd6786c9128cba\"},\"headline\":\"Los d\u00edas 26 y 27 de noviembre se podr\u00e1 pasar la ITV agr\u00edcola en Mont-roig\",\"datePublished\":\"2020-11-04T10:59:57+00:00\",\"mainEntityOfPage\":{\"@id\":\"https:\\\/\\\/mont-roig.cat\\\/es\\\/actualitat\\\/noticies\\\/los-dias-26-y-27-de-noviembre-se-podra-pasar-la-itv-agricola-en-mont-roig\\\/\"},\"wordCount\":302,\"image\":{\"@id\":\"https:\\\/\\\/mont-roig.cat\\\/es\\\/actualitat\\\/noticies\\\/los-dias-26-y-27-de-noviembre-se-podra-pasar-la-itv-agricola-en-mont-roig\\\/#primaryimage\"},\"thumbnailUrl\":\"https:\\\/\\\/mont-roig.cat\\\/wp-content\\\/uploads\\\/isolated-2240623_1920.png\",\"articleSection\":[\"Ayuntamiento\",\"Otros\"],\"inLanguage\":\"es\"},{\"@type\":\"WebPage\",\"@id\":\"https:\\\/\\\/mont-roig.cat\\\/es\\\/actualitat\\\/noticies\\\/los-dias-26-y-27-de-noviembre-se-podra-pasar-la-itv-agricola-en-mont-roig\\\/\",\"url\":\"https:\\\/\\\/mont-roig.cat\\\/es\\\/actualitat\\\/noticies\\\/los-dias-26-y-27-de-noviembre-se-podra-pasar-la-itv-agricola-en-mont-roig\\\/\",\"name\":\"Los d\u00edas 26 y 27 de noviembre se podr\u00e1 pasar la ITV agr\u00edcola en Mont-roig - Ajuntament de Mont-roig del Camp\",\"isPartOf\":{\"@id\":\"https:\\\/\\\/mont-roig.cat\\\/es\\\/#website\"},\"primaryImageOfPage\":{\"@id\":\"https:\\\/\\\/mont-roig.cat\\\/es\\\/actualitat\\\/noticies\\\/los-dias-26-y-27-de-noviembre-se-podra-pasar-la-itv-agricola-en-mont-roig\\\/#primaryimage\"},\"image\":{\"@id\":\"https:\\\/\\\/mont-roig.cat\\\/es\\\/actualitat\\\/noticies\\\/los-dias-26-y-27-de-noviembre-se-podra-pasar-la-itv-agricola-en-mont-roig\\\/#primaryimage\"},\"thumbnailUrl\":\"https:\\\/\\\/mont-roig.cat\\\/wp-content\\\/uploads\\\/isolated-2240623_1920.png\",\"datePublished\":\"2020-11-04T10:59:57+00:00\",\"author\":{\"@id\":\"https:\\\/\\\/mont-roig.cat\\\/es\\\/#\\\/schema\\\/person\\\/f2b111789f22b7d0c3bd6786c9128cba\"},\"breadcrumb\":{\"@id\":\"https:\\\/\\\/mont-roig.cat\\\/es\\\/actualitat\\\/noticies\\\/los-dias-26-y-27-de-noviembre-se-podra-pasar-la-itv-agricola-en-mont-roig\\\/#breadcrumb\"},\"inLanguage\":\"es\",\"potentialAction\":[{\"@type\":\"ReadAction\",\"target\":[\"https:\\\/\\\/mont-roig.cat\\\/es\\\/actualitat\\\/noticies\\\/los-dias-26-y-27-de-noviembre-se-podra-pasar-la-itv-agricola-en-mont-roig\\\/\"]}]},{\"@type\":\"ImageObject\",\"inLanguage\":\"es\",\"@id\":\"https:\\\/\\\/mont-roig.cat\\\/es\\\/actualitat\\\/noticies\\\/los-dias-26-y-27-de-noviembre-se-podra-pasar-la-itv-agricola-en-mont-roig\\\/#primaryimage\",\"url\":\"https:\\\/\\\/mont-roig.cat\\\/wp-content\\\/uploads\\\/isolated-2240623_1920.png\",\"contentUrl\":\"https:\\\/\\\/mont-roig.cat\\\/wp-content\\\/uploads\\\/isolated-2240623_1920.png\",\"width\":1920,\"height\":1428},{\"@type\":\"BreadcrumbList\",\"@id\":\"https:\\\/\\\/mont-roig.cat\\\/es\\\/actualitat\\\/noticies\\\/los-dias-26-y-27-de-noviembre-se-podra-pasar-la-itv-agricola-en-mont-roig\\\/#breadcrumb\",\"itemListElement\":[{\"@type\":\"ListItem\",\"position\":1,\"name\":\"Inici\",\"item\":\"https:\\\/\\\/mont-roig.cat\\\/es\\\/pagina-de-inicio\\\/\"},{\"@type\":\"ListItem\",\"position\":2,\"name\":\"Los d\u00edas 26 y 27 de noviembre se podr\u00e1 pasar la ITV agr\u00edcola en Mont-roig\"}]},{\"@type\":\"WebSite\",\"@id\":\"https:\\\/\\\/mont-roig.cat\\\/es\\\/#website\",\"url\":\"https:\\\/\\\/mont-roig.cat\\\/es\\\/\",\"name\":\"Ajuntament de Mont-roig del Camp\",\"description\":\"Tota la informaci\u00f3 sobre la instituci\u00f3, els seus \u00f2rgans de govern, actualitat, serveis i molt m\u00e9s.\",\"potentialAction\":[{\"@type\":\"SearchAction\",\"target\":{\"@type\":\"EntryPoint\",\"urlTemplate\":\"https:\\\/\\\/mont-roig.cat\\\/es\\\/?s={search_term_string}\"},\"query-input\":{\"@type\":\"PropertyValueSpecification\",\"valueRequired\":true,\"valueName\":\"search_term_string\"}}],\"inLanguage\":\"es\"},{\"@type\":\"Person\",\"@id\":\"https:\\\/\\\/mont-roig.cat\\\/es\\\/#\\\/schema\\\/person\\\/f2b111789f22b7d0c3bd6786c9128cba\",\"name\":\"administrador\",\"image\":{\"@type\":\"ImageObject\",\"inLanguage\":\"es\",\"@id\":\"https:\\\/\\\/secure.gravatar.com\\\/avatar\\\/9137aac6891e2595c9d3036fd83bcb653b4db3c946db4c7d9b9be193c3c944bb?s=96&d=mm&r=g\",\"url\":\"https:\\\/\\\/secure.gravatar.com\\\/avatar\\\/9137aac6891e2595c9d3036fd83bcb653b4db3c946db4c7d9b9be193c3c944bb?s=96&d=mm&r=g\",\"contentUrl\":\"https:\\\/\\\/secure.gravatar.com\\\/avatar\\\/9137aac6891e2595c9d3036fd83bcb653b4db3c946db4c7d9b9be193c3c944bb?s=96&d=mm&r=g\",\"caption\":\"administrador\"},\"url\":\"https:\\\/\\\/mont-roig.cat\\\/es\\\/actualitat\\\/noticies\\\/author\\\/administrador\\\/\"}]}<\/script>\n<!-- \/ Yoast SEO plugin. -->","yoast_head_json":{"title":"Los d\u00edas 26 y 27 de noviembre se podr\u00e1 pasar la ITV agr\u00edcola en Mont-roig - Ajuntament de Mont-roig del Camp","robots":{"index":"index","follow":"follow","max-snippet":"max-snippet:-1","max-image-preview":"max-image-preview:large","max-video-preview":"max-video-preview:-1"},"canonical":"https:\/\/mont-roig.cat\/es\/actualitat\/noticies\/los-dias-26-y-27-de-noviembre-se-podra-pasar-la-itv-agricola-en-mont-roig\/","og_locale":"es_ES","og_type":"article","og_title":"Los d\u00edas 26 y 27 de noviembre se podr\u00e1 pasar la ITV agr\u00edcola en Mont-roig - Ajuntament de Mont-roig del Camp","og_description":"\u2022 Las personas interesadas deben solicitar obligatoriamente cita previa al ayuntamiento a trav\u00e9s del tel\u00e9fono 977 83 70 05 o bien al correo ajuntament@mont-roig.cat El Ayuntamiento informa que los d\u00edas 26 y 27 de noviembre los veh\u00edculos agr\u00edcolas y ciclomotores podr\u00e1n pasar la Inspecci\u00f3n T\u00e9cnica de Veh\u00edculos (ITV) en Mont-roig. La unidad m\u00f3vil para la [&hellip;]","og_url":"https:\/\/mont-roig.cat\/es\/actualitat\/noticies\/los-dias-26-y-27-de-noviembre-se-podra-pasar-la-itv-agricola-en-mont-roig\/","og_site_name":"Ajuntament de Mont-roig del Camp","article_published_time":"2020-11-04T10:59:57+00:00","og_image":[{"width":1024,"height":762,"url":"https:\/\/mont-roig.cat\/wp-content\/uploads\/isolated-2240623_1920-1024x762.png","type":"image\/png"}],"author":"administrador","twitter_card":"summary_large_image","twitter_misc":{"Escrito por":"administrador","Tiempo de lectura":"1 minuto"},"schema":{"@context":"https:\/\/schema.org","@graph":[{"@type":"Article","@id":"https:\/\/mont-roig.cat\/es\/actualitat\/noticies\/los-dias-26-y-27-de-noviembre-se-podra-pasar-la-itv-agricola-en-mont-roig\/#article","isPartOf":{"@id":"https:\/\/mont-roig.cat\/es\/actualitat\/noticies\/los-dias-26-y-27-de-noviembre-se-podra-pasar-la-itv-agricola-en-mont-roig\/"},"author":{"name":"administrador","@id":"https:\/\/mont-roig.cat\/es\/#\/schema\/person\/f2b111789f22b7d0c3bd6786c9128cba"},"headline":"Los d\u00edas 26 y 27 de noviembre se podr\u00e1 pasar la ITV agr\u00edcola en Mont-roig","datePublished":"2020-11-04T10:59:57+00:00","mainEntityOfPage":{"@id":"https:\/\/mont-roig.cat\/es\/actualitat\/noticies\/los-dias-26-y-27-de-noviembre-se-podra-pasar-la-itv-agricola-en-mont-roig\/"},"wordCount":302,"image":{"@id":"https:\/\/mont-roig.cat\/es\/actualitat\/noticies\/los-dias-26-y-27-de-noviembre-se-podra-pasar-la-itv-agricola-en-mont-roig\/#primaryimage"},"thumbnailUrl":"https:\/\/mont-roig.cat\/wp-content\/uploads\/isolated-2240623_1920.png","articleSection":["Ayuntamiento","Otros"],"inLanguage":"es"},{"@type":"WebPage","@id":"https:\/\/mont-roig.cat\/es\/actualitat\/noticies\/los-dias-26-y-27-de-noviembre-se-podra-pasar-la-itv-agricola-en-mont-roig\/","url":"https:\/\/mont-roig.cat\/es\/actualitat\/noticies\/los-dias-26-y-27-de-noviembre-se-podra-pasar-la-itv-agricola-en-mont-roig\/","name":"Los d\u00edas 26 y 27 de noviembre se podr\u00e1 pasar la ITV agr\u00edcola en Mont-roig - Ajuntament de Mont-roig del Camp","isPartOf":{"@id":"https:\/\/mont-roig.cat\/es\/#website"},"primaryImageOfPage":{"@id":"https:\/\/mont-roig.cat\/es\/actualitat\/noticies\/los-dias-26-y-27-de-noviembre-se-podra-pasar-la-itv-agricola-en-mont-roig\/#primaryimage"},"image":{"@id":"https:\/\/mont-roig.cat\/es\/actualitat\/noticies\/los-dias-26-y-27-de-noviembre-se-podra-pasar-la-itv-agricola-en-mont-roig\/#primaryimage"},"thumbnailUrl":"https:\/\/mont-roig.cat\/wp-content\/uploads\/isolated-2240623_1920.png","datePublished":"2020-11-04T10:59:57+00:00","author":{"@id":"https:\/\/mont-roig.cat\/es\/#\/schema\/person\/f2b111789f22b7d0c3bd6786c9128cba"},"breadcrumb":{"@id":"https:\/\/mont-roig.cat\/es\/actualitat\/noticies\/los-dias-26-y-27-de-noviembre-se-podra-pasar-la-itv-agricola-en-mont-roig\/#breadcrumb"},"inLanguage":"es","potentialAction":[{"@type":"ReadAction","target":["https:\/\/mont-roig.cat\/es\/actualitat\/noticies\/los-dias-26-y-27-de-noviembre-se-podra-pasar-la-itv-agricola-en-mont-roig\/"]}]},{"@type":"ImageObject","inLanguage":"es","@id":"https:\/\/mont-roig.cat\/es\/actualitat\/noticies\/los-dias-26-y-27-de-noviembre-se-podra-pasar-la-itv-agricola-en-mont-roig\/#primaryimage","url":"https:\/\/mont-roig.cat\/wp-content\/uploads\/isolated-2240623_1920.png","contentUrl":"https:\/\/mont-roig.cat\/wp-content\/uploads\/isolated-2240623_1920.png","width":1920,"height":1428},{"@type":"BreadcrumbList","@id":"https:\/\/mont-roig.cat\/es\/actualitat\/noticies\/los-dias-26-y-27-de-noviembre-se-podra-pasar-la-itv-agricola-en-mont-roig\/#breadcrumb","itemListElement":[{"@type":"ListItem","position":1,"name":"Inici","item":"https:\/\/mont-roig.cat\/es\/pagina-de-inicio\/"},{"@type":"ListItem","position":2,"name":"Los d\u00edas 26 y 27 de noviembre se podr\u00e1 pasar la ITV agr\u00edcola en Mont-roig"}]},{"@type":"WebSite","@id":"https:\/\/mont-roig.cat\/es\/#website","url":"https:\/\/mont-roig.cat\/es\/","name":"Ajuntament de Mont-roig del Camp","description":"Tota la informaci\u00f3 sobre la instituci\u00f3, els seus \u00f2rgans de govern, actualitat, serveis i molt m\u00e9s.","potentialAction":[{"@type":"SearchAction","target":{"@type":"EntryPoint","urlTemplate":"https:\/\/mont-roig.cat\/es\/?s={search_term_string}"},"query-input":{"@type":"PropertyValueSpecification","valueRequired":true,"valueName":"search_term_string"}}],"inLanguage":"es"},{"@type":"Person","@id":"https:\/\/mont-roig.cat\/es\/#\/schema\/person\/f2b111789f22b7d0c3bd6786c9128cba","name":"administrador","image":{"@type":"ImageObject","inLanguage":"es","@id":"https:\/\/secure.gravatar.com\/avatar\/9137aac6891e2595c9d3036fd83bcb653b4db3c946db4c7d9b9be193c3c944bb?s=96&d=mm&r=g","url":"https:\/\/secure.gravatar.com\/avatar\/9137aac6891e2595c9d3036fd83bcb653b4db3c946db4c7d9b9be193c3c944bb?s=96&d=mm&r=g","contentUrl":"https:\/\/secure.gravatar.com\/avatar\/9137aac6891e2595c9d3036fd83bcb653b4db3c946db4c7d9b9be193c3c944bb?s=96&d=mm&r=g","caption":"administrador"},"url":"https:\/\/mont-roig.cat\/es\/actualitat\/noticies\/author\/administrador\/"}]}},"_links":{"self":[{"href":"https:\/\/mont-roig.cat\/es\/wp-json\/wp\/v2\/posts\/52384","targetHints":{"allow":["GET"]}}],"collection":[{"href":"https:\/\/mont-roig.cat\/es\/wp-json\/wp\/v2\/posts"}],"about":[{"href":"https:\/\/mont-roig.cat\/es\/wp-json\/wp\/v2\/types\/post"}],"author":[{"embeddable":true,"href":"https:\/\/mont-roig.cat\/es\/wp-json\/wp\/v2\/users\/4"}],"replies":[{"embeddable":true,"href":"https:\/\/mont-roig.cat\/es\/wp-json\/wp\/v2\/comments?post=52384"}],"version-history":[{"count":2,"href":"https:\/\/mont-roig.cat\/es\/wp-json\/wp\/v2\/posts\/52384\/revisions"}],"predecessor-version":[{"id":52386,"href":"https:\/\/mont-roig.cat\/es\/wp-json\/wp\/v2\/posts\/52384\/revisions\/52386"}],"wp:featuredmedia":[{"embeddable":true,"href":"https:\/\/mont-roig.cat\/es\/wp-json\/wp\/v2\/media\/52382"}],"wp:attachment":[{"href":"https:\/\/mont-roig.cat\/es\/wp-json\/wp\/v2\/media?parent=52384"}],"wp:term":[{"taxonomy":"category","embeddable":true,"href":"https:\/\/mont-roig.cat\/es\/wp-json\/wp\/v2\/categories?post=52384"},{"taxonomy":"post_tag","embeddable":true,"href":"https:\/\/mont-roig.cat\/es\/wp-json\/wp\/v2\/tags?post=52384"}],"curies":[{"name":"wp","href":"https:\/\/api.w.org\/{rel}","templated":true}]}}