{"id":52402,"date":"2020-11-06T09:27:20","date_gmt":"2020-11-06T08:27:20","guid":{"rendered":"https:\/\/mont-roig.cat\/?p=52402"},"modified":"2020-11-06T09:27:20","modified_gmt":"2020-11-06T08:27:20","slug":"el-ayuntamiento-se-ha-puesto-en-contacto-con-los-reyes-magos-para-que-su-magia-sea-cual-sea-la-situacion-de-esta-navidad-llegue-a-los-ninos-y-ninas-del-municipio","status":"publish","type":"post","link":"https:\/\/mont-roig.cat\/es\/actualitat\/noticies\/el-ayuntamiento-se-ha-puesto-en-contacto-con-los-reyes-magos-para-que-su-magia-sea-cual-sea-la-situacion-de-esta-navidad-llegue-a-los-ninos-y-ninas-del-municipio\/","title":{"rendered":"El Ayuntamiento se ha puesto en contacto con los Reyes Magos para que su magia, sea cual sea la situaci\u00f3n de esta Navidad, llegue a los ni\u00f1os y ni\u00f1as del municipio"},"content":{"rendered":"<p><strong><strong><a href=\"https:\/\/mont-roig.cat\/wp-content\/uploads\/Trucada-dels-Reis-dOrient-als-infants.png\"><img loading=\"lazy\" decoding=\"async\" class=\"alignright wp-image-52397\" src=\"https:\/\/mont-roig.cat\/wp-content\/uploads\/Trucada-dels-Reis-dOrient-als-infants-281x500.png\" alt=\"\" width=\"200\" height=\"356\" srcset=\"https:\/\/mont-roig.cat\/wp-content\/uploads\/Trucada-dels-Reis-dOrient-als-infants-281x500.png 281w, https:\/\/mont-roig.cat\/wp-content\/uploads\/Trucada-dels-Reis-dOrient-als-infants-576x1024.png 576w, https:\/\/mont-roig.cat\/wp-content\/uploads\/Trucada-dels-Reis-dOrient-als-infants-768x1365.png 768w, https:\/\/mont-roig.cat\/wp-content\/uploads\/Trucada-dels-Reis-dOrient-als-infants-864x1536.png 864w, https:\/\/mont-roig.cat\/wp-content\/uploads\/Trucada-dels-Reis-dOrient-als-infants.png 1080w\" sizes=\"auto, (max-width: 200px) 100vw, 200px\" \/><\/a><\/strong><\/strong><\/p>\n<ul>\n<li><strong>Las familias que quieran que Melchor, Gaspar o Baltasar llamen a sus hijos y hijas deben enviar un correo electr\u00f3nico a festes@mont-roig.cat antes del 4 de diciembre<\/strong><\/li>\n<\/ul>\n<p>El Ayuntamiento de Mont-roig del Camp se ha puesto en contacto con los Reyes Magos para que su magia, sea cual sea la situaci\u00f3n de la crisis de la Covid19 durante las fiestas navide\u00f1as, pueda llegar a todos los ni\u00f1os y ni\u00f1as del municipio.<\/p>\n<p>Y es que ante la incertidumbre de saber si Sus Majestades podr\u00e1n ofrecer las tradicionales cabalgatas que cada a\u00f1o llenan de ilusi\u00f3n las calles de Mont-roig y de Miami Platja, el consistorio ya ha empezado a hacer gestiones con Melchor, Gaspar y Baltasar para que en esta ocasi\u00f3n puedan, al menos, llamar a los ni\u00f1os y ni\u00f1as y hablar con todos ellos.<\/p>\n<p>La propuesta con la que el departamento de Fiestas est\u00e1 trabajando cumple con la premisa de garantizar la seguridad y la salud de todos pero velando para que m\u00e1s los peque\u00f1os de casa no pierdan la ilusi\u00f3n de saber que hay alguien que tiene un regalo especialmente elegido y preparado para ellos.<\/p>\n<p>De momento, todas aquellas familias que quieran que los Reyes llamen a sus hijos e hijas y participar en esta propuesta, que est\u00e1 ultimando el Ayuntamiento, deben enviar un correo electr\u00f3nico a festes@mont-roig.cat. La fecha l\u00edmite para inscribirse es el d\u00eda 4 de diciembre. Una vez recibido el correo de inscripci\u00f3n el departamento de Fiestas se pondr\u00e1 en contacto con las familias para dar m\u00e1s detalles sobre la organizaci\u00f3n del evento.<\/p>\n","protected":false},"excerpt":{"rendered":"<p>Las familias que quieran que Melchor, Gaspar o Baltasar llamen a sus hijos y hijas deben enviar un correo electr\u00f3nico a festes@mont-roig.cat antes del 4 de diciembre El Ayuntamiento de Mont-roig del Camp se ha puesto en contacto con los Reyes Magos para que su magia, sea cual sea la situaci\u00f3n de la crisis de [&hellip;]<\/p>\n","protected":false},"author":4,"featured_media":52400,"comment_status":"closed","ping_status":"closed","sticky":false,"template":"","format":"standard","meta":{"inline_featured_image":false,"_monsterinsights_skip_tracking":false,"_monsterinsights_sitenote_active":false,"_monsterinsights_sitenote_note":"","_monsterinsights_sitenote_category":0,"footnotes":""},"categories":[98,188,105],"tags":[],"class_list":["post-52402","post","type-post","status-publish","format-standard","has-post-thumbnail","hentry","category-ayuntamiento","category-coronavirus-sociales","category-fiestas"],"yoast_head":"<!-- This site is optimized with the Yoast SEO plugin v27.4 - https:\/\/yoast.com\/product\/yoast-seo-wordpress\/ -->\n<title>El Ayuntamiento se ha puesto en contacto con los Reyes Magos para que su magia, sea cual sea la situaci\u00f3n de esta Navidad, llegue a los ni\u00f1os y ni\u00f1as del municipio - Ajuntament de Mont-roig del Camp<\/title>\n<meta name=\"robots\" content=\"index, follow, max-snippet:-1, max-image-preview:large, max-video-preview:-1\" \/>\n<link rel=\"canonical\" href=\"https:\/\/mont-roig.cat\/es\/actualitat\/noticies\/el-ayuntamiento-se-ha-puesto-en-contacto-con-los-reyes-magos-para-que-su-magia-sea-cual-sea-la-situacion-de-esta-navidad-llegue-a-los-ninos-y-ninas-del-municipio\/\" \/>\n<meta property=\"og:locale\" content=\"es_ES\" \/>\n<meta property=\"og:type\" content=\"article\" \/>\n<meta property=\"og:title\" content=\"El Ayuntamiento se ha puesto en contacto con los Reyes Magos para que su magia, sea cual sea la situaci\u00f3n de esta Navidad, llegue a los ni\u00f1os y ni\u00f1as del municipio - Ajuntament de Mont-roig del Camp\" \/>\n<meta property=\"og:description\" content=\"Las familias que quieran que Melchor, Gaspar o Baltasar llamen a sus hijos y hijas deben enviar un correo electr\u00f3nico a festes@mont-roig.cat antes del 4 de diciembre El Ayuntamiento de Mont-roig del Camp se ha puesto en contacto con los Reyes Magos para que su magia, sea cual sea la situaci\u00f3n de la crisis de [&hellip;]\" \/>\n<meta property=\"og:url\" content=\"https:\/\/mont-roig.cat\/es\/actualitat\/noticies\/el-ayuntamiento-se-ha-puesto-en-contacto-con-los-reyes-magos-para-que-su-magia-sea-cual-sea-la-situacion-de-esta-navidad-llegue-a-los-ninos-y-ninas-del-municipio\/\" \/>\n<meta property=\"og:site_name\" content=\"Ajuntament de Mont-roig del Camp\" \/>\n<meta property=\"article:published_time\" content=\"2020-11-06T08:27:20+00:00\" \/>\n<meta property=\"og:image\" content=\"https:\/\/mont-roig.cat\/wp-content\/uploads\/reis_face-ok.png\" \/>\n\t<meta property=\"og:image:width\" content=\"1200\" \/>\n\t<meta property=\"og:image:height\" content=\"628\" \/>\n\t<meta property=\"og:image:type\" content=\"image\/png\" \/>\n<meta name=\"author\" content=\"administrador\" \/>\n<meta name=\"twitter:card\" content=\"summary_large_image\" \/>\n<meta name=\"twitter:label1\" content=\"Escrito por\" \/>\n\t<meta name=\"twitter:data1\" content=\"administrador\" \/>\n\t<meta name=\"twitter:label2\" content=\"Tiempo de lectura\" \/>\n\t<meta name=\"twitter:data2\" content=\"1 minuto\" \/>\n<script type=\"application\/ld+json\" class=\"yoast-schema-graph\">{\"@context\":\"https:\\\/\\\/schema.org\",\"@graph\":[{\"@type\":\"Article\",\"@id\":\"https:\\\/\\\/mont-roig.cat\\\/es\\\/actualitat\\\/noticies\\\/el-ayuntamiento-se-ha-puesto-en-contacto-con-los-reyes-magos-para-que-su-magia-sea-cual-sea-la-situacion-de-esta-navidad-llegue-a-los-ninos-y-ninas-del-municipio\\\/#article\",\"isPartOf\":{\"@id\":\"https:\\\/\\\/mont-roig.cat\\\/es\\\/actualitat\\\/noticies\\\/el-ayuntamiento-se-ha-puesto-en-contacto-con-los-reyes-magos-para-que-su-magia-sea-cual-sea-la-situacion-de-esta-navidad-llegue-a-los-ninos-y-ninas-del-municipio\\\/\"},\"author\":{\"name\":\"administrador\",\"@id\":\"https:\\\/\\\/mont-roig.cat\\\/es\\\/#\\\/schema\\\/person\\\/f2b111789f22b7d0c3bd6786c9128cba\"},\"headline\":\"El Ayuntamiento se ha puesto en contacto con los Reyes Magos para que su magia, sea cual sea la situaci\u00f3n de esta Navidad, llegue a los ni\u00f1os y ni\u00f1as del municipio\",\"datePublished\":\"2020-11-06T08:27:20+00:00\",\"mainEntityOfPage\":{\"@id\":\"https:\\\/\\\/mont-roig.cat\\\/es\\\/actualitat\\\/noticies\\\/el-ayuntamiento-se-ha-puesto-en-contacto-con-los-reyes-magos-para-que-su-magia-sea-cual-sea-la-situacion-de-esta-navidad-llegue-a-los-ninos-y-ninas-del-municipio\\\/\"},\"wordCount\":312,\"image\":{\"@id\":\"https:\\\/\\\/mont-roig.cat\\\/es\\\/actualitat\\\/noticies\\\/el-ayuntamiento-se-ha-puesto-en-contacto-con-los-reyes-magos-para-que-su-magia-sea-cual-sea-la-situacion-de-esta-navidad-llegue-a-los-ninos-y-ninas-del-municipio\\\/#primaryimage\"},\"thumbnailUrl\":\"https:\\\/\\\/mont-roig.cat\\\/wp-content\\\/uploads\\\/reis_face-ok.png\",\"articleSection\":[\"Ayuntamiento\",\"Coronavirus - medidas sociales\",\"Festes\"],\"inLanguage\":\"es\"},{\"@type\":\"WebPage\",\"@id\":\"https:\\\/\\\/mont-roig.cat\\\/es\\\/actualitat\\\/noticies\\\/el-ayuntamiento-se-ha-puesto-en-contacto-con-los-reyes-magos-para-que-su-magia-sea-cual-sea-la-situacion-de-esta-navidad-llegue-a-los-ninos-y-ninas-del-municipio\\\/\",\"url\":\"https:\\\/\\\/mont-roig.cat\\\/es\\\/actualitat\\\/noticies\\\/el-ayuntamiento-se-ha-puesto-en-contacto-con-los-reyes-magos-para-que-su-magia-sea-cual-sea-la-situacion-de-esta-navidad-llegue-a-los-ninos-y-ninas-del-municipio\\\/\",\"name\":\"El Ayuntamiento se ha puesto en contacto con los Reyes Magos para que su magia, sea cual sea la situaci\u00f3n de esta Navidad, llegue a los ni\u00f1os y ni\u00f1as del municipio - Ajuntament de Mont-roig del Camp\",\"isPartOf\":{\"@id\":\"https:\\\/\\\/mont-roig.cat\\\/es\\\/#website\"},\"primaryImageOfPage\":{\"@id\":\"https:\\\/\\\/mont-roig.cat\\\/es\\\/actualitat\\\/noticies\\\/el-ayuntamiento-se-ha-puesto-en-contacto-con-los-reyes-magos-para-que-su-magia-sea-cual-sea-la-situacion-de-esta-navidad-llegue-a-los-ninos-y-ninas-del-municipio\\\/#primaryimage\"},\"image\":{\"@id\":\"https:\\\/\\\/mont-roig.cat\\\/es\\\/actualitat\\\/noticies\\\/el-ayuntamiento-se-ha-puesto-en-contacto-con-los-reyes-magos-para-que-su-magia-sea-cual-sea-la-situacion-de-esta-navidad-llegue-a-los-ninos-y-ninas-del-municipio\\\/#primaryimage\"},\"thumbnailUrl\":\"https:\\\/\\\/mont-roig.cat\\\/wp-content\\\/uploads\\\/reis_face-ok.png\",\"datePublished\":\"2020-11-06T08:27:20+00:00\",\"author\":{\"@id\":\"https:\\\/\\\/mont-roig.cat\\\/es\\\/#\\\/schema\\\/person\\\/f2b111789f22b7d0c3bd6786c9128cba\"},\"breadcrumb\":{\"@id\":\"https:\\\/\\\/mont-roig.cat\\\/es\\\/actualitat\\\/noticies\\\/el-ayuntamiento-se-ha-puesto-en-contacto-con-los-reyes-magos-para-que-su-magia-sea-cual-sea-la-situacion-de-esta-navidad-llegue-a-los-ninos-y-ninas-del-municipio\\\/#breadcrumb\"},\"inLanguage\":\"es\",\"potentialAction\":[{\"@type\":\"ReadAction\",\"target\":[\"https:\\\/\\\/mont-roig.cat\\\/es\\\/actualitat\\\/noticies\\\/el-ayuntamiento-se-ha-puesto-en-contacto-con-los-reyes-magos-para-que-su-magia-sea-cual-sea-la-situacion-de-esta-navidad-llegue-a-los-ninos-y-ninas-del-municipio\\\/\"]}]},{\"@type\":\"ImageObject\",\"inLanguage\":\"es\",\"@id\":\"https:\\\/\\\/mont-roig.cat\\\/es\\\/actualitat\\\/noticies\\\/el-ayuntamiento-se-ha-puesto-en-contacto-con-los-reyes-magos-para-que-su-magia-sea-cual-sea-la-situacion-de-esta-navidad-llegue-a-los-ninos-y-ninas-del-municipio\\\/#primaryimage\",\"url\":\"https:\\\/\\\/mont-roig.cat\\\/wp-content\\\/uploads\\\/reis_face-ok.png\",\"contentUrl\":\"https:\\\/\\\/mont-roig.cat\\\/wp-content\\\/uploads\\\/reis_face-ok.png\",\"width\":1200,\"height\":628},{\"@type\":\"BreadcrumbList\",\"@id\":\"https:\\\/\\\/mont-roig.cat\\\/es\\\/actualitat\\\/noticies\\\/el-ayuntamiento-se-ha-puesto-en-contacto-con-los-reyes-magos-para-que-su-magia-sea-cual-sea-la-situacion-de-esta-navidad-llegue-a-los-ninos-y-ninas-del-municipio\\\/#breadcrumb\",\"itemListElement\":[{\"@type\":\"ListItem\",\"position\":1,\"name\":\"Inici\",\"item\":\"https:\\\/\\\/mont-roig.cat\\\/es\\\/pagina-de-inicio\\\/\"},{\"@type\":\"ListItem\",\"position\":2,\"name\":\"El Ayuntamiento se ha puesto en contacto con los Reyes Magos para que su magia, sea cual sea la situaci\u00f3n de esta Navidad, llegue a los ni\u00f1os y ni\u00f1as del municipio\"}]},{\"@type\":\"WebSite\",\"@id\":\"https:\\\/\\\/mont-roig.cat\\\/es\\\/#website\",\"url\":\"https:\\\/\\\/mont-roig.cat\\\/es\\\/\",\"name\":\"Ajuntament de Mont-roig del Camp\",\"description\":\"Tota la informaci\u00f3 sobre la instituci\u00f3, els seus \u00f2rgans de govern, actualitat, serveis i molt m\u00e9s.\",\"potentialAction\":[{\"@type\":\"SearchAction\",\"target\":{\"@type\":\"EntryPoint\",\"urlTemplate\":\"https:\\\/\\\/mont-roig.cat\\\/es\\\/?s={search_term_string}\"},\"query-input\":{\"@type\":\"PropertyValueSpecification\",\"valueRequired\":true,\"valueName\":\"search_term_string\"}}],\"inLanguage\":\"es\"},{\"@type\":\"Person\",\"@id\":\"https:\\\/\\\/mont-roig.cat\\\/es\\\/#\\\/schema\\\/person\\\/f2b111789f22b7d0c3bd6786c9128cba\",\"name\":\"administrador\",\"image\":{\"@type\":\"ImageObject\",\"inLanguage\":\"es\",\"@id\":\"https:\\\/\\\/secure.gravatar.com\\\/avatar\\\/9137aac6891e2595c9d3036fd83bcb653b4db3c946db4c7d9b9be193c3c944bb?s=96&d=mm&r=g\",\"url\":\"https:\\\/\\\/secure.gravatar.com\\\/avatar\\\/9137aac6891e2595c9d3036fd83bcb653b4db3c946db4c7d9b9be193c3c944bb?s=96&d=mm&r=g\",\"contentUrl\":\"https:\\\/\\\/secure.gravatar.com\\\/avatar\\\/9137aac6891e2595c9d3036fd83bcb653b4db3c946db4c7d9b9be193c3c944bb?s=96&d=mm&r=g\",\"caption\":\"administrador\"},\"url\":\"https:\\\/\\\/mont-roig.cat\\\/es\\\/actualitat\\\/noticies\\\/author\\\/administrador\\\/\"}]}<\/script>\n<!-- \/ Yoast SEO plugin. -->","yoast_head_json":{"title":"El Ayuntamiento se ha puesto en contacto con los Reyes Magos para que su magia, sea cual sea la situaci\u00f3n de esta Navidad, llegue a los ni\u00f1os y ni\u00f1as del municipio - Ajuntament de Mont-roig del Camp","robots":{"index":"index","follow":"follow","max-snippet":"max-snippet:-1","max-image-preview":"max-image-preview:large","max-video-preview":"max-video-preview:-1"},"canonical":"https:\/\/mont-roig.cat\/es\/actualitat\/noticies\/el-ayuntamiento-se-ha-puesto-en-contacto-con-los-reyes-magos-para-que-su-magia-sea-cual-sea-la-situacion-de-esta-navidad-llegue-a-los-ninos-y-ninas-del-municipio\/","og_locale":"es_ES","og_type":"article","og_title":"El Ayuntamiento se ha puesto en contacto con los Reyes Magos para que su magia, sea cual sea la situaci\u00f3n de esta Navidad, llegue a los ni\u00f1os y ni\u00f1as del municipio - Ajuntament de Mont-roig del Camp","og_description":"Las familias que quieran que Melchor, Gaspar o Baltasar llamen a sus hijos y hijas deben enviar un correo electr\u00f3nico a festes@mont-roig.cat antes del 4 de diciembre El Ayuntamiento de Mont-roig del Camp se ha puesto en contacto con los Reyes Magos para que su magia, sea cual sea la situaci\u00f3n de la crisis de [&hellip;]","og_url":"https:\/\/mont-roig.cat\/es\/actualitat\/noticies\/el-ayuntamiento-se-ha-puesto-en-contacto-con-los-reyes-magos-para-que-su-magia-sea-cual-sea-la-situacion-de-esta-navidad-llegue-a-los-ninos-y-ninas-del-municipio\/","og_site_name":"Ajuntament de Mont-roig del Camp","article_published_time":"2020-11-06T08:27:20+00:00","og_image":[{"width":1200,"height":628,"url":"https:\/\/mont-roig.cat\/wp-content\/uploads\/reis_face-ok.png","type":"image\/png"}],"author":"administrador","twitter_card":"summary_large_image","twitter_misc":{"Escrito por":"administrador","Tiempo de lectura":"1 minuto"},"schema":{"@context":"https:\/\/schema.org","@graph":[{"@type":"Article","@id":"https:\/\/mont-roig.cat\/es\/actualitat\/noticies\/el-ayuntamiento-se-ha-puesto-en-contacto-con-los-reyes-magos-para-que-su-magia-sea-cual-sea-la-situacion-de-esta-navidad-llegue-a-los-ninos-y-ninas-del-municipio\/#article","isPartOf":{"@id":"https:\/\/mont-roig.cat\/es\/actualitat\/noticies\/el-ayuntamiento-se-ha-puesto-en-contacto-con-los-reyes-magos-para-que-su-magia-sea-cual-sea-la-situacion-de-esta-navidad-llegue-a-los-ninos-y-ninas-del-municipio\/"},"author":{"name":"administrador","@id":"https:\/\/mont-roig.cat\/es\/#\/schema\/person\/f2b111789f22b7d0c3bd6786c9128cba"},"headline":"El Ayuntamiento se ha puesto en contacto con los Reyes Magos para que su magia, sea cual sea la situaci\u00f3n de esta Navidad, llegue a los ni\u00f1os y ni\u00f1as del municipio","datePublished":"2020-11-06T08:27:20+00:00","mainEntityOfPage":{"@id":"https:\/\/mont-roig.cat\/es\/actualitat\/noticies\/el-ayuntamiento-se-ha-puesto-en-contacto-con-los-reyes-magos-para-que-su-magia-sea-cual-sea-la-situacion-de-esta-navidad-llegue-a-los-ninos-y-ninas-del-municipio\/"},"wordCount":312,"image":{"@id":"https:\/\/mont-roig.cat\/es\/actualitat\/noticies\/el-ayuntamiento-se-ha-puesto-en-contacto-con-los-reyes-magos-para-que-su-magia-sea-cual-sea-la-situacion-de-esta-navidad-llegue-a-los-ninos-y-ninas-del-municipio\/#primaryimage"},"thumbnailUrl":"https:\/\/mont-roig.cat\/wp-content\/uploads\/reis_face-ok.png","articleSection":["Ayuntamiento","Coronavirus - medidas sociales","Festes"],"inLanguage":"es"},{"@type":"WebPage","@id":"https:\/\/mont-roig.cat\/es\/actualitat\/noticies\/el-ayuntamiento-se-ha-puesto-en-contacto-con-los-reyes-magos-para-que-su-magia-sea-cual-sea-la-situacion-de-esta-navidad-llegue-a-los-ninos-y-ninas-del-municipio\/","url":"https:\/\/mont-roig.cat\/es\/actualitat\/noticies\/el-ayuntamiento-se-ha-puesto-en-contacto-con-los-reyes-magos-para-que-su-magia-sea-cual-sea-la-situacion-de-esta-navidad-llegue-a-los-ninos-y-ninas-del-municipio\/","name":"El Ayuntamiento se ha puesto en contacto con los Reyes Magos para que su magia, sea cual sea la situaci\u00f3n de esta Navidad, llegue a los ni\u00f1os y ni\u00f1as del municipio - Ajuntament de Mont-roig del Camp","isPartOf":{"@id":"https:\/\/mont-roig.cat\/es\/#website"},"primaryImageOfPage":{"@id":"https:\/\/mont-roig.cat\/es\/actualitat\/noticies\/el-ayuntamiento-se-ha-puesto-en-contacto-con-los-reyes-magos-para-que-su-magia-sea-cual-sea-la-situacion-de-esta-navidad-llegue-a-los-ninos-y-ninas-del-municipio\/#primaryimage"},"image":{"@id":"https:\/\/mont-roig.cat\/es\/actualitat\/noticies\/el-ayuntamiento-se-ha-puesto-en-contacto-con-los-reyes-magos-para-que-su-magia-sea-cual-sea-la-situacion-de-esta-navidad-llegue-a-los-ninos-y-ninas-del-municipio\/#primaryimage"},"thumbnailUrl":"https:\/\/mont-roig.cat\/wp-content\/uploads\/reis_face-ok.png","datePublished":"2020-11-06T08:27:20+00:00","author":{"@id":"https:\/\/mont-roig.cat\/es\/#\/schema\/person\/f2b111789f22b7d0c3bd6786c9128cba"},"breadcrumb":{"@id":"https:\/\/mont-roig.cat\/es\/actualitat\/noticies\/el-ayuntamiento-se-ha-puesto-en-contacto-con-los-reyes-magos-para-que-su-magia-sea-cual-sea-la-situacion-de-esta-navidad-llegue-a-los-ninos-y-ninas-del-municipio\/#breadcrumb"},"inLanguage":"es","potentialAction":[{"@type":"ReadAction","target":["https:\/\/mont-roig.cat\/es\/actualitat\/noticies\/el-ayuntamiento-se-ha-puesto-en-contacto-con-los-reyes-magos-para-que-su-magia-sea-cual-sea-la-situacion-de-esta-navidad-llegue-a-los-ninos-y-ninas-del-municipio\/"]}]},{"@type":"ImageObject","inLanguage":"es","@id":"https:\/\/mont-roig.cat\/es\/actualitat\/noticies\/el-ayuntamiento-se-ha-puesto-en-contacto-con-los-reyes-magos-para-que-su-magia-sea-cual-sea-la-situacion-de-esta-navidad-llegue-a-los-ninos-y-ninas-del-municipio\/#primaryimage","url":"https:\/\/mont-roig.cat\/wp-content\/uploads\/reis_face-ok.png","contentUrl":"https:\/\/mont-roig.cat\/wp-content\/uploads\/reis_face-ok.png","width":1200,"height":628},{"@type":"BreadcrumbList","@id":"https:\/\/mont-roig.cat\/es\/actualitat\/noticies\/el-ayuntamiento-se-ha-puesto-en-contacto-con-los-reyes-magos-para-que-su-magia-sea-cual-sea-la-situacion-de-esta-navidad-llegue-a-los-ninos-y-ninas-del-municipio\/#breadcrumb","itemListElement":[{"@type":"ListItem","position":1,"name":"Inici","item":"https:\/\/mont-roig.cat\/es\/pagina-de-inicio\/"},{"@type":"ListItem","position":2,"name":"El Ayuntamiento se ha puesto en contacto con los Reyes Magos para que su magia, sea cual sea la situaci\u00f3n de esta Navidad, llegue a los ni\u00f1os y ni\u00f1as del municipio"}]},{"@type":"WebSite","@id":"https:\/\/mont-roig.cat\/es\/#website","url":"https:\/\/mont-roig.cat\/es\/","name":"Ajuntament de Mont-roig del Camp","description":"Tota la informaci\u00f3 sobre la instituci\u00f3, els seus \u00f2rgans de govern, actualitat, serveis i molt m\u00e9s.","potentialAction":[{"@type":"SearchAction","target":{"@type":"EntryPoint","urlTemplate":"https:\/\/mont-roig.cat\/es\/?s={search_term_string}"},"query-input":{"@type":"PropertyValueSpecification","valueRequired":true,"valueName":"search_term_string"}}],"inLanguage":"es"},{"@type":"Person","@id":"https:\/\/mont-roig.cat\/es\/#\/schema\/person\/f2b111789f22b7d0c3bd6786c9128cba","name":"administrador","image":{"@type":"ImageObject","inLanguage":"es","@id":"https:\/\/secure.gravatar.com\/avatar\/9137aac6891e2595c9d3036fd83bcb653b4db3c946db4c7d9b9be193c3c944bb?s=96&d=mm&r=g","url":"https:\/\/secure.gravatar.com\/avatar\/9137aac6891e2595c9d3036fd83bcb653b4db3c946db4c7d9b9be193c3c944bb?s=96&d=mm&r=g","contentUrl":"https:\/\/secure.gravatar.com\/avatar\/9137aac6891e2595c9d3036fd83bcb653b4db3c946db4c7d9b9be193c3c944bb?s=96&d=mm&r=g","caption":"administrador"},"url":"https:\/\/mont-roig.cat\/es\/actualitat\/noticies\/author\/administrador\/"}]}},"_links":{"self":[{"href":"https:\/\/mont-roig.cat\/es\/wp-json\/wp\/v2\/posts\/52402","targetHints":{"allow":["GET"]}}],"collection":[{"href":"https:\/\/mont-roig.cat\/es\/wp-json\/wp\/v2\/posts"}],"about":[{"href":"https:\/\/mont-roig.cat\/es\/wp-json\/wp\/v2\/types\/post"}],"author":[{"embeddable":true,"href":"https:\/\/mont-roig.cat\/es\/wp-json\/wp\/v2\/users\/4"}],"replies":[{"embeddable":true,"href":"https:\/\/mont-roig.cat\/es\/wp-json\/wp\/v2\/comments?post=52402"}],"version-history":[{"count":2,"href":"https:\/\/mont-roig.cat\/es\/wp-json\/wp\/v2\/posts\/52402\/revisions"}],"predecessor-version":[{"id":52405,"href":"https:\/\/mont-roig.cat\/es\/wp-json\/wp\/v2\/posts\/52402\/revisions\/52405"}],"wp:featuredmedia":[{"embeddable":true,"href":"https:\/\/mont-roig.cat\/es\/wp-json\/wp\/v2\/media\/52400"}],"wp:attachment":[{"href":"https:\/\/mont-roig.cat\/es\/wp-json\/wp\/v2\/media?parent=52402"}],"wp:term":[{"taxonomy":"category","embeddable":true,"href":"https:\/\/mont-roig.cat\/es\/wp-json\/wp\/v2\/categories?post=52402"},{"taxonomy":"post_tag","embeddable":true,"href":"https:\/\/mont-roig.cat\/es\/wp-json\/wp\/v2\/tags?post=52402"}],"curies":[{"name":"wp","href":"https:\/\/api.w.org\/{rel}","templated":true}]}}