{"id":52950,"date":"2020-12-21T10:54:04","date_gmt":"2020-12-21T09:54:04","guid":{"rendered":"https:\/\/mont-roig.cat\/?p=52950"},"modified":"2020-12-21T10:54:04","modified_gmt":"2020-12-21T09:54:04","slug":"el-ayuntamiento-da-a-conocer-los-ganadores-de-los-premios-literarios-2020","status":"publish","type":"post","link":"https:\/\/mont-roig.cat\/es\/actualitat\/noticies\/el-ayuntamiento-da-a-conocer-los-ganadores-de-los-premios-literarios-2020\/","title":{"rendered":"El Ayuntamiento da a conocer los ganadores de los premios literarios 2020"},"content":{"rendered":"<div class=\"wpb-content-wrapper\">[vc_row][vc_column][vc_column_text]\n<ul>\n<li id=\"tw-target-text\" class=\"tw-data-text tw-text-large XcVN5d tw-ta\" dir=\"ltr\" data-placeholder=\"Traducci\u00f3n\"><strong><span lang=\"es\">Un v\u00eddeo presenta a los premiados de la edici\u00f3n 2020 y tambi\u00e9n el libro &#8220;El secret de Mont-roig&#8221;, que recoge las obras ganadoras del 2019.<\/span><\/strong><\/li>\n<\/ul>\n<p id=\"tw-target-text\" class=\"tw-data-text tw-text-large XcVN5d tw-ta\" dir=\"ltr\" data-placeholder=\"Traducci\u00f3n\"><span lang=\"es\">Este a\u00f1o no se ha podido celebrar la velada literaria que el Departamento de Cultura organizaba cada a\u00f1o en el mes de octubre para entregar los Premis Literaris Vila de Mont-roig.<\/span><\/p>\n<p class=\"tw-data-text tw-text-large XcVN5d tw-ta\" dir=\"ltr\" data-placeholder=\"Traducci\u00f3n\"><span lang=\"es\">Pero, a pesar de las dificultades impuestas por la pandemia del Ayuntamiento ha apostado por seguir manteniendo el concurso literario de larga tradici\u00f3n en el municipio, ya que este a\u00f1o llegaba a su trig\u00e9simo novena edici\u00f3n.<\/span><\/p>\n<p class=\"tw-data-text tw-text-large XcVN5d tw-ta\" dir=\"ltr\" data-placeholder=\"Traducci\u00f3n\"><span lang=\"es\">Para desvelar los ganadores de la edici\u00f3n de 2020 se ha realizado un v\u00eddeo donde los mismos ganadores y ganadoras se presentan. As\u00ed, en la categor\u00eda infantil de narrativa breve las premiadas han sido la Jana y Laia Ferr\u00e9 Nogu\u00e9s, en la categor\u00eda juvenil de narrativa breve de 1\u00ba y 2\u00ba de ESO ha ganado Julia Guinaldo Albesa y en la categor\u00eda juvenil de 1\u00ba y 2\u00ba de Bachillerato Paula Munt\u00e9 Calv\u00f3.<\/span><\/p>\n[\/vc_column_text][vc_video link=&#8221;https:\/\/www.youtube.com\/watch?v=sxfUfJW7LXE&amp;ab_channel=AjuntamentdeMont-roigdelCamp&#8221; el_width=&#8221;70&#8243; align=&#8221;center&#8221;][vc_column_text]\n<p id=\"tw-target-text\" class=\"tw-data-text tw-text-large XcVN5d tw-ta\" dir=\"ltr\" data-placeholder=\"Traducci\u00f3n\"><span lang=\"es\">El premio Magdalena Guerrero se lo ha llevado Juan Carlos Gonz\u00e1lez Pujalte por la obra &#8220;Transpar\u00e8ncies&#8221; y el premio Miquel Ferr\u00e9 ha reca\u00eddo en Oriol Sol\u00e0 Prat por el poemario &#8220;<em>No sempre \u00e9s f\u00e0cil dir adeu&#8221;<\/em>.<\/span><\/p>\n<p class=\"tw-data-text tw-text-large XcVN5d tw-ta\" dir=\"ltr\" data-placeholder=\"Traducci\u00f3n\"><span lang=\"es\">Destaca la categor\u00eda de investigaci\u00f3n Vila de Mont-roig, que por primera vez se ha abierto a trabajos de investigaci\u00f3n de bachillerato que versen sobre alguna cuesti\u00f3n del municipio, y que ha tenido muy buena aceptaci\u00f3n. Se ha premiado a Marc Benaiges Cots por su trabajo sobre la evoluci\u00f3n social y la transformaci\u00f3n econ\u00f3mica de Mont-roig del Camp y se ha concedido un merecido acc\u00e9sit a X\u00e8nia Cuadros Hern\u00e1ndez, por su investigaci\u00f3n sobre la migra\u00f1a.<\/span><\/p>\n<p class=\"tw-data-text tw-text-large XcVN5d tw-ta\" dir=\"ltr\" data-placeholder=\"Traducci\u00f3n\"><span lang=\"es\">El v\u00eddeo tambi\u00e9n presenta a las personas que forman parte del jurado de los Premios Literarios, y que son Montse Salsench Mart\u00ed, Jordi Trepat Col\u00f3n, la M. Rosa Escoda Ced\u00f3, Elisabeth Pallej\u00e0 Vilagran, Joaquina Nolla Gasulla, Marta Aragon\u00e9s Bargall\u00f3, Ana Segura Arias y el Jaume Borr\u00e0s Galceran. Todas son personas vinculadas con el mundo educativo y con el tejido asociativo cultural del municipio.<\/span><\/p>\n<p class=\"tw-data-text tw-text-large XcVN5d tw-ta\" dir=\"ltr\" data-placeholder=\"Traducci\u00f3n\"><strong><span lang=\"es\">&#8220;El Secret de Mont-roig&#8221;, recopilaci\u00f3n de las obras ganadoras de los premios literarios 2019<\/span><\/strong><\/p>\n<p class=\"tw-data-text tw-text-large XcVN5d tw-ta\" dir=\"ltr\" data-placeholder=\"Traducci\u00f3n\"><span lang=\"es\">Finalmente el v\u00eddeo tambi\u00e9n nos descubre el libro que recoge las obras ganadoras del a\u00f1o 2019. &#8220;El Secret de Mont-roig&#8221; engloba los trabajos literarios de la Beatriz Herrera C\u00f3rdoba, Ona Fortuny Ferr\u00e9, Paula Fern\u00e1ndez Vivanco, el Irineu Garcia Nolla, Aina Franco balar, Nerea Yeves Gim\u00e9nez, Paula Munt\u00e9 Calv\u00f3, el \u00c9rika Izquierdo Ortiz, Oriol Sol\u00e0 Prat y el Polo Vilalta Esquius.<\/span><\/p>\n[\/vc_column_text][\/vc_column][\/vc_row]\n<\/div>","protected":false},"excerpt":{"rendered":"<p>[vc_row][vc_column][vc_column_text] Un v\u00eddeo presenta a los premiados de la edici\u00f3n 2020 y tambi\u00e9n el libro &#8220;El secret de Mont-roig&#8221;, que recoge las obras ganadoras del 2019. Este a\u00f1o no se ha podido celebrar la velada literaria que el Departamento de Cultura organizaba cada a\u00f1o en el mes de octubre para entregar los Premis Literaris Vila [&hellip;]<\/p>\n","protected":false},"author":4,"featured_media":52949,"comment_status":"closed","ping_status":"closed","sticky":false,"template":"","format":"standard","meta":{"inline_featured_image":false,"_monsterinsights_skip_tracking":false,"_monsterinsights_sitenote_active":false,"_monsterinsights_sitenote_note":"","_monsterinsights_sitenote_category":0,"footnotes":""},"categories":[98,101],"tags":[],"class_list":["post-52950","post","type-post","status-publish","format-standard","has-post-thumbnail","hentry","category-ayuntamiento","category-cultura-es"],"yoast_head":"<!-- This site is optimized with the Yoast SEO plugin v27.4 - https:\/\/yoast.com\/product\/yoast-seo-wordpress\/ -->\n<title>El Ayuntamiento da a conocer los ganadores de los premios literarios 2020 - Ajuntament de Mont-roig del Camp<\/title>\n<meta name=\"robots\" content=\"index, follow, max-snippet:-1, max-image-preview:large, max-video-preview:-1\" \/>\n<link rel=\"canonical\" href=\"https:\/\/mont-roig.cat\/es\/actualitat\/noticies\/el-ayuntamiento-da-a-conocer-los-ganadores-de-los-premios-literarios-2020\/\" \/>\n<meta property=\"og:locale\" content=\"es_ES\" \/>\n<meta property=\"og:type\" content=\"article\" \/>\n<meta property=\"og:title\" content=\"El Ayuntamiento da a conocer los ganadores de los premios literarios 2020 - Ajuntament de Mont-roig del Camp\" \/>\n<meta property=\"og:description\" content=\"[vc_row][vc_column][vc_column_text] Un v\u00eddeo presenta a los premiados de la edici\u00f3n 2020 y tambi\u00e9n el libro &#8220;El secret de Mont-roig&#8221;, que recoge las obras ganadoras del 2019. Este a\u00f1o no se ha podido celebrar la velada literaria que el Departamento de Cultura organizaba cada a\u00f1o en el mes de octubre para entregar los Premis Literaris Vila [&hellip;]\" \/>\n<meta property=\"og:url\" content=\"https:\/\/mont-roig.cat\/es\/actualitat\/noticies\/el-ayuntamiento-da-a-conocer-los-ganadores-de-los-premios-literarios-2020\/\" \/>\n<meta property=\"og:site_name\" content=\"Ajuntament de Mont-roig del Camp\" \/>\n<meta property=\"article:published_time\" content=\"2020-12-21T09:54:04+00:00\" \/>\n<meta property=\"og:image\" content=\"https:\/\/mont-roig.cat\/wp-content\/uploads\/premis-literaris-1.jpg\" \/>\n\t<meta property=\"og:image:width\" content=\"2048\" \/>\n\t<meta property=\"og:image:height\" content=\"1152\" \/>\n\t<meta property=\"og:image:type\" content=\"image\/jpeg\" \/>\n<meta name=\"author\" content=\"administrador\" \/>\n<meta name=\"twitter:card\" content=\"summary_large_image\" \/>\n<meta name=\"twitter:label1\" content=\"Escrito por\" \/>\n\t<meta name=\"twitter:data1\" content=\"administrador\" \/>\n\t<meta name=\"twitter:label2\" content=\"Tiempo de lectura\" \/>\n\t<meta name=\"twitter:data2\" content=\"2 minutos\" \/>\n<script type=\"application\/ld+json\" class=\"yoast-schema-graph\">{\"@context\":\"https:\\\/\\\/schema.org\",\"@graph\":[{\"@type\":\"Article\",\"@id\":\"https:\\\/\\\/mont-roig.cat\\\/es\\\/actualitat\\\/noticies\\\/el-ayuntamiento-da-a-conocer-los-ganadores-de-los-premios-literarios-2020\\\/#article\",\"isPartOf\":{\"@id\":\"https:\\\/\\\/mont-roig.cat\\\/es\\\/actualitat\\\/noticies\\\/el-ayuntamiento-da-a-conocer-los-ganadores-de-los-premios-literarios-2020\\\/\"},\"author\":{\"name\":\"administrador\",\"@id\":\"https:\\\/\\\/mont-roig.cat\\\/es\\\/#\\\/schema\\\/person\\\/f2b111789f22b7d0c3bd6786c9128cba\"},\"headline\":\"El Ayuntamiento da a conocer los ganadores de los premios literarios 2020\",\"datePublished\":\"2020-12-21T09:54:04+00:00\",\"mainEntityOfPage\":{\"@id\":\"https:\\\/\\\/mont-roig.cat\\\/es\\\/actualitat\\\/noticies\\\/el-ayuntamiento-da-a-conocer-los-ganadores-de-los-premios-literarios-2020\\\/\"},\"wordCount\":496,\"image\":{\"@id\":\"https:\\\/\\\/mont-roig.cat\\\/es\\\/actualitat\\\/noticies\\\/el-ayuntamiento-da-a-conocer-los-ganadores-de-los-premios-literarios-2020\\\/#primaryimage\"},\"thumbnailUrl\":\"https:\\\/\\\/mont-roig.cat\\\/wp-content\\\/uploads\\\/premis-literaris-1.jpg\",\"articleSection\":[\"Ayuntamiento\",\"Cultura\"],\"inLanguage\":\"es\"},{\"@type\":\"WebPage\",\"@id\":\"https:\\\/\\\/mont-roig.cat\\\/es\\\/actualitat\\\/noticies\\\/el-ayuntamiento-da-a-conocer-los-ganadores-de-los-premios-literarios-2020\\\/\",\"url\":\"https:\\\/\\\/mont-roig.cat\\\/es\\\/actualitat\\\/noticies\\\/el-ayuntamiento-da-a-conocer-los-ganadores-de-los-premios-literarios-2020\\\/\",\"name\":\"El Ayuntamiento da a conocer los ganadores de los premios literarios 2020 - Ajuntament de Mont-roig del Camp\",\"isPartOf\":{\"@id\":\"https:\\\/\\\/mont-roig.cat\\\/es\\\/#website\"},\"primaryImageOfPage\":{\"@id\":\"https:\\\/\\\/mont-roig.cat\\\/es\\\/actualitat\\\/noticies\\\/el-ayuntamiento-da-a-conocer-los-ganadores-de-los-premios-literarios-2020\\\/#primaryimage\"},\"image\":{\"@id\":\"https:\\\/\\\/mont-roig.cat\\\/es\\\/actualitat\\\/noticies\\\/el-ayuntamiento-da-a-conocer-los-ganadores-de-los-premios-literarios-2020\\\/#primaryimage\"},\"thumbnailUrl\":\"https:\\\/\\\/mont-roig.cat\\\/wp-content\\\/uploads\\\/premis-literaris-1.jpg\",\"datePublished\":\"2020-12-21T09:54:04+00:00\",\"author\":{\"@id\":\"https:\\\/\\\/mont-roig.cat\\\/es\\\/#\\\/schema\\\/person\\\/f2b111789f22b7d0c3bd6786c9128cba\"},\"breadcrumb\":{\"@id\":\"https:\\\/\\\/mont-roig.cat\\\/es\\\/actualitat\\\/noticies\\\/el-ayuntamiento-da-a-conocer-los-ganadores-de-los-premios-literarios-2020\\\/#breadcrumb\"},\"inLanguage\":\"es\",\"potentialAction\":[{\"@type\":\"ReadAction\",\"target\":[\"https:\\\/\\\/mont-roig.cat\\\/es\\\/actualitat\\\/noticies\\\/el-ayuntamiento-da-a-conocer-los-ganadores-de-los-premios-literarios-2020\\\/\"]}]},{\"@type\":\"ImageObject\",\"inLanguage\":\"es\",\"@id\":\"https:\\\/\\\/mont-roig.cat\\\/es\\\/actualitat\\\/noticies\\\/el-ayuntamiento-da-a-conocer-los-ganadores-de-los-premios-literarios-2020\\\/#primaryimage\",\"url\":\"https:\\\/\\\/mont-roig.cat\\\/wp-content\\\/uploads\\\/premis-literaris-1.jpg\",\"contentUrl\":\"https:\\\/\\\/mont-roig.cat\\\/wp-content\\\/uploads\\\/premis-literaris-1.jpg\",\"width\":2048,\"height\":1152},{\"@type\":\"BreadcrumbList\",\"@id\":\"https:\\\/\\\/mont-roig.cat\\\/es\\\/actualitat\\\/noticies\\\/el-ayuntamiento-da-a-conocer-los-ganadores-de-los-premios-literarios-2020\\\/#breadcrumb\",\"itemListElement\":[{\"@type\":\"ListItem\",\"position\":1,\"name\":\"Inici\",\"item\":\"https:\\\/\\\/mont-roig.cat\\\/es\\\/pagina-de-inicio\\\/\"},{\"@type\":\"ListItem\",\"position\":2,\"name\":\"El Ayuntamiento da a conocer los ganadores de los premios literarios 2020\"}]},{\"@type\":\"WebSite\",\"@id\":\"https:\\\/\\\/mont-roig.cat\\\/es\\\/#website\",\"url\":\"https:\\\/\\\/mont-roig.cat\\\/es\\\/\",\"name\":\"Ajuntament de Mont-roig del Camp\",\"description\":\"Tota la informaci\u00f3 sobre la instituci\u00f3, els seus \u00f2rgans de govern, actualitat, serveis i molt m\u00e9s.\",\"potentialAction\":[{\"@type\":\"SearchAction\",\"target\":{\"@type\":\"EntryPoint\",\"urlTemplate\":\"https:\\\/\\\/mont-roig.cat\\\/es\\\/?s={search_term_string}\"},\"query-input\":{\"@type\":\"PropertyValueSpecification\",\"valueRequired\":true,\"valueName\":\"search_term_string\"}}],\"inLanguage\":\"es\"},{\"@type\":\"Person\",\"@id\":\"https:\\\/\\\/mont-roig.cat\\\/es\\\/#\\\/schema\\\/person\\\/f2b111789f22b7d0c3bd6786c9128cba\",\"name\":\"administrador\",\"image\":{\"@type\":\"ImageObject\",\"inLanguage\":\"es\",\"@id\":\"https:\\\/\\\/secure.gravatar.com\\\/avatar\\\/9137aac6891e2595c9d3036fd83bcb653b4db3c946db4c7d9b9be193c3c944bb?s=96&d=mm&r=g\",\"url\":\"https:\\\/\\\/secure.gravatar.com\\\/avatar\\\/9137aac6891e2595c9d3036fd83bcb653b4db3c946db4c7d9b9be193c3c944bb?s=96&d=mm&r=g\",\"contentUrl\":\"https:\\\/\\\/secure.gravatar.com\\\/avatar\\\/9137aac6891e2595c9d3036fd83bcb653b4db3c946db4c7d9b9be193c3c944bb?s=96&d=mm&r=g\",\"caption\":\"administrador\"},\"url\":\"https:\\\/\\\/mont-roig.cat\\\/es\\\/actualitat\\\/noticies\\\/author\\\/administrador\\\/\"}]}<\/script>\n<!-- \/ Yoast SEO plugin. -->","yoast_head_json":{"title":"El Ayuntamiento da a conocer los ganadores de los premios literarios 2020 - Ajuntament de Mont-roig del Camp","robots":{"index":"index","follow":"follow","max-snippet":"max-snippet:-1","max-image-preview":"max-image-preview:large","max-video-preview":"max-video-preview:-1"},"canonical":"https:\/\/mont-roig.cat\/es\/actualitat\/noticies\/el-ayuntamiento-da-a-conocer-los-ganadores-de-los-premios-literarios-2020\/","og_locale":"es_ES","og_type":"article","og_title":"El Ayuntamiento da a conocer los ganadores de los premios literarios 2020 - Ajuntament de Mont-roig del Camp","og_description":"[vc_row][vc_column][vc_column_text] Un v\u00eddeo presenta a los premiados de la edici\u00f3n 2020 y tambi\u00e9n el libro &#8220;El secret de Mont-roig&#8221;, que recoge las obras ganadoras del 2019. Este a\u00f1o no se ha podido celebrar la velada literaria que el Departamento de Cultura organizaba cada a\u00f1o en el mes de octubre para entregar los Premis Literaris Vila [&hellip;]","og_url":"https:\/\/mont-roig.cat\/es\/actualitat\/noticies\/el-ayuntamiento-da-a-conocer-los-ganadores-de-los-premios-literarios-2020\/","og_site_name":"Ajuntament de Mont-roig del Camp","article_published_time":"2020-12-21T09:54:04+00:00","og_image":[{"width":2048,"height":1152,"url":"https:\/\/mont-roig.cat\/wp-content\/uploads\/premis-literaris-1.jpg","type":"image\/jpeg"}],"author":"administrador","twitter_card":"summary_large_image","twitter_misc":{"Escrito por":"administrador","Tiempo de lectura":"2 minutos"},"schema":{"@context":"https:\/\/schema.org","@graph":[{"@type":"Article","@id":"https:\/\/mont-roig.cat\/es\/actualitat\/noticies\/el-ayuntamiento-da-a-conocer-los-ganadores-de-los-premios-literarios-2020\/#article","isPartOf":{"@id":"https:\/\/mont-roig.cat\/es\/actualitat\/noticies\/el-ayuntamiento-da-a-conocer-los-ganadores-de-los-premios-literarios-2020\/"},"author":{"name":"administrador","@id":"https:\/\/mont-roig.cat\/es\/#\/schema\/person\/f2b111789f22b7d0c3bd6786c9128cba"},"headline":"El Ayuntamiento da a conocer los ganadores de los premios literarios 2020","datePublished":"2020-12-21T09:54:04+00:00","mainEntityOfPage":{"@id":"https:\/\/mont-roig.cat\/es\/actualitat\/noticies\/el-ayuntamiento-da-a-conocer-los-ganadores-de-los-premios-literarios-2020\/"},"wordCount":496,"image":{"@id":"https:\/\/mont-roig.cat\/es\/actualitat\/noticies\/el-ayuntamiento-da-a-conocer-los-ganadores-de-los-premios-literarios-2020\/#primaryimage"},"thumbnailUrl":"https:\/\/mont-roig.cat\/wp-content\/uploads\/premis-literaris-1.jpg","articleSection":["Ayuntamiento","Cultura"],"inLanguage":"es"},{"@type":"WebPage","@id":"https:\/\/mont-roig.cat\/es\/actualitat\/noticies\/el-ayuntamiento-da-a-conocer-los-ganadores-de-los-premios-literarios-2020\/","url":"https:\/\/mont-roig.cat\/es\/actualitat\/noticies\/el-ayuntamiento-da-a-conocer-los-ganadores-de-los-premios-literarios-2020\/","name":"El Ayuntamiento da a conocer los ganadores de los premios literarios 2020 - Ajuntament de Mont-roig del Camp","isPartOf":{"@id":"https:\/\/mont-roig.cat\/es\/#website"},"primaryImageOfPage":{"@id":"https:\/\/mont-roig.cat\/es\/actualitat\/noticies\/el-ayuntamiento-da-a-conocer-los-ganadores-de-los-premios-literarios-2020\/#primaryimage"},"image":{"@id":"https:\/\/mont-roig.cat\/es\/actualitat\/noticies\/el-ayuntamiento-da-a-conocer-los-ganadores-de-los-premios-literarios-2020\/#primaryimage"},"thumbnailUrl":"https:\/\/mont-roig.cat\/wp-content\/uploads\/premis-literaris-1.jpg","datePublished":"2020-12-21T09:54:04+00:00","author":{"@id":"https:\/\/mont-roig.cat\/es\/#\/schema\/person\/f2b111789f22b7d0c3bd6786c9128cba"},"breadcrumb":{"@id":"https:\/\/mont-roig.cat\/es\/actualitat\/noticies\/el-ayuntamiento-da-a-conocer-los-ganadores-de-los-premios-literarios-2020\/#breadcrumb"},"inLanguage":"es","potentialAction":[{"@type":"ReadAction","target":["https:\/\/mont-roig.cat\/es\/actualitat\/noticies\/el-ayuntamiento-da-a-conocer-los-ganadores-de-los-premios-literarios-2020\/"]}]},{"@type":"ImageObject","inLanguage":"es","@id":"https:\/\/mont-roig.cat\/es\/actualitat\/noticies\/el-ayuntamiento-da-a-conocer-los-ganadores-de-los-premios-literarios-2020\/#primaryimage","url":"https:\/\/mont-roig.cat\/wp-content\/uploads\/premis-literaris-1.jpg","contentUrl":"https:\/\/mont-roig.cat\/wp-content\/uploads\/premis-literaris-1.jpg","width":2048,"height":1152},{"@type":"BreadcrumbList","@id":"https:\/\/mont-roig.cat\/es\/actualitat\/noticies\/el-ayuntamiento-da-a-conocer-los-ganadores-de-los-premios-literarios-2020\/#breadcrumb","itemListElement":[{"@type":"ListItem","position":1,"name":"Inici","item":"https:\/\/mont-roig.cat\/es\/pagina-de-inicio\/"},{"@type":"ListItem","position":2,"name":"El Ayuntamiento da a conocer los ganadores de los premios literarios 2020"}]},{"@type":"WebSite","@id":"https:\/\/mont-roig.cat\/es\/#website","url":"https:\/\/mont-roig.cat\/es\/","name":"Ajuntament de Mont-roig del Camp","description":"Tota la informaci\u00f3 sobre la instituci\u00f3, els seus \u00f2rgans de govern, actualitat, serveis i molt m\u00e9s.","potentialAction":[{"@type":"SearchAction","target":{"@type":"EntryPoint","urlTemplate":"https:\/\/mont-roig.cat\/es\/?s={search_term_string}"},"query-input":{"@type":"PropertyValueSpecification","valueRequired":true,"valueName":"search_term_string"}}],"inLanguage":"es"},{"@type":"Person","@id":"https:\/\/mont-roig.cat\/es\/#\/schema\/person\/f2b111789f22b7d0c3bd6786c9128cba","name":"administrador","image":{"@type":"ImageObject","inLanguage":"es","@id":"https:\/\/secure.gravatar.com\/avatar\/9137aac6891e2595c9d3036fd83bcb653b4db3c946db4c7d9b9be193c3c944bb?s=96&d=mm&r=g","url":"https:\/\/secure.gravatar.com\/avatar\/9137aac6891e2595c9d3036fd83bcb653b4db3c946db4c7d9b9be193c3c944bb?s=96&d=mm&r=g","contentUrl":"https:\/\/secure.gravatar.com\/avatar\/9137aac6891e2595c9d3036fd83bcb653b4db3c946db4c7d9b9be193c3c944bb?s=96&d=mm&r=g","caption":"administrador"},"url":"https:\/\/mont-roig.cat\/es\/actualitat\/noticies\/author\/administrador\/"}]}},"_links":{"self":[{"href":"https:\/\/mont-roig.cat\/es\/wp-json\/wp\/v2\/posts\/52950","targetHints":{"allow":["GET"]}}],"collection":[{"href":"https:\/\/mont-roig.cat\/es\/wp-json\/wp\/v2\/posts"}],"about":[{"href":"https:\/\/mont-roig.cat\/es\/wp-json\/wp\/v2\/types\/post"}],"author":[{"embeddable":true,"href":"https:\/\/mont-roig.cat\/es\/wp-json\/wp\/v2\/users\/4"}],"replies":[{"embeddable":true,"href":"https:\/\/mont-roig.cat\/es\/wp-json\/wp\/v2\/comments?post=52950"}],"version-history":[{"count":2,"href":"https:\/\/mont-roig.cat\/es\/wp-json\/wp\/v2\/posts\/52950\/revisions"}],"predecessor-version":[{"id":52952,"href":"https:\/\/mont-roig.cat\/es\/wp-json\/wp\/v2\/posts\/52950\/revisions\/52952"}],"wp:featuredmedia":[{"embeddable":true,"href":"https:\/\/mont-roig.cat\/es\/wp-json\/wp\/v2\/media\/52949"}],"wp:attachment":[{"href":"https:\/\/mont-roig.cat\/es\/wp-json\/wp\/v2\/media?parent=52950"}],"wp:term":[{"taxonomy":"category","embeddable":true,"href":"https:\/\/mont-roig.cat\/es\/wp-json\/wp\/v2\/categories?post=52950"},{"taxonomy":"post_tag","embeddable":true,"href":"https:\/\/mont-roig.cat\/es\/wp-json\/wp\/v2\/tags?post=52950"}],"curies":[{"name":"wp","href":"https:\/\/api.w.org\/{rel}","templated":true}]}}