{"id":52958,"date":"2020-12-21T15:15:21","date_gmt":"2020-12-21T14:15:21","guid":{"rendered":"https:\/\/mont-roig.cat\/?p=52958"},"modified":"2020-12-21T15:15:21","modified_gmt":"2020-12-21T14:15:21","slug":"melchor-gaspar-y-baltasar-comienzan-las-videollamadas-a-los-ninos-del-municipio","status":"publish","type":"post","link":"https:\/\/mont-roig.cat\/es\/actualitat\/noticies\/melchor-gaspar-y-baltasar-comienzan-las-videollamadas-a-los-ninos-del-municipio\/","title":{"rendered":"Melchor, Gaspar y Baltasar comienzan las videollamadas a los ni\u00f1os del municipio"},"content":{"rendered":"<ul>\n<li><strong><span lang=\"es\">Los Reyes de Oriente ya se han puesto en contacto con algunas de las 225 familias que participan en la iniciativa<\/span><\/strong><\/li>\n<\/ul>\n<p><a href=\"https:\/\/mont-roig.cat\/wp-content\/uploads\/Reis-dorient.jpeg\"><img loading=\"lazy\" decoding=\"async\" class=\"alignright wp-image-52954\" src=\"https:\/\/mont-roig.cat\/wp-content\/uploads\/Reis-dorient-500x364.jpeg\" alt=\"\" width=\"300\" height=\"219\" srcset=\"https:\/\/mont-roig.cat\/wp-content\/uploads\/Reis-dorient-500x364.jpeg 500w, https:\/\/mont-roig.cat\/wp-content\/uploads\/Reis-dorient-1024x746.jpeg 1024w, https:\/\/mont-roig.cat\/wp-content\/uploads\/Reis-dorient-768x560.jpeg 768w, https:\/\/mont-roig.cat\/wp-content\/uploads\/Reis-dorient-1536x1119.jpeg 1536w, https:\/\/mont-roig.cat\/wp-content\/uploads\/Reis-dorient.jpeg 1599w\" sizes=\"auto, (max-width: 300px) 100vw, 300px\" \/><\/a>Sus Majestades los Reyes de Oriente han comenzado este domingo a realizar las videollamadas a los ni\u00f1os del municipio. Seg\u00fan han confirmado al Ayuntamiento, los Reyes est\u00e1n muy contentos de poder volver a ver las caras de ilusi\u00f3n de los ni\u00f1os. Melchor, Gaspar y Baltasar preguntan a cada ni\u00f1o como se ha llevado, como ha ido en 2020, ya que ha sido muy diferente y dif\u00edcil en algunos momentos o cu\u00e1les qu\u00e9 regalos han pedido en la carta.<\/p>\n<p>Los ni\u00f1os y ni\u00f1as, entre emocionados y vergonzosos, para recibir la llamada de unos personajes tan importantes responden a Sus Majestades recordando los juguetes y los deseos que han plasmado antes sobre el papel. Este a\u00f1o destaca un deseo unitario, son muchos los ni\u00f1os y ni\u00f1as que piden que se acabe este virus que les ha molestado y los ha dejado sin escuela, encerrados en casa muchos meses, sin poder abrazar los abuelos y abuelas o salir a jugar con los amigos y amigas.<\/p>\n<p>Un total de 225 familias se han apuntado a la propuesta del Departamento de Fiestas para que los ni\u00f1os puedan ver y hablar con los Reyes de Oriente antes de que lleguen al municipio la noche m\u00e1gica del 5 de enero de 2021.<\/p>\n<p>El Ayuntamiento recuerda a las familias que est\u00e9n bien atentos al m\u00f3vil, porque hasta el mi\u00e9rcoles d\u00eda 23 de diciembre a\u00fan pueden recibir una llamada muy especial.<\/p>\n","protected":false},"excerpt":{"rendered":"<p>Los Reyes de Oriente ya se han puesto en contacto con algunas de las 225 familias que participan en la iniciativa Sus Majestades los Reyes de Oriente han comenzado este domingo a realizar las videollamadas a los ni\u00f1os del municipio. Seg\u00fan han confirmado al Ayuntamiento, los Reyes est\u00e1n muy contentos de poder volver a ver [&hellip;]<\/p>\n","protected":false},"author":4,"featured_media":52954,"comment_status":"closed","ping_status":"closed","sticky":false,"template":"","format":"standard","meta":{"inline_featured_image":false,"_monsterinsights_skip_tracking":false,"_monsterinsights_sitenote_active":false,"_monsterinsights_sitenote_note":"","_monsterinsights_sitenote_category":0,"footnotes":""},"categories":[98,188,105],"tags":[],"class_list":["post-52958","post","type-post","status-publish","format-standard","has-post-thumbnail","hentry","category-ayuntamiento","category-coronavirus-sociales","category-fiestas"],"yoast_head":"<!-- This site is optimized with the Yoast SEO plugin v27.4 - https:\/\/yoast.com\/product\/yoast-seo-wordpress\/ -->\n<title>Melchor, Gaspar y Baltasar comienzan las videollamadas a los ni\u00f1os del municipio - Ajuntament de Mont-roig del Camp<\/title>\n<meta name=\"robots\" content=\"index, follow, max-snippet:-1, max-image-preview:large, max-video-preview:-1\" \/>\n<link rel=\"canonical\" href=\"https:\/\/mont-roig.cat\/es\/actualitat\/noticies\/melchor-gaspar-y-baltasar-comienzan-las-videollamadas-a-los-ninos-del-municipio\/\" \/>\n<meta property=\"og:locale\" content=\"es_ES\" \/>\n<meta property=\"og:type\" content=\"article\" \/>\n<meta property=\"og:title\" content=\"Melchor, Gaspar y Baltasar comienzan las videollamadas a los ni\u00f1os del municipio - Ajuntament de Mont-roig del Camp\" \/>\n<meta property=\"og:description\" content=\"Los Reyes de Oriente ya se han puesto en contacto con algunas de las 225 familias que participan en la iniciativa Sus Majestades los Reyes de Oriente han comenzado este domingo a realizar las videollamadas a los ni\u00f1os del municipio. Seg\u00fan han confirmado al Ayuntamiento, los Reyes est\u00e1n muy contentos de poder volver a ver [&hellip;]\" \/>\n<meta property=\"og:url\" content=\"https:\/\/mont-roig.cat\/es\/actualitat\/noticies\/melchor-gaspar-y-baltasar-comienzan-las-videollamadas-a-los-ninos-del-municipio\/\" \/>\n<meta property=\"og:site_name\" content=\"Ajuntament de Mont-roig del Camp\" \/>\n<meta property=\"article:published_time\" content=\"2020-12-21T14:15:21+00:00\" \/>\n<meta property=\"og:image\" content=\"https:\/\/mont-roig.cat\/wp-content\/uploads\/Reis-dorient.jpeg\" \/>\n\t<meta property=\"og:image:width\" content=\"1599\" \/>\n\t<meta property=\"og:image:height\" content=\"1165\" \/>\n\t<meta property=\"og:image:type\" content=\"image\/jpeg\" \/>\n<meta name=\"author\" content=\"administrador\" \/>\n<meta name=\"twitter:card\" content=\"summary_large_image\" \/>\n<meta name=\"twitter:label1\" content=\"Escrito por\" \/>\n\t<meta name=\"twitter:data1\" content=\"administrador\" \/>\n\t<meta name=\"twitter:label2\" content=\"Tiempo de lectura\" \/>\n\t<meta name=\"twitter:data2\" content=\"1 minuto\" \/>\n<script type=\"application\/ld+json\" class=\"yoast-schema-graph\">{\"@context\":\"https:\\\/\\\/schema.org\",\"@graph\":[{\"@type\":\"Article\",\"@id\":\"https:\\\/\\\/mont-roig.cat\\\/es\\\/actualitat\\\/noticies\\\/melchor-gaspar-y-baltasar-comienzan-las-videollamadas-a-los-ninos-del-municipio\\\/#article\",\"isPartOf\":{\"@id\":\"https:\\\/\\\/mont-roig.cat\\\/es\\\/actualitat\\\/noticies\\\/melchor-gaspar-y-baltasar-comienzan-las-videollamadas-a-los-ninos-del-municipio\\\/\"},\"author\":{\"name\":\"administrador\",\"@id\":\"https:\\\/\\\/mont-roig.cat\\\/es\\\/#\\\/schema\\\/person\\\/f2b111789f22b7d0c3bd6786c9128cba\"},\"headline\":\"Melchor, Gaspar y Baltasar comienzan las videollamadas a los ni\u00f1os del municipio\",\"datePublished\":\"2020-12-21T14:15:21+00:00\",\"mainEntityOfPage\":{\"@id\":\"https:\\\/\\\/mont-roig.cat\\\/es\\\/actualitat\\\/noticies\\\/melchor-gaspar-y-baltasar-comienzan-las-videollamadas-a-los-ninos-del-municipio\\\/\"},\"wordCount\":280,\"image\":{\"@id\":\"https:\\\/\\\/mont-roig.cat\\\/es\\\/actualitat\\\/noticies\\\/melchor-gaspar-y-baltasar-comienzan-las-videollamadas-a-los-ninos-del-municipio\\\/#primaryimage\"},\"thumbnailUrl\":\"https:\\\/\\\/mont-roig.cat\\\/wp-content\\\/uploads\\\/Reis-dorient.jpeg\",\"articleSection\":[\"Ayuntamiento\",\"Coronavirus - medidas sociales\",\"Festes\"],\"inLanguage\":\"es\"},{\"@type\":\"WebPage\",\"@id\":\"https:\\\/\\\/mont-roig.cat\\\/es\\\/actualitat\\\/noticies\\\/melchor-gaspar-y-baltasar-comienzan-las-videollamadas-a-los-ninos-del-municipio\\\/\",\"url\":\"https:\\\/\\\/mont-roig.cat\\\/es\\\/actualitat\\\/noticies\\\/melchor-gaspar-y-baltasar-comienzan-las-videollamadas-a-los-ninos-del-municipio\\\/\",\"name\":\"Melchor, Gaspar y Baltasar comienzan las videollamadas a los ni\u00f1os del municipio - Ajuntament de Mont-roig del Camp\",\"isPartOf\":{\"@id\":\"https:\\\/\\\/mont-roig.cat\\\/es\\\/#website\"},\"primaryImageOfPage\":{\"@id\":\"https:\\\/\\\/mont-roig.cat\\\/es\\\/actualitat\\\/noticies\\\/melchor-gaspar-y-baltasar-comienzan-las-videollamadas-a-los-ninos-del-municipio\\\/#primaryimage\"},\"image\":{\"@id\":\"https:\\\/\\\/mont-roig.cat\\\/es\\\/actualitat\\\/noticies\\\/melchor-gaspar-y-baltasar-comienzan-las-videollamadas-a-los-ninos-del-municipio\\\/#primaryimage\"},\"thumbnailUrl\":\"https:\\\/\\\/mont-roig.cat\\\/wp-content\\\/uploads\\\/Reis-dorient.jpeg\",\"datePublished\":\"2020-12-21T14:15:21+00:00\",\"author\":{\"@id\":\"https:\\\/\\\/mont-roig.cat\\\/es\\\/#\\\/schema\\\/person\\\/f2b111789f22b7d0c3bd6786c9128cba\"},\"breadcrumb\":{\"@id\":\"https:\\\/\\\/mont-roig.cat\\\/es\\\/actualitat\\\/noticies\\\/melchor-gaspar-y-baltasar-comienzan-las-videollamadas-a-los-ninos-del-municipio\\\/#breadcrumb\"},\"inLanguage\":\"es\",\"potentialAction\":[{\"@type\":\"ReadAction\",\"target\":[\"https:\\\/\\\/mont-roig.cat\\\/es\\\/actualitat\\\/noticies\\\/melchor-gaspar-y-baltasar-comienzan-las-videollamadas-a-los-ninos-del-municipio\\\/\"]}]},{\"@type\":\"ImageObject\",\"inLanguage\":\"es\",\"@id\":\"https:\\\/\\\/mont-roig.cat\\\/es\\\/actualitat\\\/noticies\\\/melchor-gaspar-y-baltasar-comienzan-las-videollamadas-a-los-ninos-del-municipio\\\/#primaryimage\",\"url\":\"https:\\\/\\\/mont-roig.cat\\\/wp-content\\\/uploads\\\/Reis-dorient.jpeg\",\"contentUrl\":\"https:\\\/\\\/mont-roig.cat\\\/wp-content\\\/uploads\\\/Reis-dorient.jpeg\",\"width\":1599,\"height\":1165},{\"@type\":\"BreadcrumbList\",\"@id\":\"https:\\\/\\\/mont-roig.cat\\\/es\\\/actualitat\\\/noticies\\\/melchor-gaspar-y-baltasar-comienzan-las-videollamadas-a-los-ninos-del-municipio\\\/#breadcrumb\",\"itemListElement\":[{\"@type\":\"ListItem\",\"position\":1,\"name\":\"Inici\",\"item\":\"https:\\\/\\\/mont-roig.cat\\\/es\\\/pagina-de-inicio\\\/\"},{\"@type\":\"ListItem\",\"position\":2,\"name\":\"Melchor, Gaspar y Baltasar comienzan las videollamadas a los ni\u00f1os del municipio\"}]},{\"@type\":\"WebSite\",\"@id\":\"https:\\\/\\\/mont-roig.cat\\\/es\\\/#website\",\"url\":\"https:\\\/\\\/mont-roig.cat\\\/es\\\/\",\"name\":\"Ajuntament de Mont-roig del Camp\",\"description\":\"Tota la informaci\u00f3 sobre la instituci\u00f3, els seus \u00f2rgans de govern, actualitat, serveis i molt m\u00e9s.\",\"potentialAction\":[{\"@type\":\"SearchAction\",\"target\":{\"@type\":\"EntryPoint\",\"urlTemplate\":\"https:\\\/\\\/mont-roig.cat\\\/es\\\/?s={search_term_string}\"},\"query-input\":{\"@type\":\"PropertyValueSpecification\",\"valueRequired\":true,\"valueName\":\"search_term_string\"}}],\"inLanguage\":\"es\"},{\"@type\":\"Person\",\"@id\":\"https:\\\/\\\/mont-roig.cat\\\/es\\\/#\\\/schema\\\/person\\\/f2b111789f22b7d0c3bd6786c9128cba\",\"name\":\"administrador\",\"image\":{\"@type\":\"ImageObject\",\"inLanguage\":\"es\",\"@id\":\"https:\\\/\\\/secure.gravatar.com\\\/avatar\\\/9137aac6891e2595c9d3036fd83bcb653b4db3c946db4c7d9b9be193c3c944bb?s=96&d=mm&r=g\",\"url\":\"https:\\\/\\\/secure.gravatar.com\\\/avatar\\\/9137aac6891e2595c9d3036fd83bcb653b4db3c946db4c7d9b9be193c3c944bb?s=96&d=mm&r=g\",\"contentUrl\":\"https:\\\/\\\/secure.gravatar.com\\\/avatar\\\/9137aac6891e2595c9d3036fd83bcb653b4db3c946db4c7d9b9be193c3c944bb?s=96&d=mm&r=g\",\"caption\":\"administrador\"},\"url\":\"https:\\\/\\\/mont-roig.cat\\\/es\\\/actualitat\\\/noticies\\\/author\\\/administrador\\\/\"}]}<\/script>\n<!-- \/ Yoast SEO plugin. -->","yoast_head_json":{"title":"Melchor, Gaspar y Baltasar comienzan las videollamadas a los ni\u00f1os del municipio - Ajuntament de Mont-roig del Camp","robots":{"index":"index","follow":"follow","max-snippet":"max-snippet:-1","max-image-preview":"max-image-preview:large","max-video-preview":"max-video-preview:-1"},"canonical":"https:\/\/mont-roig.cat\/es\/actualitat\/noticies\/melchor-gaspar-y-baltasar-comienzan-las-videollamadas-a-los-ninos-del-municipio\/","og_locale":"es_ES","og_type":"article","og_title":"Melchor, Gaspar y Baltasar comienzan las videollamadas a los ni\u00f1os del municipio - Ajuntament de Mont-roig del Camp","og_description":"Los Reyes de Oriente ya se han puesto en contacto con algunas de las 225 familias que participan en la iniciativa Sus Majestades los Reyes de Oriente han comenzado este domingo a realizar las videollamadas a los ni\u00f1os del municipio. Seg\u00fan han confirmado al Ayuntamiento, los Reyes est\u00e1n muy contentos de poder volver a ver [&hellip;]","og_url":"https:\/\/mont-roig.cat\/es\/actualitat\/noticies\/melchor-gaspar-y-baltasar-comienzan-las-videollamadas-a-los-ninos-del-municipio\/","og_site_name":"Ajuntament de Mont-roig del Camp","article_published_time":"2020-12-21T14:15:21+00:00","og_image":[{"width":1599,"height":1165,"url":"https:\/\/mont-roig.cat\/wp-content\/uploads\/Reis-dorient.jpeg","type":"image\/jpeg"}],"author":"administrador","twitter_card":"summary_large_image","twitter_misc":{"Escrito por":"administrador","Tiempo de lectura":"1 minuto"},"schema":{"@context":"https:\/\/schema.org","@graph":[{"@type":"Article","@id":"https:\/\/mont-roig.cat\/es\/actualitat\/noticies\/melchor-gaspar-y-baltasar-comienzan-las-videollamadas-a-los-ninos-del-municipio\/#article","isPartOf":{"@id":"https:\/\/mont-roig.cat\/es\/actualitat\/noticies\/melchor-gaspar-y-baltasar-comienzan-las-videollamadas-a-los-ninos-del-municipio\/"},"author":{"name":"administrador","@id":"https:\/\/mont-roig.cat\/es\/#\/schema\/person\/f2b111789f22b7d0c3bd6786c9128cba"},"headline":"Melchor, Gaspar y Baltasar comienzan las videollamadas a los ni\u00f1os del municipio","datePublished":"2020-12-21T14:15:21+00:00","mainEntityOfPage":{"@id":"https:\/\/mont-roig.cat\/es\/actualitat\/noticies\/melchor-gaspar-y-baltasar-comienzan-las-videollamadas-a-los-ninos-del-municipio\/"},"wordCount":280,"image":{"@id":"https:\/\/mont-roig.cat\/es\/actualitat\/noticies\/melchor-gaspar-y-baltasar-comienzan-las-videollamadas-a-los-ninos-del-municipio\/#primaryimage"},"thumbnailUrl":"https:\/\/mont-roig.cat\/wp-content\/uploads\/Reis-dorient.jpeg","articleSection":["Ayuntamiento","Coronavirus - medidas sociales","Festes"],"inLanguage":"es"},{"@type":"WebPage","@id":"https:\/\/mont-roig.cat\/es\/actualitat\/noticies\/melchor-gaspar-y-baltasar-comienzan-las-videollamadas-a-los-ninos-del-municipio\/","url":"https:\/\/mont-roig.cat\/es\/actualitat\/noticies\/melchor-gaspar-y-baltasar-comienzan-las-videollamadas-a-los-ninos-del-municipio\/","name":"Melchor, Gaspar y Baltasar comienzan las videollamadas a los ni\u00f1os del municipio - Ajuntament de Mont-roig del Camp","isPartOf":{"@id":"https:\/\/mont-roig.cat\/es\/#website"},"primaryImageOfPage":{"@id":"https:\/\/mont-roig.cat\/es\/actualitat\/noticies\/melchor-gaspar-y-baltasar-comienzan-las-videollamadas-a-los-ninos-del-municipio\/#primaryimage"},"image":{"@id":"https:\/\/mont-roig.cat\/es\/actualitat\/noticies\/melchor-gaspar-y-baltasar-comienzan-las-videollamadas-a-los-ninos-del-municipio\/#primaryimage"},"thumbnailUrl":"https:\/\/mont-roig.cat\/wp-content\/uploads\/Reis-dorient.jpeg","datePublished":"2020-12-21T14:15:21+00:00","author":{"@id":"https:\/\/mont-roig.cat\/es\/#\/schema\/person\/f2b111789f22b7d0c3bd6786c9128cba"},"breadcrumb":{"@id":"https:\/\/mont-roig.cat\/es\/actualitat\/noticies\/melchor-gaspar-y-baltasar-comienzan-las-videollamadas-a-los-ninos-del-municipio\/#breadcrumb"},"inLanguage":"es","potentialAction":[{"@type":"ReadAction","target":["https:\/\/mont-roig.cat\/es\/actualitat\/noticies\/melchor-gaspar-y-baltasar-comienzan-las-videollamadas-a-los-ninos-del-municipio\/"]}]},{"@type":"ImageObject","inLanguage":"es","@id":"https:\/\/mont-roig.cat\/es\/actualitat\/noticies\/melchor-gaspar-y-baltasar-comienzan-las-videollamadas-a-los-ninos-del-municipio\/#primaryimage","url":"https:\/\/mont-roig.cat\/wp-content\/uploads\/Reis-dorient.jpeg","contentUrl":"https:\/\/mont-roig.cat\/wp-content\/uploads\/Reis-dorient.jpeg","width":1599,"height":1165},{"@type":"BreadcrumbList","@id":"https:\/\/mont-roig.cat\/es\/actualitat\/noticies\/melchor-gaspar-y-baltasar-comienzan-las-videollamadas-a-los-ninos-del-municipio\/#breadcrumb","itemListElement":[{"@type":"ListItem","position":1,"name":"Inici","item":"https:\/\/mont-roig.cat\/es\/pagina-de-inicio\/"},{"@type":"ListItem","position":2,"name":"Melchor, Gaspar y Baltasar comienzan las videollamadas a los ni\u00f1os del municipio"}]},{"@type":"WebSite","@id":"https:\/\/mont-roig.cat\/es\/#website","url":"https:\/\/mont-roig.cat\/es\/","name":"Ajuntament de Mont-roig del Camp","description":"Tota la informaci\u00f3 sobre la instituci\u00f3, els seus \u00f2rgans de govern, actualitat, serveis i molt m\u00e9s.","potentialAction":[{"@type":"SearchAction","target":{"@type":"EntryPoint","urlTemplate":"https:\/\/mont-roig.cat\/es\/?s={search_term_string}"},"query-input":{"@type":"PropertyValueSpecification","valueRequired":true,"valueName":"search_term_string"}}],"inLanguage":"es"},{"@type":"Person","@id":"https:\/\/mont-roig.cat\/es\/#\/schema\/person\/f2b111789f22b7d0c3bd6786c9128cba","name":"administrador","image":{"@type":"ImageObject","inLanguage":"es","@id":"https:\/\/secure.gravatar.com\/avatar\/9137aac6891e2595c9d3036fd83bcb653b4db3c946db4c7d9b9be193c3c944bb?s=96&d=mm&r=g","url":"https:\/\/secure.gravatar.com\/avatar\/9137aac6891e2595c9d3036fd83bcb653b4db3c946db4c7d9b9be193c3c944bb?s=96&d=mm&r=g","contentUrl":"https:\/\/secure.gravatar.com\/avatar\/9137aac6891e2595c9d3036fd83bcb653b4db3c946db4c7d9b9be193c3c944bb?s=96&d=mm&r=g","caption":"administrador"},"url":"https:\/\/mont-roig.cat\/es\/actualitat\/noticies\/author\/administrador\/"}]}},"_links":{"self":[{"href":"https:\/\/mont-roig.cat\/es\/wp-json\/wp\/v2\/posts\/52958","targetHints":{"allow":["GET"]}}],"collection":[{"href":"https:\/\/mont-roig.cat\/es\/wp-json\/wp\/v2\/posts"}],"about":[{"href":"https:\/\/mont-roig.cat\/es\/wp-json\/wp\/v2\/types\/post"}],"author":[{"embeddable":true,"href":"https:\/\/mont-roig.cat\/es\/wp-json\/wp\/v2\/users\/4"}],"replies":[{"embeddable":true,"href":"https:\/\/mont-roig.cat\/es\/wp-json\/wp\/v2\/comments?post=52958"}],"version-history":[{"count":2,"href":"https:\/\/mont-roig.cat\/es\/wp-json\/wp\/v2\/posts\/52958\/revisions"}],"predecessor-version":[{"id":52960,"href":"https:\/\/mont-roig.cat\/es\/wp-json\/wp\/v2\/posts\/52958\/revisions\/52960"}],"wp:featuredmedia":[{"embeddable":true,"href":"https:\/\/mont-roig.cat\/es\/wp-json\/wp\/v2\/media\/52954"}],"wp:attachment":[{"href":"https:\/\/mont-roig.cat\/es\/wp-json\/wp\/v2\/media?parent=52958"}],"wp:term":[{"taxonomy":"category","embeddable":true,"href":"https:\/\/mont-roig.cat\/es\/wp-json\/wp\/v2\/categories?post=52958"},{"taxonomy":"post_tag","embeddable":true,"href":"https:\/\/mont-roig.cat\/es\/wp-json\/wp\/v2\/tags?post=52958"}],"curies":[{"name":"wp","href":"https:\/\/api.w.org\/{rel}","templated":true}]}}