{"id":53189,"date":"2021-01-18T10:00:24","date_gmt":"2021-01-18T09:00:24","guid":{"rendered":"https:\/\/mont-roig.cat\/?p=53189"},"modified":"2021-01-18T10:00:24","modified_gmt":"2021-01-18T09:00:24","slug":"el-ayuntamiento-pone-en-marcha-un-ciclo-de-webinares-para-personas-empresarias-autonomas-y-emprendedoras","status":"publish","type":"post","link":"https:\/\/mont-roig.cat\/es\/actualitat\/noticies\/el-ayuntamiento-pone-en-marcha-un-ciclo-de-webinares-para-personas-empresarias-autonomas-y-emprendedoras\/","title":{"rendered":"El Ayuntamiento pone en marcha un ciclo de webinares para personas empresarias, aut\u00f3nomas y emprendedoras"},"content":{"rendered":"<ul>\n<li><a href=\"https:\/\/mont-roig.cat\/wp-content\/uploads\/Webinars-formacio-2021_cartell.png\"><img loading=\"lazy\" decoding=\"async\" class=\"alignright wp-image-53184 size-medium\" src=\"https:\/\/mont-roig.cat\/wp-content\/uploads\/Webinars-formacio-2021_cartell-177x500.png\" alt=\"\" width=\"177\" height=\"500\" srcset=\"https:\/\/mont-roig.cat\/wp-content\/uploads\/Webinars-formacio-2021_cartell-177x500.png 177w, https:\/\/mont-roig.cat\/wp-content\/uploads\/Webinars-formacio-2021_cartell-362x1024.png 362w, https:\/\/mont-roig.cat\/wp-content\/uploads\/Webinars-formacio-2021_cartell-768x2172.png 768w, https:\/\/mont-roig.cat\/wp-content\/uploads\/Webinars-formacio-2021_cartell-543x1536.png 543w, https:\/\/mont-roig.cat\/wp-content\/uploads\/Webinars-formacio-2021_cartell-724x2048.png 724w, https:\/\/mont-roig.cat\/wp-content\/uploads\/Webinars-formacio-2021_cartell.png 2048w\" sizes=\"auto, (max-width: 177px) 100vw, 177px\" \/><\/a><strong><span class=\"JLqJ4b ChMk0b\" data-language-for-alternatives=\"es\" data-language-to-translate-into=\"ca\" data-phrase-index=\"0\">Ser\u00e1n<\/span> <span class=\"JLqJ4b ChMk0b\" data-language-for-alternatives=\"es\" data-language-to-translate-into=\"ca\" data-phrase-index=\"1\">10 sesiones<\/span> <span class=\"JLqJ4b ChMk0b\" data-language-for-alternatives=\"es\" data-language-to-translate-into=\"ca\" data-phrase-index=\"2\">formativas<\/span><span class=\"JLqJ4b ChMk0b\" data-language-for-alternatives=\"es\" data-language-to-translate-into=\"ca\" data-phrase-index=\"3\">,<\/span> <span class=\"JLqJ4b ChMk0b\" data-language-for-alternatives=\"es\" data-language-to-translate-into=\"ca\" data-phrase-index=\"4\">virtuales y<\/span> <span class=\"JLqJ4b ChMk0b\" data-language-for-alternatives=\"es\" data-language-to-translate-into=\"ca\" data-phrase-index=\"5\">gratuitas<\/span><span class=\"JLqJ4b ChMk0b\" data-language-for-alternatives=\"es\" data-language-to-translate-into=\"ca\" data-phrase-index=\"6\">, que<\/span> <span class=\"JLqJ4b ChMk0b\" data-language-for-alternatives=\"es\" data-language-to-translate-into=\"ca\" data-phrase-index=\"7\">tratar\u00e1n<\/span> <span class=\"JLqJ4b ChMk0b\" data-language-for-alternatives=\"es\" data-language-to-translate-into=\"ca\" data-phrase-index=\"8\">temas como<\/span> <span class=\"JLqJ4b ChMk0b\" data-language-for-alternatives=\"es\" data-language-to-translate-into=\"ca\" data-phrase-index=\"9\">la venta<\/span> <span class=\"JLqJ4b ChMk0b\" data-language-for-alternatives=\"es\" data-language-to-translate-into=\"ca\" data-phrase-index=\"10\">online,<\/span> <span class=\"JLqJ4b ChMk0b\" data-language-for-alternatives=\"es\" data-language-to-translate-into=\"ca\" data-phrase-index=\"11\">el<\/span> <span class=\"JLqJ4b ChMk0b\" data-language-for-alternatives=\"es\" data-language-to-translate-into=\"ca\" data-phrase-index=\"12\">WhatsApp<\/span> <span class=\"JLqJ4b ChMk0b\" data-language-for-alternatives=\"es\" data-language-to-translate-into=\"ca\" data-phrase-index=\"13\">business<\/span><span class=\"JLqJ4b ChMk0b\" data-language-for-alternatives=\"es\" data-language-to-translate-into=\"ca\" data-phrase-index=\"14\">, los<\/span> <span class=\"JLqJ4b ChMk0b\" data-language-for-alternatives=\"es\" data-language-to-translate-into=\"ca\" data-phrase-index=\"15\">xatbots<\/span> <span class=\"JLqJ4b ChMk0b\" data-language-for-alternatives=\"es\" data-language-to-translate-into=\"ca\" data-phrase-index=\"16\">o<\/span> <span class=\"JLqJ4b ChMk0b\" data-language-for-alternatives=\"es\" data-language-to-translate-into=\"ca\" data-phrase-index=\"17\">c\u00f3mo hacer<\/span> <span class=\"JLqJ4b ChMk0b\" data-language-for-alternatives=\"es\" data-language-to-translate-into=\"ca\" data-phrase-index=\"18\">un plan<\/span> <span class=\"JLqJ4b ChMk0b\" data-language-for-alternatives=\"es\" data-language-to-translate-into=\"ca\" data-phrase-index=\"19\">de promoci\u00f3n,<\/span> <span class=\"JLqJ4b ChMk0b\" data-language-for-alternatives=\"es\" data-language-to-translate-into=\"ca\" data-phrase-index=\"20\">entre otros<\/span> <\/strong><\/li>\n<li><strong><span class=\"JLqJ4b ChMk0b\" data-language-for-alternatives=\"es\" data-language-to-translate-into=\"ca\" data-phrase-index=\"22\">Las<\/span> <span class=\"JLqJ4b ChMk0b\" data-language-for-alternatives=\"es\" data-language-to-translate-into=\"ca\" data-phrase-index=\"23\">inscripciones<\/span><span class=\"JLqJ4b ChMk0b\" data-language-for-alternatives=\"es\" data-language-to-translate-into=\"ca\" data-phrase-index=\"24\">,<\/span> <span class=\"JLqJ4b ChMk0b\" data-language-for-alternatives=\"es\" data-language-to-translate-into=\"ca\" data-phrase-index=\"25\">que ya est\u00e1n<\/span> <span class=\"JLqJ4b ChMk0b\" data-language-for-alternatives=\"es\" data-language-to-translate-into=\"ca\" data-phrase-index=\"26\">abiertas,<\/span> <span class=\"JLqJ4b ChMk0b\" data-language-for-alternatives=\"es\" data-language-to-translate-into=\"ca\" data-phrase-index=\"27\">se pueden hacer<\/span> <span class=\"JLqJ4b ChMk0b\" data-language-for-alternatives=\"es\" data-language-to-translate-into=\"ca\" data-phrase-index=\"28\">enviando<\/span> <span class=\"JLqJ4b ChMk0b\" data-language-for-alternatives=\"es\" data-language-to-translate-into=\"ca\" data-phrase-index=\"29\">un correo electr\u00f3nico a<\/span> <span class=\"JLqJ4b ChMk0b\" data-language-for-alternatives=\"es\" data-language-to-translate-into=\"ca\" data-phrase-index=\"30\">promocio@mont-roig.cat<\/span> <span class=\"JLqJ4b ChMk0b\" data-language-for-alternatives=\"es\" data-language-to-translate-into=\"ca\" data-phrase-index=\"31\">o bien<\/span> <span class=\"JLqJ4b ChMk0b\" data-language-for-alternatives=\"es\" data-language-to-translate-into=\"ca\" data-phrase-index=\"32\">en el tel\u00e9fono<\/span> <span class=\"JLqJ4b ChMk0b\" data-language-for-alternatives=\"es\" data-language-to-translate-into=\"ca\" data-phrase-index=\"33\">977<\/span> <span class=\"JLqJ4b ChMk0b\" data-language-for-alternatives=\"es\" data-language-to-translate-into=\"ca\" data-phrase-index=\"34\">17<\/span> <span class=\"JLqJ4b ChMk0b\" data-language-for-alternatives=\"es\" data-language-to-translate-into=\"ca\" data-phrase-index=\"35\">25<\/span> <span class=\"JLqJ4b ChMk0b\" data-language-for-alternatives=\"es\" data-language-to-translate-into=\"ca\" data-phrase-index=\"36\">27<\/span><\/strong><\/li>\n<\/ul>\n<p>La concejal\u00eda de Impulso Econ\u00f3mico y Empleo del Ayuntamiento de Mont-roig del Camp ha organizado un ciclo de talleres formativos dirigidos principalmente a personas empresarias, aut\u00f3nomas y emprendedoras con el objetivo de ofrecerles diversas herramientas que puedan ser de ayuda para hacer frente a las circunstancias actuales, reinventarse y orientarse hacia el futuro.<\/p>\n<p>Se trata de 10 sesiones virtuales que est\u00e1n divididas en 3 niveles: b\u00e1sico, intermedio y avanzado en funci\u00f3n de los conocimientos de inform\u00e1tica, aplicaciones y conexi\u00f3n de los usuarios.<\/p>\n<p>Los webinares, que tendr\u00e1n lugar a trav\u00e9s de una plataforma de videoconferencias, ser\u00e1n gratuitos y se llevar\u00e1n a cabo de 15 a 17 h. Las inscripciones ya est\u00e1n abiertas y se pueden hacer enviando un correo electr\u00f3nico a promocio@mont-roig.cat indicando el nombre, DNI, tel\u00e9fono y e-mail o bien llamando al 977 172 527.<\/p>\n<p>Una vez hecha la inscripci\u00f3n, el departamento har\u00e1 llegar un correo electr\u00f3nico con toda la informaci\u00f3n sobre la plataforma de las videoconferencias y el link para acceder al webinar.<\/p>\n<p><strong>Los webinares comienzan el 27 de enero<\/strong><\/p>\n<p>Las sesiones formativas, que comenzar\u00e1n el 27 de enero y finalizaran en junio, ofrecer\u00e1n a los participantes diversas ideas y soluciones para adaptarse al nuevo entorno marcado por la crisis de la Covid 19. As\u00ed, el WhatsApp business, los xatbots, la creaci\u00f3n de planes para promocionarse o las tiendas online ser\u00e1n algunos de los temas que se tratar\u00e1n en estos talleres virtuales.<\/p>\n<p>Los webinares comenzar\u00e1n con la sesi\u00f3n &#8220;\u00bfQu\u00e9 opciones tenemos para introducirnos a la venta online?&#8221;, Que tendr\u00e1 lugar el mi\u00e9rcoles 27 de enero, de 15 a 17 h, y correr\u00e1 a cargo de la ponente Marta Canedo. Esta sesi\u00f3n servir\u00e1 para presentar las diversas opciones que un comercio tiene a su alcance para dar a conocer, captar y fidelizar su clientela o hacer efectiva la venta por medio de redes sociales, plataformas de mensajer\u00eda instant\u00e1nea y aplicaciones m\u00f3viles.<\/p>\n","protected":false},"excerpt":{"rendered":"<p>Ser\u00e1n 10 sesiones formativas, virtuales y gratuitas, que tratar\u00e1n temas como la venta online, el WhatsApp business, los xatbots o c\u00f3mo hacer un plan de promoci\u00f3n, entre otros Las inscripciones, que ya est\u00e1n abiertas, se pueden hacer enviando un correo electr\u00f3nico a promocio@mont-roig.cat o bien en el tel\u00e9fono 977 17 25 27 La concejal\u00eda de [&hellip;]<\/p>\n","protected":false},"author":4,"featured_media":53187,"comment_status":"closed","ping_status":"closed","sticky":false,"template":"","format":"standard","meta":{"inline_featured_image":false,"_monsterinsights_skip_tracking":false,"_monsterinsights_sitenote_active":false,"_monsterinsights_sitenote_note":"","_monsterinsights_sitenote_category":0,"footnotes":""},"categories":[178,187,169],"tags":[],"class_list":["post-53189","post","type-post","status-publish","format-standard","has-post-thumbnail","hentry","category-coronavirus","category-coronavirus-economicas","category-impuls-economic-i-ocupacio-es"],"yoast_head":"<!-- This site is optimized with the Yoast SEO plugin v27.4 - https:\/\/yoast.com\/product\/yoast-seo-wordpress\/ -->\n<title>El Ayuntamiento pone en marcha un ciclo de webinares para personas empresarias, aut\u00f3nomas y emprendedoras - Ajuntament de Mont-roig del Camp<\/title>\n<meta name=\"robots\" content=\"index, follow, max-snippet:-1, max-image-preview:large, max-video-preview:-1\" \/>\n<link rel=\"canonical\" href=\"https:\/\/mont-roig.cat\/es\/actualitat\/noticies\/el-ayuntamiento-pone-en-marcha-un-ciclo-de-webinares-para-personas-empresarias-autonomas-y-emprendedoras\/\" \/>\n<meta property=\"og:locale\" content=\"es_ES\" \/>\n<meta property=\"og:type\" content=\"article\" \/>\n<meta property=\"og:title\" content=\"El Ayuntamiento pone en marcha un ciclo de webinares para personas empresarias, aut\u00f3nomas y emprendedoras - Ajuntament de Mont-roig del Camp\" \/>\n<meta property=\"og:description\" content=\"Ser\u00e1n 10 sesiones formativas, virtuales y gratuitas, que tratar\u00e1n temas como la venta online, el WhatsApp business, los xatbots o c\u00f3mo hacer un plan de promoci\u00f3n, entre otros Las inscripciones, que ya est\u00e1n abiertas, se pueden hacer enviando un correo electr\u00f3nico a promocio@mont-roig.cat o bien en el tel\u00e9fono 977 17 25 27 La concejal\u00eda de [&hellip;]\" \/>\n<meta property=\"og:url\" content=\"https:\/\/mont-roig.cat\/es\/actualitat\/noticies\/el-ayuntamiento-pone-en-marcha-un-ciclo-de-webinares-para-personas-empresarias-autonomas-y-emprendedoras\/\" \/>\n<meta property=\"og:site_name\" content=\"Ajuntament de Mont-roig del Camp\" \/>\n<meta property=\"article:published_time\" content=\"2021-01-18T09:00:24+00:00\" \/>\n<meta property=\"og:image\" content=\"https:\/\/mont-roig.cat\/wp-content\/uploads\/Cicle-de-webinars-2021.png\" \/>\n\t<meta property=\"og:image:width\" content=\"2500\" \/>\n\t<meta property=\"og:image:height\" content=\"1313\" \/>\n\t<meta property=\"og:image:type\" content=\"image\/png\" \/>\n<meta name=\"author\" content=\"administrador\" \/>\n<meta name=\"twitter:card\" content=\"summary_large_image\" \/>\n<meta name=\"twitter:label1\" content=\"Escrito por\" \/>\n\t<meta name=\"twitter:data1\" content=\"administrador\" \/>\n\t<meta name=\"twitter:label2\" content=\"Tiempo de lectura\" \/>\n\t<meta name=\"twitter:data2\" content=\"2 minutos\" \/>\n<script type=\"application\/ld+json\" class=\"yoast-schema-graph\">{\"@context\":\"https:\\\/\\\/schema.org\",\"@graph\":[{\"@type\":\"Article\",\"@id\":\"https:\\\/\\\/mont-roig.cat\\\/es\\\/actualitat\\\/noticies\\\/el-ayuntamiento-pone-en-marcha-un-ciclo-de-webinares-para-personas-empresarias-autonomas-y-emprendedoras\\\/#article\",\"isPartOf\":{\"@id\":\"https:\\\/\\\/mont-roig.cat\\\/es\\\/actualitat\\\/noticies\\\/el-ayuntamiento-pone-en-marcha-un-ciclo-de-webinares-para-personas-empresarias-autonomas-y-emprendedoras\\\/\"},\"author\":{\"name\":\"administrador\",\"@id\":\"https:\\\/\\\/mont-roig.cat\\\/es\\\/#\\\/schema\\\/person\\\/f2b111789f22b7d0c3bd6786c9128cba\"},\"headline\":\"El Ayuntamiento pone en marcha un ciclo de webinares para personas empresarias, aut\u00f3nomas y emprendedoras\",\"datePublished\":\"2021-01-18T09:00:24+00:00\",\"mainEntityOfPage\":{\"@id\":\"https:\\\/\\\/mont-roig.cat\\\/es\\\/actualitat\\\/noticies\\\/el-ayuntamiento-pone-en-marcha-un-ciclo-de-webinares-para-personas-empresarias-autonomas-y-emprendedoras\\\/\"},\"wordCount\":402,\"image\":{\"@id\":\"https:\\\/\\\/mont-roig.cat\\\/es\\\/actualitat\\\/noticies\\\/el-ayuntamiento-pone-en-marcha-un-ciclo-de-webinares-para-personas-empresarias-autonomas-y-emprendedoras\\\/#primaryimage\"},\"thumbnailUrl\":\"https:\\\/\\\/mont-roig.cat\\\/wp-content\\\/uploads\\\/Cicle-de-webinars-2021.png\",\"articleSection\":[\"Coronavirus\",\"Coronavirus - medidas econ\u00f3micas\",\"Impuls Econ\u00f2mic i Ocupaci\u00f3\"],\"inLanguage\":\"es\"},{\"@type\":\"WebPage\",\"@id\":\"https:\\\/\\\/mont-roig.cat\\\/es\\\/actualitat\\\/noticies\\\/el-ayuntamiento-pone-en-marcha-un-ciclo-de-webinares-para-personas-empresarias-autonomas-y-emprendedoras\\\/\",\"url\":\"https:\\\/\\\/mont-roig.cat\\\/es\\\/actualitat\\\/noticies\\\/el-ayuntamiento-pone-en-marcha-un-ciclo-de-webinares-para-personas-empresarias-autonomas-y-emprendedoras\\\/\",\"name\":\"El Ayuntamiento pone en marcha un ciclo de webinares para personas empresarias, aut\u00f3nomas y emprendedoras - Ajuntament de Mont-roig del Camp\",\"isPartOf\":{\"@id\":\"https:\\\/\\\/mont-roig.cat\\\/es\\\/#website\"},\"primaryImageOfPage\":{\"@id\":\"https:\\\/\\\/mont-roig.cat\\\/es\\\/actualitat\\\/noticies\\\/el-ayuntamiento-pone-en-marcha-un-ciclo-de-webinares-para-personas-empresarias-autonomas-y-emprendedoras\\\/#primaryimage\"},\"image\":{\"@id\":\"https:\\\/\\\/mont-roig.cat\\\/es\\\/actualitat\\\/noticies\\\/el-ayuntamiento-pone-en-marcha-un-ciclo-de-webinares-para-personas-empresarias-autonomas-y-emprendedoras\\\/#primaryimage\"},\"thumbnailUrl\":\"https:\\\/\\\/mont-roig.cat\\\/wp-content\\\/uploads\\\/Cicle-de-webinars-2021.png\",\"datePublished\":\"2021-01-18T09:00:24+00:00\",\"author\":{\"@id\":\"https:\\\/\\\/mont-roig.cat\\\/es\\\/#\\\/schema\\\/person\\\/f2b111789f22b7d0c3bd6786c9128cba\"},\"breadcrumb\":{\"@id\":\"https:\\\/\\\/mont-roig.cat\\\/es\\\/actualitat\\\/noticies\\\/el-ayuntamiento-pone-en-marcha-un-ciclo-de-webinares-para-personas-empresarias-autonomas-y-emprendedoras\\\/#breadcrumb\"},\"inLanguage\":\"es\",\"potentialAction\":[{\"@type\":\"ReadAction\",\"target\":[\"https:\\\/\\\/mont-roig.cat\\\/es\\\/actualitat\\\/noticies\\\/el-ayuntamiento-pone-en-marcha-un-ciclo-de-webinares-para-personas-empresarias-autonomas-y-emprendedoras\\\/\"]}]},{\"@type\":\"ImageObject\",\"inLanguage\":\"es\",\"@id\":\"https:\\\/\\\/mont-roig.cat\\\/es\\\/actualitat\\\/noticies\\\/el-ayuntamiento-pone-en-marcha-un-ciclo-de-webinares-para-personas-empresarias-autonomas-y-emprendedoras\\\/#primaryimage\",\"url\":\"https:\\\/\\\/mont-roig.cat\\\/wp-content\\\/uploads\\\/Cicle-de-webinars-2021.png\",\"contentUrl\":\"https:\\\/\\\/mont-roig.cat\\\/wp-content\\\/uploads\\\/Cicle-de-webinars-2021.png\",\"width\":2500,\"height\":1313},{\"@type\":\"BreadcrumbList\",\"@id\":\"https:\\\/\\\/mont-roig.cat\\\/es\\\/actualitat\\\/noticies\\\/el-ayuntamiento-pone-en-marcha-un-ciclo-de-webinares-para-personas-empresarias-autonomas-y-emprendedoras\\\/#breadcrumb\",\"itemListElement\":[{\"@type\":\"ListItem\",\"position\":1,\"name\":\"Inici\",\"item\":\"https:\\\/\\\/mont-roig.cat\\\/es\\\/pagina-de-inicio\\\/\"},{\"@type\":\"ListItem\",\"position\":2,\"name\":\"El Ayuntamiento pone en marcha un ciclo de webinares para personas empresarias, aut\u00f3nomas y emprendedoras\"}]},{\"@type\":\"WebSite\",\"@id\":\"https:\\\/\\\/mont-roig.cat\\\/es\\\/#website\",\"url\":\"https:\\\/\\\/mont-roig.cat\\\/es\\\/\",\"name\":\"Ajuntament de Mont-roig del Camp\",\"description\":\"Tota la informaci\u00f3 sobre la instituci\u00f3, els seus \u00f2rgans de govern, actualitat, serveis i molt m\u00e9s.\",\"potentialAction\":[{\"@type\":\"SearchAction\",\"target\":{\"@type\":\"EntryPoint\",\"urlTemplate\":\"https:\\\/\\\/mont-roig.cat\\\/es\\\/?s={search_term_string}\"},\"query-input\":{\"@type\":\"PropertyValueSpecification\",\"valueRequired\":true,\"valueName\":\"search_term_string\"}}],\"inLanguage\":\"es\"},{\"@type\":\"Person\",\"@id\":\"https:\\\/\\\/mont-roig.cat\\\/es\\\/#\\\/schema\\\/person\\\/f2b111789f22b7d0c3bd6786c9128cba\",\"name\":\"administrador\",\"image\":{\"@type\":\"ImageObject\",\"inLanguage\":\"es\",\"@id\":\"https:\\\/\\\/secure.gravatar.com\\\/avatar\\\/9137aac6891e2595c9d3036fd83bcb653b4db3c946db4c7d9b9be193c3c944bb?s=96&d=mm&r=g\",\"url\":\"https:\\\/\\\/secure.gravatar.com\\\/avatar\\\/9137aac6891e2595c9d3036fd83bcb653b4db3c946db4c7d9b9be193c3c944bb?s=96&d=mm&r=g\",\"contentUrl\":\"https:\\\/\\\/secure.gravatar.com\\\/avatar\\\/9137aac6891e2595c9d3036fd83bcb653b4db3c946db4c7d9b9be193c3c944bb?s=96&d=mm&r=g\",\"caption\":\"administrador\"},\"url\":\"https:\\\/\\\/mont-roig.cat\\\/es\\\/actualitat\\\/noticies\\\/author\\\/administrador\\\/\"}]}<\/script>\n<!-- \/ Yoast SEO plugin. -->","yoast_head_json":{"title":"El Ayuntamiento pone en marcha un ciclo de webinares para personas empresarias, aut\u00f3nomas y emprendedoras - Ajuntament de Mont-roig del Camp","robots":{"index":"index","follow":"follow","max-snippet":"max-snippet:-1","max-image-preview":"max-image-preview:large","max-video-preview":"max-video-preview:-1"},"canonical":"https:\/\/mont-roig.cat\/es\/actualitat\/noticies\/el-ayuntamiento-pone-en-marcha-un-ciclo-de-webinares-para-personas-empresarias-autonomas-y-emprendedoras\/","og_locale":"es_ES","og_type":"article","og_title":"El Ayuntamiento pone en marcha un ciclo de webinares para personas empresarias, aut\u00f3nomas y emprendedoras - Ajuntament de Mont-roig del Camp","og_description":"Ser\u00e1n 10 sesiones formativas, virtuales y gratuitas, que tratar\u00e1n temas como la venta online, el WhatsApp business, los xatbots o c\u00f3mo hacer un plan de promoci\u00f3n, entre otros Las inscripciones, que ya est\u00e1n abiertas, se pueden hacer enviando un correo electr\u00f3nico a promocio@mont-roig.cat o bien en el tel\u00e9fono 977 17 25 27 La concejal\u00eda de [&hellip;]","og_url":"https:\/\/mont-roig.cat\/es\/actualitat\/noticies\/el-ayuntamiento-pone-en-marcha-un-ciclo-de-webinares-para-personas-empresarias-autonomas-y-emprendedoras\/","og_site_name":"Ajuntament de Mont-roig del Camp","article_published_time":"2021-01-18T09:00:24+00:00","og_image":[{"width":2500,"height":1313,"url":"https:\/\/mont-roig.cat\/wp-content\/uploads\/Cicle-de-webinars-2021.png","type":"image\/png"}],"author":"administrador","twitter_card":"summary_large_image","twitter_misc":{"Escrito por":"administrador","Tiempo de lectura":"2 minutos"},"schema":{"@context":"https:\/\/schema.org","@graph":[{"@type":"Article","@id":"https:\/\/mont-roig.cat\/es\/actualitat\/noticies\/el-ayuntamiento-pone-en-marcha-un-ciclo-de-webinares-para-personas-empresarias-autonomas-y-emprendedoras\/#article","isPartOf":{"@id":"https:\/\/mont-roig.cat\/es\/actualitat\/noticies\/el-ayuntamiento-pone-en-marcha-un-ciclo-de-webinares-para-personas-empresarias-autonomas-y-emprendedoras\/"},"author":{"name":"administrador","@id":"https:\/\/mont-roig.cat\/es\/#\/schema\/person\/f2b111789f22b7d0c3bd6786c9128cba"},"headline":"El Ayuntamiento pone en marcha un ciclo de webinares para personas empresarias, aut\u00f3nomas y emprendedoras","datePublished":"2021-01-18T09:00:24+00:00","mainEntityOfPage":{"@id":"https:\/\/mont-roig.cat\/es\/actualitat\/noticies\/el-ayuntamiento-pone-en-marcha-un-ciclo-de-webinares-para-personas-empresarias-autonomas-y-emprendedoras\/"},"wordCount":402,"image":{"@id":"https:\/\/mont-roig.cat\/es\/actualitat\/noticies\/el-ayuntamiento-pone-en-marcha-un-ciclo-de-webinares-para-personas-empresarias-autonomas-y-emprendedoras\/#primaryimage"},"thumbnailUrl":"https:\/\/mont-roig.cat\/wp-content\/uploads\/Cicle-de-webinars-2021.png","articleSection":["Coronavirus","Coronavirus - medidas econ\u00f3micas","Impuls Econ\u00f2mic i Ocupaci\u00f3"],"inLanguage":"es"},{"@type":"WebPage","@id":"https:\/\/mont-roig.cat\/es\/actualitat\/noticies\/el-ayuntamiento-pone-en-marcha-un-ciclo-de-webinares-para-personas-empresarias-autonomas-y-emprendedoras\/","url":"https:\/\/mont-roig.cat\/es\/actualitat\/noticies\/el-ayuntamiento-pone-en-marcha-un-ciclo-de-webinares-para-personas-empresarias-autonomas-y-emprendedoras\/","name":"El Ayuntamiento pone en marcha un ciclo de webinares para personas empresarias, aut\u00f3nomas y emprendedoras - Ajuntament de Mont-roig del Camp","isPartOf":{"@id":"https:\/\/mont-roig.cat\/es\/#website"},"primaryImageOfPage":{"@id":"https:\/\/mont-roig.cat\/es\/actualitat\/noticies\/el-ayuntamiento-pone-en-marcha-un-ciclo-de-webinares-para-personas-empresarias-autonomas-y-emprendedoras\/#primaryimage"},"image":{"@id":"https:\/\/mont-roig.cat\/es\/actualitat\/noticies\/el-ayuntamiento-pone-en-marcha-un-ciclo-de-webinares-para-personas-empresarias-autonomas-y-emprendedoras\/#primaryimage"},"thumbnailUrl":"https:\/\/mont-roig.cat\/wp-content\/uploads\/Cicle-de-webinars-2021.png","datePublished":"2021-01-18T09:00:24+00:00","author":{"@id":"https:\/\/mont-roig.cat\/es\/#\/schema\/person\/f2b111789f22b7d0c3bd6786c9128cba"},"breadcrumb":{"@id":"https:\/\/mont-roig.cat\/es\/actualitat\/noticies\/el-ayuntamiento-pone-en-marcha-un-ciclo-de-webinares-para-personas-empresarias-autonomas-y-emprendedoras\/#breadcrumb"},"inLanguage":"es","potentialAction":[{"@type":"ReadAction","target":["https:\/\/mont-roig.cat\/es\/actualitat\/noticies\/el-ayuntamiento-pone-en-marcha-un-ciclo-de-webinares-para-personas-empresarias-autonomas-y-emprendedoras\/"]}]},{"@type":"ImageObject","inLanguage":"es","@id":"https:\/\/mont-roig.cat\/es\/actualitat\/noticies\/el-ayuntamiento-pone-en-marcha-un-ciclo-de-webinares-para-personas-empresarias-autonomas-y-emprendedoras\/#primaryimage","url":"https:\/\/mont-roig.cat\/wp-content\/uploads\/Cicle-de-webinars-2021.png","contentUrl":"https:\/\/mont-roig.cat\/wp-content\/uploads\/Cicle-de-webinars-2021.png","width":2500,"height":1313},{"@type":"BreadcrumbList","@id":"https:\/\/mont-roig.cat\/es\/actualitat\/noticies\/el-ayuntamiento-pone-en-marcha-un-ciclo-de-webinares-para-personas-empresarias-autonomas-y-emprendedoras\/#breadcrumb","itemListElement":[{"@type":"ListItem","position":1,"name":"Inici","item":"https:\/\/mont-roig.cat\/es\/pagina-de-inicio\/"},{"@type":"ListItem","position":2,"name":"El Ayuntamiento pone en marcha un ciclo de webinares para personas empresarias, aut\u00f3nomas y emprendedoras"}]},{"@type":"WebSite","@id":"https:\/\/mont-roig.cat\/es\/#website","url":"https:\/\/mont-roig.cat\/es\/","name":"Ajuntament de Mont-roig del Camp","description":"Tota la informaci\u00f3 sobre la instituci\u00f3, els seus \u00f2rgans de govern, actualitat, serveis i molt m\u00e9s.","potentialAction":[{"@type":"SearchAction","target":{"@type":"EntryPoint","urlTemplate":"https:\/\/mont-roig.cat\/es\/?s={search_term_string}"},"query-input":{"@type":"PropertyValueSpecification","valueRequired":true,"valueName":"search_term_string"}}],"inLanguage":"es"},{"@type":"Person","@id":"https:\/\/mont-roig.cat\/es\/#\/schema\/person\/f2b111789f22b7d0c3bd6786c9128cba","name":"administrador","image":{"@type":"ImageObject","inLanguage":"es","@id":"https:\/\/secure.gravatar.com\/avatar\/9137aac6891e2595c9d3036fd83bcb653b4db3c946db4c7d9b9be193c3c944bb?s=96&d=mm&r=g","url":"https:\/\/secure.gravatar.com\/avatar\/9137aac6891e2595c9d3036fd83bcb653b4db3c946db4c7d9b9be193c3c944bb?s=96&d=mm&r=g","contentUrl":"https:\/\/secure.gravatar.com\/avatar\/9137aac6891e2595c9d3036fd83bcb653b4db3c946db4c7d9b9be193c3c944bb?s=96&d=mm&r=g","caption":"administrador"},"url":"https:\/\/mont-roig.cat\/es\/actualitat\/noticies\/author\/administrador\/"}]}},"_links":{"self":[{"href":"https:\/\/mont-roig.cat\/es\/wp-json\/wp\/v2\/posts\/53189","targetHints":{"allow":["GET"]}}],"collection":[{"href":"https:\/\/mont-roig.cat\/es\/wp-json\/wp\/v2\/posts"}],"about":[{"href":"https:\/\/mont-roig.cat\/es\/wp-json\/wp\/v2\/types\/post"}],"author":[{"embeddable":true,"href":"https:\/\/mont-roig.cat\/es\/wp-json\/wp\/v2\/users\/4"}],"replies":[{"embeddable":true,"href":"https:\/\/mont-roig.cat\/es\/wp-json\/wp\/v2\/comments?post=53189"}],"version-history":[{"count":2,"href":"https:\/\/mont-roig.cat\/es\/wp-json\/wp\/v2\/posts\/53189\/revisions"}],"predecessor-version":[{"id":53191,"href":"https:\/\/mont-roig.cat\/es\/wp-json\/wp\/v2\/posts\/53189\/revisions\/53191"}],"wp:featuredmedia":[{"embeddable":true,"href":"https:\/\/mont-roig.cat\/es\/wp-json\/wp\/v2\/media\/53187"}],"wp:attachment":[{"href":"https:\/\/mont-roig.cat\/es\/wp-json\/wp\/v2\/media?parent=53189"}],"wp:term":[{"taxonomy":"category","embeddable":true,"href":"https:\/\/mont-roig.cat\/es\/wp-json\/wp\/v2\/categories?post=53189"},{"taxonomy":"post_tag","embeddable":true,"href":"https:\/\/mont-roig.cat\/es\/wp-json\/wp\/v2\/tags?post=53189"}],"curies":[{"name":"wp","href":"https:\/\/api.w.org\/{rel}","templated":true}]}}