{"id":53198,"date":"2021-01-18T14:37:18","date_gmt":"2021-01-18T13:37:18","guid":{"rendered":"https:\/\/mont-roig.cat\/?p=53198"},"modified":"2021-01-18T14:43:19","modified_gmt":"2021-01-18T13:43:19","slug":"el-ayuntamiento-anima-a-reducir-la-basura-organica-mediante-el-compostaje-casero","status":"publish","type":"post","link":"https:\/\/mont-roig.cat\/es\/actualitat\/noticies\/el-ayuntamiento-anima-a-reducir-la-basura-organica-mediante-el-compostaje-casero\/","title":{"rendered":"El Ayuntamiento anima a reducir la basura org\u00e1nica mediante el compostaje casero"},"content":{"rendered":"<div class=\"wpb-content-wrapper\">[vc_row][vc_column][vc_column_text]\n<ul>\n<li><strong>Ya se puede consultar en el canal Youtube del Ayuntamiento, la sesi\u00f3n virtual &#8220;Reducir y compostar, todo es empezar&#8221; que permite conocer todos los detalles sobre c\u00f3mo iniciarse en el proceso<\/strong><\/li>\n<li><strong>Las personas que quieran hacer compostaje en casa pueden solicitar un compostador gratuitamente<\/strong><\/li>\n<\/ul>\n<p><a href=\"https:\/\/mont-roig.cat\/wp-content\/uploads\/WhatsApp-Image-2021-01-18-at-14.16.07.jpeg\"><img loading=\"lazy\" decoding=\"async\" class=\"alignright wp-image-53196\" src=\"https:\/\/mont-roig.cat\/wp-content\/uploads\/WhatsApp-Image-2021-01-18-at-14.16.07-500x262.jpeg\" alt=\"\" width=\"300\" height=\"157\" srcset=\"https:\/\/mont-roig.cat\/wp-content\/uploads\/WhatsApp-Image-2021-01-18-at-14.16.07-500x262.jpeg 500w, https:\/\/mont-roig.cat\/wp-content\/uploads\/WhatsApp-Image-2021-01-18-at-14.16.07-1024x536.jpeg 1024w, https:\/\/mont-roig.cat\/wp-content\/uploads\/WhatsApp-Image-2021-01-18-at-14.16.07-768x402.jpeg 768w, https:\/\/mont-roig.cat\/wp-content\/uploads\/WhatsApp-Image-2021-01-18-at-14.16.07-1536x804.jpeg 1536w, https:\/\/mont-roig.cat\/wp-content\/uploads\/WhatsApp-Image-2021-01-18-at-14.16.07.jpeg 1600w\" sizes=\"auto, (max-width: 300px) 100vw, 300px\" \/><\/a>El Ayuntamiento de Mont-roig del Camp ha llevado a cabo una sesi\u00f3n virtual para animar a los vecinos y vecinas a iniciarse en el compostaje casero, teniendo en cuenta que el 40% de la basura que se genera en cada hogar es materia org\u00e1nica. La charla, que se realiz\u00f3 el pasado jueves 14 de enero en el marco de la campa\u00f1a &#8220;Reducir y reciclar, todo es empezar&#8221;, reuni\u00f3 virtualmente varios vecinos y vecinas del municipio interesados \u200b\u200ben esta pr\u00e1ctica.<\/p>\n<p>La sesi\u00f3n sirvi\u00f3 para recordar la importancia de cerrar el ciclo mediante el proceso de compostaje, transformando los restos org\u00e1nicos en compost, un abono natural que se puede utilizar en el huerto o el jard\u00edn. A lo largo de la charla se inform\u00f3 sobre cu\u00e1les son las herramientas necesarias o cu\u00e1l es la mejor ubicaci\u00f3n para el compostador, que restos org\u00e1nicos provenientes de la cocina o del jard\u00edn o el huerto se pueden compostar y tambi\u00e9n aquellos restos que no se pueden tirar en el compostador. Se hizo un repaso tambi\u00e9n de cu\u00e1les son las dificultades m\u00e1s comunes que se pueden presentar y c\u00f3mo resolverlas, as\u00ed como las posibles utilidades del futuro compuesto.<\/p>\n<p>Antes del turno de preguntas, se anim\u00f3 a los asistentes a unirse a la Red @Compostaires Montroig Miami, del canal de Telegram desde donde se env\u00edan consejos e informaci\u00f3n para resolver todas las posibles dudas.<\/p>\n<p><strong>Entrega de compostadores<\/strong><\/p>\n<p>Por otra parte, el Ayuntamiento entregar\u00e1 gratuitamente compostadores a aquellos vecinos que tras consultar el v\u00eddeo de la sesi\u00f3n quieran iniciarse en la pr\u00e1ctica del autocompostaje. Para solicitarlos, se puede hacer mediante el formulario de contacto disponible en el siguiente enlace https:\/\/reduirireciclar.mont-roig.cat\/contacte\/ o tambi\u00e9n llamando al 977 83 70 05 o escribiendo al correo electr\u00f3nico reduirireciclar@mont-roig.cat facilitando el nombre, DNI, direcci\u00f3n y tel\u00e9fono de contacto.<\/p>\n<p>A continuaci\u00f3n se puede recuperar el v\u00eddeo de la sesi\u00f3n &#8220;Reducir y compostar, todo es empezar&#8221;<\/p>\n[\/vc_column_text][\/vc_column][\/vc_row][vc_row][vc_column][vc_video link=&#8221;https:\/\/www.youtube.com\/watch?v=qF2HIethuJM&amp;feature=youtu.be&#8221; el_width=&#8221;70&#8243;][\/vc_column][\/vc_row]\n<\/div>","protected":false},"excerpt":{"rendered":"<p>[vc_row][vc_column][vc_column_text] Ya se puede consultar en el canal Youtube del Ayuntamiento, la sesi\u00f3n virtual &#8220;Reducir y compostar, todo es empezar&#8221; que permite conocer todos los detalles sobre c\u00f3mo iniciarse en el proceso Las personas que quieran hacer compostaje en casa pueden solicitar un compostador gratuitamente El Ayuntamiento de Mont-roig del Camp ha llevado a cabo [&hellip;]<\/p>\n","protected":false},"author":4,"featured_media":53196,"comment_status":"closed","ping_status":"closed","sticky":false,"template":"","format":"standard","meta":{"inline_featured_image":false,"_monsterinsights_skip_tracking":false,"_monsterinsights_sitenote_active":false,"_monsterinsights_sitenote_note":"","_monsterinsights_sitenote_category":0,"footnotes":""},"categories":[143],"tags":[],"class_list":["post-53198","post","type-post","status-publish","format-standard","has-post-thumbnail","hentry","category-residuos-es"],"yoast_head":"<!-- This site is optimized with the Yoast SEO plugin v27.4 - https:\/\/yoast.com\/product\/yoast-seo-wordpress\/ -->\n<title>El Ayuntamiento anima a reducir la basura org\u00e1nica mediante el compostaje casero - Ajuntament de Mont-roig del Camp<\/title>\n<meta name=\"robots\" content=\"index, follow, max-snippet:-1, max-image-preview:large, max-video-preview:-1\" \/>\n<link rel=\"canonical\" href=\"https:\/\/mont-roig.cat\/es\/actualitat\/noticies\/el-ayuntamiento-anima-a-reducir-la-basura-organica-mediante-el-compostaje-casero\/\" \/>\n<meta property=\"og:locale\" content=\"es_ES\" \/>\n<meta property=\"og:type\" content=\"article\" \/>\n<meta property=\"og:title\" content=\"El Ayuntamiento anima a reducir la basura org\u00e1nica mediante el compostaje casero - Ajuntament de Mont-roig del Camp\" \/>\n<meta property=\"og:description\" content=\"[vc_row][vc_column][vc_column_text] Ya se puede consultar en el canal Youtube del Ayuntamiento, la sesi\u00f3n virtual &#8220;Reducir y compostar, todo es empezar&#8221; que permite conocer todos los detalles sobre c\u00f3mo iniciarse en el proceso Las personas que quieran hacer compostaje en casa pueden solicitar un compostador gratuitamente El Ayuntamiento de Mont-roig del Camp ha llevado a cabo [&hellip;]\" \/>\n<meta property=\"og:url\" content=\"https:\/\/mont-roig.cat\/es\/actualitat\/noticies\/el-ayuntamiento-anima-a-reducir-la-basura-organica-mediante-el-compostaje-casero\/\" \/>\n<meta property=\"og:site_name\" content=\"Ajuntament de Mont-roig del Camp\" \/>\n<meta property=\"article:published_time\" content=\"2021-01-18T13:37:18+00:00\" \/>\n<meta property=\"article:modified_time\" content=\"2021-01-18T13:43:19+00:00\" \/>\n<meta property=\"og:image\" content=\"https:\/\/mont-roig.cat\/wp-content\/uploads\/WhatsApp-Image-2021-01-18-at-14.16.07.jpeg\" \/>\n\t<meta property=\"og:image:width\" content=\"1600\" \/>\n\t<meta property=\"og:image:height\" content=\"837\" \/>\n\t<meta property=\"og:image:type\" content=\"image\/jpeg\" \/>\n<meta name=\"author\" content=\"administrador\" \/>\n<meta name=\"twitter:card\" content=\"summary_large_image\" \/>\n<meta name=\"twitter:label1\" content=\"Escrito por\" \/>\n\t<meta name=\"twitter:data1\" content=\"administrador\" \/>\n\t<meta name=\"twitter:label2\" content=\"Tiempo de lectura\" \/>\n\t<meta name=\"twitter:data2\" content=\"2 minutos\" \/>\n<script type=\"application\/ld+json\" class=\"yoast-schema-graph\">{\"@context\":\"https:\\\/\\\/schema.org\",\"@graph\":[{\"@type\":\"Article\",\"@id\":\"https:\\\/\\\/mont-roig.cat\\\/es\\\/actualitat\\\/noticies\\\/el-ayuntamiento-anima-a-reducir-la-basura-organica-mediante-el-compostaje-casero\\\/#article\",\"isPartOf\":{\"@id\":\"https:\\\/\\\/mont-roig.cat\\\/es\\\/actualitat\\\/noticies\\\/el-ayuntamiento-anima-a-reducir-la-basura-organica-mediante-el-compostaje-casero\\\/\"},\"author\":{\"name\":\"administrador\",\"@id\":\"https:\\\/\\\/mont-roig.cat\\\/es\\\/#\\\/schema\\\/person\\\/f2b111789f22b7d0c3bd6786c9128cba\"},\"headline\":\"El Ayuntamiento anima a reducir la basura org\u00e1nica mediante el compostaje casero\",\"datePublished\":\"2021-01-18T13:37:18+00:00\",\"dateModified\":\"2021-01-18T13:43:19+00:00\",\"mainEntityOfPage\":{\"@id\":\"https:\\\/\\\/mont-roig.cat\\\/es\\\/actualitat\\\/noticies\\\/el-ayuntamiento-anima-a-reducir-la-basura-organica-mediante-el-compostaje-casero\\\/\"},\"wordCount\":440,\"image\":{\"@id\":\"https:\\\/\\\/mont-roig.cat\\\/es\\\/actualitat\\\/noticies\\\/el-ayuntamiento-anima-a-reducir-la-basura-organica-mediante-el-compostaje-casero\\\/#primaryimage\"},\"thumbnailUrl\":\"https:\\\/\\\/mont-roig.cat\\\/wp-content\\\/uploads\\\/WhatsApp-Image-2021-01-18-at-14.16.07.jpeg\",\"articleSection\":[\"Residuos\"],\"inLanguage\":\"es\"},{\"@type\":\"WebPage\",\"@id\":\"https:\\\/\\\/mont-roig.cat\\\/es\\\/actualitat\\\/noticies\\\/el-ayuntamiento-anima-a-reducir-la-basura-organica-mediante-el-compostaje-casero\\\/\",\"url\":\"https:\\\/\\\/mont-roig.cat\\\/es\\\/actualitat\\\/noticies\\\/el-ayuntamiento-anima-a-reducir-la-basura-organica-mediante-el-compostaje-casero\\\/\",\"name\":\"El Ayuntamiento anima a reducir la basura org\u00e1nica mediante el compostaje casero - Ajuntament de Mont-roig del Camp\",\"isPartOf\":{\"@id\":\"https:\\\/\\\/mont-roig.cat\\\/es\\\/#website\"},\"primaryImageOfPage\":{\"@id\":\"https:\\\/\\\/mont-roig.cat\\\/es\\\/actualitat\\\/noticies\\\/el-ayuntamiento-anima-a-reducir-la-basura-organica-mediante-el-compostaje-casero\\\/#primaryimage\"},\"image\":{\"@id\":\"https:\\\/\\\/mont-roig.cat\\\/es\\\/actualitat\\\/noticies\\\/el-ayuntamiento-anima-a-reducir-la-basura-organica-mediante-el-compostaje-casero\\\/#primaryimage\"},\"thumbnailUrl\":\"https:\\\/\\\/mont-roig.cat\\\/wp-content\\\/uploads\\\/WhatsApp-Image-2021-01-18-at-14.16.07.jpeg\",\"datePublished\":\"2021-01-18T13:37:18+00:00\",\"dateModified\":\"2021-01-18T13:43:19+00:00\",\"author\":{\"@id\":\"https:\\\/\\\/mont-roig.cat\\\/es\\\/#\\\/schema\\\/person\\\/f2b111789f22b7d0c3bd6786c9128cba\"},\"breadcrumb\":{\"@id\":\"https:\\\/\\\/mont-roig.cat\\\/es\\\/actualitat\\\/noticies\\\/el-ayuntamiento-anima-a-reducir-la-basura-organica-mediante-el-compostaje-casero\\\/#breadcrumb\"},\"inLanguage\":\"es\",\"potentialAction\":[{\"@type\":\"ReadAction\",\"target\":[\"https:\\\/\\\/mont-roig.cat\\\/es\\\/actualitat\\\/noticies\\\/el-ayuntamiento-anima-a-reducir-la-basura-organica-mediante-el-compostaje-casero\\\/\"]}]},{\"@type\":\"ImageObject\",\"inLanguage\":\"es\",\"@id\":\"https:\\\/\\\/mont-roig.cat\\\/es\\\/actualitat\\\/noticies\\\/el-ayuntamiento-anima-a-reducir-la-basura-organica-mediante-el-compostaje-casero\\\/#primaryimage\",\"url\":\"https:\\\/\\\/mont-roig.cat\\\/wp-content\\\/uploads\\\/WhatsApp-Image-2021-01-18-at-14.16.07.jpeg\",\"contentUrl\":\"https:\\\/\\\/mont-roig.cat\\\/wp-content\\\/uploads\\\/WhatsApp-Image-2021-01-18-at-14.16.07.jpeg\",\"width\":1600,\"height\":837},{\"@type\":\"BreadcrumbList\",\"@id\":\"https:\\\/\\\/mont-roig.cat\\\/es\\\/actualitat\\\/noticies\\\/el-ayuntamiento-anima-a-reducir-la-basura-organica-mediante-el-compostaje-casero\\\/#breadcrumb\",\"itemListElement\":[{\"@type\":\"ListItem\",\"position\":1,\"name\":\"Inici\",\"item\":\"https:\\\/\\\/mont-roig.cat\\\/es\\\/pagina-de-inicio\\\/\"},{\"@type\":\"ListItem\",\"position\":2,\"name\":\"El Ayuntamiento anima a reducir la basura org\u00e1nica mediante el compostaje casero\"}]},{\"@type\":\"WebSite\",\"@id\":\"https:\\\/\\\/mont-roig.cat\\\/es\\\/#website\",\"url\":\"https:\\\/\\\/mont-roig.cat\\\/es\\\/\",\"name\":\"Ajuntament de Mont-roig del Camp\",\"description\":\"Tota la informaci\u00f3 sobre la instituci\u00f3, els seus \u00f2rgans de govern, actualitat, serveis i molt m\u00e9s.\",\"potentialAction\":[{\"@type\":\"SearchAction\",\"target\":{\"@type\":\"EntryPoint\",\"urlTemplate\":\"https:\\\/\\\/mont-roig.cat\\\/es\\\/?s={search_term_string}\"},\"query-input\":{\"@type\":\"PropertyValueSpecification\",\"valueRequired\":true,\"valueName\":\"search_term_string\"}}],\"inLanguage\":\"es\"},{\"@type\":\"Person\",\"@id\":\"https:\\\/\\\/mont-roig.cat\\\/es\\\/#\\\/schema\\\/person\\\/f2b111789f22b7d0c3bd6786c9128cba\",\"name\":\"administrador\",\"image\":{\"@type\":\"ImageObject\",\"inLanguage\":\"es\",\"@id\":\"https:\\\/\\\/secure.gravatar.com\\\/avatar\\\/9137aac6891e2595c9d3036fd83bcb653b4db3c946db4c7d9b9be193c3c944bb?s=96&d=mm&r=g\",\"url\":\"https:\\\/\\\/secure.gravatar.com\\\/avatar\\\/9137aac6891e2595c9d3036fd83bcb653b4db3c946db4c7d9b9be193c3c944bb?s=96&d=mm&r=g\",\"contentUrl\":\"https:\\\/\\\/secure.gravatar.com\\\/avatar\\\/9137aac6891e2595c9d3036fd83bcb653b4db3c946db4c7d9b9be193c3c944bb?s=96&d=mm&r=g\",\"caption\":\"administrador\"},\"url\":\"https:\\\/\\\/mont-roig.cat\\\/es\\\/actualitat\\\/noticies\\\/author\\\/administrador\\\/\"}]}<\/script>\n<!-- \/ Yoast SEO plugin. -->","yoast_head_json":{"title":"El Ayuntamiento anima a reducir la basura org\u00e1nica mediante el compostaje casero - Ajuntament de Mont-roig del Camp","robots":{"index":"index","follow":"follow","max-snippet":"max-snippet:-1","max-image-preview":"max-image-preview:large","max-video-preview":"max-video-preview:-1"},"canonical":"https:\/\/mont-roig.cat\/es\/actualitat\/noticies\/el-ayuntamiento-anima-a-reducir-la-basura-organica-mediante-el-compostaje-casero\/","og_locale":"es_ES","og_type":"article","og_title":"El Ayuntamiento anima a reducir la basura org\u00e1nica mediante el compostaje casero - Ajuntament de Mont-roig del Camp","og_description":"[vc_row][vc_column][vc_column_text] Ya se puede consultar en el canal Youtube del Ayuntamiento, la sesi\u00f3n virtual &#8220;Reducir y compostar, todo es empezar&#8221; que permite conocer todos los detalles sobre c\u00f3mo iniciarse en el proceso Las personas que quieran hacer compostaje en casa pueden solicitar un compostador gratuitamente El Ayuntamiento de Mont-roig del Camp ha llevado a cabo [&hellip;]","og_url":"https:\/\/mont-roig.cat\/es\/actualitat\/noticies\/el-ayuntamiento-anima-a-reducir-la-basura-organica-mediante-el-compostaje-casero\/","og_site_name":"Ajuntament de Mont-roig del Camp","article_published_time":"2021-01-18T13:37:18+00:00","article_modified_time":"2021-01-18T13:43:19+00:00","og_image":[{"width":1600,"height":837,"url":"https:\/\/mont-roig.cat\/wp-content\/uploads\/WhatsApp-Image-2021-01-18-at-14.16.07.jpeg","type":"image\/jpeg"}],"author":"administrador","twitter_card":"summary_large_image","twitter_misc":{"Escrito por":"administrador","Tiempo de lectura":"2 minutos"},"schema":{"@context":"https:\/\/schema.org","@graph":[{"@type":"Article","@id":"https:\/\/mont-roig.cat\/es\/actualitat\/noticies\/el-ayuntamiento-anima-a-reducir-la-basura-organica-mediante-el-compostaje-casero\/#article","isPartOf":{"@id":"https:\/\/mont-roig.cat\/es\/actualitat\/noticies\/el-ayuntamiento-anima-a-reducir-la-basura-organica-mediante-el-compostaje-casero\/"},"author":{"name":"administrador","@id":"https:\/\/mont-roig.cat\/es\/#\/schema\/person\/f2b111789f22b7d0c3bd6786c9128cba"},"headline":"El Ayuntamiento anima a reducir la basura org\u00e1nica mediante el compostaje casero","datePublished":"2021-01-18T13:37:18+00:00","dateModified":"2021-01-18T13:43:19+00:00","mainEntityOfPage":{"@id":"https:\/\/mont-roig.cat\/es\/actualitat\/noticies\/el-ayuntamiento-anima-a-reducir-la-basura-organica-mediante-el-compostaje-casero\/"},"wordCount":440,"image":{"@id":"https:\/\/mont-roig.cat\/es\/actualitat\/noticies\/el-ayuntamiento-anima-a-reducir-la-basura-organica-mediante-el-compostaje-casero\/#primaryimage"},"thumbnailUrl":"https:\/\/mont-roig.cat\/wp-content\/uploads\/WhatsApp-Image-2021-01-18-at-14.16.07.jpeg","articleSection":["Residuos"],"inLanguage":"es"},{"@type":"WebPage","@id":"https:\/\/mont-roig.cat\/es\/actualitat\/noticies\/el-ayuntamiento-anima-a-reducir-la-basura-organica-mediante-el-compostaje-casero\/","url":"https:\/\/mont-roig.cat\/es\/actualitat\/noticies\/el-ayuntamiento-anima-a-reducir-la-basura-organica-mediante-el-compostaje-casero\/","name":"El Ayuntamiento anima a reducir la basura org\u00e1nica mediante el compostaje casero - Ajuntament de Mont-roig del Camp","isPartOf":{"@id":"https:\/\/mont-roig.cat\/es\/#website"},"primaryImageOfPage":{"@id":"https:\/\/mont-roig.cat\/es\/actualitat\/noticies\/el-ayuntamiento-anima-a-reducir-la-basura-organica-mediante-el-compostaje-casero\/#primaryimage"},"image":{"@id":"https:\/\/mont-roig.cat\/es\/actualitat\/noticies\/el-ayuntamiento-anima-a-reducir-la-basura-organica-mediante-el-compostaje-casero\/#primaryimage"},"thumbnailUrl":"https:\/\/mont-roig.cat\/wp-content\/uploads\/WhatsApp-Image-2021-01-18-at-14.16.07.jpeg","datePublished":"2021-01-18T13:37:18+00:00","dateModified":"2021-01-18T13:43:19+00:00","author":{"@id":"https:\/\/mont-roig.cat\/es\/#\/schema\/person\/f2b111789f22b7d0c3bd6786c9128cba"},"breadcrumb":{"@id":"https:\/\/mont-roig.cat\/es\/actualitat\/noticies\/el-ayuntamiento-anima-a-reducir-la-basura-organica-mediante-el-compostaje-casero\/#breadcrumb"},"inLanguage":"es","potentialAction":[{"@type":"ReadAction","target":["https:\/\/mont-roig.cat\/es\/actualitat\/noticies\/el-ayuntamiento-anima-a-reducir-la-basura-organica-mediante-el-compostaje-casero\/"]}]},{"@type":"ImageObject","inLanguage":"es","@id":"https:\/\/mont-roig.cat\/es\/actualitat\/noticies\/el-ayuntamiento-anima-a-reducir-la-basura-organica-mediante-el-compostaje-casero\/#primaryimage","url":"https:\/\/mont-roig.cat\/wp-content\/uploads\/WhatsApp-Image-2021-01-18-at-14.16.07.jpeg","contentUrl":"https:\/\/mont-roig.cat\/wp-content\/uploads\/WhatsApp-Image-2021-01-18-at-14.16.07.jpeg","width":1600,"height":837},{"@type":"BreadcrumbList","@id":"https:\/\/mont-roig.cat\/es\/actualitat\/noticies\/el-ayuntamiento-anima-a-reducir-la-basura-organica-mediante-el-compostaje-casero\/#breadcrumb","itemListElement":[{"@type":"ListItem","position":1,"name":"Inici","item":"https:\/\/mont-roig.cat\/es\/pagina-de-inicio\/"},{"@type":"ListItem","position":2,"name":"El Ayuntamiento anima a reducir la basura org\u00e1nica mediante el compostaje casero"}]},{"@type":"WebSite","@id":"https:\/\/mont-roig.cat\/es\/#website","url":"https:\/\/mont-roig.cat\/es\/","name":"Ajuntament de Mont-roig del Camp","description":"Tota la informaci\u00f3 sobre la instituci\u00f3, els seus \u00f2rgans de govern, actualitat, serveis i molt m\u00e9s.","potentialAction":[{"@type":"SearchAction","target":{"@type":"EntryPoint","urlTemplate":"https:\/\/mont-roig.cat\/es\/?s={search_term_string}"},"query-input":{"@type":"PropertyValueSpecification","valueRequired":true,"valueName":"search_term_string"}}],"inLanguage":"es"},{"@type":"Person","@id":"https:\/\/mont-roig.cat\/es\/#\/schema\/person\/f2b111789f22b7d0c3bd6786c9128cba","name":"administrador","image":{"@type":"ImageObject","inLanguage":"es","@id":"https:\/\/secure.gravatar.com\/avatar\/9137aac6891e2595c9d3036fd83bcb653b4db3c946db4c7d9b9be193c3c944bb?s=96&d=mm&r=g","url":"https:\/\/secure.gravatar.com\/avatar\/9137aac6891e2595c9d3036fd83bcb653b4db3c946db4c7d9b9be193c3c944bb?s=96&d=mm&r=g","contentUrl":"https:\/\/secure.gravatar.com\/avatar\/9137aac6891e2595c9d3036fd83bcb653b4db3c946db4c7d9b9be193c3c944bb?s=96&d=mm&r=g","caption":"administrador"},"url":"https:\/\/mont-roig.cat\/es\/actualitat\/noticies\/author\/administrador\/"}]}},"_links":{"self":[{"href":"https:\/\/mont-roig.cat\/es\/wp-json\/wp\/v2\/posts\/53198","targetHints":{"allow":["GET"]}}],"collection":[{"href":"https:\/\/mont-roig.cat\/es\/wp-json\/wp\/v2\/posts"}],"about":[{"href":"https:\/\/mont-roig.cat\/es\/wp-json\/wp\/v2\/types\/post"}],"author":[{"embeddable":true,"href":"https:\/\/mont-roig.cat\/es\/wp-json\/wp\/v2\/users\/4"}],"replies":[{"embeddable":true,"href":"https:\/\/mont-roig.cat\/es\/wp-json\/wp\/v2\/comments?post=53198"}],"version-history":[{"count":3,"href":"https:\/\/mont-roig.cat\/es\/wp-json\/wp\/v2\/posts\/53198\/revisions"}],"predecessor-version":[{"id":53201,"href":"https:\/\/mont-roig.cat\/es\/wp-json\/wp\/v2\/posts\/53198\/revisions\/53201"}],"wp:featuredmedia":[{"embeddable":true,"href":"https:\/\/mont-roig.cat\/es\/wp-json\/wp\/v2\/media\/53196"}],"wp:attachment":[{"href":"https:\/\/mont-roig.cat\/es\/wp-json\/wp\/v2\/media?parent=53198"}],"wp:term":[{"taxonomy":"category","embeddable":true,"href":"https:\/\/mont-roig.cat\/es\/wp-json\/wp\/v2\/categories?post=53198"},{"taxonomy":"post_tag","embeddable":true,"href":"https:\/\/mont-roig.cat\/es\/wp-json\/wp\/v2\/tags?post=53198"}],"curies":[{"name":"wp","href":"https:\/\/api.w.org\/{rel}","templated":true}]}}