{"id":53366,"date":"2021-01-26T14:36:49","date_gmt":"2021-01-26T13:36:49","guid":{"rendered":"https:\/\/mont-roig.cat\/?p=53366"},"modified":"2021-02-10T10:00:33","modified_gmt":"2021-02-10T09:00:33","slug":"comienza-la-prueba-piloto-de-recogida-de-podas-en-la-urbanizacion-de-sant-miquel","status":"publish","type":"post","link":"https:\/\/mont-roig.cat\/es\/actualitat\/noticies\/comienza-la-prueba-piloto-de-recogida-de-podas-en-la-urbanizacion-de-sant-miquel\/","title":{"rendered":"Comienza la prueba piloto de recogida de podas en la urbanizaci\u00f3n de Sant Miquel"},"content":{"rendered":"<div class=\"wpb-content-wrapper\">[vc_row][vc_column][vc_column_text]\n<ul>\n<li><strong>El Ayuntamiento ha distribuido cubos a las viviendas para que los vecinos puedan depositar los residuos generados en las tareas de jardiner\u00eda<\/strong><\/li>\n<li><strong>El nuevo servicio consiste en la recogida puerta a puerta de estos residuos para garantizar una gesti\u00f3n adecuada y facilitar el tratamiento final<\/strong><\/li>\n<\/ul>\n<div id=\"attachment_53364\" style=\"width: 310px\" class=\"wp-caption alignright\"><a href=\"https:\/\/mont-roig.cat\/wp-content\/uploads\/bujol.jpeg\"><img loading=\"lazy\" decoding=\"async\" aria-describedby=\"caption-attachment-53364\" class=\"wp-image-53364\" src=\"https:\/\/mont-roig.cat\/wp-content\/uploads\/bujol-500x333.jpeg\" alt=\"\" width=\"300\" height=\"200\" srcset=\"https:\/\/mont-roig.cat\/wp-content\/uploads\/bujol-500x333.jpeg 500w, https:\/\/mont-roig.cat\/wp-content\/uploads\/bujol-1024x682.jpeg 1024w, https:\/\/mont-roig.cat\/wp-content\/uploads\/bujol-768x512.jpeg 768w, https:\/\/mont-roig.cat\/wp-content\/uploads\/bujol-1536x1023.jpeg 1536w, https:\/\/mont-roig.cat\/wp-content\/uploads\/bujol.jpeg 1600w\" sizes=\"auto, (max-width: 300px) 100vw, 300px\" \/><\/a><p id=\"caption-attachment-53364\" class=\"wp-caption-text\">El Ayuntamiento ha distribuido estos cubos a las viviendas de la urbanizaci\u00f3n Sant Miquel<\/p><\/div>\n<p>El Ayuntamiento de Mont-roig del Camp ha iniciado esta semana la prueba piloto de recogida puerta a puerta de residuos de poda en la urbanizaci\u00f3n Sant Miquel. La iniciativa forma parte del proyecto &#8220;Reducir y reciclar, todo es empezar&#8221;, un ambicioso plan, puesto en marcha el pasado mes de noviembre, para mejorar la gesti\u00f3n de residuos en el municipio.<\/p>\n<p>En el marco de este proyecto, una de las \u00e1reas que el Ayuntamiento quiere mejorar es la recogida de restos de poda y jardiner\u00eda (ramas de \u00e1rboles y arbustos, poda de cercas vegetales, hierbas y hojas, etc.). Se trata de un residuo com\u00fan en el municipio con un alto coste de tratamiento, ya sea porque no se separa adecuadamente del resto de residuos o por el uso incorrecto que se hace del servicio por parte de empresas y profesionales.<\/p>\n<p>Es por ello que esta semana ha comenzado a probar un nuevo servicio de recogida de estos residuos en la urbanizaci\u00f3n San Miguel. Para hacerlo posible, el consistorio ha distribuido un cubo o peque\u00f1o contenedor a todas las viviendas y se ha puesto en contacto con los distintos vecinos de esta zona para explicar c\u00f3mo funcionar\u00e1, a partir de ahora, la recogida de la planta permanece en este punto del municipio. En concreto, el barrio tendr\u00e1 que depositar los restos de poda dentro de los cubos y dejarlos frente a la puerta de su casa los domingos por la noche. El servicio de recogida de residuos pasar\u00e1 casa por casa para vaciar los cubos en la madrugada de cada lunes. Con esta recogida de poda asegura una correcta gesti\u00f3n y facilita su tratamiento final, asegurando el compostaje de los residuos vegetales recogidos. Adem\u00e1s, los vecinos ganan con comodidad y evitan colapsar los contenedores de la v\u00eda p\u00fablica.<\/p>\n<p>Al mismo tiempo, los restos de poda contenedor de esta urbanizaci\u00f3n se cerrar\u00e1n y s\u00f3lo se abrir\u00e1n a un tiempo muy espec\u00edfico para aquellos vecinos de la urbanizaci\u00f3n que no hayan podido adherirse a la iniciativa.<\/p>\n<p>Si el resultado de la prueba piloto en la Urbanizaci\u00f3n San Miquel es satisfactorio, el Ayuntamiento estudiar\u00e1 la extensi\u00f3n de este nuevo sistema de recogida en otras partes del municipio.[\/vc_column_text][vc_video link=&#8221;https:\/\/www.youtube.com\/watch?v=BB7KipC-ddA&#038;t=4s&#038;ab_channel=AjuntamentdeMont-roigdelCamp&#8221; el_width=&#8221;70&#8243; align=&#8221;center&#8221;][\/vc_column][\/vc_row]\n<\/div>","protected":false},"excerpt":{"rendered":"<p>[vc_row][vc_column][vc_column_text] El Ayuntamiento ha distribuido cubos a las viviendas para que los vecinos puedan depositar los residuos generados en las tareas de jardiner\u00eda El nuevo servicio consiste en la recogida puerta a puerta de estos residuos para garantizar una gesti\u00f3n adecuada y facilitar el tratamiento final El Ayuntamiento de Mont-roig del Camp ha iniciado esta [&hellip;]<\/p>\n","protected":false},"author":4,"featured_media":53364,"comment_status":"closed","ping_status":"closed","sticky":false,"template":"","format":"standard","meta":{"inline_featured_image":false,"_monsterinsights_skip_tracking":false,"_monsterinsights_sitenote_active":false,"_monsterinsights_sitenote_note":"","_monsterinsights_sitenote_category":0,"footnotes":""},"categories":[98,109,143],"tags":[],"class_list":["post-53366","post","type-post","status-publish","format-standard","has-post-thumbnail","hentry","category-ayuntamiento","category-limpieza-viaria","category-residuos-es"],"yoast_head":"<!-- This site is optimized with the Yoast SEO plugin v27.4 - https:\/\/yoast.com\/product\/yoast-seo-wordpress\/ -->\n<title>Comienza la prueba piloto de recogida de podas en la urbanizaci\u00f3n de Sant Miquel - Ajuntament de Mont-roig del Camp<\/title>\n<meta name=\"robots\" content=\"index, follow, max-snippet:-1, max-image-preview:large, max-video-preview:-1\" \/>\n<link rel=\"canonical\" href=\"https:\/\/mont-roig.cat\/es\/actualitat\/noticies\/comienza-la-prueba-piloto-de-recogida-de-podas-en-la-urbanizacion-de-sant-miquel\/\" \/>\n<meta property=\"og:locale\" content=\"es_ES\" \/>\n<meta property=\"og:type\" content=\"article\" \/>\n<meta property=\"og:title\" content=\"Comienza la prueba piloto de recogida de podas en la urbanizaci\u00f3n de Sant Miquel - Ajuntament de Mont-roig del Camp\" \/>\n<meta property=\"og:description\" content=\"[vc_row][vc_column][vc_column_text] El Ayuntamiento ha distribuido cubos a las viviendas para que los vecinos puedan depositar los residuos generados en las tareas de jardiner\u00eda El nuevo servicio consiste en la recogida puerta a puerta de estos residuos para garantizar una gesti\u00f3n adecuada y facilitar el tratamiento final El Ayuntamiento de Mont-roig del Camp ha iniciado esta [&hellip;]\" \/>\n<meta property=\"og:url\" content=\"https:\/\/mont-roig.cat\/es\/actualitat\/noticies\/comienza-la-prueba-piloto-de-recogida-de-podas-en-la-urbanizacion-de-sant-miquel\/\" \/>\n<meta property=\"og:site_name\" content=\"Ajuntament de Mont-roig del Camp\" \/>\n<meta property=\"article:published_time\" content=\"2021-01-26T13:36:49+00:00\" \/>\n<meta property=\"article:modified_time\" content=\"2021-02-10T09:00:33+00:00\" \/>\n<meta property=\"og:image\" content=\"https:\/\/mont-roig.cat\/wp-content\/uploads\/bujol.jpeg\" \/>\n\t<meta property=\"og:image:width\" content=\"1600\" \/>\n\t<meta property=\"og:image:height\" content=\"1066\" \/>\n\t<meta property=\"og:image:type\" content=\"image\/jpeg\" \/>\n<meta name=\"author\" content=\"administrador\" \/>\n<meta name=\"twitter:card\" content=\"summary_large_image\" \/>\n<meta name=\"twitter:label1\" content=\"Escrito por\" \/>\n\t<meta name=\"twitter:data1\" content=\"administrador\" \/>\n\t<meta name=\"twitter:label2\" content=\"Tiempo de lectura\" \/>\n\t<meta name=\"twitter:data2\" content=\"2 minutos\" \/>\n<script type=\"application\/ld+json\" class=\"yoast-schema-graph\">{\"@context\":\"https:\\\/\\\/schema.org\",\"@graph\":[{\"@type\":\"Article\",\"@id\":\"https:\\\/\\\/mont-roig.cat\\\/es\\\/actualitat\\\/noticies\\\/comienza-la-prueba-piloto-de-recogida-de-podas-en-la-urbanizacion-de-sant-miquel\\\/#article\",\"isPartOf\":{\"@id\":\"https:\\\/\\\/mont-roig.cat\\\/es\\\/actualitat\\\/noticies\\\/comienza-la-prueba-piloto-de-recogida-de-podas-en-la-urbanizacion-de-sant-miquel\\\/\"},\"author\":{\"name\":\"administrador\",\"@id\":\"https:\\\/\\\/mont-roig.cat\\\/es\\\/#\\\/schema\\\/person\\\/f2b111789f22b7d0c3bd6786c9128cba\"},\"headline\":\"Comienza la prueba piloto de recogida de podas en la urbanizaci\u00f3n de Sant Miquel\",\"datePublished\":\"2021-01-26T13:36:49+00:00\",\"dateModified\":\"2021-02-10T09:00:33+00:00\",\"mainEntityOfPage\":{\"@id\":\"https:\\\/\\\/mont-roig.cat\\\/es\\\/actualitat\\\/noticies\\\/comienza-la-prueba-piloto-de-recogida-de-podas-en-la-urbanizacion-de-sant-miquel\\\/\"},\"wordCount\":498,\"image\":{\"@id\":\"https:\\\/\\\/mont-roig.cat\\\/es\\\/actualitat\\\/noticies\\\/comienza-la-prueba-piloto-de-recogida-de-podas-en-la-urbanizacion-de-sant-miquel\\\/#primaryimage\"},\"thumbnailUrl\":\"https:\\\/\\\/mont-roig.cat\\\/wp-content\\\/uploads\\\/bujol.jpeg\",\"articleSection\":[\"Ayuntamiento\",\"Limpieza viaria\",\"Residuos\"],\"inLanguage\":\"es\"},{\"@type\":\"WebPage\",\"@id\":\"https:\\\/\\\/mont-roig.cat\\\/es\\\/actualitat\\\/noticies\\\/comienza-la-prueba-piloto-de-recogida-de-podas-en-la-urbanizacion-de-sant-miquel\\\/\",\"url\":\"https:\\\/\\\/mont-roig.cat\\\/es\\\/actualitat\\\/noticies\\\/comienza-la-prueba-piloto-de-recogida-de-podas-en-la-urbanizacion-de-sant-miquel\\\/\",\"name\":\"Comienza la prueba piloto de recogida de podas en la urbanizaci\u00f3n de Sant Miquel - Ajuntament de Mont-roig del Camp\",\"isPartOf\":{\"@id\":\"https:\\\/\\\/mont-roig.cat\\\/es\\\/#website\"},\"primaryImageOfPage\":{\"@id\":\"https:\\\/\\\/mont-roig.cat\\\/es\\\/actualitat\\\/noticies\\\/comienza-la-prueba-piloto-de-recogida-de-podas-en-la-urbanizacion-de-sant-miquel\\\/#primaryimage\"},\"image\":{\"@id\":\"https:\\\/\\\/mont-roig.cat\\\/es\\\/actualitat\\\/noticies\\\/comienza-la-prueba-piloto-de-recogida-de-podas-en-la-urbanizacion-de-sant-miquel\\\/#primaryimage\"},\"thumbnailUrl\":\"https:\\\/\\\/mont-roig.cat\\\/wp-content\\\/uploads\\\/bujol.jpeg\",\"datePublished\":\"2021-01-26T13:36:49+00:00\",\"dateModified\":\"2021-02-10T09:00:33+00:00\",\"author\":{\"@id\":\"https:\\\/\\\/mont-roig.cat\\\/es\\\/#\\\/schema\\\/person\\\/f2b111789f22b7d0c3bd6786c9128cba\"},\"breadcrumb\":{\"@id\":\"https:\\\/\\\/mont-roig.cat\\\/es\\\/actualitat\\\/noticies\\\/comienza-la-prueba-piloto-de-recogida-de-podas-en-la-urbanizacion-de-sant-miquel\\\/#breadcrumb\"},\"inLanguage\":\"es\",\"potentialAction\":[{\"@type\":\"ReadAction\",\"target\":[\"https:\\\/\\\/mont-roig.cat\\\/es\\\/actualitat\\\/noticies\\\/comienza-la-prueba-piloto-de-recogida-de-podas-en-la-urbanizacion-de-sant-miquel\\\/\"]}]},{\"@type\":\"ImageObject\",\"inLanguage\":\"es\",\"@id\":\"https:\\\/\\\/mont-roig.cat\\\/es\\\/actualitat\\\/noticies\\\/comienza-la-prueba-piloto-de-recogida-de-podas-en-la-urbanizacion-de-sant-miquel\\\/#primaryimage\",\"url\":\"https:\\\/\\\/mont-roig.cat\\\/wp-content\\\/uploads\\\/bujol.jpeg\",\"contentUrl\":\"https:\\\/\\\/mont-roig.cat\\\/wp-content\\\/uploads\\\/bujol.jpeg\",\"width\":1600,\"height\":1066},{\"@type\":\"BreadcrumbList\",\"@id\":\"https:\\\/\\\/mont-roig.cat\\\/es\\\/actualitat\\\/noticies\\\/comienza-la-prueba-piloto-de-recogida-de-podas-en-la-urbanizacion-de-sant-miquel\\\/#breadcrumb\",\"itemListElement\":[{\"@type\":\"ListItem\",\"position\":1,\"name\":\"Inici\",\"item\":\"https:\\\/\\\/mont-roig.cat\\\/es\\\/pagina-de-inicio\\\/\"},{\"@type\":\"ListItem\",\"position\":2,\"name\":\"Comienza la prueba piloto de recogida de podas en la urbanizaci\u00f3n de Sant Miquel\"}]},{\"@type\":\"WebSite\",\"@id\":\"https:\\\/\\\/mont-roig.cat\\\/es\\\/#website\",\"url\":\"https:\\\/\\\/mont-roig.cat\\\/es\\\/\",\"name\":\"Ajuntament de Mont-roig del Camp\",\"description\":\"Tota la informaci\u00f3 sobre la instituci\u00f3, els seus \u00f2rgans de govern, actualitat, serveis i molt m\u00e9s.\",\"potentialAction\":[{\"@type\":\"SearchAction\",\"target\":{\"@type\":\"EntryPoint\",\"urlTemplate\":\"https:\\\/\\\/mont-roig.cat\\\/es\\\/?s={search_term_string}\"},\"query-input\":{\"@type\":\"PropertyValueSpecification\",\"valueRequired\":true,\"valueName\":\"search_term_string\"}}],\"inLanguage\":\"es\"},{\"@type\":\"Person\",\"@id\":\"https:\\\/\\\/mont-roig.cat\\\/es\\\/#\\\/schema\\\/person\\\/f2b111789f22b7d0c3bd6786c9128cba\",\"name\":\"administrador\",\"image\":{\"@type\":\"ImageObject\",\"inLanguage\":\"es\",\"@id\":\"https:\\\/\\\/secure.gravatar.com\\\/avatar\\\/9137aac6891e2595c9d3036fd83bcb653b4db3c946db4c7d9b9be193c3c944bb?s=96&d=mm&r=g\",\"url\":\"https:\\\/\\\/secure.gravatar.com\\\/avatar\\\/9137aac6891e2595c9d3036fd83bcb653b4db3c946db4c7d9b9be193c3c944bb?s=96&d=mm&r=g\",\"contentUrl\":\"https:\\\/\\\/secure.gravatar.com\\\/avatar\\\/9137aac6891e2595c9d3036fd83bcb653b4db3c946db4c7d9b9be193c3c944bb?s=96&d=mm&r=g\",\"caption\":\"administrador\"},\"url\":\"https:\\\/\\\/mont-roig.cat\\\/es\\\/actualitat\\\/noticies\\\/author\\\/administrador\\\/\"}]}<\/script>\n<!-- \/ Yoast SEO plugin. -->","yoast_head_json":{"title":"Comienza la prueba piloto de recogida de podas en la urbanizaci\u00f3n de Sant Miquel - Ajuntament de Mont-roig del Camp","robots":{"index":"index","follow":"follow","max-snippet":"max-snippet:-1","max-image-preview":"max-image-preview:large","max-video-preview":"max-video-preview:-1"},"canonical":"https:\/\/mont-roig.cat\/es\/actualitat\/noticies\/comienza-la-prueba-piloto-de-recogida-de-podas-en-la-urbanizacion-de-sant-miquel\/","og_locale":"es_ES","og_type":"article","og_title":"Comienza la prueba piloto de recogida de podas en la urbanizaci\u00f3n de Sant Miquel - Ajuntament de Mont-roig del Camp","og_description":"[vc_row][vc_column][vc_column_text] El Ayuntamiento ha distribuido cubos a las viviendas para que los vecinos puedan depositar los residuos generados en las tareas de jardiner\u00eda El nuevo servicio consiste en la recogida puerta a puerta de estos residuos para garantizar una gesti\u00f3n adecuada y facilitar el tratamiento final El Ayuntamiento de Mont-roig del Camp ha iniciado esta [&hellip;]","og_url":"https:\/\/mont-roig.cat\/es\/actualitat\/noticies\/comienza-la-prueba-piloto-de-recogida-de-podas-en-la-urbanizacion-de-sant-miquel\/","og_site_name":"Ajuntament de Mont-roig del Camp","article_published_time":"2021-01-26T13:36:49+00:00","article_modified_time":"2021-02-10T09:00:33+00:00","og_image":[{"width":1600,"height":1066,"url":"https:\/\/mont-roig.cat\/wp-content\/uploads\/bujol.jpeg","type":"image\/jpeg"}],"author":"administrador","twitter_card":"summary_large_image","twitter_misc":{"Escrito por":"administrador","Tiempo de lectura":"2 minutos"},"schema":{"@context":"https:\/\/schema.org","@graph":[{"@type":"Article","@id":"https:\/\/mont-roig.cat\/es\/actualitat\/noticies\/comienza-la-prueba-piloto-de-recogida-de-podas-en-la-urbanizacion-de-sant-miquel\/#article","isPartOf":{"@id":"https:\/\/mont-roig.cat\/es\/actualitat\/noticies\/comienza-la-prueba-piloto-de-recogida-de-podas-en-la-urbanizacion-de-sant-miquel\/"},"author":{"name":"administrador","@id":"https:\/\/mont-roig.cat\/es\/#\/schema\/person\/f2b111789f22b7d0c3bd6786c9128cba"},"headline":"Comienza la prueba piloto de recogida de podas en la urbanizaci\u00f3n de Sant Miquel","datePublished":"2021-01-26T13:36:49+00:00","dateModified":"2021-02-10T09:00:33+00:00","mainEntityOfPage":{"@id":"https:\/\/mont-roig.cat\/es\/actualitat\/noticies\/comienza-la-prueba-piloto-de-recogida-de-podas-en-la-urbanizacion-de-sant-miquel\/"},"wordCount":498,"image":{"@id":"https:\/\/mont-roig.cat\/es\/actualitat\/noticies\/comienza-la-prueba-piloto-de-recogida-de-podas-en-la-urbanizacion-de-sant-miquel\/#primaryimage"},"thumbnailUrl":"https:\/\/mont-roig.cat\/wp-content\/uploads\/bujol.jpeg","articleSection":["Ayuntamiento","Limpieza viaria","Residuos"],"inLanguage":"es"},{"@type":"WebPage","@id":"https:\/\/mont-roig.cat\/es\/actualitat\/noticies\/comienza-la-prueba-piloto-de-recogida-de-podas-en-la-urbanizacion-de-sant-miquel\/","url":"https:\/\/mont-roig.cat\/es\/actualitat\/noticies\/comienza-la-prueba-piloto-de-recogida-de-podas-en-la-urbanizacion-de-sant-miquel\/","name":"Comienza la prueba piloto de recogida de podas en la urbanizaci\u00f3n de Sant Miquel - Ajuntament de Mont-roig del Camp","isPartOf":{"@id":"https:\/\/mont-roig.cat\/es\/#website"},"primaryImageOfPage":{"@id":"https:\/\/mont-roig.cat\/es\/actualitat\/noticies\/comienza-la-prueba-piloto-de-recogida-de-podas-en-la-urbanizacion-de-sant-miquel\/#primaryimage"},"image":{"@id":"https:\/\/mont-roig.cat\/es\/actualitat\/noticies\/comienza-la-prueba-piloto-de-recogida-de-podas-en-la-urbanizacion-de-sant-miquel\/#primaryimage"},"thumbnailUrl":"https:\/\/mont-roig.cat\/wp-content\/uploads\/bujol.jpeg","datePublished":"2021-01-26T13:36:49+00:00","dateModified":"2021-02-10T09:00:33+00:00","author":{"@id":"https:\/\/mont-roig.cat\/es\/#\/schema\/person\/f2b111789f22b7d0c3bd6786c9128cba"},"breadcrumb":{"@id":"https:\/\/mont-roig.cat\/es\/actualitat\/noticies\/comienza-la-prueba-piloto-de-recogida-de-podas-en-la-urbanizacion-de-sant-miquel\/#breadcrumb"},"inLanguage":"es","potentialAction":[{"@type":"ReadAction","target":["https:\/\/mont-roig.cat\/es\/actualitat\/noticies\/comienza-la-prueba-piloto-de-recogida-de-podas-en-la-urbanizacion-de-sant-miquel\/"]}]},{"@type":"ImageObject","inLanguage":"es","@id":"https:\/\/mont-roig.cat\/es\/actualitat\/noticies\/comienza-la-prueba-piloto-de-recogida-de-podas-en-la-urbanizacion-de-sant-miquel\/#primaryimage","url":"https:\/\/mont-roig.cat\/wp-content\/uploads\/bujol.jpeg","contentUrl":"https:\/\/mont-roig.cat\/wp-content\/uploads\/bujol.jpeg","width":1600,"height":1066},{"@type":"BreadcrumbList","@id":"https:\/\/mont-roig.cat\/es\/actualitat\/noticies\/comienza-la-prueba-piloto-de-recogida-de-podas-en-la-urbanizacion-de-sant-miquel\/#breadcrumb","itemListElement":[{"@type":"ListItem","position":1,"name":"Inici","item":"https:\/\/mont-roig.cat\/es\/pagina-de-inicio\/"},{"@type":"ListItem","position":2,"name":"Comienza la prueba piloto de recogida de podas en la urbanizaci\u00f3n de Sant Miquel"}]},{"@type":"WebSite","@id":"https:\/\/mont-roig.cat\/es\/#website","url":"https:\/\/mont-roig.cat\/es\/","name":"Ajuntament de Mont-roig del Camp","description":"Tota la informaci\u00f3 sobre la instituci\u00f3, els seus \u00f2rgans de govern, actualitat, serveis i molt m\u00e9s.","potentialAction":[{"@type":"SearchAction","target":{"@type":"EntryPoint","urlTemplate":"https:\/\/mont-roig.cat\/es\/?s={search_term_string}"},"query-input":{"@type":"PropertyValueSpecification","valueRequired":true,"valueName":"search_term_string"}}],"inLanguage":"es"},{"@type":"Person","@id":"https:\/\/mont-roig.cat\/es\/#\/schema\/person\/f2b111789f22b7d0c3bd6786c9128cba","name":"administrador","image":{"@type":"ImageObject","inLanguage":"es","@id":"https:\/\/secure.gravatar.com\/avatar\/9137aac6891e2595c9d3036fd83bcb653b4db3c946db4c7d9b9be193c3c944bb?s=96&d=mm&r=g","url":"https:\/\/secure.gravatar.com\/avatar\/9137aac6891e2595c9d3036fd83bcb653b4db3c946db4c7d9b9be193c3c944bb?s=96&d=mm&r=g","contentUrl":"https:\/\/secure.gravatar.com\/avatar\/9137aac6891e2595c9d3036fd83bcb653b4db3c946db4c7d9b9be193c3c944bb?s=96&d=mm&r=g","caption":"administrador"},"url":"https:\/\/mont-roig.cat\/es\/actualitat\/noticies\/author\/administrador\/"}]}},"_links":{"self":[{"href":"https:\/\/mont-roig.cat\/es\/wp-json\/wp\/v2\/posts\/53366","targetHints":{"allow":["GET"]}}],"collection":[{"href":"https:\/\/mont-roig.cat\/es\/wp-json\/wp\/v2\/posts"}],"about":[{"href":"https:\/\/mont-roig.cat\/es\/wp-json\/wp\/v2\/types\/post"}],"author":[{"embeddable":true,"href":"https:\/\/mont-roig.cat\/es\/wp-json\/wp\/v2\/users\/4"}],"replies":[{"embeddable":true,"href":"https:\/\/mont-roig.cat\/es\/wp-json\/wp\/v2\/comments?post=53366"}],"version-history":[{"count":3,"href":"https:\/\/mont-roig.cat\/es\/wp-json\/wp\/v2\/posts\/53366\/revisions"}],"predecessor-version":[{"id":53634,"href":"https:\/\/mont-roig.cat\/es\/wp-json\/wp\/v2\/posts\/53366\/revisions\/53634"}],"wp:featuredmedia":[{"embeddable":true,"href":"https:\/\/mont-roig.cat\/es\/wp-json\/wp\/v2\/media\/53364"}],"wp:attachment":[{"href":"https:\/\/mont-roig.cat\/es\/wp-json\/wp\/v2\/media?parent=53366"}],"wp:term":[{"taxonomy":"category","embeddable":true,"href":"https:\/\/mont-roig.cat\/es\/wp-json\/wp\/v2\/categories?post=53366"},{"taxonomy":"post_tag","embeddable":true,"href":"https:\/\/mont-roig.cat\/es\/wp-json\/wp\/v2\/tags?post=53366"}],"curies":[{"name":"wp","href":"https:\/\/api.w.org\/{rel}","templated":true}]}}