{"id":53897,"date":"2021-02-19T11:59:26","date_gmt":"2021-02-19T10:59:26","guid":{"rendered":"https:\/\/mont-roig.cat\/?p=53897"},"modified":"2021-02-19T11:59:26","modified_gmt":"2021-02-19T10:59:26","slug":"nostraigua-prorroga-el-acuerdo-de-no-cortar-el-agua-durante-el-estado-de-alarma","status":"publish","type":"post","link":"https:\/\/mont-roig.cat\/es\/actualitat\/noticies\/nostraigua-prorroga-el-acuerdo-de-no-cortar-el-agua-durante-el-estado-de-alarma\/","title":{"rendered":"Nostraigua prorroga el acuerdo de no cortar el agua durante el estado de alarma"},"content":{"rendered":"<ul>\n<li><strong>La medida incluye los abonados del servicio, familias o empresas, afectadas por la crisis econ\u00f3mica derivada de la Covid-19<\/strong><\/li>\n<li><strong>La entidad P\u00fablica Empresarial dispone tambi\u00e9n de un Fondo de Solidaridad destinado al pago de las facturas de consumo de agua o las altas del servicio de las personas con dificultades econ\u00f3micas<\/strong><\/li>\n<\/ul>\n<p><a href=\"https:\/\/mont-roig.cat\/wp-content\/uploads\/Fons-solidaritat-3.png\"><img loading=\"lazy\" decoding=\"async\" class=\"alignright wp-image-53893\" src=\"https:\/\/mont-roig.cat\/wp-content\/uploads\/Fons-solidaritat-3-354x500.png\" alt=\"\" width=\"250\" height=\"354\" srcset=\"https:\/\/mont-roig.cat\/wp-content\/uploads\/Fons-solidaritat-3-354x500.png 354w, https:\/\/mont-roig.cat\/wp-content\/uploads\/Fons-solidaritat-3-724x1024.png 724w, https:\/\/mont-roig.cat\/wp-content\/uploads\/Fons-solidaritat-3-768x1086.png 768w, https:\/\/mont-roig.cat\/wp-content\/uploads\/Fons-solidaritat-3-1086x1536.png 1086w, https:\/\/mont-roig.cat\/wp-content\/uploads\/Fons-solidaritat-3.png 1241w\" sizes=\"auto, (max-width: 250px) 100vw, 250px\" \/><\/a>El Consejo de Administraci\u00f3n de Nostraigua, la Entidad P\u00fablica Empresarial del Ayuntamiento de Mont-roig del Camp, ha adoptado el acuerdo, este mes de febrero, de no suspender los suministros de agua mientras dure el estado de alarma. Se trata de una pr\u00f3rroga del acuerdo que ya se hab\u00eda adoptado el 7 de mayo de 2020 y que finalizaba el 31 de diciembre 2020. De esta forma, y \u200b\u200bteniendo en cuenta la actual situaci\u00f3n econ\u00f3mica y social provocada por la Covid19, el acuerdo sigue vigente y establece que aquellos abonados del servicio, ya sean familias o empresas que no puedan hacer frente al pago de las facturas, puedan mantener el servicio b\u00e1sico de suministro de agua.<\/p>\n<p>Quedan excluidos los suministros de comunidades de propietarios que abastecen zonas verdes y piscinas, teniendo en cuenta que el riego por usos recreativos no se considera una primera necesidad. Tambi\u00e9n las conexiones ilegales, ya que el acuerdo es para personas con contrato que no hayan actuado fraudulentamente y con un uso responsable del agua.<\/p>\n<p>Cabe destacar que se trata de un acuerdo pionero y anterior a la legislaci\u00f3n vigente (de diciembre de 2020) que no permite suspender el suministro de energ\u00eda el\u00e9ctrica, gas natural y agua a aquellos consumidores en que se concurra la condici\u00f3n de consumidor vulnerable. Este acuerdo tambi\u00e9n es m\u00e1s sensible a la situaci\u00f3n actual que la legislaci\u00f3n estatal, que impide la suspensi\u00f3n de suministros a los colectivos considerados vulnerables, ya que, en este caso, se han incluido tambi\u00e9n las empresas y las familias que, a pesar de no disponer de esta condici\u00f3n, pueden estar pasando momentos econ\u00f3micos muy delicados.<\/p>\n<p><strong>Sigue activo el Fondo de Solidaridad<\/strong><\/p>\n<p>As\u00ed pues, aquellas personas que debido a la crisis actual no puedan hacer frente a los pagos, se pueden poner en contacto con Nostraigua para encontrar la soluci\u00f3n m\u00e1s adecuada a su situaci\u00f3n. De hecho, una de las opciones, en caso de estar en situaci\u00f3n de precariedad econ\u00f3mica, es solicitar la ayuda del Fondo de Solidaridad.<\/p>\n<p>Se trata de una ayuda a fondo perdido, que Nostraigua puso en marcha en 2016, y que est\u00e1 destinado a hacer frente a los gastos de la factura del agua o las altas del servicio de las familias que est\u00e9n en situaci\u00f3n de dificultad econ\u00f3mica. La entidad destina un importe m\u00ednimo de 20.000 \u20ac \/ a\u00f1o a este fin y, gracias a los remanentes de a\u00f1os anteriores, en 2020 Nostraigua atendi\u00f3 pagos por un importe total de 34.458,28 \u20ac.<\/p>\n<p>Esta ayuda se tramita a trav\u00e9s de un convenio gestionado por el departamento de Servicios Sociales del Ayuntamiento de Mont-roig del Camp.<\/p>\n","protected":false},"excerpt":{"rendered":"<p>La medida incluye los abonados del servicio, familias o empresas, afectadas por la crisis econ\u00f3mica derivada de la Covid-19 La entidad P\u00fablica Empresarial dispone tambi\u00e9n de un Fondo de Solidaridad destinado al pago de las facturas de consumo de agua o las altas del servicio de las personas con dificultades econ\u00f3micas El Consejo de Administraci\u00f3n [&hellip;]<\/p>\n","protected":false},"author":4,"featured_media":53891,"comment_status":"closed","ping_status":"closed","sticky":false,"template":"","format":"standard","meta":{"inline_featured_image":false,"_monsterinsights_skip_tracking":false,"_monsterinsights_sitenote_active":false,"_monsterinsights_sitenote_note":"","_monsterinsights_sitenote_category":0,"footnotes":""},"categories":[98,186],"tags":[],"class_list":["post-53897","post","type-post","status-publish","format-standard","has-post-thumbnail","hentry","category-ayuntamiento","category-coronavirus-otras"],"yoast_head":"<!-- This site is optimized with the Yoast SEO plugin v27.4 - https:\/\/yoast.com\/product\/yoast-seo-wordpress\/ -->\n<title>Nostraigua prorroga el acuerdo de no cortar el agua durante el estado de alarma - Ajuntament de Mont-roig del Camp<\/title>\n<meta name=\"robots\" content=\"index, follow, max-snippet:-1, max-image-preview:large, max-video-preview:-1\" \/>\n<link rel=\"canonical\" href=\"https:\/\/mont-roig.cat\/es\/actualitat\/noticies\/nostraigua-prorroga-el-acuerdo-de-no-cortar-el-agua-durante-el-estado-de-alarma\/\" \/>\n<meta property=\"og:locale\" content=\"es_ES\" \/>\n<meta property=\"og:type\" content=\"article\" \/>\n<meta property=\"og:title\" content=\"Nostraigua prorroga el acuerdo de no cortar el agua durante el estado de alarma - Ajuntament de Mont-roig del Camp\" \/>\n<meta property=\"og:description\" content=\"La medida incluye los abonados del servicio, familias o empresas, afectadas por la crisis econ\u00f3mica derivada de la Covid-19 La entidad P\u00fablica Empresarial dispone tambi\u00e9n de un Fondo de Solidaridad destinado al pago de las facturas de consumo de agua o las altas del servicio de las personas con dificultades econ\u00f3micas El Consejo de Administraci\u00f3n [&hellip;]\" \/>\n<meta property=\"og:url\" content=\"https:\/\/mont-roig.cat\/es\/actualitat\/noticies\/nostraigua-prorroga-el-acuerdo-de-no-cortar-el-agua-durante-el-estado-de-alarma\/\" \/>\n<meta property=\"og:site_name\" content=\"Ajuntament de Mont-roig del Camp\" \/>\n<meta property=\"article:published_time\" content=\"2021-02-19T10:59:26+00:00\" \/>\n<meta property=\"og:image\" content=\"https:\/\/mont-roig.cat\/wp-content\/uploads\/Fons-Solidaritat-1.png\" \/>\n\t<meta property=\"og:image:width\" content=\"1200\" \/>\n\t<meta property=\"og:image:height\" content=\"630\" \/>\n\t<meta property=\"og:image:type\" content=\"image\/png\" \/>\n<meta name=\"author\" content=\"administrador\" \/>\n<meta name=\"twitter:card\" content=\"summary_large_image\" \/>\n<meta name=\"twitter:label1\" content=\"Escrito por\" \/>\n\t<meta name=\"twitter:data1\" content=\"administrador\" \/>\n\t<meta name=\"twitter:label2\" content=\"Tiempo de lectura\" \/>\n\t<meta name=\"twitter:data2\" content=\"3 minutos\" \/>\n<script type=\"application\/ld+json\" class=\"yoast-schema-graph\">{\"@context\":\"https:\\\/\\\/schema.org\",\"@graph\":[{\"@type\":\"Article\",\"@id\":\"https:\\\/\\\/mont-roig.cat\\\/es\\\/actualitat\\\/noticies\\\/nostraigua-prorroga-el-acuerdo-de-no-cortar-el-agua-durante-el-estado-de-alarma\\\/#article\",\"isPartOf\":{\"@id\":\"https:\\\/\\\/mont-roig.cat\\\/es\\\/actualitat\\\/noticies\\\/nostraigua-prorroga-el-acuerdo-de-no-cortar-el-agua-durante-el-estado-de-alarma\\\/\"},\"author\":{\"name\":\"administrador\",\"@id\":\"https:\\\/\\\/mont-roig.cat\\\/es\\\/#\\\/schema\\\/person\\\/f2b111789f22b7d0c3bd6786c9128cba\"},\"headline\":\"Nostraigua prorroga el acuerdo de no cortar el agua durante el estado de alarma\",\"datePublished\":\"2021-02-19T10:59:26+00:00\",\"mainEntityOfPage\":{\"@id\":\"https:\\\/\\\/mont-roig.cat\\\/es\\\/actualitat\\\/noticies\\\/nostraigua-prorroga-el-acuerdo-de-no-cortar-el-agua-durante-el-estado-de-alarma\\\/\"},\"wordCount\":522,\"image\":{\"@id\":\"https:\\\/\\\/mont-roig.cat\\\/es\\\/actualitat\\\/noticies\\\/nostraigua-prorroga-el-acuerdo-de-no-cortar-el-agua-durante-el-estado-de-alarma\\\/#primaryimage\"},\"thumbnailUrl\":\"https:\\\/\\\/mont-roig.cat\\\/wp-content\\\/uploads\\\/Fons-Solidaritat-1.png\",\"articleSection\":[\"Ayuntamiento\",\"Coronavirus - otras medidas\"],\"inLanguage\":\"es\"},{\"@type\":\"WebPage\",\"@id\":\"https:\\\/\\\/mont-roig.cat\\\/es\\\/actualitat\\\/noticies\\\/nostraigua-prorroga-el-acuerdo-de-no-cortar-el-agua-durante-el-estado-de-alarma\\\/\",\"url\":\"https:\\\/\\\/mont-roig.cat\\\/es\\\/actualitat\\\/noticies\\\/nostraigua-prorroga-el-acuerdo-de-no-cortar-el-agua-durante-el-estado-de-alarma\\\/\",\"name\":\"Nostraigua prorroga el acuerdo de no cortar el agua durante el estado de alarma - Ajuntament de Mont-roig del Camp\",\"isPartOf\":{\"@id\":\"https:\\\/\\\/mont-roig.cat\\\/es\\\/#website\"},\"primaryImageOfPage\":{\"@id\":\"https:\\\/\\\/mont-roig.cat\\\/es\\\/actualitat\\\/noticies\\\/nostraigua-prorroga-el-acuerdo-de-no-cortar-el-agua-durante-el-estado-de-alarma\\\/#primaryimage\"},\"image\":{\"@id\":\"https:\\\/\\\/mont-roig.cat\\\/es\\\/actualitat\\\/noticies\\\/nostraigua-prorroga-el-acuerdo-de-no-cortar-el-agua-durante-el-estado-de-alarma\\\/#primaryimage\"},\"thumbnailUrl\":\"https:\\\/\\\/mont-roig.cat\\\/wp-content\\\/uploads\\\/Fons-Solidaritat-1.png\",\"datePublished\":\"2021-02-19T10:59:26+00:00\",\"author\":{\"@id\":\"https:\\\/\\\/mont-roig.cat\\\/es\\\/#\\\/schema\\\/person\\\/f2b111789f22b7d0c3bd6786c9128cba\"},\"breadcrumb\":{\"@id\":\"https:\\\/\\\/mont-roig.cat\\\/es\\\/actualitat\\\/noticies\\\/nostraigua-prorroga-el-acuerdo-de-no-cortar-el-agua-durante-el-estado-de-alarma\\\/#breadcrumb\"},\"inLanguage\":\"es\",\"potentialAction\":[{\"@type\":\"ReadAction\",\"target\":[\"https:\\\/\\\/mont-roig.cat\\\/es\\\/actualitat\\\/noticies\\\/nostraigua-prorroga-el-acuerdo-de-no-cortar-el-agua-durante-el-estado-de-alarma\\\/\"]}]},{\"@type\":\"ImageObject\",\"inLanguage\":\"es\",\"@id\":\"https:\\\/\\\/mont-roig.cat\\\/es\\\/actualitat\\\/noticies\\\/nostraigua-prorroga-el-acuerdo-de-no-cortar-el-agua-durante-el-estado-de-alarma\\\/#primaryimage\",\"url\":\"https:\\\/\\\/mont-roig.cat\\\/wp-content\\\/uploads\\\/Fons-Solidaritat-1.png\",\"contentUrl\":\"https:\\\/\\\/mont-roig.cat\\\/wp-content\\\/uploads\\\/Fons-Solidaritat-1.png\",\"width\":1200,\"height\":630},{\"@type\":\"BreadcrumbList\",\"@id\":\"https:\\\/\\\/mont-roig.cat\\\/es\\\/actualitat\\\/noticies\\\/nostraigua-prorroga-el-acuerdo-de-no-cortar-el-agua-durante-el-estado-de-alarma\\\/#breadcrumb\",\"itemListElement\":[{\"@type\":\"ListItem\",\"position\":1,\"name\":\"Inici\",\"item\":\"https:\\\/\\\/mont-roig.cat\\\/es\\\/pagina-de-inicio\\\/\"},{\"@type\":\"ListItem\",\"position\":2,\"name\":\"Nostraigua prorroga el acuerdo de no cortar el agua durante el estado de alarma\"}]},{\"@type\":\"WebSite\",\"@id\":\"https:\\\/\\\/mont-roig.cat\\\/es\\\/#website\",\"url\":\"https:\\\/\\\/mont-roig.cat\\\/es\\\/\",\"name\":\"Ajuntament de Mont-roig del Camp\",\"description\":\"Tota la informaci\u00f3 sobre la instituci\u00f3, els seus \u00f2rgans de govern, actualitat, serveis i molt m\u00e9s.\",\"potentialAction\":[{\"@type\":\"SearchAction\",\"target\":{\"@type\":\"EntryPoint\",\"urlTemplate\":\"https:\\\/\\\/mont-roig.cat\\\/es\\\/?s={search_term_string}\"},\"query-input\":{\"@type\":\"PropertyValueSpecification\",\"valueRequired\":true,\"valueName\":\"search_term_string\"}}],\"inLanguage\":\"es\"},{\"@type\":\"Person\",\"@id\":\"https:\\\/\\\/mont-roig.cat\\\/es\\\/#\\\/schema\\\/person\\\/f2b111789f22b7d0c3bd6786c9128cba\",\"name\":\"administrador\",\"image\":{\"@type\":\"ImageObject\",\"inLanguage\":\"es\",\"@id\":\"https:\\\/\\\/secure.gravatar.com\\\/avatar\\\/9137aac6891e2595c9d3036fd83bcb653b4db3c946db4c7d9b9be193c3c944bb?s=96&d=mm&r=g\",\"url\":\"https:\\\/\\\/secure.gravatar.com\\\/avatar\\\/9137aac6891e2595c9d3036fd83bcb653b4db3c946db4c7d9b9be193c3c944bb?s=96&d=mm&r=g\",\"contentUrl\":\"https:\\\/\\\/secure.gravatar.com\\\/avatar\\\/9137aac6891e2595c9d3036fd83bcb653b4db3c946db4c7d9b9be193c3c944bb?s=96&d=mm&r=g\",\"caption\":\"administrador\"},\"url\":\"https:\\\/\\\/mont-roig.cat\\\/es\\\/actualitat\\\/noticies\\\/author\\\/administrador\\\/\"}]}<\/script>\n<!-- \/ Yoast SEO plugin. -->","yoast_head_json":{"title":"Nostraigua prorroga el acuerdo de no cortar el agua durante el estado de alarma - Ajuntament de Mont-roig del Camp","robots":{"index":"index","follow":"follow","max-snippet":"max-snippet:-1","max-image-preview":"max-image-preview:large","max-video-preview":"max-video-preview:-1"},"canonical":"https:\/\/mont-roig.cat\/es\/actualitat\/noticies\/nostraigua-prorroga-el-acuerdo-de-no-cortar-el-agua-durante-el-estado-de-alarma\/","og_locale":"es_ES","og_type":"article","og_title":"Nostraigua prorroga el acuerdo de no cortar el agua durante el estado de alarma - Ajuntament de Mont-roig del Camp","og_description":"La medida incluye los abonados del servicio, familias o empresas, afectadas por la crisis econ\u00f3mica derivada de la Covid-19 La entidad P\u00fablica Empresarial dispone tambi\u00e9n de un Fondo de Solidaridad destinado al pago de las facturas de consumo de agua o las altas del servicio de las personas con dificultades econ\u00f3micas El Consejo de Administraci\u00f3n [&hellip;]","og_url":"https:\/\/mont-roig.cat\/es\/actualitat\/noticies\/nostraigua-prorroga-el-acuerdo-de-no-cortar-el-agua-durante-el-estado-de-alarma\/","og_site_name":"Ajuntament de Mont-roig del Camp","article_published_time":"2021-02-19T10:59:26+00:00","og_image":[{"width":1200,"height":630,"url":"https:\/\/mont-roig.cat\/wp-content\/uploads\/Fons-Solidaritat-1.png","type":"image\/png"}],"author":"administrador","twitter_card":"summary_large_image","twitter_misc":{"Escrito por":"administrador","Tiempo de lectura":"3 minutos"},"schema":{"@context":"https:\/\/schema.org","@graph":[{"@type":"Article","@id":"https:\/\/mont-roig.cat\/es\/actualitat\/noticies\/nostraigua-prorroga-el-acuerdo-de-no-cortar-el-agua-durante-el-estado-de-alarma\/#article","isPartOf":{"@id":"https:\/\/mont-roig.cat\/es\/actualitat\/noticies\/nostraigua-prorroga-el-acuerdo-de-no-cortar-el-agua-durante-el-estado-de-alarma\/"},"author":{"name":"administrador","@id":"https:\/\/mont-roig.cat\/es\/#\/schema\/person\/f2b111789f22b7d0c3bd6786c9128cba"},"headline":"Nostraigua prorroga el acuerdo de no cortar el agua durante el estado de alarma","datePublished":"2021-02-19T10:59:26+00:00","mainEntityOfPage":{"@id":"https:\/\/mont-roig.cat\/es\/actualitat\/noticies\/nostraigua-prorroga-el-acuerdo-de-no-cortar-el-agua-durante-el-estado-de-alarma\/"},"wordCount":522,"image":{"@id":"https:\/\/mont-roig.cat\/es\/actualitat\/noticies\/nostraigua-prorroga-el-acuerdo-de-no-cortar-el-agua-durante-el-estado-de-alarma\/#primaryimage"},"thumbnailUrl":"https:\/\/mont-roig.cat\/wp-content\/uploads\/Fons-Solidaritat-1.png","articleSection":["Ayuntamiento","Coronavirus - otras medidas"],"inLanguage":"es"},{"@type":"WebPage","@id":"https:\/\/mont-roig.cat\/es\/actualitat\/noticies\/nostraigua-prorroga-el-acuerdo-de-no-cortar-el-agua-durante-el-estado-de-alarma\/","url":"https:\/\/mont-roig.cat\/es\/actualitat\/noticies\/nostraigua-prorroga-el-acuerdo-de-no-cortar-el-agua-durante-el-estado-de-alarma\/","name":"Nostraigua prorroga el acuerdo de no cortar el agua durante el estado de alarma - Ajuntament de Mont-roig del Camp","isPartOf":{"@id":"https:\/\/mont-roig.cat\/es\/#website"},"primaryImageOfPage":{"@id":"https:\/\/mont-roig.cat\/es\/actualitat\/noticies\/nostraigua-prorroga-el-acuerdo-de-no-cortar-el-agua-durante-el-estado-de-alarma\/#primaryimage"},"image":{"@id":"https:\/\/mont-roig.cat\/es\/actualitat\/noticies\/nostraigua-prorroga-el-acuerdo-de-no-cortar-el-agua-durante-el-estado-de-alarma\/#primaryimage"},"thumbnailUrl":"https:\/\/mont-roig.cat\/wp-content\/uploads\/Fons-Solidaritat-1.png","datePublished":"2021-02-19T10:59:26+00:00","author":{"@id":"https:\/\/mont-roig.cat\/es\/#\/schema\/person\/f2b111789f22b7d0c3bd6786c9128cba"},"breadcrumb":{"@id":"https:\/\/mont-roig.cat\/es\/actualitat\/noticies\/nostraigua-prorroga-el-acuerdo-de-no-cortar-el-agua-durante-el-estado-de-alarma\/#breadcrumb"},"inLanguage":"es","potentialAction":[{"@type":"ReadAction","target":["https:\/\/mont-roig.cat\/es\/actualitat\/noticies\/nostraigua-prorroga-el-acuerdo-de-no-cortar-el-agua-durante-el-estado-de-alarma\/"]}]},{"@type":"ImageObject","inLanguage":"es","@id":"https:\/\/mont-roig.cat\/es\/actualitat\/noticies\/nostraigua-prorroga-el-acuerdo-de-no-cortar-el-agua-durante-el-estado-de-alarma\/#primaryimage","url":"https:\/\/mont-roig.cat\/wp-content\/uploads\/Fons-Solidaritat-1.png","contentUrl":"https:\/\/mont-roig.cat\/wp-content\/uploads\/Fons-Solidaritat-1.png","width":1200,"height":630},{"@type":"BreadcrumbList","@id":"https:\/\/mont-roig.cat\/es\/actualitat\/noticies\/nostraigua-prorroga-el-acuerdo-de-no-cortar-el-agua-durante-el-estado-de-alarma\/#breadcrumb","itemListElement":[{"@type":"ListItem","position":1,"name":"Inici","item":"https:\/\/mont-roig.cat\/es\/pagina-de-inicio\/"},{"@type":"ListItem","position":2,"name":"Nostraigua prorroga el acuerdo de no cortar el agua durante el estado de alarma"}]},{"@type":"WebSite","@id":"https:\/\/mont-roig.cat\/es\/#website","url":"https:\/\/mont-roig.cat\/es\/","name":"Ajuntament de Mont-roig del Camp","description":"Tota la informaci\u00f3 sobre la instituci\u00f3, els seus \u00f2rgans de govern, actualitat, serveis i molt m\u00e9s.","potentialAction":[{"@type":"SearchAction","target":{"@type":"EntryPoint","urlTemplate":"https:\/\/mont-roig.cat\/es\/?s={search_term_string}"},"query-input":{"@type":"PropertyValueSpecification","valueRequired":true,"valueName":"search_term_string"}}],"inLanguage":"es"},{"@type":"Person","@id":"https:\/\/mont-roig.cat\/es\/#\/schema\/person\/f2b111789f22b7d0c3bd6786c9128cba","name":"administrador","image":{"@type":"ImageObject","inLanguage":"es","@id":"https:\/\/secure.gravatar.com\/avatar\/9137aac6891e2595c9d3036fd83bcb653b4db3c946db4c7d9b9be193c3c944bb?s=96&d=mm&r=g","url":"https:\/\/secure.gravatar.com\/avatar\/9137aac6891e2595c9d3036fd83bcb653b4db3c946db4c7d9b9be193c3c944bb?s=96&d=mm&r=g","contentUrl":"https:\/\/secure.gravatar.com\/avatar\/9137aac6891e2595c9d3036fd83bcb653b4db3c946db4c7d9b9be193c3c944bb?s=96&d=mm&r=g","caption":"administrador"},"url":"https:\/\/mont-roig.cat\/es\/actualitat\/noticies\/author\/administrador\/"}]}},"_links":{"self":[{"href":"https:\/\/mont-roig.cat\/es\/wp-json\/wp\/v2\/posts\/53897","targetHints":{"allow":["GET"]}}],"collection":[{"href":"https:\/\/mont-roig.cat\/es\/wp-json\/wp\/v2\/posts"}],"about":[{"href":"https:\/\/mont-roig.cat\/es\/wp-json\/wp\/v2\/types\/post"}],"author":[{"embeddable":true,"href":"https:\/\/mont-roig.cat\/es\/wp-json\/wp\/v2\/users\/4"}],"replies":[{"embeddable":true,"href":"https:\/\/mont-roig.cat\/es\/wp-json\/wp\/v2\/comments?post=53897"}],"version-history":[{"count":2,"href":"https:\/\/mont-roig.cat\/es\/wp-json\/wp\/v2\/posts\/53897\/revisions"}],"predecessor-version":[{"id":53903,"href":"https:\/\/mont-roig.cat\/es\/wp-json\/wp\/v2\/posts\/53897\/revisions\/53903"}],"wp:featuredmedia":[{"embeddable":true,"href":"https:\/\/mont-roig.cat\/es\/wp-json\/wp\/v2\/media\/53891"}],"wp:attachment":[{"href":"https:\/\/mont-roig.cat\/es\/wp-json\/wp\/v2\/media?parent=53897"}],"wp:term":[{"taxonomy":"category","embeddable":true,"href":"https:\/\/mont-roig.cat\/es\/wp-json\/wp\/v2\/categories?post=53897"},{"taxonomy":"post_tag","embeddable":true,"href":"https:\/\/mont-roig.cat\/es\/wp-json\/wp\/v2\/tags?post=53897"}],"curies":[{"name":"wp","href":"https:\/\/api.w.org\/{rel}","templated":true}]}}