{"id":53928,"date":"2021-02-22T14:52:53","date_gmt":"2021-02-22T13:52:53","guid":{"rendered":"https:\/\/mont-roig.cat\/?p=53928"},"modified":"2021-02-23T11:57:53","modified_gmt":"2021-02-23T10:57:53","slug":"el-pleno-del-ayuntamiento-apoya-la-cuestion-de-confianza-vinculada-a-la-aprobacion-del-presupuesto-del-2021","status":"publish","type":"post","link":"https:\/\/mont-roig.cat\/es\/actualitat\/noticies\/el-pleno-del-ayuntamiento-apoya-la-cuestion-de-confianza-vinculada-a-la-aprobacion-del-presupuesto-del-2021\/","title":{"rendered":"El Pleno del Ayuntamiento apoya la cuesti\u00f3n de confianza vinculada a la aprobaci\u00f3n del presupuesto del 2021"},"content":{"rendered":"<div class=\"wpb-content-wrapper\">[vc_row][vc_column][vc_column_text]\n<div id=\"attachment_53924\" style=\"width: 310px\" class=\"wp-caption alignright\"><a href=\"https:\/\/mont-roig.cat\/wp-content\/uploads\/ple-22.jpg\"><img loading=\"lazy\" decoding=\"async\" aria-describedby=\"caption-attachment-53924\" class=\"wp-image-53924\" src=\"https:\/\/mont-roig.cat\/wp-content\/uploads\/ple-22-500x269.jpg\" alt=\"\" width=\"300\" height=\"161\" srcset=\"https:\/\/mont-roig.cat\/wp-content\/uploads\/ple-22-500x269.jpg 500w, https:\/\/mont-roig.cat\/wp-content\/uploads\/ple-22.jpg 701w\" sizes=\"auto, (max-width: 300px) 100vw, 300px\" \/><\/a><p id=\"caption-attachment-53924\" class=\"wp-caption-text\">La sesi\u00f3n, de car\u00e1cter extraordinario y urgente, se ha celebrado de forma telem\u00e1tica<\/p><\/div>\n<p>El Pleno del Ayuntamiento de Mont-roig del Camp, celebrado este lunes, en sesi\u00f3n extraordinaria y urgente, ha apoyado la cuesti\u00f3n de confianza vinculada a la aprobaci\u00f3n del presupuesto del 2021, lo que ha supuesto aprobar las cuentas de forma autom\u00e1tica. Recordemos que la cuesti\u00f3n de confianza se plante\u00f3 despu\u00e9s de que el presupuesto no pasara el tr\u00e1mite de aprobaci\u00f3n inicial en el Pleno ordinario del mes de febrero.<\/p>\n<p>La cuesti\u00f3n de confianza ha contado con el voto favorable de los concejales del PSC-CP, del concejal de Impulso Montroig Miami y de la concejal de Verds per M\u00e9s, mientras que la concejal de Ciudadanos, el concejal de ARA y los grupos municipales de ERC-MES-AM y Juntos por Montroig-Miami han votado en contra.<\/p>\n<p>En el turno de intervenciones, el concejal de IMM, Vicente P\u00e9rez ha lamentado &#8220;que lo \u00fanico que se quer\u00eda era bloquear el equipo de gobierno y desgastarlo para parar las inversiones, independientemente de que gustaran o no las cuentas propuestos&#8221; . Y ha afirmado que estos presupuestos son una forma de generar inversi\u00f3n, riqueza y puestos de trabajo.<\/p>\n<p>La concejal de Ciudadanos, Ibana Pacheco ha explicado el sentido de voto negativo porque &#8220;el presupuesto deb\u00eda tener un car\u00e1cter especial y ten\u00eda que ser una herramienta para continuar con la reconstrucci\u00f3n de nuestro tejido econ\u00f3mico y social, afectado por la pandemia&#8221; y ha a\u00f1adido que &#8220;no deber\u00edamos endeudar al Ayuntamiento a los niveles que proponen, estamos en un momento de apretarse el cintur\u00f3n&#8221;. Estos han sido, seg\u00fan ha explicado, los motivos por los que Ciudadanos ha votado en contra y no para formar parte de un bloque de la oposici\u00f3n para desestabilizar al gobierno, ha dicho.<\/p>\n<p>Irene Aragon\u00e9s, portavoz del grupo ERC-MES-AM, tambi\u00e9n ha argumentado su voto en contra &#8220;porque el equipo de gobierno no ha mostrado ninguna voluntad de incorporar nuestras propuestas&#8221; y ha a\u00f1adido que &#8220;lo que nos sabe mal es que vinculan la responsabilidad de la aprobaci\u00f3n de estos presupuestos en los hombros de la oposici\u00f3n y eso es totalmente injusto&#8221;. Por otra parte han criticado la incorporaci\u00f3n de la concejala de Verds per M\u00e9s al gobierno municipal acusando el equipo de gobierno de preferir &#8220;romper los principios \u00e9ticos y morales y beneficiarse del transfuguismo&#8221;.<\/p>\n<p>En la misma l\u00ednea Franciso Chamizo, portavoz de Junts per Mont-roig Miami ha lamentado que estos presupuestos pasen por esta cuesti\u00f3n de confianza &#8220;sin haberse movido ni una coma y sin que el equipo de gobierno haya querido aceptar ninguna propuesta&#8221;. Tambi\u00e9n ha a\u00f1adido que &#8220;esta crisis la ha sufrido todo el municipio, no s\u00f3lo los comerciantes de la avenida de Barcelona&#8221; y que &#8220;nunca hemos dicho que estuvi\u00e9ramos en contra, lo \u00fanico que quer\u00edamos era diversificar las inversiones y planificarlas de otra manera &#8220;.<\/p>\n<p>Por su parte, la concejal de Verds per M\u00e9s, Elvira Montagud ha afirmado que &#8220;con la situaci\u00f3n social y econ\u00f3mica en la que estamos no podemos dejar nuestro Ayuntamiento y nuestro municipio paralizado y quedarse estancados&#8221;. Adem\u00e1s, ha a\u00f1adido que no es el momento de desestabilizar el gobierno y que &#8220;lo que buscamos es hacer fuerza y \u200b\u200btrabajar a pesar de las diferencias, buscar la unidad y no la divisi\u00f3n de fuerzas&#8221;. Por otra parte, ante las acusaciones de transfuguismo, ha afirmado que lo \u00fanico que ha hecho es ser fiel a su partido.<\/p>\n<p>Finalmente el portavoz del grupo municipal del PSC-CP, Enrique L\u00f3pez, ha explicado que muchas de las propuestas presentadas por los grupos de la oposici\u00f3n ya est\u00e1n contempladas o se incluir\u00e1n con la incorporaci\u00f3n de remanentes procedentes de la liquidaci\u00f3n del presupuesto de 2020. Por su parte, el alcalde, Fran Morancho ha concluido el turno de intervenciones y ha afirmado que &#8220;pueden poner los matices que quieran, pero votan en contra de los presupuestos, lo hacen hoy y lo hicieron el otro d\u00eda&#8221;.<\/p>\n<p>En el siguiente enlace se puede visualizar la sesi\u00f3n plenaria \u00edntegra.[\/vc_column_text][vc_video link=&#8221;https:\/\/www.youtube.com\/watch?v=z2rQGgm11As&amp;t=1534s&amp;ab_channel=AjuntamentdeMont-roigdelCamp&#8221; el_width=&#8221;60&#8243; align=&#8221;center&#8221;][vc_column_text]M\u00e1s informaci\u00f3n sobre el <a href=\"https:\/\/mont-roig.cat\/es\/actualitat\/noticies\/el-ayuntamiento-aprueba-un-presupuesto-de-30-millones-de-euros-para-2021\/\">Presupuesto Municipal para 2021<\/a>.[\/vc_column_text][\/vc_column][\/vc_row]\n<\/div>","protected":false},"excerpt":{"rendered":"<p>El Pleno del Ayuntamiento de Mont-roig del Camp, celebrado este lunes, en sesi\u00f3n extraordinaria y urgente, ha apoyado la cuesti\u00f3n de confianza vinculada a la aprobaci\u00f3n del presupuesto del 2021, lo que ha supuesto aprobar las cuentas de forma autom\u00e1tica. Recordemos que la cuesti\u00f3n de confianza se plante\u00f3 despu\u00e9s de que el presupuesto no pasara el tr\u00e1mite de aprobaci\u00f3n inicial en el Pleno ordinario del mes de febrero.<\/p>\n","protected":false},"author":4,"featured_media":53924,"comment_status":"closed","ping_status":"closed","sticky":false,"template":"","format":"standard","meta":{"inline_featured_image":false,"_monsterinsights_skip_tracking":false,"_monsterinsights_sitenote_active":false,"_monsterinsights_sitenote_note":"","_monsterinsights_sitenote_category":0,"footnotes":""},"categories":[98],"tags":[],"class_list":["post-53928","post","type-post","status-publish","format-standard","has-post-thumbnail","hentry","category-ayuntamiento"],"yoast_head":"<!-- This site is optimized with the Yoast SEO plugin v27.4 - https:\/\/yoast.com\/product\/yoast-seo-wordpress\/ -->\n<title>El Pleno del Ayuntamiento apoya la cuesti\u00f3n de confianza vinculada a la aprobaci\u00f3n del presupuesto del 2021 - Ajuntament de Mont-roig del Camp<\/title>\n<meta name=\"robots\" content=\"index, follow, max-snippet:-1, max-image-preview:large, max-video-preview:-1\" \/>\n<link rel=\"canonical\" href=\"https:\/\/mont-roig.cat\/es\/actualitat\/noticies\/el-pleno-del-ayuntamiento-apoya-la-cuestion-de-confianza-vinculada-a-la-aprobacion-del-presupuesto-del-2021\/\" \/>\n<meta property=\"og:locale\" content=\"es_ES\" \/>\n<meta property=\"og:type\" content=\"article\" \/>\n<meta property=\"og:title\" content=\"El Pleno del Ayuntamiento apoya la cuesti\u00f3n de confianza vinculada a la aprobaci\u00f3n del presupuesto del 2021 - Ajuntament de Mont-roig del Camp\" \/>\n<meta property=\"og:description\" content=\"El Pleno del Ayuntamiento de Mont-roig del Camp, celebrado este lunes, en sesi\u00f3n extraordinaria y urgente, ha apoyado la cuesti\u00f3n de confianza vinculada a la aprobaci\u00f3n del presupuesto del 2021, lo que ha supuesto aprobar las cuentas de forma autom\u00e1tica. Recordemos que la cuesti\u00f3n de confianza se plante\u00f3 despu\u00e9s de que el presupuesto no pasara el tr\u00e1mite de aprobaci\u00f3n inicial en el Pleno ordinario del mes de febrero.\" \/>\n<meta property=\"og:url\" content=\"https:\/\/mont-roig.cat\/es\/actualitat\/noticies\/el-pleno-del-ayuntamiento-apoya-la-cuestion-de-confianza-vinculada-a-la-aprobacion-del-presupuesto-del-2021\/\" \/>\n<meta property=\"og:site_name\" content=\"Ajuntament de Mont-roig del Camp\" \/>\n<meta property=\"article:published_time\" content=\"2021-02-22T13:52:53+00:00\" \/>\n<meta property=\"article:modified_time\" content=\"2021-02-23T10:57:53+00:00\" \/>\n<meta property=\"og:image\" content=\"https:\/\/mont-roig.cat\/wp-content\/uploads\/ple-22.jpg\" \/>\n\t<meta property=\"og:image:width\" content=\"701\" \/>\n\t<meta property=\"og:image:height\" content=\"377\" \/>\n\t<meta property=\"og:image:type\" content=\"image\/jpeg\" \/>\n<meta name=\"author\" content=\"administrador\" \/>\n<meta name=\"twitter:card\" content=\"summary_large_image\" \/>\n<meta name=\"twitter:label1\" content=\"Escrito por\" \/>\n\t<meta name=\"twitter:data1\" content=\"administrador\" \/>\n\t<meta name=\"twitter:label2\" content=\"Tiempo de lectura\" \/>\n\t<meta name=\"twitter:data2\" content=\"4 minutos\" \/>\n<script type=\"application\/ld+json\" class=\"yoast-schema-graph\">{\"@context\":\"https:\\\/\\\/schema.org\",\"@graph\":[{\"@type\":\"Article\",\"@id\":\"https:\\\/\\\/mont-roig.cat\\\/es\\\/actualitat\\\/noticies\\\/el-pleno-del-ayuntamiento-apoya-la-cuestion-de-confianza-vinculada-a-la-aprobacion-del-presupuesto-del-2021\\\/#article\",\"isPartOf\":{\"@id\":\"https:\\\/\\\/mont-roig.cat\\\/es\\\/actualitat\\\/noticies\\\/el-pleno-del-ayuntamiento-apoya-la-cuestion-de-confianza-vinculada-a-la-aprobacion-del-presupuesto-del-2021\\\/\"},\"author\":{\"name\":\"administrador\",\"@id\":\"https:\\\/\\\/mont-roig.cat\\\/es\\\/#\\\/schema\\\/person\\\/f2b111789f22b7d0c3bd6786c9128cba\"},\"headline\":\"El Pleno del Ayuntamiento apoya la cuesti\u00f3n de confianza vinculada a la aprobaci\u00f3n del presupuesto del 2021\",\"datePublished\":\"2021-02-22T13:52:53+00:00\",\"dateModified\":\"2021-02-23T10:57:53+00:00\",\"mainEntityOfPage\":{\"@id\":\"https:\\\/\\\/mont-roig.cat\\\/es\\\/actualitat\\\/noticies\\\/el-pleno-del-ayuntamiento-apoya-la-cuestion-de-confianza-vinculada-a-la-aprobacion-del-presupuesto-del-2021\\\/\"},\"wordCount\":782,\"image\":{\"@id\":\"https:\\\/\\\/mont-roig.cat\\\/es\\\/actualitat\\\/noticies\\\/el-pleno-del-ayuntamiento-apoya-la-cuestion-de-confianza-vinculada-a-la-aprobacion-del-presupuesto-del-2021\\\/#primaryimage\"},\"thumbnailUrl\":\"https:\\\/\\\/mont-roig.cat\\\/wp-content\\\/uploads\\\/ple-22.jpg\",\"articleSection\":[\"Ayuntamiento\"],\"inLanguage\":\"es\"},{\"@type\":\"WebPage\",\"@id\":\"https:\\\/\\\/mont-roig.cat\\\/es\\\/actualitat\\\/noticies\\\/el-pleno-del-ayuntamiento-apoya-la-cuestion-de-confianza-vinculada-a-la-aprobacion-del-presupuesto-del-2021\\\/\",\"url\":\"https:\\\/\\\/mont-roig.cat\\\/es\\\/actualitat\\\/noticies\\\/el-pleno-del-ayuntamiento-apoya-la-cuestion-de-confianza-vinculada-a-la-aprobacion-del-presupuesto-del-2021\\\/\",\"name\":\"El Pleno del Ayuntamiento apoya la cuesti\u00f3n de confianza vinculada a la aprobaci\u00f3n del presupuesto del 2021 - Ajuntament de Mont-roig del Camp\",\"isPartOf\":{\"@id\":\"https:\\\/\\\/mont-roig.cat\\\/es\\\/#website\"},\"primaryImageOfPage\":{\"@id\":\"https:\\\/\\\/mont-roig.cat\\\/es\\\/actualitat\\\/noticies\\\/el-pleno-del-ayuntamiento-apoya-la-cuestion-de-confianza-vinculada-a-la-aprobacion-del-presupuesto-del-2021\\\/#primaryimage\"},\"image\":{\"@id\":\"https:\\\/\\\/mont-roig.cat\\\/es\\\/actualitat\\\/noticies\\\/el-pleno-del-ayuntamiento-apoya-la-cuestion-de-confianza-vinculada-a-la-aprobacion-del-presupuesto-del-2021\\\/#primaryimage\"},\"thumbnailUrl\":\"https:\\\/\\\/mont-roig.cat\\\/wp-content\\\/uploads\\\/ple-22.jpg\",\"datePublished\":\"2021-02-22T13:52:53+00:00\",\"dateModified\":\"2021-02-23T10:57:53+00:00\",\"author\":{\"@id\":\"https:\\\/\\\/mont-roig.cat\\\/es\\\/#\\\/schema\\\/person\\\/f2b111789f22b7d0c3bd6786c9128cba\"},\"breadcrumb\":{\"@id\":\"https:\\\/\\\/mont-roig.cat\\\/es\\\/actualitat\\\/noticies\\\/el-pleno-del-ayuntamiento-apoya-la-cuestion-de-confianza-vinculada-a-la-aprobacion-del-presupuesto-del-2021\\\/#breadcrumb\"},\"inLanguage\":\"es\",\"potentialAction\":[{\"@type\":\"ReadAction\",\"target\":[\"https:\\\/\\\/mont-roig.cat\\\/es\\\/actualitat\\\/noticies\\\/el-pleno-del-ayuntamiento-apoya-la-cuestion-de-confianza-vinculada-a-la-aprobacion-del-presupuesto-del-2021\\\/\"]}]},{\"@type\":\"ImageObject\",\"inLanguage\":\"es\",\"@id\":\"https:\\\/\\\/mont-roig.cat\\\/es\\\/actualitat\\\/noticies\\\/el-pleno-del-ayuntamiento-apoya-la-cuestion-de-confianza-vinculada-a-la-aprobacion-del-presupuesto-del-2021\\\/#primaryimage\",\"url\":\"https:\\\/\\\/mont-roig.cat\\\/wp-content\\\/uploads\\\/ple-22.jpg\",\"contentUrl\":\"https:\\\/\\\/mont-roig.cat\\\/wp-content\\\/uploads\\\/ple-22.jpg\",\"width\":701,\"height\":377},{\"@type\":\"BreadcrumbList\",\"@id\":\"https:\\\/\\\/mont-roig.cat\\\/es\\\/actualitat\\\/noticies\\\/el-pleno-del-ayuntamiento-apoya-la-cuestion-de-confianza-vinculada-a-la-aprobacion-del-presupuesto-del-2021\\\/#breadcrumb\",\"itemListElement\":[{\"@type\":\"ListItem\",\"position\":1,\"name\":\"Inici\",\"item\":\"https:\\\/\\\/mont-roig.cat\\\/es\\\/pagina-de-inicio\\\/\"},{\"@type\":\"ListItem\",\"position\":2,\"name\":\"El Pleno del Ayuntamiento apoya la cuesti\u00f3n de confianza vinculada a la aprobaci\u00f3n del presupuesto del 2021\"}]},{\"@type\":\"WebSite\",\"@id\":\"https:\\\/\\\/mont-roig.cat\\\/es\\\/#website\",\"url\":\"https:\\\/\\\/mont-roig.cat\\\/es\\\/\",\"name\":\"Ajuntament de Mont-roig del Camp\",\"description\":\"Tota la informaci\u00f3 sobre la instituci\u00f3, els seus \u00f2rgans de govern, actualitat, serveis i molt m\u00e9s.\",\"potentialAction\":[{\"@type\":\"SearchAction\",\"target\":{\"@type\":\"EntryPoint\",\"urlTemplate\":\"https:\\\/\\\/mont-roig.cat\\\/es\\\/?s={search_term_string}\"},\"query-input\":{\"@type\":\"PropertyValueSpecification\",\"valueRequired\":true,\"valueName\":\"search_term_string\"}}],\"inLanguage\":\"es\"},{\"@type\":\"Person\",\"@id\":\"https:\\\/\\\/mont-roig.cat\\\/es\\\/#\\\/schema\\\/person\\\/f2b111789f22b7d0c3bd6786c9128cba\",\"name\":\"administrador\",\"image\":{\"@type\":\"ImageObject\",\"inLanguage\":\"es\",\"@id\":\"https:\\\/\\\/secure.gravatar.com\\\/avatar\\\/9137aac6891e2595c9d3036fd83bcb653b4db3c946db4c7d9b9be193c3c944bb?s=96&d=mm&r=g\",\"url\":\"https:\\\/\\\/secure.gravatar.com\\\/avatar\\\/9137aac6891e2595c9d3036fd83bcb653b4db3c946db4c7d9b9be193c3c944bb?s=96&d=mm&r=g\",\"contentUrl\":\"https:\\\/\\\/secure.gravatar.com\\\/avatar\\\/9137aac6891e2595c9d3036fd83bcb653b4db3c946db4c7d9b9be193c3c944bb?s=96&d=mm&r=g\",\"caption\":\"administrador\"},\"url\":\"https:\\\/\\\/mont-roig.cat\\\/es\\\/actualitat\\\/noticies\\\/author\\\/administrador\\\/\"}]}<\/script>\n<!-- \/ Yoast SEO plugin. -->","yoast_head_json":{"title":"El Pleno del Ayuntamiento apoya la cuesti\u00f3n de confianza vinculada a la aprobaci\u00f3n del presupuesto del 2021 - Ajuntament de Mont-roig del Camp","robots":{"index":"index","follow":"follow","max-snippet":"max-snippet:-1","max-image-preview":"max-image-preview:large","max-video-preview":"max-video-preview:-1"},"canonical":"https:\/\/mont-roig.cat\/es\/actualitat\/noticies\/el-pleno-del-ayuntamiento-apoya-la-cuestion-de-confianza-vinculada-a-la-aprobacion-del-presupuesto-del-2021\/","og_locale":"es_ES","og_type":"article","og_title":"El Pleno del Ayuntamiento apoya la cuesti\u00f3n de confianza vinculada a la aprobaci\u00f3n del presupuesto del 2021 - Ajuntament de Mont-roig del Camp","og_description":"El Pleno del Ayuntamiento de Mont-roig del Camp, celebrado este lunes, en sesi\u00f3n extraordinaria y urgente, ha apoyado la cuesti\u00f3n de confianza vinculada a la aprobaci\u00f3n del presupuesto del 2021, lo que ha supuesto aprobar las cuentas de forma autom\u00e1tica. Recordemos que la cuesti\u00f3n de confianza se plante\u00f3 despu\u00e9s de que el presupuesto no pasara el tr\u00e1mite de aprobaci\u00f3n inicial en el Pleno ordinario del mes de febrero.","og_url":"https:\/\/mont-roig.cat\/es\/actualitat\/noticies\/el-pleno-del-ayuntamiento-apoya-la-cuestion-de-confianza-vinculada-a-la-aprobacion-del-presupuesto-del-2021\/","og_site_name":"Ajuntament de Mont-roig del Camp","article_published_time":"2021-02-22T13:52:53+00:00","article_modified_time":"2021-02-23T10:57:53+00:00","og_image":[{"width":701,"height":377,"url":"https:\/\/mont-roig.cat\/wp-content\/uploads\/ple-22.jpg","type":"image\/jpeg"}],"author":"administrador","twitter_card":"summary_large_image","twitter_misc":{"Escrito por":"administrador","Tiempo de lectura":"4 minutos"},"schema":{"@context":"https:\/\/schema.org","@graph":[{"@type":"Article","@id":"https:\/\/mont-roig.cat\/es\/actualitat\/noticies\/el-pleno-del-ayuntamiento-apoya-la-cuestion-de-confianza-vinculada-a-la-aprobacion-del-presupuesto-del-2021\/#article","isPartOf":{"@id":"https:\/\/mont-roig.cat\/es\/actualitat\/noticies\/el-pleno-del-ayuntamiento-apoya-la-cuestion-de-confianza-vinculada-a-la-aprobacion-del-presupuesto-del-2021\/"},"author":{"name":"administrador","@id":"https:\/\/mont-roig.cat\/es\/#\/schema\/person\/f2b111789f22b7d0c3bd6786c9128cba"},"headline":"El Pleno del Ayuntamiento apoya la cuesti\u00f3n de confianza vinculada a la aprobaci\u00f3n del presupuesto del 2021","datePublished":"2021-02-22T13:52:53+00:00","dateModified":"2021-02-23T10:57:53+00:00","mainEntityOfPage":{"@id":"https:\/\/mont-roig.cat\/es\/actualitat\/noticies\/el-pleno-del-ayuntamiento-apoya-la-cuestion-de-confianza-vinculada-a-la-aprobacion-del-presupuesto-del-2021\/"},"wordCount":782,"image":{"@id":"https:\/\/mont-roig.cat\/es\/actualitat\/noticies\/el-pleno-del-ayuntamiento-apoya-la-cuestion-de-confianza-vinculada-a-la-aprobacion-del-presupuesto-del-2021\/#primaryimage"},"thumbnailUrl":"https:\/\/mont-roig.cat\/wp-content\/uploads\/ple-22.jpg","articleSection":["Ayuntamiento"],"inLanguage":"es"},{"@type":"WebPage","@id":"https:\/\/mont-roig.cat\/es\/actualitat\/noticies\/el-pleno-del-ayuntamiento-apoya-la-cuestion-de-confianza-vinculada-a-la-aprobacion-del-presupuesto-del-2021\/","url":"https:\/\/mont-roig.cat\/es\/actualitat\/noticies\/el-pleno-del-ayuntamiento-apoya-la-cuestion-de-confianza-vinculada-a-la-aprobacion-del-presupuesto-del-2021\/","name":"El Pleno del Ayuntamiento apoya la cuesti\u00f3n de confianza vinculada a la aprobaci\u00f3n del presupuesto del 2021 - Ajuntament de Mont-roig del Camp","isPartOf":{"@id":"https:\/\/mont-roig.cat\/es\/#website"},"primaryImageOfPage":{"@id":"https:\/\/mont-roig.cat\/es\/actualitat\/noticies\/el-pleno-del-ayuntamiento-apoya-la-cuestion-de-confianza-vinculada-a-la-aprobacion-del-presupuesto-del-2021\/#primaryimage"},"image":{"@id":"https:\/\/mont-roig.cat\/es\/actualitat\/noticies\/el-pleno-del-ayuntamiento-apoya-la-cuestion-de-confianza-vinculada-a-la-aprobacion-del-presupuesto-del-2021\/#primaryimage"},"thumbnailUrl":"https:\/\/mont-roig.cat\/wp-content\/uploads\/ple-22.jpg","datePublished":"2021-02-22T13:52:53+00:00","dateModified":"2021-02-23T10:57:53+00:00","author":{"@id":"https:\/\/mont-roig.cat\/es\/#\/schema\/person\/f2b111789f22b7d0c3bd6786c9128cba"},"breadcrumb":{"@id":"https:\/\/mont-roig.cat\/es\/actualitat\/noticies\/el-pleno-del-ayuntamiento-apoya-la-cuestion-de-confianza-vinculada-a-la-aprobacion-del-presupuesto-del-2021\/#breadcrumb"},"inLanguage":"es","potentialAction":[{"@type":"ReadAction","target":["https:\/\/mont-roig.cat\/es\/actualitat\/noticies\/el-pleno-del-ayuntamiento-apoya-la-cuestion-de-confianza-vinculada-a-la-aprobacion-del-presupuesto-del-2021\/"]}]},{"@type":"ImageObject","inLanguage":"es","@id":"https:\/\/mont-roig.cat\/es\/actualitat\/noticies\/el-pleno-del-ayuntamiento-apoya-la-cuestion-de-confianza-vinculada-a-la-aprobacion-del-presupuesto-del-2021\/#primaryimage","url":"https:\/\/mont-roig.cat\/wp-content\/uploads\/ple-22.jpg","contentUrl":"https:\/\/mont-roig.cat\/wp-content\/uploads\/ple-22.jpg","width":701,"height":377},{"@type":"BreadcrumbList","@id":"https:\/\/mont-roig.cat\/es\/actualitat\/noticies\/el-pleno-del-ayuntamiento-apoya-la-cuestion-de-confianza-vinculada-a-la-aprobacion-del-presupuesto-del-2021\/#breadcrumb","itemListElement":[{"@type":"ListItem","position":1,"name":"Inici","item":"https:\/\/mont-roig.cat\/es\/pagina-de-inicio\/"},{"@type":"ListItem","position":2,"name":"El Pleno del Ayuntamiento apoya la cuesti\u00f3n de confianza vinculada a la aprobaci\u00f3n del presupuesto del 2021"}]},{"@type":"WebSite","@id":"https:\/\/mont-roig.cat\/es\/#website","url":"https:\/\/mont-roig.cat\/es\/","name":"Ajuntament de Mont-roig del Camp","description":"Tota la informaci\u00f3 sobre la instituci\u00f3, els seus \u00f2rgans de govern, actualitat, serveis i molt m\u00e9s.","potentialAction":[{"@type":"SearchAction","target":{"@type":"EntryPoint","urlTemplate":"https:\/\/mont-roig.cat\/es\/?s={search_term_string}"},"query-input":{"@type":"PropertyValueSpecification","valueRequired":true,"valueName":"search_term_string"}}],"inLanguage":"es"},{"@type":"Person","@id":"https:\/\/mont-roig.cat\/es\/#\/schema\/person\/f2b111789f22b7d0c3bd6786c9128cba","name":"administrador","image":{"@type":"ImageObject","inLanguage":"es","@id":"https:\/\/secure.gravatar.com\/avatar\/9137aac6891e2595c9d3036fd83bcb653b4db3c946db4c7d9b9be193c3c944bb?s=96&d=mm&r=g","url":"https:\/\/secure.gravatar.com\/avatar\/9137aac6891e2595c9d3036fd83bcb653b4db3c946db4c7d9b9be193c3c944bb?s=96&d=mm&r=g","contentUrl":"https:\/\/secure.gravatar.com\/avatar\/9137aac6891e2595c9d3036fd83bcb653b4db3c946db4c7d9b9be193c3c944bb?s=96&d=mm&r=g","caption":"administrador"},"url":"https:\/\/mont-roig.cat\/es\/actualitat\/noticies\/author\/administrador\/"}]}},"_links":{"self":[{"href":"https:\/\/mont-roig.cat\/es\/wp-json\/wp\/v2\/posts\/53928","targetHints":{"allow":["GET"]}}],"collection":[{"href":"https:\/\/mont-roig.cat\/es\/wp-json\/wp\/v2\/posts"}],"about":[{"href":"https:\/\/mont-roig.cat\/es\/wp-json\/wp\/v2\/types\/post"}],"author":[{"embeddable":true,"href":"https:\/\/mont-roig.cat\/es\/wp-json\/wp\/v2\/users\/4"}],"replies":[{"embeddable":true,"href":"https:\/\/mont-roig.cat\/es\/wp-json\/wp\/v2\/comments?post=53928"}],"version-history":[{"count":5,"href":"https:\/\/mont-roig.cat\/es\/wp-json\/wp\/v2\/posts\/53928\/revisions"}],"predecessor-version":[{"id":53952,"href":"https:\/\/mont-roig.cat\/es\/wp-json\/wp\/v2\/posts\/53928\/revisions\/53952"}],"wp:featuredmedia":[{"embeddable":true,"href":"https:\/\/mont-roig.cat\/es\/wp-json\/wp\/v2\/media\/53924"}],"wp:attachment":[{"href":"https:\/\/mont-roig.cat\/es\/wp-json\/wp\/v2\/media?parent=53928"}],"wp:term":[{"taxonomy":"category","embeddable":true,"href":"https:\/\/mont-roig.cat\/es\/wp-json\/wp\/v2\/categories?post=53928"},{"taxonomy":"post_tag","embeddable":true,"href":"https:\/\/mont-roig.cat\/es\/wp-json\/wp\/v2\/tags?post=53928"}],"curies":[{"name":"wp","href":"https:\/\/api.w.org\/{rel}","templated":true}]}}