{"id":54023,"date":"2021-02-25T14:17:22","date_gmt":"2021-02-25T13:17:22","guid":{"rendered":"https:\/\/mont-roig.cat\/?p=54023"},"modified":"2021-03-03T12:55:56","modified_gmt":"2021-03-03T11:55:56","slug":"el-ayuntamiento-se-suma-a-la-conmemoracion-del-8m-dia-internacional-de-la-mujer-con-un-programa-de-actividades-para-todas-las-edades","status":"publish","type":"post","link":"https:\/\/mont-roig.cat\/es\/actualitat\/noticies\/el-ayuntamiento-se-suma-a-la-conmemoracion-del-8m-dia-internacional-de-la-mujer-con-un-programa-de-actividades-para-todas-las-edades\/","title":{"rendered":"El Ayuntamiento se suma a la conmemoraci\u00f3n del 8M, D\u00eda Internacional de la Mujer con un programa de actividades para todas las edades"},"content":{"rendered":"<ul>\n<li><strong>Del 4 al 25 de marzo se llevar\u00e1n a cabo diversas actividades y talleres, entre ellos la lectura del manifiesto institucional<\/strong><\/li>\n<\/ul>\n<p align=\"JUSTIFY\"><a href=\"https:\/\/mont-roig.cat\/wp-content\/uploads\/Carte-Dia-de-la-Dona.png\"><img loading=\"lazy\" decoding=\"async\" class=\"alignright wp-image-54155\" src=\"https:\/\/mont-roig.cat\/wp-content\/uploads\/Carte-Dia-de-la-Dona-355x500.png\" alt=\"\" width=\"250\" height=\"352\" srcset=\"https:\/\/mont-roig.cat\/wp-content\/uploads\/Carte-Dia-de-la-Dona-355x500.png 355w, https:\/\/mont-roig.cat\/wp-content\/uploads\/Carte-Dia-de-la-Dona-726x1024.png 726w, https:\/\/mont-roig.cat\/wp-content\/uploads\/Carte-Dia-de-la-Dona-768x1083.png 768w, https:\/\/mont-roig.cat\/wp-content\/uploads\/Carte-Dia-de-la-Dona-1090x1536.png 1090w, https:\/\/mont-roig.cat\/wp-content\/uploads\/Carte-Dia-de-la-Dona-1453x2048.png 1453w, https:\/\/mont-roig.cat\/wp-content\/uploads\/Carte-Dia-de-la-Dona.png 1850w\" sizes=\"auto, (max-width: 250px) 100vw, 250px\" \/><\/a>Un a\u00f1o m\u00e1s, el Ayuntamiento de Mont-roig del Camp se suma a la conmemoraci\u00f3n del D\u00eda Internacional de la Mujer, que se celebra el 8 de marzo, con la organizaci\u00f3n de un programa de actividades que quiere llegar a todos los sectores de edad del municipio. Varios departamentos han preparado conferencias, cuentacuentos, talleres y juegos con el objetivo de trabajar por la igualdad de oportunidades entre todas las personas y erradicar actitudes y comportamientos hetero-patriarcales que persisten en la sociedad.<\/p>\n<p align=\"JUSTIFY\">Las actividades comenzar\u00e1n el 4 de marzo en las bibliotecas municipales con una conferencia sobre la mujer en la antig\u00fcedad cl\u00e1sica, que ser\u00e1 impartido por Meritxell Blay Boquera, especialista en lenguas cl\u00e1sicas.<\/p>\n<p align=\"JUSTIFY\">El 10 de marzo a trav\u00e9s del canal de Youtube, Loli Beltr\u00e1n, de la Agenda infantil, ofrecer\u00e1 la historia y el taller &#8220;Volar\u00e9 muy alto&#8221; para promover la igualdad de g\u00e9nero entre los m\u00e1s peque\u00f1os.<\/p>\n<p align=\"JUSTIFY\">Pensando con los m\u00e1s peque\u00f1os se ha programado la actividad Mon\u00f3logos en el aula, que tendr\u00e1 lugar en los dos institutos del municipio los d\u00edas 17 y 25 de marzo y donde la Compa\u00f1\u00eda Nus Teatre realizar\u00e1 intervenciones teatrales en las aulas de los alumnos de 4\u00ba de ESO para trabajar en temas como el acoso sexual, la homofobia o la bifobia. Tambi\u00e9n dirigido a j\u00f3venes del municipio, la Concejal\u00eda de Juventud, ha preparado actividades en las redes sociales, con un Quiz Questions con la posibilidad de ganar productos de la campa\u00f1a #Malamente y un v\u00eddeo de agentes de salud sobre el 8M.<\/p>\n<p align=\"JUSTIFY\">Por \u00faltimo, se han programado dos actividades dirigidas especialmente a mujeres con el objetivo de darles herramientas para conocer partes del cuerpo femenino como la zona del suelo p\u00e9lvico o el aparato urginecol\u00f3gico. El primero es un taller para conocer el sulo p\u00e9lvico que tendr\u00e1 lugar los d\u00edas 9 y 16 de marzo a trav\u00e9s de la plataforma Zoom. La segunda actividad es la de Salud de la Mujer m\u00e1s all\u00e1 de la menopausia, dirigida a mujeres mayores de 50 a\u00f1os donde se abordar\u00e1n cuestiones de salud integral de las mujeres en la madurez. Ambas propuestas ser\u00e1n entregadas por el fisioterapeuta de suelo p\u00e9lvico Itxaso Galdos Barreras. Para participar es necesario registrarse con antelaci\u00f3n en el correo electr\u00f3nico cultura@mont-roig.cat.<\/p>\n<p align=\"JUSTIFY\"><strong>La lectura del manifiesto del 8M dedicado a la reivindicaci\u00f3n de una corresponsabilidad efectiva<\/strong><\/p>\n<p align=\"JUSTIFY\">Por otro lado, la lectura del manifiesto del 8M se proyectar\u00e1 a trav\u00e9s del canal de Youtube del Ayuntamiento el 8 de marzo a las 12.00 horas. En esta ocasi\u00f3n, el manifiesto del D\u00eda Internacional de la Mujer reivindicar\u00e1 que las mujeres siguen siendo las que se ocupan principalmente o exclusivamente de las tareas dom\u00e9sticas.<\/p>\n","protected":false},"excerpt":{"rendered":"<p>Del 4 al 25 de marzo se llevar\u00e1n a cabo diversas actividades y talleres, entre ellos la lectura del manifiesto institucional Un a\u00f1o m\u00e1s, el Ayuntamiento de Mont-roig del Camp se suma a la conmemoraci\u00f3n del D\u00eda Internacional de la Mujer, que se celebra el 8 de marzo, con la organizaci\u00f3n de un programa de [&hellip;]<\/p>\n","protected":false},"author":4,"featured_media":54020,"comment_status":"closed","ping_status":"closed","sticky":false,"template":"","format":"standard","meta":{"inline_featured_image":false,"_monsterinsights_skip_tracking":false,"_monsterinsights_sitenote_active":false,"_monsterinsights_sitenote_note":"","_monsterinsights_sitenote_category":0,"footnotes":""},"categories":[98,101,174],"tags":[],"class_list":["post-54023","post","type-post","status-publish","format-standard","has-post-thumbnail","hentry","category-ayuntamiento","category-cultura-es","category-politiques-digualtat-i-de-les-dones-es"],"yoast_head":"<!-- This site is optimized with the Yoast SEO plugin v27.4 - https:\/\/yoast.com\/product\/yoast-seo-wordpress\/ -->\n<title>El Ayuntamiento se suma a la conmemoraci\u00f3n del 8M, D\u00eda Internacional de la Mujer con un programa de actividades para todas las edades - Ajuntament de Mont-roig del Camp<\/title>\n<meta name=\"robots\" content=\"index, follow, max-snippet:-1, max-image-preview:large, max-video-preview:-1\" \/>\n<link rel=\"canonical\" href=\"https:\/\/mont-roig.cat\/es\/actualitat\/noticies\/el-ayuntamiento-se-suma-a-la-conmemoracion-del-8m-dia-internacional-de-la-mujer-con-un-programa-de-actividades-para-todas-las-edades\/\" \/>\n<meta property=\"og:locale\" content=\"es_ES\" \/>\n<meta property=\"og:type\" content=\"article\" \/>\n<meta property=\"og:title\" content=\"El Ayuntamiento se suma a la conmemoraci\u00f3n del 8M, D\u00eda Internacional de la Mujer con un programa de actividades para todas las edades - Ajuntament de Mont-roig del Camp\" \/>\n<meta property=\"og:description\" content=\"Del 4 al 25 de marzo se llevar\u00e1n a cabo diversas actividades y talleres, entre ellos la lectura del manifiesto institucional Un a\u00f1o m\u00e1s, el Ayuntamiento de Mont-roig del Camp se suma a la conmemoraci\u00f3n del D\u00eda Internacional de la Mujer, que se celebra el 8 de marzo, con la organizaci\u00f3n de un programa de [&hellip;]\" \/>\n<meta property=\"og:url\" content=\"https:\/\/mont-roig.cat\/es\/actualitat\/noticies\/el-ayuntamiento-se-suma-a-la-conmemoracion-del-8m-dia-internacional-de-la-mujer-con-un-programa-de-actividades-para-todas-las-edades\/\" \/>\n<meta property=\"og:site_name\" content=\"Ajuntament de Mont-roig del Camp\" \/>\n<meta property=\"article:published_time\" content=\"2021-02-25T13:17:22+00:00\" \/>\n<meta property=\"article:modified_time\" content=\"2021-03-03T11:55:56+00:00\" \/>\n<meta property=\"og:image\" content=\"https:\/\/mont-roig.cat\/wp-content\/uploads\/CARTELL_8M.png\" \/>\n\t<meta property=\"og:image:width\" content=\"2706\" \/>\n\t<meta property=\"og:image:height\" content=\"3650\" \/>\n\t<meta property=\"og:image:type\" content=\"image\/png\" \/>\n<meta name=\"author\" content=\"administrador\" \/>\n<meta name=\"twitter:card\" content=\"summary_large_image\" \/>\n<meta name=\"twitter:label1\" content=\"Escrito por\" \/>\n\t<meta name=\"twitter:data1\" content=\"administrador\" \/>\n\t<meta name=\"twitter:label2\" content=\"Tiempo de lectura\" \/>\n\t<meta name=\"twitter:data2\" content=\"3 minutos\" \/>\n<script type=\"application\/ld+json\" class=\"yoast-schema-graph\">{\"@context\":\"https:\\\/\\\/schema.org\",\"@graph\":[{\"@type\":\"Article\",\"@id\":\"https:\\\/\\\/mont-roig.cat\\\/es\\\/actualitat\\\/noticies\\\/el-ayuntamiento-se-suma-a-la-conmemoracion-del-8m-dia-internacional-de-la-mujer-con-un-programa-de-actividades-para-todas-las-edades\\\/#article\",\"isPartOf\":{\"@id\":\"https:\\\/\\\/mont-roig.cat\\\/es\\\/actualitat\\\/noticies\\\/el-ayuntamiento-se-suma-a-la-conmemoracion-del-8m-dia-internacional-de-la-mujer-con-un-programa-de-actividades-para-todas-las-edades\\\/\"},\"author\":{\"name\":\"administrador\",\"@id\":\"https:\\\/\\\/mont-roig.cat\\\/es\\\/#\\\/schema\\\/person\\\/f2b111789f22b7d0c3bd6786c9128cba\"},\"headline\":\"El Ayuntamiento se suma a la conmemoraci\u00f3n del 8M, D\u00eda Internacional de la Mujer con un programa de actividades para todas las edades\",\"datePublished\":\"2021-02-25T13:17:22+00:00\",\"dateModified\":\"2021-03-03T11:55:56+00:00\",\"mainEntityOfPage\":{\"@id\":\"https:\\\/\\\/mont-roig.cat\\\/es\\\/actualitat\\\/noticies\\\/el-ayuntamiento-se-suma-a-la-conmemoracion-del-8m-dia-internacional-de-la-mujer-con-un-programa-de-actividades-para-todas-las-edades\\\/\"},\"wordCount\":515,\"image\":{\"@id\":\"https:\\\/\\\/mont-roig.cat\\\/es\\\/actualitat\\\/noticies\\\/el-ayuntamiento-se-suma-a-la-conmemoracion-del-8m-dia-internacional-de-la-mujer-con-un-programa-de-actividades-para-todas-las-edades\\\/#primaryimage\"},\"thumbnailUrl\":\"https:\\\/\\\/mont-roig.cat\\\/wp-content\\\/uploads\\\/CARTELL_8M.png\",\"articleSection\":[\"Ayuntamiento\",\"Cultura\",\"Pol\u00edtiques d&#8217;Igualtat i de les Dones\"],\"inLanguage\":\"es\"},{\"@type\":\"WebPage\",\"@id\":\"https:\\\/\\\/mont-roig.cat\\\/es\\\/actualitat\\\/noticies\\\/el-ayuntamiento-se-suma-a-la-conmemoracion-del-8m-dia-internacional-de-la-mujer-con-un-programa-de-actividades-para-todas-las-edades\\\/\",\"url\":\"https:\\\/\\\/mont-roig.cat\\\/es\\\/actualitat\\\/noticies\\\/el-ayuntamiento-se-suma-a-la-conmemoracion-del-8m-dia-internacional-de-la-mujer-con-un-programa-de-actividades-para-todas-las-edades\\\/\",\"name\":\"El Ayuntamiento se suma a la conmemoraci\u00f3n del 8M, D\u00eda Internacional de la Mujer con un programa de actividades para todas las edades - Ajuntament de Mont-roig del Camp\",\"isPartOf\":{\"@id\":\"https:\\\/\\\/mont-roig.cat\\\/es\\\/#website\"},\"primaryImageOfPage\":{\"@id\":\"https:\\\/\\\/mont-roig.cat\\\/es\\\/actualitat\\\/noticies\\\/el-ayuntamiento-se-suma-a-la-conmemoracion-del-8m-dia-internacional-de-la-mujer-con-un-programa-de-actividades-para-todas-las-edades\\\/#primaryimage\"},\"image\":{\"@id\":\"https:\\\/\\\/mont-roig.cat\\\/es\\\/actualitat\\\/noticies\\\/el-ayuntamiento-se-suma-a-la-conmemoracion-del-8m-dia-internacional-de-la-mujer-con-un-programa-de-actividades-para-todas-las-edades\\\/#primaryimage\"},\"thumbnailUrl\":\"https:\\\/\\\/mont-roig.cat\\\/wp-content\\\/uploads\\\/CARTELL_8M.png\",\"datePublished\":\"2021-02-25T13:17:22+00:00\",\"dateModified\":\"2021-03-03T11:55:56+00:00\",\"author\":{\"@id\":\"https:\\\/\\\/mont-roig.cat\\\/es\\\/#\\\/schema\\\/person\\\/f2b111789f22b7d0c3bd6786c9128cba\"},\"breadcrumb\":{\"@id\":\"https:\\\/\\\/mont-roig.cat\\\/es\\\/actualitat\\\/noticies\\\/el-ayuntamiento-se-suma-a-la-conmemoracion-del-8m-dia-internacional-de-la-mujer-con-un-programa-de-actividades-para-todas-las-edades\\\/#breadcrumb\"},\"inLanguage\":\"es\",\"potentialAction\":[{\"@type\":\"ReadAction\",\"target\":[\"https:\\\/\\\/mont-roig.cat\\\/es\\\/actualitat\\\/noticies\\\/el-ayuntamiento-se-suma-a-la-conmemoracion-del-8m-dia-internacional-de-la-mujer-con-un-programa-de-actividades-para-todas-las-edades\\\/\"]}]},{\"@type\":\"ImageObject\",\"inLanguage\":\"es\",\"@id\":\"https:\\\/\\\/mont-roig.cat\\\/es\\\/actualitat\\\/noticies\\\/el-ayuntamiento-se-suma-a-la-conmemoracion-del-8m-dia-internacional-de-la-mujer-con-un-programa-de-actividades-para-todas-las-edades\\\/#primaryimage\",\"url\":\"https:\\\/\\\/mont-roig.cat\\\/wp-content\\\/uploads\\\/CARTELL_8M.png\",\"contentUrl\":\"https:\\\/\\\/mont-roig.cat\\\/wp-content\\\/uploads\\\/CARTELL_8M.png\",\"width\":2706,\"height\":3650},{\"@type\":\"BreadcrumbList\",\"@id\":\"https:\\\/\\\/mont-roig.cat\\\/es\\\/actualitat\\\/noticies\\\/el-ayuntamiento-se-suma-a-la-conmemoracion-del-8m-dia-internacional-de-la-mujer-con-un-programa-de-actividades-para-todas-las-edades\\\/#breadcrumb\",\"itemListElement\":[{\"@type\":\"ListItem\",\"position\":1,\"name\":\"Inici\",\"item\":\"https:\\\/\\\/mont-roig.cat\\\/es\\\/pagina-de-inicio\\\/\"},{\"@type\":\"ListItem\",\"position\":2,\"name\":\"El Ayuntamiento se suma a la conmemoraci\u00f3n del 8M, D\u00eda Internacional de la Mujer con un programa de actividades para todas las edades\"}]},{\"@type\":\"WebSite\",\"@id\":\"https:\\\/\\\/mont-roig.cat\\\/es\\\/#website\",\"url\":\"https:\\\/\\\/mont-roig.cat\\\/es\\\/\",\"name\":\"Ajuntament de Mont-roig del Camp\",\"description\":\"Tota la informaci\u00f3 sobre la instituci\u00f3, els seus \u00f2rgans de govern, actualitat, serveis i molt m\u00e9s.\",\"potentialAction\":[{\"@type\":\"SearchAction\",\"target\":{\"@type\":\"EntryPoint\",\"urlTemplate\":\"https:\\\/\\\/mont-roig.cat\\\/es\\\/?s={search_term_string}\"},\"query-input\":{\"@type\":\"PropertyValueSpecification\",\"valueRequired\":true,\"valueName\":\"search_term_string\"}}],\"inLanguage\":\"es\"},{\"@type\":\"Person\",\"@id\":\"https:\\\/\\\/mont-roig.cat\\\/es\\\/#\\\/schema\\\/person\\\/f2b111789f22b7d0c3bd6786c9128cba\",\"name\":\"administrador\",\"image\":{\"@type\":\"ImageObject\",\"inLanguage\":\"es\",\"@id\":\"https:\\\/\\\/secure.gravatar.com\\\/avatar\\\/9137aac6891e2595c9d3036fd83bcb653b4db3c946db4c7d9b9be193c3c944bb?s=96&d=mm&r=g\",\"url\":\"https:\\\/\\\/secure.gravatar.com\\\/avatar\\\/9137aac6891e2595c9d3036fd83bcb653b4db3c946db4c7d9b9be193c3c944bb?s=96&d=mm&r=g\",\"contentUrl\":\"https:\\\/\\\/secure.gravatar.com\\\/avatar\\\/9137aac6891e2595c9d3036fd83bcb653b4db3c946db4c7d9b9be193c3c944bb?s=96&d=mm&r=g\",\"caption\":\"administrador\"},\"url\":\"https:\\\/\\\/mont-roig.cat\\\/es\\\/actualitat\\\/noticies\\\/author\\\/administrador\\\/\"}]}<\/script>\n<!-- \/ Yoast SEO plugin. -->","yoast_head_json":{"title":"El Ayuntamiento se suma a la conmemoraci\u00f3n del 8M, D\u00eda Internacional de la Mujer con un programa de actividades para todas las edades - Ajuntament de Mont-roig del Camp","robots":{"index":"index","follow":"follow","max-snippet":"max-snippet:-1","max-image-preview":"max-image-preview:large","max-video-preview":"max-video-preview:-1"},"canonical":"https:\/\/mont-roig.cat\/es\/actualitat\/noticies\/el-ayuntamiento-se-suma-a-la-conmemoracion-del-8m-dia-internacional-de-la-mujer-con-un-programa-de-actividades-para-todas-las-edades\/","og_locale":"es_ES","og_type":"article","og_title":"El Ayuntamiento se suma a la conmemoraci\u00f3n del 8M, D\u00eda Internacional de la Mujer con un programa de actividades para todas las edades - Ajuntament de Mont-roig del Camp","og_description":"Del 4 al 25 de marzo se llevar\u00e1n a cabo diversas actividades y talleres, entre ellos la lectura del manifiesto institucional Un a\u00f1o m\u00e1s, el Ayuntamiento de Mont-roig del Camp se suma a la conmemoraci\u00f3n del D\u00eda Internacional de la Mujer, que se celebra el 8 de marzo, con la organizaci\u00f3n de un programa de [&hellip;]","og_url":"https:\/\/mont-roig.cat\/es\/actualitat\/noticies\/el-ayuntamiento-se-suma-a-la-conmemoracion-del-8m-dia-internacional-de-la-mujer-con-un-programa-de-actividades-para-todas-las-edades\/","og_site_name":"Ajuntament de Mont-roig del Camp","article_published_time":"2021-02-25T13:17:22+00:00","article_modified_time":"2021-03-03T11:55:56+00:00","og_image":[{"width":2706,"height":3650,"url":"https:\/\/mont-roig.cat\/wp-content\/uploads\/CARTELL_8M.png","type":"image\/png"}],"author":"administrador","twitter_card":"summary_large_image","twitter_misc":{"Escrito por":"administrador","Tiempo de lectura":"3 minutos"},"schema":{"@context":"https:\/\/schema.org","@graph":[{"@type":"Article","@id":"https:\/\/mont-roig.cat\/es\/actualitat\/noticies\/el-ayuntamiento-se-suma-a-la-conmemoracion-del-8m-dia-internacional-de-la-mujer-con-un-programa-de-actividades-para-todas-las-edades\/#article","isPartOf":{"@id":"https:\/\/mont-roig.cat\/es\/actualitat\/noticies\/el-ayuntamiento-se-suma-a-la-conmemoracion-del-8m-dia-internacional-de-la-mujer-con-un-programa-de-actividades-para-todas-las-edades\/"},"author":{"name":"administrador","@id":"https:\/\/mont-roig.cat\/es\/#\/schema\/person\/f2b111789f22b7d0c3bd6786c9128cba"},"headline":"El Ayuntamiento se suma a la conmemoraci\u00f3n del 8M, D\u00eda Internacional de la Mujer con un programa de actividades para todas las edades","datePublished":"2021-02-25T13:17:22+00:00","dateModified":"2021-03-03T11:55:56+00:00","mainEntityOfPage":{"@id":"https:\/\/mont-roig.cat\/es\/actualitat\/noticies\/el-ayuntamiento-se-suma-a-la-conmemoracion-del-8m-dia-internacional-de-la-mujer-con-un-programa-de-actividades-para-todas-las-edades\/"},"wordCount":515,"image":{"@id":"https:\/\/mont-roig.cat\/es\/actualitat\/noticies\/el-ayuntamiento-se-suma-a-la-conmemoracion-del-8m-dia-internacional-de-la-mujer-con-un-programa-de-actividades-para-todas-las-edades\/#primaryimage"},"thumbnailUrl":"https:\/\/mont-roig.cat\/wp-content\/uploads\/CARTELL_8M.png","articleSection":["Ayuntamiento","Cultura","Pol\u00edtiques d&#8217;Igualtat i de les Dones"],"inLanguage":"es"},{"@type":"WebPage","@id":"https:\/\/mont-roig.cat\/es\/actualitat\/noticies\/el-ayuntamiento-se-suma-a-la-conmemoracion-del-8m-dia-internacional-de-la-mujer-con-un-programa-de-actividades-para-todas-las-edades\/","url":"https:\/\/mont-roig.cat\/es\/actualitat\/noticies\/el-ayuntamiento-se-suma-a-la-conmemoracion-del-8m-dia-internacional-de-la-mujer-con-un-programa-de-actividades-para-todas-las-edades\/","name":"El Ayuntamiento se suma a la conmemoraci\u00f3n del 8M, D\u00eda Internacional de la Mujer con un programa de actividades para todas las edades - Ajuntament de Mont-roig del Camp","isPartOf":{"@id":"https:\/\/mont-roig.cat\/es\/#website"},"primaryImageOfPage":{"@id":"https:\/\/mont-roig.cat\/es\/actualitat\/noticies\/el-ayuntamiento-se-suma-a-la-conmemoracion-del-8m-dia-internacional-de-la-mujer-con-un-programa-de-actividades-para-todas-las-edades\/#primaryimage"},"image":{"@id":"https:\/\/mont-roig.cat\/es\/actualitat\/noticies\/el-ayuntamiento-se-suma-a-la-conmemoracion-del-8m-dia-internacional-de-la-mujer-con-un-programa-de-actividades-para-todas-las-edades\/#primaryimage"},"thumbnailUrl":"https:\/\/mont-roig.cat\/wp-content\/uploads\/CARTELL_8M.png","datePublished":"2021-02-25T13:17:22+00:00","dateModified":"2021-03-03T11:55:56+00:00","author":{"@id":"https:\/\/mont-roig.cat\/es\/#\/schema\/person\/f2b111789f22b7d0c3bd6786c9128cba"},"breadcrumb":{"@id":"https:\/\/mont-roig.cat\/es\/actualitat\/noticies\/el-ayuntamiento-se-suma-a-la-conmemoracion-del-8m-dia-internacional-de-la-mujer-con-un-programa-de-actividades-para-todas-las-edades\/#breadcrumb"},"inLanguage":"es","potentialAction":[{"@type":"ReadAction","target":["https:\/\/mont-roig.cat\/es\/actualitat\/noticies\/el-ayuntamiento-se-suma-a-la-conmemoracion-del-8m-dia-internacional-de-la-mujer-con-un-programa-de-actividades-para-todas-las-edades\/"]}]},{"@type":"ImageObject","inLanguage":"es","@id":"https:\/\/mont-roig.cat\/es\/actualitat\/noticies\/el-ayuntamiento-se-suma-a-la-conmemoracion-del-8m-dia-internacional-de-la-mujer-con-un-programa-de-actividades-para-todas-las-edades\/#primaryimage","url":"https:\/\/mont-roig.cat\/wp-content\/uploads\/CARTELL_8M.png","contentUrl":"https:\/\/mont-roig.cat\/wp-content\/uploads\/CARTELL_8M.png","width":2706,"height":3650},{"@type":"BreadcrumbList","@id":"https:\/\/mont-roig.cat\/es\/actualitat\/noticies\/el-ayuntamiento-se-suma-a-la-conmemoracion-del-8m-dia-internacional-de-la-mujer-con-un-programa-de-actividades-para-todas-las-edades\/#breadcrumb","itemListElement":[{"@type":"ListItem","position":1,"name":"Inici","item":"https:\/\/mont-roig.cat\/es\/pagina-de-inicio\/"},{"@type":"ListItem","position":2,"name":"El Ayuntamiento se suma a la conmemoraci\u00f3n del 8M, D\u00eda Internacional de la Mujer con un programa de actividades para todas las edades"}]},{"@type":"WebSite","@id":"https:\/\/mont-roig.cat\/es\/#website","url":"https:\/\/mont-roig.cat\/es\/","name":"Ajuntament de Mont-roig del Camp","description":"Tota la informaci\u00f3 sobre la instituci\u00f3, els seus \u00f2rgans de govern, actualitat, serveis i molt m\u00e9s.","potentialAction":[{"@type":"SearchAction","target":{"@type":"EntryPoint","urlTemplate":"https:\/\/mont-roig.cat\/es\/?s={search_term_string}"},"query-input":{"@type":"PropertyValueSpecification","valueRequired":true,"valueName":"search_term_string"}}],"inLanguage":"es"},{"@type":"Person","@id":"https:\/\/mont-roig.cat\/es\/#\/schema\/person\/f2b111789f22b7d0c3bd6786c9128cba","name":"administrador","image":{"@type":"ImageObject","inLanguage":"es","@id":"https:\/\/secure.gravatar.com\/avatar\/9137aac6891e2595c9d3036fd83bcb653b4db3c946db4c7d9b9be193c3c944bb?s=96&d=mm&r=g","url":"https:\/\/secure.gravatar.com\/avatar\/9137aac6891e2595c9d3036fd83bcb653b4db3c946db4c7d9b9be193c3c944bb?s=96&d=mm&r=g","contentUrl":"https:\/\/secure.gravatar.com\/avatar\/9137aac6891e2595c9d3036fd83bcb653b4db3c946db4c7d9b9be193c3c944bb?s=96&d=mm&r=g","caption":"administrador"},"url":"https:\/\/mont-roig.cat\/es\/actualitat\/noticies\/author\/administrador\/"}]}},"_links":{"self":[{"href":"https:\/\/mont-roig.cat\/es\/wp-json\/wp\/v2\/posts\/54023","targetHints":{"allow":["GET"]}}],"collection":[{"href":"https:\/\/mont-roig.cat\/es\/wp-json\/wp\/v2\/posts"}],"about":[{"href":"https:\/\/mont-roig.cat\/es\/wp-json\/wp\/v2\/types\/post"}],"author":[{"embeddable":true,"href":"https:\/\/mont-roig.cat\/es\/wp-json\/wp\/v2\/users\/4"}],"replies":[{"embeddable":true,"href":"https:\/\/mont-roig.cat\/es\/wp-json\/wp\/v2\/comments?post=54023"}],"version-history":[{"count":3,"href":"https:\/\/mont-roig.cat\/es\/wp-json\/wp\/v2\/posts\/54023\/revisions"}],"predecessor-version":[{"id":54157,"href":"https:\/\/mont-roig.cat\/es\/wp-json\/wp\/v2\/posts\/54023\/revisions\/54157"}],"wp:featuredmedia":[{"embeddable":true,"href":"https:\/\/mont-roig.cat\/es\/wp-json\/wp\/v2\/media\/54020"}],"wp:attachment":[{"href":"https:\/\/mont-roig.cat\/es\/wp-json\/wp\/v2\/media?parent=54023"}],"wp:term":[{"taxonomy":"category","embeddable":true,"href":"https:\/\/mont-roig.cat\/es\/wp-json\/wp\/v2\/categories?post=54023"},{"taxonomy":"post_tag","embeddable":true,"href":"https:\/\/mont-roig.cat\/es\/wp-json\/wp\/v2\/tags?post=54023"}],"curies":[{"name":"wp","href":"https:\/\/api.w.org\/{rel}","templated":true}]}}