{"id":54044,"date":"2021-02-26T13:10:25","date_gmt":"2021-02-26T12:10:25","guid":{"rendered":"https:\/\/mont-roig.cat\/?p=54044"},"modified":"2021-03-01T12:55:33","modified_gmt":"2021-03-01T11:55:33","slug":"preincripcions-escolares-curso-2021-2022","status":"publish","type":"post","link":"https:\/\/mont-roig.cat\/es\/actualitat\/noticies\/preincripcions-escolares-curso-2021-2022\/","title":{"rendered":"Preinscripciones escolares curso 2021-2022"},"content":{"rendered":"<ul>\n<li><strong>Las tres escuelas p\u00fablicas, y los dos centros de secundaria y postobligatorio del municipio ofrecer\u00e1n a partir de la pr\u00f3xima semana jornadas de puertas abiertas<\/strong><\/li>\n<\/ul>\n<p><a href=\"https:\/\/mont-roig.cat\/wp-content\/uploads\/Preinscripcio.jpeg\"><img loading=\"lazy\" decoding=\"async\" class=\"alignright wp-image-54065\" src=\"https:\/\/mont-roig.cat\/wp-content\/uploads\/Preinscripcio-352x500.jpeg\" alt=\"\" width=\"250\" height=\"355\" srcset=\"https:\/\/mont-roig.cat\/wp-content\/uploads\/Preinscripcio-352x500.jpeg 352w, https:\/\/mont-roig.cat\/wp-content\/uploads\/Preinscripcio-722x1024.jpeg 722w, https:\/\/mont-roig.cat\/wp-content\/uploads\/Preinscripcio-768x1090.jpeg 768w, https:\/\/mont-roig.cat\/wp-content\/uploads\/Preinscripcio.jpeg 874w\" sizes=\"auto, (max-width: 250px) 100vw, 250px\" \/><\/a>En las pr\u00f3ximas semanas se abren las preinscripciones a los diversos centros educativos del municipio para el curso 2021-2022. Las primeras en iniciarse son las del segundo ciclo de educaci\u00f3n infantil y educaci\u00f3n primaria que se realizar\u00e1n del 15 al 24 de marzo. Seguidamente se abrir\u00e1 el periodo de preinscripci\u00f3n en la Educaci\u00f3n Secundaria Obligatoria (ESO) que se realizar\u00e1n del 17 al 24 de marzo.<\/p>\n<p>En el municipio, las escuelas Mare de D\u00e9u de la Roca, Joan Mir\u00f3 y Marcel\u00b7l\u00ed Esquius ofrecen el segundo ciclo de educaci\u00f3n infantil y educaci\u00f3n primaria, mientras que el Instituto Antoni Ballester y el Instituto Miami ofrecen la Educaci\u00f3n Secundaria Obligatoria. Con la preinscripci\u00f3n, que hay que hacerla antes de la matr\u00edcula, se solicita la admisi\u00f3n en uno de estos centros.<\/p>\n<p>Por otra parte, del 11 al 17 de mayo se podr\u00e1n hacer las preinscripciones para Bachillerato y para el Ciclo Formativo de Grado Medio de sistemas microinform\u00e1ticos y redes en modalidad dual, que se ofrecen en el Instituto Antoni Ballester.<\/p>\n<p>En cuanto a las guarder\u00edas municipales, Mare de D\u00e9u de la Roca y Petete, que ofrecen el primer ciclo de educaci\u00f3n infantil, acogiendo ni\u00f1os y ni\u00f1as desde las 16 semanas hasta los 3 a\u00f1os, el periodo de preinscripci\u00f3n provisional ser\u00e1 del 10 al 21 de mayo a la espera de que se publique de manera oficial en el Diario Oficial de la Generalitat de Catalu\u00f1a (DOGC).<\/p>\n<p><strong>Jornadas de puertas abiertas<\/strong><\/p>\n<p>Las escuelas municipales ofrecer\u00e1n las puertas abiertas a lo largo de la pr\u00f3xima semana:<\/p>\n<ul>\n<li>La escuela <strong>Mare de D\u00e9u de la Roca<\/strong> ser\u00e1 el s\u00e1bado 6 de marzo a las 10 h. Hay que concertar cita previa llamando al 977 837 283.<\/li>\n<li>La escuela <strong>Joan Mir\u00f3<\/strong> se llevar\u00e1n a cabo los d\u00edas 2, 4, 8 y 10 de marzo a las 17 h. Hay que reservar cita previa a <a href=\"https:\/\/agora.xtec.cat\/ie-joanmiro\/\">https:\/\/agora.xtec.cat\/ie-joanmiro\/<\/a><\/li>\n<li>La escuela <strong>Marcel\u00b7l\u00ed Esquius<\/strong> ser\u00e1 el 1 o el 3 de marzo a las 17.30 h. Hay que reservar rellenando el formulario a <a href=\"http:\/\/www.marceliesquius.com\">marceliesquius.com<\/a><\/li>\n<\/ul>\n<p>En los institutos ofrecer\u00e1n puertas abiertas virtuales, y reuniones virtuales los siguientes d\u00edas:<\/p>\n<ul>\n<li>El instituto <strong>Antoni Ballester<\/strong> llevar\u00e1 a cabo las puertas abiertas de la ESO del 8 al 12 de marzo; y la reuni\u00f3n virtual el d\u00eda 10 de marzo a las 18.30 h. Hay que concertar cita previa en ambos casos a <a href=\"http:\/\/www.iaballester.cat\">www.iaballester.cat<\/a>\n<ul>\n<li>El mismo centro llevar\u00e1 a cabo las puertas abiertas del Bachillerato y del Ciclo Formativo de Grado Medio del 3 al 7 de mayo; y la reuni\u00f3n virtual el d\u00eda 5 de mayo a las 18.30 h. Hay que concertar cita previa en ambos casos a <a href=\"http:\/\/www.iaballester.cat\">www.iaballester.cat<\/a><\/li>\n<\/ul>\n<\/li>\n<li>El instituto <strong>Miami<\/strong> realizar\u00e1 las puertas abiertas a partir del 8 de marzo; y la reuni\u00f3n telem\u00e1tica con la direcci\u00f3n el d\u00eda 10 de marzo a las 17.30 h. Hay que concertar cita previa en ambos casos a <a href=\"http:\/\/www.institutmiami.cat\">institutmiami.cat<\/a><\/li>\n<\/ul>\n<p><strong>Consulta los d\u00edpticos informativos<\/strong>:<\/p>\n<p><a href=\"https:\/\/mont-roig.cat\/wp-content\/uploads\/Diptic-ESCOLES-2021-2022.pdf\" target=\"_blank\" rel=\"noopener\">Preinscripciones escuelas 2021-2022<\/a><\/p>\n<p><a href=\"https:\/\/mont-roig.cat\/wp-content\/uploads\/Diptic-INSTITUTS-2021-2022.pdf\" target=\"_blank\" rel=\"noopener\">Preinscripciones institutos 2021-2022<\/a><\/p>\n","protected":false},"excerpt":{"rendered":"<p>Las tres escuelas p\u00fablicas, y los dos centros de secundaria y postobligatorio del municipio ofrecer\u00e1n a partir de la pr\u00f3xima semana jornadas de puertas abiertas En las pr\u00f3ximas semanas se abren las preinscripciones a los diversos centros educativos del municipio para el curso 2021-2022. Las primeras en iniciarse son las del segundo ciclo de educaci\u00f3n [&hellip;]<\/p>\n","protected":false},"author":4,"featured_media":54034,"comment_status":"closed","ping_status":"closed","sticky":false,"template":"","format":"standard","meta":{"inline_featured_image":false,"_monsterinsights_skip_tracking":false,"_monsterinsights_sitenote_active":false,"_monsterinsights_sitenote_note":"","_monsterinsights_sitenote_category":0,"footnotes":""},"categories":[98,103],"tags":[],"class_list":["post-54044","post","type-post","status-publish","format-standard","has-post-thumbnail","hentry","category-ayuntamiento","category-educacion"],"yoast_head":"<!-- This site is optimized with the Yoast SEO plugin v27.4 - https:\/\/yoast.com\/product\/yoast-seo-wordpress\/ -->\n<title>Preinscripciones escolares curso 2021-2022 - Ajuntament de Mont-roig del Camp<\/title>\n<meta name=\"robots\" content=\"index, follow, max-snippet:-1, max-image-preview:large, max-video-preview:-1\" \/>\n<link rel=\"canonical\" href=\"https:\/\/mont-roig.cat\/es\/actualitat\/noticies\/preincripcions-escolares-curso-2021-2022\/\" \/>\n<meta property=\"og:locale\" content=\"es_ES\" \/>\n<meta property=\"og:type\" content=\"article\" \/>\n<meta property=\"og:title\" content=\"Preinscripciones escolares curso 2021-2022 - Ajuntament de Mont-roig del Camp\" \/>\n<meta property=\"og:description\" content=\"Las tres escuelas p\u00fablicas, y los dos centros de secundaria y postobligatorio del municipio ofrecer\u00e1n a partir de la pr\u00f3xima semana jornadas de puertas abiertas En las pr\u00f3ximas semanas se abren las preinscripciones a los diversos centros educativos del municipio para el curso 2021-2022. Las primeras en iniciarse son las del segundo ciclo de educaci\u00f3n [&hellip;]\" \/>\n<meta property=\"og:url\" content=\"https:\/\/mont-roig.cat\/es\/actualitat\/noticies\/preincripcions-escolares-curso-2021-2022\/\" \/>\n<meta property=\"og:site_name\" content=\"Ajuntament de Mont-roig del Camp\" \/>\n<meta property=\"article:published_time\" content=\"2021-02-26T12:10:25+00:00\" \/>\n<meta property=\"article:modified_time\" content=\"2021-03-01T11:55:33+00:00\" \/>\n<meta property=\"og:image\" content=\"https:\/\/mont-roig.cat\/wp-content\/uploads\/preincripcions.png\" \/>\n\t<meta property=\"og:image:width\" content=\"2006\" \/>\n\t<meta property=\"og:image:height\" content=\"2814\" \/>\n\t<meta property=\"og:image:type\" content=\"image\/png\" \/>\n<meta name=\"author\" content=\"administrador\" \/>\n<meta name=\"twitter:card\" content=\"summary_large_image\" \/>\n<meta name=\"twitter:label1\" content=\"Escrito por\" \/>\n\t<meta name=\"twitter:data1\" content=\"administrador\" \/>\n\t<meta name=\"twitter:label2\" content=\"Tiempo de lectura\" \/>\n\t<meta name=\"twitter:data2\" content=\"3 minutos\" \/>\n<script type=\"application\/ld+json\" class=\"yoast-schema-graph\">{\"@context\":\"https:\\\/\\\/schema.org\",\"@graph\":[{\"@type\":\"Article\",\"@id\":\"https:\\\/\\\/mont-roig.cat\\\/es\\\/actualitat\\\/noticies\\\/preincripcions-escolares-curso-2021-2022\\\/#article\",\"isPartOf\":{\"@id\":\"https:\\\/\\\/mont-roig.cat\\\/es\\\/actualitat\\\/noticies\\\/preincripcions-escolares-curso-2021-2022\\\/\"},\"author\":{\"name\":\"administrador\",\"@id\":\"https:\\\/\\\/mont-roig.cat\\\/es\\\/#\\\/schema\\\/person\\\/f2b111789f22b7d0c3bd6786c9128cba\"},\"headline\":\"Preinscripciones escolares curso 2021-2022\",\"datePublished\":\"2021-02-26T12:10:25+00:00\",\"dateModified\":\"2021-03-01T11:55:33+00:00\",\"mainEntityOfPage\":{\"@id\":\"https:\\\/\\\/mont-roig.cat\\\/es\\\/actualitat\\\/noticies\\\/preincripcions-escolares-curso-2021-2022\\\/\"},\"wordCount\":532,\"image\":{\"@id\":\"https:\\\/\\\/mont-roig.cat\\\/es\\\/actualitat\\\/noticies\\\/preincripcions-escolares-curso-2021-2022\\\/#primaryimage\"},\"thumbnailUrl\":\"https:\\\/\\\/mont-roig.cat\\\/wp-content\\\/uploads\\\/preincripcions.png\",\"articleSection\":[\"Ayuntamiento\",\"Educaci\u00f3n\"],\"inLanguage\":\"es\"},{\"@type\":\"WebPage\",\"@id\":\"https:\\\/\\\/mont-roig.cat\\\/es\\\/actualitat\\\/noticies\\\/preincripcions-escolares-curso-2021-2022\\\/\",\"url\":\"https:\\\/\\\/mont-roig.cat\\\/es\\\/actualitat\\\/noticies\\\/preincripcions-escolares-curso-2021-2022\\\/\",\"name\":\"Preinscripciones escolares curso 2021-2022 - Ajuntament de Mont-roig del Camp\",\"isPartOf\":{\"@id\":\"https:\\\/\\\/mont-roig.cat\\\/es\\\/#website\"},\"primaryImageOfPage\":{\"@id\":\"https:\\\/\\\/mont-roig.cat\\\/es\\\/actualitat\\\/noticies\\\/preincripcions-escolares-curso-2021-2022\\\/#primaryimage\"},\"image\":{\"@id\":\"https:\\\/\\\/mont-roig.cat\\\/es\\\/actualitat\\\/noticies\\\/preincripcions-escolares-curso-2021-2022\\\/#primaryimage\"},\"thumbnailUrl\":\"https:\\\/\\\/mont-roig.cat\\\/wp-content\\\/uploads\\\/preincripcions.png\",\"datePublished\":\"2021-02-26T12:10:25+00:00\",\"dateModified\":\"2021-03-01T11:55:33+00:00\",\"author\":{\"@id\":\"https:\\\/\\\/mont-roig.cat\\\/es\\\/#\\\/schema\\\/person\\\/f2b111789f22b7d0c3bd6786c9128cba\"},\"breadcrumb\":{\"@id\":\"https:\\\/\\\/mont-roig.cat\\\/es\\\/actualitat\\\/noticies\\\/preincripcions-escolares-curso-2021-2022\\\/#breadcrumb\"},\"inLanguage\":\"es\",\"potentialAction\":[{\"@type\":\"ReadAction\",\"target\":[\"https:\\\/\\\/mont-roig.cat\\\/es\\\/actualitat\\\/noticies\\\/preincripcions-escolares-curso-2021-2022\\\/\"]}]},{\"@type\":\"ImageObject\",\"inLanguage\":\"es\",\"@id\":\"https:\\\/\\\/mont-roig.cat\\\/es\\\/actualitat\\\/noticies\\\/preincripcions-escolares-curso-2021-2022\\\/#primaryimage\",\"url\":\"https:\\\/\\\/mont-roig.cat\\\/wp-content\\\/uploads\\\/preincripcions.png\",\"contentUrl\":\"https:\\\/\\\/mont-roig.cat\\\/wp-content\\\/uploads\\\/preincripcions.png\",\"width\":2006,\"height\":2814},{\"@type\":\"BreadcrumbList\",\"@id\":\"https:\\\/\\\/mont-roig.cat\\\/es\\\/actualitat\\\/noticies\\\/preincripcions-escolares-curso-2021-2022\\\/#breadcrumb\",\"itemListElement\":[{\"@type\":\"ListItem\",\"position\":1,\"name\":\"Inici\",\"item\":\"https:\\\/\\\/mont-roig.cat\\\/es\\\/pagina-de-inicio\\\/\"},{\"@type\":\"ListItem\",\"position\":2,\"name\":\"Preinscripciones escolares curso 2021-2022\"}]},{\"@type\":\"WebSite\",\"@id\":\"https:\\\/\\\/mont-roig.cat\\\/es\\\/#website\",\"url\":\"https:\\\/\\\/mont-roig.cat\\\/es\\\/\",\"name\":\"Ajuntament de Mont-roig del Camp\",\"description\":\"Tota la informaci\u00f3 sobre la instituci\u00f3, els seus \u00f2rgans de govern, actualitat, serveis i molt m\u00e9s.\",\"potentialAction\":[{\"@type\":\"SearchAction\",\"target\":{\"@type\":\"EntryPoint\",\"urlTemplate\":\"https:\\\/\\\/mont-roig.cat\\\/es\\\/?s={search_term_string}\"},\"query-input\":{\"@type\":\"PropertyValueSpecification\",\"valueRequired\":true,\"valueName\":\"search_term_string\"}}],\"inLanguage\":\"es\"},{\"@type\":\"Person\",\"@id\":\"https:\\\/\\\/mont-roig.cat\\\/es\\\/#\\\/schema\\\/person\\\/f2b111789f22b7d0c3bd6786c9128cba\",\"name\":\"administrador\",\"image\":{\"@type\":\"ImageObject\",\"inLanguage\":\"es\",\"@id\":\"https:\\\/\\\/secure.gravatar.com\\\/avatar\\\/9137aac6891e2595c9d3036fd83bcb653b4db3c946db4c7d9b9be193c3c944bb?s=96&d=mm&r=g\",\"url\":\"https:\\\/\\\/secure.gravatar.com\\\/avatar\\\/9137aac6891e2595c9d3036fd83bcb653b4db3c946db4c7d9b9be193c3c944bb?s=96&d=mm&r=g\",\"contentUrl\":\"https:\\\/\\\/secure.gravatar.com\\\/avatar\\\/9137aac6891e2595c9d3036fd83bcb653b4db3c946db4c7d9b9be193c3c944bb?s=96&d=mm&r=g\",\"caption\":\"administrador\"},\"url\":\"https:\\\/\\\/mont-roig.cat\\\/es\\\/actualitat\\\/noticies\\\/author\\\/administrador\\\/\"}]}<\/script>\n<!-- \/ Yoast SEO plugin. -->","yoast_head_json":{"title":"Preinscripciones escolares curso 2021-2022 - Ajuntament de Mont-roig del Camp","robots":{"index":"index","follow":"follow","max-snippet":"max-snippet:-1","max-image-preview":"max-image-preview:large","max-video-preview":"max-video-preview:-1"},"canonical":"https:\/\/mont-roig.cat\/es\/actualitat\/noticies\/preincripcions-escolares-curso-2021-2022\/","og_locale":"es_ES","og_type":"article","og_title":"Preinscripciones escolares curso 2021-2022 - Ajuntament de Mont-roig del Camp","og_description":"Las tres escuelas p\u00fablicas, y los dos centros de secundaria y postobligatorio del municipio ofrecer\u00e1n a partir de la pr\u00f3xima semana jornadas de puertas abiertas En las pr\u00f3ximas semanas se abren las preinscripciones a los diversos centros educativos del municipio para el curso 2021-2022. Las primeras en iniciarse son las del segundo ciclo de educaci\u00f3n [&hellip;]","og_url":"https:\/\/mont-roig.cat\/es\/actualitat\/noticies\/preincripcions-escolares-curso-2021-2022\/","og_site_name":"Ajuntament de Mont-roig del Camp","article_published_time":"2021-02-26T12:10:25+00:00","article_modified_time":"2021-03-01T11:55:33+00:00","og_image":[{"width":2006,"height":2814,"url":"https:\/\/mont-roig.cat\/wp-content\/uploads\/preincripcions.png","type":"image\/png"}],"author":"administrador","twitter_card":"summary_large_image","twitter_misc":{"Escrito por":"administrador","Tiempo de lectura":"3 minutos"},"schema":{"@context":"https:\/\/schema.org","@graph":[{"@type":"Article","@id":"https:\/\/mont-roig.cat\/es\/actualitat\/noticies\/preincripcions-escolares-curso-2021-2022\/#article","isPartOf":{"@id":"https:\/\/mont-roig.cat\/es\/actualitat\/noticies\/preincripcions-escolares-curso-2021-2022\/"},"author":{"name":"administrador","@id":"https:\/\/mont-roig.cat\/es\/#\/schema\/person\/f2b111789f22b7d0c3bd6786c9128cba"},"headline":"Preinscripciones escolares curso 2021-2022","datePublished":"2021-02-26T12:10:25+00:00","dateModified":"2021-03-01T11:55:33+00:00","mainEntityOfPage":{"@id":"https:\/\/mont-roig.cat\/es\/actualitat\/noticies\/preincripcions-escolares-curso-2021-2022\/"},"wordCount":532,"image":{"@id":"https:\/\/mont-roig.cat\/es\/actualitat\/noticies\/preincripcions-escolares-curso-2021-2022\/#primaryimage"},"thumbnailUrl":"https:\/\/mont-roig.cat\/wp-content\/uploads\/preincripcions.png","articleSection":["Ayuntamiento","Educaci\u00f3n"],"inLanguage":"es"},{"@type":"WebPage","@id":"https:\/\/mont-roig.cat\/es\/actualitat\/noticies\/preincripcions-escolares-curso-2021-2022\/","url":"https:\/\/mont-roig.cat\/es\/actualitat\/noticies\/preincripcions-escolares-curso-2021-2022\/","name":"Preinscripciones escolares curso 2021-2022 - Ajuntament de Mont-roig del Camp","isPartOf":{"@id":"https:\/\/mont-roig.cat\/es\/#website"},"primaryImageOfPage":{"@id":"https:\/\/mont-roig.cat\/es\/actualitat\/noticies\/preincripcions-escolares-curso-2021-2022\/#primaryimage"},"image":{"@id":"https:\/\/mont-roig.cat\/es\/actualitat\/noticies\/preincripcions-escolares-curso-2021-2022\/#primaryimage"},"thumbnailUrl":"https:\/\/mont-roig.cat\/wp-content\/uploads\/preincripcions.png","datePublished":"2021-02-26T12:10:25+00:00","dateModified":"2021-03-01T11:55:33+00:00","author":{"@id":"https:\/\/mont-roig.cat\/es\/#\/schema\/person\/f2b111789f22b7d0c3bd6786c9128cba"},"breadcrumb":{"@id":"https:\/\/mont-roig.cat\/es\/actualitat\/noticies\/preincripcions-escolares-curso-2021-2022\/#breadcrumb"},"inLanguage":"es","potentialAction":[{"@type":"ReadAction","target":["https:\/\/mont-roig.cat\/es\/actualitat\/noticies\/preincripcions-escolares-curso-2021-2022\/"]}]},{"@type":"ImageObject","inLanguage":"es","@id":"https:\/\/mont-roig.cat\/es\/actualitat\/noticies\/preincripcions-escolares-curso-2021-2022\/#primaryimage","url":"https:\/\/mont-roig.cat\/wp-content\/uploads\/preincripcions.png","contentUrl":"https:\/\/mont-roig.cat\/wp-content\/uploads\/preincripcions.png","width":2006,"height":2814},{"@type":"BreadcrumbList","@id":"https:\/\/mont-roig.cat\/es\/actualitat\/noticies\/preincripcions-escolares-curso-2021-2022\/#breadcrumb","itemListElement":[{"@type":"ListItem","position":1,"name":"Inici","item":"https:\/\/mont-roig.cat\/es\/pagina-de-inicio\/"},{"@type":"ListItem","position":2,"name":"Preinscripciones escolares curso 2021-2022"}]},{"@type":"WebSite","@id":"https:\/\/mont-roig.cat\/es\/#website","url":"https:\/\/mont-roig.cat\/es\/","name":"Ajuntament de Mont-roig del Camp","description":"Tota la informaci\u00f3 sobre la instituci\u00f3, els seus \u00f2rgans de govern, actualitat, serveis i molt m\u00e9s.","potentialAction":[{"@type":"SearchAction","target":{"@type":"EntryPoint","urlTemplate":"https:\/\/mont-roig.cat\/es\/?s={search_term_string}"},"query-input":{"@type":"PropertyValueSpecification","valueRequired":true,"valueName":"search_term_string"}}],"inLanguage":"es"},{"@type":"Person","@id":"https:\/\/mont-roig.cat\/es\/#\/schema\/person\/f2b111789f22b7d0c3bd6786c9128cba","name":"administrador","image":{"@type":"ImageObject","inLanguage":"es","@id":"https:\/\/secure.gravatar.com\/avatar\/9137aac6891e2595c9d3036fd83bcb653b4db3c946db4c7d9b9be193c3c944bb?s=96&d=mm&r=g","url":"https:\/\/secure.gravatar.com\/avatar\/9137aac6891e2595c9d3036fd83bcb653b4db3c946db4c7d9b9be193c3c944bb?s=96&d=mm&r=g","contentUrl":"https:\/\/secure.gravatar.com\/avatar\/9137aac6891e2595c9d3036fd83bcb653b4db3c946db4c7d9b9be193c3c944bb?s=96&d=mm&r=g","caption":"administrador"},"url":"https:\/\/mont-roig.cat\/es\/actualitat\/noticies\/author\/administrador\/"}]}},"_links":{"self":[{"href":"https:\/\/mont-roig.cat\/es\/wp-json\/wp\/v2\/posts\/54044","targetHints":{"allow":["GET"]}}],"collection":[{"href":"https:\/\/mont-roig.cat\/es\/wp-json\/wp\/v2\/posts"}],"about":[{"href":"https:\/\/mont-roig.cat\/es\/wp-json\/wp\/v2\/types\/post"}],"author":[{"embeddable":true,"href":"https:\/\/mont-roig.cat\/es\/wp-json\/wp\/v2\/users\/4"}],"replies":[{"embeddable":true,"href":"https:\/\/mont-roig.cat\/es\/wp-json\/wp\/v2\/comments?post=54044"}],"version-history":[{"count":4,"href":"https:\/\/mont-roig.cat\/es\/wp-json\/wp\/v2\/posts\/54044\/revisions"}],"predecessor-version":[{"id":54067,"href":"https:\/\/mont-roig.cat\/es\/wp-json\/wp\/v2\/posts\/54044\/revisions\/54067"}],"wp:featuredmedia":[{"embeddable":true,"href":"https:\/\/mont-roig.cat\/es\/wp-json\/wp\/v2\/media\/54034"}],"wp:attachment":[{"href":"https:\/\/mont-roig.cat\/es\/wp-json\/wp\/v2\/media?parent=54044"}],"wp:term":[{"taxonomy":"category","embeddable":true,"href":"https:\/\/mont-roig.cat\/es\/wp-json\/wp\/v2\/categories?post=54044"},{"taxonomy":"post_tag","embeddable":true,"href":"https:\/\/mont-roig.cat\/es\/wp-json\/wp\/v2\/tags?post=54044"}],"curies":[{"name":"wp","href":"https:\/\/api.w.org\/{rel}","templated":true}]}}