{"id":54149,"date":"2021-03-03T12:24:32","date_gmt":"2021-03-03T11:24:32","guid":{"rendered":"https:\/\/mont-roig.cat\/?p=54149"},"modified":"2021-03-03T16:45:46","modified_gmt":"2021-03-03T15:45:46","slug":"se-abre-la-convocatoria-para-los-cargos-de-juez-a-de-paz-titular-y-sustituto","status":"publish","type":"post","link":"https:\/\/mont-roig.cat\/es\/actualitat\/noticies\/se-abre-la-convocatoria-para-los-cargos-de-juez-a-de-paz-titular-y-sustituto\/","title":{"rendered":"Se abre la convocatoria para los cargos de Juez \/ a de Paz titular y sustituto"},"content":{"rendered":"<ul>\n<li><strong>El periodo de presentaci\u00f3n de solicitudes ser\u00e1 del 4 al 23 de marzo<\/strong><\/li>\n<li><strong>Las personas interesadas han rellenar el modelo de instancia espec\u00edfico disponible en la Sede Electr\u00f3nica y las OMAC y presentar el curriculum vitae, DNI y Declaraci\u00f3n responsable<\/strong><\/li>\n<\/ul>\n<p><a href=\"https:\/\/mont-roig.cat\/wp-content\/uploads\/Facana-Jutjat-de-Pau-3.jpg\"><img loading=\"lazy\" decoding=\"async\" class=\"alignright wp-image-54147\" src=\"https:\/\/mont-roig.cat\/wp-content\/uploads\/Facana-Jutjat-de-Pau-3-500x375.jpg\" alt=\"\" width=\"300\" height=\"225\" srcset=\"https:\/\/mont-roig.cat\/wp-content\/uploads\/Facana-Jutjat-de-Pau-3-500x375.jpg 500w, https:\/\/mont-roig.cat\/wp-content\/uploads\/Facana-Jutjat-de-Pau-3-1024x768.jpg 1024w, https:\/\/mont-roig.cat\/wp-content\/uploads\/Facana-Jutjat-de-Pau-3-768x576.jpg 768w, https:\/\/mont-roig.cat\/wp-content\/uploads\/Facana-Jutjat-de-Pau-3-1536x1152.jpg 1536w, https:\/\/mont-roig.cat\/wp-content\/uploads\/Facana-Jutjat-de-Pau-3-scaled.jpg 2048w, https:\/\/mont-roig.cat\/wp-content\/uploads\/Facana-Jutjat-de-Pau-3-463x348.jpg 463w\" sizes=\"auto, (max-width: 300px) 100vw, 300px\" \/><\/a>El Ayuntamiento de Mont-roig del Camp ha iniciado el procedimiento para la elecci\u00f3n del Juez o Jueza de Paz titular y suplente del municipio. Las personas interesadas tienen del 4 al 21 de marzo (20 d\u00edas naturales desde la <a href=\"https:\/\/mont-roig.cat\/wp-content\/uploads\/BOP-03-MARC-2021.pdf\">Publicaci\u00f3n en BOPT<\/a> ) para solicitar ser elegidos para los cargos mencionados.<\/p>\n<p>Las personas interesadas deben rellenar el modelo de instancia espec\u00edfico disponible en la <a href=\"https:\/\/mont-roig.eadministracio.cat\/info.0\">sede electr\u00f3nica<\/a> o bien en las Oficinas Municipales de Atenci\u00f3n a la Ciudadan\u00eda (hay que pedir cita previa). Adem\u00e1s, deben presentar el curriculum vitae, DNI y declaraci\u00f3n responsable.<\/p>\n<p><strong>Requisitos<\/strong><\/p>\n<p>Para ejercer de juez o la juez de paz se requiere ser ciudadano \/ a espa\u00f1ol \/ a, mayor de edad, no tener incapacidad f\u00edsica o ps\u00edquica que les impida el ejercicio de la funci\u00f3n judicial, no tener antecedentes penales y estar en pleno ejercicio de derechos civiles.<\/p>\n<p>Por otra parte, la Ley Org\u00e1nica del Poder judicial presenta las siguientes causas de incompatibilidades:<\/p>\n<ol>\n<li>No ser elegido o designado para ocupar cargo p\u00fablico en cualquiera de las Administraciones P\u00fablicas.<\/li>\n<li>No ejercer cargo dotado o retribuido de la Administraci\u00f3n p\u00fablica.<\/li>\n<li>No ejercer ning\u00fan cargo en tribunales o juzgados.<\/li>\n<li>No ejercer la profesi\u00f3n de abogado, procurador o cualquier otra que comporte asesoramiento.<\/li>\n<li>No tener cargos pol\u00edticos ni sindicales.<\/li>\n<li>No tomar parte activa en las campa\u00f1as electorales fuera del ejercicio de voto.<\/li>\n<\/ol>\n<p>Los juzgados de paz son \u00f3rganos unipersonales con jurisdicci\u00f3n en el t\u00e9rmino municipal. Las personas que ocupan los cargos no deben ser necesariamente profesionales del Derecho ni pertenecer a la carrera judicial. Normalmente se les nombra por su trayectoria y por el talante que han demostrado en una poblaci\u00f3n.<\/p>\n<p>El Juez \/ a de Paz ser\u00e1 elegido por el Pleno de la Corporaci\u00f3n Local a partir de los candidatos que se ofrezcan y nombrado por el Tribunal Superior de Justicia de Catalu\u00f1a por un per\u00edodo 4 a\u00f1os.<\/p>\n","protected":false},"excerpt":{"rendered":"<p>El periodo de presentaci\u00f3n de solicitudes ser\u00e1 del 4 al 23 de marzo Las personas interesadas han rellenar el modelo de instancia espec\u00edfico disponible en la Sede Electr\u00f3nica y las OMAC y presentar el curriculum vitae, DNI y Declaraci\u00f3n responsable El Ayuntamiento de Mont-roig del Camp ha iniciado el procedimiento para la elecci\u00f3n del Juez [&hellip;]<\/p>\n","protected":false},"author":4,"featured_media":54147,"comment_status":"closed","ping_status":"closed","sticky":false,"template":"","format":"standard","meta":{"inline_featured_image":false,"_monsterinsights_skip_tracking":false,"_monsterinsights_sitenote_active":false,"_monsterinsights_sitenote_note":"","_monsterinsights_sitenote_category":0,"footnotes":""},"categories":[98,102],"tags":[],"class_list":["post-54149","post","type-post","status-publish","format-standard","has-post-thumbnail","hentry","category-ayuntamiento","category-destacamos"],"yoast_head":"<!-- This site is optimized with the Yoast SEO plugin v27.4 - https:\/\/yoast.com\/product\/yoast-seo-wordpress\/ -->\n<title>Se abre la convocatoria para los cargos de Juez \/ a de Paz titular y sustituto - Ajuntament de Mont-roig del Camp<\/title>\n<meta name=\"robots\" content=\"index, follow, max-snippet:-1, max-image-preview:large, max-video-preview:-1\" \/>\n<link rel=\"canonical\" href=\"https:\/\/mont-roig.cat\/es\/actualitat\/noticies\/se-abre-la-convocatoria-para-los-cargos-de-juez-a-de-paz-titular-y-sustituto\/\" \/>\n<meta property=\"og:locale\" content=\"es_ES\" \/>\n<meta property=\"og:type\" content=\"article\" \/>\n<meta property=\"og:title\" content=\"Se abre la convocatoria para los cargos de Juez \/ a de Paz titular y sustituto - Ajuntament de Mont-roig del Camp\" \/>\n<meta property=\"og:description\" content=\"El periodo de presentaci\u00f3n de solicitudes ser\u00e1 del 4 al 23 de marzo Las personas interesadas han rellenar el modelo de instancia espec\u00edfico disponible en la Sede Electr\u00f3nica y las OMAC y presentar el curriculum vitae, DNI y Declaraci\u00f3n responsable El Ayuntamiento de Mont-roig del Camp ha iniciado el procedimiento para la elecci\u00f3n del Juez [&hellip;]\" \/>\n<meta property=\"og:url\" content=\"https:\/\/mont-roig.cat\/es\/actualitat\/noticies\/se-abre-la-convocatoria-para-los-cargos-de-juez-a-de-paz-titular-y-sustituto\/\" \/>\n<meta property=\"og:site_name\" content=\"Ajuntament de Mont-roig del Camp\" \/>\n<meta property=\"article:published_time\" content=\"2021-03-03T11:24:32+00:00\" \/>\n<meta property=\"article:modified_time\" content=\"2021-03-03T15:45:46+00:00\" \/>\n<meta property=\"og:image\" content=\"https:\/\/mont-roig.cat\/wp-content\/uploads\/Facana-Jutjat-de-Pau-3.jpg\" \/>\n\t<meta property=\"og:image:width\" content=\"2048\" \/>\n\t<meta property=\"og:image:height\" content=\"1536\" \/>\n\t<meta property=\"og:image:type\" content=\"image\/jpeg\" \/>\n<meta name=\"author\" content=\"administrador\" \/>\n<meta name=\"twitter:card\" content=\"summary_large_image\" \/>\n<meta name=\"twitter:label1\" content=\"Escrito por\" \/>\n\t<meta name=\"twitter:data1\" content=\"administrador\" \/>\n\t<meta name=\"twitter:label2\" content=\"Tiempo de lectura\" \/>\n\t<meta name=\"twitter:data2\" content=\"2 minutos\" \/>\n<script type=\"application\/ld+json\" class=\"yoast-schema-graph\">{\"@context\":\"https:\\\/\\\/schema.org\",\"@graph\":[{\"@type\":\"Article\",\"@id\":\"https:\\\/\\\/mont-roig.cat\\\/es\\\/actualitat\\\/noticies\\\/se-abre-la-convocatoria-para-los-cargos-de-juez-a-de-paz-titular-y-sustituto\\\/#article\",\"isPartOf\":{\"@id\":\"https:\\\/\\\/mont-roig.cat\\\/es\\\/actualitat\\\/noticies\\\/se-abre-la-convocatoria-para-los-cargos-de-juez-a-de-paz-titular-y-sustituto\\\/\"},\"author\":{\"name\":\"administrador\",\"@id\":\"https:\\\/\\\/mont-roig.cat\\\/es\\\/#\\\/schema\\\/person\\\/f2b111789f22b7d0c3bd6786c9128cba\"},\"headline\":\"Se abre la convocatoria para los cargos de Juez \\\/ a de Paz titular y sustituto\",\"datePublished\":\"2021-03-03T11:24:32+00:00\",\"dateModified\":\"2021-03-03T15:45:46+00:00\",\"mainEntityOfPage\":{\"@id\":\"https:\\\/\\\/mont-roig.cat\\\/es\\\/actualitat\\\/noticies\\\/se-abre-la-convocatoria-para-los-cargos-de-juez-a-de-paz-titular-y-sustituto\\\/\"},\"wordCount\":386,\"image\":{\"@id\":\"https:\\\/\\\/mont-roig.cat\\\/es\\\/actualitat\\\/noticies\\\/se-abre-la-convocatoria-para-los-cargos-de-juez-a-de-paz-titular-y-sustituto\\\/#primaryimage\"},\"thumbnailUrl\":\"https:\\\/\\\/mont-roig.cat\\\/wp-content\\\/uploads\\\/Facana-Jutjat-de-Pau-3.jpg\",\"articleSection\":[\"Ayuntamiento\",\"Destacamos\"],\"inLanguage\":\"es\"},{\"@type\":\"WebPage\",\"@id\":\"https:\\\/\\\/mont-roig.cat\\\/es\\\/actualitat\\\/noticies\\\/se-abre-la-convocatoria-para-los-cargos-de-juez-a-de-paz-titular-y-sustituto\\\/\",\"url\":\"https:\\\/\\\/mont-roig.cat\\\/es\\\/actualitat\\\/noticies\\\/se-abre-la-convocatoria-para-los-cargos-de-juez-a-de-paz-titular-y-sustituto\\\/\",\"name\":\"Se abre la convocatoria para los cargos de Juez \\\/ a de Paz titular y sustituto - Ajuntament de Mont-roig del Camp\",\"isPartOf\":{\"@id\":\"https:\\\/\\\/mont-roig.cat\\\/es\\\/#website\"},\"primaryImageOfPage\":{\"@id\":\"https:\\\/\\\/mont-roig.cat\\\/es\\\/actualitat\\\/noticies\\\/se-abre-la-convocatoria-para-los-cargos-de-juez-a-de-paz-titular-y-sustituto\\\/#primaryimage\"},\"image\":{\"@id\":\"https:\\\/\\\/mont-roig.cat\\\/es\\\/actualitat\\\/noticies\\\/se-abre-la-convocatoria-para-los-cargos-de-juez-a-de-paz-titular-y-sustituto\\\/#primaryimage\"},\"thumbnailUrl\":\"https:\\\/\\\/mont-roig.cat\\\/wp-content\\\/uploads\\\/Facana-Jutjat-de-Pau-3.jpg\",\"datePublished\":\"2021-03-03T11:24:32+00:00\",\"dateModified\":\"2021-03-03T15:45:46+00:00\",\"author\":{\"@id\":\"https:\\\/\\\/mont-roig.cat\\\/es\\\/#\\\/schema\\\/person\\\/f2b111789f22b7d0c3bd6786c9128cba\"},\"breadcrumb\":{\"@id\":\"https:\\\/\\\/mont-roig.cat\\\/es\\\/actualitat\\\/noticies\\\/se-abre-la-convocatoria-para-los-cargos-de-juez-a-de-paz-titular-y-sustituto\\\/#breadcrumb\"},\"inLanguage\":\"es\",\"potentialAction\":[{\"@type\":\"ReadAction\",\"target\":[\"https:\\\/\\\/mont-roig.cat\\\/es\\\/actualitat\\\/noticies\\\/se-abre-la-convocatoria-para-los-cargos-de-juez-a-de-paz-titular-y-sustituto\\\/\"]}]},{\"@type\":\"ImageObject\",\"inLanguage\":\"es\",\"@id\":\"https:\\\/\\\/mont-roig.cat\\\/es\\\/actualitat\\\/noticies\\\/se-abre-la-convocatoria-para-los-cargos-de-juez-a-de-paz-titular-y-sustituto\\\/#primaryimage\",\"url\":\"https:\\\/\\\/mont-roig.cat\\\/wp-content\\\/uploads\\\/Facana-Jutjat-de-Pau-3.jpg\",\"contentUrl\":\"https:\\\/\\\/mont-roig.cat\\\/wp-content\\\/uploads\\\/Facana-Jutjat-de-Pau-3.jpg\",\"width\":2048,\"height\":1536},{\"@type\":\"BreadcrumbList\",\"@id\":\"https:\\\/\\\/mont-roig.cat\\\/es\\\/actualitat\\\/noticies\\\/se-abre-la-convocatoria-para-los-cargos-de-juez-a-de-paz-titular-y-sustituto\\\/#breadcrumb\",\"itemListElement\":[{\"@type\":\"ListItem\",\"position\":1,\"name\":\"Inici\",\"item\":\"https:\\\/\\\/mont-roig.cat\\\/es\\\/pagina-de-inicio\\\/\"},{\"@type\":\"ListItem\",\"position\":2,\"name\":\"Se abre la convocatoria para los cargos de Juez \\\/ a de Paz titular y sustituto\"}]},{\"@type\":\"WebSite\",\"@id\":\"https:\\\/\\\/mont-roig.cat\\\/es\\\/#website\",\"url\":\"https:\\\/\\\/mont-roig.cat\\\/es\\\/\",\"name\":\"Ajuntament de Mont-roig del Camp\",\"description\":\"Tota la informaci\u00f3 sobre la instituci\u00f3, els seus \u00f2rgans de govern, actualitat, serveis i molt m\u00e9s.\",\"potentialAction\":[{\"@type\":\"SearchAction\",\"target\":{\"@type\":\"EntryPoint\",\"urlTemplate\":\"https:\\\/\\\/mont-roig.cat\\\/es\\\/?s={search_term_string}\"},\"query-input\":{\"@type\":\"PropertyValueSpecification\",\"valueRequired\":true,\"valueName\":\"search_term_string\"}}],\"inLanguage\":\"es\"},{\"@type\":\"Person\",\"@id\":\"https:\\\/\\\/mont-roig.cat\\\/es\\\/#\\\/schema\\\/person\\\/f2b111789f22b7d0c3bd6786c9128cba\",\"name\":\"administrador\",\"image\":{\"@type\":\"ImageObject\",\"inLanguage\":\"es\",\"@id\":\"https:\\\/\\\/secure.gravatar.com\\\/avatar\\\/9137aac6891e2595c9d3036fd83bcb653b4db3c946db4c7d9b9be193c3c944bb?s=96&d=mm&r=g\",\"url\":\"https:\\\/\\\/secure.gravatar.com\\\/avatar\\\/9137aac6891e2595c9d3036fd83bcb653b4db3c946db4c7d9b9be193c3c944bb?s=96&d=mm&r=g\",\"contentUrl\":\"https:\\\/\\\/secure.gravatar.com\\\/avatar\\\/9137aac6891e2595c9d3036fd83bcb653b4db3c946db4c7d9b9be193c3c944bb?s=96&d=mm&r=g\",\"caption\":\"administrador\"},\"url\":\"https:\\\/\\\/mont-roig.cat\\\/es\\\/actualitat\\\/noticies\\\/author\\\/administrador\\\/\"}]}<\/script>\n<!-- \/ Yoast SEO plugin. -->","yoast_head_json":{"title":"Se abre la convocatoria para los cargos de Juez \/ a de Paz titular y sustituto - Ajuntament de Mont-roig del Camp","robots":{"index":"index","follow":"follow","max-snippet":"max-snippet:-1","max-image-preview":"max-image-preview:large","max-video-preview":"max-video-preview:-1"},"canonical":"https:\/\/mont-roig.cat\/es\/actualitat\/noticies\/se-abre-la-convocatoria-para-los-cargos-de-juez-a-de-paz-titular-y-sustituto\/","og_locale":"es_ES","og_type":"article","og_title":"Se abre la convocatoria para los cargos de Juez \/ a de Paz titular y sustituto - Ajuntament de Mont-roig del Camp","og_description":"El periodo de presentaci\u00f3n de solicitudes ser\u00e1 del 4 al 23 de marzo Las personas interesadas han rellenar el modelo de instancia espec\u00edfico disponible en la Sede Electr\u00f3nica y las OMAC y presentar el curriculum vitae, DNI y Declaraci\u00f3n responsable El Ayuntamiento de Mont-roig del Camp ha iniciado el procedimiento para la elecci\u00f3n del Juez [&hellip;]","og_url":"https:\/\/mont-roig.cat\/es\/actualitat\/noticies\/se-abre-la-convocatoria-para-los-cargos-de-juez-a-de-paz-titular-y-sustituto\/","og_site_name":"Ajuntament de Mont-roig del Camp","article_published_time":"2021-03-03T11:24:32+00:00","article_modified_time":"2021-03-03T15:45:46+00:00","og_image":[{"width":2048,"height":1536,"url":"https:\/\/mont-roig.cat\/wp-content\/uploads\/Facana-Jutjat-de-Pau-3.jpg","type":"image\/jpeg"}],"author":"administrador","twitter_card":"summary_large_image","twitter_misc":{"Escrito por":"administrador","Tiempo de lectura":"2 minutos"},"schema":{"@context":"https:\/\/schema.org","@graph":[{"@type":"Article","@id":"https:\/\/mont-roig.cat\/es\/actualitat\/noticies\/se-abre-la-convocatoria-para-los-cargos-de-juez-a-de-paz-titular-y-sustituto\/#article","isPartOf":{"@id":"https:\/\/mont-roig.cat\/es\/actualitat\/noticies\/se-abre-la-convocatoria-para-los-cargos-de-juez-a-de-paz-titular-y-sustituto\/"},"author":{"name":"administrador","@id":"https:\/\/mont-roig.cat\/es\/#\/schema\/person\/f2b111789f22b7d0c3bd6786c9128cba"},"headline":"Se abre la convocatoria para los cargos de Juez \/ a de Paz titular y sustituto","datePublished":"2021-03-03T11:24:32+00:00","dateModified":"2021-03-03T15:45:46+00:00","mainEntityOfPage":{"@id":"https:\/\/mont-roig.cat\/es\/actualitat\/noticies\/se-abre-la-convocatoria-para-los-cargos-de-juez-a-de-paz-titular-y-sustituto\/"},"wordCount":386,"image":{"@id":"https:\/\/mont-roig.cat\/es\/actualitat\/noticies\/se-abre-la-convocatoria-para-los-cargos-de-juez-a-de-paz-titular-y-sustituto\/#primaryimage"},"thumbnailUrl":"https:\/\/mont-roig.cat\/wp-content\/uploads\/Facana-Jutjat-de-Pau-3.jpg","articleSection":["Ayuntamiento","Destacamos"],"inLanguage":"es"},{"@type":"WebPage","@id":"https:\/\/mont-roig.cat\/es\/actualitat\/noticies\/se-abre-la-convocatoria-para-los-cargos-de-juez-a-de-paz-titular-y-sustituto\/","url":"https:\/\/mont-roig.cat\/es\/actualitat\/noticies\/se-abre-la-convocatoria-para-los-cargos-de-juez-a-de-paz-titular-y-sustituto\/","name":"Se abre la convocatoria para los cargos de Juez \/ a de Paz titular y sustituto - Ajuntament de Mont-roig del Camp","isPartOf":{"@id":"https:\/\/mont-roig.cat\/es\/#website"},"primaryImageOfPage":{"@id":"https:\/\/mont-roig.cat\/es\/actualitat\/noticies\/se-abre-la-convocatoria-para-los-cargos-de-juez-a-de-paz-titular-y-sustituto\/#primaryimage"},"image":{"@id":"https:\/\/mont-roig.cat\/es\/actualitat\/noticies\/se-abre-la-convocatoria-para-los-cargos-de-juez-a-de-paz-titular-y-sustituto\/#primaryimage"},"thumbnailUrl":"https:\/\/mont-roig.cat\/wp-content\/uploads\/Facana-Jutjat-de-Pau-3.jpg","datePublished":"2021-03-03T11:24:32+00:00","dateModified":"2021-03-03T15:45:46+00:00","author":{"@id":"https:\/\/mont-roig.cat\/es\/#\/schema\/person\/f2b111789f22b7d0c3bd6786c9128cba"},"breadcrumb":{"@id":"https:\/\/mont-roig.cat\/es\/actualitat\/noticies\/se-abre-la-convocatoria-para-los-cargos-de-juez-a-de-paz-titular-y-sustituto\/#breadcrumb"},"inLanguage":"es","potentialAction":[{"@type":"ReadAction","target":["https:\/\/mont-roig.cat\/es\/actualitat\/noticies\/se-abre-la-convocatoria-para-los-cargos-de-juez-a-de-paz-titular-y-sustituto\/"]}]},{"@type":"ImageObject","inLanguage":"es","@id":"https:\/\/mont-roig.cat\/es\/actualitat\/noticies\/se-abre-la-convocatoria-para-los-cargos-de-juez-a-de-paz-titular-y-sustituto\/#primaryimage","url":"https:\/\/mont-roig.cat\/wp-content\/uploads\/Facana-Jutjat-de-Pau-3.jpg","contentUrl":"https:\/\/mont-roig.cat\/wp-content\/uploads\/Facana-Jutjat-de-Pau-3.jpg","width":2048,"height":1536},{"@type":"BreadcrumbList","@id":"https:\/\/mont-roig.cat\/es\/actualitat\/noticies\/se-abre-la-convocatoria-para-los-cargos-de-juez-a-de-paz-titular-y-sustituto\/#breadcrumb","itemListElement":[{"@type":"ListItem","position":1,"name":"Inici","item":"https:\/\/mont-roig.cat\/es\/pagina-de-inicio\/"},{"@type":"ListItem","position":2,"name":"Se abre la convocatoria para los cargos de Juez \/ a de Paz titular y sustituto"}]},{"@type":"WebSite","@id":"https:\/\/mont-roig.cat\/es\/#website","url":"https:\/\/mont-roig.cat\/es\/","name":"Ajuntament de Mont-roig del Camp","description":"Tota la informaci\u00f3 sobre la instituci\u00f3, els seus \u00f2rgans de govern, actualitat, serveis i molt m\u00e9s.","potentialAction":[{"@type":"SearchAction","target":{"@type":"EntryPoint","urlTemplate":"https:\/\/mont-roig.cat\/es\/?s={search_term_string}"},"query-input":{"@type":"PropertyValueSpecification","valueRequired":true,"valueName":"search_term_string"}}],"inLanguage":"es"},{"@type":"Person","@id":"https:\/\/mont-roig.cat\/es\/#\/schema\/person\/f2b111789f22b7d0c3bd6786c9128cba","name":"administrador","image":{"@type":"ImageObject","inLanguage":"es","@id":"https:\/\/secure.gravatar.com\/avatar\/9137aac6891e2595c9d3036fd83bcb653b4db3c946db4c7d9b9be193c3c944bb?s=96&d=mm&r=g","url":"https:\/\/secure.gravatar.com\/avatar\/9137aac6891e2595c9d3036fd83bcb653b4db3c946db4c7d9b9be193c3c944bb?s=96&d=mm&r=g","contentUrl":"https:\/\/secure.gravatar.com\/avatar\/9137aac6891e2595c9d3036fd83bcb653b4db3c946db4c7d9b9be193c3c944bb?s=96&d=mm&r=g","caption":"administrador"},"url":"https:\/\/mont-roig.cat\/es\/actualitat\/noticies\/author\/administrador\/"}]}},"_links":{"self":[{"href":"https:\/\/mont-roig.cat\/es\/wp-json\/wp\/v2\/posts\/54149","targetHints":{"allow":["GET"]}}],"collection":[{"href":"https:\/\/mont-roig.cat\/es\/wp-json\/wp\/v2\/posts"}],"about":[{"href":"https:\/\/mont-roig.cat\/es\/wp-json\/wp\/v2\/types\/post"}],"author":[{"embeddable":true,"href":"https:\/\/mont-roig.cat\/es\/wp-json\/wp\/v2\/users\/4"}],"replies":[{"embeddable":true,"href":"https:\/\/mont-roig.cat\/es\/wp-json\/wp\/v2\/comments?post=54149"}],"version-history":[{"count":2,"href":"https:\/\/mont-roig.cat\/es\/wp-json\/wp\/v2\/posts\/54149\/revisions"}],"predecessor-version":[{"id":54151,"href":"https:\/\/mont-roig.cat\/es\/wp-json\/wp\/v2\/posts\/54149\/revisions\/54151"}],"wp:featuredmedia":[{"embeddable":true,"href":"https:\/\/mont-roig.cat\/es\/wp-json\/wp\/v2\/media\/54147"}],"wp:attachment":[{"href":"https:\/\/mont-roig.cat\/es\/wp-json\/wp\/v2\/media?parent=54149"}],"wp:term":[{"taxonomy":"category","embeddable":true,"href":"https:\/\/mont-roig.cat\/es\/wp-json\/wp\/v2\/categories?post=54149"},{"taxonomy":"post_tag","embeddable":true,"href":"https:\/\/mont-roig.cat\/es\/wp-json\/wp\/v2\/tags?post=54149"}],"curies":[{"name":"wp","href":"https:\/\/api.w.org\/{rel}","templated":true}]}}