{"id":54324,"date":"2021-03-17T15:35:04","date_gmt":"2021-03-17T14:35:04","guid":{"rendered":"https:\/\/mont-roig.cat\/?p=54324"},"modified":"2021-03-17T15:35:04","modified_gmt":"2021-03-17T14:35:04","slug":"la-casa-de-cultura-agusti-sarda-de-mont-roig-sera-punto-de-votacion-de-las-elecciones-a-las-camaras-agrarias","status":"publish","type":"post","link":"https:\/\/mont-roig.cat\/es\/actualitat\/noticies\/la-casa-de-cultura-agusti-sarda-de-mont-roig-sera-punto-de-votacion-de-las-elecciones-a-las-camaras-agrarias\/","title":{"rendered":"La Casa de Cultura Agust\u00ed Sard\u00e0 de Mont-roig ser\u00e1 punto de votaci\u00f3n de las elecciones a las C\u00e1maras Agrarias"},"content":{"rendered":"<p><img loading=\"lazy\" decoding=\"async\" class=\"wp-image-54322 alignright\" src=\"https:\/\/mont-roig.cat\/wp-content\/uploads\/Eleccions-Agraries-500x389.jpg\" alt=\"\" width=\"302\" height=\"235\" srcset=\"https:\/\/mont-roig.cat\/wp-content\/uploads\/Eleccions-Agraries-500x389.jpg 500w, https:\/\/mont-roig.cat\/wp-content\/uploads\/Eleccions-Agraries.jpg 512w\" sizes=\"auto, (max-width: 302px) 100vw, 302px\" \/>Los d\u00edas 25 y 26 de marzo tendr\u00e1n lugar las elecciones a C\u00e1maras Agrarias. Est\u00e1n convocados todos aquellos profesionales aut\u00f3nomos y empresas del sector de la agricultura y la ganader\u00eda, que deber\u00e1n elegir los 10 miembros de la Mesa Agraria, el \u00f3rgano de di\u00e1logo permanente entre el sector de la ganader\u00eda y la agricultura y la Generalitat de Catalunya.<\/p>\n<p>Debido a la situaci\u00f3n de pandemia, en esta ocasi\u00f3n las votaciones se har\u00e1n por medios digitales.<\/p>\n<p>El voto electr\u00f3nico se podr\u00e1 realizar de forma remota o presencial.<\/p>\n<ul>\n<li><strong>Voto electr\u00f3nico remoto:<\/strong> El d\u00eda 25 de marzo los electores pueden votar remotamente. En el caso de los profesionales aut\u00f3nomos, se pueden identificar con el IdCat Certificado, el DNI electr\u00f3nico u otros certificados reconocidos.\n<ul>\n<li><a href=\"http:\/\/agricultura.gencat.cat\/ca\/departament\/eleccions-agraries\/video-identificacio\/\" target=\"_blank\" rel=\"noopener\">Tambi\u00e9n se puede votar con el sistema de reconocimiento biom\u00e9trico.<\/a><br \/>\nLas empresas deben votar de manera remota el d\u00eda 25 de marzo y deber\u00e1n identificarse mediante un certificado electr\u00f3nico cualificado.<\/li>\n<\/ul>\n<\/li>\n<li><strong>Voto electr\u00f3nico presencial:<\/strong> Los profesionales aut\u00f3nomos podr\u00e1n votar de manera presencial el 25 y 26 de marzo con el DNI desde cualquiera de los 209 puntos de asistencia al voto electr\u00f3nico repartidos por toda Catalu\u00f1a.<\/li>\n<\/ul>\n<p><strong>La Casa de Cultura se habilitar\u00e1 para el voto electr\u00f3nico presencial<\/strong><\/p>\n<p>El Ayuntamiento ha puesto a disposici\u00f3n la sala de exposiciones de la Casa de Cultura Agust\u00ed Sard\u00e0 (C \/ Mare de D\u00e9u de la Roca, 5 de Mont-roig) para que el d\u00eda 25 de marzo sea punto de votaci\u00f3n en las C\u00e1maras Agrarias .<\/p>\n<p>As\u00ed, los profesionales aut\u00f3nomos del sector de la agricultura y la ganader\u00eda, y registrados en el <a href=\"http:\/\/agricultura.gencat.cat\/web\/.content\/01-departament\/eleccions-agraries\/enllacos-documents\/fitxers-binaris\/cens-definitiu-persones-fisiques-2021.pdf\">censo electoral<\/a>, pueden ir a votar presencialmente el jueves, 25 de marzo, de las 9.00h de la ma\u00f1ana a las 18.00h de la tarde.<\/p>\n<p>Personal del Departamento de Agricultura vigilar\u00e1 el cumplimiento del protocolo Covid y asistir\u00e1 a las personas que quieran realizar el voto electr\u00f3nico presencial.<\/p>\n","protected":false},"excerpt":{"rendered":"<p>Los d\u00edas 25 y 26 de marzo tendr\u00e1n lugar las elecciones a C\u00e1maras Agrarias. Est\u00e1n convocados todos aquellos profesionales aut\u00f3nomos y empresas del sector de la agricultura y la ganader\u00eda, que deber\u00e1n elegir los 10 miembros de la Mesa Agraria, el \u00f3rgano de di\u00e1logo permanente entre el sector de la ganader\u00eda y la agricultura y [&hellip;]<\/p>\n","protected":false},"author":4,"featured_media":54322,"comment_status":"closed","ping_status":"closed","sticky":false,"template":"","format":"standard","meta":{"inline_featured_image":false,"_monsterinsights_skip_tracking":false,"_monsterinsights_sitenote_active":false,"_monsterinsights_sitenote_note":"","_monsterinsights_sitenote_category":0,"footnotes":""},"categories":[107,99],"tags":[],"class_list":["post-54324","post","type-post","status-publish","format-standard","has-post-thumbnail","hentry","category-medio-ambiente","category-otros"],"yoast_head":"<!-- This site is optimized with the Yoast SEO plugin v27.4 - https:\/\/yoast.com\/product\/yoast-seo-wordpress\/ -->\n<title>La Casa de Cultura Agust\u00ed Sard\u00e0 de Mont-roig ser\u00e1 punto de votaci\u00f3n de las elecciones a las C\u00e1maras Agrarias - Ajuntament de Mont-roig del Camp<\/title>\n<meta name=\"robots\" content=\"index, follow, max-snippet:-1, max-image-preview:large, max-video-preview:-1\" \/>\n<link rel=\"canonical\" href=\"https:\/\/mont-roig.cat\/es\/actualitat\/noticies\/la-casa-de-cultura-agusti-sarda-de-mont-roig-sera-punto-de-votacion-de-las-elecciones-a-las-camaras-agrarias\/\" \/>\n<meta property=\"og:locale\" content=\"es_ES\" \/>\n<meta property=\"og:type\" content=\"article\" \/>\n<meta property=\"og:title\" content=\"La Casa de Cultura Agust\u00ed Sard\u00e0 de Mont-roig ser\u00e1 punto de votaci\u00f3n de las elecciones a las C\u00e1maras Agrarias - Ajuntament de Mont-roig del Camp\" \/>\n<meta property=\"og:description\" content=\"Los d\u00edas 25 y 26 de marzo tendr\u00e1n lugar las elecciones a C\u00e1maras Agrarias. Est\u00e1n convocados todos aquellos profesionales aut\u00f3nomos y empresas del sector de la agricultura y la ganader\u00eda, que deber\u00e1n elegir los 10 miembros de la Mesa Agraria, el \u00f3rgano de di\u00e1logo permanente entre el sector de la ganader\u00eda y la agricultura y [&hellip;]\" \/>\n<meta property=\"og:url\" content=\"https:\/\/mont-roig.cat\/es\/actualitat\/noticies\/la-casa-de-cultura-agusti-sarda-de-mont-roig-sera-punto-de-votacion-de-las-elecciones-a-las-camaras-agrarias\/\" \/>\n<meta property=\"og:site_name\" content=\"Ajuntament de Mont-roig del Camp\" \/>\n<meta property=\"article:published_time\" content=\"2021-03-17T14:35:04+00:00\" \/>\n<meta property=\"og:image\" content=\"https:\/\/mont-roig.cat\/wp-content\/uploads\/Eleccions-Agraries.jpg\" \/>\n\t<meta property=\"og:image:width\" content=\"512\" \/>\n\t<meta property=\"og:image:height\" content=\"398\" \/>\n\t<meta property=\"og:image:type\" content=\"image\/jpeg\" \/>\n<meta name=\"author\" content=\"administrador\" \/>\n<meta name=\"twitter:card\" content=\"summary_large_image\" \/>\n<meta name=\"twitter:label1\" content=\"Escrito por\" \/>\n\t<meta name=\"twitter:data1\" content=\"administrador\" \/>\n\t<meta name=\"twitter:label2\" content=\"Tiempo de lectura\" \/>\n\t<meta name=\"twitter:data2\" content=\"2 minutos\" \/>\n<script type=\"application\/ld+json\" class=\"yoast-schema-graph\">{\"@context\":\"https:\\\/\\\/schema.org\",\"@graph\":[{\"@type\":\"Article\",\"@id\":\"https:\\\/\\\/mont-roig.cat\\\/es\\\/actualitat\\\/noticies\\\/la-casa-de-cultura-agusti-sarda-de-mont-roig-sera-punto-de-votacion-de-las-elecciones-a-las-camaras-agrarias\\\/#article\",\"isPartOf\":{\"@id\":\"https:\\\/\\\/mont-roig.cat\\\/es\\\/actualitat\\\/noticies\\\/la-casa-de-cultura-agusti-sarda-de-mont-roig-sera-punto-de-votacion-de-las-elecciones-a-las-camaras-agrarias\\\/\"},\"author\":{\"name\":\"administrador\",\"@id\":\"https:\\\/\\\/mont-roig.cat\\\/es\\\/#\\\/schema\\\/person\\\/f2b111789f22b7d0c3bd6786c9128cba\"},\"headline\":\"La Casa de Cultura Agust\u00ed Sard\u00e0 de Mont-roig ser\u00e1 punto de votaci\u00f3n de las elecciones a las C\u00e1maras Agrarias\",\"datePublished\":\"2021-03-17T14:35:04+00:00\",\"mainEntityOfPage\":{\"@id\":\"https:\\\/\\\/mont-roig.cat\\\/es\\\/actualitat\\\/noticies\\\/la-casa-de-cultura-agusti-sarda-de-mont-roig-sera-punto-de-votacion-de-las-elecciones-a-las-camaras-agrarias\\\/\"},\"wordCount\":348,\"image\":{\"@id\":\"https:\\\/\\\/mont-roig.cat\\\/es\\\/actualitat\\\/noticies\\\/la-casa-de-cultura-agusti-sarda-de-mont-roig-sera-punto-de-votacion-de-las-elecciones-a-las-camaras-agrarias\\\/#primaryimage\"},\"thumbnailUrl\":\"https:\\\/\\\/mont-roig.cat\\\/wp-content\\\/uploads\\\/Eleccions-Agraries.jpg\",\"articleSection\":[\"Medio Ambiente\",\"Otros\"],\"inLanguage\":\"es\"},{\"@type\":\"WebPage\",\"@id\":\"https:\\\/\\\/mont-roig.cat\\\/es\\\/actualitat\\\/noticies\\\/la-casa-de-cultura-agusti-sarda-de-mont-roig-sera-punto-de-votacion-de-las-elecciones-a-las-camaras-agrarias\\\/\",\"url\":\"https:\\\/\\\/mont-roig.cat\\\/es\\\/actualitat\\\/noticies\\\/la-casa-de-cultura-agusti-sarda-de-mont-roig-sera-punto-de-votacion-de-las-elecciones-a-las-camaras-agrarias\\\/\",\"name\":\"La Casa de Cultura Agust\u00ed Sard\u00e0 de Mont-roig ser\u00e1 punto de votaci\u00f3n de las elecciones a las C\u00e1maras Agrarias - Ajuntament de Mont-roig del Camp\",\"isPartOf\":{\"@id\":\"https:\\\/\\\/mont-roig.cat\\\/es\\\/#website\"},\"primaryImageOfPage\":{\"@id\":\"https:\\\/\\\/mont-roig.cat\\\/es\\\/actualitat\\\/noticies\\\/la-casa-de-cultura-agusti-sarda-de-mont-roig-sera-punto-de-votacion-de-las-elecciones-a-las-camaras-agrarias\\\/#primaryimage\"},\"image\":{\"@id\":\"https:\\\/\\\/mont-roig.cat\\\/es\\\/actualitat\\\/noticies\\\/la-casa-de-cultura-agusti-sarda-de-mont-roig-sera-punto-de-votacion-de-las-elecciones-a-las-camaras-agrarias\\\/#primaryimage\"},\"thumbnailUrl\":\"https:\\\/\\\/mont-roig.cat\\\/wp-content\\\/uploads\\\/Eleccions-Agraries.jpg\",\"datePublished\":\"2021-03-17T14:35:04+00:00\",\"author\":{\"@id\":\"https:\\\/\\\/mont-roig.cat\\\/es\\\/#\\\/schema\\\/person\\\/f2b111789f22b7d0c3bd6786c9128cba\"},\"breadcrumb\":{\"@id\":\"https:\\\/\\\/mont-roig.cat\\\/es\\\/actualitat\\\/noticies\\\/la-casa-de-cultura-agusti-sarda-de-mont-roig-sera-punto-de-votacion-de-las-elecciones-a-las-camaras-agrarias\\\/#breadcrumb\"},\"inLanguage\":\"es\",\"potentialAction\":[{\"@type\":\"ReadAction\",\"target\":[\"https:\\\/\\\/mont-roig.cat\\\/es\\\/actualitat\\\/noticies\\\/la-casa-de-cultura-agusti-sarda-de-mont-roig-sera-punto-de-votacion-de-las-elecciones-a-las-camaras-agrarias\\\/\"]}]},{\"@type\":\"ImageObject\",\"inLanguage\":\"es\",\"@id\":\"https:\\\/\\\/mont-roig.cat\\\/es\\\/actualitat\\\/noticies\\\/la-casa-de-cultura-agusti-sarda-de-mont-roig-sera-punto-de-votacion-de-las-elecciones-a-las-camaras-agrarias\\\/#primaryimage\",\"url\":\"https:\\\/\\\/mont-roig.cat\\\/wp-content\\\/uploads\\\/Eleccions-Agraries.jpg\",\"contentUrl\":\"https:\\\/\\\/mont-roig.cat\\\/wp-content\\\/uploads\\\/Eleccions-Agraries.jpg\",\"width\":512,\"height\":398},{\"@type\":\"BreadcrumbList\",\"@id\":\"https:\\\/\\\/mont-roig.cat\\\/es\\\/actualitat\\\/noticies\\\/la-casa-de-cultura-agusti-sarda-de-mont-roig-sera-punto-de-votacion-de-las-elecciones-a-las-camaras-agrarias\\\/#breadcrumb\",\"itemListElement\":[{\"@type\":\"ListItem\",\"position\":1,\"name\":\"Inici\",\"item\":\"https:\\\/\\\/mont-roig.cat\\\/es\\\/pagina-de-inicio\\\/\"},{\"@type\":\"ListItem\",\"position\":2,\"name\":\"La Casa de Cultura Agust\u00ed Sard\u00e0 de Mont-roig ser\u00e1 punto de votaci\u00f3n de las elecciones a las C\u00e1maras Agrarias\"}]},{\"@type\":\"WebSite\",\"@id\":\"https:\\\/\\\/mont-roig.cat\\\/es\\\/#website\",\"url\":\"https:\\\/\\\/mont-roig.cat\\\/es\\\/\",\"name\":\"Ajuntament de Mont-roig del Camp\",\"description\":\"Tota la informaci\u00f3 sobre la instituci\u00f3, els seus \u00f2rgans de govern, actualitat, serveis i molt m\u00e9s.\",\"potentialAction\":[{\"@type\":\"SearchAction\",\"target\":{\"@type\":\"EntryPoint\",\"urlTemplate\":\"https:\\\/\\\/mont-roig.cat\\\/es\\\/?s={search_term_string}\"},\"query-input\":{\"@type\":\"PropertyValueSpecification\",\"valueRequired\":true,\"valueName\":\"search_term_string\"}}],\"inLanguage\":\"es\"},{\"@type\":\"Person\",\"@id\":\"https:\\\/\\\/mont-roig.cat\\\/es\\\/#\\\/schema\\\/person\\\/f2b111789f22b7d0c3bd6786c9128cba\",\"name\":\"administrador\",\"image\":{\"@type\":\"ImageObject\",\"inLanguage\":\"es\",\"@id\":\"https:\\\/\\\/secure.gravatar.com\\\/avatar\\\/9137aac6891e2595c9d3036fd83bcb653b4db3c946db4c7d9b9be193c3c944bb?s=96&d=mm&r=g\",\"url\":\"https:\\\/\\\/secure.gravatar.com\\\/avatar\\\/9137aac6891e2595c9d3036fd83bcb653b4db3c946db4c7d9b9be193c3c944bb?s=96&d=mm&r=g\",\"contentUrl\":\"https:\\\/\\\/secure.gravatar.com\\\/avatar\\\/9137aac6891e2595c9d3036fd83bcb653b4db3c946db4c7d9b9be193c3c944bb?s=96&d=mm&r=g\",\"caption\":\"administrador\"},\"url\":\"https:\\\/\\\/mont-roig.cat\\\/es\\\/actualitat\\\/noticies\\\/author\\\/administrador\\\/\"}]}<\/script>\n<!-- \/ Yoast SEO plugin. -->","yoast_head_json":{"title":"La Casa de Cultura Agust\u00ed Sard\u00e0 de Mont-roig ser\u00e1 punto de votaci\u00f3n de las elecciones a las C\u00e1maras Agrarias - Ajuntament de Mont-roig del Camp","robots":{"index":"index","follow":"follow","max-snippet":"max-snippet:-1","max-image-preview":"max-image-preview:large","max-video-preview":"max-video-preview:-1"},"canonical":"https:\/\/mont-roig.cat\/es\/actualitat\/noticies\/la-casa-de-cultura-agusti-sarda-de-mont-roig-sera-punto-de-votacion-de-las-elecciones-a-las-camaras-agrarias\/","og_locale":"es_ES","og_type":"article","og_title":"La Casa de Cultura Agust\u00ed Sard\u00e0 de Mont-roig ser\u00e1 punto de votaci\u00f3n de las elecciones a las C\u00e1maras Agrarias - Ajuntament de Mont-roig del Camp","og_description":"Los d\u00edas 25 y 26 de marzo tendr\u00e1n lugar las elecciones a C\u00e1maras Agrarias. Est\u00e1n convocados todos aquellos profesionales aut\u00f3nomos y empresas del sector de la agricultura y la ganader\u00eda, que deber\u00e1n elegir los 10 miembros de la Mesa Agraria, el \u00f3rgano de di\u00e1logo permanente entre el sector de la ganader\u00eda y la agricultura y [&hellip;]","og_url":"https:\/\/mont-roig.cat\/es\/actualitat\/noticies\/la-casa-de-cultura-agusti-sarda-de-mont-roig-sera-punto-de-votacion-de-las-elecciones-a-las-camaras-agrarias\/","og_site_name":"Ajuntament de Mont-roig del Camp","article_published_time":"2021-03-17T14:35:04+00:00","og_image":[{"width":512,"height":398,"url":"https:\/\/mont-roig.cat\/wp-content\/uploads\/Eleccions-Agraries.jpg","type":"image\/jpeg"}],"author":"administrador","twitter_card":"summary_large_image","twitter_misc":{"Escrito por":"administrador","Tiempo de lectura":"2 minutos"},"schema":{"@context":"https:\/\/schema.org","@graph":[{"@type":"Article","@id":"https:\/\/mont-roig.cat\/es\/actualitat\/noticies\/la-casa-de-cultura-agusti-sarda-de-mont-roig-sera-punto-de-votacion-de-las-elecciones-a-las-camaras-agrarias\/#article","isPartOf":{"@id":"https:\/\/mont-roig.cat\/es\/actualitat\/noticies\/la-casa-de-cultura-agusti-sarda-de-mont-roig-sera-punto-de-votacion-de-las-elecciones-a-las-camaras-agrarias\/"},"author":{"name":"administrador","@id":"https:\/\/mont-roig.cat\/es\/#\/schema\/person\/f2b111789f22b7d0c3bd6786c9128cba"},"headline":"La Casa de Cultura Agust\u00ed Sard\u00e0 de Mont-roig ser\u00e1 punto de votaci\u00f3n de las elecciones a las C\u00e1maras Agrarias","datePublished":"2021-03-17T14:35:04+00:00","mainEntityOfPage":{"@id":"https:\/\/mont-roig.cat\/es\/actualitat\/noticies\/la-casa-de-cultura-agusti-sarda-de-mont-roig-sera-punto-de-votacion-de-las-elecciones-a-las-camaras-agrarias\/"},"wordCount":348,"image":{"@id":"https:\/\/mont-roig.cat\/es\/actualitat\/noticies\/la-casa-de-cultura-agusti-sarda-de-mont-roig-sera-punto-de-votacion-de-las-elecciones-a-las-camaras-agrarias\/#primaryimage"},"thumbnailUrl":"https:\/\/mont-roig.cat\/wp-content\/uploads\/Eleccions-Agraries.jpg","articleSection":["Medio Ambiente","Otros"],"inLanguage":"es"},{"@type":"WebPage","@id":"https:\/\/mont-roig.cat\/es\/actualitat\/noticies\/la-casa-de-cultura-agusti-sarda-de-mont-roig-sera-punto-de-votacion-de-las-elecciones-a-las-camaras-agrarias\/","url":"https:\/\/mont-roig.cat\/es\/actualitat\/noticies\/la-casa-de-cultura-agusti-sarda-de-mont-roig-sera-punto-de-votacion-de-las-elecciones-a-las-camaras-agrarias\/","name":"La Casa de Cultura Agust\u00ed Sard\u00e0 de Mont-roig ser\u00e1 punto de votaci\u00f3n de las elecciones a las C\u00e1maras Agrarias - Ajuntament de Mont-roig del Camp","isPartOf":{"@id":"https:\/\/mont-roig.cat\/es\/#website"},"primaryImageOfPage":{"@id":"https:\/\/mont-roig.cat\/es\/actualitat\/noticies\/la-casa-de-cultura-agusti-sarda-de-mont-roig-sera-punto-de-votacion-de-las-elecciones-a-las-camaras-agrarias\/#primaryimage"},"image":{"@id":"https:\/\/mont-roig.cat\/es\/actualitat\/noticies\/la-casa-de-cultura-agusti-sarda-de-mont-roig-sera-punto-de-votacion-de-las-elecciones-a-las-camaras-agrarias\/#primaryimage"},"thumbnailUrl":"https:\/\/mont-roig.cat\/wp-content\/uploads\/Eleccions-Agraries.jpg","datePublished":"2021-03-17T14:35:04+00:00","author":{"@id":"https:\/\/mont-roig.cat\/es\/#\/schema\/person\/f2b111789f22b7d0c3bd6786c9128cba"},"breadcrumb":{"@id":"https:\/\/mont-roig.cat\/es\/actualitat\/noticies\/la-casa-de-cultura-agusti-sarda-de-mont-roig-sera-punto-de-votacion-de-las-elecciones-a-las-camaras-agrarias\/#breadcrumb"},"inLanguage":"es","potentialAction":[{"@type":"ReadAction","target":["https:\/\/mont-roig.cat\/es\/actualitat\/noticies\/la-casa-de-cultura-agusti-sarda-de-mont-roig-sera-punto-de-votacion-de-las-elecciones-a-las-camaras-agrarias\/"]}]},{"@type":"ImageObject","inLanguage":"es","@id":"https:\/\/mont-roig.cat\/es\/actualitat\/noticies\/la-casa-de-cultura-agusti-sarda-de-mont-roig-sera-punto-de-votacion-de-las-elecciones-a-las-camaras-agrarias\/#primaryimage","url":"https:\/\/mont-roig.cat\/wp-content\/uploads\/Eleccions-Agraries.jpg","contentUrl":"https:\/\/mont-roig.cat\/wp-content\/uploads\/Eleccions-Agraries.jpg","width":512,"height":398},{"@type":"BreadcrumbList","@id":"https:\/\/mont-roig.cat\/es\/actualitat\/noticies\/la-casa-de-cultura-agusti-sarda-de-mont-roig-sera-punto-de-votacion-de-las-elecciones-a-las-camaras-agrarias\/#breadcrumb","itemListElement":[{"@type":"ListItem","position":1,"name":"Inici","item":"https:\/\/mont-roig.cat\/es\/pagina-de-inicio\/"},{"@type":"ListItem","position":2,"name":"La Casa de Cultura Agust\u00ed Sard\u00e0 de Mont-roig ser\u00e1 punto de votaci\u00f3n de las elecciones a las C\u00e1maras Agrarias"}]},{"@type":"WebSite","@id":"https:\/\/mont-roig.cat\/es\/#website","url":"https:\/\/mont-roig.cat\/es\/","name":"Ajuntament de Mont-roig del Camp","description":"Tota la informaci\u00f3 sobre la instituci\u00f3, els seus \u00f2rgans de govern, actualitat, serveis i molt m\u00e9s.","potentialAction":[{"@type":"SearchAction","target":{"@type":"EntryPoint","urlTemplate":"https:\/\/mont-roig.cat\/es\/?s={search_term_string}"},"query-input":{"@type":"PropertyValueSpecification","valueRequired":true,"valueName":"search_term_string"}}],"inLanguage":"es"},{"@type":"Person","@id":"https:\/\/mont-roig.cat\/es\/#\/schema\/person\/f2b111789f22b7d0c3bd6786c9128cba","name":"administrador","image":{"@type":"ImageObject","inLanguage":"es","@id":"https:\/\/secure.gravatar.com\/avatar\/9137aac6891e2595c9d3036fd83bcb653b4db3c946db4c7d9b9be193c3c944bb?s=96&d=mm&r=g","url":"https:\/\/secure.gravatar.com\/avatar\/9137aac6891e2595c9d3036fd83bcb653b4db3c946db4c7d9b9be193c3c944bb?s=96&d=mm&r=g","contentUrl":"https:\/\/secure.gravatar.com\/avatar\/9137aac6891e2595c9d3036fd83bcb653b4db3c946db4c7d9b9be193c3c944bb?s=96&d=mm&r=g","caption":"administrador"},"url":"https:\/\/mont-roig.cat\/es\/actualitat\/noticies\/author\/administrador\/"}]}},"_links":{"self":[{"href":"https:\/\/mont-roig.cat\/es\/wp-json\/wp\/v2\/posts\/54324","targetHints":{"allow":["GET"]}}],"collection":[{"href":"https:\/\/mont-roig.cat\/es\/wp-json\/wp\/v2\/posts"}],"about":[{"href":"https:\/\/mont-roig.cat\/es\/wp-json\/wp\/v2\/types\/post"}],"author":[{"embeddable":true,"href":"https:\/\/mont-roig.cat\/es\/wp-json\/wp\/v2\/users\/4"}],"replies":[{"embeddable":true,"href":"https:\/\/mont-roig.cat\/es\/wp-json\/wp\/v2\/comments?post=54324"}],"version-history":[{"count":2,"href":"https:\/\/mont-roig.cat\/es\/wp-json\/wp\/v2\/posts\/54324\/revisions"}],"predecessor-version":[{"id":54327,"href":"https:\/\/mont-roig.cat\/es\/wp-json\/wp\/v2\/posts\/54324\/revisions\/54327"}],"wp:featuredmedia":[{"embeddable":true,"href":"https:\/\/mont-roig.cat\/es\/wp-json\/wp\/v2\/media\/54322"}],"wp:attachment":[{"href":"https:\/\/mont-roig.cat\/es\/wp-json\/wp\/v2\/media?parent=54324"}],"wp:term":[{"taxonomy":"category","embeddable":true,"href":"https:\/\/mont-roig.cat\/es\/wp-json\/wp\/v2\/categories?post=54324"},{"taxonomy":"post_tag","embeddable":true,"href":"https:\/\/mont-roig.cat\/es\/wp-json\/wp\/v2\/tags?post=54324"}],"curies":[{"name":"wp","href":"https:\/\/api.w.org\/{rel}","templated":true}]}}