{"id":54364,"date":"2021-03-18T15:12:29","date_gmt":"2021-03-18T14:12:29","guid":{"rendered":"https:\/\/mont-roig.cat\/?p=54364"},"modified":"2021-05-07T11:41:59","modified_gmt":"2021-05-07T09:41:59","slug":"un-total-de-6-empresas-que-buscan-personal-participan-en-la-quinta-edicion-del-espai-entrevistes","status":"publish","type":"post","link":"https:\/\/mont-roig.cat\/es\/actualitat\/noticies\/un-total-de-6-empresas-que-buscan-personal-participan-en-la-quinta-edicion-del-espai-entrevistes\/","title":{"rendered":"Un total de 6 empresas que buscan personal participan en la quinta edici\u00f3n del Espai Entrevistes"},"content":{"rendered":"<div class=\"wpb-content-wrapper\">[vc_row][vc_column][vc_column_text]\n<ul>\n<li><strong><a href=\"https:\/\/mont-roig.cat\/wp-content\/uploads\/Cartell_informatiu_Espai-Entrevistes_25marc_page-0001.jpg\"><img loading=\"lazy\" decoding=\"async\" class=\"alignright wp-image-54355\" src=\"https:\/\/mont-roig.cat\/wp-content\/uploads\/Cartell_informatiu_Espai-Entrevistes_25marc_page-0001-354x500.jpg\" alt=\"\" width=\"250\" height=\"354\" srcset=\"https:\/\/mont-roig.cat\/wp-content\/uploads\/Cartell_informatiu_Espai-Entrevistes_25marc_page-0001-354x500.jpg 354w, https:\/\/mont-roig.cat\/wp-content\/uploads\/Cartell_informatiu_Espai-Entrevistes_25marc_page-0001-724x1024.jpg 724w, https:\/\/mont-roig.cat\/wp-content\/uploads\/Cartell_informatiu_Espai-Entrevistes_25marc_page-0001-768x1086.jpg 768w, https:\/\/mont-roig.cat\/wp-content\/uploads\/Cartell_informatiu_Espai-Entrevistes_25marc_page-0001-1086x1536.jpg 1086w, https:\/\/mont-roig.cat\/wp-content\/uploads\/Cartell_informatiu_Espai-Entrevistes_25marc_page-0001.jpg 1241w\" sizes=\"auto, (max-width: 250px) 100vw, 250px\" \/><\/a>La iniciativa, impulsada por el Ayuntamiento, modifica el formato e incorpora una fase de preselecci\u00f3n y una sesi\u00f3n de entrevistas con cita previa el d\u00eda 25 de marzo<\/strong><\/li>\n<li><strong>Las personas interesadas deben enviar el curr\u00edculum a las empresas antes del 24 de marzo<\/strong><\/li>\n<\/ul>\n<p>La quinta edici\u00f3n del <em>Espai Entrevistes<\/em>, una iniciativa de la concejal\u00eda de Impulso Econ\u00f3mico y Ocupaci\u00f3n del Ayuntamiento de Mont-roig del Camp se adapta a las medidas sanitarias y modifica su formato para continuar fomentando la empleabilidad en el municipio.<\/p>\n<p>En esta ocasi\u00f3n, un total de 6 empresas que buscan personal para 14 perfiles diferentes, participar\u00e1n en la jornada de entrevistas expr\u00e9s que tendr\u00e1 lugar el d\u00eda 25 de marzo en el Parque de los Olivos. La principal novedad es que las entrevistas se har\u00e1n con cita previa, despu\u00e9s de que las empresas hayan hecho una preselecci\u00f3n de los candidatos y candidatas.<\/p>\n<p>Es por ello que todas aquellas personas interesadas en participar en los procesos selectivos deben enviar su Curr\u00edculo directamente a las empresas participantes antes del 24 de marzo. Estas har\u00e1n una preselecci\u00f3n y convocar\u00e1n a los perfiles que m\u00e1s se adapten a los puestos de trabajo en las entrevistas expr\u00e9s.<\/p>\n<p><a href=\"https:\/\/mont-roig.cat\/wp-content\/uploads\/Cartell_informatiu_Espai-Entrevistes_25marc.pdf\" target=\"_blank\" rel=\"noopener\">Consulta en PDF las empresas y los perfiles profesionales de la 5\u00aa edici\u00f3n del Espai Entrevistes<\/a>[\/vc_column_text][\/vc_column][\/vc_row][vc_row][vc_column width=&#8221;1\/2&#8243;][vc_column_text]\n<div class=\"wp-playlist wp-video-playlist wp-playlist-light\">\n\t\t<video controls=\"controls\" preload=\"none\" width=\"878\"\n\t\t height=\"1558\"\t><\/video>\n\t<div class=\"wp-playlist-next\"><\/div>\n\t<div class=\"wp-playlist-prev\"><\/div>\n\t<noscript>\n\t<ol>\n\t\t<li><a href='https:\/\/mont-roig.cat\/wp-content\/uploads\/Grupo-Auda.mp4'>Grupo Auda<\/a><\/li><li><a href='https:\/\/mont-roig.cat\/wp-content\/uploads\/Grupo-Limonero.mp4'>Grupo Limonero<\/a><\/li><li><a href='https:\/\/mont-roig.cat\/wp-content\/uploads\/Rentalmar.mp4'>Rentalmar<\/a><\/li><li><a href='https:\/\/mont-roig.cat\/wp-content\/uploads\/Eden-Jardin.mp4'>Eden Jardin<\/a><\/li><li><a href='https:\/\/mont-roig.cat\/wp-content\/uploads\/Cuina-i-Gestio.mp4'>Cuina i Gesti\u00f3<\/a><\/li><li><a href='https:\/\/mont-roig.cat\/wp-content\/uploads\/La-Figuerola-Hotel-Restaurante.mp4'>La Figuerola Hotel & Restaurante<\/a><\/li>\t<\/ol>\n\t<\/noscript>\n\t<script type=\"application\/json\" class=\"wp-playlist-script\">{\"type\":\"video\",\"tracklist\":true,\"tracknumbers\":true,\"images\":true,\"artists\":true,\"tracks\":[{\"src\":\"https:\/\/mont-roig.cat\/wp-content\/uploads\/Grupo-Auda.mp4\",\"type\":\"video\/mp4\",\"title\":\"Grupo Auda\",\"caption\":\"\",\"description\":\"\",\"meta\":{\"length_formatted\":\"0:58\"},\"dimensions\":{\"original\":{\"width\":480,\"height\":852},\"resized\":{\"width\":878,\"height\":1558}},\"image\":{\"src\":\"https:\/\/mont-roig.cat\/wp-includes\/images\/media\/video.svg\",\"width\":48,\"height\":64},\"thumb\":{\"src\":\"https:\/\/mont-roig.cat\/wp-includes\/images\/media\/video.svg\",\"width\":48,\"height\":64}},{\"src\":\"https:\/\/mont-roig.cat\/wp-content\/uploads\/Grupo-Limonero.mp4\",\"type\":\"video\/mp4\",\"title\":\"Grupo Limonero\",\"caption\":\"\",\"description\":\"\",\"meta\":{\"length_formatted\":\"0:34\"},\"dimensions\":{\"original\":{\"width\":480,\"height\":852},\"resized\":{\"width\":878,\"height\":1558}},\"image\":{\"src\":\"https:\/\/mont-roig.cat\/wp-includes\/images\/media\/video.svg\",\"width\":48,\"height\":64},\"thumb\":{\"src\":\"https:\/\/mont-roig.cat\/wp-includes\/images\/media\/video.svg\",\"width\":48,\"height\":64}},{\"src\":\"https:\/\/mont-roig.cat\/wp-content\/uploads\/Rentalmar.mp4\",\"type\":\"video\/mp4\",\"title\":\"Rentalmar\",\"caption\":\"\",\"description\":\"\",\"meta\":{\"length_formatted\":\"0:39\"},\"dimensions\":{\"original\":{\"width\":480,\"height\":852},\"resized\":{\"width\":878,\"height\":1558}},\"image\":{\"src\":\"https:\/\/mont-roig.cat\/wp-includes\/images\/media\/video.svg\",\"width\":48,\"height\":64},\"thumb\":{\"src\":\"https:\/\/mont-roig.cat\/wp-includes\/images\/media\/video.svg\",\"width\":48,\"height\":64}},{\"src\":\"https:\/\/mont-roig.cat\/wp-content\/uploads\/Eden-Jardin.mp4\",\"type\":\"video\/mp4\",\"title\":\"Eden Jardin\",\"caption\":\"\",\"description\":\"\",\"meta\":{\"length_formatted\":\"0:33\"},\"dimensions\":{\"original\":{\"width\":480,\"height\":852},\"resized\":{\"width\":878,\"height\":1558}},\"image\":{\"src\":\"https:\/\/mont-roig.cat\/wp-includes\/images\/media\/video.svg\",\"width\":48,\"height\":64},\"thumb\":{\"src\":\"https:\/\/mont-roig.cat\/wp-includes\/images\/media\/video.svg\",\"width\":48,\"height\":64}},{\"src\":\"https:\/\/mont-roig.cat\/wp-content\/uploads\/Cuina-i-Gestio.mp4\",\"type\":\"video\/mp4\",\"title\":\"Cuina i Gesti\\u00f3\",\"caption\":\"\",\"description\":\"\",\"meta\":{\"length_formatted\":\"0:40\"},\"dimensions\":{\"original\":{\"width\":480,\"height\":852},\"resized\":{\"width\":878,\"height\":1558}},\"image\":{\"src\":\"https:\/\/mont-roig.cat\/wp-includes\/images\/media\/video.svg\",\"width\":48,\"height\":64},\"thumb\":{\"src\":\"https:\/\/mont-roig.cat\/wp-includes\/images\/media\/video.svg\",\"width\":48,\"height\":64}},{\"src\":\"https:\/\/mont-roig.cat\/wp-content\/uploads\/La-Figuerola-Hotel-Restaurante.mp4\",\"type\":\"video\/mp4\",\"title\":\"La Figuerola Hotel & Restaurante\",\"caption\":\"\",\"description\":\"\",\"meta\":{\"length_formatted\":\"0:36\"},\"dimensions\":{\"original\":{\"width\":480,\"height\":852},\"resized\":{\"width\":878,\"height\":1558}},\"image\":{\"src\":\"https:\/\/mont-roig.cat\/wp-includes\/images\/media\/video.svg\",\"width\":48,\"height\":64},\"thumb\":{\"src\":\"https:\/\/mont-roig.cat\/wp-includes\/images\/media\/video.svg\",\"width\":48,\"height\":64}}]}<\/script>\n<\/div>\n\t\n[\/vc_column_text][\/vc_column][vc_column width=&#8221;1\/2&#8243;][vc_column_text]Adem\u00e1s, otra de las novedades de esta edici\u00f3n es que las empresas han hecho un v\u00eddeo para dar a conocer las ofertas de trabajo que tienen disponibles y animar a los candidatos y candidatas a participar en los procesos selectivos.<\/p>\n<p>Las empresas participantes y los correos electr\u00f3nicos donde se deben enviar los curr\u00edculos (antes del 24 de marzo) son las siguientes:<\/p>\n<ul>\n<li>GRUPO AUDA: auda9@hotmail.com<\/li>\n<li>GRUPO LIMONERO (Limonero, Ginger, Calma, Fish i Cosita Beach): grupogingercafe@gmail.com<\/li>\n<li>RENTALMAR APARTAMENTS: rrhh@brisasol.com<\/li>\n<li>CUINA GESTI\u00d3: jaume.torres@cuinagestio.com<\/li>\n<li>EDEN JARD\u00cd: bsmerkin@edenjardin.com<\/li>\n<li>LA FIGUEROLA HOTEL &amp; RESTAURANTE: info@lafiguerolahotel.com<\/li>\n<\/ul>\n<p>Para cualquier duda en relaci\u00f3n con los procesos selectivos y la jornada del Espai Entrevistes se puede contactar con el departamento de de Impulso econ\u00f3mico y Ocupaci\u00f3n en el tel\u00e9fono 977 17 25 27 o por correo electr\u00f3nico: promocio@mont-roig.cat.[\/vc_column_text][\/vc_column][\/vc_row]\n<\/div>","protected":false},"excerpt":{"rendered":"<p>La quinta edici\u00f3n del Espai Entrevistes, una iniciativa de la concejal\u00eda de Impulso Econ\u00f3mico y Ocupaci\u00f3n del Ayuntamiento de Mont-roig del Camp se adapta a las medidas sanitarias y modifica su formato para continuar fomentando la empleabilidad en el municipio.<\/p>\n","protected":false},"author":4,"featured_media":54356,"comment_status":"closed","ping_status":"closed","sticky":false,"template":"","format":"standard","meta":{"inline_featured_image":false,"_monsterinsights_skip_tracking":false,"_monsterinsights_sitenote_active":false,"_monsterinsights_sitenote_note":"","_monsterinsights_sitenote_category":0,"footnotes":""},"categories":[187,169],"tags":[],"class_list":["post-54364","post","type-post","status-publish","format-standard","has-post-thumbnail","hentry","category-coronavirus-economicas","category-impuls-economic-i-ocupacio-es"],"yoast_head":"<!-- This site is optimized with the Yoast SEO plugin v27.4 - https:\/\/yoast.com\/product\/yoast-seo-wordpress\/ -->\n<title>Un total de 6 empresas que buscan personal participan en la quinta edici\u00f3n del Espai Entrevistes - Ajuntament de Mont-roig del Camp<\/title>\n<meta name=\"robots\" content=\"index, follow, max-snippet:-1, max-image-preview:large, max-video-preview:-1\" \/>\n<link rel=\"canonical\" href=\"https:\/\/mont-roig.cat\/es\/actualitat\/noticies\/un-total-de-6-empresas-que-buscan-personal-participan-en-la-quinta-edicion-del-espai-entrevistes\/\" \/>\n<meta property=\"og:locale\" content=\"es_ES\" \/>\n<meta property=\"og:type\" content=\"article\" \/>\n<meta property=\"og:title\" content=\"Un total de 6 empresas que buscan personal participan en la quinta edici\u00f3n del Espai Entrevistes - Ajuntament de Mont-roig del Camp\" \/>\n<meta property=\"og:description\" content=\"La quinta edici\u00f3n del Espai Entrevistes, una iniciativa de la concejal\u00eda de Impulso Econ\u00f3mico y Ocupaci\u00f3n del Ayuntamiento de Mont-roig del Camp se adapta a las medidas sanitarias y modifica su formato para continuar fomentando la empleabilidad en el municipio.\" \/>\n<meta property=\"og:url\" content=\"https:\/\/mont-roig.cat\/es\/actualitat\/noticies\/un-total-de-6-empresas-que-buscan-personal-participan-en-la-quinta-edicion-del-espai-entrevistes\/\" \/>\n<meta property=\"og:site_name\" content=\"Ajuntament de Mont-roig del Camp\" \/>\n<meta property=\"article:published_time\" content=\"2021-03-18T14:12:29+00:00\" \/>\n<meta property=\"article:modified_time\" content=\"2021-05-07T09:41:59+00:00\" \/>\n<meta property=\"og:image\" content=\"https:\/\/mont-roig.cat\/wp-content\/uploads\/Cartell_informatiu_Espai-Entrevistes_25marc_page-0001.jpg\" \/>\n\t<meta property=\"og:image:width\" content=\"1241\" \/>\n\t<meta property=\"og:image:height\" content=\"1755\" \/>\n\t<meta property=\"og:image:type\" content=\"image\/jpeg\" \/>\n<meta name=\"author\" content=\"administrador\" \/>\n<meta name=\"twitter:card\" content=\"summary_large_image\" \/>\n<meta name=\"twitter:label1\" content=\"Escrito por\" \/>\n\t<meta name=\"twitter:data1\" content=\"administrador\" \/>\n\t<meta name=\"twitter:label2\" content=\"Tiempo de lectura\" \/>\n\t<meta name=\"twitter:data2\" content=\"2 minutos\" \/>\n<script type=\"application\/ld+json\" class=\"yoast-schema-graph\">{\"@context\":\"https:\\\/\\\/schema.org\",\"@graph\":[{\"@type\":\"Article\",\"@id\":\"https:\\\/\\\/mont-roig.cat\\\/es\\\/actualitat\\\/noticies\\\/un-total-de-6-empresas-que-buscan-personal-participan-en-la-quinta-edicion-del-espai-entrevistes\\\/#article\",\"isPartOf\":{\"@id\":\"https:\\\/\\\/mont-roig.cat\\\/es\\\/actualitat\\\/noticies\\\/un-total-de-6-empresas-que-buscan-personal-participan-en-la-quinta-edicion-del-espai-entrevistes\\\/\"},\"author\":{\"name\":\"administrador\",\"@id\":\"https:\\\/\\\/mont-roig.cat\\\/es\\\/#\\\/schema\\\/person\\\/f2b111789f22b7d0c3bd6786c9128cba\"},\"headline\":\"Un total de 6 empresas que buscan personal participan en la quinta edici\u00f3n del Espai Entrevistes\",\"datePublished\":\"2021-03-18T14:12:29+00:00\",\"dateModified\":\"2021-05-07T09:41:59+00:00\",\"mainEntityOfPage\":{\"@id\":\"https:\\\/\\\/mont-roig.cat\\\/es\\\/actualitat\\\/noticies\\\/un-total-de-6-empresas-que-buscan-personal-participan-en-la-quinta-edicion-del-espai-entrevistes\\\/\"},\"wordCount\":434,\"image\":{\"@id\":\"https:\\\/\\\/mont-roig.cat\\\/es\\\/actualitat\\\/noticies\\\/un-total-de-6-empresas-que-buscan-personal-participan-en-la-quinta-edicion-del-espai-entrevistes\\\/#primaryimage\"},\"thumbnailUrl\":\"https:\\\/\\\/mont-roig.cat\\\/wp-content\\\/uploads\\\/Cartell_informatiu_Espai-Entrevistes_25marc_page-0001.jpg\",\"articleSection\":[\"Coronavirus - medidas econ\u00f3micas\",\"Impuls Econ\u00f2mic i Ocupaci\u00f3\"],\"inLanguage\":\"es\"},{\"@type\":\"WebPage\",\"@id\":\"https:\\\/\\\/mont-roig.cat\\\/es\\\/actualitat\\\/noticies\\\/un-total-de-6-empresas-que-buscan-personal-participan-en-la-quinta-edicion-del-espai-entrevistes\\\/\",\"url\":\"https:\\\/\\\/mont-roig.cat\\\/es\\\/actualitat\\\/noticies\\\/un-total-de-6-empresas-que-buscan-personal-participan-en-la-quinta-edicion-del-espai-entrevistes\\\/\",\"name\":\"Un total de 6 empresas que buscan personal participan en la quinta edici\u00f3n del Espai Entrevistes - Ajuntament de Mont-roig del Camp\",\"isPartOf\":{\"@id\":\"https:\\\/\\\/mont-roig.cat\\\/es\\\/#website\"},\"primaryImageOfPage\":{\"@id\":\"https:\\\/\\\/mont-roig.cat\\\/es\\\/actualitat\\\/noticies\\\/un-total-de-6-empresas-que-buscan-personal-participan-en-la-quinta-edicion-del-espai-entrevistes\\\/#primaryimage\"},\"image\":{\"@id\":\"https:\\\/\\\/mont-roig.cat\\\/es\\\/actualitat\\\/noticies\\\/un-total-de-6-empresas-que-buscan-personal-participan-en-la-quinta-edicion-del-espai-entrevistes\\\/#primaryimage\"},\"thumbnailUrl\":\"https:\\\/\\\/mont-roig.cat\\\/wp-content\\\/uploads\\\/Cartell_informatiu_Espai-Entrevistes_25marc_page-0001.jpg\",\"datePublished\":\"2021-03-18T14:12:29+00:00\",\"dateModified\":\"2021-05-07T09:41:59+00:00\",\"author\":{\"@id\":\"https:\\\/\\\/mont-roig.cat\\\/es\\\/#\\\/schema\\\/person\\\/f2b111789f22b7d0c3bd6786c9128cba\"},\"breadcrumb\":{\"@id\":\"https:\\\/\\\/mont-roig.cat\\\/es\\\/actualitat\\\/noticies\\\/un-total-de-6-empresas-que-buscan-personal-participan-en-la-quinta-edicion-del-espai-entrevistes\\\/#breadcrumb\"},\"inLanguage\":\"es\",\"potentialAction\":[{\"@type\":\"ReadAction\",\"target\":[\"https:\\\/\\\/mont-roig.cat\\\/es\\\/actualitat\\\/noticies\\\/un-total-de-6-empresas-que-buscan-personal-participan-en-la-quinta-edicion-del-espai-entrevistes\\\/\"]}]},{\"@type\":\"ImageObject\",\"inLanguage\":\"es\",\"@id\":\"https:\\\/\\\/mont-roig.cat\\\/es\\\/actualitat\\\/noticies\\\/un-total-de-6-empresas-que-buscan-personal-participan-en-la-quinta-edicion-del-espai-entrevistes\\\/#primaryimage\",\"url\":\"https:\\\/\\\/mont-roig.cat\\\/wp-content\\\/uploads\\\/Cartell_informatiu_Espai-Entrevistes_25marc_page-0001.jpg\",\"contentUrl\":\"https:\\\/\\\/mont-roig.cat\\\/wp-content\\\/uploads\\\/Cartell_informatiu_Espai-Entrevistes_25marc_page-0001.jpg\",\"width\":1241,\"height\":1755},{\"@type\":\"BreadcrumbList\",\"@id\":\"https:\\\/\\\/mont-roig.cat\\\/es\\\/actualitat\\\/noticies\\\/un-total-de-6-empresas-que-buscan-personal-participan-en-la-quinta-edicion-del-espai-entrevistes\\\/#breadcrumb\",\"itemListElement\":[{\"@type\":\"ListItem\",\"position\":1,\"name\":\"Inici\",\"item\":\"https:\\\/\\\/mont-roig.cat\\\/es\\\/pagina-de-inicio\\\/\"},{\"@type\":\"ListItem\",\"position\":2,\"name\":\"Un total de 6 empresas que buscan personal participan en la quinta edici\u00f3n del Espai Entrevistes\"}]},{\"@type\":\"WebSite\",\"@id\":\"https:\\\/\\\/mont-roig.cat\\\/es\\\/#website\",\"url\":\"https:\\\/\\\/mont-roig.cat\\\/es\\\/\",\"name\":\"Ajuntament de Mont-roig del Camp\",\"description\":\"Tota la informaci\u00f3 sobre la instituci\u00f3, els seus \u00f2rgans de govern, actualitat, serveis i molt m\u00e9s.\",\"potentialAction\":[{\"@type\":\"SearchAction\",\"target\":{\"@type\":\"EntryPoint\",\"urlTemplate\":\"https:\\\/\\\/mont-roig.cat\\\/es\\\/?s={search_term_string}\"},\"query-input\":{\"@type\":\"PropertyValueSpecification\",\"valueRequired\":true,\"valueName\":\"search_term_string\"}}],\"inLanguage\":\"es\"},{\"@type\":\"Person\",\"@id\":\"https:\\\/\\\/mont-roig.cat\\\/es\\\/#\\\/schema\\\/person\\\/f2b111789f22b7d0c3bd6786c9128cba\",\"name\":\"administrador\",\"image\":{\"@type\":\"ImageObject\",\"inLanguage\":\"es\",\"@id\":\"https:\\\/\\\/secure.gravatar.com\\\/avatar\\\/9137aac6891e2595c9d3036fd83bcb653b4db3c946db4c7d9b9be193c3c944bb?s=96&d=mm&r=g\",\"url\":\"https:\\\/\\\/secure.gravatar.com\\\/avatar\\\/9137aac6891e2595c9d3036fd83bcb653b4db3c946db4c7d9b9be193c3c944bb?s=96&d=mm&r=g\",\"contentUrl\":\"https:\\\/\\\/secure.gravatar.com\\\/avatar\\\/9137aac6891e2595c9d3036fd83bcb653b4db3c946db4c7d9b9be193c3c944bb?s=96&d=mm&r=g\",\"caption\":\"administrador\"},\"url\":\"https:\\\/\\\/mont-roig.cat\\\/es\\\/actualitat\\\/noticies\\\/author\\\/administrador\\\/\"}]}<\/script>\n<!-- \/ Yoast SEO plugin. -->","yoast_head_json":{"title":"Un total de 6 empresas que buscan personal participan en la quinta edici\u00f3n del Espai Entrevistes - Ajuntament de Mont-roig del Camp","robots":{"index":"index","follow":"follow","max-snippet":"max-snippet:-1","max-image-preview":"max-image-preview:large","max-video-preview":"max-video-preview:-1"},"canonical":"https:\/\/mont-roig.cat\/es\/actualitat\/noticies\/un-total-de-6-empresas-que-buscan-personal-participan-en-la-quinta-edicion-del-espai-entrevistes\/","og_locale":"es_ES","og_type":"article","og_title":"Un total de 6 empresas que buscan personal participan en la quinta edici\u00f3n del Espai Entrevistes - Ajuntament de Mont-roig del Camp","og_description":"La quinta edici\u00f3n del Espai Entrevistes, una iniciativa de la concejal\u00eda de Impulso Econ\u00f3mico y Ocupaci\u00f3n del Ayuntamiento de Mont-roig del Camp se adapta a las medidas sanitarias y modifica su formato para continuar fomentando la empleabilidad en el municipio.","og_url":"https:\/\/mont-roig.cat\/es\/actualitat\/noticies\/un-total-de-6-empresas-que-buscan-personal-participan-en-la-quinta-edicion-del-espai-entrevistes\/","og_site_name":"Ajuntament de Mont-roig del Camp","article_published_time":"2021-03-18T14:12:29+00:00","article_modified_time":"2021-05-07T09:41:59+00:00","og_image":[{"width":1241,"height":1755,"url":"https:\/\/mont-roig.cat\/wp-content\/uploads\/Cartell_informatiu_Espai-Entrevistes_25marc_page-0001.jpg","type":"image\/jpeg"}],"author":"administrador","twitter_card":"summary_large_image","twitter_misc":{"Escrito por":"administrador","Tiempo de lectura":"2 minutos"},"schema":{"@context":"https:\/\/schema.org","@graph":[{"@type":"Article","@id":"https:\/\/mont-roig.cat\/es\/actualitat\/noticies\/un-total-de-6-empresas-que-buscan-personal-participan-en-la-quinta-edicion-del-espai-entrevistes\/#article","isPartOf":{"@id":"https:\/\/mont-roig.cat\/es\/actualitat\/noticies\/un-total-de-6-empresas-que-buscan-personal-participan-en-la-quinta-edicion-del-espai-entrevistes\/"},"author":{"name":"administrador","@id":"https:\/\/mont-roig.cat\/es\/#\/schema\/person\/f2b111789f22b7d0c3bd6786c9128cba"},"headline":"Un total de 6 empresas que buscan personal participan en la quinta edici\u00f3n del Espai Entrevistes","datePublished":"2021-03-18T14:12:29+00:00","dateModified":"2021-05-07T09:41:59+00:00","mainEntityOfPage":{"@id":"https:\/\/mont-roig.cat\/es\/actualitat\/noticies\/un-total-de-6-empresas-que-buscan-personal-participan-en-la-quinta-edicion-del-espai-entrevistes\/"},"wordCount":434,"image":{"@id":"https:\/\/mont-roig.cat\/es\/actualitat\/noticies\/un-total-de-6-empresas-que-buscan-personal-participan-en-la-quinta-edicion-del-espai-entrevistes\/#primaryimage"},"thumbnailUrl":"https:\/\/mont-roig.cat\/wp-content\/uploads\/Cartell_informatiu_Espai-Entrevistes_25marc_page-0001.jpg","articleSection":["Coronavirus - medidas econ\u00f3micas","Impuls Econ\u00f2mic i Ocupaci\u00f3"],"inLanguage":"es"},{"@type":"WebPage","@id":"https:\/\/mont-roig.cat\/es\/actualitat\/noticies\/un-total-de-6-empresas-que-buscan-personal-participan-en-la-quinta-edicion-del-espai-entrevistes\/","url":"https:\/\/mont-roig.cat\/es\/actualitat\/noticies\/un-total-de-6-empresas-que-buscan-personal-participan-en-la-quinta-edicion-del-espai-entrevistes\/","name":"Un total de 6 empresas que buscan personal participan en la quinta edici\u00f3n del Espai Entrevistes - Ajuntament de Mont-roig del Camp","isPartOf":{"@id":"https:\/\/mont-roig.cat\/es\/#website"},"primaryImageOfPage":{"@id":"https:\/\/mont-roig.cat\/es\/actualitat\/noticies\/un-total-de-6-empresas-que-buscan-personal-participan-en-la-quinta-edicion-del-espai-entrevistes\/#primaryimage"},"image":{"@id":"https:\/\/mont-roig.cat\/es\/actualitat\/noticies\/un-total-de-6-empresas-que-buscan-personal-participan-en-la-quinta-edicion-del-espai-entrevistes\/#primaryimage"},"thumbnailUrl":"https:\/\/mont-roig.cat\/wp-content\/uploads\/Cartell_informatiu_Espai-Entrevistes_25marc_page-0001.jpg","datePublished":"2021-03-18T14:12:29+00:00","dateModified":"2021-05-07T09:41:59+00:00","author":{"@id":"https:\/\/mont-roig.cat\/es\/#\/schema\/person\/f2b111789f22b7d0c3bd6786c9128cba"},"breadcrumb":{"@id":"https:\/\/mont-roig.cat\/es\/actualitat\/noticies\/un-total-de-6-empresas-que-buscan-personal-participan-en-la-quinta-edicion-del-espai-entrevistes\/#breadcrumb"},"inLanguage":"es","potentialAction":[{"@type":"ReadAction","target":["https:\/\/mont-roig.cat\/es\/actualitat\/noticies\/un-total-de-6-empresas-que-buscan-personal-participan-en-la-quinta-edicion-del-espai-entrevistes\/"]}]},{"@type":"ImageObject","inLanguage":"es","@id":"https:\/\/mont-roig.cat\/es\/actualitat\/noticies\/un-total-de-6-empresas-que-buscan-personal-participan-en-la-quinta-edicion-del-espai-entrevistes\/#primaryimage","url":"https:\/\/mont-roig.cat\/wp-content\/uploads\/Cartell_informatiu_Espai-Entrevistes_25marc_page-0001.jpg","contentUrl":"https:\/\/mont-roig.cat\/wp-content\/uploads\/Cartell_informatiu_Espai-Entrevistes_25marc_page-0001.jpg","width":1241,"height":1755},{"@type":"BreadcrumbList","@id":"https:\/\/mont-roig.cat\/es\/actualitat\/noticies\/un-total-de-6-empresas-que-buscan-personal-participan-en-la-quinta-edicion-del-espai-entrevistes\/#breadcrumb","itemListElement":[{"@type":"ListItem","position":1,"name":"Inici","item":"https:\/\/mont-roig.cat\/es\/pagina-de-inicio\/"},{"@type":"ListItem","position":2,"name":"Un total de 6 empresas que buscan personal participan en la quinta edici\u00f3n del Espai Entrevistes"}]},{"@type":"WebSite","@id":"https:\/\/mont-roig.cat\/es\/#website","url":"https:\/\/mont-roig.cat\/es\/","name":"Ajuntament de Mont-roig del Camp","description":"Tota la informaci\u00f3 sobre la instituci\u00f3, els seus \u00f2rgans de govern, actualitat, serveis i molt m\u00e9s.","potentialAction":[{"@type":"SearchAction","target":{"@type":"EntryPoint","urlTemplate":"https:\/\/mont-roig.cat\/es\/?s={search_term_string}"},"query-input":{"@type":"PropertyValueSpecification","valueRequired":true,"valueName":"search_term_string"}}],"inLanguage":"es"},{"@type":"Person","@id":"https:\/\/mont-roig.cat\/es\/#\/schema\/person\/f2b111789f22b7d0c3bd6786c9128cba","name":"administrador","image":{"@type":"ImageObject","inLanguage":"es","@id":"https:\/\/secure.gravatar.com\/avatar\/9137aac6891e2595c9d3036fd83bcb653b4db3c946db4c7d9b9be193c3c944bb?s=96&d=mm&r=g","url":"https:\/\/secure.gravatar.com\/avatar\/9137aac6891e2595c9d3036fd83bcb653b4db3c946db4c7d9b9be193c3c944bb?s=96&d=mm&r=g","contentUrl":"https:\/\/secure.gravatar.com\/avatar\/9137aac6891e2595c9d3036fd83bcb653b4db3c946db4c7d9b9be193c3c944bb?s=96&d=mm&r=g","caption":"administrador"},"url":"https:\/\/mont-roig.cat\/es\/actualitat\/noticies\/author\/administrador\/"}]}},"_links":{"self":[{"href":"https:\/\/mont-roig.cat\/es\/wp-json\/wp\/v2\/posts\/54364","targetHints":{"allow":["GET"]}}],"collection":[{"href":"https:\/\/mont-roig.cat\/es\/wp-json\/wp\/v2\/posts"}],"about":[{"href":"https:\/\/mont-roig.cat\/es\/wp-json\/wp\/v2\/types\/post"}],"author":[{"embeddable":true,"href":"https:\/\/mont-roig.cat\/es\/wp-json\/wp\/v2\/users\/4"}],"replies":[{"embeddable":true,"href":"https:\/\/mont-roig.cat\/es\/wp-json\/wp\/v2\/comments?post=54364"}],"version-history":[{"count":4,"href":"https:\/\/mont-roig.cat\/es\/wp-json\/wp\/v2\/posts\/54364\/revisions"}],"predecessor-version":[{"id":55312,"href":"https:\/\/mont-roig.cat\/es\/wp-json\/wp\/v2\/posts\/54364\/revisions\/55312"}],"wp:featuredmedia":[{"embeddable":true,"href":"https:\/\/mont-roig.cat\/es\/wp-json\/wp\/v2\/media\/54356"}],"wp:attachment":[{"href":"https:\/\/mont-roig.cat\/es\/wp-json\/wp\/v2\/media?parent=54364"}],"wp:term":[{"taxonomy":"category","embeddable":true,"href":"https:\/\/mont-roig.cat\/es\/wp-json\/wp\/v2\/categories?post=54364"},{"taxonomy":"post_tag","embeddable":true,"href":"https:\/\/mont-roig.cat\/es\/wp-json\/wp\/v2\/tags?post=54364"}],"curies":[{"name":"wp","href":"https:\/\/api.w.org\/{rel}","templated":true}]}}